{"id":29643,"date":"2016-03-02T16:00:59","date_gmt":"2016-03-02T15:00:59","guid":{"rendered":"http:\/\/smallthings.fr\/lespetitslivres\/?p=29643"},"modified":"2016-02-28T14:37:29","modified_gmt":"2016-02-28T13:37:29","slug":"alfie-ami-pour-la-vie-critique","status":"publish","type":"post","link":"https:\/\/smallthings.fr\/lespetitslivres\/2016\/03\/02\/alfie-ami-pour-la-vie-critique\/","title":{"rendered":"Alfie un ami pour la vie : pause douceur"},"content":{"rendered":"<h2>Alfie est de retour ! <a href=\"http:\/\/www.city-editions.com\/index.php?page=livre&amp;ID_livres=491&amp;ID_auteurs=238\" target=\"_blank\">City Editions<\/a> r\u00e9cidive et publie la suite des aventures du petit chat qui a s\u00e9duit la France avec<span class=\"Apple-converted-space\">\u00a0<\/span><i>Alfie un ami pour la vie.<span class=\"Apple-converted-space\">\u00a0<\/span><\/i>Un roman d\u00e9tente, simple \u00e0 lire, \u00e0 prendre comme tel. Une lecture doudou pour weekend sous la couette !<\/h2>\n<p><img loading=\"lazy\" decoding=\"async\" data-attachment-id=\"29646\" data-permalink=\"https:\/\/smallthings.fr\/lespetitslivres\/2016\/03\/02\/alfie-ami-pour-la-vie-critique\/couv-alfie-ami-pour-la-vie\/\" data-orig-file=\"https:\/\/smallthings.fr\/lespetitslivres\/wp-content\/uploads\/2016\/02\/couv-alfie-ami-pour-la-vie.jpg\" data-orig-size=\"253,397\" data-comments-opened=\"1\" data-image-meta=\"{&quot;aperture&quot;:&quot;0&quot;,&quot;credit&quot;:&quot;&quot;,&quot;camera&quot;:&quot;&quot;,&quot;caption&quot;:&quot;&quot;,&quot;created_timestamp&quot;:&quot;0&quot;,&quot;copyright&quot;:&quot;&quot;,&quot;focal_length&quot;:&quot;0&quot;,&quot;iso&quot;:&quot;0&quot;,&quot;shutter_speed&quot;:&quot;0&quot;,&quot;title&quot;:&quot;&quot;,&quot;orientation&quot;:&quot;0&quot;}\" data-image-title=\"couv-alfie-ami-pour-la-vie\" data-image-description=\"\" data-image-caption=\"\" data-medium-file=\"https:\/\/smallthings.fr\/lespetitslivres\/wp-content\/uploads\/2016\/02\/couv-alfie-ami-pour-la-vie-191x300.jpg\" data-large-file=\"https:\/\/smallthings.fr\/lespetitslivres\/wp-content\/uploads\/2016\/02\/couv-alfie-ami-pour-la-vie.jpg\" class=\"alignright wp-image-29646\" src=\"http:\/\/smallthings.fr\/lespetitslivres\/wp-content\/uploads\/2016\/02\/couv-alfie-ami-pour-la-vie.jpg\" alt=\"couv-alfie-ami-pour-la-vie\" width=\"214\" height=\"336\" srcset=\"https:\/\/smallthings.fr\/lespetitslivres\/wp-content\/uploads\/2016\/02\/couv-alfie-ami-pour-la-vie.jpg 253w, https:\/\/smallthings.fr\/lespetitslivres\/wp-content\/uploads\/2016\/02\/couv-alfie-ami-pour-la-vie-191x300.jpg 191w\" sizes=\"(max-width: 214px) 100vw, 214px\" \/>Alfie est un chat qui n\u2019a qu\u2019une obsession : faire le bien autour de lui en rapprochant les familles de sa rue d\u2019Edgar Road. C\u2019\u00e9tait mission r\u00e9ussie dans le premier tome, apr\u00e8s bien des p\u00e9rip\u00e9ties. <em>Alfie un ami pour la vie<\/em>, le deuxi\u00e8me tome, s\u2019ouvre avec l\u2019arriv\u00e9e d\u2019une nouvelle famille au comportement myst\u00e9rieux. Dans leurs bagages; Neige, une jolie chatte au pelage blanc et soyeux qui fait palpiter le c\u0153ur d\u2019Alfie. Notre chat au c\u0153ur tendre va entrainer sa meilleure amie Tigresse dans de nouvelles aventures loufoques et g\u00e9n\u00e9reuses.<\/p>\n<p>On s\u2019attache facilement \u00e0 cette boule de poil aux r\u00e9flexions tr\u00e8s humaines, cr\u00e9\u00e9e par Rachel Wells. <em>Alfie un ami pour la vie<\/em> se lit vite, notamment car l\u2019\u00e9criture n\u2019est pas tr\u00e8s \u00e9labor\u00e9e et peut paraitre simpliste et un peu b\u00eatifiante. <strong>L\u2019ensemble est plein de bons sentiments et de clich\u00e9s qui peuvent s\u00e9duire ou agacer selon le lecteur<\/strong>. Les aventures d\u2019Alfie sont trop enfantines pour vraiment capter l\u2019attention d\u2019un public adulte et les amours entre chats apparaissent \u00e9galement assez immatures. On regrette que la voix d\u2019Alfie ne soit pas plus litt\u00e9raire. N\u00e9anmoins, on passe un bon moment aux c\u00f4t\u00e9s d\u2019Alfie, dont la bouille sur la couverture est craquante !<\/p>\n<div id=\"attachment_29645\" style=\"width: 466px\" class=\"wp-caption aligncenter\"><img loading=\"lazy\" decoding=\"async\" aria-describedby=\"caption-attachment-29645\" data-attachment-id=\"29645\" data-permalink=\"https:\/\/smallthings.fr\/lespetitslivres\/2016\/03\/02\/alfie-ami-pour-la-vie-critique\/alfie-rachel-wells\/\" data-orig-file=\"https:\/\/smallthings.fr\/lespetitslivres\/wp-content\/uploads\/2016\/02\/alfie-rachel-wells.jpg\" data-orig-size=\"640,500\" data-comments-opened=\"1\" data-image-meta=\"{&quot;aperture&quot;:&quot;0&quot;,&quot;credit&quot;:&quot;&quot;,&quot;camera&quot;:&quot;&quot;,&quot;caption&quot;:&quot;&quot;,&quot;created_timestamp&quot;:&quot;0&quot;,&quot;copyright&quot;:&quot;&quot;,&quot;focal_length&quot;:&quot;0&quot;,&quot;iso&quot;:&quot;0&quot;,&quot;shutter_speed&quot;:&quot;0&quot;,&quot;title&quot;:&quot;&quot;,&quot;orientation&quot;:&quot;0&quot;}\" data-image-title=\"alfie-rachel-wells\" data-image-description=\"\" data-image-caption=\"&lt;p&gt;Rachel Wells et son Alfie&lt;\/p&gt;\n\" data-medium-file=\"https:\/\/smallthings.fr\/lespetitslivres\/wp-content\/uploads\/2016\/02\/alfie-rachel-wells-300x234.jpg\" data-large-file=\"https:\/\/smallthings.fr\/lespetitslivres\/wp-content\/uploads\/2016\/02\/alfie-rachel-wells.jpg\" class=\" wp-image-29645\" src=\"http:\/\/smallthings.fr\/lespetitslivres\/wp-content\/uploads\/2016\/02\/alfie-rachel-wells.jpg\" alt=\"Rachel Wells et son Alfie\" width=\"456\" height=\"356\" srcset=\"https:\/\/smallthings.fr\/lespetitslivres\/wp-content\/uploads\/2016\/02\/alfie-rachel-wells.jpg 640w, https:\/\/smallthings.fr\/lespetitslivres\/wp-content\/uploads\/2016\/02\/alfie-rachel-wells-300x234.jpg 300w\" sizes=\"(max-width: 456px) 100vw, 456px\" \/><p id=\"caption-attachment-29645\" class=\"wp-caption-text\">Rachel Wells et son Alfie<\/p><\/div>\n","protected":false},"excerpt":{"rendered":"<p>Alfie est de retour ! City Editions r\u00e9cidive et publie la suite des aventures du petit chat qui a s\u00e9duit la France avec\u00a0Alfie un ami pour la vie.\u00a0Un roman d\u00e9tente, simple \u00e0 lire, \u00e0 prendre comme tel. Une lecture doudou pour weekend sous la couette ! Alfie est un chat qui n\u2019a qu\u2019une obsession :<\/p>\n","protected":false},"author":8,"featured_media":29644,"comment_status":"open","ping_status":"open","sticky":false,"template":"","format":"standard","meta":{"jetpack_post_was_ever_published":false,"_jetpack_newsletter_access":"","_jetpack_newsletter_tier_id":0,"footnotes":"","jetpack_publicize_message":"","jetpack_is_tweetstorm":false,"jetpack_publicize_feature_enabled":true,"jetpack_social_post_already_shared":true,"jetpack_social_options":{"image_generator_settings":{"template":"highway","enabled":false}}},"categories":[1117],"tags":[1311,1312,1313],"jetpack_publicize_connections":[],"yoast_head":"<!-- This site is optimized with the Yoast SEO plugin v21.5 - https:\/\/yoast.com\/wordpress\/plugins\/seo\/ -->\n<title>Alfie un ami pour la vie : pause douceur - Les Petits Livres<\/title>\n<meta name=\"description\" content=\"Alfie est de retour ! City Editions r\u00e9cidive et publie la suite des aventures du petit chat qui a s\u00e9duit la France avec\u00a0Alfie un ami pour la vie\" \/>\n<meta name=\"robots\" content=\"index, follow, max-snippet:-1, max-image-preview:large, max-video-preview:-1\" \/>\n<link rel=\"canonical\" href=\"https:\/\/smallthings.fr\/lespetitslivres\/2016\/03\/02\/alfie-ami-pour-la-vie-critique\/\" \/>\n<meta property=\"og:locale\" content=\"fr_FR\" \/>\n<meta property=\"og:type\" content=\"article\" \/>\n<meta property=\"og:title\" content=\"Alfie un ami pour la vie : pause douceur - Les Petits Livres\" \/>\n<meta property=\"og:description\" content=\"Alfie est de retour ! City Editions r\u00e9cidive et publie la suite des aventures du petit chat qui a s\u00e9duit la France avec\u00a0Alfie un ami pour la vie\" \/>\n<meta property=\"og:url\" content=\"https:\/\/smallthings.fr\/lespetitslivres\/2016\/03\/02\/alfie-ami-pour-la-vie-critique\/\" \/>\n<meta property=\"og:site_name\" content=\"Les Petits Livres\" \/>\n<meta property=\"article:published_time\" content=\"2016-03-02T15:00:59+00:00\" \/>\n<meta property=\"article:modified_time\" content=\"2016-02-28T13:37:29+00:00\" \/>\n<meta property=\"og:image\" content=\"https:\/\/smallthings.fr\/lespetitslivres\/wp-content\/uploads\/2016\/02\/alfie.jpg\" \/>\n\t<meta property=\"og:image:width\" content=\"1920\" \/>\n\t<meta property=\"og:image:height\" content=\"1080\" \/>\n\t<meta property=\"og:image:type\" content=\"image\/jpeg\" \/>\n<meta name=\"author\" content=\"Lola\" \/>\n<meta name=\"twitter:card\" content=\"summary_large_image\" \/>\n<meta name=\"twitter:label1\" content=\"\u00c9crit par\" \/>\n\t<meta name=\"twitter:data1\" content=\"Lola\" \/>\n\t<meta name=\"twitter:label2\" content=\"Dur\u00e9e de lecture estim\u00e9e\" \/>\n\t<meta name=\"twitter:data2\" content=\"1 minute\" \/>\n<script type=\"application\/ld+json\" class=\"yoast-schema-graph\">{\"@context\":\"https:\/\/schema.org\",\"@graph\":[{\"@type\":\"WebPage\",\"@id\":\"https:\/\/smallthings.fr\/lespetitslivres\/2016\/03\/02\/alfie-ami-pour-la-vie-critique\/\",\"url\":\"https:\/\/smallthings.fr\/lespetitslivres\/2016\/03\/02\/alfie-ami-pour-la-vie-critique\/\",\"name\":\"Alfie un ami pour la vie : pause douceur - Les Petits Livres\",\"isPartOf\":{\"@id\":\"https:\/\/smallthings.fr\/lespetitslivres\/#website\"},\"datePublished\":\"2016-03-02T15:00:59+00:00\",\"dateModified\":\"2016-02-28T13:37:29+00:00\",\"author\":{\"@id\":\"https:\/\/smallthings.fr\/lespetitslivres\/#\/schema\/person\/2740f045446c63eaf59a094edb250075\"},\"description\":\"Alfie est de retour ! City Editions r\u00e9cidive et publie la suite des aventures du petit chat qui a s\u00e9duit la France avec\u00a0Alfie un ami pour la vie\",\"breadcrumb\":{\"@id\":\"https:\/\/smallthings.fr\/lespetitslivres\/2016\/03\/02\/alfie-ami-pour-la-vie-critique\/#breadcrumb\"},\"inLanguage\":\"fr-FR\",\"potentialAction\":[{\"@type\":\"ReadAction\",\"target\":[\"https:\/\/smallthings.fr\/lespetitslivres\/2016\/03\/02\/alfie-ami-pour-la-vie-critique\/\"]}]},{\"@type\":\"BreadcrumbList\",\"@id\":\"https:\/\/smallthings.fr\/lespetitslivres\/2016\/03\/02\/alfie-ami-pour-la-vie-critique\/#breadcrumb\",\"itemListElement\":[{\"@type\":\"ListItem\",\"position\":1,\"name\":\"Accueil\",\"item\":\"https:\/\/smallthings.fr\/lespetitslivres\/\"},{\"@type\":\"ListItem\",\"position\":2,\"name\":\"Alfie un ami pour la vie : pause douceur\"}]},{\"@type\":\"WebSite\",\"@id\":\"https:\/\/smallthings.fr\/lespetitslivres\/#website\",\"url\":\"https:\/\/smallthings.fr\/lespetitslivres\/\",\"name\":\"Les Petits Livres\",\"description\":\"by Small Things\",\"potentialAction\":[{\"@type\":\"SearchAction\",\"target\":{\"@type\":\"EntryPoint\",\"urlTemplate\":\"https:\/\/smallthings.fr\/lespetitslivres\/?s={search_term_string}\"},\"query-input\":\"required name=search_term_string\"}],\"inLanguage\":\"fr-FR\"},{\"@type\":\"Person\",\"@id\":\"https:\/\/smallthings.fr\/lespetitslivres\/#\/schema\/person\/2740f045446c63eaf59a094edb250075\",\"name\":\"Lola\",\"image\":{\"@type\":\"ImageObject\",\"inLanguage\":\"fr-FR\",\"@id\":\"https:\/\/smallthings.fr\/lespetitslivres\/#\/schema\/person\/image\/\",\"url\":\"https:\/\/secure.gravatar.com\/avatar\/50696b3ff10b9a1738ec34c08424583c?s=96&d=retro&r=g\",\"contentUrl\":\"https:\/\/secure.gravatar.com\/avatar\/50696b3ff10b9a1738ec34c08424583c?s=96&d=retro&r=g\",\"caption\":\"Lola\"},\"url\":\"https:\/\/smallthings.fr\/lespetitslivres\/author\/lola\/\"}]}<\/script>\n<!-- \/ Yoast SEO plugin. -->","yoast_head_json":{"title":"Alfie un ami pour la vie : pause douceur - Les Petits Livres","description":"Alfie est de retour ! City Editions r\u00e9cidive et publie la suite des aventures du petit chat qui a s\u00e9duit la France avec\u00a0Alfie un ami pour la vie","robots":{"index":"index","follow":"follow","max-snippet":"max-snippet:-1","max-image-preview":"max-image-preview:large","max-video-preview":"max-video-preview:-1"},"canonical":"https:\/\/smallthings.fr\/lespetitslivres\/2016\/03\/02\/alfie-ami-pour-la-vie-critique\/","og_locale":"fr_FR","og_type":"article","og_title":"Alfie un ami pour la vie : pause douceur - Les Petits Livres","og_description":"Alfie est de retour ! City Editions r\u00e9cidive et publie la suite des aventures du petit chat qui a s\u00e9duit la France avec\u00a0Alfie un ami pour la vie","og_url":"https:\/\/smallthings.fr\/lespetitslivres\/2016\/03\/02\/alfie-ami-pour-la-vie-critique\/","og_site_name":"Les Petits Livres","article_published_time":"2016-03-02T15:00:59+00:00","article_modified_time":"2016-02-28T13:37:29+00:00","og_image":[{"width":1920,"height":1080,"url":"https:\/\/smallthings.fr\/lespetitslivres\/wp-content\/uploads\/2016\/02\/alfie.jpg","type":"image\/jpeg"}],"author":"Lola","twitter_card":"summary_large_image","twitter_misc":{"\u00c9crit par":"Lola","Dur\u00e9e de lecture estim\u00e9e":"1 minute"},"schema":{"@context":"https:\/\/schema.org","@graph":[{"@type":"WebPage","@id":"https:\/\/smallthings.fr\/lespetitslivres\/2016\/03\/02\/alfie-ami-pour-la-vie-critique\/","url":"https:\/\/smallthings.fr\/lespetitslivres\/2016\/03\/02\/alfie-ami-pour-la-vie-critique\/","name":"Alfie un ami pour la vie : pause douceur - Les Petits Livres","isPartOf":{"@id":"https:\/\/smallthings.fr\/lespetitslivres\/#website"},"datePublished":"2016-03-02T15:00:59+00:00","dateModified":"2016-02-28T13:37:29+00:00","author":{"@id":"https:\/\/smallthings.fr\/lespetitslivres\/#\/schema\/person\/2740f045446c63eaf59a094edb250075"},"description":"Alfie est de retour ! City Editions r\u00e9cidive et publie la suite des aventures du petit chat qui a s\u00e9duit la France avec\u00a0Alfie un ami pour la vie","breadcrumb":{"@id":"https:\/\/smallthings.fr\/lespetitslivres\/2016\/03\/02\/alfie-ami-pour-la-vie-critique\/#breadcrumb"},"inLanguage":"fr-FR","potentialAction":[{"@type":"ReadAction","target":["https:\/\/smallthings.fr\/lespetitslivres\/2016\/03\/02\/alfie-ami-pour-la-vie-critique\/"]}]},{"@type":"BreadcrumbList","@id":"https:\/\/smallthings.fr\/lespetitslivres\/2016\/03\/02\/alfie-ami-pour-la-vie-critique\/#breadcrumb","itemListElement":[{"@type":"ListItem","position":1,"name":"Accueil","item":"https:\/\/smallthings.fr\/lespetitslivres\/"},{"@type":"ListItem","position":2,"name":"Alfie un ami pour la vie : pause douceur"}]},{"@type":"WebSite","@id":"https:\/\/smallthings.fr\/lespetitslivres\/#website","url":"https:\/\/smallthings.fr\/lespetitslivres\/","name":"Les Petits Livres","description":"by Small Things","potentialAction":[{"@type":"SearchAction","target":{"@type":"EntryPoint","urlTemplate":"https:\/\/smallthings.fr\/lespetitslivres\/?s={search_term_string}"},"query-input":"required name=search_term_string"}],"inLanguage":"fr-FR"},{"@type":"Person","@id":"https:\/\/smallthings.fr\/lespetitslivres\/#\/schema\/person\/2740f045446c63eaf59a094edb250075","name":"Lola","image":{"@type":"ImageObject","inLanguage":"fr-FR","@id":"https:\/\/smallthings.fr\/lespetitslivres\/#\/schema\/person\/image\/","url":"https:\/\/secure.gravatar.com\/avatar\/50696b3ff10b9a1738ec34c08424583c?s=96&d=retro&r=g","contentUrl":"https:\/\/secure.gravatar.com\/avatar\/50696b3ff10b9a1738ec34c08424583c?s=96&d=retro&r=g","caption":"Lola"},"url":"https:\/\/smallthings.fr\/lespetitslivres\/author\/lola\/"}]}},"jetpack_featured_media_url":"https:\/\/smallthings.fr\/lespetitslivres\/wp-content\/uploads\/2016\/02\/alfie.jpg","jetpack_sharing_enabled":true,"jetpack_shortlink":"https:\/\/wp.me\/p6Un21-7I7","jetpack-related-posts":[{"id":32214,"url":"https:\/\/smallthings.fr\/lespetitslivres\/2021\/03\/26\/christmas-actually-joanna-bolouri\/","url_meta":{"origin":29643,"position":0},"title":"Christmas Actually, la com\u00e9die romantique de Joanna Bolouri","author":"Jennifer","date":"26 mars 2021","format":false,"excerpt":"Sorti le 18 novembre 2020 chez les \u00e9ditions Hauteville, Christmas Actually est un livre qui vous fera assur\u00e9ment passer un bon moment. \u00c9crit par Joana Bolouri, il raconte l\u2019histoire de Nick qui va perdre son emploi et sa petite-amie en un rien de temps. Au bout du rouleau, il va\u2026","rel":"","context":"Dans &quot;Roman \u00e9tranger&quot;","block_context":{"text":"Roman \u00e9tranger","link":"https:\/\/smallthings.fr\/lespetitslivres\/category\/roman\/roman-etranger\/"},"img":{"alt_text":"","src":"https:\/\/i0.wp.com\/smallthings.fr\/lespetitslivres\/wp-content\/uploads\/2021\/03\/376206-la-scene-des-panneaux-dans-love-actuall-990x0-1.jpg?resize=350%2C200&ssl=1","width":350,"height":200,"srcset":"https:\/\/i0.wp.com\/smallthings.fr\/lespetitslivres\/wp-content\/uploads\/2021\/03\/376206-la-scene-des-panneaux-dans-love-actuall-990x0-1.jpg?resize=350%2C200&ssl=1 1x, https:\/\/i0.wp.com\/smallthings.fr\/lespetitslivres\/wp-content\/uploads\/2021\/03\/376206-la-scene-des-panneaux-dans-love-actuall-990x0-1.jpg?resize=525%2C300&ssl=1 1.5x, https:\/\/i0.wp.com\/smallthings.fr\/lespetitslivres\/wp-content\/uploads\/2021\/03\/376206-la-scene-des-panneaux-dans-love-actuall-990x0-1.jpg?resize=700%2C400&ssl=1 2x"},"classes":[]},{"id":15270,"url":"https:\/\/smallthings.fr\/lespetitslivres\/2014\/07\/23\/au-dela-oubli-creatures-frank\/","url_meta":{"origin":29643,"position":1},"title":"Au-del\u00e0 de l\u2019oubli, 3\u00e8me volet des Cr\u00e9atures des T\u00e9n\u00e8bres","author":"Jennifer","date":"23 juillet 2014","format":false,"excerpt":"Au-del\u00e0 de l\u2019oubli est le troisi\u00e8me volet de la saga Cr\u00e9atures des T\u00e9n\u00e8bres de Jacquelyn Frank (auteure \u00e9galement de la c\u00e9l\u00e8bre s\u00e9rie Le Clan des Nocturnes). Il est sorti le 11 juillet dernier aux \u00e9ditions Milady. Dans ce tome, on va d\u00e9couvrir L\u00e9o Alvarez, un mercenaire qui a \u00e9t\u00e9 tortur\u00e9\u2026","rel":"","context":"Dans &quot;Fantastique&quot;","block_context":{"text":"Fantastique","link":"https:\/\/smallthings.fr\/lespetitslivres\/category\/imaginaire\/fantastique\/"},"img":{"alt_text":"","src":"https:\/\/i0.wp.com\/smallthings.fr\/wp-content\/uploads\/2014\/07\/au-dela-de-l-oubli.jpg?resize=350%2C200","width":350,"height":200},"classes":[]},{"id":30130,"url":"https:\/\/smallthings.fr\/lespetitslivres\/2016\/07\/06\/witch-hunter-virginia-boecker-critique\/","url_meta":{"origin":29643,"position":2},"title":"Witch Hunter : quand le chasseur devient la proie","author":"Jennifer","date":"6 juillet 2016","format":false,"excerpt":"Witch Hunter, sorti le 16 juin dernier chez Pocket Jeunesse, est le premier tome de la saga young-adult de Virginia Boecker. Nous y rencontrons Elizabeth Grey, 16 ans, une redoutable chasseuse de sorci\u00e8re. Quand c\u2019est \u00e0 son tour d\u2019\u00eatre arr\u00eat\u00e9e pour sorcellerie, elle devra faire confiance \u00e0 ceux qu\u2019elle chasse\u2026","rel":"","context":"Dans &quot;Young Adult&quot;","block_context":{"text":"Young Adult","link":"https:\/\/smallthings.fr\/lespetitslivres\/category\/young-adult\/"},"img":{"alt_text":"","src":"https:\/\/i0.wp.com\/smallthings.fr\/lespetitslivres\/wp-content\/uploads\/2016\/07\/witch-hunter.jpg?resize=350%2C200","width":350,"height":200},"classes":[]},{"id":19384,"url":"https:\/\/smallthings.fr\/lespetitslivres\/2014\/12\/17\/loups-de-riverdance-saga-bit-lit\/","url_meta":{"origin":29643,"position":3},"title":"Les Loups de Riverdance, une nouvelle saga bit-lit","author":"Jennifer","date":"17 d\u00e9cembre 2014","format":false,"excerpt":"Les Loups de Riverdance est une saga bit-lit \u00e9crite par H. V. Gavriel, qui a fait son entr\u00e9e chez Milady le 21 novembre. Le premier tome, Lucas, met en avant un jeune homme dont la vie a \u00e9t\u00e9 tr\u00e8s difficile et qui finit par se lier d\u2019amiti\u00e9 avec un clan\u2026","rel":"","context":"Dans &quot;Fantastique&quot;","block_context":{"text":"Fantastique","link":"https:\/\/smallthings.fr\/lespetitslivres\/category\/imaginaire\/fantastique\/"},"img":{"alt_text":"","src":"https:\/\/i0.wp.com\/smallthings.fr\/wp-content\/uploads\/2014\/12\/Les-loups-de-riverdance-H.V.Gavriel.jpg?resize=350%2C200","width":350,"height":200},"classes":[]},{"id":29649,"url":"https:\/\/smallthings.fr\/lespetitslivres\/2016\/03\/01\/bout-du-monde-marc-victor\/","url_meta":{"origin":29643,"position":4},"title":"Le bout du monde de Marc Victor, p\u00e9riple introspectif","author":"June","date":"1 mars 2016","format":false,"excerpt":"Paru en janvier aux \u00e9ditions JC Latt\u00e8s, Le bout du monde de Marc Victor, co-sc\u00e9nariste de la s\u00e9rie Kaboul Kitchen, est un \u00e9trange voyage. Un r\u00e9cit d\u00e9paysant et languissant qui se tisse au fil des souvenirs et des conflits aux quatre coins du monde. Le tableau de l\u2019amiti\u00e9 d\u2019une vie\u2026","rel":"","context":"Dans &quot;Roman fran\u00e7ais&quot;","block_context":{"text":"Roman fran\u00e7ais","link":"https:\/\/smallthings.fr\/lespetitslivres\/category\/roman\/roman-francais\/"},"img":{"alt_text":"","src":"https:\/\/i0.wp.com\/smallthings.fr\/lespetitslivres\/wp-content\/uploads\/2016\/02\/bout-du-monde-couv.jpg?resize=350%2C200&ssl=1","width":350,"height":200,"srcset":"https:\/\/i0.wp.com\/smallthings.fr\/lespetitslivres\/wp-content\/uploads\/2016\/02\/bout-du-monde-couv.jpg?resize=350%2C200&ssl=1 1x, https:\/\/i0.wp.com\/smallthings.fr\/lespetitslivres\/wp-content\/uploads\/2016\/02\/bout-du-monde-couv.jpg?resize=525%2C300&ssl=1 1.5x, https:\/\/i0.wp.com\/smallthings.fr\/lespetitslivres\/wp-content\/uploads\/2016\/02\/bout-du-monde-couv.jpg?resize=700%2C400&ssl=1 2x"},"classes":[]},{"id":32171,"url":"https:\/\/smallthings.fr\/lespetitslivres\/2021\/01\/17\/un-chat-pour-noel\/","url_meta":{"origin":29643,"position":5},"title":"Un chat pour No\u00ebl, un livre \u00e0 d\u00e9couvrir en toutes saisons","author":"Jennifer","date":"17 janvier 2021","format":false,"excerpt":"Un chat pour No\u00ebl est un livre de Florence McNicoll sorti chez les \u00e9ditions Hauteville fin octobre 2020. On y rencontre Laura, qui travaille dans un refuge et qui tente de placer de nombreux chats pendant la p\u00e9riode des f\u00eates de fin d\u2019ann\u00e9e. Une romance touchante qui nous fait passer\u2026","rel":"","context":"Dans &quot;Roman \u00e9tranger&quot;","block_context":{"text":"Roman \u00e9tranger","link":"https:\/\/smallthings.fr\/lespetitslivres\/category\/roman\/roman-etranger\/"},"img":{"alt_text":"","src":"https:\/\/i0.wp.com\/smallthings.fr\/lespetitslivres\/wp-content\/uploads\/2021\/01\/Un-chat-pour-No\u00ebl-Florence-McNicoll-2.jpg?resize=350%2C200&ssl=1","width":350,"height":200,"srcset":"https:\/\/i0.wp.com\/smallthings.fr\/lespetitslivres\/wp-content\/uploads\/2021\/01\/Un-chat-pour-No\u00ebl-Florence-McNicoll-2.jpg?resize=350%2C200&ssl=1 1x, https:\/\/i0.wp.com\/smallthings.fr\/lespetitslivres\/wp-content\/uploads\/2021\/01\/Un-chat-pour-No\u00ebl-Florence-McNicoll-2.jpg?resize=525%2C300&ssl=1 1.5x"},"classes":[]}],"_links":{"self":[{"href":"https:\/\/smallthings.fr\/lespetitslivres\/wp-json\/wp\/v2\/posts\/29643"}],"collection":[{"href":"https:\/\/smallthings.fr\/lespetitslivres\/wp-json\/wp\/v2\/posts"}],"about":[{"href":"https:\/\/smallthings.fr\/lespetitslivres\/wp-json\/wp\/v2\/types\/post"}],"author":[{"embeddable":true,"href":"https:\/\/smallthings.fr\/lespetitslivres\/wp-json\/wp\/v2\/users\/8"}],"replies":[{"embeddable":true,"href":"https:\/\/smallthings.fr\/lespetitslivres\/wp-json\/wp\/v2\/comments?post=29643"}],"version-history":[{"count":2,"href":"https:\/\/smallthings.fr\/lespetitslivres\/wp-json\/wp\/v2\/posts\/29643\/revisions"}],"predecessor-version":[{"id":29648,"href":"https:\/\/smallthings.fr\/lespetitslivres\/wp-json\/wp\/v2\/posts\/29643\/revisions\/29648"}],"wp:featuredmedia":[{"embeddable":true,"href":"https:\/\/smallthings.fr\/lespetitslivres\/wp-json\/wp\/v2\/media\/29644"}],"wp:attachment":[{"href":"https:\/\/smallthings.fr\/lespetitslivres\/wp-json\/wp\/v2\/media?parent=29643"}],"wp:term":[{"taxonomy":"category","embeddable":true,"href":"https:\/\/smallthings.fr\/lespetitslivres\/wp-json\/wp\/v2\/categories?post=29643"},{"taxonomy":"post_tag","embeddable":true,"href":"https:\/\/smallthings.fr\/lespetitslivres\/wp-json\/wp\/v2\/tags?post=29643"}],"curies":[{"name":"wp","href":"https:\/\/api.w.org\/{rel}","templated":true}]}}