{"id":29610,"date":"2016-02-23T14:00:07","date_gmt":"2016-02-23T13:00:07","guid":{"rendered":"http:\/\/smallthings.fr\/lespetitslivres\/?p=29610"},"modified":"2016-02-23T12:55:33","modified_gmt":"2016-02-23T11:55:33","slug":"journal-vampire-en-pyjama-malzieu","status":"publish","type":"post","link":"https:\/\/smallthings.fr\/lespetitslivres\/2016\/02\/23\/journal-vampire-en-pyjama-malzieu\/","title":{"rendered":"Journal d\u2019un vampire en pyjama de Mathias Malzieu : journal d&rsquo;un vampire-po\u00e8te"},"content":{"rendered":"<h2>Mathias Malzieu est chanteur, compositeur, \u00e9crivain, po\u00e8te, mais avant tout artiste. Touchant, dr\u00f4le et sensible, il nous livre une exp\u00e9rience tr\u00e8s personnelle et \u00e9prouvante, sa descente aux enfers, \u00e0 travers un journal\u00a0: le <em>Journal d\u2019un vampire en pyjama<\/em> paru en janvier aux \u00e9ditions <a href=\"http:\/\/www.albin-michel.fr\/Journal-d-un-vampire-en-pyjama-EAN=9782226321824\" target=\"_blank\">Albin Michel<\/a>. Le journal de sa r\u00e9surrection.<\/h2>\n<p><img loading=\"lazy\" decoding=\"async\" data-attachment-id=\"29612\" data-permalink=\"https:\/\/smallthings.fr\/lespetitslivres\/2016\/02\/23\/journal-vampire-en-pyjama-malzieu\/mise-en-page-1-3\/\" data-orig-file=\"https:\/\/smallthings.fr\/lespetitslivres\/wp-content\/uploads\/2016\/02\/mathias-malzieu-journal.jpg\" data-orig-size=\"1664,2421\" data-comments-opened=\"1\" data-image-meta=\"{&quot;aperture&quot;:&quot;0&quot;,&quot;credit&quot;:&quot;&quot;,&quot;camera&quot;:&quot;&quot;,&quot;caption&quot;:&quot;&quot;,&quot;created_timestamp&quot;:&quot;0&quot;,&quot;copyright&quot;:&quot;&quot;,&quot;focal_length&quot;:&quot;0&quot;,&quot;iso&quot;:&quot;0&quot;,&quot;shutter_speed&quot;:&quot;0&quot;,&quot;title&quot;:&quot;Mise en page 1&quot;,&quot;orientation&quot;:&quot;1&quot;}\" data-image-title=\"Mise en page 1\" data-image-description=\"\" data-image-caption=\"\" data-medium-file=\"https:\/\/smallthings.fr\/lespetitslivres\/wp-content\/uploads\/2016\/02\/mathias-malzieu-journal-206x300.jpg\" data-large-file=\"https:\/\/smallthings.fr\/lespetitslivres\/wp-content\/uploads\/2016\/02\/mathias-malzieu-journal-704x1024.jpg\" class=\"alignleft wp-image-29612\" src=\"http:\/\/smallthings.fr\/lespetitslivres\/wp-content\/uploads\/2016\/02\/mathias-malzieu-journal-704x1024.jpg\" alt=\"Mise en page 1\" width=\"342\" height=\"498\" srcset=\"https:\/\/smallthings.fr\/lespetitslivres\/wp-content\/uploads\/2016\/02\/mathias-malzieu-journal-704x1024.jpg 704w, https:\/\/smallthings.fr\/lespetitslivres\/wp-content\/uploads\/2016\/02\/mathias-malzieu-journal-206x300.jpg 206w, https:\/\/smallthings.fr\/lespetitslivres\/wp-content\/uploads\/2016\/02\/mathias-malzieu-journal-768x1117.jpg 768w, https:\/\/smallthings.fr\/lespetitslivres\/wp-content\/uploads\/2016\/02\/mathias-malzieu-journal-1056x1536.jpg 1056w, https:\/\/smallthings.fr\/lespetitslivres\/wp-content\/uploads\/2016\/02\/mathias-malzieu-journal-1408x2048.jpg 1408w, https:\/\/smallthings.fr\/lespetitslivres\/wp-content\/uploads\/2016\/02\/mathias-malzieu-journal.jpg 1664w\" sizes=\"(max-width: 342px) 100vw, 342px\" \/>\u00c0 la fin de l\u2019ann\u00e9e 2013, le groupe Dionysos enregistre le clip de <a href=\"https:\/\/www.youtube.com\/watch?v=3atXidqpuZs\">Jack et la m\u00e9canique du c\u0153ur<\/a>, B.O. du <a href=\"https:\/\/www.youtube.com\/watch?v=auSwoGkFg68\">film<\/a> \u00e9ponyme, tir\u00e9 du livre de Malzieu (Flammarion, 2007). Les prises se multiplient et le chanteur sautille et s\u2019\u00e9poumone, au propre comme au figur\u00e9. Il cherche p\u00e9niblement les atomes d\u2019oxyg\u00e8ne, sa t\u00eate tourne, le moindre effort a un co\u00fbt colossal. Le souffle court, il termine la journ\u00e9e avec une r\u00e9solution\u00a0: il est temps d\u2019aller voir un m\u00e9decin.<\/p>\n<p>Rapidement, la machine se met en branle et le pronostic vital est engag\u00e9. Mathias Malzieu est atteint d\u2019une maladie auto-immune. Son teint est p\u00e2le, tr\u00e8s p\u00e2le. Le taux de globules rouges dans les chaussettes, il a besoin d\u2019\u00eatre transfus\u00e9 rapidement. Et puis encore. Et encore. Il a \u00e0 pr\u00e9sent besoin du sang des autres pour vivre. Plus de doute, il est devenu un vampire\u2026 Mais pas n\u2018importe quel vampire\u00a0: un vampire en pyjama. Car ses globules blancs aussi sont en chute libre. Le moindre microbe peut lui \u00eatre fatal alors il lutte dans son salon en pyjama, une tenue de combat appropri\u00e9e.<\/p>\n<p>Pour survivre, et esp\u00e9rer un jour gu\u00e9rir, le moral est primordial. Bien entour\u00e9, Malzieu s\u2019abandonne \u00e0 ce qu\u2019il aime, ce qu\u2019il fait sans doute le mieux\u00a0: la cr\u00e9ation. Il \u00e9crit, compose, chante, gratte, enregistre, tape. Tout est bon. Et il se lance dans un journal, un journal plein de vie pour lutter contre la mort, toujours pr\u00e9sente, toujours pressante.<\/p>\n<p>Ce <em>Journal d&rsquo;un vampire en pyjama<\/em>, qui couvre une ann\u00e9e de combat courageux, il nous le livre pour notre plus grand bonheur. Il y a fort \u00e0 parier qu\u2019il aidera d\u2019autres personnes atteintes de maladies graves \u00e0 voir qu\u2019il est possible de s\u2019en sortir. Mais il montre \u00e9galement \u00e0 chacun une merveilleuse le\u00e7on de courage face aux difficult\u00e9s. Le tout sans jugement, mais avec beaucoup de tendresse et d\u2019humour. Car, au-del\u00e0 des diagnostics alarmants, des visites r\u00e9p\u00e9t\u00e9es \u00e0 l\u2019h\u00f4pital, du parcours compliqu\u00e9 pour trouver un donneur compatible, des termes techniques, des actes m\u00e9dicaux et des chambres st\u00e9riles, c\u2019est surtout une tranche de vie formidablement bien racont\u00e9e. Le lecteur n\u2019a pas envie de s\u2019apitoyer, il sourit plut\u00f4t. Pas une page sans son lot de souffrances bien s\u00fbr. Mais pas une page surtout sans humour et po\u00e9sie. On se laisse emporter dans un univers d\u00e9jant\u00e9 et tendre et on vogue aux c\u00f4t\u00e9s d\u2019un malade bien sympathique, soign\u00e9 aux petits oignons entre les mains des nymphirmi\u00e8res et de son amoureuse. Avec le soutien de son p\u00e8re aussi, et de sa s\u0153ur. Et de quelques proches, ceux qui n\u2019ont pas quitt\u00e9 le navire aux premi\u00e8res bourrasques.<\/p>\n<p>\u00ab\u00a0Me faire sauver la vie est l\u2019aventure la plus extraordinaire que j\u2019aie jamais v\u00e9cue\u00a0\u00bb, \u00e9crit-il en quatri\u00e8me de couverture. C\u2019est aussi <strong>une formidable aventure qu\u2019il nous fait partager \u00e0 travers un univers tr\u00e8s personnel et fantastique, dans tous les sens du terme<\/strong>.<\/p>\n<p>Quelques liens :<\/p>\n<p><em><a href=\"https:\/\/www.youtube.com\/watch?v=d4ebC2dodUM\" target=\"_blank\">Le clip de la chanson \u00ab\u00a0Vampire de l\u2019amour\u00a0\u00bb<\/a><\/em><\/p>\n<p><em>Le site du <a href=\"http:\/\/www.vampireenpyjama.fr\/\" target=\"_blank\">Vampire en pyjama<\/a><\/em><\/p>\n","protected":false},"excerpt":{"rendered":"<p>Mathias Malzieu est chanteur, compositeur, \u00e9crivain, po\u00e8te, mais avant tout artiste. Touchant, dr\u00f4le et sensible, il nous livre une exp\u00e9rience tr\u00e8s personnelle et \u00e9prouvante, sa descente aux enfers, \u00e0 travers un journal\u00a0: le Journal d\u2019un vampire en pyjama paru en janvier aux \u00e9ditions Albin Michel. Le journal de sa r\u00e9surrection. \u00c0 la fin de l\u2019ann\u00e9e<\/p>\n","protected":false},"author":6,"featured_media":29611,"comment_status":"open","ping_status":"open","sticky":false,"template":"","format":"standard","meta":{"jetpack_post_was_ever_published":false,"_jetpack_newsletter_access":"","_jetpack_newsletter_tier_id":0,"footnotes":"","jetpack_publicize_message":"","jetpack_is_tweetstorm":false,"jetpack_publicize_feature_enabled":true,"jetpack_social_post_already_shared":true,"jetpack_social_options":{"image_generator_settings":{"template":"highway","enabled":false}}},"categories":[1146],"tags":[29,1300,610,1301],"jetpack_publicize_connections":[],"yoast_head":"<!-- This site is optimized with the Yoast SEO plugin v21.5 - https:\/\/yoast.com\/wordpress\/plugins\/seo\/ -->\n<title>Journal d\u2019un vampire en pyjama de Mathias Malzieu : journal d&#039;un vampire-po\u00e8te - Les Petits Livres<\/title>\n<meta name=\"description\" content=\"Mathias Malzieu est chanteur, compositeur, \u00e9crivain, po\u00e8te, mais avant tout artiste. Touchant, dr\u00f4le et sensible, il nous livre une exp\u00e9rience tr\u00e8s personnelle\" \/>\n<meta name=\"robots\" content=\"index, follow, max-snippet:-1, max-image-preview:large, max-video-preview:-1\" \/>\n<link rel=\"canonical\" href=\"https:\/\/smallthings.fr\/lespetitslivres\/2016\/02\/23\/journal-vampire-en-pyjama-malzieu\/\" \/>\n<meta property=\"og:locale\" content=\"fr_FR\" \/>\n<meta property=\"og:type\" content=\"article\" \/>\n<meta property=\"og:title\" content=\"Journal d\u2019un vampire en pyjama de Mathias Malzieu : journal d&#039;un vampire-po\u00e8te - Les Petits Livres\" \/>\n<meta property=\"og:description\" content=\"Mathias Malzieu est chanteur, compositeur, \u00e9crivain, po\u00e8te, mais avant tout artiste. Touchant, dr\u00f4le et sensible, il nous livre une exp\u00e9rience tr\u00e8s personnelle\" \/>\n<meta property=\"og:url\" content=\"https:\/\/smallthings.fr\/lespetitslivres\/2016\/02\/23\/journal-vampire-en-pyjama-malzieu\/\" \/>\n<meta property=\"og:site_name\" content=\"Les Petits Livres\" \/>\n<meta property=\"article:published_time\" content=\"2016-02-23T13:00:07+00:00\" \/>\n<meta property=\"article:modified_time\" content=\"2016-02-23T11:55:33+00:00\" \/>\n<meta property=\"og:image\" content=\"https:\/\/i0.wp.com\/smallthings.fr\/lespetitslivres\/wp-content\/uploads\/2016\/02\/malzieu.jpg?fit=650%2C433&ssl=1\" \/>\n\t<meta property=\"og:image:width\" content=\"650\" \/>\n\t<meta property=\"og:image:height\" content=\"433\" \/>\n\t<meta property=\"og:image:type\" content=\"image\/jpeg\" \/>\n<meta name=\"author\" content=\"Audrey Ch\u00e8vrefeuille\" \/>\n<meta name=\"twitter:card\" content=\"summary_large_image\" \/>\n<meta name=\"twitter:label1\" content=\"\u00c9crit par\" \/>\n\t<meta name=\"twitter:data1\" content=\"Audrey Ch\u00e8vrefeuille\" \/>\n\t<meta name=\"twitter:label2\" content=\"Dur\u00e9e de lecture estim\u00e9e\" \/>\n\t<meta name=\"twitter:data2\" content=\"3 minutes\" \/>\n<script type=\"application\/ld+json\" class=\"yoast-schema-graph\">{\"@context\":\"https:\/\/schema.org\",\"@graph\":[{\"@type\":\"WebPage\",\"@id\":\"https:\/\/smallthings.fr\/lespetitslivres\/2016\/02\/23\/journal-vampire-en-pyjama-malzieu\/\",\"url\":\"https:\/\/smallthings.fr\/lespetitslivres\/2016\/02\/23\/journal-vampire-en-pyjama-malzieu\/\",\"name\":\"Journal d\u2019un vampire en pyjama de Mathias Malzieu : journal d'un vampire-po\u00e8te - Les Petits Livres\",\"isPartOf\":{\"@id\":\"https:\/\/smallthings.fr\/lespetitslivres\/#website\"},\"datePublished\":\"2016-02-23T13:00:07+00:00\",\"dateModified\":\"2016-02-23T11:55:33+00:00\",\"author\":{\"@id\":\"https:\/\/smallthings.fr\/lespetitslivres\/#\/schema\/person\/aab65d6efcfc32725dcf5e977fdbcc75\"},\"description\":\"Mathias Malzieu est chanteur, compositeur, \u00e9crivain, po\u00e8te, mais avant tout artiste. Touchant, dr\u00f4le et sensible, il nous livre une exp\u00e9rience tr\u00e8s personnelle\",\"breadcrumb\":{\"@id\":\"https:\/\/smallthings.fr\/lespetitslivres\/2016\/02\/23\/journal-vampire-en-pyjama-malzieu\/#breadcrumb\"},\"inLanguage\":\"fr-FR\",\"potentialAction\":[{\"@type\":\"ReadAction\",\"target\":[\"https:\/\/smallthings.fr\/lespetitslivres\/2016\/02\/23\/journal-vampire-en-pyjama-malzieu\/\"]}]},{\"@type\":\"BreadcrumbList\",\"@id\":\"https:\/\/smallthings.fr\/lespetitslivres\/2016\/02\/23\/journal-vampire-en-pyjama-malzieu\/#breadcrumb\",\"itemListElement\":[{\"@type\":\"ListItem\",\"position\":1,\"name\":\"Accueil\",\"item\":\"https:\/\/smallthings.fr\/lespetitslivres\/\"},{\"@type\":\"ListItem\",\"position\":2,\"name\":\"Journal d\u2019un vampire en pyjama de Mathias Malzieu : journal d&rsquo;un vampire-po\u00e8te\"}]},{\"@type\":\"WebSite\",\"@id\":\"https:\/\/smallthings.fr\/lespetitslivres\/#website\",\"url\":\"https:\/\/smallthings.fr\/lespetitslivres\/\",\"name\":\"Les Petits Livres\",\"description\":\"by Small Things\",\"potentialAction\":[{\"@type\":\"SearchAction\",\"target\":{\"@type\":\"EntryPoint\",\"urlTemplate\":\"https:\/\/smallthings.fr\/lespetitslivres\/?s={search_term_string}\"},\"query-input\":\"required name=search_term_string\"}],\"inLanguage\":\"fr-FR\"},{\"@type\":\"Person\",\"@id\":\"https:\/\/smallthings.fr\/lespetitslivres\/#\/schema\/person\/aab65d6efcfc32725dcf5e977fdbcc75\",\"name\":\"Audrey Ch\u00e8vrefeuille\",\"image\":{\"@type\":\"ImageObject\",\"inLanguage\":\"fr-FR\",\"@id\":\"https:\/\/smallthings.fr\/lespetitslivres\/#\/schema\/person\/image\/\",\"url\":\"https:\/\/secure.gravatar.com\/avatar\/5b5b4b3479c8d73a7ac976231ee93e9a?s=96&d=retro&r=g\",\"contentUrl\":\"https:\/\/secure.gravatar.com\/avatar\/5b5b4b3479c8d73a7ac976231ee93e9a?s=96&d=retro&r=g\",\"caption\":\"Audrey Ch\u00e8vrefeuille\"},\"url\":\"https:\/\/smallthings.fr\/lespetitslivres\/author\/audrey_h\/\"}]}<\/script>\n<!-- \/ Yoast SEO plugin. -->","yoast_head_json":{"title":"Journal d\u2019un vampire en pyjama de Mathias Malzieu : journal d'un vampire-po\u00e8te - Les Petits Livres","description":"Mathias Malzieu est chanteur, compositeur, \u00e9crivain, po\u00e8te, mais avant tout artiste. Touchant, dr\u00f4le et sensible, il nous livre une exp\u00e9rience tr\u00e8s personnelle","robots":{"index":"index","follow":"follow","max-snippet":"max-snippet:-1","max-image-preview":"max-image-preview:large","max-video-preview":"max-video-preview:-1"},"canonical":"https:\/\/smallthings.fr\/lespetitslivres\/2016\/02\/23\/journal-vampire-en-pyjama-malzieu\/","og_locale":"fr_FR","og_type":"article","og_title":"Journal d\u2019un vampire en pyjama de Mathias Malzieu : journal d'un vampire-po\u00e8te - Les Petits Livres","og_description":"Mathias Malzieu est chanteur, compositeur, \u00e9crivain, po\u00e8te, mais avant tout artiste. Touchant, dr\u00f4le et sensible, il nous livre une exp\u00e9rience tr\u00e8s personnelle","og_url":"https:\/\/smallthings.fr\/lespetitslivres\/2016\/02\/23\/journal-vampire-en-pyjama-malzieu\/","og_site_name":"Les Petits Livres","article_published_time":"2016-02-23T13:00:07+00:00","article_modified_time":"2016-02-23T11:55:33+00:00","og_image":[{"width":650,"height":433,"url":"https:\/\/i0.wp.com\/smallthings.fr\/lespetitslivres\/wp-content\/uploads\/2016\/02\/malzieu.jpg?fit=650%2C433&ssl=1","type":"image\/jpeg"}],"author":"Audrey Ch\u00e8vrefeuille","twitter_card":"summary_large_image","twitter_misc":{"\u00c9crit par":"Audrey Ch\u00e8vrefeuille","Dur\u00e9e de lecture estim\u00e9e":"3 minutes"},"schema":{"@context":"https:\/\/schema.org","@graph":[{"@type":"WebPage","@id":"https:\/\/smallthings.fr\/lespetitslivres\/2016\/02\/23\/journal-vampire-en-pyjama-malzieu\/","url":"https:\/\/smallthings.fr\/lespetitslivres\/2016\/02\/23\/journal-vampire-en-pyjama-malzieu\/","name":"Journal d\u2019un vampire en pyjama de Mathias Malzieu : journal d'un vampire-po\u00e8te - Les Petits Livres","isPartOf":{"@id":"https:\/\/smallthings.fr\/lespetitslivres\/#website"},"datePublished":"2016-02-23T13:00:07+00:00","dateModified":"2016-02-23T11:55:33+00:00","author":{"@id":"https:\/\/smallthings.fr\/lespetitslivres\/#\/schema\/person\/aab65d6efcfc32725dcf5e977fdbcc75"},"description":"Mathias Malzieu est chanteur, compositeur, \u00e9crivain, po\u00e8te, mais avant tout artiste. Touchant, dr\u00f4le et sensible, il nous livre une exp\u00e9rience tr\u00e8s personnelle","breadcrumb":{"@id":"https:\/\/smallthings.fr\/lespetitslivres\/2016\/02\/23\/journal-vampire-en-pyjama-malzieu\/#breadcrumb"},"inLanguage":"fr-FR","potentialAction":[{"@type":"ReadAction","target":["https:\/\/smallthings.fr\/lespetitslivres\/2016\/02\/23\/journal-vampire-en-pyjama-malzieu\/"]}]},{"@type":"BreadcrumbList","@id":"https:\/\/smallthings.fr\/lespetitslivres\/2016\/02\/23\/journal-vampire-en-pyjama-malzieu\/#breadcrumb","itemListElement":[{"@type":"ListItem","position":1,"name":"Accueil","item":"https:\/\/smallthings.fr\/lespetitslivres\/"},{"@type":"ListItem","position":2,"name":"Journal d\u2019un vampire en pyjama de Mathias Malzieu : journal d&rsquo;un vampire-po\u00e8te"}]},{"@type":"WebSite","@id":"https:\/\/smallthings.fr\/lespetitslivres\/#website","url":"https:\/\/smallthings.fr\/lespetitslivres\/","name":"Les Petits Livres","description":"by Small Things","potentialAction":[{"@type":"SearchAction","target":{"@type":"EntryPoint","urlTemplate":"https:\/\/smallthings.fr\/lespetitslivres\/?s={search_term_string}"},"query-input":"required name=search_term_string"}],"inLanguage":"fr-FR"},{"@type":"Person","@id":"https:\/\/smallthings.fr\/lespetitslivres\/#\/schema\/person\/aab65d6efcfc32725dcf5e977fdbcc75","name":"Audrey Ch\u00e8vrefeuille","image":{"@type":"ImageObject","inLanguage":"fr-FR","@id":"https:\/\/smallthings.fr\/lespetitslivres\/#\/schema\/person\/image\/","url":"https:\/\/secure.gravatar.com\/avatar\/5b5b4b3479c8d73a7ac976231ee93e9a?s=96&d=retro&r=g","contentUrl":"https:\/\/secure.gravatar.com\/avatar\/5b5b4b3479c8d73a7ac976231ee93e9a?s=96&d=retro&r=g","caption":"Audrey Ch\u00e8vrefeuille"},"url":"https:\/\/smallthings.fr\/lespetitslivres\/author\/audrey_h\/"}]}},"jetpack_featured_media_url":"https:\/\/smallthings.fr\/lespetitslivres\/wp-content\/uploads\/2016\/02\/malzieu.jpg","jetpack_sharing_enabled":true,"jetpack_shortlink":"https:\/\/wp.me\/p6Un21-7HA","jetpack-related-posts":[{"id":7577,"url":"https:\/\/smallthings.fr\/lespetitslivres\/2013\/08\/22\/a-nothomb-la-nostalgie-heureuse\/","url_meta":{"origin":29610,"position":0},"title":"Am\u00e9lie Nothomb &#8211; La Nostalgie heureuse","author":"Audrey Ch\u00e8vrefeuille","date":"22 ao\u00fbt 2013","format":false,"excerpt":"Le mill\u00e9sime Nothomb 2013 vient de para\u00eetre : il est d\u00e9sormais dispo en librairie. Audrey Chevrefeuille nous donne son avis sur l'un des romans les plus attendus de la rentr\u00e9e.","rel":"","context":"Dans &quot;Roman fran\u00e7ais&quot;","block_context":{"text":"Roman fran\u00e7ais","link":"https:\/\/smallthings.fr\/lespetitslivres\/category\/roman\/roman-francais\/"},"img":{"alt_text":"amelie-nothomb-copie-1.jpg","src":"https:\/\/i0.wp.com\/idata.over-blog.com\/3\/60\/10\/05\/Auteurs-et-livres\/amelie-nothomb-copie-1.jpg?resize=350%2C200","width":350,"height":200},"classes":[]},{"id":5834,"url":"https:\/\/smallthings.fr\/lespetitslivres\/2013\/07\/18\/jean-fabien-le-journal-dun-ecrivain-sans-succes\/","url_meta":{"origin":29610,"position":1},"title":"Jean-Fabien &#8211; Le journal d&rsquo;un \u00e9crivain sans succ\u00e8s","author":"Audrey Ch\u00e8vrefeuille","date":"18 juillet 2013","format":false,"excerpt":"Un informaticien se rend compte un jour qu'il veut \u00eatre \u00e9crivain. Il commence alors un journal sous forme de blog dans lequel il raconte ses aventures, les p\u00e9rip\u00e9ties de son esprit en pleine construction du roman.","rel":"","context":"Dans &quot;Roman fran\u00e7ais&quot;","block_context":{"text":"Roman fran\u00e7ais","link":"https:\/\/smallthings.fr\/lespetitslivres\/category\/roman\/roman-francais\/"},"img":{"alt_text":"","src":"","width":0,"height":0},"classes":[]},{"id":24655,"url":"https:\/\/smallthings.fr\/lespetitslivres\/2015\/06\/23\/hunter-suite-vampire-nation-ione\/","url_meta":{"origin":29610,"position":2},"title":"Hunter, la suite de la saga Vampire Nation de Larissa Ione","author":"Jennifer","date":"23 juin 2015","format":false,"excerpt":"Hunter, deuxi\u00e8me tome de la saga Vampire Nation de Larissa Ione est sorti vendredi dernier aux \u00e9ditions Milady. Apr\u00e8s avoir lu l\u2019histoire de Riker, c\u2019est au tour du chef de clan de d\u00e9voiler ses secrets. Pour sauver la femme de son meilleur ami, Hunter a d\u00fb accepter de s\u2019unir \u00e0\u2026","rel":"","context":"Dans &quot;Fantastique&quot;","block_context":{"text":"Fantastique","link":"https:\/\/smallthings.fr\/lespetitslivres\/category\/imaginaire\/fantastique\/"},"img":{"alt_text":"","src":"","width":0,"height":0},"classes":[]},{"id":31856,"url":"https:\/\/smallthings.fr\/lespetitslivres\/2018\/12\/17\/lys-striker-urban-fantasy-stephane-soutoul\/","url_meta":{"origin":29610,"position":3},"title":"Lys Striker, nouvelle saga d\u2019urban-fantasy de St\u00e9phane Soutoul","author":"Jennifer","date":"17 d\u00e9cembre 2018","format":false,"excerpt":"Pi\u00e9g\u00e9e par le pass\u00e9 est le premier tome de la nouvelle saga prometteuse de St\u00e9phane Soutoul. Sorti le 09 octobre chez Rebelle \u00e9ditions, Lys Striker est un roman d\u2019urban-fantasy qui nous tient en haleine gr\u00e2ce \u00e0 des personnages hauts en couleur et au suspense toujours pr\u00e9sent. St\u00e9phane Soutoul revient \u00e0\u2026","rel":"","context":"Dans &quot;Fantastique&quot;","block_context":{"text":"Fantastique","link":"https:\/\/smallthings.fr\/lespetitslivres\/category\/imaginaire\/fantastique\/"},"img":{"alt_text":"","src":"https:\/\/i0.wp.com\/smallthings.fr\/lespetitslivres\/wp-content\/uploads\/2018\/11\/lys-striker-2.jpg?resize=350%2C200&ssl=1","width":350,"height":200,"srcset":"https:\/\/i0.wp.com\/smallthings.fr\/lespetitslivres\/wp-content\/uploads\/2018\/11\/lys-striker-2.jpg?resize=350%2C200&ssl=1 1x, https:\/\/i0.wp.com\/smallthings.fr\/lespetitslivres\/wp-content\/uploads\/2018\/11\/lys-striker-2.jpg?resize=525%2C300&ssl=1 1.5x"},"classes":[]},{"id":21031,"url":"https:\/\/smallthings.fr\/lespetitslivres\/2015\/02\/18\/vampire-nation-saga-larissa-ione-avis\/","url_meta":{"origin":29610,"position":4},"title":"Vampire Nation, la nouvelle saga de Larissa Ione","author":"Jennifer","date":"18 f\u00e9vrier 2015","format":false,"excerpt":"Vampire Nation, la nouvelle saga de Larissa Ione, sort le 20 f\u00e9vrier prochain aux \u00e9ditions Milady. Dans ce premier tome intitul\u00e9 Riker, nous faisons la connaissance d\u2019un nouveau monde. Un monde o\u00f9 les vampires ont \u00e9t\u00e9 r\u00e9duits en esclavage, mais o\u00f9 certains ont pu se cacher et luttent pour leur\u2026","rel":"","context":"Dans &quot;Fantastique&quot;","block_context":{"text":"Fantastique","link":"https:\/\/smallthings.fr\/lespetitslivres\/category\/imaginaire\/fantastique\/"},"img":{"alt_text":"","src":"https:\/\/i0.wp.com\/smallthings.fr\/wp-content\/uploads\/2015\/02\/vampire-nation-504x800.jpg?resize=350%2C200","width":350,"height":200},"classes":[]},{"id":31098,"url":"https:\/\/smallthings.fr\/lespetitslivres\/2017\/06\/24\/requiem-tome-5-vampires-avis\/","url_meta":{"origin":29610,"position":5},"title":"Requiem tome 5 : des dragons au pays des vampires","author":"Paulo","date":"24 juin 2017","format":false,"excerpt":"La saga Requiem - Chevalier vampire est de retour chez Gl\u00e9nat apr\u00e8s presque une ann\u00e9e d'absence. Le tome 5, Dragon Blitz, est sorti il y a quelques semaines. Requiem et Otto : les vampires que nous avons d\u00e9couvert lors des tomes pr\u00e9c\u00e9dents se livrent une bataille a\u00e9rienne sans merci au\u2026","rel":"","context":"Dans &quot;BD&quot;","block_context":{"text":"BD","link":"https:\/\/smallthings.fr\/lespetitslivres\/category\/bd-manga\/bd\/"},"img":{"alt_text":"","src":"https:\/\/i0.wp.com\/smallthings.fr\/lespetitslivres\/wp-content\/uploads\/2017\/06\/requiem-5-extrait-3-1024x521.jpg?resize=350%2C200","width":350,"height":200,"srcset":"https:\/\/i0.wp.com\/smallthings.fr\/lespetitslivres\/wp-content\/uploads\/2017\/06\/requiem-5-extrait-3-1024x521.jpg?resize=350%2C200 1x, https:\/\/i0.wp.com\/smallthings.fr\/lespetitslivres\/wp-content\/uploads\/2017\/06\/requiem-5-extrait-3-1024x521.jpg?resize=525%2C300 1.5x, https:\/\/i0.wp.com\/smallthings.fr\/lespetitslivres\/wp-content\/uploads\/2017\/06\/requiem-5-extrait-3-1024x521.jpg?resize=700%2C400 2x"},"classes":[]}],"_links":{"self":[{"href":"https:\/\/smallthings.fr\/lespetitslivres\/wp-json\/wp\/v2\/posts\/29610"}],"collection":[{"href":"https:\/\/smallthings.fr\/lespetitslivres\/wp-json\/wp\/v2\/posts"}],"about":[{"href":"https:\/\/smallthings.fr\/lespetitslivres\/wp-json\/wp\/v2\/types\/post"}],"author":[{"embeddable":true,"href":"https:\/\/smallthings.fr\/lespetitslivres\/wp-json\/wp\/v2\/users\/6"}],"replies":[{"embeddable":true,"href":"https:\/\/smallthings.fr\/lespetitslivres\/wp-json\/wp\/v2\/comments?post=29610"}],"version-history":[{"count":2,"href":"https:\/\/smallthings.fr\/lespetitslivres\/wp-json\/wp\/v2\/posts\/29610\/revisions"}],"predecessor-version":[{"id":29614,"href":"https:\/\/smallthings.fr\/lespetitslivres\/wp-json\/wp\/v2\/posts\/29610\/revisions\/29614"}],"wp:featuredmedia":[{"embeddable":true,"href":"https:\/\/smallthings.fr\/lespetitslivres\/wp-json\/wp\/v2\/media\/29611"}],"wp:attachment":[{"href":"https:\/\/smallthings.fr\/lespetitslivres\/wp-json\/wp\/v2\/media?parent=29610"}],"wp:term":[{"taxonomy":"category","embeddable":true,"href":"https:\/\/smallthings.fr\/lespetitslivres\/wp-json\/wp\/v2\/categories?post=29610"},{"taxonomy":"post_tag","embeddable":true,"href":"https:\/\/smallthings.fr\/lespetitslivres\/wp-json\/wp\/v2\/tags?post=29610"}],"curies":[{"name":"wp","href":"https:\/\/api.w.org\/{rel}","templated":true}]}}