{"id":29602,"date":"2016-02-21T16:00:22","date_gmt":"2016-02-21T15:00:22","guid":{"rendered":"http:\/\/smallthings.fr\/lespetitslivres\/?p=29602"},"modified":"2016-02-19T09:58:29","modified_gmt":"2016-02-19T08:58:29","slug":"vengeances-thriller-aichner-critique","status":"publish","type":"post","link":"https:\/\/smallthings.fr\/lespetitslivres\/2016\/02\/21\/vengeances-thriller-aichner-critique\/","title":{"rendered":"Vengeances, thriller de Bernhard Aichner : la d\u00e9ception"},"content":{"rendered":"<h2><em>Vengeances<\/em>\u00a0est un thriller de Bernhard Aichner, paru aux <a href=\"http:\/\/www.editionsarchipel.com\/livre\/vengeances\/\" target=\"_blank\">\u00e9ditions de l\u2019Archipel<\/a> le 3 f\u00e9vrier dernier. Un roman qui porte bien son nom car l\u2019h\u00e9ro\u00efne principale va se venger de ses parents puis, plus tard, des assassins de son mari.<\/h2>\n<p><strong><em>Vengeances<\/em><\/strong>\u00a0est un roman tr\u00e8s r\u00e9cemment sorti, qui connait d\u00e9j\u00e0 un franc succ\u00e8s. Les avis enthousiastes fusent de toute part, affirmant que le style de l\u2019auteur si particulier permet de se laisser happer par l\u2019histoire. Pour ma part,<strong>\u00a0ce thriller a \u00e9t\u00e9 une d\u00e9ception. <\/strong><\/p>\n<p><img loading=\"lazy\" decoding=\"async\" data-attachment-id=\"29604\" data-permalink=\"https:\/\/smallthings.fr\/lespetitslivres\/2016\/02\/21\/vengeances-thriller-aichner-critique\/vengeances\/\" data-orig-file=\"https:\/\/smallthings.fr\/lespetitslivres\/wp-content\/uploads\/2016\/02\/vengeances.jpg\" data-orig-size=\"1400,2199\" data-comments-opened=\"1\" data-image-meta=\"{&quot;aperture&quot;:&quot;0&quot;,&quot;credit&quot;:&quot;&quot;,&quot;camera&quot;:&quot;&quot;,&quot;caption&quot;:&quot;&quot;,&quot;created_timestamp&quot;:&quot;0&quot;,&quot;copyright&quot;:&quot;&quot;,&quot;focal_length&quot;:&quot;0&quot;,&quot;iso&quot;:&quot;0&quot;,&quot;shutter_speed&quot;:&quot;0&quot;,&quot;title&quot;:&quot;&quot;,&quot;orientation&quot;:&quot;0&quot;}\" data-image-title=\"vengeances\" data-image-description=\"\" data-image-caption=\"\" data-medium-file=\"https:\/\/smallthings.fr\/lespetitslivres\/wp-content\/uploads\/2016\/02\/vengeances-191x300.jpg\" data-large-file=\"https:\/\/smallthings.fr\/lespetitslivres\/wp-content\/uploads\/2016\/02\/vengeances-652x1024.jpg\" class=\"alignright wp-image-29604\" src=\"http:\/\/smallthings.fr\/lespetitslivres\/wp-content\/uploads\/2016\/02\/vengeances-652x1024.jpg\" alt=\"vengeances\" width=\"371\" height=\"583\" srcset=\"https:\/\/smallthings.fr\/lespetitslivres\/wp-content\/uploads\/2016\/02\/vengeances-652x1024.jpg 652w, https:\/\/smallthings.fr\/lespetitslivres\/wp-content\/uploads\/2016\/02\/vengeances-191x300.jpg 191w, https:\/\/smallthings.fr\/lespetitslivres\/wp-content\/uploads\/2016\/02\/vengeances-768x1206.jpg 768w, https:\/\/smallthings.fr\/lespetitslivres\/wp-content\/uploads\/2016\/02\/vengeances-978x1536.jpg 978w, https:\/\/smallthings.fr\/lespetitslivres\/wp-content\/uploads\/2016\/02\/vengeances-1304x2048.jpg 1304w, https:\/\/smallthings.fr\/lespetitslivres\/wp-content\/uploads\/2016\/02\/vengeances.jpg 1400w\" sizes=\"(max-width: 371px) 100vw, 371px\" \/>Br\u00fcnhilde Blum a \u00e9t\u00e9 adopt\u00e9e par un couple qui ne voulait un enfant que pour reprendre l\u2019entreprise familiale de pompe fun\u00e8bre. Ils n\u2019aimaient pas leur fille et n\u2019h\u00e9sitaient pas \u00e0 l\u2019enfermer dans des cercueils pour la forcer \u00e0 participer aux embaumements&#8230; (normal) Une fois plus \u00e2g\u00e9e, Blum d\u00e9cide de se d\u00e9barrasser de ses parents. Quelques ann\u00e9es plus tard, la voici mari\u00e9e \u00e0 un policier (ironie du sort\u00a0!) et m\u00e8re de deux filles adorables. Sa vie est devenue un r\u00eave \u00e9veill\u00e9 et elle se r\u00e9p\u00e8te chaque jour qu\u2019elle a de la chance. Malheureusement, cette chance s\u2019en va le jour o\u00f9 son mari, Mark, est percut\u00e9 par une voiture et d\u00e9c\u00e8de sur le coup. Le chauffard s\u2019enfuit et laisse derri\u00e8re lui une femme d\u00e9sesp\u00e9r\u00e9e et remplie de haine. En fouillant dans les affaires de son mari, Blum va d\u00e9couvrir que Mark \u00e9tait sur une enqu\u00eate et que c\u2019est peut-\u00eatre parce qu\u2019il \u00e9tait sur le point de la r\u00e9soudre qu\u2019il a \u00e9t\u00e9 tu\u00e9. Car oui, pour Blum c\u2019est \u00e9vident, Mark est victime d\u2019un assassinat.<\/p>\n<p>S\u2019ensuit alors une enqu\u00eate polici\u00e8re men\u00e9e par une femme tenace, pr\u00eate \u00e0 aller jusqu\u2019au bout. Elle va se lancer \u00e0 la poursuite\u00a0de toutes les personnes impliqu\u00e9es dans le meurtre de son mari et leur faire subir une mort atroce.<\/p>\n<p>Bernhard Aishner a d\u00e9cid\u00e9 d\u2019adapter son style d\u2019\u00e9criture \u00e0 son histoire. C\u2019est donc avec des phrases courtes et cens\u00e9es \u00eatre percutantes qu\u2019il entame le r\u00e9cit de\u00a0<strong><em>Vengeances<\/em><\/strong>. Si le d\u00e9but est un peu lent \u00e0 venir et qu\u2019on finit par ce dire \u00ab\u00a0mais ils vont mourir, oui\u00a0!\u00a0\u00bb, la suite est tout \u00e0 fait dans la m\u00eame lign\u00e9e. Une histoire longue, pas du tout entra\u00eenante et pas assez d\u00e9velopp\u00e9e.\u00a0<strong>Une enqu\u00eate polici\u00e8re pas du tout cr\u00e9dible, des meurtres qui manquent de descriptions et un personnage qui ne m\u2019a pas du tout \u00e9mu.<\/strong><\/p>\n<p>Comment une femme qui passe sa vie avec des cadavres peut arriver \u00e0 mener une enqu\u00eate bien mieux que son mari policier et fils de policier\u00a0? Pourquoi le seul t\u00e9moin qui met \u00e9norm\u00e9ment de temps \u00e0 parler \u00e0 Mark se confie-t-elle si rapidement \u00e0 une inconnue\u00a0? Si l\u2019histoire personnelle du personnage principal est bien pens\u00e9e, il n\u2019en va pas de m\u00eame pour le personnage lui-m\u00eame.\u00a0Une tueuse revancharde qui ne fait pas du tout peur, une histoire d\u2019une lenteur d\u00e9concertante, un suspense quasi inexistant et un final franchement attendu.<\/p>\n<p><strong><em>Vengeances<\/em><\/strong>\u00a0ne m\u2019a pas du tout emball\u00e9e. L\u2019histoire aurait pu \u00eatre meilleure, car le fond est bien pens\u00e9 mais la forme n\u2019est pas l\u00e0. Je n\u2019ai pas du tout trouv\u00e9 ce thriller palpitant. Cela a \u00e9t\u00e9 m\u00eame un ennui du d\u00e9but \u00e0 la fin. J\u2019esp\u00e9rais que la tension monterait crescendo, mais \u00e7a n\u2019a pas \u00e9t\u00e9 le cas. Pire,\u00a0la fin \u00e9tait t\u00e9l\u00e9phon\u00e9e, le tueur \u00e9tant vraiment trop \u00e9vident. Un roman qui n\u2019aura pas su me convaincre mais qui a r\u00e9ussi, je ne sais comment, \u00e0 convaincre d\u2019autres personnes\u2026.<\/p>\n<blockquote><p>\u00ab\u00a0Tout sent l\u2019urine. La femme a piss\u00e9 dans son pantalon, sa peau pue, tout en elle pue l\u2019urine et les excr\u00e9ments. Hagen porte des gants blancs. Ca sort de son anus sans discontinuer, bien qu\u2019il lui ait mis un tampon. \u00c7a n\u2019arr\u00eate pas, il y a des f\u00e8ces partout, sur les mains de Hagen, sur la table de pr\u00e9paration, sur les cuisses de la femme. L\u2019employ\u00e9 soul\u00e8ve les jambes du cadavre et Hagen la coud lui-m\u00eame. C\u2019est la seule solution, Br\u00fcnhilde. Il n\u2019y a pas d\u2019autre solution. Il faut coudre l\u2019anus Br\u00fcnhilde.\u00a0\u00c7a n\u2019arr\u00eate pas de d\u00e9gouliner hors d\u2019elle. De la merde, de la merde brune et puante jaillit du corps de la grosse femme.\u00a0\u00bb<\/p><\/blockquote>\n","protected":false},"excerpt":{"rendered":"<p>Vengeances\u00a0est un thriller de Bernhard Aichner, paru aux \u00e9ditions de l\u2019Archipel le 3 f\u00e9vrier dernier. Un roman qui porte bien son nom car l\u2019h\u00e9ro\u00efne principale va se venger de ses parents puis, plus tard, des assassins de son mari. Vengeances\u00a0est un roman tr\u00e8s r\u00e9cemment sorti, qui connait d\u00e9j\u00e0 un franc succ\u00e8s. Les avis enthousiastes fusent<\/p>\n","protected":false},"author":14,"featured_media":29603,"comment_status":"open","ping_status":"open","sticky":false,"template":"","format":"standard","meta":{"jetpack_post_was_ever_published":false,"_jetpack_newsletter_access":"","_jetpack_newsletter_tier_id":0,"footnotes":"","jetpack_publicize_message":"","jetpack_is_tweetstorm":false,"jetpack_publicize_feature_enabled":true,"jetpack_social_post_already_shared":true,"jetpack_social_options":{"image_generator_settings":{"template":"highway","enabled":false}}},"categories":[1111],"tags":[1299,7,18,1298],"jetpack_publicize_connections":[],"yoast_head":"<!-- This site is optimized with the Yoast SEO plugin v21.5 - https:\/\/yoast.com\/wordpress\/plugins\/seo\/ -->\n<title>Vengeances, thriller de Bernhard Aichner : la d\u00e9ception - Les Petits Livres<\/title>\n<meta name=\"description\" content=\"Vengeances\u00a0est un thriller de Bernhard Aichner, paru aux \u00e9ditions de l\u2019Archipel le 3 f\u00e9vrier dernier. Un roman\" \/>\n<meta name=\"robots\" content=\"index, follow, max-snippet:-1, max-image-preview:large, max-video-preview:-1\" \/>\n<link rel=\"canonical\" href=\"https:\/\/smallthings.fr\/lespetitslivres\/2016\/02\/21\/vengeances-thriller-aichner-critique\/\" \/>\n<meta property=\"og:locale\" content=\"fr_FR\" \/>\n<meta property=\"og:type\" content=\"article\" \/>\n<meta property=\"og:title\" content=\"Vengeances, thriller de Bernhard Aichner : la d\u00e9ception - Les Petits Livres\" \/>\n<meta property=\"og:description\" content=\"Vengeances\u00a0est un thriller de Bernhard Aichner, paru aux \u00e9ditions de l\u2019Archipel le 3 f\u00e9vrier dernier. Un roman\" \/>\n<meta property=\"og:url\" content=\"https:\/\/smallthings.fr\/lespetitslivres\/2016\/02\/21\/vengeances-thriller-aichner-critique\/\" \/>\n<meta property=\"og:site_name\" content=\"Les Petits Livres\" \/>\n<meta property=\"article:published_time\" content=\"2016-02-21T15:00:22+00:00\" \/>\n<meta property=\"article:modified_time\" content=\"2016-02-19T08:58:29+00:00\" \/>\n<meta property=\"og:image\" content=\"https:\/\/i0.wp.com\/smallthings.fr\/lespetitslivres\/wp-content\/uploads\/2016\/02\/vengeances-couv.jpg?fit=1090%2C781&ssl=1\" \/>\n\t<meta property=\"og:image:width\" content=\"1090\" \/>\n\t<meta property=\"og:image:height\" content=\"781\" \/>\n\t<meta property=\"og:image:type\" content=\"image\/jpeg\" \/>\n<meta name=\"author\" content=\"Jennifer\" \/>\n<meta name=\"twitter:card\" content=\"summary_large_image\" \/>\n<meta name=\"twitter:label1\" content=\"\u00c9crit par\" \/>\n\t<meta name=\"twitter:data1\" content=\"Jennifer\" \/>\n\t<meta name=\"twitter:label2\" content=\"Dur\u00e9e de lecture estim\u00e9e\" \/>\n\t<meta name=\"twitter:data2\" content=\"4 minutes\" \/>\n<script type=\"application\/ld+json\" class=\"yoast-schema-graph\">{\"@context\":\"https:\/\/schema.org\",\"@graph\":[{\"@type\":\"WebPage\",\"@id\":\"https:\/\/smallthings.fr\/lespetitslivres\/2016\/02\/21\/vengeances-thriller-aichner-critique\/\",\"url\":\"https:\/\/smallthings.fr\/lespetitslivres\/2016\/02\/21\/vengeances-thriller-aichner-critique\/\",\"name\":\"Vengeances, thriller de Bernhard Aichner : la d\u00e9ception - Les Petits Livres\",\"isPartOf\":{\"@id\":\"https:\/\/smallthings.fr\/lespetitslivres\/#website\"},\"datePublished\":\"2016-02-21T15:00:22+00:00\",\"dateModified\":\"2016-02-19T08:58:29+00:00\",\"author\":{\"@id\":\"https:\/\/smallthings.fr\/lespetitslivres\/#\/schema\/person\/bb8808220f912e72f01f7a55924d9ad1\"},\"description\":\"Vengeances\u00a0est un thriller de Bernhard Aichner, paru aux \u00e9ditions de l\u2019Archipel le 3 f\u00e9vrier dernier. Un roman\",\"breadcrumb\":{\"@id\":\"https:\/\/smallthings.fr\/lespetitslivres\/2016\/02\/21\/vengeances-thriller-aichner-critique\/#breadcrumb\"},\"inLanguage\":\"fr-FR\",\"potentialAction\":[{\"@type\":\"ReadAction\",\"target\":[\"https:\/\/smallthings.fr\/lespetitslivres\/2016\/02\/21\/vengeances-thriller-aichner-critique\/\"]}]},{\"@type\":\"BreadcrumbList\",\"@id\":\"https:\/\/smallthings.fr\/lespetitslivres\/2016\/02\/21\/vengeances-thriller-aichner-critique\/#breadcrumb\",\"itemListElement\":[{\"@type\":\"ListItem\",\"position\":1,\"name\":\"Accueil\",\"item\":\"https:\/\/smallthings.fr\/lespetitslivres\/\"},{\"@type\":\"ListItem\",\"position\":2,\"name\":\"Vengeances, thriller de Bernhard Aichner : la d\u00e9ception\"}]},{\"@type\":\"WebSite\",\"@id\":\"https:\/\/smallthings.fr\/lespetitslivres\/#website\",\"url\":\"https:\/\/smallthings.fr\/lespetitslivres\/\",\"name\":\"Les Petits Livres\",\"description\":\"by Small Things\",\"potentialAction\":[{\"@type\":\"SearchAction\",\"target\":{\"@type\":\"EntryPoint\",\"urlTemplate\":\"https:\/\/smallthings.fr\/lespetitslivres\/?s={search_term_string}\"},\"query-input\":\"required name=search_term_string\"}],\"inLanguage\":\"fr-FR\"},{\"@type\":\"Person\",\"@id\":\"https:\/\/smallthings.fr\/lespetitslivres\/#\/schema\/person\/bb8808220f912e72f01f7a55924d9ad1\",\"name\":\"Jennifer\",\"image\":{\"@type\":\"ImageObject\",\"inLanguage\":\"fr-FR\",\"@id\":\"https:\/\/smallthings.fr\/lespetitslivres\/#\/schema\/person\/image\/\",\"url\":\"https:\/\/secure.gravatar.com\/avatar\/ffcd6b107b6b18c3d5201f1bcc631683?s=96&d=retro&r=g\",\"contentUrl\":\"https:\/\/secure.gravatar.com\/avatar\/ffcd6b107b6b18c3d5201f1bcc631683?s=96&d=retro&r=g\",\"caption\":\"Jennifer\"},\"url\":\"https:\/\/smallthings.fr\/lespetitslivres\/author\/jennifer\/\"}]}<\/script>\n<!-- \/ Yoast SEO plugin. -->","yoast_head_json":{"title":"Vengeances, thriller de Bernhard Aichner : la d\u00e9ception - Les Petits Livres","description":"Vengeances\u00a0est un thriller de Bernhard Aichner, paru aux \u00e9ditions de l\u2019Archipel le 3 f\u00e9vrier dernier. Un roman","robots":{"index":"index","follow":"follow","max-snippet":"max-snippet:-1","max-image-preview":"max-image-preview:large","max-video-preview":"max-video-preview:-1"},"canonical":"https:\/\/smallthings.fr\/lespetitslivres\/2016\/02\/21\/vengeances-thriller-aichner-critique\/","og_locale":"fr_FR","og_type":"article","og_title":"Vengeances, thriller de Bernhard Aichner : la d\u00e9ception - Les Petits Livres","og_description":"Vengeances\u00a0est un thriller de Bernhard Aichner, paru aux \u00e9ditions de l\u2019Archipel le 3 f\u00e9vrier dernier. Un roman","og_url":"https:\/\/smallthings.fr\/lespetitslivres\/2016\/02\/21\/vengeances-thriller-aichner-critique\/","og_site_name":"Les Petits Livres","article_published_time":"2016-02-21T15:00:22+00:00","article_modified_time":"2016-02-19T08:58:29+00:00","og_image":[{"width":1090,"height":781,"url":"https:\/\/i0.wp.com\/smallthings.fr\/lespetitslivres\/wp-content\/uploads\/2016\/02\/vengeances-couv.jpg?fit=1090%2C781&ssl=1","type":"image\/jpeg"}],"author":"Jennifer","twitter_card":"summary_large_image","twitter_misc":{"\u00c9crit par":"Jennifer","Dur\u00e9e de lecture estim\u00e9e":"4 minutes"},"schema":{"@context":"https:\/\/schema.org","@graph":[{"@type":"WebPage","@id":"https:\/\/smallthings.fr\/lespetitslivres\/2016\/02\/21\/vengeances-thriller-aichner-critique\/","url":"https:\/\/smallthings.fr\/lespetitslivres\/2016\/02\/21\/vengeances-thriller-aichner-critique\/","name":"Vengeances, thriller de Bernhard Aichner : la d\u00e9ception - Les Petits Livres","isPartOf":{"@id":"https:\/\/smallthings.fr\/lespetitslivres\/#website"},"datePublished":"2016-02-21T15:00:22+00:00","dateModified":"2016-02-19T08:58:29+00:00","author":{"@id":"https:\/\/smallthings.fr\/lespetitslivres\/#\/schema\/person\/bb8808220f912e72f01f7a55924d9ad1"},"description":"Vengeances\u00a0est un thriller de Bernhard Aichner, paru aux \u00e9ditions de l\u2019Archipel le 3 f\u00e9vrier dernier. Un roman","breadcrumb":{"@id":"https:\/\/smallthings.fr\/lespetitslivres\/2016\/02\/21\/vengeances-thriller-aichner-critique\/#breadcrumb"},"inLanguage":"fr-FR","potentialAction":[{"@type":"ReadAction","target":["https:\/\/smallthings.fr\/lespetitslivres\/2016\/02\/21\/vengeances-thriller-aichner-critique\/"]}]},{"@type":"BreadcrumbList","@id":"https:\/\/smallthings.fr\/lespetitslivres\/2016\/02\/21\/vengeances-thriller-aichner-critique\/#breadcrumb","itemListElement":[{"@type":"ListItem","position":1,"name":"Accueil","item":"https:\/\/smallthings.fr\/lespetitslivres\/"},{"@type":"ListItem","position":2,"name":"Vengeances, thriller de Bernhard Aichner : la d\u00e9ception"}]},{"@type":"WebSite","@id":"https:\/\/smallthings.fr\/lespetitslivres\/#website","url":"https:\/\/smallthings.fr\/lespetitslivres\/","name":"Les Petits Livres","description":"by Small Things","potentialAction":[{"@type":"SearchAction","target":{"@type":"EntryPoint","urlTemplate":"https:\/\/smallthings.fr\/lespetitslivres\/?s={search_term_string}"},"query-input":"required name=search_term_string"}],"inLanguage":"fr-FR"},{"@type":"Person","@id":"https:\/\/smallthings.fr\/lespetitslivres\/#\/schema\/person\/bb8808220f912e72f01f7a55924d9ad1","name":"Jennifer","image":{"@type":"ImageObject","inLanguage":"fr-FR","@id":"https:\/\/smallthings.fr\/lespetitslivres\/#\/schema\/person\/image\/","url":"https:\/\/secure.gravatar.com\/avatar\/ffcd6b107b6b18c3d5201f1bcc631683?s=96&d=retro&r=g","contentUrl":"https:\/\/secure.gravatar.com\/avatar\/ffcd6b107b6b18c3d5201f1bcc631683?s=96&d=retro&r=g","caption":"Jennifer"},"url":"https:\/\/smallthings.fr\/lespetitslivres\/author\/jennifer\/"}]}},"jetpack_featured_media_url":"https:\/\/smallthings.fr\/lespetitslivres\/wp-content\/uploads\/2016\/02\/vengeances-couv.jpg","jetpack_sharing_enabled":true,"jetpack_shortlink":"https:\/\/wp.me\/p6Un21-7Hs","jetpack-related-posts":[{"id":30086,"url":"https:\/\/smallthings.fr\/lespetitslivres\/2016\/06\/16\/revanche-celibataire-tracy-bloom-critique\/","url_meta":{"origin":29602,"position":0},"title":"La revanche d\u2019une c\u00e9libataire : vengeances par procuration&#8230;","author":"Jennifer","date":"16 juin 2016","format":false,"excerpt":"La revanche d\u2019une c\u00e9libataire est un livre de Tracy Bloom, paru le 27 mai dernier aux \u00e9ditions Milady. On y rencontre Suzie Miller, une journaliste partie en croisade contre ses ex. Et ce n\u2019est pas tout\u00a0! Dans sa rubrique \u00ab\u00a0Ch\u00e8re Suzie\u00a0\u00bb, elle va donner des conseils aux femmes pour se\u2026","rel":"","context":"Dans &quot;Roman \u00e9tranger&quot;","block_context":{"text":"Roman \u00e9tranger","link":"https:\/\/smallthings.fr\/lespetitslivres\/category\/roman\/roman-etranger\/"},"img":{"alt_text":"","src":"https:\/\/i0.wp.com\/smallthings.fr\/lespetitslivres\/wp-content\/uploads\/2016\/06\/revanche-d-une-celibataire-couv.jpg?resize=350%2C200&ssl=1","width":350,"height":200,"srcset":"https:\/\/i0.wp.com\/smallthings.fr\/lespetitslivres\/wp-content\/uploads\/2016\/06\/revanche-d-une-celibataire-couv.jpg?resize=350%2C200&ssl=1 1x, https:\/\/i0.wp.com\/smallthings.fr\/lespetitslivres\/wp-content\/uploads\/2016\/06\/revanche-d-une-celibataire-couv.jpg?resize=525%2C300&ssl=1 1.5x, https:\/\/i0.wp.com\/smallthings.fr\/lespetitslivres\/wp-content\/uploads\/2016\/06\/revanche-d-une-celibataire-couv.jpg?resize=700%2C400&ssl=1 2x, https:\/\/i0.wp.com\/smallthings.fr\/lespetitslivres\/wp-content\/uploads\/2016\/06\/revanche-d-une-celibataire-couv.jpg?resize=1050%2C600&ssl=1 3x"},"classes":[]},{"id":29407,"url":"https:\/\/smallthings.fr\/lespetitslivres\/2016\/01\/20\/au-creux-de-ma-main-tu-n-es-plus-rien\/","url_meta":{"origin":29602,"position":1},"title":"Au creux de ma main tu n\u2019es plus rien : thriller \u00e9sot\u00e9rique d\u2019Oxanna Hope","author":"Jennifer","date":"20 janvier 2016","format":false,"excerpt":"Au creux de ma main tu n\u2019es plus rien est le nouveau roman d\u2019Oxanna Hope, paru le 10 novembre aux \u00e9ditions Rebelle. Une jeune femme a \u00e9t\u00e9 retrouv\u00e9e morte dans son appartement, les pieds tranch\u00e9s nets. La PJ Lyonnaise est sur l\u2019affaire et m\u00eame si les officiers charg\u00e9s de l\u2019enqu\u00eate\u2026","rel":"","context":"Dans &quot;Thriller&quot;","block_context":{"text":"Thriller","link":"https:\/\/smallthings.fr\/lespetitslivres\/category\/thriller\/"},"img":{"alt_text":"","src":"https:\/\/i0.wp.com\/smallthings.fr\/lespetitslivres\/wp-content\/uploads\/2016\/01\/au-creux-de-ma-main-couv.jpg?resize=350%2C200&ssl=1","width":350,"height":200,"srcset":"https:\/\/i0.wp.com\/smallthings.fr\/lespetitslivres\/wp-content\/uploads\/2016\/01\/au-creux-de-ma-main-couv.jpg?resize=350%2C200&ssl=1 1x, https:\/\/i0.wp.com\/smallthings.fr\/lespetitslivres\/wp-content\/uploads\/2016\/01\/au-creux-de-ma-main-couv.jpg?resize=525%2C300&ssl=1 1.5x, https:\/\/i0.wp.com\/smallthings.fr\/lespetitslivres\/wp-content\/uploads\/2016\/01\/au-creux-de-ma-main-couv.jpg?resize=700%2C400&ssl=1 2x"},"classes":[]},{"id":27238,"url":"https:\/\/smallthings.fr\/lespetitslivres\/2015\/09\/19\/48-heures-pour-mourir-thriller-critique\/","url_meta":{"origin":29602,"position":2},"title":"48 heures pour mourir : un thriller allemand terrifiant","author":"Lola","date":"19 septembre 2015","format":false,"excerpt":"48 heures pour mourir d'Andreas Gruber sort en ce mois de septembre aux \u00e9ditions de l\u2019Archipel. Un thriller germanique qui a fait un tabac outre-Rhin\u00a0: et c\u2019est une belle surprise\u00a0! 48h pour mourir vous prend et ne vous l\u00e2che plus, vous en r\u00eaverez la nuit, vous vous brosserez les dents\u2026","rel":"","context":"Dans &quot;Thriller&quot;","block_context":{"text":"Thriller","link":"https:\/\/smallthings.fr\/lespetitslivres\/category\/thriller\/"},"img":{"alt_text":"","src":"https:\/\/i0.wp.com\/smallthings.fr\/lespetitslivres\/wp-content\/uploads\/2015\/09\/48-h-pour-mourir.jpg?resize=350%2C200&ssl=1","width":350,"height":200,"srcset":"https:\/\/i0.wp.com\/smallthings.fr\/lespetitslivres\/wp-content\/uploads\/2015\/09\/48-h-pour-mourir.jpg?resize=350%2C200&ssl=1 1x, https:\/\/i0.wp.com\/smallthings.fr\/lespetitslivres\/wp-content\/uploads\/2015\/09\/48-h-pour-mourir.jpg?resize=525%2C300&ssl=1 1.5x, https:\/\/i0.wp.com\/smallthings.fr\/lespetitslivres\/wp-content\/uploads\/2015\/09\/48-h-pour-mourir.jpg?resize=700%2C400&ssl=1 2x"},"classes":[]},{"id":30889,"url":"https:\/\/smallthings.fr\/lespetitslivres\/2017\/03\/25\/mor-johana-gustawsson-thriller\/","url_meta":{"origin":29602,"position":3},"title":"M\u00f6r : thriller sanglant de Johana Gustawsson","author":"Jennifer","date":"25 mars 2017","format":false,"excerpt":"M\u00f6r, thriller de Johana Gustawsson, est sorti le 15 mars dernier aux\u00a0\u00e9ditions Bragelonne. Un roman captivant qui va nous plonger dans la traque d\u2019un tueur en s\u00e9rie qui d\u00e9coupe les seins, les fesses, les cuisses et les hanches de ses victimes. Le meurtrier a \u00e9t\u00e9 arr\u00eat\u00e9 10 ans plus t\u00f4t.\u2026","rel":"","context":"Dans &quot;Thriller&quot;","block_context":{"text":"Thriller","link":"https:\/\/smallthings.fr\/lespetitslivres\/category\/thriller\/"},"img":{"alt_text":"","src":"https:\/\/i0.wp.com\/smallthings.fr\/lespetitslivres\/wp-content\/uploads\/2017\/03\/Mor-gustawsson.jpg?resize=350%2C200&ssl=1","width":350,"height":200,"srcset":"https:\/\/i0.wp.com\/smallthings.fr\/lespetitslivres\/wp-content\/uploads\/2017\/03\/Mor-gustawsson.jpg?resize=350%2C200&ssl=1 1x, https:\/\/i0.wp.com\/smallthings.fr\/lespetitslivres\/wp-content\/uploads\/2017\/03\/Mor-gustawsson.jpg?resize=525%2C300&ssl=1 1.5x, https:\/\/i0.wp.com\/smallthings.fr\/lespetitslivres\/wp-content\/uploads\/2017\/03\/Mor-gustawsson.jpg?resize=700%2C400&ssl=1 2x, https:\/\/i0.wp.com\/smallthings.fr\/lespetitslivres\/wp-content\/uploads\/2017\/03\/Mor-gustawsson.jpg?resize=1050%2C600&ssl=1 3x"},"classes":[]},{"id":29500,"url":"https:\/\/smallthings.fr\/lespetitslivres\/2016\/02\/03\/invisible-thriller-patterson-ellis\/","url_meta":{"origin":29602,"position":4},"title":"Invisible, nouveau thriller de James Patterson avec David Ellis","author":"Jennifer","date":"3 f\u00e9vrier 2016","format":false,"excerpt":"Invisible est le nouveau thriller de James Patterson et David Ellis, sorti le 13 janvier aux \u00e9ditions de L\u2019Archipel. Il raconte comment Emmy Dockery, analyste au sein du FBI, va devoir se battre contre sa hi\u00e9rarchie pour prouver qu\u2019un tueur en s\u00e9rie s\u00e9vit aux \u00c9tats-Unis. Elle est persuad\u00e9e que ce\u2026","rel":"","context":"Dans &quot;Thriller&quot;","block_context":{"text":"Thriller","link":"https:\/\/smallthings.fr\/lespetitslivres\/category\/thriller\/"},"img":{"alt_text":"","src":"https:\/\/i0.wp.com\/smallthings.fr\/lespetitslivres\/wp-content\/uploads\/2016\/02\/Invisible-James-Patterson-couv.jpg?resize=350%2C200&ssl=1","width":350,"height":200,"srcset":"https:\/\/i0.wp.com\/smallthings.fr\/lespetitslivres\/wp-content\/uploads\/2016\/02\/Invisible-James-Patterson-couv.jpg?resize=350%2C200&ssl=1 1x, https:\/\/i0.wp.com\/smallthings.fr\/lespetitslivres\/wp-content\/uploads\/2016\/02\/Invisible-James-Patterson-couv.jpg?resize=525%2C300&ssl=1 1.5x, https:\/\/i0.wp.com\/smallthings.fr\/lespetitslivres\/wp-content\/uploads\/2016\/02\/Invisible-James-Patterson-couv.jpg?resize=700%2C400&ssl=1 2x"},"classes":[]},{"id":31734,"url":"https:\/\/smallthings.fr\/lespetitslivres\/2018\/07\/04\/cas-zero-sarah-barukh-thriller\/","url_meta":{"origin":29602,"position":5},"title":"Le cas z\u00e9ro : attention, suspense !","author":"June","date":"4 juillet 2018","format":false,"excerpt":"Le cas z\u00e9ro est le nouveau roman de Sarah Barukh, r\u00e9cemment paru chez Albin Michel. Petite mise au point de prime abord : ne vous attendez pas \u00e0 trouver ici l\u2019histoire rigoureusement scientifique et historique du premier cas atteint du SIDA en France. Si le roman en reprend tr\u00e8s globalement\u2026","rel":"","context":"Dans &quot;Thriller&quot;","block_context":{"text":"Thriller","link":"https:\/\/smallthings.fr\/lespetitslivres\/category\/thriller\/"},"img":{"alt_text":"","src":"https:\/\/i0.wp.com\/smallthings.fr\/lespetitslivres\/wp-content\/uploads\/2018\/07\/cas-zero-cover.jpg?resize=350%2C200&ssl=1","width":350,"height":200,"srcset":"https:\/\/i0.wp.com\/smallthings.fr\/lespetitslivres\/wp-content\/uploads\/2018\/07\/cas-zero-cover.jpg?resize=350%2C200&ssl=1 1x, https:\/\/i0.wp.com\/smallthings.fr\/lespetitslivres\/wp-content\/uploads\/2018\/07\/cas-zero-cover.jpg?resize=525%2C300&ssl=1 1.5x, https:\/\/i0.wp.com\/smallthings.fr\/lespetitslivres\/wp-content\/uploads\/2018\/07\/cas-zero-cover.jpg?resize=700%2C400&ssl=1 2x"},"classes":[]}],"_links":{"self":[{"href":"https:\/\/smallthings.fr\/lespetitslivres\/wp-json\/wp\/v2\/posts\/29602"}],"collection":[{"href":"https:\/\/smallthings.fr\/lespetitslivres\/wp-json\/wp\/v2\/posts"}],"about":[{"href":"https:\/\/smallthings.fr\/lespetitslivres\/wp-json\/wp\/v2\/types\/post"}],"author":[{"embeddable":true,"href":"https:\/\/smallthings.fr\/lespetitslivres\/wp-json\/wp\/v2\/users\/14"}],"replies":[{"embeddable":true,"href":"https:\/\/smallthings.fr\/lespetitslivres\/wp-json\/wp\/v2\/comments?post=29602"}],"version-history":[{"count":2,"href":"https:\/\/smallthings.fr\/lespetitslivres\/wp-json\/wp\/v2\/posts\/29602\/revisions"}],"predecessor-version":[{"id":29606,"href":"https:\/\/smallthings.fr\/lespetitslivres\/wp-json\/wp\/v2\/posts\/29602\/revisions\/29606"}],"wp:featuredmedia":[{"embeddable":true,"href":"https:\/\/smallthings.fr\/lespetitslivres\/wp-json\/wp\/v2\/media\/29603"}],"wp:attachment":[{"href":"https:\/\/smallthings.fr\/lespetitslivres\/wp-json\/wp\/v2\/media?parent=29602"}],"wp:term":[{"taxonomy":"category","embeddable":true,"href":"https:\/\/smallthings.fr\/lespetitslivres\/wp-json\/wp\/v2\/categories?post=29602"},{"taxonomy":"post_tag","embeddable":true,"href":"https:\/\/smallthings.fr\/lespetitslivres\/wp-json\/wp\/v2\/tags?post=29602"}],"curies":[{"name":"wp","href":"https:\/\/api.w.org\/{rel}","templated":true}]}}