{"id":29550,"date":"2016-02-10T09:26:48","date_gmt":"2016-02-10T08:26:48","guid":{"rendered":"http:\/\/smallthings.fr\/lespetitslivres\/?p=29550"},"modified":"2016-02-24T10:06:22","modified_gmt":"2016-02-24T09:06:22","slug":"concours-red-queen-saga","status":"publish","type":"post","link":"https:\/\/smallthings.fr\/lespetitslivres\/2016\/02\/10\/concours-red-queen-saga\/","title":{"rendered":"[Concours termin\u00e9] Gagnez Red Queen, premier volet de la saga \u00e9pique !"},"content":{"rendered":"<h3>Le concours est termin\u00e9 ! Merci \u00e0 tous et \u00e0 bient\u00f4t !<\/h3>\n<h2>A l\u2019occasion de sa sortie, <a href=\"http:\/\/www.livredepoche.com\/red-queen-red-queen-tome-1-victoria-aveyard-9782253183990\" target=\"_blank\">Le Livre de Poche<\/a> s\u2019associe aux Petits Livres pour vous faire gagner la dystopie de Victoria Aveyard : <em>Red Queen<\/em>.\u00a0Un roman \u00e9poustouflant m\u00ealant magie, destin et complots. Vous avez jusqu&rsquo;au 24 f\u00e9vrier pour participer !<\/h2>\n<p><strong>Le pitch<\/strong><\/p>\n<p>\u00ab\u00a0Dans le royaume de Norta, la couleur de votre sang d\u00e9cide du cours de votre existence. Mare Barrow, une Rouge de dix-sept ans, tente de survivre dans une soci\u00e9t\u00e9 qui la traite comme une moins que rien. Quand elle r\u00e9v\u00e8le sans le vouloir des pouvoirs extraordinaires et insoup\u00e7onn\u00e9s, sa vie change du tout au tout. Enferm\u00e9e dans le palais royal d\u2019Archeon et promise \u00e0 un prince argent, elle va devoir apprendre \u00e0 d\u00e9jouer les intrigues de la cour, \u00e0 ma\u00eetriser un don qui la d\u00e9passe, et \u00e0 reconna\u00eetre ses ennemis, pour faire valoir l\u2019ind\u00e9pendance de son peuple.\u00a0\u00bb<\/p>\n<p><strong><img loading=\"lazy\" decoding=\"async\" data-attachment-id=\"29552\" data-permalink=\"https:\/\/smallthings.fr\/lespetitslivres\/2016\/02\/10\/concours-red-queen-saga\/red-queen\/\" data-orig-file=\"https:\/\/smallthings.fr\/lespetitslivres\/wp-content\/uploads\/2016\/02\/red-queen.jpeg\" data-orig-size=\"600,970\" data-comments-opened=\"1\" data-image-meta=\"{&quot;aperture&quot;:&quot;0&quot;,&quot;credit&quot;:&quot;&quot;,&quot;camera&quot;:&quot;&quot;,&quot;caption&quot;:&quot;&quot;,&quot;created_timestamp&quot;:&quot;0&quot;,&quot;copyright&quot;:&quot;&quot;,&quot;focal_length&quot;:&quot;0&quot;,&quot;iso&quot;:&quot;0&quot;,&quot;shutter_speed&quot;:&quot;0&quot;,&quot;title&quot;:&quot;&quot;,&quot;orientation&quot;:&quot;0&quot;}\" data-image-title=\"red-queen\" data-image-description=\"\" data-image-caption=\"\" data-medium-file=\"https:\/\/smallthings.fr\/lespetitslivres\/wp-content\/uploads\/2016\/02\/red-queen-186x300.jpeg\" data-large-file=\"https:\/\/smallthings.fr\/lespetitslivres\/wp-content\/uploads\/2016\/02\/red-queen.jpeg\" class=\"alignleft wp-image-29552\" src=\"http:\/\/smallthings.fr\/lespetitslivres\/wp-content\/uploads\/2016\/02\/red-queen.jpeg\" alt=\"red-queen\" width=\"252\" height=\"407\" srcset=\"https:\/\/smallthings.fr\/lespetitslivres\/wp-content\/uploads\/2016\/02\/red-queen.jpeg 600w, https:\/\/smallthings.fr\/lespetitslivres\/wp-content\/uploads\/2016\/02\/red-queen-186x300.jpeg 186w\" sizes=\"(max-width: 252px) 100vw, 252px\" \/>L\u2019avis de notre chroniqueuse Jennifer<\/strong><\/p>\n<p><em>Red Queen<\/em> est tr\u00e8s bien \u00e9crit et met en sc\u00e8ne des personnages superbement imagin\u00e9s. L\u2019intrigue est parfaitement men\u00e9e : incroyable, quand on pense qu\u2019il s\u2019agit du premier roman de son auteure Victoria Aveyard ! <em>Red Queen<\/em> nous surprend avec ses complots men\u00e9s sur plusieurs fronts et ses personnages attachants. On se perd \u00e0 donner notre confiance \u00e0 des personnes auxquelles il ne faudrait pas&#8230; N\u2019oubliez pas que \u00ab N\u2019importe qui peut trahir n\u2019importe qui \u00bb&#8230; !<\/p>\n<h3>Pour gagner votre exemplaire du roman, rien de plus simple, il suffit de r\u00e9pondre en commentaire \u00e0 la question suivante :<\/h3>\n<h3>O\u00f9 le personnage principal est-il enferm\u00e9 suite \u00e0 la d\u00e9couverte de ses pouvoirs\u00a0?<\/h3>\n<ul>\n<li>Dans les douves du ch\u00e2teau ?<\/li>\n<li>Dans une prison magique ?<\/li>\n<li>Dans le palais royal d\u2019Archeon ?<\/li>\n<\/ul>\n","protected":false},"excerpt":{"rendered":"<p>Le concours est termin\u00e9 ! Merci \u00e0 tous et \u00e0 bient\u00f4t ! A l\u2019occasion de sa sortie, Le Livre de Poche s\u2019associe aux Petits Livres pour vous faire gagner la dystopie de Victoria Aveyard : Red Queen.\u00a0Un roman \u00e9poustouflant m\u00ealant magie, destin et complots. Vous avez jusqu&rsquo;au 24 f\u00e9vrier pour participer ! Le pitch \u00ab\u00a0Dans<\/p>\n","protected":false},"author":2,"featured_media":29551,"comment_status":"open","ping_status":"open","sticky":false,"template":"","format":"standard","meta":{"jetpack_post_was_ever_published":false,"_jetpack_newsletter_access":"","_jetpack_newsletter_tier_id":0,"footnotes":"","jetpack_publicize_message":"","jetpack_is_tweetstorm":false,"jetpack_publicize_feature_enabled":true,"jetpack_social_post_already_shared":true,"jetpack_social_options":{"image_generator_settings":{"template":"highway","enabled":false}}},"categories":[1113],"tags":[660,1277,1278],"jetpack_publicize_connections":[],"yoast_head":"<!-- This site is optimized with the Yoast SEO plugin v21.5 - https:\/\/yoast.com\/wordpress\/plugins\/seo\/ -->\n<title>[Concours termin\u00e9] Gagnez Red Queen, premier volet de la saga \u00e9pique ! - Les Petits Livres<\/title>\n<meta name=\"robots\" content=\"index, follow, max-snippet:-1, max-image-preview:large, max-video-preview:-1\" \/>\n<link rel=\"canonical\" href=\"https:\/\/smallthings.fr\/lespetitslivres\/2016\/02\/10\/concours-red-queen-saga\/\" \/>\n<meta property=\"og:locale\" content=\"fr_FR\" \/>\n<meta property=\"og:type\" content=\"article\" \/>\n<meta property=\"og:title\" content=\"[Concours termin\u00e9] Gagnez Red Queen, premier volet de la saga \u00e9pique ! - Les Petits Livres\" \/>\n<meta property=\"og:description\" content=\"Le concours est termin\u00e9 ! Merci \u00e0 tous et \u00e0 bient\u00f4t ! A l\u2019occasion de sa sortie, Le Livre de Poche s\u2019associe aux Petits Livres pour vous faire gagner la dystopie de Victoria Aveyard : Red Queen.\u00a0Un roman \u00e9poustouflant m\u00ealant magie, destin et complots. Vous avez jusqu&rsquo;au 24 f\u00e9vrier pour participer ! Le pitch \u00ab\u00a0Dans\" \/>\n<meta property=\"og:url\" content=\"https:\/\/smallthings.fr\/lespetitslivres\/2016\/02\/10\/concours-red-queen-saga\/\" \/>\n<meta property=\"og:site_name\" content=\"Les Petits Livres\" \/>\n<meta property=\"article:published_time\" content=\"2016-02-10T08:26:48+00:00\" \/>\n<meta property=\"article:modified_time\" content=\"2016-02-24T09:06:22+00:00\" \/>\n<meta property=\"og:image\" content=\"https:\/\/smallthings.fr\/lespetitslivres\/wp-content\/uploads\/2016\/02\/red-queen-couv.jpeg\" \/>\n\t<meta property=\"og:image:width\" content=\"494\" \/>\n\t<meta property=\"og:image:height\" content=\"358\" \/>\n\t<meta property=\"og:image:type\" content=\"image\/jpeg\" \/>\n<meta name=\"author\" content=\"Claire\" \/>\n<meta name=\"twitter:card\" content=\"summary_large_image\" \/>\n<meta name=\"twitter:label1\" content=\"\u00c9crit par\" \/>\n\t<meta name=\"twitter:data1\" content=\"Claire\" \/>\n\t<meta name=\"twitter:label2\" content=\"Dur\u00e9e de lecture estim\u00e9e\" \/>\n\t<meta name=\"twitter:data2\" content=\"1 minute\" \/>\n<script type=\"application\/ld+json\" class=\"yoast-schema-graph\">{\"@context\":\"https:\/\/schema.org\",\"@graph\":[{\"@type\":\"WebPage\",\"@id\":\"https:\/\/smallthings.fr\/lespetitslivres\/2016\/02\/10\/concours-red-queen-saga\/\",\"url\":\"https:\/\/smallthings.fr\/lespetitslivres\/2016\/02\/10\/concours-red-queen-saga\/\",\"name\":\"[Concours termin\u00e9] Gagnez Red Queen, premier volet de la saga \u00e9pique ! - Les Petits Livres\",\"isPartOf\":{\"@id\":\"https:\/\/smallthings.fr\/lespetitslivres\/#website\"},\"datePublished\":\"2016-02-10T08:26:48+00:00\",\"dateModified\":\"2016-02-24T09:06:22+00:00\",\"author\":{\"@id\":\"https:\/\/smallthings.fr\/lespetitslivres\/#\/schema\/person\/504d603cacfe064fe039dfa03a8b7918\"},\"breadcrumb\":{\"@id\":\"https:\/\/smallthings.fr\/lespetitslivres\/2016\/02\/10\/concours-red-queen-saga\/#breadcrumb\"},\"inLanguage\":\"fr-FR\",\"potentialAction\":[{\"@type\":\"ReadAction\",\"target\":[\"https:\/\/smallthings.fr\/lespetitslivres\/2016\/02\/10\/concours-red-queen-saga\/\"]}]},{\"@type\":\"BreadcrumbList\",\"@id\":\"https:\/\/smallthings.fr\/lespetitslivres\/2016\/02\/10\/concours-red-queen-saga\/#breadcrumb\",\"itemListElement\":[{\"@type\":\"ListItem\",\"position\":1,\"name\":\"Accueil\",\"item\":\"https:\/\/smallthings.fr\/lespetitslivres\/\"},{\"@type\":\"ListItem\",\"position\":2,\"name\":\"[Concours termin\u00e9] Gagnez Red Queen, premier volet de la saga \u00e9pique !\"}]},{\"@type\":\"WebSite\",\"@id\":\"https:\/\/smallthings.fr\/lespetitslivres\/#website\",\"url\":\"https:\/\/smallthings.fr\/lespetitslivres\/\",\"name\":\"Les Petits Livres\",\"description\":\"by Small Things\",\"potentialAction\":[{\"@type\":\"SearchAction\",\"target\":{\"@type\":\"EntryPoint\",\"urlTemplate\":\"https:\/\/smallthings.fr\/lespetitslivres\/?s={search_term_string}\"},\"query-input\":\"required name=search_term_string\"}],\"inLanguage\":\"fr-FR\"},{\"@type\":\"Person\",\"@id\":\"https:\/\/smallthings.fr\/lespetitslivres\/#\/schema\/person\/504d603cacfe064fe039dfa03a8b7918\",\"name\":\"Claire\",\"image\":{\"@type\":\"ImageObject\",\"inLanguage\":\"fr-FR\",\"@id\":\"https:\/\/smallthings.fr\/lespetitslivres\/#\/schema\/person\/image\/\",\"url\":\"https:\/\/secure.gravatar.com\/avatar\/9a85ff83d76b3eb17b8cae208640786e?s=96&d=retro&r=g\",\"contentUrl\":\"https:\/\/secure.gravatar.com\/avatar\/9a85ff83d76b3eb17b8cae208640786e?s=96&d=retro&r=g\",\"caption\":\"Claire\"},\"url\":\"https:\/\/smallthings.fr\/lespetitslivres\/author\/claire\/\"}]}<\/script>\n<!-- \/ Yoast SEO plugin. -->","yoast_head_json":{"title":"[Concours termin\u00e9] Gagnez Red Queen, premier volet de la saga \u00e9pique ! - Les Petits Livres","robots":{"index":"index","follow":"follow","max-snippet":"max-snippet:-1","max-image-preview":"max-image-preview:large","max-video-preview":"max-video-preview:-1"},"canonical":"https:\/\/smallthings.fr\/lespetitslivres\/2016\/02\/10\/concours-red-queen-saga\/","og_locale":"fr_FR","og_type":"article","og_title":"[Concours termin\u00e9] Gagnez Red Queen, premier volet de la saga \u00e9pique ! - Les Petits Livres","og_description":"Le concours est termin\u00e9 ! Merci \u00e0 tous et \u00e0 bient\u00f4t ! A l\u2019occasion de sa sortie, Le Livre de Poche s\u2019associe aux Petits Livres pour vous faire gagner la dystopie de Victoria Aveyard : Red Queen.\u00a0Un roman \u00e9poustouflant m\u00ealant magie, destin et complots. Vous avez jusqu&rsquo;au 24 f\u00e9vrier pour participer ! Le pitch \u00ab\u00a0Dans","og_url":"https:\/\/smallthings.fr\/lespetitslivres\/2016\/02\/10\/concours-red-queen-saga\/","og_site_name":"Les Petits Livres","article_published_time":"2016-02-10T08:26:48+00:00","article_modified_time":"2016-02-24T09:06:22+00:00","og_image":[{"width":494,"height":358,"url":"https:\/\/smallthings.fr\/lespetitslivres\/wp-content\/uploads\/2016\/02\/red-queen-couv.jpeg","type":"image\/jpeg"}],"author":"Claire","twitter_card":"summary_large_image","twitter_misc":{"\u00c9crit par":"Claire","Dur\u00e9e de lecture estim\u00e9e":"1 minute"},"schema":{"@context":"https:\/\/schema.org","@graph":[{"@type":"WebPage","@id":"https:\/\/smallthings.fr\/lespetitslivres\/2016\/02\/10\/concours-red-queen-saga\/","url":"https:\/\/smallthings.fr\/lespetitslivres\/2016\/02\/10\/concours-red-queen-saga\/","name":"[Concours termin\u00e9] Gagnez Red Queen, premier volet de la saga \u00e9pique ! - Les Petits Livres","isPartOf":{"@id":"https:\/\/smallthings.fr\/lespetitslivres\/#website"},"datePublished":"2016-02-10T08:26:48+00:00","dateModified":"2016-02-24T09:06:22+00:00","author":{"@id":"https:\/\/smallthings.fr\/lespetitslivres\/#\/schema\/person\/504d603cacfe064fe039dfa03a8b7918"},"breadcrumb":{"@id":"https:\/\/smallthings.fr\/lespetitslivres\/2016\/02\/10\/concours-red-queen-saga\/#breadcrumb"},"inLanguage":"fr-FR","potentialAction":[{"@type":"ReadAction","target":["https:\/\/smallthings.fr\/lespetitslivres\/2016\/02\/10\/concours-red-queen-saga\/"]}]},{"@type":"BreadcrumbList","@id":"https:\/\/smallthings.fr\/lespetitslivres\/2016\/02\/10\/concours-red-queen-saga\/#breadcrumb","itemListElement":[{"@type":"ListItem","position":1,"name":"Accueil","item":"https:\/\/smallthings.fr\/lespetitslivres\/"},{"@type":"ListItem","position":2,"name":"[Concours termin\u00e9] Gagnez Red Queen, premier volet de la saga \u00e9pique !"}]},{"@type":"WebSite","@id":"https:\/\/smallthings.fr\/lespetitslivres\/#website","url":"https:\/\/smallthings.fr\/lespetitslivres\/","name":"Les Petits Livres","description":"by Small Things","potentialAction":[{"@type":"SearchAction","target":{"@type":"EntryPoint","urlTemplate":"https:\/\/smallthings.fr\/lespetitslivres\/?s={search_term_string}"},"query-input":"required name=search_term_string"}],"inLanguage":"fr-FR"},{"@type":"Person","@id":"https:\/\/smallthings.fr\/lespetitslivres\/#\/schema\/person\/504d603cacfe064fe039dfa03a8b7918","name":"Claire","image":{"@type":"ImageObject","inLanguage":"fr-FR","@id":"https:\/\/smallthings.fr\/lespetitslivres\/#\/schema\/person\/image\/","url":"https:\/\/secure.gravatar.com\/avatar\/9a85ff83d76b3eb17b8cae208640786e?s=96&d=retro&r=g","contentUrl":"https:\/\/secure.gravatar.com\/avatar\/9a85ff83d76b3eb17b8cae208640786e?s=96&d=retro&r=g","caption":"Claire"},"url":"https:\/\/smallthings.fr\/lespetitslivres\/author\/claire\/"}]}},"jetpack_featured_media_url":"https:\/\/smallthings.fr\/lespetitslivres\/wp-content\/uploads\/2016\/02\/red-queen-couv.jpeg","jetpack_sharing_enabled":true,"jetpack_shortlink":"https:\/\/wp.me\/p6Un21-7GC","jetpack-related-posts":[{"id":22332,"url":"https:\/\/smallthings.fr\/lespetitslivres\/2015\/04\/13\/concours-extraordinaire-voyage-du-fakir\/","url_meta":{"origin":29550,"position":0},"title":"[Concours termin\u00e9] L&rsquo;Extraordinaire voyage du fakir qui \u00e9tait rest\u00e9 coinc\u00e9&#8230;","author":"Claire","date":"13 avril 2015","format":false,"excerpt":"A l'occasion de la sortie en poche de L\u2019extraordinaire voyage du fakir qui \u00e9tait rest\u00e9 coinc\u00e9 dans une armoire Ikea de Romain Pu\u00e9rtolas, le Livre de Poche et SmallThings vous offrent une valisette de fakir. \u00a0 Pour gagner l\u2019une des valisettes en jeu, r\u00e9pondez aux deux questions et vous participerez\u2026","rel":"","context":"Dans &quot;Concours&quot;","block_context":{"text":"Concours","link":"https:\/\/smallthings.fr\/lespetitslivres\/category\/concours\/"},"img":{"alt_text":"La valisette du fakir \u00c3\u00a0 gagner","src":"https:\/\/i0.wp.com\/smallthings.fr\/wp-content\/uploads\/2015\/04\/extraordinaire-voyage-fakir-concours.png?resize=350%2C200","width":350,"height":200,"srcset":"https:\/\/i0.wp.com\/smallthings.fr\/wp-content\/uploads\/2015\/04\/extraordinaire-voyage-fakir-concours.png?resize=350%2C200 1x, https:\/\/i0.wp.com\/smallthings.fr\/wp-content\/uploads\/2015\/04\/extraordinaire-voyage-fakir-concours.png?resize=525%2C300 1.5x"},"classes":[]},{"id":29389,"url":"https:\/\/smallthings.fr\/lespetitslivres\/2016\/01\/30\/concours-gagnez-tu-me-trouveras\/","url_meta":{"origin":29550,"position":1},"title":"[CONCOURS termin\u00e9] Gagnez le roman \u00ab\u00a0Tu me trouveras au bout du monde\u00a0\u00bb","author":"Claire","date":"30 janvier 2016","format":false,"excerpt":"Le concours est termin\u00e9 : merci \u00e0 tous ! Le Livre de Poche et Les Petits Livres vous offrent des exemplaires du roman \u00e9pistolaire Tu me trouveras au bout du monde de Nicolas Barreau, sorti le 13 janvier. Une com\u00e9die romantique pleine de surprises \u00e0 remporter en r\u00e9pondant \u00e0 une\u2026","rel":"","context":"Dans &quot;Concours&quot;","block_context":{"text":"Concours","link":"https:\/\/smallthings.fr\/lespetitslivres\/category\/concours\/"},"img":{"alt_text":"","src":"https:\/\/i0.wp.com\/smallthings.fr\/lespetitslivres\/wp-content\/uploads\/2016\/01\/tu-me-trouveras-au-bout-du-monde-couv.jpeg?resize=350%2C200&ssl=1","width":350,"height":200,"srcset":"https:\/\/i0.wp.com\/smallthings.fr\/lespetitslivres\/wp-content\/uploads\/2016\/01\/tu-me-trouveras-au-bout-du-monde-couv.jpeg?resize=350%2C200&ssl=1 1x, https:\/\/i0.wp.com\/smallthings.fr\/lespetitslivres\/wp-content\/uploads\/2016\/01\/tu-me-trouveras-au-bout-du-monde-couv.jpeg?resize=525%2C300&ssl=1 1.5x, https:\/\/i0.wp.com\/smallthings.fr\/lespetitslivres\/wp-content\/uploads\/2016\/01\/tu-me-trouveras-au-bout-du-monde-couv.jpeg?resize=700%2C400&ssl=1 2x, https:\/\/i0.wp.com\/smallthings.fr\/lespetitslivres\/wp-content\/uploads\/2016\/01\/tu-me-trouveras-au-bout-du-monde-couv.jpeg?resize=1050%2C600&ssl=1 3x, https:\/\/i0.wp.com\/smallthings.fr\/lespetitslivres\/wp-content\/uploads\/2016\/01\/tu-me-trouveras-au-bout-du-monde-couv.jpeg?resize=1400%2C800&ssl=1 4x"},"classes":[]},{"id":29326,"url":"https:\/\/smallthings.fr\/lespetitslivres\/2016\/01\/07\/concours-polar-ta-mort-sera-la-mienne\/","url_meta":{"origin":29550,"position":2},"title":"[CONCOURS termin\u00e9] Gagnez le polar de Fabrice Colin, Ta mort sera la mienne","author":"Claire","date":"7 janvier 2016","format":false,"excerpt":"Le concours est termin\u00e9 ! Merci \u00e0 tous de vos participations et \u00e0 bient\u00f4t ! Ta mort sera la mienne, excellent polar de Fabrice Colin, vient de para\u00eetre en format poche. Pour l'occasion, et pour vous souhaiter la bonne ann\u00e9e comme il se doit, Le Livre de Poche et Les\u2026","rel":"","context":"Dans &quot;Actu&quot;","block_context":{"text":"Actu","link":"https:\/\/smallthings.fr\/lespetitslivres\/category\/actu\/"},"img":{"alt_text":"","src":"https:\/\/i0.wp.com\/smallthings.fr\/lespetitslivres\/wp-content\/uploads\/2016\/01\/ta-mort-sera-la-mienne-couv.jpeg?resize=350%2C200&ssl=1","width":350,"height":200},"classes":[]},{"id":18410,"url":"https:\/\/smallthings.fr\/lespetitslivres\/2014\/11\/12\/respire-gagnez-livre-melanie-laurent\/","url_meta":{"origin":29550,"position":3},"title":"Respire : gagnez 2 exs du livre adapt\u00e9 au cin\u00e9ma par M\u00e9lanie Laurent","author":"Claire","date":"12 novembre 2014","format":false,"excerpt":"[slickquiz id=23] Concours termin\u00e9 Respire, le film r\u00e9alis\u00e9 par M\u00e9lanie Laurent,\u00a0sera dans les salles d\u00e8s demain (le 12 novembre). En choisissant d'adapter cette histoire, la jeune r\u00e9alisatrice dit vouloir \"rendre le harc\u00e8lement comme un non-\u00e9v\u00e9nement\" afin d'en traiter la gu\u00e9rison et la sortie. Pour l'occasion, le Livre de Poche\u00a0lance une\u2026","rel":"","context":"Dans &quot;Concours&quot;","block_context":{"text":"Concours","link":"https:\/\/smallthings.fr\/lespetitslivres\/category\/concours\/"},"img":{"alt_text":"Jos\u00c3\u00a9phine Japy et Lou de La\u00c3\u00a2ge, les jeunes actrices de \"Respire\"","src":"https:\/\/i0.wp.com\/smallthings.fr\/wp-content\/uploads\/2014\/11\/respire-film-couv.jpg?resize=350%2C200","width":350,"height":200},"classes":[]},{"id":9482,"url":"https:\/\/smallthings.fr\/lespetitslivres\/2013\/12\/05\/concours-livres-audio\/","url_meta":{"origin":29550,"position":4},"title":"[Concours ] Gagnez 10 livres audio avec Lire dans le noir !","author":"Claire","date":"5 d\u00e9cembre 2013","format":false,"excerpt":"Les laur\u00e9ats du Prix Lire dans le noir ont \u00e9t\u00e9 annonc\u00e9s jeudi 5 d\u00e9cembre : il est maintenant temps pour vous de participer \u00e0 notre jeu-concours et de gagner des livres audio !","rel":"","context":"Dans &quot;Concours&quot;","block_context":{"text":"Concours","link":"https:\/\/smallthings.fr\/lespetitslivres\/category\/concours\/"},"img":{"alt_text":"","src":"","width":0,"height":0},"classes":[]},{"id":11151,"url":"https:\/\/smallthings.fr\/lespetitslivres\/2014\/02\/05\/concours-et-alors-livres-humour-gagner\/","url_meta":{"origin":29550,"position":5},"title":"[Concours] 4 livres d&rsquo;humour de la collection \u00ab\u00a0Et alors ?\u00a0\u00bb \u00e0 gagner","author":"Claire","date":"5 f\u00e9vrier 2014","format":false,"excerpt":"Concours termin\u00e9 ! Merci d'avoir jou\u00e9 !! ------------ La maison d'\u00e9dition Hugo & cie inaugure sa nouvelle collection : \"Et alors ?\". Des livres d'humour d\u00e9capant qui traitent de la vie quotidienne en prenant le contre-pied de tous les st\u00e9r\u00e9otypes. D\u00e9but janvier sont sortis Zob in job (guide indispensable de\u2026","rel":"","context":"Dans &quot;Concours&quot;","block_context":{"text":"Concours","link":"https:\/\/smallthings.fr\/lespetitslivres\/category\/concours\/"},"img":{"alt_text":"","src":"","width":0,"height":0},"classes":[]}],"_links":{"self":[{"href":"https:\/\/smallthings.fr\/lespetitslivres\/wp-json\/wp\/v2\/posts\/29550"}],"collection":[{"href":"https:\/\/smallthings.fr\/lespetitslivres\/wp-json\/wp\/v2\/posts"}],"about":[{"href":"https:\/\/smallthings.fr\/lespetitslivres\/wp-json\/wp\/v2\/types\/post"}],"author":[{"embeddable":true,"href":"https:\/\/smallthings.fr\/lespetitslivres\/wp-json\/wp\/v2\/users\/2"}],"replies":[{"embeddable":true,"href":"https:\/\/smallthings.fr\/lespetitslivres\/wp-json\/wp\/v2\/comments?post=29550"}],"version-history":[{"count":3,"href":"https:\/\/smallthings.fr\/lespetitslivres\/wp-json\/wp\/v2\/posts\/29550\/revisions"}],"predecessor-version":[{"id":29628,"href":"https:\/\/smallthings.fr\/lespetitslivres\/wp-json\/wp\/v2\/posts\/29550\/revisions\/29628"}],"wp:featuredmedia":[{"embeddable":true,"href":"https:\/\/smallthings.fr\/lespetitslivres\/wp-json\/wp\/v2\/media\/29551"}],"wp:attachment":[{"href":"https:\/\/smallthings.fr\/lespetitslivres\/wp-json\/wp\/v2\/media?parent=29550"}],"wp:term":[{"taxonomy":"category","embeddable":true,"href":"https:\/\/smallthings.fr\/lespetitslivres\/wp-json\/wp\/v2\/categories?post=29550"},{"taxonomy":"post_tag","embeddable":true,"href":"https:\/\/smallthings.fr\/lespetitslivres\/wp-json\/wp\/v2\/tags?post=29550"}],"curies":[{"name":"wp","href":"https:\/\/api.w.org\/{rel}","templated":true}]}}