{"id":29507,"date":"2016-02-04T13:58:46","date_gmt":"2016-02-04T12:58:46","guid":{"rendered":"http:\/\/smallthings.fr\/lespetitslivres\/?p=29507"},"modified":"2016-02-03T10:01:20","modified_gmt":"2016-02-03T09:01:20","slug":"gaiete-justine-levy-avis","status":"publish","type":"post","link":"https:\/\/smallthings.fr\/lespetitslivres\/2016\/02\/04\/gaiete-justine-levy-avis\/","title":{"rendered":"La Gaiet\u00e9, petit dernier de Justine L\u00e9vy : d\u00e9prime assur\u00e9e"},"content":{"rendered":"<h2><em>La Gaiet\u00e9<\/em>, dernier roman de Justine L\u00e9vy, vient de para\u00eetre au <a href=\"http:\/\/www.livredepoche.com\/la-gaiete-justine-levy-9782253087243\" target=\"_blank\">Livre de Poche<\/a>. L\u2019auteur y livre une nouvelle \u00e9tape dans la vie de son double de papier, Louise.<\/h2>\n<p>Louise a d\u00e9cid\u00e9 de ne plus sombrer dans la tristesse, la lourde tristesse, la d\u00e9pression qui tait son nom, h\u00e9rit\u00e9e de sa m\u00e8re. Pour ses deux enfants, pour son compagnon, elle d\u00e9cide d\u2019\u00eatre gaie, et de le rester. S\u2019encha\u00eenent alors des sc\u00e8nes de son exp\u00e9rience de la maternit\u00e9 et des souvenirs d\u2019une enfance somme toute traumatisante. Petite, Louise se d\u00e9bat entre une m\u00e8re drogu\u00e9e et d\u00e9pressive, un p\u00e8re aimant mais absent (hello BHL) et de v\u00e9ritables belles-m\u00e8res\/mar\u00e2tres.<\/p>\n<p><img loading=\"lazy\" decoding=\"async\" data-attachment-id=\"29509\" data-permalink=\"https:\/\/smallthings.fr\/lespetitslivres\/2016\/02\/04\/gaiete-justine-levy-avis\/gaiete-justine-levy\/\" data-orig-file=\"https:\/\/smallthings.fr\/lespetitslivres\/wp-content\/uploads\/2016\/02\/gaiete-justine-levy.jpeg\" data-orig-size=\"250,404\" data-comments-opened=\"1\" data-image-meta=\"{&quot;aperture&quot;:&quot;0&quot;,&quot;credit&quot;:&quot;&quot;,&quot;camera&quot;:&quot;&quot;,&quot;caption&quot;:&quot;&quot;,&quot;created_timestamp&quot;:&quot;0&quot;,&quot;copyright&quot;:&quot;&quot;,&quot;focal_length&quot;:&quot;0&quot;,&quot;iso&quot;:&quot;0&quot;,&quot;shutter_speed&quot;:&quot;0&quot;,&quot;title&quot;:&quot;&quot;,&quot;orientation&quot;:&quot;0&quot;}\" data-image-title=\"gaiete-justine-levy\" data-image-description=\"\" data-image-caption=\"\" data-medium-file=\"https:\/\/smallthings.fr\/lespetitslivres\/wp-content\/uploads\/2016\/02\/gaiete-justine-levy-186x300.jpeg\" data-large-file=\"https:\/\/smallthings.fr\/lespetitslivres\/wp-content\/uploads\/2016\/02\/gaiete-justine-levy.jpeg\" class=\"alignright size-full wp-image-29509\" src=\"http:\/\/smallthings.fr\/lespetitslivres\/wp-content\/uploads\/2016\/02\/gaiete-justine-levy.jpeg\" alt=\"gaiete-justine-levy\" width=\"250\" height=\"404\" srcset=\"https:\/\/smallthings.fr\/lespetitslivres\/wp-content\/uploads\/2016\/02\/gaiete-justine-levy.jpeg 250w, https:\/\/smallthings.fr\/lespetitslivres\/wp-content\/uploads\/2016\/02\/gaiete-justine-levy-186x300.jpeg 186w\" sizes=\"(max-width: 250px) 100vw, 250px\" \/>Le r\u00e9cit de son enfance s\u2019enfonce un peu plus \u00e0 chaque page dans le sordide, jusqu\u2019\u00e0 l\u2019apoth\u00e9ose finale qui laisse le lecteur, lui aussi, assez traumatis\u00e9. On se demande si ce d\u00e9ballage d\u2019horreur n\u2019est pas gratuit et assommant. Certains appr\u00e9cieront peut-\u00eatre la retranscription du point de vue de la petite fille sur ses souvenirs d\u2019enfance, d\u2019autres seront g\u00ean\u00e9s par le manque de recul de l\u2019ensemble. <strong>Le c\u00f4t\u00e9 \u00ab j\u2019aime mon papa, j\u2019aime ma maman \u00bb de <em>La Gaiet\u00e9<\/em> semble assez immature, surtout si le personnage pr\u00e9tend vouloir effectuer une v\u00e9ritable introspection pour faire la paix avec son pass\u00e9.<\/strong><\/p>\n<p>Quant au style, il alterne humour et drame de fa\u00e7on efficace. <em>La Gaiet\u00e9<\/em> se lit vite. Cependant, les effets de style sont forc\u00e9s (c\u2019est le cas des longues \u00e9num\u00e9rations) et le ton trop autocentr\u00e9. Le personnage principal agace et ennuie. Il est possible que les m\u00e8res se reconnaissent dans les descriptions des joies et des doutes li\u00e9s \u00e0 la maternit\u00e9. L\u2019action manque \u00e0 l\u2019appel et le ton journal intime peine \u00e0 convaincre. Bref, on passe \u00e0 c\u00f4t\u00e9 de l\u2019engouement Justine L\u00e9vy, \u00e0 regret.<\/p>\n<blockquote><p>\u00ab\u00a0Avec un enfant on ne peut plus se permettre d\u2019\u00eatre triste, un point c\u2019est tout. D\u2019ailleurs j\u2019aurai bient\u00f4t plus le temps, plus l\u2019\u00e9nergie, plus la force. Et puis j\u2019en ai bien fait le tour, de la tristesse, j\u2019ai bien tout compris, je sais qu\u2019elle n\u2019est pas li\u00e9e au pr\u00e9sent, qu\u2019elle n\u2019est pas n\u00e9e non plus avec le grand chagrin d\u2019il y a dix ans, j\u2019ai compris qu\u2019elle vient de beaucoup plus loin, peut-\u00eatre de Kuala Lumpur, mais qu\u2019est-ce qui s\u2019est pass\u00e9 \u00e0 Kuala Lumpur?\u00a0\u00bb<\/p><\/blockquote>\n","protected":false},"excerpt":{"rendered":"<p>La Gaiet\u00e9, dernier roman de Justine L\u00e9vy, vient de para\u00eetre au Livre de Poche. L\u2019auteur y livre une nouvelle \u00e9tape dans la vie de son double de papier, Louise. Louise a d\u00e9cid\u00e9 de ne plus sombrer dans la tristesse, la lourde tristesse, la d\u00e9pression qui tait son nom, h\u00e9rit\u00e9e de sa m\u00e8re. Pour ses deux<\/p>\n","protected":false},"author":8,"featured_media":29508,"comment_status":"open","ping_status":"open","sticky":false,"template":"","format":"standard","meta":{"jetpack_post_was_ever_published":false,"_jetpack_newsletter_access":"","_jetpack_newsletter_tier_id":0,"footnotes":"","jetpack_publicize_message":"","jetpack_is_tweetstorm":false,"jetpack_publicize_feature_enabled":true,"jetpack_social_post_already_shared":true,"jetpack_social_options":{"image_generator_settings":{"template":"highway","enabled":false}}},"categories":[1117],"tags":[1266,1267,97],"jetpack_publicize_connections":[],"yoast_head":"<!-- This site is optimized with the Yoast SEO plugin v21.5 - https:\/\/yoast.com\/wordpress\/plugins\/seo\/ -->\n<title>La Gaiet\u00e9, petit dernier de Justine L\u00e9vy : d\u00e9prime assur\u00e9e - Les Petits Livres<\/title>\n<meta name=\"description\" content=\"La Gaiet\u00e9, dernier roman de Justine L\u00e9vy, vient de para\u00eetre au Livre de Poche. L\u2019auteur y livre une nouvelle \u00e9tape dans la vie de son double de papier, Louise.\" \/>\n<meta name=\"robots\" content=\"index, follow, max-snippet:-1, max-image-preview:large, max-video-preview:-1\" \/>\n<link rel=\"canonical\" href=\"https:\/\/smallthings.fr\/lespetitslivres\/2016\/02\/04\/gaiete-justine-levy-avis\/\" \/>\n<meta property=\"og:locale\" content=\"fr_FR\" \/>\n<meta property=\"og:type\" content=\"article\" \/>\n<meta property=\"og:title\" content=\"La Gaiet\u00e9, petit dernier de Justine L\u00e9vy : d\u00e9prime assur\u00e9e - Les Petits Livres\" \/>\n<meta property=\"og:description\" content=\"La Gaiet\u00e9, dernier roman de Justine L\u00e9vy, vient de para\u00eetre au Livre de Poche. L\u2019auteur y livre une nouvelle \u00e9tape dans la vie de son double de papier, Louise.\" \/>\n<meta property=\"og:url\" content=\"https:\/\/smallthings.fr\/lespetitslivres\/2016\/02\/04\/gaiete-justine-levy-avis\/\" \/>\n<meta property=\"og:site_name\" content=\"Les Petits Livres\" \/>\n<meta property=\"article:published_time\" content=\"2016-02-04T12:58:46+00:00\" \/>\n<meta property=\"article:modified_time\" content=\"2016-02-03T09:01:20+00:00\" \/>\n<meta property=\"og:image\" content=\"https:\/\/smallthings.fr\/lespetitslivres\/wp-content\/uploads\/2016\/02\/justine-levy-couv.jpg\" \/>\n\t<meta property=\"og:image:width\" content=\"1000\" \/>\n\t<meta property=\"og:image:height\" content=\"640\" \/>\n\t<meta property=\"og:image:type\" content=\"image\/jpeg\" \/>\n<meta name=\"author\" content=\"Lola\" \/>\n<meta name=\"twitter:card\" content=\"summary_large_image\" \/>\n<meta name=\"twitter:label1\" content=\"\u00c9crit par\" \/>\n\t<meta name=\"twitter:data1\" content=\"Lola\" \/>\n\t<meta name=\"twitter:label2\" content=\"Dur\u00e9e de lecture estim\u00e9e\" \/>\n\t<meta name=\"twitter:data2\" content=\"2 minutes\" \/>\n<script type=\"application\/ld+json\" class=\"yoast-schema-graph\">{\"@context\":\"https:\/\/schema.org\",\"@graph\":[{\"@type\":\"WebPage\",\"@id\":\"https:\/\/smallthings.fr\/lespetitslivres\/2016\/02\/04\/gaiete-justine-levy-avis\/\",\"url\":\"https:\/\/smallthings.fr\/lespetitslivres\/2016\/02\/04\/gaiete-justine-levy-avis\/\",\"name\":\"La Gaiet\u00e9, petit dernier de Justine L\u00e9vy : d\u00e9prime assur\u00e9e - Les Petits Livres\",\"isPartOf\":{\"@id\":\"https:\/\/smallthings.fr\/lespetitslivres\/#website\"},\"datePublished\":\"2016-02-04T12:58:46+00:00\",\"dateModified\":\"2016-02-03T09:01:20+00:00\",\"author\":{\"@id\":\"https:\/\/smallthings.fr\/lespetitslivres\/#\/schema\/person\/2740f045446c63eaf59a094edb250075\"},\"description\":\"La Gaiet\u00e9, dernier roman de Justine L\u00e9vy, vient de para\u00eetre au Livre de Poche. L\u2019auteur y livre une nouvelle \u00e9tape dans la vie de son double de papier, Louise.\",\"breadcrumb\":{\"@id\":\"https:\/\/smallthings.fr\/lespetitslivres\/2016\/02\/04\/gaiete-justine-levy-avis\/#breadcrumb\"},\"inLanguage\":\"fr-FR\",\"potentialAction\":[{\"@type\":\"ReadAction\",\"target\":[\"https:\/\/smallthings.fr\/lespetitslivres\/2016\/02\/04\/gaiete-justine-levy-avis\/\"]}]},{\"@type\":\"BreadcrumbList\",\"@id\":\"https:\/\/smallthings.fr\/lespetitslivres\/2016\/02\/04\/gaiete-justine-levy-avis\/#breadcrumb\",\"itemListElement\":[{\"@type\":\"ListItem\",\"position\":1,\"name\":\"Accueil\",\"item\":\"https:\/\/smallthings.fr\/lespetitslivres\/\"},{\"@type\":\"ListItem\",\"position\":2,\"name\":\"La Gaiet\u00e9, petit dernier de Justine L\u00e9vy : d\u00e9prime assur\u00e9e\"}]},{\"@type\":\"WebSite\",\"@id\":\"https:\/\/smallthings.fr\/lespetitslivres\/#website\",\"url\":\"https:\/\/smallthings.fr\/lespetitslivres\/\",\"name\":\"Les Petits Livres\",\"description\":\"by Small Things\",\"potentialAction\":[{\"@type\":\"SearchAction\",\"target\":{\"@type\":\"EntryPoint\",\"urlTemplate\":\"https:\/\/smallthings.fr\/lespetitslivres\/?s={search_term_string}\"},\"query-input\":\"required name=search_term_string\"}],\"inLanguage\":\"fr-FR\"},{\"@type\":\"Person\",\"@id\":\"https:\/\/smallthings.fr\/lespetitslivres\/#\/schema\/person\/2740f045446c63eaf59a094edb250075\",\"name\":\"Lola\",\"image\":{\"@type\":\"ImageObject\",\"inLanguage\":\"fr-FR\",\"@id\":\"https:\/\/smallthings.fr\/lespetitslivres\/#\/schema\/person\/image\/\",\"url\":\"https:\/\/secure.gravatar.com\/avatar\/50696b3ff10b9a1738ec34c08424583c?s=96&d=retro&r=g\",\"contentUrl\":\"https:\/\/secure.gravatar.com\/avatar\/50696b3ff10b9a1738ec34c08424583c?s=96&d=retro&r=g\",\"caption\":\"Lola\"},\"url\":\"https:\/\/smallthings.fr\/lespetitslivres\/author\/lola\/\"}]}<\/script>\n<!-- \/ Yoast SEO plugin. -->","yoast_head_json":{"title":"La Gaiet\u00e9, petit dernier de Justine L\u00e9vy : d\u00e9prime assur\u00e9e - Les Petits Livres","description":"La Gaiet\u00e9, dernier roman de Justine L\u00e9vy, vient de para\u00eetre au Livre de Poche. L\u2019auteur y livre une nouvelle \u00e9tape dans la vie de son double de papier, Louise.","robots":{"index":"index","follow":"follow","max-snippet":"max-snippet:-1","max-image-preview":"max-image-preview:large","max-video-preview":"max-video-preview:-1"},"canonical":"https:\/\/smallthings.fr\/lespetitslivres\/2016\/02\/04\/gaiete-justine-levy-avis\/","og_locale":"fr_FR","og_type":"article","og_title":"La Gaiet\u00e9, petit dernier de Justine L\u00e9vy : d\u00e9prime assur\u00e9e - Les Petits Livres","og_description":"La Gaiet\u00e9, dernier roman de Justine L\u00e9vy, vient de para\u00eetre au Livre de Poche. L\u2019auteur y livre une nouvelle \u00e9tape dans la vie de son double de papier, Louise.","og_url":"https:\/\/smallthings.fr\/lespetitslivres\/2016\/02\/04\/gaiete-justine-levy-avis\/","og_site_name":"Les Petits Livres","article_published_time":"2016-02-04T12:58:46+00:00","article_modified_time":"2016-02-03T09:01:20+00:00","og_image":[{"width":1000,"height":640,"url":"https:\/\/smallthings.fr\/lespetitslivres\/wp-content\/uploads\/2016\/02\/justine-levy-couv.jpg","type":"image\/jpeg"}],"author":"Lola","twitter_card":"summary_large_image","twitter_misc":{"\u00c9crit par":"Lola","Dur\u00e9e de lecture estim\u00e9e":"2 minutes"},"schema":{"@context":"https:\/\/schema.org","@graph":[{"@type":"WebPage","@id":"https:\/\/smallthings.fr\/lespetitslivres\/2016\/02\/04\/gaiete-justine-levy-avis\/","url":"https:\/\/smallthings.fr\/lespetitslivres\/2016\/02\/04\/gaiete-justine-levy-avis\/","name":"La Gaiet\u00e9, petit dernier de Justine L\u00e9vy : d\u00e9prime assur\u00e9e - Les Petits Livres","isPartOf":{"@id":"https:\/\/smallthings.fr\/lespetitslivres\/#website"},"datePublished":"2016-02-04T12:58:46+00:00","dateModified":"2016-02-03T09:01:20+00:00","author":{"@id":"https:\/\/smallthings.fr\/lespetitslivres\/#\/schema\/person\/2740f045446c63eaf59a094edb250075"},"description":"La Gaiet\u00e9, dernier roman de Justine L\u00e9vy, vient de para\u00eetre au Livre de Poche. L\u2019auteur y livre une nouvelle \u00e9tape dans la vie de son double de papier, Louise.","breadcrumb":{"@id":"https:\/\/smallthings.fr\/lespetitslivres\/2016\/02\/04\/gaiete-justine-levy-avis\/#breadcrumb"},"inLanguage":"fr-FR","potentialAction":[{"@type":"ReadAction","target":["https:\/\/smallthings.fr\/lespetitslivres\/2016\/02\/04\/gaiete-justine-levy-avis\/"]}]},{"@type":"BreadcrumbList","@id":"https:\/\/smallthings.fr\/lespetitslivres\/2016\/02\/04\/gaiete-justine-levy-avis\/#breadcrumb","itemListElement":[{"@type":"ListItem","position":1,"name":"Accueil","item":"https:\/\/smallthings.fr\/lespetitslivres\/"},{"@type":"ListItem","position":2,"name":"La Gaiet\u00e9, petit dernier de Justine L\u00e9vy : d\u00e9prime assur\u00e9e"}]},{"@type":"WebSite","@id":"https:\/\/smallthings.fr\/lespetitslivres\/#website","url":"https:\/\/smallthings.fr\/lespetitslivres\/","name":"Les Petits Livres","description":"by Small Things","potentialAction":[{"@type":"SearchAction","target":{"@type":"EntryPoint","urlTemplate":"https:\/\/smallthings.fr\/lespetitslivres\/?s={search_term_string}"},"query-input":"required name=search_term_string"}],"inLanguage":"fr-FR"},{"@type":"Person","@id":"https:\/\/smallthings.fr\/lespetitslivres\/#\/schema\/person\/2740f045446c63eaf59a094edb250075","name":"Lola","image":{"@type":"ImageObject","inLanguage":"fr-FR","@id":"https:\/\/smallthings.fr\/lespetitslivres\/#\/schema\/person\/image\/","url":"https:\/\/secure.gravatar.com\/avatar\/50696b3ff10b9a1738ec34c08424583c?s=96&d=retro&r=g","contentUrl":"https:\/\/secure.gravatar.com\/avatar\/50696b3ff10b9a1738ec34c08424583c?s=96&d=retro&r=g","caption":"Lola"},"url":"https:\/\/smallthings.fr\/lespetitslivres\/author\/lola\/"}]}},"jetpack_featured_media_url":"https:\/\/smallthings.fr\/lespetitslivres\/wp-content\/uploads\/2016\/02\/justine-levy-couv.jpg","jetpack_sharing_enabled":true,"jetpack_shortlink":"https:\/\/wp.me\/p6Un21-7FV","jetpack-related-posts":[{"id":32094,"url":"https:\/\/smallthings.fr\/lespetitslivres\/2020\/04\/27\/stephanie-butland-roman\/","url_meta":{"origin":29507,"position":0},"title":"St\u00e9phanie Butland : comment un secret peut d\u00e9truire votre vie ?","author":"Jennifer","date":"27 avril 2020","format":false,"excerpt":"J\u2019aime tout ce qui me rappelle que je ne suis pas seule \u00e0 souffrir sur cette terre est un roman de St\u00e9phanie Butland. Sorti en poche chez Milady en novembre dernier, ce livre est parfait pour lire sur un transat, comme au coin de la chemin\u00e9e. Vous passerez un bon\u2026","rel":"","context":"Dans &quot;Roman \u00e9tranger&quot;","block_context":{"text":"Roman \u00e9tranger","link":"https:\/\/smallthings.fr\/lespetitslivres\/category\/roman\/roman-etranger\/"},"img":{"alt_text":"","src":"https:\/\/i0.wp.com\/smallthings.fr\/lespetitslivres\/wp-content\/uploads\/2020\/04\/St\u00e9phanie-Butland-2.jpg?resize=350%2C200&ssl=1","width":350,"height":200,"srcset":"https:\/\/i0.wp.com\/smallthings.fr\/lespetitslivres\/wp-content\/uploads\/2020\/04\/St\u00e9phanie-Butland-2.jpg?resize=350%2C200&ssl=1 1x, https:\/\/i0.wp.com\/smallthings.fr\/lespetitslivres\/wp-content\/uploads\/2020\/04\/St\u00e9phanie-Butland-2.jpg?resize=525%2C300&ssl=1 1.5x, https:\/\/i0.wp.com\/smallthings.fr\/lespetitslivres\/wp-content\/uploads\/2020\/04\/St\u00e9phanie-Butland-2.jpg?resize=700%2C400&ssl=1 2x, https:\/\/i0.wp.com\/smallthings.fr\/lespetitslivres\/wp-content\/uploads\/2020\/04\/St\u00e9phanie-Butland-2.jpg?resize=1050%2C600&ssl=1 3x, https:\/\/i0.wp.com\/smallthings.fr\/lespetitslivres\/wp-content\/uploads\/2020\/04\/St\u00e9phanie-Butland-2.jpg?resize=1400%2C800&ssl=1 4x"},"classes":[]},{"id":29121,"url":"https:\/\/smallthings.fr\/lespetitslivres\/2015\/11\/14\/reste-avec-moi-warman-critique\/","url_meta":{"origin":29507,"position":1},"title":"Reste avec moi, le livre entre deux mondes de Jessica Warman","author":"Jennifer","date":"14 novembre 2015","format":false,"excerpt":"Reste avec moi de Jessica Warman est sorti le 14 octobre dernier en format poche aux \u00e9ditions Pocket Jeunesse. Il raconte l\u2019histoire d\u2019Elizabeth, jeune fille au comportement ex\u00e9crable, qui va \u00eatre tu\u00e9e le jour de son 18\u00e8me anniversaire. Coinc\u00e9e entre le monde des vivants et celui des morts, elle va\u2026","rel":"","context":"Dans &quot;Fantastique&quot;","block_context":{"text":"Fantastique","link":"https:\/\/smallthings.fr\/lespetitslivres\/category\/imaginaire\/fantastique\/"},"img":{"alt_text":"","src":"https:\/\/i0.wp.com\/smallthings.fr\/lespetitslivres\/wp-content\/uploads\/2015\/11\/reste-avec-moi-couv.jpg?resize=350%2C200&ssl=1","width":350,"height":200},"classes":[]},{"id":29946,"url":"https:\/\/smallthings.fr\/lespetitslivres\/2016\/05\/12\/jan-enfance-claudine-desmarteau-critique\/","url_meta":{"origin":29507,"position":2},"title":"Jan : l&rsquo;enfance r\u00e9volt\u00e9e, par Claudine Desmarteau","author":"Claire","date":"12 mai 2016","format":false,"excerpt":"Jan a beau \u00eatre estampill\u00e9 \"roman jeunesse\" sur le site des \u00e9ditions Thierry Magnier, le livre s'adresse, de par son sujet grave, \u00e0 tout type de public. Claudine Desmarteau, par ailleurs auteur d'albums jeunesse, ma\u00eetrise son sujet et nous entra\u00eene avec brio dans les pens\u00e9es d'une petite fille perdue. La\u2026","rel":"","context":"Dans &quot;Roman fran\u00e7ais&quot;","block_context":{"text":"Roman fran\u00e7ais","link":"https:\/\/smallthings.fr\/lespetitslivres\/category\/roman\/roman-francais\/"},"img":{"alt_text":"","src":"https:\/\/i0.wp.com\/smallthings.fr\/lespetitslivres\/wp-content\/uploads\/2016\/05\/jan-doinel-couv.jpg?resize=350%2C200&ssl=1","width":350,"height":200,"srcset":"https:\/\/i0.wp.com\/smallthings.fr\/lespetitslivres\/wp-content\/uploads\/2016\/05\/jan-doinel-couv.jpg?resize=350%2C200&ssl=1 1x, https:\/\/i0.wp.com\/smallthings.fr\/lespetitslivres\/wp-content\/uploads\/2016\/05\/jan-doinel-couv.jpg?resize=525%2C300&ssl=1 1.5x, https:\/\/i0.wp.com\/smallthings.fr\/lespetitslivres\/wp-content\/uploads\/2016\/05\/jan-doinel-couv.jpg?resize=700%2C400&ssl=1 2x"},"classes":[]},{"id":30635,"url":"https:\/\/smallthings.fr\/lespetitslivres\/2017\/01\/08\/heritage-rois-passeurs-fargetton-avis\/","url_meta":{"origin":29507,"position":3},"title":"L\u2019H\u00e9ritage des Rois Passeurs : un roman de fantasy \u00e9poustouflant","author":"Jennifer","date":"8 janvier 2017","format":false,"excerpt":"L\u2019H\u00e9ritage des Rois Passeurs est un roman de\u00a0Manon Fargetton, sorti en format poche chez Milady en novembre dernier. Un livre de fantasy exceptionnel qui nous emm\u00e8ne dans un monde de magie dont le destin repose sur les \u00e9paules de deux femmes hors du commun. Manon Fargetton a re\u00e7u le Prix\u2026","rel":"","context":"Dans &quot;Fantasy&quot;","block_context":{"text":"Fantasy","link":"https:\/\/smallthings.fr\/lespetitslivres\/category\/imaginaire\/fantasy\/"},"img":{"alt_text":"","src":"https:\/\/i0.wp.com\/smallthings.fr\/lespetitslivres\/wp-content\/uploads\/2017\/01\/Lh\u00e9ritage-des-rois-passeurs-manon-fargetton-3.jpg?resize=350%2C200&ssl=1","width":350,"height":200,"srcset":"https:\/\/i0.wp.com\/smallthings.fr\/lespetitslivres\/wp-content\/uploads\/2017\/01\/Lh\u00e9ritage-des-rois-passeurs-manon-fargetton-3.jpg?resize=350%2C200&ssl=1 1x, https:\/\/i0.wp.com\/smallthings.fr\/lespetitslivres\/wp-content\/uploads\/2017\/01\/Lh\u00e9ritage-des-rois-passeurs-manon-fargetton-3.jpg?resize=525%2C300&ssl=1 1.5x"},"classes":[]},{"id":27375,"url":"https:\/\/smallthings.fr\/lespetitslivres\/2015\/09\/24\/scratch-new-adult-rhonda-helms-avis\/","url_meta":{"origin":29507,"position":4},"title":"Scratch, le roman new-adult de Rhonda Helms","author":"Jennifer","date":"24 septembre 2015","format":false,"excerpt":"Scratch est un roman de Rhonda Helms qui est sorti chez Milady (coll. Romance) le 18 septembre dernier. Il raconte l\u2019histoire de Casey, une jeune fille hant\u00e9e par le traumatisme qu\u2019elle a v\u00e9cu \u00e0 l\u2019adolescence. Elle va rencontrer Daniel, un homme qui va tenter de percer les myst\u00e8res de sa\u2026","rel":"","context":"Dans &quot;Roman \u00e9tranger&quot;","block_context":{"text":"Roman \u00e9tranger","link":"https:\/\/smallthings.fr\/lespetitslivres\/category\/roman\/roman-etranger\/"},"img":{"alt_text":"","src":"https:\/\/i0.wp.com\/smallthings.fr\/wp-content\/uploads\/2015\/09\/scratch-200x300.jpg?resize=350%2C200","width":350,"height":200},"classes":[]},{"id":16297,"url":"https:\/\/smallthings.fr\/lespetitslivres\/2014\/09\/04\/pas-termine-verite-affaire-harry-quebert\/","url_meta":{"origin":29507,"position":5},"title":"Pourquoi je n&rsquo;ai pas termin\u00e9 \u00ab\u00a0La V\u00e9rit\u00e9 sur l&rsquo;affaire Harry Qu\u00e9bert\u00a0\u00bb","author":"Claire","date":"4 septembre 2014","format":false,"excerpt":"Il y a quelques mois, j'\u00e9crivais avec enthousiasme avoir acquis la version poche de La V\u00e9rit\u00e9 sur l'affaire Harry Qu\u00e9bert, roman \u00e0 succ\u00e8s de Jo\u00ebl Dicker, laur\u00e9at de plusieurs prix litt\u00e9raires en 2012, tels que le Goncourt des lyc\u00e9ens, et le Grand Prix de l'Acad\u00e9mie Fran\u00e7aise, rien que \u00e7a. Cependant,\u2026","rel":"","context":"Dans &quot;Roman fran\u00e7ais&quot;","block_context":{"text":"Roman fran\u00e7ais","link":"https:\/\/smallthings.fr\/lespetitslivres\/category\/roman\/roman-francais\/"},"img":{"alt_text":"","src":"","width":0,"height":0},"classes":[]}],"_links":{"self":[{"href":"https:\/\/smallthings.fr\/lespetitslivres\/wp-json\/wp\/v2\/posts\/29507"}],"collection":[{"href":"https:\/\/smallthings.fr\/lespetitslivres\/wp-json\/wp\/v2\/posts"}],"about":[{"href":"https:\/\/smallthings.fr\/lespetitslivres\/wp-json\/wp\/v2\/types\/post"}],"author":[{"embeddable":true,"href":"https:\/\/smallthings.fr\/lespetitslivres\/wp-json\/wp\/v2\/users\/8"}],"replies":[{"embeddable":true,"href":"https:\/\/smallthings.fr\/lespetitslivres\/wp-json\/wp\/v2\/comments?post=29507"}],"version-history":[{"count":3,"href":"https:\/\/smallthings.fr\/lespetitslivres\/wp-json\/wp\/v2\/posts\/29507\/revisions"}],"predecessor-version":[{"id":29512,"href":"https:\/\/smallthings.fr\/lespetitslivres\/wp-json\/wp\/v2\/posts\/29507\/revisions\/29512"}],"wp:featuredmedia":[{"embeddable":true,"href":"https:\/\/smallthings.fr\/lespetitslivres\/wp-json\/wp\/v2\/media\/29508"}],"wp:attachment":[{"href":"https:\/\/smallthings.fr\/lespetitslivres\/wp-json\/wp\/v2\/media?parent=29507"}],"wp:term":[{"taxonomy":"category","embeddable":true,"href":"https:\/\/smallthings.fr\/lespetitslivres\/wp-json\/wp\/v2\/categories?post=29507"},{"taxonomy":"post_tag","embeddable":true,"href":"https:\/\/smallthings.fr\/lespetitslivres\/wp-json\/wp\/v2\/tags?post=29507"}],"curies":[{"name":"wp","href":"https:\/\/api.w.org\/{rel}","templated":true}]}}