{"id":29490,"date":"2016-02-01T14:18:36","date_gmt":"2016-02-01T13:18:36","guid":{"rendered":"http:\/\/smallthings.fr\/lespetitslivres\/?p=29490"},"modified":"2016-02-01T14:22:12","modified_gmt":"2016-02-01T13:22:12","slug":"visions-de-feu-gillian-anderson","status":"publish","type":"post","link":"https:\/\/smallthings.fr\/lespetitslivres\/2016\/02\/01\/visions-de-feu-gillian-anderson\/","title":{"rendered":"Visions de feu : le roman de Gillian Anderson alias Dana Scully"},"content":{"rendered":"<h2><em>Visions de Feu<\/em> est le premier tome de la saga <em>Earthend<\/em>, \u00e0 para\u00eetre le 3 f\u00e9vrier prochain chez <a href=\"http:\/\/www.bragelonne.fr\/livres\/View\/visions-de-feu\" target=\"_blank\">Bragelonne<\/a>. \u00c9crit par Gillian Anderson, la c\u00e9l\u00e8bre actrice, et Jeff Rovin, auteur de plus de 130 ouvrages, ce roman de science-fiction est tr\u00e8s r\u00e9ussi. Quand des adolescents sans aucun lien commencent \u00e0 avoir les m\u00eames sympt\u00f4mes \u00e9tranges, la psychologue Caitlin O\u2019Hara d\u00e9cide de mener l\u2019enqu\u00eate.<\/h2>\n<p><img loading=\"lazy\" decoding=\"async\" data-attachment-id=\"29492\" data-permalink=\"https:\/\/smallthings.fr\/lespetitslivres\/2016\/02\/01\/visions-de-feu-gillian-anderson\/visions-de-feu\/\" data-orig-file=\"https:\/\/smallthings.fr\/lespetitslivres\/wp-content\/uploads\/2016\/02\/visions-de-feu.jpg\" data-orig-size=\"1400,2179\" data-comments-opened=\"1\" data-image-meta=\"{&quot;aperture&quot;:&quot;0&quot;,&quot;credit&quot;:&quot;&quot;,&quot;camera&quot;:&quot;&quot;,&quot;caption&quot;:&quot;&quot;,&quot;created_timestamp&quot;:&quot;0&quot;,&quot;copyright&quot;:&quot;&quot;,&quot;focal_length&quot;:&quot;0&quot;,&quot;iso&quot;:&quot;0&quot;,&quot;shutter_speed&quot;:&quot;0&quot;,&quot;title&quot;:&quot;&quot;,&quot;orientation&quot;:&quot;0&quot;}\" data-image-title=\"visions-de-feu\" data-image-description=\"\" data-image-caption=\"\" data-medium-file=\"https:\/\/smallthings.fr\/lespetitslivres\/wp-content\/uploads\/2016\/02\/visions-de-feu-193x300.jpg\" data-large-file=\"https:\/\/smallthings.fr\/lespetitslivres\/wp-content\/uploads\/2016\/02\/visions-de-feu-658x1024.jpg\" class=\"alignright wp-image-29492\" src=\"http:\/\/smallthings.fr\/lespetitslivres\/wp-content\/uploads\/2016\/02\/visions-de-feu-658x1024.jpg\" alt=\"visions-de-feu\" width=\"343\" height=\"533\" srcset=\"https:\/\/smallthings.fr\/lespetitslivres\/wp-content\/uploads\/2016\/02\/visions-de-feu-658x1024.jpg 658w, https:\/\/smallthings.fr\/lespetitslivres\/wp-content\/uploads\/2016\/02\/visions-de-feu-193x300.jpg 193w, https:\/\/smallthings.fr\/lespetitslivres\/wp-content\/uploads\/2016\/02\/visions-de-feu-768x1195.jpg 768w, https:\/\/smallthings.fr\/lespetitslivres\/wp-content\/uploads\/2016\/02\/visions-de-feu-987x1536.jpg 987w, https:\/\/smallthings.fr\/lespetitslivres\/wp-content\/uploads\/2016\/02\/visions-de-feu-1316x2048.jpg 1316w, https:\/\/smallthings.fr\/lespetitslivres\/wp-content\/uploads\/2016\/02\/visions-de-feu.jpg 1400w\" sizes=\"(max-width: 343px) 100vw, 343px\" \/>\u00c9tats-Unis. La fille du pr\u00e9sident indien \u00e0 l\u2019ONU se met \u00e0 parler une langue qui n\u2019existe pas et tente de s\u2019\u00e9corcher les bras. L\u2019affaire ne doit pas s\u2019\u00e9bruiter car son p\u00e8re est en train de n\u00e9gocier un accord de paix entre l\u2019Inde et le Pakistan qui menacent d\u2019utiliser des armes nucl\u00e9aires. Il ne doit pas perdre sa cr\u00e9dibilit\u00e9 alors il va contacter la seule personne capable de r\u00e9soudre ce myst\u00e8re. Caitlin O\u2019Hara est appel\u00e9e \u00e0 la rescousse pour traiter Maanik, mais elle se rend rapidement compte qu\u2019elle est d\u00e9pass\u00e9e. Et quand partout dans le monde d\u2019autres adolescents comment \u00e0 avoir les m\u00eames sympt\u00f4mes, Caitlin comprend que ses certitudes doivent \u00eatre remises en question et qu\u2019une civilisation disparue est en train de prendre le contr\u00f4le de ces jeunes.<\/p>\n<p><strong><em>Visions de Feu<\/em> est l\u2019un de ses romans qui arrivent \u00e0 vous envo\u00fbter d\u00e8s le premier chapitre<\/strong>. L\u2019intrigue est tr\u00e8s bien cr\u00e9\u00e9e et les explications sont donn\u00e9es avec parcimonie pour faire durer le suspense. <strong>Le duo Anderson-Rovin fonctionne \u00e0 merveille<\/strong>. Il arrive \u00e0 donner corps aux personnages, si bien que le lecteur s\u2019imagine vivre ses ph\u00e9nom\u00e8nes inexplicables avec Caitlin et tente de trouver une solution pour sauver Maanik, une jeune fille qui ne parle presque pas pendant tout le roman mais dont on se sent proche rapidement. C\u2019est \u00e0 cela qu\u2019on reconna\u00eet les grands auteurs : l\u2019\u00e9criture se laisse oublier pour immerger compl\u00e9tement le lecteur dans l\u2019aventure.<\/p>\n<div id=\"attachment_29493\" style=\"width: 242px\" class=\"wp-caption alignleft\"><img loading=\"lazy\" decoding=\"async\" aria-describedby=\"caption-attachment-29493\" data-attachment-id=\"29493\" data-permalink=\"https:\/\/smallthings.fr\/lespetitslivres\/2016\/02\/01\/visions-de-feu-gillian-anderson\/visions-de-feu-gillian-anderson\/\" data-orig-file=\"https:\/\/smallthings.fr\/lespetitslivres\/wp-content\/uploads\/2016\/02\/visions-de-feu-gillian-anderson.jpg\" data-orig-size=\"960,960\" data-comments-opened=\"1\" data-image-meta=\"{&quot;aperture&quot;:&quot;0&quot;,&quot;credit&quot;:&quot;&quot;,&quot;camera&quot;:&quot;&quot;,&quot;caption&quot;:&quot;&quot;,&quot;created_timestamp&quot;:&quot;0&quot;,&quot;copyright&quot;:&quot;&quot;,&quot;focal_length&quot;:&quot;0&quot;,&quot;iso&quot;:&quot;0&quot;,&quot;shutter_speed&quot;:&quot;0&quot;,&quot;title&quot;:&quot;&quot;,&quot;orientation&quot;:&quot;0&quot;}\" data-image-title=\"visions-de-feu-gillian-anderson\" data-image-description=\"\" data-image-caption=\"&lt;p&gt;Gillian Anderson, co-auteure de Visions de feu&lt;\/p&gt;\n\" data-medium-file=\"https:\/\/smallthings.fr\/lespetitslivres\/wp-content\/uploads\/2016\/02\/visions-de-feu-gillian-anderson-300x300.jpg\" data-large-file=\"https:\/\/smallthings.fr\/lespetitslivres\/wp-content\/uploads\/2016\/02\/visions-de-feu-gillian-anderson.jpg\" class=\" wp-image-29493\" src=\"http:\/\/smallthings.fr\/lespetitslivres\/wp-content\/uploads\/2016\/02\/visions-de-feu-gillian-anderson.jpg\" alt=\"Gillian Anderson, co-auteure de Visions de feu\" width=\"232\" height=\"232\" srcset=\"https:\/\/smallthings.fr\/lespetitslivres\/wp-content\/uploads\/2016\/02\/visions-de-feu-gillian-anderson.jpg 960w, https:\/\/smallthings.fr\/lespetitslivres\/wp-content\/uploads\/2016\/02\/visions-de-feu-gillian-anderson-300x300.jpg 300w, https:\/\/smallthings.fr\/lespetitslivres\/wp-content\/uploads\/2016\/02\/visions-de-feu-gillian-anderson-150x150.jpg 150w, https:\/\/smallthings.fr\/lespetitslivres\/wp-content\/uploads\/2016\/02\/visions-de-feu-gillian-anderson-768x768.jpg 768w, https:\/\/smallthings.fr\/lespetitslivres\/wp-content\/uploads\/2016\/02\/visions-de-feu-gillian-anderson-83x83.jpg 83w, https:\/\/smallthings.fr\/lespetitslivres\/wp-content\/uploads\/2016\/02\/visions-de-feu-gillian-anderson-55x55.jpg 55w\" sizes=\"(max-width: 232px) 100vw, 232px\" \/><p id=\"caption-attachment-29493\" class=\"wp-caption-text\">Gillian Anderson, co-auteure de Visions de feu<\/p><\/div>\n<p><em>Visions de Feu<\/em>, premier tome d&rsquo;<em>Earthend<\/em>, est un livre captivant. L\u2019intrigue est v\u00e9ritablement bien men\u00e9e et tout est \u00e0 sa place. La fin est juste incroyable et nous laisse dans le suspense. Il ne faudra pourtant pas attendre longtemps la sortie du second volet, <em>R\u00eaves de Glace<\/em>, qui devrait normalement sortir fin avril. Petit conseil : une fois <em>Visions de Feu<\/em> termin\u00e9, n\u2019allez pas lire le r\u00e9sum\u00e9 du tome suivant\u2026. Vous serez encore plus impatients !<\/p>\n<blockquote><p>\u00ab Lorsque la gouvernante fit entrer Caitlin dans la chambre de Maanik, la psychiatre dut r\u00e9primer un mouvement de recul. L\u2019adolescente \u00e9tait debout, en pyjama, et se d\u00e9battait entre les bras de sa m\u00e8re sans \u00e9mettre le moindre son. Pourtant, les muscles de son cou \u00e9taient tendus \u00e0 se rompre et sa bouche si grande ouverte que sa l\u00e8vre inf\u00e9rieure s\u2019\u00e9tait fendue. Son abdomen se gonflait au m\u00eame rythme que les tendons de son cou. De toute \u00e9vidence, elle hurlait de toutes ses forces\u2026 mais en silence. \u00bb<\/p><\/blockquote>\n","protected":false},"excerpt":{"rendered":"<p>Visions de Feu est le premier tome de la saga Earthend, \u00e0 para\u00eetre le 3 f\u00e9vrier prochain chez Bragelonne. \u00c9crit par Gillian Anderson, la c\u00e9l\u00e8bre actrice, et Jeff Rovin, auteur de plus de 130 ouvrages, ce roman de science-fiction est tr\u00e8s r\u00e9ussi. Quand des adolescents sans aucun lien commencent \u00e0 avoir les m\u00eames sympt\u00f4mes \u00e9tranges,<\/p>\n","protected":false},"author":14,"featured_media":29491,"comment_status":"open","ping_status":"open","sticky":false,"template":"","format":"standard","meta":{"jetpack_post_was_ever_published":false,"_jetpack_newsletter_access":"","_jetpack_newsletter_tier_id":0,"footnotes":"","jetpack_publicize_message":"","jetpack_is_tweetstorm":false,"jetpack_publicize_feature_enabled":true,"jetpack_social_post_already_shared":true,"jetpack_social_options":{"image_generator_settings":{"template":"highway","enabled":false}}},"categories":[1151],"tags":[1263,1262,1261],"jetpack_publicize_connections":[],"yoast_head":"<!-- This site is optimized with the Yoast SEO plugin v21.5 - https:\/\/yoast.com\/wordpress\/plugins\/seo\/ -->\n<title>Visions de feu : le roman de Gillian Anderson alias Dana Scully - Les Petits Livres<\/title>\n<meta name=\"description\" content=\"Visions de Feu est le premier tome de la saga Earthend, \u00e0 para\u00eetre le 3 f\u00e9vrier prochain chez Bragelonne. \u00c9crit par Gillian Anderson,\" \/>\n<meta name=\"robots\" content=\"index, follow, max-snippet:-1, max-image-preview:large, max-video-preview:-1\" \/>\n<link rel=\"canonical\" href=\"https:\/\/smallthings.fr\/lespetitslivres\/2016\/02\/01\/visions-de-feu-gillian-anderson\/\" \/>\n<meta property=\"og:locale\" content=\"fr_FR\" \/>\n<meta property=\"og:type\" content=\"article\" \/>\n<meta property=\"og:title\" content=\"Visions de feu : le roman de Gillian Anderson alias Dana Scully - Les Petits Livres\" \/>\n<meta property=\"og:description\" content=\"Visions de Feu est le premier tome de la saga Earthend, \u00e0 para\u00eetre le 3 f\u00e9vrier prochain chez Bragelonne. \u00c9crit par Gillian Anderson,\" \/>\n<meta property=\"og:url\" content=\"https:\/\/smallthings.fr\/lespetitslivres\/2016\/02\/01\/visions-de-feu-gillian-anderson\/\" \/>\n<meta property=\"og:site_name\" content=\"Les Petits Livres\" \/>\n<meta property=\"article:published_time\" content=\"2016-02-01T13:18:36+00:00\" \/>\n<meta property=\"article:modified_time\" content=\"2016-02-01T13:22:12+00:00\" \/>\n<meta property=\"og:image\" content=\"https:\/\/i0.wp.com\/smallthings.fr\/lespetitslivres\/wp-content\/uploads\/2016\/02\/visions-de-feu-couv.jpg?fit=1168%2C636&ssl=1\" \/>\n\t<meta property=\"og:image:width\" content=\"1168\" \/>\n\t<meta property=\"og:image:height\" content=\"636\" \/>\n\t<meta property=\"og:image:type\" content=\"image\/jpeg\" \/>\n<meta name=\"author\" content=\"Jennifer\" \/>\n<meta name=\"twitter:card\" content=\"summary_large_image\" \/>\n<meta name=\"twitter:label1\" content=\"\u00c9crit par\" \/>\n\t<meta name=\"twitter:data1\" content=\"Jennifer\" \/>\n\t<meta name=\"twitter:label2\" content=\"Dur\u00e9e de lecture estim\u00e9e\" \/>\n\t<meta name=\"twitter:data2\" content=\"3 minutes\" \/>\n<script type=\"application\/ld+json\" class=\"yoast-schema-graph\">{\"@context\":\"https:\/\/schema.org\",\"@graph\":[{\"@type\":\"WebPage\",\"@id\":\"https:\/\/smallthings.fr\/lespetitslivres\/2016\/02\/01\/visions-de-feu-gillian-anderson\/\",\"url\":\"https:\/\/smallthings.fr\/lespetitslivres\/2016\/02\/01\/visions-de-feu-gillian-anderson\/\",\"name\":\"Visions de feu : le roman de Gillian Anderson alias Dana Scully - Les Petits Livres\",\"isPartOf\":{\"@id\":\"https:\/\/smallthings.fr\/lespetitslivres\/#website\"},\"datePublished\":\"2016-02-01T13:18:36+00:00\",\"dateModified\":\"2016-02-01T13:22:12+00:00\",\"author\":{\"@id\":\"https:\/\/smallthings.fr\/lespetitslivres\/#\/schema\/person\/bb8808220f912e72f01f7a55924d9ad1\"},\"description\":\"Visions de Feu est le premier tome de la saga Earthend, \u00e0 para\u00eetre le 3 f\u00e9vrier prochain chez Bragelonne. \u00c9crit par Gillian Anderson,\",\"breadcrumb\":{\"@id\":\"https:\/\/smallthings.fr\/lespetitslivres\/2016\/02\/01\/visions-de-feu-gillian-anderson\/#breadcrumb\"},\"inLanguage\":\"fr-FR\",\"potentialAction\":[{\"@type\":\"ReadAction\",\"target\":[\"https:\/\/smallthings.fr\/lespetitslivres\/2016\/02\/01\/visions-de-feu-gillian-anderson\/\"]}]},{\"@type\":\"BreadcrumbList\",\"@id\":\"https:\/\/smallthings.fr\/lespetitslivres\/2016\/02\/01\/visions-de-feu-gillian-anderson\/#breadcrumb\",\"itemListElement\":[{\"@type\":\"ListItem\",\"position\":1,\"name\":\"Accueil\",\"item\":\"https:\/\/smallthings.fr\/lespetitslivres\/\"},{\"@type\":\"ListItem\",\"position\":2,\"name\":\"Visions de feu : le roman de Gillian Anderson alias Dana Scully\"}]},{\"@type\":\"WebSite\",\"@id\":\"https:\/\/smallthings.fr\/lespetitslivres\/#website\",\"url\":\"https:\/\/smallthings.fr\/lespetitslivres\/\",\"name\":\"Les Petits Livres\",\"description\":\"by Small Things\",\"potentialAction\":[{\"@type\":\"SearchAction\",\"target\":{\"@type\":\"EntryPoint\",\"urlTemplate\":\"https:\/\/smallthings.fr\/lespetitslivres\/?s={search_term_string}\"},\"query-input\":\"required name=search_term_string\"}],\"inLanguage\":\"fr-FR\"},{\"@type\":\"Person\",\"@id\":\"https:\/\/smallthings.fr\/lespetitslivres\/#\/schema\/person\/bb8808220f912e72f01f7a55924d9ad1\",\"name\":\"Jennifer\",\"image\":{\"@type\":\"ImageObject\",\"inLanguage\":\"fr-FR\",\"@id\":\"https:\/\/smallthings.fr\/lespetitslivres\/#\/schema\/person\/image\/\",\"url\":\"https:\/\/secure.gravatar.com\/avatar\/ffcd6b107b6b18c3d5201f1bcc631683?s=96&d=retro&r=g\",\"contentUrl\":\"https:\/\/secure.gravatar.com\/avatar\/ffcd6b107b6b18c3d5201f1bcc631683?s=96&d=retro&r=g\",\"caption\":\"Jennifer\"},\"url\":\"https:\/\/smallthings.fr\/lespetitslivres\/author\/jennifer\/\"}]}<\/script>\n<!-- \/ Yoast SEO plugin. -->","yoast_head_json":{"title":"Visions de feu : le roman de Gillian Anderson alias Dana Scully - Les Petits Livres","description":"Visions de Feu est le premier tome de la saga Earthend, \u00e0 para\u00eetre le 3 f\u00e9vrier prochain chez Bragelonne. \u00c9crit par Gillian Anderson,","robots":{"index":"index","follow":"follow","max-snippet":"max-snippet:-1","max-image-preview":"max-image-preview:large","max-video-preview":"max-video-preview:-1"},"canonical":"https:\/\/smallthings.fr\/lespetitslivres\/2016\/02\/01\/visions-de-feu-gillian-anderson\/","og_locale":"fr_FR","og_type":"article","og_title":"Visions de feu : le roman de Gillian Anderson alias Dana Scully - Les Petits Livres","og_description":"Visions de Feu est le premier tome de la saga Earthend, \u00e0 para\u00eetre le 3 f\u00e9vrier prochain chez Bragelonne. \u00c9crit par Gillian Anderson,","og_url":"https:\/\/smallthings.fr\/lespetitslivres\/2016\/02\/01\/visions-de-feu-gillian-anderson\/","og_site_name":"Les Petits Livres","article_published_time":"2016-02-01T13:18:36+00:00","article_modified_time":"2016-02-01T13:22:12+00:00","og_image":[{"width":1168,"height":636,"url":"https:\/\/i0.wp.com\/smallthings.fr\/lespetitslivres\/wp-content\/uploads\/2016\/02\/visions-de-feu-couv.jpg?fit=1168%2C636&ssl=1","type":"image\/jpeg"}],"author":"Jennifer","twitter_card":"summary_large_image","twitter_misc":{"\u00c9crit par":"Jennifer","Dur\u00e9e de lecture estim\u00e9e":"3 minutes"},"schema":{"@context":"https:\/\/schema.org","@graph":[{"@type":"WebPage","@id":"https:\/\/smallthings.fr\/lespetitslivres\/2016\/02\/01\/visions-de-feu-gillian-anderson\/","url":"https:\/\/smallthings.fr\/lespetitslivres\/2016\/02\/01\/visions-de-feu-gillian-anderson\/","name":"Visions de feu : le roman de Gillian Anderson alias Dana Scully - Les Petits Livres","isPartOf":{"@id":"https:\/\/smallthings.fr\/lespetitslivres\/#website"},"datePublished":"2016-02-01T13:18:36+00:00","dateModified":"2016-02-01T13:22:12+00:00","author":{"@id":"https:\/\/smallthings.fr\/lespetitslivres\/#\/schema\/person\/bb8808220f912e72f01f7a55924d9ad1"},"description":"Visions de Feu est le premier tome de la saga Earthend, \u00e0 para\u00eetre le 3 f\u00e9vrier prochain chez Bragelonne. \u00c9crit par Gillian Anderson,","breadcrumb":{"@id":"https:\/\/smallthings.fr\/lespetitslivres\/2016\/02\/01\/visions-de-feu-gillian-anderson\/#breadcrumb"},"inLanguage":"fr-FR","potentialAction":[{"@type":"ReadAction","target":["https:\/\/smallthings.fr\/lespetitslivres\/2016\/02\/01\/visions-de-feu-gillian-anderson\/"]}]},{"@type":"BreadcrumbList","@id":"https:\/\/smallthings.fr\/lespetitslivres\/2016\/02\/01\/visions-de-feu-gillian-anderson\/#breadcrumb","itemListElement":[{"@type":"ListItem","position":1,"name":"Accueil","item":"https:\/\/smallthings.fr\/lespetitslivres\/"},{"@type":"ListItem","position":2,"name":"Visions de feu : le roman de Gillian Anderson alias Dana Scully"}]},{"@type":"WebSite","@id":"https:\/\/smallthings.fr\/lespetitslivres\/#website","url":"https:\/\/smallthings.fr\/lespetitslivres\/","name":"Les Petits Livres","description":"by Small Things","potentialAction":[{"@type":"SearchAction","target":{"@type":"EntryPoint","urlTemplate":"https:\/\/smallthings.fr\/lespetitslivres\/?s={search_term_string}"},"query-input":"required name=search_term_string"}],"inLanguage":"fr-FR"},{"@type":"Person","@id":"https:\/\/smallthings.fr\/lespetitslivres\/#\/schema\/person\/bb8808220f912e72f01f7a55924d9ad1","name":"Jennifer","image":{"@type":"ImageObject","inLanguage":"fr-FR","@id":"https:\/\/smallthings.fr\/lespetitslivres\/#\/schema\/person\/image\/","url":"https:\/\/secure.gravatar.com\/avatar\/ffcd6b107b6b18c3d5201f1bcc631683?s=96&d=retro&r=g","contentUrl":"https:\/\/secure.gravatar.com\/avatar\/ffcd6b107b6b18c3d5201f1bcc631683?s=96&d=retro&r=g","caption":"Jennifer"},"url":"https:\/\/smallthings.fr\/lespetitslivres\/author\/jennifer\/"}]}},"jetpack_featured_media_url":"https:\/\/smallthings.fr\/lespetitslivres\/wp-content\/uploads\/2016\/02\/visions-de-feu-couv.jpg","jetpack_sharing_enabled":true,"jetpack_shortlink":"https:\/\/wp.me\/p6Un21-7FE","jetpack-related-posts":[{"id":29929,"url":"https:\/\/smallthings.fr\/lespetitslivres\/2016\/05\/09\/reves-de-glace-gillian-anderson-critique\/","url_meta":{"origin":29490,"position":0},"title":"R\u00eaves de Glace, second volet de la saga de Gillian Anderson","author":"Jennifer","date":"9 mai 2016","format":false,"excerpt":"R\u00eaves de Glace est le second tome de la saga Earthend \u00e9crite par Gillian Anderson et Jeff Rovin. Il est sorti chez Bragelonne le 20 avril dernier et raconte les nouvelles aventures de la psychiatre Caitlin O\u2019Hara. La jeune femme a h\u00e9rit\u00e9 d\u2019\u00e9tranges pouvoirs et va devoir emp\u00eacher une civilisation\u2026","rel":"","context":"Dans &quot;Science-fiction&quot;","block_context":{"text":"Science-fiction","link":"https:\/\/smallthings.fr\/lespetitslivres\/category\/imaginaire\/science-fiction\/"},"img":{"alt_text":"","src":"https:\/\/i0.wp.com\/smallthings.fr\/lespetitslivres\/wp-content\/uploads\/2016\/05\/reves-de-glace-couv.jpg?resize=350%2C200&ssl=1","width":350,"height":200,"srcset":"https:\/\/i0.wp.com\/smallthings.fr\/lespetitslivres\/wp-content\/uploads\/2016\/05\/reves-de-glace-couv.jpg?resize=350%2C200&ssl=1 1x, https:\/\/i0.wp.com\/smallthings.fr\/lespetitslivres\/wp-content\/uploads\/2016\/05\/reves-de-glace-couv.jpg?resize=525%2C300&ssl=1 1.5x"},"classes":[]},{"id":30933,"url":"https:\/\/smallthings.fr\/lespetitslivres\/2017\/04\/15\/echos-mers-earthend-anderson-rovin\/","url_meta":{"origin":29490,"position":1},"title":"\u00c9chos des Mers, suite et fin de la saga Earthend de Gillan Anderson","author":"Jennifer","date":"15 avril 2017","format":false,"excerpt":"\u00c9chos des Mers vient conclure la saga Earthend de Gillian Anderson et Jeff Rovin. Ce dernier tome, sorti le 15 mars dernier chez Bragelonne, nous entra\u00eene encore plus profond\u00e9ment dans la civilisation Galderkhann. La psychiatre Caitlin O\u2019Hara va devoir faire revenir son fils, Jacob, qui a \u00e9t\u00e9 exp\u00e9di\u00e9 dans le\u2026","rel":"","context":"Dans &quot;Science-fiction&quot;","block_context":{"text":"Science-fiction","link":"https:\/\/smallthings.fr\/lespetitslivres\/category\/imaginaire\/science-fiction\/"},"img":{"alt_text":"","src":"https:\/\/i0.wp.com\/smallthings.fr\/lespetitslivres\/wp-content\/uploads\/2017\/04\/anderson-et-rovin.png?resize=350%2C200&ssl=1","width":350,"height":200,"srcset":"https:\/\/i0.wp.com\/smallthings.fr\/lespetitslivres\/wp-content\/uploads\/2017\/04\/anderson-et-rovin.png?resize=350%2C200&ssl=1 1x, https:\/\/i0.wp.com\/smallthings.fr\/lespetitslivres\/wp-content\/uploads\/2017\/04\/anderson-et-rovin.png?resize=525%2C300&ssl=1 1.5x"},"classes":[]},{"id":29514,"url":"https:\/\/smallthings.fr\/lespetitslivres\/2016\/02\/05\/au-feu-gilda-barbe-avis\/","url_meta":{"origin":29490,"position":2},"title":"Au feu, Gilda : charmante com\u00e9die romantique sign\u00e9e G\u00e9raldine Barbe","author":"Cecile","date":"5 f\u00e9vrier 2016","format":false,"excerpt":"Au feu, Gilda vient de sortir aux \u00e9ditions du Rouergue. Il s'agit du dernier roman de G\u00e9raldine Barbe, qui tourne int\u00e9gralement autour des d\u00e9boires amoureux du personnage principal, Gilda. \u00c0 40 ans, fra\u00eechement divorc\u00e9e, ancienne actrice maintenant pointeuse \u00e0 P\u00f4le Emploi, elle a les ovaires en \u00e9bullition. Coup de bol,\u2026","rel":"","context":"Dans &quot;Roman fran\u00e7ais&quot;","block_context":{"text":"Roman fran\u00e7ais","link":"https:\/\/smallthings.fr\/lespetitslivres\/category\/roman\/roman-francais\/"},"img":{"alt_text":"au-feu-gilda","src":"https:\/\/i0.wp.com\/smallthings.fr\/lespetitslivres\/wp-content\/uploads\/2016\/02\/au-feu-gilda.jpg?resize=350%2C200","width":350,"height":200},"classes":[]},{"id":9128,"url":"https:\/\/smallthings.fr\/lespetitslivres\/2013\/11\/06\/les-apparences-gillian-flynn\/","url_meta":{"origin":29490,"position":3},"title":"Les Apparences de Gillian Flynn","author":"Audrey","date":"6 novembre 2013","format":false,"excerpt":"Les Apparences, l'excellent thriller de Gillian Flynn \u00e9dit\u00e9 en France pour la premi\u00e8re fois aux \u00e9ditions Sonatine, et depuis d\u00e9but octobre au Livre de Poche.","rel":"","context":"Dans &quot;Thriller&quot;","block_context":{"text":"Thriller","link":"https:\/\/smallthings.fr\/lespetitslivres\/category\/thriller\/"},"img":{"alt_text":"","src":"https:\/\/i0.wp.com\/uploads.smallthings.fr\/2013\/11\/les-apparences.jpg?resize=350%2C200","width":350,"height":200},"classes":[]},{"id":30237,"url":"https:\/\/smallthings.fr\/lespetitslivres\/2016\/08\/23\/peri-reed-drafter-confiance-critique\/","url_meta":{"origin":29490,"position":4},"title":"Peri Reed, T1 Drafter : ne faire confiance \u00e0 personne, pas m\u00eame \u00e0 soi-m\u00eame","author":"Jennifer","date":"23 ao\u00fbt 2016","format":false,"excerpt":"Drafter est le premier tome de la saga Peri Reed\u00a0de Kim Harrison,\u00a0sorti chez Bragelonne le 17 ao\u00fbt dernier. Un univers de science-fiction o\u00f9 des Drafters, des gens capables de modifier le pass\u00e9, sont utilis\u00e9s par des agences ultra secr\u00e8tes. Peri Reed est l\u2019une d\u2019entre eux et vient de d\u00e9couvrir qu\u2019elle\u2026","rel":"","context":"Dans &quot;Science-fiction&quot;","block_context":{"text":"Science-fiction","link":"https:\/\/smallthings.fr\/lespetitslivres\/category\/imaginaire\/science-fiction\/"},"img":{"alt_text":"","src":"https:\/\/i0.wp.com\/smallthings.fr\/lespetitslivres\/wp-content\/uploads\/2016\/08\/drafter-peri-reed-couv.jpg?resize=350%2C200&ssl=1","width":350,"height":200,"srcset":"https:\/\/i0.wp.com\/smallthings.fr\/lespetitslivres\/wp-content\/uploads\/2016\/08\/drafter-peri-reed-couv.jpg?resize=350%2C200&ssl=1 1x, https:\/\/i0.wp.com\/smallthings.fr\/lespetitslivres\/wp-content\/uploads\/2016\/08\/drafter-peri-reed-couv.jpg?resize=525%2C300&ssl=1 1.5x"},"classes":[]},{"id":24527,"url":"https:\/\/smallthings.fr\/lespetitslivres\/2015\/06\/17\/girl-at-midnight-melissa-grey-critique\/","url_meta":{"origin":29490,"position":5},"title":"The Girl at midnight : saga young-adult de Melissa Grey","author":"Jennifer","date":"17 juin 2015","format":false,"excerpt":"De plumes et de feu est le premier tome de la saga The Girl at Midnight de Melissa Grey. Il sort demain aux \u00e9ditions Pocket Jeunesse. Ce livre de young-adult raconte l\u2019histoire d\u2019Echo, une jeune Humaine, qui va d\u00e9couvrir que des cr\u00e9atures mi-hommes mi-oiseaux, les Avicen, vivent parmi les Hommes.\u2026","rel":"","context":"Dans &quot;Young Adult&quot;","block_context":{"text":"Young Adult","link":"https:\/\/smallthings.fr\/lespetitslivres\/category\/young-adult\/"},"img":{"alt_text":"","src":"https:\/\/i0.wp.com\/smallthings.fr\/wp-content\/uploads\/2015\/06\/the-girl-at-midnight.jpg?resize=350%2C200","width":350,"height":200},"classes":[]}],"_links":{"self":[{"href":"https:\/\/smallthings.fr\/lespetitslivres\/wp-json\/wp\/v2\/posts\/29490"}],"collection":[{"href":"https:\/\/smallthings.fr\/lespetitslivres\/wp-json\/wp\/v2\/posts"}],"about":[{"href":"https:\/\/smallthings.fr\/lespetitslivres\/wp-json\/wp\/v2\/types\/post"}],"author":[{"embeddable":true,"href":"https:\/\/smallthings.fr\/lespetitslivres\/wp-json\/wp\/v2\/users\/14"}],"replies":[{"embeddable":true,"href":"https:\/\/smallthings.fr\/lespetitslivres\/wp-json\/wp\/v2\/comments?post=29490"}],"version-history":[{"count":3,"href":"https:\/\/smallthings.fr\/lespetitslivres\/wp-json\/wp\/v2\/posts\/29490\/revisions"}],"predecessor-version":[{"id":29496,"href":"https:\/\/smallthings.fr\/lespetitslivres\/wp-json\/wp\/v2\/posts\/29490\/revisions\/29496"}],"wp:featuredmedia":[{"embeddable":true,"href":"https:\/\/smallthings.fr\/lespetitslivres\/wp-json\/wp\/v2\/media\/29491"}],"wp:attachment":[{"href":"https:\/\/smallthings.fr\/lespetitslivres\/wp-json\/wp\/v2\/media?parent=29490"}],"wp:term":[{"taxonomy":"category","embeddable":true,"href":"https:\/\/smallthings.fr\/lespetitslivres\/wp-json\/wp\/v2\/categories?post=29490"},{"taxonomy":"post_tag","embeddable":true,"href":"https:\/\/smallthings.fr\/lespetitslivres\/wp-json\/wp\/v2\/tags?post=29490"}],"curies":[{"name":"wp","href":"https:\/\/api.w.org\/{rel}","templated":true}]}}