{"id":29412,"date":"2016-01-21T13:33:46","date_gmt":"2016-01-21T12:33:46","guid":{"rendered":"http:\/\/smallthings.fr\/lespetitslivres\/?p=29412"},"modified":"2016-01-20T10:34:31","modified_gmt":"2016-01-20T09:34:31","slug":"sang-de-la-dechirure-epee-verite","status":"publish","type":"post","link":"https:\/\/smallthings.fr\/lespetitslivres\/2016\/01\/21\/sang-de-la-dechirure-epee-verite\/","title":{"rendered":"L\u2019\u00e9p\u00e9e de v\u00e9rit\u00e9 tome 3 : Le Sang de la D\u00e9chirure"},"content":{"rendered":"<h2><em>Le Sang de la D\u00e9chirure <\/em>est le troisi\u00e8me tome de la saga <em>L\u2019\u00e9p\u00e9e de V\u00e9rit\u00e9<\/em> de Terry Goodkind. Sorti en format poche chez <a href=\"http:\/\/www.bragelonne.fr\/livres\/View\/le-sang-de-la-dechirure\" target=\"_blank\">Milady<\/a> le 20 novembre dernier, il raconte comment le Gardien a r\u00e9ussi \u00e0 rallier encore plus de fid\u00e8les dans le monde du Sourcier. Richard devra une fois de plus se battre sans l\u2019aide de Kahlan et de Zedd, qui seront eux-aussi en danger de mort permanent.<\/h2>\n<p><img loading=\"lazy\" decoding=\"async\" data-attachment-id=\"29414\" data-permalink=\"https:\/\/smallthings.fr\/lespetitslivres\/2016\/01\/21\/sang-de-la-dechirure-epee-verite\/sang-dechirure-epee\/\" data-orig-file=\"https:\/\/smallthings.fr\/lespetitslivres\/wp-content\/uploads\/2016\/01\/sang-dechirure-epee.jpg\" data-orig-size=\"1417,2126\" data-comments-opened=\"1\" data-image-meta=\"{&quot;aperture&quot;:&quot;0&quot;,&quot;credit&quot;:&quot;&quot;,&quot;camera&quot;:&quot;&quot;,&quot;caption&quot;:&quot;&quot;,&quot;created_timestamp&quot;:&quot;0&quot;,&quot;copyright&quot;:&quot;&quot;,&quot;focal_length&quot;:&quot;0&quot;,&quot;iso&quot;:&quot;0&quot;,&quot;shutter_speed&quot;:&quot;0&quot;,&quot;title&quot;:&quot;&quot;,&quot;orientation&quot;:&quot;0&quot;}\" data-image-title=\"sang-dechirure-epee\" data-image-description=\"\" data-image-caption=\"\" data-medium-file=\"https:\/\/smallthings.fr\/lespetitslivres\/wp-content\/uploads\/2016\/01\/sang-dechirure-epee-200x300.jpg\" data-large-file=\"https:\/\/smallthings.fr\/lespetitslivres\/wp-content\/uploads\/2016\/01\/sang-dechirure-epee-683x1024.jpg\" class=\"alignleft wp-image-29414\" src=\"http:\/\/smallthings.fr\/lespetitslivres\/wp-content\/uploads\/2016\/01\/sang-dechirure-epee-683x1024.jpg\" alt=\"sang-dechirure-epee\" width=\"293\" height=\"440\" srcset=\"https:\/\/smallthings.fr\/lespetitslivres\/wp-content\/uploads\/2016\/01\/sang-dechirure-epee-683x1024.jpg 683w, https:\/\/smallthings.fr\/lespetitslivres\/wp-content\/uploads\/2016\/01\/sang-dechirure-epee-200x300.jpg 200w, https:\/\/smallthings.fr\/lespetitslivres\/wp-content\/uploads\/2016\/01\/sang-dechirure-epee-768x1152.jpg 768w, https:\/\/smallthings.fr\/lespetitslivres\/wp-content\/uploads\/2016\/01\/sang-dechirure-epee-1024x1536.jpg 1024w, https:\/\/smallthings.fr\/lespetitslivres\/wp-content\/uploads\/2016\/01\/sang-dechirure-epee-1365x2048.jpg 1365w, https:\/\/smallthings.fr\/lespetitslivres\/wp-content\/uploads\/2016\/01\/sang-dechirure-epee.jpg 1417w\" sizes=\"(max-width: 293px) 100vw, 293px\" \/>Ce troisi\u00e8me tome de la saga <strong><em>L\u2019\u00e9p\u00e9e de V\u00e9rit\u00e9<\/em><\/strong> est assur\u00e9ment tr\u00e8s bien imagin\u00e9. Les trois personnages principaux vont devoir tenter de survivre \u00e0 ce qui les attend chacun de leur c\u00f4t\u00e9 et m\u00eame si cela est v\u00e9ritablement int\u00e9ressant, c\u2019est quelque peu frustrant. On pensait que <strong><em>Le Sang de la D\u00e9chirure<\/em><\/strong> permettrait enfin \u00e0 Richard et Kahlan de se retrouver mais il n\u2019en sera pas question. La M\u00e8re inquisitrice, que tout le monde croit morte gr\u00e2ce \u00e0 un sort de Zedd, est une fois encore en danger. Un combattant du Sang de la D\u00e9chirure fou \u00e0 lier est sur ses traces et la magie du Premier Sorcier ne sera pas assez puissante pour la prot\u00e9ger.<\/p>\n<p>De son c\u00f4t\u00e9, Richard va devoir continuer d\u2019apprendre \u00e0 ma\u00eetriser sa magie s\u2019il veut sauver le monde. Le Gardien n\u2019est plus son seul ennemi : un nouveau venu que l\u2019on appelle \u00ab\u00a0Celui qui marche dans les r\u00eaves\u00a0\u00bb use de sa terrible magie pour voler les fid\u00e8les du Gardien et tenter de tuer le nouveau ma\u00eetre Rahl. Heureusement, m\u00eame s\u2019il est loin de ses amis, Richard pourra compter sur les Mord-Sith pour l\u2019aider dans sa qu\u00eate.<\/p>\n<p><strong><em>Le Sang de la D\u00e9chirure<\/em><\/strong> est un tome tr\u00e8s bien imagin\u00e9. Terry Goodkind n\u2019a rien perdu de son imagination d\u00e9bordante et malgr\u00e9 un roman qui fait encore quelques mille pages, rien n\u2019est \u00e0 jeter\u00a0! Chaque paragraphe apporte quelque chose \u00e0 l\u2019histoire, il n\u2019y a pas de passages \u00e0 vide. <strong>L\u2019intrigue est bien ficel\u00e9e mais la violence et les sc\u00e8nes de combats auxquels nous avons \u00e9t\u00e9 habitu\u00e9s nous manquent un peu.<\/strong> Les complots ont pris la place des tueries, ce qui peut para\u00eetre un peu long par moment.<\/p>\n<p><strong>Un r\u00e9cit tr\u00e8s bien construit, des personnages attachants et une \u00e9criture envo\u00fbtante. <\/strong>On plonge encore une fois avec bonheur dans la saga <strong><em>L\u2019\u00e9p\u00e9e de V\u00e9rit\u00e9<\/em><\/strong> et on n\u2019est pas d\u00e9\u00e7u. Ce troisi\u00e8me volet est moins addictifs que les deux premiers tomes mais c\u2019est tout de m\u00eame un tr\u00e8s grand roman de fantasy.<\/p>\n<blockquote><p>\u00ab\u00a0&#8211; Les messagers du fl\u00e9au sont attir\u00e9s par le Sang de la D\u00e9chirure comme les papillons par les flammes. Ils nous d\u00e9fient parce qu\u2019ils croient que le Gardien les prot\u00e9gera. Face \u00e0 notre justice, ils perdent vite leur foi. Cette femme fera un troph\u00e9e sans grande valeur, mais le Cr\u00e9ateur se r\u00e9jouira de sa fin.\u00a0\u00bb<\/p><\/blockquote>\n","protected":false},"excerpt":{"rendered":"<p>Le Sang de la D\u00e9chirure est le troisi\u00e8me tome de la saga L\u2019\u00e9p\u00e9e de V\u00e9rit\u00e9 de Terry Goodkind. Sorti en format poche chez Milady le 20 novembre dernier, il raconte comment le Gardien a r\u00e9ussi \u00e0 rallier encore plus de fid\u00e8les dans le monde du Sourcier. Richard devra une fois de plus se battre sans<\/p>\n","protected":false},"author":14,"featured_media":29413,"comment_status":"open","ping_status":"open","sticky":false,"template":"","format":"standard","meta":{"jetpack_post_was_ever_published":false,"_jetpack_newsletter_access":"","_jetpack_newsletter_tier_id":0,"footnotes":"","jetpack_publicize_message":"","jetpack_is_tweetstorm":false,"jetpack_publicize_feature_enabled":true,"jetpack_social_post_already_shared":true,"jetpack_social_options":{"image_generator_settings":{"template":"highway","enabled":false}}},"categories":[1107],"tags":[801,1244,1003,1004],"jetpack_publicize_connections":[],"yoast_head":"<!-- This site is optimized with the Yoast SEO plugin v21.5 - https:\/\/yoast.com\/wordpress\/plugins\/seo\/ -->\n<title>L\u2019\u00e9p\u00e9e de v\u00e9rit\u00e9 tome 3 : Le Sang de la D\u00e9chirure<\/title>\n<meta name=\"description\" content=\"Le Sang de la D\u00e9chirure est le troisi\u00e8me tome de la saga L\u2019\u00e9p\u00e9e de V\u00e9rit\u00e9 de Terry Goodkind. Sorti en format poche chez Milady le 20 novembre dernier, il\" \/>\n<meta name=\"robots\" content=\"index, follow, max-snippet:-1, max-image-preview:large, max-video-preview:-1\" \/>\n<link rel=\"canonical\" href=\"http:\/\/smallthings.fr\/lespetitslivres\/2016\/01\/21\/sang-de-la-dechirure-epee-verite\/\" \/>\n<meta property=\"og:locale\" content=\"fr_FR\" \/>\n<meta property=\"og:type\" content=\"article\" \/>\n<meta property=\"og:title\" content=\"L\u2019\u00e9p\u00e9e de v\u00e9rit\u00e9 tome 3 : Le Sang de la D\u00e9chirure\" \/>\n<meta property=\"og:description\" content=\"Le Sang de la D\u00e9chirure est le troisi\u00e8me tome de la saga L\u2019\u00e9p\u00e9e de V\u00e9rit\u00e9 de Terry Goodkind. Sorti en format poche chez Milady le 20 novembre dernier, il\" \/>\n<meta property=\"og:url\" content=\"http:\/\/smallthings.fr\/lespetitslivres\/2016\/01\/21\/sang-de-la-dechirure-epee-verite\/\" \/>\n<meta property=\"og:site_name\" content=\"Les Petits Livres\" \/>\n<meta property=\"article:published_time\" content=\"2016-01-21T12:33:46+00:00\" \/>\n<meta property=\"article:modified_time\" content=\"2016-01-20T09:34:31+00:00\" \/>\n<meta property=\"og:image\" content=\"https:\/\/i0.wp.com\/smallthings.fr\/lespetitslivres\/wp-content\/uploads\/2016\/01\/sang-dechirure-epee-couv.jpg?fit=1328%2C787\" \/>\n\t<meta property=\"og:image:width\" content=\"1328\" \/>\n\t<meta property=\"og:image:height\" content=\"787\" \/>\n\t<meta property=\"og:image:type\" content=\"image\/jpeg\" \/>\n<meta name=\"author\" content=\"Jennifer\" \/>\n<meta name=\"twitter:card\" content=\"summary_large_image\" \/>\n<meta name=\"twitter:label1\" content=\"\u00c9crit par\" \/>\n\t<meta name=\"twitter:data1\" content=\"Jennifer\" \/>\n\t<meta name=\"twitter:label2\" content=\"Dur\u00e9e de lecture estim\u00e9e\" \/>\n\t<meta name=\"twitter:data2\" content=\"3 minutes\" \/>\n<script type=\"application\/ld+json\" class=\"yoast-schema-graph\">{\"@context\":\"https:\/\/schema.org\",\"@graph\":[{\"@type\":\"WebPage\",\"@id\":\"http:\/\/smallthings.fr\/lespetitslivres\/2016\/01\/21\/sang-de-la-dechirure-epee-verite\/\",\"url\":\"http:\/\/smallthings.fr\/lespetitslivres\/2016\/01\/21\/sang-de-la-dechirure-epee-verite\/\",\"name\":\"L\u2019\u00e9p\u00e9e de v\u00e9rit\u00e9 tome 3 : Le Sang de la D\u00e9chirure\",\"isPartOf\":{\"@id\":\"https:\/\/smallthings.fr\/lespetitslivres\/#website\"},\"datePublished\":\"2016-01-21T12:33:46+00:00\",\"dateModified\":\"2016-01-20T09:34:31+00:00\",\"author\":{\"@id\":\"https:\/\/smallthings.fr\/lespetitslivres\/#\/schema\/person\/bb8808220f912e72f01f7a55924d9ad1\"},\"description\":\"Le Sang de la D\u00e9chirure est le troisi\u00e8me tome de la saga L\u2019\u00e9p\u00e9e de V\u00e9rit\u00e9 de Terry Goodkind. Sorti en format poche chez Milady le 20 novembre dernier, il\",\"breadcrumb\":{\"@id\":\"http:\/\/smallthings.fr\/lespetitslivres\/2016\/01\/21\/sang-de-la-dechirure-epee-verite\/#breadcrumb\"},\"inLanguage\":\"fr-FR\",\"potentialAction\":[{\"@type\":\"ReadAction\",\"target\":[\"http:\/\/smallthings.fr\/lespetitslivres\/2016\/01\/21\/sang-de-la-dechirure-epee-verite\/\"]}]},{\"@type\":\"BreadcrumbList\",\"@id\":\"http:\/\/smallthings.fr\/lespetitslivres\/2016\/01\/21\/sang-de-la-dechirure-epee-verite\/#breadcrumb\",\"itemListElement\":[{\"@type\":\"ListItem\",\"position\":1,\"name\":\"Accueil\",\"item\":\"https:\/\/smallthings.fr\/lespetitslivres\/\"},{\"@type\":\"ListItem\",\"position\":2,\"name\":\"L\u2019\u00e9p\u00e9e de v\u00e9rit\u00e9 tome 3 : Le Sang de la D\u00e9chirure\"}]},{\"@type\":\"WebSite\",\"@id\":\"https:\/\/smallthings.fr\/lespetitslivres\/#website\",\"url\":\"https:\/\/smallthings.fr\/lespetitslivres\/\",\"name\":\"Les Petits Livres\",\"description\":\"by Small Things\",\"potentialAction\":[{\"@type\":\"SearchAction\",\"target\":{\"@type\":\"EntryPoint\",\"urlTemplate\":\"https:\/\/smallthings.fr\/lespetitslivres\/?s={search_term_string}\"},\"query-input\":\"required name=search_term_string\"}],\"inLanguage\":\"fr-FR\"},{\"@type\":\"Person\",\"@id\":\"https:\/\/smallthings.fr\/lespetitslivres\/#\/schema\/person\/bb8808220f912e72f01f7a55924d9ad1\",\"name\":\"Jennifer\",\"image\":{\"@type\":\"ImageObject\",\"inLanguage\":\"fr-FR\",\"@id\":\"https:\/\/smallthings.fr\/lespetitslivres\/#\/schema\/person\/image\/\",\"url\":\"https:\/\/secure.gravatar.com\/avatar\/ffcd6b107b6b18c3d5201f1bcc631683?s=96&d=retro&r=g\",\"contentUrl\":\"https:\/\/secure.gravatar.com\/avatar\/ffcd6b107b6b18c3d5201f1bcc631683?s=96&d=retro&r=g\",\"caption\":\"Jennifer\"},\"url\":\"https:\/\/smallthings.fr\/lespetitslivres\/author\/jennifer\/\"}]}<\/script>\n<!-- \/ Yoast SEO plugin. -->","yoast_head_json":{"title":"L\u2019\u00e9p\u00e9e de v\u00e9rit\u00e9 tome 3 : Le Sang de la D\u00e9chirure","description":"Le Sang de la D\u00e9chirure est le troisi\u00e8me tome de la saga L\u2019\u00e9p\u00e9e de V\u00e9rit\u00e9 de Terry Goodkind. Sorti en format poche chez Milady le 20 novembre dernier, il","robots":{"index":"index","follow":"follow","max-snippet":"max-snippet:-1","max-image-preview":"max-image-preview:large","max-video-preview":"max-video-preview:-1"},"canonical":"http:\/\/smallthings.fr\/lespetitslivres\/2016\/01\/21\/sang-de-la-dechirure-epee-verite\/","og_locale":"fr_FR","og_type":"article","og_title":"L\u2019\u00e9p\u00e9e de v\u00e9rit\u00e9 tome 3 : Le Sang de la D\u00e9chirure","og_description":"Le Sang de la D\u00e9chirure est le troisi\u00e8me tome de la saga L\u2019\u00e9p\u00e9e de V\u00e9rit\u00e9 de Terry Goodkind. Sorti en format poche chez Milady le 20 novembre dernier, il","og_url":"http:\/\/smallthings.fr\/lespetitslivres\/2016\/01\/21\/sang-de-la-dechirure-epee-verite\/","og_site_name":"Les Petits Livres","article_published_time":"2016-01-21T12:33:46+00:00","article_modified_time":"2016-01-20T09:34:31+00:00","og_image":[{"width":1328,"height":787,"url":"https:\/\/i0.wp.com\/smallthings.fr\/lespetitslivres\/wp-content\/uploads\/2016\/01\/sang-dechirure-epee-couv.jpg?fit=1328%2C787","type":"image\/jpeg"}],"author":"Jennifer","twitter_card":"summary_large_image","twitter_misc":{"\u00c9crit par":"Jennifer","Dur\u00e9e de lecture estim\u00e9e":"3 minutes"},"schema":{"@context":"https:\/\/schema.org","@graph":[{"@type":"WebPage","@id":"http:\/\/smallthings.fr\/lespetitslivres\/2016\/01\/21\/sang-de-la-dechirure-epee-verite\/","url":"http:\/\/smallthings.fr\/lespetitslivres\/2016\/01\/21\/sang-de-la-dechirure-epee-verite\/","name":"L\u2019\u00e9p\u00e9e de v\u00e9rit\u00e9 tome 3 : Le Sang de la D\u00e9chirure","isPartOf":{"@id":"https:\/\/smallthings.fr\/lespetitslivres\/#website"},"datePublished":"2016-01-21T12:33:46+00:00","dateModified":"2016-01-20T09:34:31+00:00","author":{"@id":"https:\/\/smallthings.fr\/lespetitslivres\/#\/schema\/person\/bb8808220f912e72f01f7a55924d9ad1"},"description":"Le Sang de la D\u00e9chirure est le troisi\u00e8me tome de la saga L\u2019\u00e9p\u00e9e de V\u00e9rit\u00e9 de Terry Goodkind. Sorti en format poche chez Milady le 20 novembre dernier, il","breadcrumb":{"@id":"http:\/\/smallthings.fr\/lespetitslivres\/2016\/01\/21\/sang-de-la-dechirure-epee-verite\/#breadcrumb"},"inLanguage":"fr-FR","potentialAction":[{"@type":"ReadAction","target":["http:\/\/smallthings.fr\/lespetitslivres\/2016\/01\/21\/sang-de-la-dechirure-epee-verite\/"]}]},{"@type":"BreadcrumbList","@id":"http:\/\/smallthings.fr\/lespetitslivres\/2016\/01\/21\/sang-de-la-dechirure-epee-verite\/#breadcrumb","itemListElement":[{"@type":"ListItem","position":1,"name":"Accueil","item":"https:\/\/smallthings.fr\/lespetitslivres\/"},{"@type":"ListItem","position":2,"name":"L\u2019\u00e9p\u00e9e de v\u00e9rit\u00e9 tome 3 : Le Sang de la D\u00e9chirure"}]},{"@type":"WebSite","@id":"https:\/\/smallthings.fr\/lespetitslivres\/#website","url":"https:\/\/smallthings.fr\/lespetitslivres\/","name":"Les Petits Livres","description":"by Small Things","potentialAction":[{"@type":"SearchAction","target":{"@type":"EntryPoint","urlTemplate":"https:\/\/smallthings.fr\/lespetitslivres\/?s={search_term_string}"},"query-input":"required name=search_term_string"}],"inLanguage":"fr-FR"},{"@type":"Person","@id":"https:\/\/smallthings.fr\/lespetitslivres\/#\/schema\/person\/bb8808220f912e72f01f7a55924d9ad1","name":"Jennifer","image":{"@type":"ImageObject","inLanguage":"fr-FR","@id":"https:\/\/smallthings.fr\/lespetitslivres\/#\/schema\/person\/image\/","url":"https:\/\/secure.gravatar.com\/avatar\/ffcd6b107b6b18c3d5201f1bcc631683?s=96&d=retro&r=g","contentUrl":"https:\/\/secure.gravatar.com\/avatar\/ffcd6b107b6b18c3d5201f1bcc631683?s=96&d=retro&r=g","caption":"Jennifer"},"url":"https:\/\/smallthings.fr\/lespetitslivres\/author\/jennifer\/"}]}},"jetpack_featured_media_url":"https:\/\/smallthings.fr\/lespetitslivres\/wp-content\/uploads\/2016\/01\/sang-dechirure-epee-couv.jpg","jetpack_sharing_enabled":true,"jetpack_shortlink":"https:\/\/wp.me\/p6Un21-7Eo","jetpack-related-posts":[{"id":29301,"url":"https:\/\/smallthings.fr\/lespetitslivres\/2016\/01\/02\/pierre-des-larmes-t2-epee-verite\/","url_meta":{"origin":29412,"position":0},"title":"La Pierre des Larmes, tome 2 de L\u2019\u00e9p\u00e9e de v\u00e9rit\u00e9 : quelle est la seconde le\u00e7on du sorcier ?","author":"Jennifer","date":"2 janvier 2016","format":false,"excerpt":"La Pierre des Larmes, second tome de la saga L\u2019\u00e9p\u00e9e de V\u00e9rit\u00e9 de Terry Goodkind est sorti en format poche chez Milady le 23 octobre dernier. Richard a vaincu Darken Rahl, mais le voile qui s\u00e9pare le monde des vivants du royaume des morts est maintenant d\u00e9chir\u00e9. Le Gardien sera\u2026","rel":"","context":"Dans &quot;Fantasy&quot;","block_context":{"text":"Fantasy","link":"https:\/\/smallthings.fr\/lespetitslivres\/category\/imaginaire\/fantasy\/"},"img":{"alt_text":"","src":"https:\/\/i0.wp.com\/smallthings.fr\/lespetitslivres\/wp-content\/uploads\/2016\/01\/pierre-des-larmes-epee-t2-couv.jpg?resize=350%2C200&ssl=1","width":350,"height":200,"srcset":"https:\/\/i0.wp.com\/smallthings.fr\/lespetitslivres\/wp-content\/uploads\/2016\/01\/pierre-des-larmes-epee-t2-couv.jpg?resize=350%2C200&ssl=1 1x, https:\/\/i0.wp.com\/smallthings.fr\/lespetitslivres\/wp-content\/uploads\/2016\/01\/pierre-des-larmes-epee-t2-couv.jpg?resize=525%2C300&ssl=1 1.5x, https:\/\/i0.wp.com\/smallthings.fr\/lespetitslivres\/wp-content\/uploads\/2016\/01\/pierre-des-larmes-epee-t2-couv.jpg?resize=700%2C400&ssl=1 2x, https:\/\/i0.wp.com\/smallthings.fr\/lespetitslivres\/wp-content\/uploads\/2016\/01\/pierre-des-larmes-epee-t2-couv.jpg?resize=1050%2C600&ssl=1 3x"},"classes":[]},{"id":28506,"url":"https:\/\/smallthings.fr\/lespetitslivres\/2015\/10\/20\/l-epee-de-verite-terry-goodkind-critique\/","url_meta":{"origin":29412,"position":1},"title":"L\u2019\u00e9p\u00e9e de V\u00e9rit\u00e9 de Terry Goodkind enfin en format poche","author":"Jennifer","date":"20 octobre 2015","format":false,"excerpt":"La Premi\u00e8re Le\u00e7on du Sorcier est le premier tome de la saga L\u2019\u00e9p\u00e9e de V\u00e9rit\u00e9 de Terry Goodkind. Disponible en format poche depuis le 18 septembre chez Milady, ce livre de fantasy raconte l\u2019histoire de Richard Cypher, un guide forestier, qui va devenir le sourcier, et qui, arm\u00e9 de l\u2019\u00e9p\u00e9e\u2026","rel":"","context":"Dans &quot;Fantasy&quot;","block_context":{"text":"Fantasy","link":"https:\/\/smallthings.fr\/lespetitslivres\/category\/imaginaire\/fantasy\/"},"img":{"alt_text":"","src":"https:\/\/i0.wp.com\/smallthings.fr\/lespetitslivres\/wp-content\/uploads\/2015\/10\/epee-de-verite-couv.jpeg?resize=350%2C200&ssl=1","width":350,"height":200,"srcset":"https:\/\/i0.wp.com\/smallthings.fr\/lespetitslivres\/wp-content\/uploads\/2015\/10\/epee-de-verite-couv.jpeg?resize=350%2C200&ssl=1 1x, https:\/\/i0.wp.com\/smallthings.fr\/lespetitslivres\/wp-content\/uploads\/2015\/10\/epee-de-verite-couv.jpeg?resize=525%2C300&ssl=1 1.5x, https:\/\/i0.wp.com\/smallthings.fr\/lespetitslivres\/wp-content\/uploads\/2015\/10\/epee-de-verite-couv.jpeg?resize=700%2C400&ssl=1 2x"},"classes":[]},{"id":31194,"url":"https:\/\/smallthings.fr\/lespetitslivres\/2017\/08\/10\/sanctuaires-mal-terry-goodkind-thriller\/","url_meta":{"origin":29412,"position":2},"title":"Les sanctuaires du mal : Terry Goodkind se met au thriller et \u00e7a fait mal !","author":"Jennifer","date":"10 ao\u00fbt 2017","format":false,"excerpt":"L\u2019auteur de la s\u00e9rie L\u2019\u00e9p\u00e9e de V\u00e9rit\u00e9, Terry Goodkind, se lance dans le thriller avec Les sanctuaires du mal. Sorti le 28 juin dernier chez Bragelonne, ce roman nous entra\u00eene dans un monde o\u00f9 certaines personnes sont capables, d\u2019un seul regard, de reconna\u00eetre les tueurs. Une v\u00e9ritable plong\u00e9e en Enfer\u2026","rel":"","context":"Dans &quot;Thriller&quot;","block_context":{"text":"Thriller","link":"https:\/\/smallthings.fr\/lespetitslivres\/category\/thriller\/"},"img":{"alt_text":"","src":"https:\/\/i0.wp.com\/smallthings.fr\/lespetitslivres\/wp-content\/uploads\/2017\/08\/Les-sanctuaires-du-mal-terry-goodkind-2.jpg?resize=350%2C200&ssl=1","width":350,"height":200,"srcset":"https:\/\/i0.wp.com\/smallthings.fr\/lespetitslivres\/wp-content\/uploads\/2017\/08\/Les-sanctuaires-du-mal-terry-goodkind-2.jpg?resize=350%2C200&ssl=1 1x, https:\/\/i0.wp.com\/smallthings.fr\/lespetitslivres\/wp-content\/uploads\/2017\/08\/Les-sanctuaires-du-mal-terry-goodkind-2.jpg?resize=525%2C300&ssl=1 1.5x"},"classes":[]},{"id":25252,"url":"https:\/\/smallthings.fr\/lespetitslivres\/2015\/07\/07\/one-piece-malediction-epee-t2-critique\/","url_meta":{"origin":29412,"position":3},"title":"One Piece &#8211; La mal\u00e9diction de l&rsquo;\u00e9p\u00e9e sacr\u00e9e, T2 : Go Luffy !","author":"Rebecca","date":"7 juillet 2015","format":false,"excerpt":"La suite et fin de One Piece - La mal\u00e9diction de l'\u00c9p\u00e9e sacr\u00e9e (t2) est \u00e9galement parue le 6 mai dernier aux \u00e9ditions Gl\u00e9nat. Il s'agit d'une histoire tir\u00e9e du film du m\u00eame nom, sc\u00e9naris\u00e9 par l'auteur de la s\u00e9rie, Eiichiro Oda, et sorti en 2004 au Japon. Le tome\u2026","rel":"","context":"Dans &quot;Manga&quot;","block_context":{"text":"Manga","link":"https:\/\/smallthings.fr\/lespetitslivres\/category\/bd-manga\/manga\/"},"img":{"alt_text":"","src":"https:\/\/i0.wp.com\/smallthings.fr\/wp-content\/uploads\/2015\/07\/one-piece-malediction-epee-t2.jpg?resize=350%2C200","width":350,"height":200},"classes":[]},{"id":25199,"url":"https:\/\/smallthings.fr\/lespetitslivres\/2015\/07\/04\/one-piece-t1-malediction-epee-avis\/","url_meta":{"origin":29412,"position":4},"title":"One Piece T1 : La mal\u00e9diction de l&rsquo;\u00e9p\u00e9e sacr\u00e9e","author":"Rebecca","date":"4 juillet 2015","format":false,"excerpt":"Le c\u00e9l\u00e8brissime One Piece, que nous ne pr\u00e9sentons plus, est l\u2019\u0153uvre d'Eiichiro Oda, pr\u00e9 publi\u00e9e en magazines depuis 1997 au Japon. Du coup, le merchandising a suivi, avec des produits d\u00e9riv\u00e9s et des films tir\u00e9s de l'histoire, mais ind\u00e9pendantes de celle parue en manga. Pr\u00e8s de 12 longs-m\u00e9trages bas\u00e9s sur\u2026","rel":"","context":"Dans &quot;Manga&quot;","block_context":{"text":"Manga","link":"https:\/\/smallthings.fr\/lespetitslivres\/category\/bd-manga\/manga\/"},"img":{"alt_text":"","src":"https:\/\/i0.wp.com\/smallthings.fr\/wp-content\/uploads\/2015\/07\/one-piece-malediction.jpg?resize=350%2C200","width":350,"height":200},"classes":[]},{"id":32037,"url":"https:\/\/smallthings.fr\/lespetitslivres\/2020\/02\/14\/la-fille-sur-la-lune-terry-goodkind\/","url_meta":{"origin":29412,"position":5},"title":"La fille sur la lune : le thriller de Terry Goodkind qui vous hantera pendant des jours\u2026","author":"Jennifer","date":"14 f\u00e9vrier 2020","format":false,"excerpt":"La fille sur la lune est le dernier thriller made in Terry Goodkind. Sorti chez Bragelonne le 13 novembre dernier, ce livre m\u00ealant suspense, action et horreur vous glacera le sang\u00a0! Apr\u00e8s Le sanctuaire du mal (chronique ici), Terry Goodkind revient avec La fille sur la lune, une fausse suite.\u2026","rel":"","context":"Dans &quot;Thriller&quot;","block_context":{"text":"Thriller","link":"https:\/\/smallthings.fr\/lespetitslivres\/category\/thriller\/"},"img":{"alt_text":"","src":"https:\/\/i0.wp.com\/smallthings.fr\/lespetitslivres\/wp-content\/uploads\/2020\/02\/La-fille-sur-la-lune-Terry-Goodkind-3.jpg?resize=350%2C200&ssl=1","width":350,"height":200,"srcset":"https:\/\/i0.wp.com\/smallthings.fr\/lespetitslivres\/wp-content\/uploads\/2020\/02\/La-fille-sur-la-lune-Terry-Goodkind-3.jpg?resize=350%2C200&ssl=1 1x, https:\/\/i0.wp.com\/smallthings.fr\/lespetitslivres\/wp-content\/uploads\/2020\/02\/La-fille-sur-la-lune-Terry-Goodkind-3.jpg?resize=525%2C300&ssl=1 1.5x, https:\/\/i0.wp.com\/smallthings.fr\/lespetitslivres\/wp-content\/uploads\/2020\/02\/La-fille-sur-la-lune-Terry-Goodkind-3.jpg?resize=700%2C400&ssl=1 2x, https:\/\/i0.wp.com\/smallthings.fr\/lespetitslivres\/wp-content\/uploads\/2020\/02\/La-fille-sur-la-lune-Terry-Goodkind-3.jpg?resize=1050%2C600&ssl=1 3x"},"classes":[]}],"_links":{"self":[{"href":"https:\/\/smallthings.fr\/lespetitslivres\/wp-json\/wp\/v2\/posts\/29412"}],"collection":[{"href":"https:\/\/smallthings.fr\/lespetitslivres\/wp-json\/wp\/v2\/posts"}],"about":[{"href":"https:\/\/smallthings.fr\/lespetitslivres\/wp-json\/wp\/v2\/types\/post"}],"author":[{"embeddable":true,"href":"https:\/\/smallthings.fr\/lespetitslivres\/wp-json\/wp\/v2\/users\/14"}],"replies":[{"embeddable":true,"href":"https:\/\/smallthings.fr\/lespetitslivres\/wp-json\/wp\/v2\/comments?post=29412"}],"version-history":[{"count":2,"href":"https:\/\/smallthings.fr\/lespetitslivres\/wp-json\/wp\/v2\/posts\/29412\/revisions"}],"predecessor-version":[{"id":29416,"href":"https:\/\/smallthings.fr\/lespetitslivres\/wp-json\/wp\/v2\/posts\/29412\/revisions\/29416"}],"wp:featuredmedia":[{"embeddable":true,"href":"https:\/\/smallthings.fr\/lespetitslivres\/wp-json\/wp\/v2\/media\/29413"}],"wp:attachment":[{"href":"https:\/\/smallthings.fr\/lespetitslivres\/wp-json\/wp\/v2\/media?parent=29412"}],"wp:term":[{"taxonomy":"category","embeddable":true,"href":"https:\/\/smallthings.fr\/lespetitslivres\/wp-json\/wp\/v2\/categories?post=29412"},{"taxonomy":"post_tag","embeddable":true,"href":"https:\/\/smallthings.fr\/lespetitslivres\/wp-json\/wp\/v2\/tags?post=29412"}],"curies":[{"name":"wp","href":"https:\/\/api.w.org\/{rel}","templated":true}]}}