{"id":29403,"date":"2016-01-19T13:19:02","date_gmt":"2016-01-19T12:19:02","guid":{"rendered":"http:\/\/smallthings.fr\/lespetitslivres\/?p=29403"},"modified":"2016-02-01T14:23:40","modified_gmt":"2016-02-01T13:23:40","slug":"attaque-des-titans-tome-16-avis","status":"publish","type":"post","link":"https:\/\/smallthings.fr\/lespetitslivres\/2016\/01\/19\/attaque-des-titans-tome-16-avis\/","title":{"rendered":"L&rsquo;Attaque des Titans, tome 16 : le nouvel Akira ?"},"content":{"rendered":"<h2>Le tome 16 de<em> L&rsquo;Attaque des Titans<\/em> est paru en septembre chez <a href=\"http:\/\/www.pika.fr\/catalogue\/pika-seinen\/lattaque-des-titans\/lattaque-des-titans-t16-24836\" target=\"_blank\">Pika<\/a> \u00e9ditions. Dans le tome 15, nous avions laiss\u00e9 Eren aux mains d&rsquo;Historia, fille ill\u00e9gitime du Roi Reiss. Cach\u00e9s dans une immense caverne creus\u00e9e sous la myst\u00e9rieuse abbaye, mise au jour par Liva\u00ef dans le tome pr\u00e9c\u00e9dent, le Roi Reiss, jusque l\u00e0 rest\u00e9 cach\u00e9, raconte toute son histoire \u00e0 Historia, et on en sait davantage sur le pass\u00e9 de Eren.<\/h2>\n<p>Le titre de cette critique peut sembler audacieux de prime abord, mais il est justifi\u00e9 par le fait que de nombreuses similitudes existent entre l\u2019\u0153uvre mythique d&rsquo;Otomo et <em>L&rsquo;Attaque des Titans<\/em> d&rsquo;Hajime Isayama. Surtout en ce qui concerne l&rsquo;humanit\u00e9 face \u00e0 la cr\u00e9ation d&rsquo;un Dieu qui lui \u00e9chappe&#8230; Les r\u00e9v\u00e9lations s&rsquo;encha\u00eenent \u00e0 un rythme effr\u00e9n\u00e9 dans ce tome, c&rsquo;est pourquoi <strong>cette critique contient \u00e9norm\u00e9ment de spoilers<\/strong>. Lisez \u00e0 vos risques et p\u00e9rils.<\/p>\n<p>Le p\u00e8re d&rsquo;Historia raconte qu&rsquo;\u00e0 l&rsquo;origine, il n&rsquo;y avait qu&rsquo;un seul Titan, et il s&rsquo;agissait d&rsquo;un membre de la lign\u00e9e royale. C&rsquo;est un genre de \u00ab\u00a0Dieu\u00a0\u00bb qui a \u00e9t\u00e9 cr\u00e9\u00e9 pour maintenir le Royaume en vie, et il avait m\u00eame le pouvoir d&rsquo;effacer la m\u00e9moire collective de sa population, et ce depuis plus de cent ans. Lorsque le \u00ab\u00a0porteur du Titan\u00a0\u00bb devenait trop vieux, chaque membre de la famille du Roi subissait une piqure, se transformait en Titan, et d\u00e9vorait ce \u00ab\u00a0premier Grand Titan\u00a0\u00bb cens\u00e9 faire r\u00e9gner l&rsquo;ordre. Ensuite, \u00ab\u00a0le d\u00e9voreur\u00a0\u00bb pouvait acqu\u00e9rir le pouvoir supr\u00eame, l&rsquo;ultime h\u00e9ritage qui passait de g\u00e9n\u00e9ration en g\u00e9n\u00e9ration. Dans la famille Reiss, c&rsquo;est la fille a\u00een\u00e9e du Roi, Frieda, qui d\u00e9tenait le pouvoir absolu du Titan, capable de mettre un terme ou non au r\u00e8gne de ces g\u00e9ants destructeurs. Mais le p\u00e8re d&rsquo;Eren s&rsquo;en est m\u00eal\u00e9, a tu\u00e9 Frieda et l&rsquo;a d\u00e9vor\u00e9e, lui volant ce pouvoir que personne, \u00e0 l&rsquo;heure actuelle, ne conna\u00eet. Le p\u00e8re a ensuite administr\u00e9 une piqure \u00e0 Eren, pour qu&rsquo;il le d\u00e9vore \u00e0 son tour. Et c&rsquo;est d\u00e9sormais Eren qui d\u00e9tient ce pouvoir ! C&rsquo;est pourquoi le Roi tente de convaincre Historia de recevoir elle-m\u00eame cette piqure, de se transformer en monstre et de d\u00e9vorer Eren pour que toute cette connaissance divine revienne dans la lign\u00e9e ! Seulement, va-t-elle le faire&#8230; ?<\/p>\n<p><strong>Le suspens est absolument \u00e9crasant dans ce 16\u00e8me tome de <em>L&rsquo;Attaque des Titans<\/em> <\/strong>qui, vous l&rsquo;aurez dout\u00e9, annonce s\u00e9v\u00e8rement la fin de la saga. Durant presque tout le manga, toute la d\u00e9cision finale revient \u00e0 Historia, si elle va se transformer ou non, et surtout si Eren va mourir&#8230; Le dessin, l&rsquo;\u00e9criture, tout est suspendu dans la myst\u00e9rieuse caverne, creus\u00e9e par le tout premier Titan de la lign\u00e9e royale. On retient son souffle et on a peur pour le h\u00e9ros, se demandant jusqu&rsquo;au dernier moment comment \u00e7a va se finir. Le sc\u00e9nario du tome 16 de <em>L&rsquo;Attaque des Titans<\/em>\u00a0 est d&rsquo;une telle qualit\u00e9 que je lui ai attribu\u00e9 la note maximale. Le rapprochement avec Akira est d\u00e9lib\u00e9r\u00e9 de ma part. La population a cr\u00e9\u00e9 un Dieu pour \u00eatre mieux guid\u00e9e, ce qui a tr\u00e8s mal tourn\u00e9. Ce paradigme qui revient r\u00e9guli\u00e8rement dans les mangas, est solidement incarn\u00e9 ici. Et en effet, m\u00eame Historia s&rsquo;aper\u00e7oit que tout ne tourne pas rond dans cette histoire. Si un Titan de la lign\u00e9e royale a toujours exist\u00e9, pourquoi n&rsquo;a-t-il pas mis un terme aux Titans ? Pourquoi Frieda s&rsquo;est laiss\u00e9e tuer par le p\u00e8re d&rsquo;Eren ? Pourquoi son p\u00e8re voulait \u00e0 ce point voler le pouvoir absolu des Titans ? Tout cela demeure inconnu, <b>les r\u00e9v\u00e9lations de ce tome entra\u00eenant bien plus de questions encore<\/b>.<\/p>\n<p>Ce qui est \u00e9galement tr\u00e8s r\u00e9ussi dans <em>L&rsquo;Attaque des Titans<\/em>, ce sont toutes les sc\u00e8nes de flash-back tr\u00e8s douces o\u00f9 Historia se souvient des bons moments pass\u00e9s avec Frieda, un temps sans pers\u00e9cutions, un moment insouciant de l&rsquo;enfance. Ces moments ne ralentissent pas du tout l&rsquo;action. La tension est \u00e0 son comble, et ces souvenirs enfouis rajoutent encore plus de moments en suspension et de r\u00e9flexion. Ils d\u00e9montrent que le temps des Dieux est r\u00e9volu, et que l&rsquo;\u00e2ge de l&rsquo;Humanit\u00e9, avec ses diff\u00e9rentes personnalit\u00e9s, ses histoires uniques, ne peut que commencer. Le tome 17 qui conclut la saga est sorti chez Pika, alors ne vous en faites pas, sa critique arrive au plus vite !<\/p>\n<blockquote><p><i>Tu sais Eren&#8230;<\/i> <i>\u00e7a m&rsquo;a fait plaisir quand tu m&rsquo;as dit&#8230; que j&rsquo;\u00e9tais une fille normale.<\/i><\/p><\/blockquote>\n","protected":false},"excerpt":{"rendered":"<p>Le tome 16 de L&rsquo;Attaque des Titans est paru en septembre chez Pika \u00e9ditions. Dans le tome 15, nous avions laiss\u00e9 Eren aux mains d&rsquo;Historia, fille ill\u00e9gitime du Roi Reiss. Cach\u00e9s dans une immense caverne creus\u00e9e sous la myst\u00e9rieuse abbaye, mise au jour par Liva\u00ef dans le tome pr\u00e9c\u00e9dent, le Roi Reiss, jusque l\u00e0 rest\u00e9<\/p>\n","protected":false},"author":17,"featured_media":29404,"comment_status":"open","ping_status":"open","sticky":false,"template":"","format":"standard","meta":{"jetpack_post_was_ever_published":false,"_jetpack_newsletter_access":"","_jetpack_newsletter_tier_id":0,"footnotes":"","jetpack_publicize_message":"","jetpack_is_tweetstorm":false,"jetpack_publicize_feature_enabled":true,"jetpack_social_post_already_shared":true,"jetpack_social_options":{"image_generator_settings":{"template":"highway","enabled":false}}},"categories":[1106],"tags":[1068,1169,424],"jetpack_publicize_connections":[],"yoast_head":"<!-- This site is optimized with the Yoast SEO plugin v21.5 - https:\/\/yoast.com\/wordpress\/plugins\/seo\/ -->\n<title>L&#039;Attaque des Titans, tome 16 : le nouvel Akira ?<\/title>\n<meta name=\"description\" content=\"Le tome 16 de L&#039;Attaque des Titans est paru en septembre chez Pika \u00e9ditions. Dans le tome 15, nous avions laiss\u00e9 Eren aux mains d&#039;Historia, fille ill\u00e9gitime\" \/>\n<meta name=\"robots\" content=\"index, follow, max-snippet:-1, max-image-preview:large, max-video-preview:-1\" \/>\n<link rel=\"canonical\" href=\"https:\/\/smallthings.fr\/lespetitslivres\/2016\/01\/19\/attaque-des-titans-tome-16-avis\/\" \/>\n<meta property=\"og:locale\" content=\"fr_FR\" \/>\n<meta property=\"og:type\" content=\"article\" \/>\n<meta property=\"og:title\" content=\"L&#039;Attaque des Titans, tome 16 : le nouvel Akira ?\" \/>\n<meta property=\"og:description\" content=\"Le tome 16 de L&#039;Attaque des Titans est paru en septembre chez Pika \u00e9ditions. Dans le tome 15, nous avions laiss\u00e9 Eren aux mains d&#039;Historia, fille ill\u00e9gitime\" \/>\n<meta property=\"og:url\" content=\"https:\/\/smallthings.fr\/lespetitslivres\/2016\/01\/19\/attaque-des-titans-tome-16-avis\/\" \/>\n<meta property=\"og:site_name\" content=\"Les Petits Livres\" \/>\n<meta property=\"article:published_time\" content=\"2016-01-19T12:19:02+00:00\" \/>\n<meta property=\"article:modified_time\" content=\"2016-02-01T13:23:40+00:00\" \/>\n<meta property=\"og:image\" content=\"https:\/\/i0.wp.com\/smallthings.fr\/lespetitslivres\/wp-content\/uploads\/2016\/01\/attaque-des-titans-couv.jpg?fit=500%2C355&ssl=1\" \/>\n\t<meta property=\"og:image:width\" content=\"500\" \/>\n\t<meta property=\"og:image:height\" content=\"355\" \/>\n\t<meta property=\"og:image:type\" content=\"image\/jpeg\" \/>\n<meta name=\"author\" content=\"Rebecca\" \/>\n<meta name=\"twitter:card\" content=\"summary_large_image\" \/>\n<meta name=\"twitter:label1\" content=\"\u00c9crit par\" \/>\n\t<meta name=\"twitter:data1\" content=\"Rebecca\" \/>\n\t<meta name=\"twitter:label2\" content=\"Dur\u00e9e de lecture estim\u00e9e\" \/>\n\t<meta name=\"twitter:data2\" content=\"4 minutes\" \/>\n<script type=\"application\/ld+json\" class=\"yoast-schema-graph\">{\"@context\":\"https:\/\/schema.org\",\"@graph\":[{\"@type\":\"WebPage\",\"@id\":\"https:\/\/smallthings.fr\/lespetitslivres\/2016\/01\/19\/attaque-des-titans-tome-16-avis\/\",\"url\":\"https:\/\/smallthings.fr\/lespetitslivres\/2016\/01\/19\/attaque-des-titans-tome-16-avis\/\",\"name\":\"L'Attaque des Titans, tome 16 : le nouvel Akira ?\",\"isPartOf\":{\"@id\":\"https:\/\/smallthings.fr\/lespetitslivres\/#website\"},\"datePublished\":\"2016-01-19T12:19:02+00:00\",\"dateModified\":\"2016-02-01T13:23:40+00:00\",\"author\":{\"@id\":\"https:\/\/smallthings.fr\/lespetitslivres\/#\/schema\/person\/0cd6a80f4ed2616c81a8973aed74c2b8\"},\"description\":\"Le tome 16 de L'Attaque des Titans est paru en septembre chez Pika \u00e9ditions. Dans le tome 15, nous avions laiss\u00e9 Eren aux mains d'Historia, fille ill\u00e9gitime\",\"breadcrumb\":{\"@id\":\"https:\/\/smallthings.fr\/lespetitslivres\/2016\/01\/19\/attaque-des-titans-tome-16-avis\/#breadcrumb\"},\"inLanguage\":\"fr-FR\",\"potentialAction\":[{\"@type\":\"ReadAction\",\"target\":[\"https:\/\/smallthings.fr\/lespetitslivres\/2016\/01\/19\/attaque-des-titans-tome-16-avis\/\"]}]},{\"@type\":\"BreadcrumbList\",\"@id\":\"https:\/\/smallthings.fr\/lespetitslivres\/2016\/01\/19\/attaque-des-titans-tome-16-avis\/#breadcrumb\",\"itemListElement\":[{\"@type\":\"ListItem\",\"position\":1,\"name\":\"Accueil\",\"item\":\"https:\/\/smallthings.fr\/lespetitslivres\/\"},{\"@type\":\"ListItem\",\"position\":2,\"name\":\"L&rsquo;Attaque des Titans, tome 16 : le nouvel Akira ?\"}]},{\"@type\":\"WebSite\",\"@id\":\"https:\/\/smallthings.fr\/lespetitslivres\/#website\",\"url\":\"https:\/\/smallthings.fr\/lespetitslivres\/\",\"name\":\"Les Petits Livres\",\"description\":\"by Small Things\",\"potentialAction\":[{\"@type\":\"SearchAction\",\"target\":{\"@type\":\"EntryPoint\",\"urlTemplate\":\"https:\/\/smallthings.fr\/lespetitslivres\/?s={search_term_string}\"},\"query-input\":\"required name=search_term_string\"}],\"inLanguage\":\"fr-FR\"},{\"@type\":\"Person\",\"@id\":\"https:\/\/smallthings.fr\/lespetitslivres\/#\/schema\/person\/0cd6a80f4ed2616c81a8973aed74c2b8\",\"name\":\"Rebecca\",\"image\":{\"@type\":\"ImageObject\",\"inLanguage\":\"fr-FR\",\"@id\":\"https:\/\/smallthings.fr\/lespetitslivres\/#\/schema\/person\/image\/\",\"url\":\"https:\/\/secure.gravatar.com\/avatar\/246cd9ae3b479e7da67da1cdf8c319af?s=96&d=retro&r=g\",\"contentUrl\":\"https:\/\/secure.gravatar.com\/avatar\/246cd9ae3b479e7da67da1cdf8c319af?s=96&d=retro&r=g\",\"caption\":\"Rebecca\"},\"url\":\"https:\/\/smallthings.fr\/lespetitslivres\/author\/rebecca\/\"}]}<\/script>\n<!-- \/ Yoast SEO plugin. -->","yoast_head_json":{"title":"L'Attaque des Titans, tome 16 : le nouvel Akira ?","description":"Le tome 16 de L'Attaque des Titans est paru en septembre chez Pika \u00e9ditions. Dans le tome 15, nous avions laiss\u00e9 Eren aux mains d'Historia, fille ill\u00e9gitime","robots":{"index":"index","follow":"follow","max-snippet":"max-snippet:-1","max-image-preview":"max-image-preview:large","max-video-preview":"max-video-preview:-1"},"canonical":"https:\/\/smallthings.fr\/lespetitslivres\/2016\/01\/19\/attaque-des-titans-tome-16-avis\/","og_locale":"fr_FR","og_type":"article","og_title":"L'Attaque des Titans, tome 16 : le nouvel Akira ?","og_description":"Le tome 16 de L'Attaque des Titans est paru en septembre chez Pika \u00e9ditions. Dans le tome 15, nous avions laiss\u00e9 Eren aux mains d'Historia, fille ill\u00e9gitime","og_url":"https:\/\/smallthings.fr\/lespetitslivres\/2016\/01\/19\/attaque-des-titans-tome-16-avis\/","og_site_name":"Les Petits Livres","article_published_time":"2016-01-19T12:19:02+00:00","article_modified_time":"2016-02-01T13:23:40+00:00","og_image":[{"width":500,"height":355,"url":"https:\/\/i0.wp.com\/smallthings.fr\/lespetitslivres\/wp-content\/uploads\/2016\/01\/attaque-des-titans-couv.jpg?fit=500%2C355&ssl=1","type":"image\/jpeg"}],"author":"Rebecca","twitter_card":"summary_large_image","twitter_misc":{"\u00c9crit par":"Rebecca","Dur\u00e9e de lecture estim\u00e9e":"4 minutes"},"schema":{"@context":"https:\/\/schema.org","@graph":[{"@type":"WebPage","@id":"https:\/\/smallthings.fr\/lespetitslivres\/2016\/01\/19\/attaque-des-titans-tome-16-avis\/","url":"https:\/\/smallthings.fr\/lespetitslivres\/2016\/01\/19\/attaque-des-titans-tome-16-avis\/","name":"L'Attaque des Titans, tome 16 : le nouvel Akira ?","isPartOf":{"@id":"https:\/\/smallthings.fr\/lespetitslivres\/#website"},"datePublished":"2016-01-19T12:19:02+00:00","dateModified":"2016-02-01T13:23:40+00:00","author":{"@id":"https:\/\/smallthings.fr\/lespetitslivres\/#\/schema\/person\/0cd6a80f4ed2616c81a8973aed74c2b8"},"description":"Le tome 16 de L'Attaque des Titans est paru en septembre chez Pika \u00e9ditions. Dans le tome 15, nous avions laiss\u00e9 Eren aux mains d'Historia, fille ill\u00e9gitime","breadcrumb":{"@id":"https:\/\/smallthings.fr\/lespetitslivres\/2016\/01\/19\/attaque-des-titans-tome-16-avis\/#breadcrumb"},"inLanguage":"fr-FR","potentialAction":[{"@type":"ReadAction","target":["https:\/\/smallthings.fr\/lespetitslivres\/2016\/01\/19\/attaque-des-titans-tome-16-avis\/"]}]},{"@type":"BreadcrumbList","@id":"https:\/\/smallthings.fr\/lespetitslivres\/2016\/01\/19\/attaque-des-titans-tome-16-avis\/#breadcrumb","itemListElement":[{"@type":"ListItem","position":1,"name":"Accueil","item":"https:\/\/smallthings.fr\/lespetitslivres\/"},{"@type":"ListItem","position":2,"name":"L&rsquo;Attaque des Titans, tome 16 : le nouvel Akira ?"}]},{"@type":"WebSite","@id":"https:\/\/smallthings.fr\/lespetitslivres\/#website","url":"https:\/\/smallthings.fr\/lespetitslivres\/","name":"Les Petits Livres","description":"by Small Things","potentialAction":[{"@type":"SearchAction","target":{"@type":"EntryPoint","urlTemplate":"https:\/\/smallthings.fr\/lespetitslivres\/?s={search_term_string}"},"query-input":"required name=search_term_string"}],"inLanguage":"fr-FR"},{"@type":"Person","@id":"https:\/\/smallthings.fr\/lespetitslivres\/#\/schema\/person\/0cd6a80f4ed2616c81a8973aed74c2b8","name":"Rebecca","image":{"@type":"ImageObject","inLanguage":"fr-FR","@id":"https:\/\/smallthings.fr\/lespetitslivres\/#\/schema\/person\/image\/","url":"https:\/\/secure.gravatar.com\/avatar\/246cd9ae3b479e7da67da1cdf8c319af?s=96&d=retro&r=g","contentUrl":"https:\/\/secure.gravatar.com\/avatar\/246cd9ae3b479e7da67da1cdf8c319af?s=96&d=retro&r=g","caption":"Rebecca"},"url":"https:\/\/smallthings.fr\/lespetitslivres\/author\/rebecca\/"}]}},"jetpack_featured_media_url":"https:\/\/smallthings.fr\/lespetitslivres\/wp-content\/uploads\/2016\/01\/attaque-des-titans-couv.jpg","jetpack_sharing_enabled":true,"jetpack_shortlink":"https:\/\/wp.me\/p6Un21-7Ef","jetpack-related-posts":[{"id":29683,"url":"https:\/\/smallthings.fr\/lespetitslivres\/2016\/03\/06\/attaque-des-titans-17-reine\/","url_meta":{"origin":29403,"position":0},"title":"L&rsquo;Attaque des Titans, tome 17 : La Reine de ces murs","author":"Rebecca","date":"6 mars 2016","format":false,"excerpt":"Le tome 17 de L'Attaque des Titans de Hajime Isayama est paru aux \u00e9ditions Pika. Nous avions laiss\u00e9 Historia, fille ill\u00e9gitime du Roi Rhodes Reiss, face \u00e0 un dilemme. Celle-ci devait se changer en Titan et ex\u00e9cuter Eren, d\u00e9tenteur du pouvoir originel de ces g\u00e9ants. Mais celle-ci, fid\u00e8le \u00e0 ses\u2026","rel":"","context":"Dans &quot;Manga&quot;","block_context":{"text":"Manga","link":"https:\/\/smallthings.fr\/lespetitslivres\/category\/bd-manga\/manga\/"},"img":{"alt_text":"","src":"https:\/\/i0.wp.com\/smallthings.fr\/lespetitslivres\/wp-content\/uploads\/2016\/03\/reine-de-ces-murs-extrait-3.png?resize=350%2C200&ssl=1","width":350,"height":200,"srcset":"https:\/\/i0.wp.com\/smallthings.fr\/lespetitslivres\/wp-content\/uploads\/2016\/03\/reine-de-ces-murs-extrait-3.png?resize=350%2C200&ssl=1 1x, https:\/\/i0.wp.com\/smallthings.fr\/lespetitslivres\/wp-content\/uploads\/2016\/03\/reine-de-ces-murs-extrait-3.png?resize=525%2C300&ssl=1 1.5x, https:\/\/i0.wp.com\/smallthings.fr\/lespetitslivres\/wp-content\/uploads\/2016\/03\/reine-de-ces-murs-extrait-3.png?resize=700%2C400&ssl=1 2x"},"classes":[]},{"id":29161,"url":"https:\/\/smallthings.fr\/lespetitslivres\/2015\/11\/19\/lattaque-des-titans-tome-15-critique\/","url_meta":{"origin":29403,"position":1},"title":"L&rsquo;Attaque des Titans, tome 15 : l&rsquo;\u00e9crasante r\u00e9volution","author":"Rebecca","date":"19 novembre 2015","format":false,"excerpt":"L'Attaque des Titans est une s\u00e9rie de mangas r\u00e9alis\u00e9e par Hajime Isayama, parue en pr\u00e9publication au Japon depuis 2009. Pr\u00e8s de 17 mangas sont parus \u00e0 ce jour, ainsi que des s\u00e9ries anim\u00e9s, des livres, des spin-off et une adaptation en film (oui oui, un vrai film, avec de vrais\u2026","rel":"","context":"Dans &quot;Actu&quot;","block_context":{"text":"Actu","link":"https:\/\/smallthings.fr\/lespetitslivres\/category\/actu\/"},"img":{"alt_text":"","src":"https:\/\/i0.wp.com\/smallthings.fr\/lespetitslivres\/wp-content\/uploads\/2015\/11\/attaque-titans-couv.jpg?resize=350%2C200&ssl=1","width":350,"height":200,"srcset":"https:\/\/i0.wp.com\/smallthings.fr\/lespetitslivres\/wp-content\/uploads\/2015\/11\/attaque-titans-couv.jpg?resize=350%2C200&ssl=1 1x, https:\/\/i0.wp.com\/smallthings.fr\/lespetitslivres\/wp-content\/uploads\/2015\/11\/attaque-titans-couv.jpg?resize=525%2C300&ssl=1 1.5x, https:\/\/i0.wp.com\/smallthings.fr\/lespetitslivres\/wp-content\/uploads\/2015\/11\/attaque-titans-couv.jpg?resize=700%2C400&ssl=1 2x"},"classes":[]},{"id":30310,"url":"https:\/\/smallthings.fr\/lespetitslivres\/2016\/09\/19\/attaque-titans-t18-apocalypse\/","url_meta":{"origin":29403,"position":2},"title":"L&rsquo;Attaque des Titans tome 18 : apocalypse imminente","author":"Rebecca","date":"19 septembre 2016","format":false,"excerpt":"Le tome 18 de L'Attaque des Titans (\"\u9032\u6483\u306e\u5de8\u4eba , Shingeki no kyojin\")\u00a0par Hajime Isayama, est paru en France chez Pika en France. Et la tension est \u00e0 son comble. Cette saga excellente, qui n'en finit pas de nous \u00e9tonner, poursuit sur sa lanc\u00e9e avec brio et fracas. Villes en ruines,\u2026","rel":"","context":"Dans &quot;Manga&quot;","block_context":{"text":"Manga","link":"https:\/\/smallthings.fr\/lespetitslivres\/category\/bd-manga\/manga\/"},"img":{"alt_text":"attaque-titans-extrait","src":"https:\/\/i0.wp.com\/smallthings.fr\/lespetitslivres\/wp-content\/uploads\/2016\/09\/attaque-titans-extrait-1024x775.jpg?resize=350%2C200","width":350,"height":200},"classes":[]},{"id":29622,"url":"https:\/\/smallthings.fr\/lespetitslivres\/2016\/02\/24\/one-punch-man-t1-manga-critique\/","url_meta":{"origin":29403,"position":3},"title":"One Punch-Man, tome 1 : \u00e7a va faire mal !","author":"Rebecca","date":"24 f\u00e9vrier 2016","format":false,"excerpt":"S'il y a un manga dont tout le monde parle actuellement, c'est bien One Punch-Man, qui b\u00e9n\u00e9ficie d'un succ\u00e8s fulgurant \u00e0 travers le monde. Un article est m\u00eame paru dans T\u00e9l\u00e9rama \u00e0 son sujet. Tout d'abord parue sur internet, cette BD de l'auteur \"ONE\" et dessin\u00e9e par Yusuke Murata, a\u2026","rel":"","context":"Dans &quot;Manga&quot;","block_context":{"text":"Manga","link":"https:\/\/smallthings.fr\/lespetitslivres\/category\/bd-manga\/manga\/"},"img":{"alt_text":"","src":"https:\/\/i0.wp.com\/smallthings.fr\/lespetitslivres\/wp-content\/uploads\/2016\/02\/one-punch-man-couv.jpg?resize=350%2C200&ssl=1","width":350,"height":200,"srcset":"https:\/\/i0.wp.com\/smallthings.fr\/lespetitslivres\/wp-content\/uploads\/2016\/02\/one-punch-man-couv.jpg?resize=350%2C200&ssl=1 1x, https:\/\/i0.wp.com\/smallthings.fr\/lespetitslivres\/wp-content\/uploads\/2016\/02\/one-punch-man-couv.jpg?resize=525%2C300&ssl=1 1.5x, https:\/\/i0.wp.com\/smallthings.fr\/lespetitslivres\/wp-content\/uploads\/2016\/02\/one-punch-man-couv.jpg?resize=700%2C400&ssl=1 2x"},"classes":[]},{"id":28348,"url":"https:\/\/smallthings.fr\/lespetitslivres\/2015\/10\/15\/library-wars-t12-manga-critique\/","url_meta":{"origin":29403,"position":4},"title":"Library Wars T12 : un tome sans relief","author":"Rebecca","date":"15 octobre 2015","format":false,"excerpt":"Library Wars est un manga dessin\u00e9 par Kiiro Yumi, tir\u00e9 d'une histoire \u00e9crite par Hiro Arikawa. Le tome 12, Love and War, est sorti en septembre chez Gl\u00e9nat. Ne connaissant rien de ce manga, j'ai donc pris ce tome en cours de route, dans le but de v\u00e9rifier si l'histoire\u2026","rel":"","context":"Dans &quot;Manga&quot;","block_context":{"text":"Manga","link":"https:\/\/smallthings.fr\/lespetitslivres\/category\/bd-manga\/manga\/"},"img":{"alt_text":"","src":"https:\/\/i0.wp.com\/smallthings.fr\/lespetitslivres\/wp-content\/uploads\/2015\/10\/library-wars-t-12-couv.jpg?resize=350%2C200&ssl=1","width":350,"height":200},"classes":[]},{"id":25164,"url":"https:\/\/smallthings.fr\/lespetitslivres\/2015\/07\/02\/tokyo-ghoul-t11-zombies-a-la-japonaise-avis\/","url_meta":{"origin":29403,"position":5},"title":"Tokyo Ghoul T11 : zombies \u00e0 la japonaise","author":"Rebecca","date":"2 juillet 2015","format":false,"excerpt":"Le volume 11 de Tokyo Ghoul, de Sui Ishida, est sorti aux \u00e9ditions Gl\u00e9nat. Et comme vous pouvez vous en doutez, nous sommes \u00e0 mille lieux de l\u2019esprit bon enfant du Kawai. Mais plut\u00f4t dans les bas-fonds de l\u2019horreur. Ce 11\u00e8me volet nous montre que Ken, le h\u00e9ros le plus\u2026","rel":"","context":"Dans &quot;Manga&quot;","block_context":{"text":"Manga","link":"https:\/\/smallthings.fr\/lespetitslivres\/category\/bd-manga\/manga\/"},"img":{"alt_text":"","src":"https:\/\/i0.wp.com\/smallthings.fr\/wp-content\/uploads\/2015\/07\/tokyo-ghoul-11.jpg?resize=350%2C200","width":350,"height":200},"classes":[]}],"_links":{"self":[{"href":"https:\/\/smallthings.fr\/lespetitslivres\/wp-json\/wp\/v2\/posts\/29403"}],"collection":[{"href":"https:\/\/smallthings.fr\/lespetitslivres\/wp-json\/wp\/v2\/posts"}],"about":[{"href":"https:\/\/smallthings.fr\/lespetitslivres\/wp-json\/wp\/v2\/types\/post"}],"author":[{"embeddable":true,"href":"https:\/\/smallthings.fr\/lespetitslivres\/wp-json\/wp\/v2\/users\/17"}],"replies":[{"embeddable":true,"href":"https:\/\/smallthings.fr\/lespetitslivres\/wp-json\/wp\/v2\/comments?post=29403"}],"version-history":[{"count":2,"href":"https:\/\/smallthings.fr\/lespetitslivres\/wp-json\/wp\/v2\/posts\/29403\/revisions"}],"predecessor-version":[{"id":29406,"href":"https:\/\/smallthings.fr\/lespetitslivres\/wp-json\/wp\/v2\/posts\/29403\/revisions\/29406"}],"wp:featuredmedia":[{"embeddable":true,"href":"https:\/\/smallthings.fr\/lespetitslivres\/wp-json\/wp\/v2\/media\/29404"}],"wp:attachment":[{"href":"https:\/\/smallthings.fr\/lespetitslivres\/wp-json\/wp\/v2\/media?parent=29403"}],"wp:term":[{"taxonomy":"category","embeddable":true,"href":"https:\/\/smallthings.fr\/lespetitslivres\/wp-json\/wp\/v2\/categories?post=29403"},{"taxonomy":"post_tag","embeddable":true,"href":"https:\/\/smallthings.fr\/lespetitslivres\/wp-json\/wp\/v2\/tags?post=29403"}],"curies":[{"name":"wp","href":"https:\/\/api.w.org\/{rel}","templated":true}]}}