{"id":29382,"date":"2016-01-11T14:31:33","date_gmt":"2016-01-11T13:31:33","guid":{"rendered":"http:\/\/smallthings.fr\/lespetitslivres\/?p=29382"},"modified":"2016-02-01T14:24:09","modified_gmt":"2016-02-01T13:24:09","slug":"ronde-des-desirs-impossibles-calvetti","status":"publish","type":"post","link":"https:\/\/smallthings.fr\/lespetitslivres\/2016\/01\/11\/ronde-des-desirs-impossibles-calvetti\/","title":{"rendered":"La Ronde des d\u00e9sirs impossibles, roman po\u00e9tique de Paola Calvetti"},"content":{"rendered":"<h2><em>La ronde des d\u00e9sirs impossibles<\/em> de Paola Cavetti est un roman qui est sorti aux \u00e9ditions <a href=\"http:\/\/www.milady.fr\/livres\/view\/la-ronde-des-desirs-impossibles\" target=\"_blank\">Milady<\/a> le 20 novembre dernier. Une trentenaire qui vient de se faire licencier passe sa journ\u00e9e dans un bar-tabac \u00e0 refaire sa vie. Des passages entrecoup\u00e9s par les pens\u00e9es d\u2019un homme tortur\u00e9 qui cherche le bonheur. Deux vies chamboul\u00e9es, deux \u00eatres que le destin va r\u00e9unir.<\/h2>\n<p><strong><em>La Ronde des d\u00e9sirs impossibles<\/em><\/strong> est un roman surprenant. A la lecture du r\u00e9sum\u00e9, on s\u2019attend \u00e0 une romance gentillette, une histoire dr\u00f4le et touchante avec des personnages attachants. Paola Cavetti r\u00e9ussit \u00e0 intriguer le lecteur d\u00e8s les premi\u00e8res pages car on comprend rapidement que l\u2019on s\u2019est fourvoy\u00e9.<\/p>\n<p><em><img loading=\"lazy\" decoding=\"async\" data-attachment-id=\"29385\" data-permalink=\"https:\/\/smallthings.fr\/lespetitslivres\/2016\/01\/11\/ronde-des-desirs-impossibles-calvetti\/ronde-des-desirs-impossibles\/\" data-orig-file=\"https:\/\/smallthings.fr\/lespetitslivres\/wp-content\/uploads\/2016\/01\/ronde-des-desirs-impossibles.jpg\" data-orig-size=\"630,1000\" data-comments-opened=\"1\" data-image-meta=\"{&quot;aperture&quot;:&quot;0&quot;,&quot;credit&quot;:&quot;&quot;,&quot;camera&quot;:&quot;&quot;,&quot;caption&quot;:&quot;&quot;,&quot;created_timestamp&quot;:&quot;0&quot;,&quot;copyright&quot;:&quot;&quot;,&quot;focal_length&quot;:&quot;0&quot;,&quot;iso&quot;:&quot;0&quot;,&quot;shutter_speed&quot;:&quot;0&quot;,&quot;title&quot;:&quot;&quot;,&quot;orientation&quot;:&quot;1&quot;}\" data-image-title=\"ronde-des-desirs-impossibles\" data-image-description=\"\" data-image-caption=\"\" data-medium-file=\"https:\/\/smallthings.fr\/lespetitslivres\/wp-content\/uploads\/2016\/01\/ronde-des-desirs-impossibles-189x300.jpg\" data-large-file=\"https:\/\/smallthings.fr\/lespetitslivres\/wp-content\/uploads\/2016\/01\/ronde-des-desirs-impossibles.jpg\" class=\"alignright  wp-image-29385\" src=\"http:\/\/smallthings.fr\/lespetitslivres\/wp-content\/uploads\/2016\/01\/ronde-des-desirs-impossibles.jpg\" alt=\"ronde-des-desirs-impossibles\" width=\"318\" height=\"505\" srcset=\"https:\/\/smallthings.fr\/lespetitslivres\/wp-content\/uploads\/2016\/01\/ronde-des-desirs-impossibles.jpg 630w, https:\/\/smallthings.fr\/lespetitslivres\/wp-content\/uploads\/2016\/01\/ronde-des-desirs-impossibles-189x300.jpg 189w\" sizes=\"(max-width: 318px) 100vw, 318px\" \/>La Ronde des d\u00e9sirs impossibles<\/em> est bien loin d\u2019\u00eatre un roman simple et humoristique. Paola Cavetti nous d\u00e9crit les al\u00e9as d\u2019une trentenaire que l\u2019on vient de licencier en longs paragraphes assez po\u00e9tiques. En allant travailler un matin, Olivia ne s\u2019attendait pas \u00e0 devoir faire un d\u00e9tour par le bureau de la DRH et encore moins \u00e0 devoir vider son bureau dans la demi-heure qui suit. D\u00e9boussol\u00e9e et compl\u00e8tement perdue, <strong>la jeune fille va rentrer dans un piteux bar-tabac et y passer la journ\u00e9e \u00e0 refaire sa vie, se morfondre et prendre des r\u00e9solutions<\/strong>.<\/p>\n<p>Les paragraphes sur les pens\u00e9es d\u2019Olivia sont s\u00e9par\u00e9s par les pens\u00e9es d\u2019un autre personnage, Diego, un jeune homme qui veut changer de vie et qui a \u00e9t\u00e9 profond\u00e9ment touch\u00e9 par le d\u00e9c\u00e8s de son fr\u00e8re. Des passages sombres qui font passer le lecteur par une palette d\u2019\u00e9motions toutes aussi n\u00e9gatives les unes que les autres.<\/p>\n<p><strong>Non, <em>La Ronde des d\u00e9sirs impossibles<\/em> ne fait pas parti de ses romans qui vous donnent le sourire.<\/strong> Il s\u2019agit plut\u00f4t d\u2019une remise en question triste de deux \u00eatres qui n\u2019ont presque aucune raison d\u2019\u00eatre heureux.\u00a0 Rien de g\u00eanant en cela puisque le r\u00e9cit est plut\u00f4t bien \u00e9crit, mais j\u2019avoue que le style de Paola Cavetti ne me convient pas vraiment. J\u2019aurais pr\u00e9f\u00e9r\u00e9 avoir des dialogues et non uniquement des pens\u00e9es afin de pouvoir rentrer un peu plus dans l\u2019histoire. De m\u00eame, les paragraphes sur Diego sont beaucoup moins nombreux que ceux d\u2019Olivia et je trouve cela un peu dommage. On aurait aim\u00e9 en savoir plus sur son histoire personnelle et non pas sur la vie de sa famille, mais c\u2019est un choix qui peut se d\u00e9fendre\u00a0: la vie de Diego est centr\u00e9e sur la trag\u00e9die qui est survenue dans sa jeunesse.<\/p>\n<div id=\"attachment_29387\" style=\"width: 260px\" class=\"wp-caption alignleft\"><img loading=\"lazy\" decoding=\"async\" aria-describedby=\"caption-attachment-29387\" data-attachment-id=\"29387\" data-permalink=\"https:\/\/smallthings.fr\/lespetitslivres\/2016\/01\/11\/ronde-des-desirs-impossibles-calvetti\/paola-calvetti\/\" data-orig-file=\"https:\/\/smallthings.fr\/lespetitslivres\/wp-content\/uploads\/2016\/01\/Paola-Calvetti.jpg\" data-orig-size=\"600,449\" data-comments-opened=\"1\" data-image-meta=\"{&quot;aperture&quot;:&quot;0&quot;,&quot;credit&quot;:&quot;&quot;,&quot;camera&quot;:&quot;&quot;,&quot;caption&quot;:&quot;&quot;,&quot;created_timestamp&quot;:&quot;0&quot;,&quot;copyright&quot;:&quot;&quot;,&quot;focal_length&quot;:&quot;0&quot;,&quot;iso&quot;:&quot;0&quot;,&quot;shutter_speed&quot;:&quot;0&quot;,&quot;title&quot;:&quot;&quot;,&quot;orientation&quot;:&quot;0&quot;}\" data-image-title=\"Paola-Calvetti\" data-image-description=\"&lt;p&gt;Paola Calvetti&lt;\/p&gt;\n\" data-image-caption=\"\" data-medium-file=\"https:\/\/smallthings.fr\/lespetitslivres\/wp-content\/uploads\/2016\/01\/Paola-Calvetti-300x225.jpg\" data-large-file=\"https:\/\/smallthings.fr\/lespetitslivres\/wp-content\/uploads\/2016\/01\/Paola-Calvetti.jpg\" class=\"wp-image-29387\" src=\"http:\/\/smallthings.fr\/lespetitslivres\/wp-content\/uploads\/2016\/01\/Paola-Calvetti.jpg\" alt=\"Paola-Calvetti\" width=\"250\" height=\"187\" srcset=\"https:\/\/smallthings.fr\/lespetitslivres\/wp-content\/uploads\/2016\/01\/Paola-Calvetti.jpg 600w, https:\/\/smallthings.fr\/lespetitslivres\/wp-content\/uploads\/2016\/01\/Paola-Calvetti-300x225.jpg 300w\" sizes=\"(max-width: 250px) 100vw, 250px\" \/><p id=\"caption-attachment-29387\" class=\"wp-caption-text\">Paola Calvetti<\/p><\/div>\n<p>En r\u00e9sum\u00e9, <strong><em>La Ronde des D\u00e9sirs Impossibles<\/em><\/strong> <strong>est un roman intrigant, sombre et po\u00e9tique <\/strong>qui arrivera \u00e0 convaincre beaucoup de lecteurs. Cela n\u2019a pas vraiment \u00e9t\u00e9 mon cas \u00e0 cause du manque d\u2019action et de dialogue. J&rsquo;ai n\u00e9anmoins appr\u00e9ci\u00e9 la d\u00e9couverte d&rsquo;un genre de roman diff\u00e9rent de ce que je lis habituellement.<\/p>\n<blockquote><p>\u00ab\u00a0Quand Olivia r\u00eavait,<\/p>\n<p>C\u2019\u00e9tait d\u2019un grand amour<\/p>\n<p>Plus grand que la for\u00eat<\/p>\n<p>Et plus beau que le jour.<\/p>\n<p>Mais qui saura jamais<\/p>\n<p>Le triste et doux secret<\/p>\n<p>Qui l\u2019enchantait<\/p>\n<p>Quand Olivia r\u00eavait\u2026\u00a0\u00bb<\/p><\/blockquote>\n","protected":false},"excerpt":{"rendered":"<p>La ronde des d\u00e9sirs impossibles de Paola Cavetti est un roman qui est sorti aux \u00e9ditions Milady le 20 novembre dernier. Une trentenaire qui vient de se faire licencier passe sa journ\u00e9e dans un bar-tabac \u00e0 refaire sa vie. Des passages entrecoup\u00e9s par les pens\u00e9es d\u2019un homme tortur\u00e9 qui cherche le bonheur. Deux vies chamboul\u00e9es,<\/p>\n","protected":false},"author":14,"featured_media":29384,"comment_status":"open","ping_status":"open","sticky":false,"template":"","format":"standard","meta":{"jetpack_post_was_ever_published":false,"_jetpack_newsletter_access":"","_jetpack_newsletter_tier_id":0,"footnotes":"","jetpack_publicize_message":"","jetpack_is_tweetstorm":false,"jetpack_publicize_feature_enabled":true,"jetpack_social_post_already_shared":true,"jetpack_social_options":{"image_generator_settings":{"template":"highway","enabled":false}}},"categories":[1118],"tags":[1235,1234],"jetpack_publicize_connections":[],"yoast_head":"<!-- This site is optimized with the Yoast SEO plugin v21.5 - https:\/\/yoast.com\/wordpress\/plugins\/seo\/ -->\n<title>La Ronde des d\u00e9sirs impossibles, roman po\u00e9tique de Paola Calvetti<\/title>\n<meta name=\"description\" content=\"La ronde des d\u00e9sirs impossibles de Paola Cavetti est un roman qui est sorti aux \u00e9ditions Milady le 20 novembre dernier. Une trentenaire qui vient de se\" \/>\n<meta name=\"robots\" content=\"index, follow, max-snippet:-1, max-image-preview:large, max-video-preview:-1\" \/>\n<link rel=\"canonical\" href=\"https:\/\/smallthings.fr\/lespetitslivres\/2016\/01\/11\/ronde-des-desirs-impossibles-calvetti\/\" \/>\n<meta property=\"og:locale\" content=\"fr_FR\" \/>\n<meta property=\"og:type\" content=\"article\" \/>\n<meta property=\"og:title\" content=\"La Ronde des d\u00e9sirs impossibles, roman po\u00e9tique de Paola Calvetti\" \/>\n<meta property=\"og:description\" content=\"La ronde des d\u00e9sirs impossibles de Paola Cavetti est un roman qui est sorti aux \u00e9ditions Milady le 20 novembre dernier. Une trentenaire qui vient de se\" \/>\n<meta property=\"og:url\" content=\"https:\/\/smallthings.fr\/lespetitslivres\/2016\/01\/11\/ronde-des-desirs-impossibles-calvetti\/\" \/>\n<meta property=\"og:site_name\" content=\"Les Petits Livres\" \/>\n<meta property=\"article:published_time\" content=\"2016-01-11T13:31:33+00:00\" \/>\n<meta property=\"article:modified_time\" content=\"2016-02-01T13:24:09+00:00\" \/>\n<meta property=\"og:image\" content=\"https:\/\/smallthings.fr\/lespetitslivres\/wp-content\/uploads\/2016\/01\/ronde-des-desirs-impossibles-couv.jpg\" \/>\n\t<meta property=\"og:image:width\" content=\"630\" \/>\n\t<meta property=\"og:image:height\" content=\"474\" \/>\n\t<meta property=\"og:image:type\" content=\"image\/jpeg\" \/>\n<meta name=\"author\" content=\"Jennifer\" \/>\n<meta name=\"twitter:card\" content=\"summary_large_image\" \/>\n<meta name=\"twitter:label1\" content=\"\u00c9crit par\" \/>\n\t<meta name=\"twitter:data1\" content=\"Jennifer\" \/>\n\t<meta name=\"twitter:label2\" content=\"Dur\u00e9e de lecture estim\u00e9e\" \/>\n\t<meta name=\"twitter:data2\" content=\"3 minutes\" \/>\n<script type=\"application\/ld+json\" class=\"yoast-schema-graph\">{\"@context\":\"https:\/\/schema.org\",\"@graph\":[{\"@type\":\"WebPage\",\"@id\":\"https:\/\/smallthings.fr\/lespetitslivres\/2016\/01\/11\/ronde-des-desirs-impossibles-calvetti\/\",\"url\":\"https:\/\/smallthings.fr\/lespetitslivres\/2016\/01\/11\/ronde-des-desirs-impossibles-calvetti\/\",\"name\":\"La Ronde des d\u00e9sirs impossibles, roman po\u00e9tique de Paola Calvetti\",\"isPartOf\":{\"@id\":\"https:\/\/smallthings.fr\/lespetitslivres\/#website\"},\"datePublished\":\"2016-01-11T13:31:33+00:00\",\"dateModified\":\"2016-02-01T13:24:09+00:00\",\"author\":{\"@id\":\"https:\/\/smallthings.fr\/lespetitslivres\/#\/schema\/person\/bb8808220f912e72f01f7a55924d9ad1\"},\"description\":\"La ronde des d\u00e9sirs impossibles de Paola Cavetti est un roman qui est sorti aux \u00e9ditions Milady le 20 novembre dernier. Une trentenaire qui vient de se\",\"breadcrumb\":{\"@id\":\"https:\/\/smallthings.fr\/lespetitslivres\/2016\/01\/11\/ronde-des-desirs-impossibles-calvetti\/#breadcrumb\"},\"inLanguage\":\"fr-FR\",\"potentialAction\":[{\"@type\":\"ReadAction\",\"target\":[\"https:\/\/smallthings.fr\/lespetitslivres\/2016\/01\/11\/ronde-des-desirs-impossibles-calvetti\/\"]}]},{\"@type\":\"BreadcrumbList\",\"@id\":\"https:\/\/smallthings.fr\/lespetitslivres\/2016\/01\/11\/ronde-des-desirs-impossibles-calvetti\/#breadcrumb\",\"itemListElement\":[{\"@type\":\"ListItem\",\"position\":1,\"name\":\"Accueil\",\"item\":\"https:\/\/smallthings.fr\/lespetitslivres\/\"},{\"@type\":\"ListItem\",\"position\":2,\"name\":\"La Ronde des d\u00e9sirs impossibles, roman po\u00e9tique de Paola Calvetti\"}]},{\"@type\":\"WebSite\",\"@id\":\"https:\/\/smallthings.fr\/lespetitslivres\/#website\",\"url\":\"https:\/\/smallthings.fr\/lespetitslivres\/\",\"name\":\"Les Petits Livres\",\"description\":\"by Small Things\",\"potentialAction\":[{\"@type\":\"SearchAction\",\"target\":{\"@type\":\"EntryPoint\",\"urlTemplate\":\"https:\/\/smallthings.fr\/lespetitslivres\/?s={search_term_string}\"},\"query-input\":\"required name=search_term_string\"}],\"inLanguage\":\"fr-FR\"},{\"@type\":\"Person\",\"@id\":\"https:\/\/smallthings.fr\/lespetitslivres\/#\/schema\/person\/bb8808220f912e72f01f7a55924d9ad1\",\"name\":\"Jennifer\",\"image\":{\"@type\":\"ImageObject\",\"inLanguage\":\"fr-FR\",\"@id\":\"https:\/\/smallthings.fr\/lespetitslivres\/#\/schema\/person\/image\/\",\"url\":\"https:\/\/secure.gravatar.com\/avatar\/ffcd6b107b6b18c3d5201f1bcc631683?s=96&d=retro&r=g\",\"contentUrl\":\"https:\/\/secure.gravatar.com\/avatar\/ffcd6b107b6b18c3d5201f1bcc631683?s=96&d=retro&r=g\",\"caption\":\"Jennifer\"},\"url\":\"https:\/\/smallthings.fr\/lespetitslivres\/author\/jennifer\/\"}]}<\/script>\n<!-- \/ Yoast SEO plugin. -->","yoast_head_json":{"title":"La Ronde des d\u00e9sirs impossibles, roman po\u00e9tique de Paola Calvetti","description":"La ronde des d\u00e9sirs impossibles de Paola Cavetti est un roman qui est sorti aux \u00e9ditions Milady le 20 novembre dernier. Une trentenaire qui vient de se","robots":{"index":"index","follow":"follow","max-snippet":"max-snippet:-1","max-image-preview":"max-image-preview:large","max-video-preview":"max-video-preview:-1"},"canonical":"https:\/\/smallthings.fr\/lespetitslivres\/2016\/01\/11\/ronde-des-desirs-impossibles-calvetti\/","og_locale":"fr_FR","og_type":"article","og_title":"La Ronde des d\u00e9sirs impossibles, roman po\u00e9tique de Paola Calvetti","og_description":"La ronde des d\u00e9sirs impossibles de Paola Cavetti est un roman qui est sorti aux \u00e9ditions Milady le 20 novembre dernier. Une trentenaire qui vient de se","og_url":"https:\/\/smallthings.fr\/lespetitslivres\/2016\/01\/11\/ronde-des-desirs-impossibles-calvetti\/","og_site_name":"Les Petits Livres","article_published_time":"2016-01-11T13:31:33+00:00","article_modified_time":"2016-02-01T13:24:09+00:00","og_image":[{"width":630,"height":474,"url":"https:\/\/smallthings.fr\/lespetitslivres\/wp-content\/uploads\/2016\/01\/ronde-des-desirs-impossibles-couv.jpg","type":"image\/jpeg"}],"author":"Jennifer","twitter_card":"summary_large_image","twitter_misc":{"\u00c9crit par":"Jennifer","Dur\u00e9e de lecture estim\u00e9e":"3 minutes"},"schema":{"@context":"https:\/\/schema.org","@graph":[{"@type":"WebPage","@id":"https:\/\/smallthings.fr\/lespetitslivres\/2016\/01\/11\/ronde-des-desirs-impossibles-calvetti\/","url":"https:\/\/smallthings.fr\/lespetitslivres\/2016\/01\/11\/ronde-des-desirs-impossibles-calvetti\/","name":"La Ronde des d\u00e9sirs impossibles, roman po\u00e9tique de Paola Calvetti","isPartOf":{"@id":"https:\/\/smallthings.fr\/lespetitslivres\/#website"},"datePublished":"2016-01-11T13:31:33+00:00","dateModified":"2016-02-01T13:24:09+00:00","author":{"@id":"https:\/\/smallthings.fr\/lespetitslivres\/#\/schema\/person\/bb8808220f912e72f01f7a55924d9ad1"},"description":"La ronde des d\u00e9sirs impossibles de Paola Cavetti est un roman qui est sorti aux \u00e9ditions Milady le 20 novembre dernier. Une trentenaire qui vient de se","breadcrumb":{"@id":"https:\/\/smallthings.fr\/lespetitslivres\/2016\/01\/11\/ronde-des-desirs-impossibles-calvetti\/#breadcrumb"},"inLanguage":"fr-FR","potentialAction":[{"@type":"ReadAction","target":["https:\/\/smallthings.fr\/lespetitslivres\/2016\/01\/11\/ronde-des-desirs-impossibles-calvetti\/"]}]},{"@type":"BreadcrumbList","@id":"https:\/\/smallthings.fr\/lespetitslivres\/2016\/01\/11\/ronde-des-desirs-impossibles-calvetti\/#breadcrumb","itemListElement":[{"@type":"ListItem","position":1,"name":"Accueil","item":"https:\/\/smallthings.fr\/lespetitslivres\/"},{"@type":"ListItem","position":2,"name":"La Ronde des d\u00e9sirs impossibles, roman po\u00e9tique de Paola Calvetti"}]},{"@type":"WebSite","@id":"https:\/\/smallthings.fr\/lespetitslivres\/#website","url":"https:\/\/smallthings.fr\/lespetitslivres\/","name":"Les Petits Livres","description":"by Small Things","potentialAction":[{"@type":"SearchAction","target":{"@type":"EntryPoint","urlTemplate":"https:\/\/smallthings.fr\/lespetitslivres\/?s={search_term_string}"},"query-input":"required name=search_term_string"}],"inLanguage":"fr-FR"},{"@type":"Person","@id":"https:\/\/smallthings.fr\/lespetitslivres\/#\/schema\/person\/bb8808220f912e72f01f7a55924d9ad1","name":"Jennifer","image":{"@type":"ImageObject","inLanguage":"fr-FR","@id":"https:\/\/smallthings.fr\/lespetitslivres\/#\/schema\/person\/image\/","url":"https:\/\/secure.gravatar.com\/avatar\/ffcd6b107b6b18c3d5201f1bcc631683?s=96&d=retro&r=g","contentUrl":"https:\/\/secure.gravatar.com\/avatar\/ffcd6b107b6b18c3d5201f1bcc631683?s=96&d=retro&r=g","caption":"Jennifer"},"url":"https:\/\/smallthings.fr\/lespetitslivres\/author\/jennifer\/"}]}},"jetpack_featured_media_url":"https:\/\/smallthings.fr\/lespetitslivres\/wp-content\/uploads\/2016\/01\/ronde-des-desirs-impossibles-couv.jpg","jetpack_sharing_enabled":true,"jetpack_shortlink":"https:\/\/wp.me\/p6Un21-7DU","jetpack-related-posts":[{"id":31706,"url":"https:\/\/smallthings.fr\/lespetitslivres\/2018\/06\/15\/fin-des-idoles-nicolas-gaudemet\/","url_meta":{"origin":29382,"position":0},"title":"La fin des idoles, d\u00e9nonciation de notre soci\u00e9t\u00e9 du para\u00eetre","author":"June","date":"15 juin 2018","format":false,"excerpt":"Avec La fin des idoles, Nicolas Gaudemet signe un roman absolument bluffant, qui nous renvoie un miroir d\u00e9fragment\u00e9 de notre soci\u00e9t\u00e9. Se jouant des codes, il fait de notre r\u00e9alit\u00e9 une fiction, de personnalit\u00e9s des personnages, pour mieux nous en renvoyer ce reflet grin\u00e7ant et d\u00e9rangeant. \u00c0 travers le roman\u2026","rel":"","context":"Dans &quot;Roman fran\u00e7ais&quot;","block_context":{"text":"Roman fran\u00e7ais","link":"https:\/\/smallthings.fr\/lespetitslivres\/category\/roman\/roman-francais\/"},"img":{"alt_text":"","src":"https:\/\/i0.wp.com\/smallthings.fr\/lespetitslivres\/wp-content\/uploads\/2018\/06\/fin-des-idoles-cover.jpg?resize=350%2C200&ssl=1","width":350,"height":200,"srcset":"https:\/\/i0.wp.com\/smallthings.fr\/lespetitslivres\/wp-content\/uploads\/2018\/06\/fin-des-idoles-cover.jpg?resize=350%2C200&ssl=1 1x, https:\/\/i0.wp.com\/smallthings.fr\/lespetitslivres\/wp-content\/uploads\/2018\/06\/fin-des-idoles-cover.jpg?resize=525%2C300&ssl=1 1.5x"},"classes":[]},{"id":31701,"url":"https:\/\/smallthings.fr\/lespetitslivres\/2018\/06\/14\/valse-hesitation-angela-huth\/","url_meta":{"origin":29382,"position":1},"title":"Valse h\u00e9sitation, le nouveau roman d&rsquo;Angela Huth","author":"Axelle","date":"14 juin 2018","format":false,"excerpt":"Valse h\u00e9sitation, de Angela Huth, est sorti le 8 mars aux \u00e9ditions de La Table Ronde dans leur collection Quai Voltaire. Un beau roman sur les histoires amoureuses d'une femme. Nous d\u00e9couvrons au d\u00e9but du roman l'h\u00e9ro\u00efne Clare, dans les ann\u00e9es 1970. Celle ci se rend \u00e0 l'enterrement de son\u2026","rel":"","context":"Dans &quot;Roman \u00e9tranger&quot;","block_context":{"text":"Roman \u00e9tranger","link":"https:\/\/smallthings.fr\/lespetitslivres\/category\/roman\/roman-etranger\/"},"img":{"alt_text":"","src":"","width":0,"height":0},"classes":[]},{"id":5662,"url":"https:\/\/smallthings.fr\/lespetitslivres\/2013\/05\/15\/guillaume-cherel-les-hommes-sont-des-maitresses-comme-les-autres\/","url_meta":{"origin":29382,"position":2},"title":"Guillaume Ch\u00e9rel &#8211; Les hommes sont des ma\u00eetresses comme les autres","author":"Audrey Ch\u00e8vrefeuille","date":"15 mai 2013","format":false,"excerpt":"Un amour de jeunesse, un coup de foudre, une histoire d'amour \u00e0 l'eau de rose... Non, il ne s'agit pas d'un roman \u00e9crit par une femme. Il n'est pas m\u00eame pas sign\u00e9 Marc L\u00e9vy. Pourtant, il a la sensibilit\u00e9 du r\u00e9cit d'une femme bless\u00e9e, amoureuse, d\u00e9\u00e7ue. Si les premi\u00e8res pages\u2026","rel":"","context":"Dans &quot;Roman fran\u00e7ais&quot;","block_context":{"text":"Roman fran\u00e7ais","link":"https:\/\/smallthings.fr\/lespetitslivres\/category\/roman\/roman-francais\/"},"img":{"alt_text":"","src":"https:\/\/i0.wp.com\/uploads.smallthings.fr\/2013\/05\/cherel-guillaume-2402.jpg?resize=350%2C200","width":350,"height":200},"classes":[]},{"id":31780,"url":"https:\/\/smallthings.fr\/lespetitslivres\/2018\/08\/28\/monsieur-viannet-veronique-le-goaziou\/","url_meta":{"origin":29382,"position":3},"title":"Monsieur Viannet, le roman des laiss\u00e9s pour compte","author":"Victoire Neyraud","date":"28 ao\u00fbt 2018","format":false,"excerpt":"Monsieur Viannet, le dernier roman de la sociologue et romanci\u00e8re V\u00e9ronique Le Goaziou, qui vient de para\u00eetre aux \u00e9ditions La Table Ronde pour la Rentr\u00e9e litt\u00e9raire. Une petite perle qui, d\u00e8s les premiers instants de lecture, nous prend en haleine et nous emporte sans pr\u00e9ambule dans un monde souvent peu\u2026","rel":"","context":"Dans &quot;Roman fran\u00e7ais&quot;","block_context":{"text":"Roman fran\u00e7ais","link":"https:\/\/smallthings.fr\/lespetitslivres\/category\/roman\/roman-francais\/"},"img":{"alt_text":"","src":"https:\/\/i0.wp.com\/smallthings.fr\/lespetitslivres\/wp-content\/uploads\/2018\/08\/monsieur-viannet-couverture-cover.jpg?resize=350%2C200&ssl=1","width":350,"height":200,"srcset":"https:\/\/i0.wp.com\/smallthings.fr\/lespetitslivres\/wp-content\/uploads\/2018\/08\/monsieur-viannet-couverture-cover.jpg?resize=350%2C200&ssl=1 1x, https:\/\/i0.wp.com\/smallthings.fr\/lespetitslivres\/wp-content\/uploads\/2018\/08\/monsieur-viannet-couverture-cover.jpg?resize=525%2C300&ssl=1 1.5x, https:\/\/i0.wp.com\/smallthings.fr\/lespetitslivres\/wp-content\/uploads\/2018\/08\/monsieur-viannet-couverture-cover.jpg?resize=700%2C400&ssl=1 2x"},"classes":[]},{"id":31614,"url":"https:\/\/smallthings.fr\/lespetitslivres\/2018\/04\/01\/midwinter-fiona-melrose-avis\/","url_meta":{"origin":29382,"position":4},"title":"Midwinter de Fiona Melrose, quand la m\u00e8re manque","author":"Axelle","date":"1 avril 2018","format":false,"excerpt":"Midwinter, premier roman de l'auteure sud-africaine Fiona Melrose, est sorti au mois de f\u00e9vrier au Quai Voltaire, collection de la maison d'\u00e9dition La Table Ronde. On y d\u00e9couvre l'histoire de Landyn Midwinter et de son fils Vale, agriculteurs dans le Suffolk, qui peinent \u00e0 joindre les deux bouts. Hant\u00e9s par\u2026","rel":"","context":"Dans &quot;Roman \u00e9tranger&quot;","block_context":{"text":"Roman \u00e9tranger","link":"https:\/\/smallthings.fr\/lespetitslivres\/category\/roman\/roman-etranger\/"},"img":{"alt_text":"","src":"https:\/\/i0.wp.com\/smallthings.fr\/lespetitslivres\/wp-content\/uploads\/2018\/04\/midwinter-cover.jpg?resize=350%2C200&ssl=1","width":350,"height":200,"srcset":"https:\/\/i0.wp.com\/smallthings.fr\/lespetitslivres\/wp-content\/uploads\/2018\/04\/midwinter-cover.jpg?resize=350%2C200&ssl=1 1x, https:\/\/i0.wp.com\/smallthings.fr\/lespetitslivres\/wp-content\/uploads\/2018\/04\/midwinter-cover.jpg?resize=525%2C300&ssl=1 1.5x"},"classes":[]},{"id":30867,"url":"https:\/\/smallthings.fr\/lespetitslivres\/2017\/03\/10\/avant-ombres-s-effacent-dalembert\/","url_meta":{"origin":29382,"position":5},"title":"Avant que les ombres s\u2019effacent : apr\u00e8s l\u2019errance, Ha\u00efti","author":"Diane Norric","date":"10 mars 2017","format":false,"excerpt":"N\u00e9 en 1962, l\u2019\u00e9crivain ha\u00eftien Louis-Philippe Dalembert peut se targuer d\u2019une \u0153uvre abondante et vari\u00e9e, o\u00f9 les romans c\u00f4toient la po\u00e9sie et l\u2019essai, et o\u00f9 le cr\u00e9ole rivalise avec le fran\u00e7ais. Avec Avant que les ombres s\u2019effacent, il revient avec un roman, mais s\u2019offre un nouvel \u00e9diteur\u00a0: Sabine Wespieser. Un\u2026","rel":"","context":"Dans &quot;Roman \u00e9tranger&quot;","block_context":{"text":"Roman \u00e9tranger","link":"https:\/\/smallthings.fr\/lespetitslivres\/category\/roman\/roman-etranger\/"},"img":{"alt_text":"","src":"https:\/\/i0.wp.com\/smallthings.fr\/lespetitslivres\/wp-content\/uploads\/2017\/03\/dalembert-ombres-haiti.jpg?resize=350%2C200&ssl=1","width":350,"height":200,"srcset":"https:\/\/i0.wp.com\/smallthings.fr\/lespetitslivres\/wp-content\/uploads\/2017\/03\/dalembert-ombres-haiti.jpg?resize=350%2C200&ssl=1 1x, https:\/\/i0.wp.com\/smallthings.fr\/lespetitslivres\/wp-content\/uploads\/2017\/03\/dalembert-ombres-haiti.jpg?resize=525%2C300&ssl=1 1.5x"},"classes":[]}],"_links":{"self":[{"href":"https:\/\/smallthings.fr\/lespetitslivres\/wp-json\/wp\/v2\/posts\/29382"}],"collection":[{"href":"https:\/\/smallthings.fr\/lespetitslivres\/wp-json\/wp\/v2\/posts"}],"about":[{"href":"https:\/\/smallthings.fr\/lespetitslivres\/wp-json\/wp\/v2\/types\/post"}],"author":[{"embeddable":true,"href":"https:\/\/smallthings.fr\/lespetitslivres\/wp-json\/wp\/v2\/users\/14"}],"replies":[{"embeddable":true,"href":"https:\/\/smallthings.fr\/lespetitslivres\/wp-json\/wp\/v2\/comments?post=29382"}],"version-history":[{"count":3,"href":"https:\/\/smallthings.fr\/lespetitslivres\/wp-json\/wp\/v2\/posts\/29382\/revisions"}],"predecessor-version":[{"id":29388,"href":"https:\/\/smallthings.fr\/lespetitslivres\/wp-json\/wp\/v2\/posts\/29382\/revisions\/29388"}],"wp:featuredmedia":[{"embeddable":true,"href":"https:\/\/smallthings.fr\/lespetitslivres\/wp-json\/wp\/v2\/media\/29384"}],"wp:attachment":[{"href":"https:\/\/smallthings.fr\/lespetitslivres\/wp-json\/wp\/v2\/media?parent=29382"}],"wp:term":[{"taxonomy":"category","embeddable":true,"href":"https:\/\/smallthings.fr\/lespetitslivres\/wp-json\/wp\/v2\/categories?post=29382"},{"taxonomy":"post_tag","embeddable":true,"href":"https:\/\/smallthings.fr\/lespetitslivres\/wp-json\/wp\/v2\/tags?post=29382"}],"curies":[{"name":"wp","href":"https:\/\/api.w.org\/{rel}","templated":true}]}}