{"id":29354,"date":"2016-01-07T14:02:50","date_gmt":"2016-01-07T13:02:50","guid":{"rendered":"http:\/\/smallthings.fr\/lespetitslivres\/?p=29354"},"modified":"2016-01-07T10:03:55","modified_gmt":"2016-01-07T09:03:55","slug":"ubac-polar-elisa-vix-avis","status":"publish","type":"post","link":"https:\/\/smallthings.fr\/lespetitslivres\/2016\/01\/07\/ubac-polar-elisa-vix-avis\/","title":{"rendered":"Ubac : polar saisissant d&rsquo;Elisa Vix"},"content":{"rendered":"<h2><em>Ubac<\/em>, polar d&rsquo;Elisa Vix, sort ce mois-ci au <a href=\"http:\/\/www.lerouergue.com\/catalogue\/ubac\" target=\"_blank\">Rouergue Noir<\/a>. U<strong>n drame familial saisissant qui se d\u00e9ploie en un huis-clos alpin. <\/strong><\/h2>\n<p>Val Plaisir. R\u00eaveuse, Estelle ne s&rsquo;en cache pas. Son dipl\u00f4me de pr\u00e9paratrice en pharmacie en poche, elle quitte sa derni\u00e8re famille en date et r\u00e9pond \u00e0 une offre d&#8217;emploi \u00e0 Val Plaisir o\u00f9 elle tombe imm\u00e9diatement amoureuse de J\u00e9r\u00e9my, coqueluche du village. <strong>L&rsquo;histoire se d\u00e9roule sur un hiver, long, durant lequel la s\u0153ur jumelle de J\u00e9r\u00e9my a d\u00e9cid\u00e9 d&rsquo;\u00e9tablir ses quartiers chez eux<\/strong>. Nadia, une beaut\u00e9 sans pareille derri\u00e8re laquelle se cache un affreux monstre, Estelle en est persuad\u00e9e. Elle ne sait pas pourquoi, mais quelque chose lui dit qu&rsquo;elle doit prot\u00e9ger son b\u00e9b\u00e9. A tout prix.<\/p>\n<p><strong><em><img loading=\"lazy\" decoding=\"async\" data-attachment-id=\"29355\" data-permalink=\"https:\/\/smallthings.fr\/lespetitslivres\/2016\/01\/07\/ubac-polar-elisa-vix-avis\/ubac-vix\/\" data-orig-file=\"https:\/\/smallthings.fr\/lespetitslivres\/wp-content\/uploads\/2016\/01\/ubac-vix.jpg\" data-orig-size=\"370,542\" data-comments-opened=\"1\" data-image-meta=\"{&quot;aperture&quot;:&quot;0&quot;,&quot;credit&quot;:&quot;&quot;,&quot;camera&quot;:&quot;&quot;,&quot;caption&quot;:&quot;&quot;,&quot;created_timestamp&quot;:&quot;0&quot;,&quot;copyright&quot;:&quot;&quot;,&quot;focal_length&quot;:&quot;0&quot;,&quot;iso&quot;:&quot;0&quot;,&quot;shutter_speed&quot;:&quot;0&quot;,&quot;title&quot;:&quot;&quot;,&quot;orientation&quot;:&quot;0&quot;}\" data-image-title=\"ubac-vix\" data-image-description=\"\" data-image-caption=\"\" data-medium-file=\"https:\/\/smallthings.fr\/lespetitslivres\/wp-content\/uploads\/2016\/01\/ubac-vix-205x300.jpg\" data-large-file=\"https:\/\/smallthings.fr\/lespetitslivres\/wp-content\/uploads\/2016\/01\/ubac-vix.jpg\" class=\"alignleft wp-image-29355\" src=\"http:\/\/smallthings.fr\/lespetitslivres\/wp-content\/uploads\/2016\/01\/ubac-vix.jpg\" alt=\"ubac-vix\" width=\"289\" height=\"423\" srcset=\"https:\/\/smallthings.fr\/lespetitslivres\/wp-content\/uploads\/2016\/01\/ubac-vix.jpg 370w, https:\/\/smallthings.fr\/lespetitslivres\/wp-content\/uploads\/2016\/01\/ubac-vix-205x300.jpg 205w\" sizes=\"(max-width: 289px) 100vw, 289px\" \/>Ubac<\/em><\/strong> d\u00e9bute sur un prologue au ton tr\u00e8s pompeux et alambiqu\u00e9, qui s&rsquo;estompe cependant au fil des pages. En pers\u00e9v\u00e9rant, la relation fusionnelle du fr\u00e8re et de sa s\u0153ur prend des airs d&rsquo;inceste profond\u00e9ment d\u00e9rangeants. Le serpent s&rsquo;est infiltr\u00e9 dans l\u2019\u0153uf, on ne sait s&rsquo;il en ressortira.<\/p>\n<p>Mais c&rsquo;est avec un art consomm\u00e9 qu&rsquo;Elisa Vix nous montre l&rsquo;\u00e9volution de son personnage f\u00e9tiche et si attachant, Estelle. Comment le doute s&rsquo;immiscera-t-il en elle\u00a0? Un doute si \u00e9norme que sa tr\u00e8s ch\u00e8re amie Claudine s&rsquo;indigne qu&rsquo;elle ait pu avoir une telle pens\u00e9e. Pourtant, comment expliquer cette marche soigneusement cir\u00e9e, ce couteau pr\u00e8s de son b\u00e9b\u00e9, et tous ces d\u00e9tails qui finissent par la rendre folle aux yeux de tous\u00a0?<\/p>\n<p>En somme, le lecteur est transport\u00e9 jusqu&rsquo;\u00e0 la fin. Ce qui fonctionne le mieux dans <strong><em>Ubac<\/em><\/strong>, c&rsquo;est cette facilit\u00e9 avec laquelle Elisa Vix d\u00e9crit le quotidien comme si on le vivait. On ne reste pas indiff\u00e9rent \u00e0 un telle lecture\u00a0; elle hante tout, comme Nadia hante son fr\u00e8re.<\/p>\n<blockquote>\n<div id=\"attachment_29356\" style=\"width: 205px\" class=\"wp-caption alignright\"><img loading=\"lazy\" decoding=\"async\" aria-describedby=\"caption-attachment-29356\" data-attachment-id=\"29356\" data-permalink=\"https:\/\/smallthings.fr\/lespetitslivres\/2016\/01\/07\/ubac-polar-elisa-vix-avis\/ubac-elisa-vix\/\" data-orig-file=\"https:\/\/smallthings.fr\/lespetitslivres\/wp-content\/uploads\/2016\/01\/ubac-elisa-vix.jpg\" data-orig-size=\"370,440\" data-comments-opened=\"1\" data-image-meta=\"{&quot;aperture&quot;:&quot;0&quot;,&quot;credit&quot;:&quot;&quot;,&quot;camera&quot;:&quot;&quot;,&quot;caption&quot;:&quot;&quot;,&quot;created_timestamp&quot;:&quot;0&quot;,&quot;copyright&quot;:&quot;&quot;,&quot;focal_length&quot;:&quot;0&quot;,&quot;iso&quot;:&quot;0&quot;,&quot;shutter_speed&quot;:&quot;0&quot;,&quot;title&quot;:&quot;&quot;,&quot;orientation&quot;:&quot;0&quot;}\" data-image-title=\"ubac-elisa-vix\" data-image-description=\"\" data-image-caption=\"&lt;p&gt;Elisa Vix, auteur d&amp;rsquo;Ubac&lt;\/p&gt;\n\" data-medium-file=\"https:\/\/smallthings.fr\/lespetitslivres\/wp-content\/uploads\/2016\/01\/ubac-elisa-vix-252x300.jpg\" data-large-file=\"https:\/\/smallthings.fr\/lespetitslivres\/wp-content\/uploads\/2016\/01\/ubac-elisa-vix.jpg\" class=\" wp-image-29356\" src=\"http:\/\/smallthings.fr\/lespetitslivres\/wp-content\/uploads\/2016\/01\/ubac-elisa-vix.jpg\" alt=\"Elisa Vix, auteur d'Ubac\" width=\"195\" height=\"232\" srcset=\"https:\/\/smallthings.fr\/lespetitslivres\/wp-content\/uploads\/2016\/01\/ubac-elisa-vix.jpg 370w, https:\/\/smallthings.fr\/lespetitslivres\/wp-content\/uploads\/2016\/01\/ubac-elisa-vix-252x300.jpg 252w\" sizes=\"(max-width: 195px) 100vw, 195px\" \/><p id=\"caption-attachment-29356\" class=\"wp-caption-text\">Elisa Vix, auteur d&rsquo;Ubac<\/p><\/div>\n<p>\u00ab\u00a0Je fis un geste pour le repousser et, soudain, je revis Lilas, hier, recrachant la pur\u00e9e. Son go\u00fbt acre&#8230; Mes yeux s&rsquo;\u00e9carquill\u00e8rent d&rsquo;effroi. Fallait-il vraiment que je sois idiote\u00a0!<\/p>\n<p>Je saisis l&rsquo;assiette et la balan\u00e7ai contre le mur. Elle s&rsquo;y fracassa en laissant une tra\u00een\u00e9e ocre. J\u00e9r\u00e9my me consid\u00e9ra avec stupeur.<\/p>\n<p>_ Estelle&#8230;<\/p>\n<p>Je me suis mis \u00e0 pleurer. Des larmes am\u00e8res et douloureuses. Des larmes de d\u00e9sespoir.<\/p>\n<p>Constern\u00e9, mon mari essuya la pur\u00e9e en silence.\u00a0\u00bb<\/p><\/blockquote>\n","protected":false},"excerpt":{"rendered":"<p>Ubac, polar d&rsquo;Elisa Vix, sort ce mois-ci au Rouergue Noir. Un drame familial saisissant qui se d\u00e9ploie en un huis-clos alpin. Val Plaisir. R\u00eaveuse, Estelle ne s&rsquo;en cache pas. Son dipl\u00f4me de pr\u00e9paratrice en pharmacie en poche, elle quitte sa derni\u00e8re famille en date et r\u00e9pond \u00e0 une offre d&#8217;emploi \u00e0 Val Plaisir o\u00f9 elle<\/p>\n","protected":false},"author":19,"featured_media":29357,"comment_status":"open","ping_status":"open","sticky":false,"template":"","format":"standard","meta":{"jetpack_post_was_ever_published":false,"_jetpack_newsletter_access":"","_jetpack_newsletter_tier_id":0,"footnotes":"","jetpack_publicize_message":"","jetpack_is_tweetstorm":false,"jetpack_publicize_feature_enabled":true,"jetpack_social_post_already_shared":true,"jetpack_social_options":{"image_generator_settings":{"template":"highway","enabled":false}}},"categories":[1121,1111],"tags":[1229,7,1228],"jetpack_publicize_connections":[],"yoast_head":"<!-- This site is optimized with the Yoast SEO plugin v21.5 - https:\/\/yoast.com\/wordpress\/plugins\/seo\/ -->\n<title>Ubac : polar saisissant d&#039;Elisa Vix<\/title>\n<meta name=\"description\" content=\"Ubac, polar d&#039;Elisa Vix, sort ce mois-ci au Rouergue Noir. Un drame familial saisissant qui se d\u00e9ploie en un huis-clos alpin.\" \/>\n<meta name=\"robots\" content=\"index, follow, max-snippet:-1, max-image-preview:large, max-video-preview:-1\" \/>\n<link rel=\"canonical\" href=\"http:\/\/smallthings.fr\/lespetitslivres\/2016\/01\/07\/ubac-polar-elisa-vix-avis\/\" \/>\n<meta property=\"og:locale\" content=\"fr_FR\" \/>\n<meta property=\"og:type\" content=\"article\" \/>\n<meta property=\"og:title\" content=\"Ubac : polar saisissant d&#039;Elisa Vix\" \/>\n<meta property=\"og:description\" content=\"Ubac, polar d&#039;Elisa Vix, sort ce mois-ci au Rouergue Noir. Un drame familial saisissant qui se d\u00e9ploie en un huis-clos alpin.\" \/>\n<meta property=\"og:url\" content=\"http:\/\/smallthings.fr\/lespetitslivres\/2016\/01\/07\/ubac-polar-elisa-vix-avis\/\" \/>\n<meta property=\"og:site_name\" content=\"Les Petits Livres\" \/>\n<meta property=\"article:published_time\" content=\"2016-01-07T13:02:50+00:00\" \/>\n<meta property=\"article:modified_time\" content=\"2016-01-07T09:03:55+00:00\" \/>\n<meta property=\"og:image\" content=\"https:\/\/i0.wp.com\/smallthings.fr\/lespetitslivres\/wp-content\/uploads\/2016\/01\/ubac-vix-couv.jpg?fit=256%2C268\" \/>\n\t<meta property=\"og:image:width\" content=\"256\" \/>\n\t<meta property=\"og:image:height\" content=\"268\" \/>\n\t<meta property=\"og:image:type\" content=\"image\/jpeg\" \/>\n<meta name=\"author\" content=\"Fanny\" \/>\n<meta name=\"twitter:card\" content=\"summary_large_image\" \/>\n<meta name=\"twitter:label1\" content=\"\u00c9crit par\" \/>\n\t<meta name=\"twitter:data1\" content=\"Fanny\" \/>\n\t<meta name=\"twitter:label2\" content=\"Dur\u00e9e de lecture estim\u00e9e\" \/>\n\t<meta name=\"twitter:data2\" content=\"2 minutes\" \/>\n<script type=\"application\/ld+json\" class=\"yoast-schema-graph\">{\"@context\":\"https:\/\/schema.org\",\"@graph\":[{\"@type\":\"WebPage\",\"@id\":\"http:\/\/smallthings.fr\/lespetitslivres\/2016\/01\/07\/ubac-polar-elisa-vix-avis\/\",\"url\":\"http:\/\/smallthings.fr\/lespetitslivres\/2016\/01\/07\/ubac-polar-elisa-vix-avis\/\",\"name\":\"Ubac : polar saisissant d'Elisa Vix\",\"isPartOf\":{\"@id\":\"https:\/\/smallthings.fr\/lespetitslivres\/#website\"},\"datePublished\":\"2016-01-07T13:02:50+00:00\",\"dateModified\":\"2016-01-07T09:03:55+00:00\",\"author\":{\"@id\":\"https:\/\/smallthings.fr\/lespetitslivres\/#\/schema\/person\/4edc19674114d2eb919dc6bb7d8a9d85\"},\"description\":\"Ubac, polar d'Elisa Vix, sort ce mois-ci au Rouergue Noir. Un drame familial saisissant qui se d\u00e9ploie en un huis-clos alpin.\",\"breadcrumb\":{\"@id\":\"http:\/\/smallthings.fr\/lespetitslivres\/2016\/01\/07\/ubac-polar-elisa-vix-avis\/#breadcrumb\"},\"inLanguage\":\"fr-FR\",\"potentialAction\":[{\"@type\":\"ReadAction\",\"target\":[\"http:\/\/smallthings.fr\/lespetitslivres\/2016\/01\/07\/ubac-polar-elisa-vix-avis\/\"]}]},{\"@type\":\"BreadcrumbList\",\"@id\":\"http:\/\/smallthings.fr\/lespetitslivres\/2016\/01\/07\/ubac-polar-elisa-vix-avis\/#breadcrumb\",\"itemListElement\":[{\"@type\":\"ListItem\",\"position\":1,\"name\":\"Accueil\",\"item\":\"https:\/\/smallthings.fr\/lespetitslivres\/\"},{\"@type\":\"ListItem\",\"position\":2,\"name\":\"Ubac : polar saisissant d&rsquo;Elisa Vix\"}]},{\"@type\":\"WebSite\",\"@id\":\"https:\/\/smallthings.fr\/lespetitslivres\/#website\",\"url\":\"https:\/\/smallthings.fr\/lespetitslivres\/\",\"name\":\"Les Petits Livres\",\"description\":\"by Small Things\",\"potentialAction\":[{\"@type\":\"SearchAction\",\"target\":{\"@type\":\"EntryPoint\",\"urlTemplate\":\"https:\/\/smallthings.fr\/lespetitslivres\/?s={search_term_string}\"},\"query-input\":\"required name=search_term_string\"}],\"inLanguage\":\"fr-FR\"},{\"@type\":\"Person\",\"@id\":\"https:\/\/smallthings.fr\/lespetitslivres\/#\/schema\/person\/4edc19674114d2eb919dc6bb7d8a9d85\",\"name\":\"Fanny\",\"image\":{\"@type\":\"ImageObject\",\"inLanguage\":\"fr-FR\",\"@id\":\"https:\/\/smallthings.fr\/lespetitslivres\/#\/schema\/person\/image\/\",\"url\":\"https:\/\/secure.gravatar.com\/avatar\/fef90dc521eccf7315ddda541ee2ec9e?s=96&d=retro&r=g\",\"contentUrl\":\"https:\/\/secure.gravatar.com\/avatar\/fef90dc521eccf7315ddda541ee2ec9e?s=96&d=retro&r=g\",\"caption\":\"Fanny\"},\"url\":\"https:\/\/smallthings.fr\/lespetitslivres\/author\/fanny\/\"}]}<\/script>\n<!-- \/ Yoast SEO plugin. -->","yoast_head_json":{"title":"Ubac : polar saisissant d'Elisa Vix","description":"Ubac, polar d'Elisa Vix, sort ce mois-ci au Rouergue Noir. Un drame familial saisissant qui se d\u00e9ploie en un huis-clos alpin.","robots":{"index":"index","follow":"follow","max-snippet":"max-snippet:-1","max-image-preview":"max-image-preview:large","max-video-preview":"max-video-preview:-1"},"canonical":"http:\/\/smallthings.fr\/lespetitslivres\/2016\/01\/07\/ubac-polar-elisa-vix-avis\/","og_locale":"fr_FR","og_type":"article","og_title":"Ubac : polar saisissant d'Elisa Vix","og_description":"Ubac, polar d'Elisa Vix, sort ce mois-ci au Rouergue Noir. Un drame familial saisissant qui se d\u00e9ploie en un huis-clos alpin.","og_url":"http:\/\/smallthings.fr\/lespetitslivres\/2016\/01\/07\/ubac-polar-elisa-vix-avis\/","og_site_name":"Les Petits Livres","article_published_time":"2016-01-07T13:02:50+00:00","article_modified_time":"2016-01-07T09:03:55+00:00","og_image":[{"width":256,"height":268,"url":"https:\/\/i0.wp.com\/smallthings.fr\/lespetitslivres\/wp-content\/uploads\/2016\/01\/ubac-vix-couv.jpg?fit=256%2C268","type":"image\/jpeg"}],"author":"Fanny","twitter_card":"summary_large_image","twitter_misc":{"\u00c9crit par":"Fanny","Dur\u00e9e de lecture estim\u00e9e":"2 minutes"},"schema":{"@context":"https:\/\/schema.org","@graph":[{"@type":"WebPage","@id":"http:\/\/smallthings.fr\/lespetitslivres\/2016\/01\/07\/ubac-polar-elisa-vix-avis\/","url":"http:\/\/smallthings.fr\/lespetitslivres\/2016\/01\/07\/ubac-polar-elisa-vix-avis\/","name":"Ubac : polar saisissant d'Elisa Vix","isPartOf":{"@id":"https:\/\/smallthings.fr\/lespetitslivres\/#website"},"datePublished":"2016-01-07T13:02:50+00:00","dateModified":"2016-01-07T09:03:55+00:00","author":{"@id":"https:\/\/smallthings.fr\/lespetitslivres\/#\/schema\/person\/4edc19674114d2eb919dc6bb7d8a9d85"},"description":"Ubac, polar d'Elisa Vix, sort ce mois-ci au Rouergue Noir. Un drame familial saisissant qui se d\u00e9ploie en un huis-clos alpin.","breadcrumb":{"@id":"http:\/\/smallthings.fr\/lespetitslivres\/2016\/01\/07\/ubac-polar-elisa-vix-avis\/#breadcrumb"},"inLanguage":"fr-FR","potentialAction":[{"@type":"ReadAction","target":["http:\/\/smallthings.fr\/lespetitslivres\/2016\/01\/07\/ubac-polar-elisa-vix-avis\/"]}]},{"@type":"BreadcrumbList","@id":"http:\/\/smallthings.fr\/lespetitslivres\/2016\/01\/07\/ubac-polar-elisa-vix-avis\/#breadcrumb","itemListElement":[{"@type":"ListItem","position":1,"name":"Accueil","item":"https:\/\/smallthings.fr\/lespetitslivres\/"},{"@type":"ListItem","position":2,"name":"Ubac : polar saisissant d&rsquo;Elisa Vix"}]},{"@type":"WebSite","@id":"https:\/\/smallthings.fr\/lespetitslivres\/#website","url":"https:\/\/smallthings.fr\/lespetitslivres\/","name":"Les Petits Livres","description":"by Small Things","potentialAction":[{"@type":"SearchAction","target":{"@type":"EntryPoint","urlTemplate":"https:\/\/smallthings.fr\/lespetitslivres\/?s={search_term_string}"},"query-input":"required name=search_term_string"}],"inLanguage":"fr-FR"},{"@type":"Person","@id":"https:\/\/smallthings.fr\/lespetitslivres\/#\/schema\/person\/4edc19674114d2eb919dc6bb7d8a9d85","name":"Fanny","image":{"@type":"ImageObject","inLanguage":"fr-FR","@id":"https:\/\/smallthings.fr\/lespetitslivres\/#\/schema\/person\/image\/","url":"https:\/\/secure.gravatar.com\/avatar\/fef90dc521eccf7315ddda541ee2ec9e?s=96&d=retro&r=g","contentUrl":"https:\/\/secure.gravatar.com\/avatar\/fef90dc521eccf7315ddda541ee2ec9e?s=96&d=retro&r=g","caption":"Fanny"},"url":"https:\/\/smallthings.fr\/lespetitslivres\/author\/fanny\/"}]}},"jetpack_featured_media_url":"https:\/\/smallthings.fr\/lespetitslivres\/wp-content\/uploads\/2016\/01\/ubac-vix-couv.jpg","jetpack_sharing_enabled":true,"jetpack_shortlink":"https:\/\/wp.me\/p6Un21-7Ds","jetpack-related-posts":[{"id":31394,"url":"https:\/\/smallthings.fr\/lespetitslivres\/2017\/11\/27\/assassins-d-avant-elisa-vix\/","url_meta":{"origin":29354,"position":0},"title":"Assassins d&rsquo;avant : qui a tu\u00e9 la ma\u00eetresse ?","author":"Cecile","date":"27 novembre 2017","format":false,"excerpt":"Assassins d'avant est le nouveau livre d'\u00c9lisa Vix, publi\u00e9 en septembre dernier au Rouergue. Un polar qui m\u00eale \u00e9nigme et romance de mani\u00e8re efficace. L\u2019entr\u00e9e en mati\u00e8re m\u00eale classiquement \u00e9nigme et romance\u00a0: une jeune femme vient au commissariat, demande \u00e0 interviewer un policier et lui r\u00e9v\u00e8le qu\u2019elle est en r\u00e9alit\u00e9\u2026","rel":"","context":"Dans &quot;Roman fran\u00e7ais&quot;","block_context":{"text":"Roman fran\u00e7ais","link":"https:\/\/smallthings.fr\/lespetitslivres\/category\/roman\/roman-francais\/"},"img":{"alt_text":"","src":"https:\/\/i0.wp.com\/smallthings.fr\/lespetitslivres\/wp-content\/uploads\/2017\/11\/assassins-d-avant-vix-cover.jpg?resize=350%2C200&ssl=1","width":350,"height":200,"srcset":"https:\/\/i0.wp.com\/smallthings.fr\/lespetitslivres\/wp-content\/uploads\/2017\/11\/assassins-d-avant-vix-cover.jpg?resize=350%2C200&ssl=1 1x, https:\/\/i0.wp.com\/smallthings.fr\/lespetitslivres\/wp-content\/uploads\/2017\/11\/assassins-d-avant-vix-cover.jpg?resize=525%2C300&ssl=1 1.5x, https:\/\/i0.wp.com\/smallthings.fr\/lespetitslivres\/wp-content\/uploads\/2017\/11\/assassins-d-avant-vix-cover.jpg?resize=700%2C400&ssl=1 2x, https:\/\/i0.wp.com\/smallthings.fr\/lespetitslivres\/wp-content\/uploads\/2017\/11\/assassins-d-avant-vix-cover.jpg?resize=1050%2C600&ssl=1 3x, https:\/\/i0.wp.com\/smallthings.fr\/lespetitslivres\/wp-content\/uploads\/2017\/11\/assassins-d-avant-vix-cover.jpg?resize=1400%2C800&ssl=1 4x"},"classes":[]},{"id":22805,"url":"https:\/\/smallthings.fr\/lespetitslivres\/2015\/04\/24\/verite-et-autres-mensonges-polar-arango\/","url_meta":{"origin":29354,"position":1},"title":"La v\u00e9rit\u00e9 et autres mensonges : polar de Sascha Arango","author":"Claire","date":"24 avril 2015","format":false,"excerpt":"La v\u00e9rit\u00e9 et autres mensonges de Sascha Arango, paru en f\u00e9vrier chez Albin Michel, vient de remporter le Prix du polar europ\u00e9en 2015 d\u00e9cern\u00e9 par le Point. Une bonne raison de s'y pencher. En effet, le nouveau roman de ce sc\u00e9nariste allemand ne manque pas d'originalit\u00e9 et de surprises. Malgr\u00e9\u2026","rel":"","context":"Dans &quot;Thriller&quot;","block_context":{"text":"Thriller","link":"https:\/\/smallthings.fr\/lespetitslivres\/category\/thriller\/"},"img":{"alt_text":"","src":"https:\/\/i0.wp.com\/smallthings.fr\/wp-content\/uploads\/2015\/04\/v\u00c3\u00a9rit\u00c3\u00a9-autres-mensonges-546x800.jpg?resize=350%2C200","width":350,"height":200},"classes":[]},{"id":29597,"url":"https:\/\/smallthings.fr\/lespetitslivres\/2016\/02\/20\/hommes-depourvus-de-sentiments-un-polar-avis\/","url_meta":{"origin":29354,"position":2},"title":"Des hommes d\u00e9pourvus de sentiments : un polar britannique convaincant","author":"Lola","date":"20 f\u00e9vrier 2016","format":false,"excerpt":"La collection Rouergue Noir nous propose avec Des hommes d\u00e9pourvus de sentiments, un quatri\u00e8me roman du britannique Peter Guttridge, traduit par Jean-Ren\u00e9 Dastugue. Ce quatri\u00e8me tome se d\u00e9roule toujours en partie \u00e0 Brighton, ville de pr\u00e9dilection de l\u2019auteur, mais aussi entre le Cambodge et la Hongrie. Nous suivons les aventures\u2026","rel":"","context":"Dans &quot;Thriller&quot;","block_context":{"text":"Thriller","link":"https:\/\/smallthings.fr\/lespetitslivres\/category\/thriller\/"},"img":{"alt_text":"hommes-depourvus-sentiments","src":"https:\/\/i0.wp.com\/smallthings.fr\/lespetitslivres\/wp-content\/uploads\/2016\/02\/hommes-depourvus-sentiments.jpg?resize=350%2C200","width":350,"height":200},"classes":[]},{"id":29272,"url":"https:\/\/smallthings.fr\/lespetitslivres\/2015\/12\/09\/projet-k-douglas-preston\/","url_meta":{"origin":29354,"position":3},"title":"Le Projet K : polar technologique et politique de Douglas Preston","author":"June","date":"9 d\u00e9cembre 2015","format":false,"excerpt":"Le Projet K de Douglas Preston, paru le 12 novembre, aux \u00e9ditions de l\u2019Archipel, joue avec brio du style policier et du roman d\u2019anticipation. Une traque riche en rebondissements, sur fond d\u2019avanc\u00e9e technologique, que son auteur, en habitu\u00e9 du genre, m\u00e8ne tambour battant. Au c\u0153ur de la NASA, s\u2019ex\u00e9cutent les\u2026","rel":"","context":"Dans &quot;Actu&quot;","block_context":{"text":"Actu","link":"https:\/\/smallthings.fr\/lespetitslivres\/category\/actu\/"},"img":{"alt_text":"","src":"https:\/\/i0.wp.com\/smallthings.fr\/lespetitslivres\/wp-content\/uploads\/2015\/12\/projet-k-couv.jpg?resize=350%2C200&ssl=1","width":350,"height":200},"classes":[]},{"id":29887,"url":"https:\/\/smallthings.fr\/lespetitslivres\/2016\/04\/27\/kayla-marchal-coup-de-coeur-saga-destelle-vagner\/","url_meta":{"origin":29354,"position":4},"title":"Kayla Marchal : coup de c\u0153ur pour la saga d\u2019Estelle Vagner","author":"Jennifer","date":"27 avril 2016","format":false,"excerpt":"L\u2019Exil est le premier tome de la trilogie Kayla Marchal d\u2019Estelle Vagner, paru le 2 avril dernier aux \u00e9ditions du Chat Noir. Le livre raconte l\u2019histoire d\u2019une morphe incapable de se transformer et \u00a0qui finit chass\u00e9e de son clan. Kayla Marchal est une saga d\u2019urban-fantasy comme on les aime. De\u2026","rel":"","context":"Dans &quot;Fantastique&quot;","block_context":{"text":"Fantastique","link":"https:\/\/smallthings.fr\/lespetitslivres\/category\/imaginaire\/fantastique\/"},"img":{"alt_text":"","src":"https:\/\/i0.wp.com\/smallthings.fr\/lespetitslivres\/wp-content\/uploads\/2016\/04\/kayla-marchal-couv.jpg?resize=350%2C200&ssl=1","width":350,"height":200,"srcset":"https:\/\/i0.wp.com\/smallthings.fr\/lespetitslivres\/wp-content\/uploads\/2016\/04\/kayla-marchal-couv.jpg?resize=350%2C200&ssl=1 1x, https:\/\/i0.wp.com\/smallthings.fr\/lespetitslivres\/wp-content\/uploads\/2016\/04\/kayla-marchal-couv.jpg?resize=525%2C300&ssl=1 1.5x"},"classes":[]},{"id":29965,"url":"https:\/\/smallthings.fr\/lespetitslivres\/2016\/05\/20\/did-i-mention-i-need-you-serie-critique\/","url_meta":{"origin":29354,"position":5},"title":"Did I Mention I Need You : la suite de la s\u00e9rie ph\u00e9nom\u00e8ne","author":"Jennifer","date":"20 mai 2016","format":false,"excerpt":"Did I Mention I Need You est le deuxi\u00e8me volet de la saga d\u2019Estelle Maskame. Il est sorti le 4 mai dernier chez Pocket Jeunesse et se passe un an apr\u00e8s le premier tome. Eden va retrouver son demi-fr\u00e8re Tyler \u00e0 New York pour des vacances\u2026 dangereuses. Si le premier\u2026","rel":"","context":"Dans &quot;Young Adult&quot;","block_context":{"text":"Young Adult","link":"https:\/\/smallthings.fr\/lespetitslivres\/category\/young-adult\/"},"img":{"alt_text":"","src":"https:\/\/i0.wp.com\/smallthings.fr\/lespetitslivres\/wp-content\/uploads\/2016\/05\/did-i-mention-i-need-you-couv.jpg?resize=350%2C200&ssl=1","width":350,"height":200,"srcset":"https:\/\/i0.wp.com\/smallthings.fr\/lespetitslivres\/wp-content\/uploads\/2016\/05\/did-i-mention-i-need-you-couv.jpg?resize=350%2C200&ssl=1 1x, https:\/\/i0.wp.com\/smallthings.fr\/lespetitslivres\/wp-content\/uploads\/2016\/05\/did-i-mention-i-need-you-couv.jpg?resize=525%2C300&ssl=1 1.5x, https:\/\/i0.wp.com\/smallthings.fr\/lespetitslivres\/wp-content\/uploads\/2016\/05\/did-i-mention-i-need-you-couv.jpg?resize=700%2C400&ssl=1 2x, https:\/\/i0.wp.com\/smallthings.fr\/lespetitslivres\/wp-content\/uploads\/2016\/05\/did-i-mention-i-need-you-couv.jpg?resize=1050%2C600&ssl=1 3x, https:\/\/i0.wp.com\/smallthings.fr\/lespetitslivres\/wp-content\/uploads\/2016\/05\/did-i-mention-i-need-you-couv.jpg?resize=1400%2C800&ssl=1 4x"},"classes":[]}],"_links":{"self":[{"href":"https:\/\/smallthings.fr\/lespetitslivres\/wp-json\/wp\/v2\/posts\/29354"}],"collection":[{"href":"https:\/\/smallthings.fr\/lespetitslivres\/wp-json\/wp\/v2\/posts"}],"about":[{"href":"https:\/\/smallthings.fr\/lespetitslivres\/wp-json\/wp\/v2\/types\/post"}],"author":[{"embeddable":true,"href":"https:\/\/smallthings.fr\/lespetitslivres\/wp-json\/wp\/v2\/users\/19"}],"replies":[{"embeddable":true,"href":"https:\/\/smallthings.fr\/lespetitslivres\/wp-json\/wp\/v2\/comments?post=29354"}],"version-history":[{"count":2,"href":"https:\/\/smallthings.fr\/lespetitslivres\/wp-json\/wp\/v2\/posts\/29354\/revisions"}],"predecessor-version":[{"id":29359,"href":"https:\/\/smallthings.fr\/lespetitslivres\/wp-json\/wp\/v2\/posts\/29354\/revisions\/29359"}],"wp:featuredmedia":[{"embeddable":true,"href":"https:\/\/smallthings.fr\/lespetitslivres\/wp-json\/wp\/v2\/media\/29357"}],"wp:attachment":[{"href":"https:\/\/smallthings.fr\/lespetitslivres\/wp-json\/wp\/v2\/media?parent=29354"}],"wp:term":[{"taxonomy":"category","embeddable":true,"href":"https:\/\/smallthings.fr\/lespetitslivres\/wp-json\/wp\/v2\/categories?post=29354"},{"taxonomy":"post_tag","embeddable":true,"href":"https:\/\/smallthings.fr\/lespetitslivres\/wp-json\/wp\/v2\/tags?post=29354"}],"curies":[{"name":"wp","href":"https:\/\/api.w.org\/{rel}","templated":true}]}}