{"id":29341,"date":"2016-01-08T14:06:23","date_gmt":"2016-01-08T13:06:23","guid":{"rendered":"http:\/\/smallthings.fr\/lespetitslivres\/?p=29341"},"modified":"2016-02-01T14:24:17","modified_gmt":"2016-02-01T13:24:17","slug":"simone-de-beauvoir-et-les-femmes","status":"publish","type":"post","link":"https:\/\/smallthings.fr\/lespetitslivres\/2016\/01\/08\/simone-de-beauvoir-et-les-femmes\/","title":{"rendered":"Simone de Beauvoir et les femmes :  l\u2019ic\u00f4ne d\u00e9boulonn\u00e9e"},"content":{"rendered":"<h2><em>Simone de Beauvoir<\/em> <em>et les femmes<\/em>, essai de Marie-Jo Bonnet, est paru en septembre aux \u00e9ditions <a href=\"http:\/\/www.albin-michel.fr\/Simone-de-Beauvoir-et-les-femmes-EAN=9782226316714\" target=\"_blank\">Albin Michel<\/a>. Historienne de l\u2019art et des id\u00e9es, f\u00e9ministe et lesbienne engag\u00e9e, Marie-Jo Bonnet s\u2019emploie, dans les 300 pages de <em>Simone de Beauvoir et les femmes<\/em>, \u00e0 d\u00e9construire l\u2019\u0153uvre et, surtout, le personnage de Simone de Beauvoir. D\u00e9capant, pertinent, passionnant.<\/h2>\n<p>Marie-Jo Bonnet a \u00e9t\u00e9 membre fondatrice du MLF. Simone de Beauvoir, elle l\u2019a rencontr\u00e9e dans le cadre de ses activit\u00e9s militantes. Quand la philosophe \u00e9tait une r\u00e9f\u00e9rence pour les f\u00e9ministes. Bonnet fait donc \u0153uvre iconoclaste, puisque son nouveau livre s\u2019attache \u00e0 d\u00e9montrer la misogynie de l\u2019illustre intellectuelle, et en particulier de son opus majeur <em>Le<\/em> <em>Deuxi\u00e8me sexe<\/em>, et sa dissimulation syst\u00e9matique de son attirance pour les femmes.<\/p>\n<p><img loading=\"lazy\" decoding=\"async\" data-attachment-id=\"29342\" data-permalink=\"https:\/\/smallthings.fr\/lespetitslivres\/2016\/01\/08\/simone-de-beauvoir-et-les-femmes\/mise-en-page-1-2\/\" data-orig-file=\"https:\/\/smallthings.fr\/lespetitslivres\/wp-content\/uploads\/2016\/01\/simone-de-beauvoir-et-les-femmes.jpg\" data-orig-size=\"1652,2420\" data-comments-opened=\"1\" data-image-meta=\"{&quot;aperture&quot;:&quot;0&quot;,&quot;credit&quot;:&quot;&quot;,&quot;camera&quot;:&quot;&quot;,&quot;caption&quot;:&quot;&quot;,&quot;created_timestamp&quot;:&quot;0&quot;,&quot;copyright&quot;:&quot;&quot;,&quot;focal_length&quot;:&quot;0&quot;,&quot;iso&quot;:&quot;0&quot;,&quot;shutter_speed&quot;:&quot;0&quot;,&quot;title&quot;:&quot;Mise en page 1&quot;,&quot;orientation&quot;:&quot;1&quot;}\" data-image-title=\"Mise en page 1\" data-image-description=\"\" data-image-caption=\"\" data-medium-file=\"https:\/\/smallthings.fr\/lespetitslivres\/wp-content\/uploads\/2016\/01\/simone-de-beauvoir-et-les-femmes-205x300.jpg\" data-large-file=\"https:\/\/smallthings.fr\/lespetitslivres\/wp-content\/uploads\/2016\/01\/simone-de-beauvoir-et-les-femmes-699x1024.jpg\" class=\"alignleft wp-image-29342\" src=\"http:\/\/smallthings.fr\/lespetitslivres\/wp-content\/uploads\/2016\/01\/simone-de-beauvoir-et-les-femmes-699x1024.jpg\" alt=\"Mise en page 1\" width=\"279\" height=\"409\" srcset=\"https:\/\/smallthings.fr\/lespetitslivres\/wp-content\/uploads\/2016\/01\/simone-de-beauvoir-et-les-femmes-699x1024.jpg 699w, https:\/\/smallthings.fr\/lespetitslivres\/wp-content\/uploads\/2016\/01\/simone-de-beauvoir-et-les-femmes-205x300.jpg 205w, https:\/\/smallthings.fr\/lespetitslivres\/wp-content\/uploads\/2016\/01\/simone-de-beauvoir-et-les-femmes-768x1125.jpg 768w, https:\/\/smallthings.fr\/lespetitslivres\/wp-content\/uploads\/2016\/01\/simone-de-beauvoir-et-les-femmes-1049x1536.jpg 1049w, https:\/\/smallthings.fr\/lespetitslivres\/wp-content\/uploads\/2016\/01\/simone-de-beauvoir-et-les-femmes-1398x2048.jpg 1398w, https:\/\/smallthings.fr\/lespetitslivres\/wp-content\/uploads\/2016\/01\/simone-de-beauvoir-et-les-femmes.jpg 1652w\" sizes=\"(max-width: 279px) 100vw, 279px\" \/>Avec <em>Simone de Beauvoir<\/em> <em>et les femmes<\/em>, Bonnet d\u00e9roule le fil de l\u2019existence de l\u2019auteure des <em>Mandarins<\/em>, de l\u2019adolescence \u00e0 la mort, \u00e0 la lumi\u00e8re de ses livres, de ses carnets et de son abondante correspondance (dont plusieurs pans demeurent \u00e0 ce jour in\u00e9dits). <strong>On y d\u00e9couvre une philosophe qui, en marge de sa c\u00e9l\u00e8bre relation avec Sartre, multipliait les conqu\u00eates f\u00e9minines<\/strong>, bien loin de l\u2019image d\u2019 \u00ab\u00a0h\u00e9t\u00e9rosexuelle virile\u00a0\u00bb qu\u2019elle s\u2019\u00e9tait soigneusement forg\u00e9e. Bien loin, aussi, de sa fa\u00e7ade d\u2019intellectuelle humaniste et engag\u00e9e\u00a0: on la d\u00e9couvre m\u00e9prisante, \u00e9go\u00efste et profond\u00e9ment mesquine vis-\u00e0-vis de ces femmes, souvent plus jeunes qu\u2019elle.<\/p>\n<p>S\u2019il met en lumi\u00e8re la face la moins reluisante du personnage Beauvoir, le livre de Marie-Jo Bonnet ne saurait se confondre avec une \u00e9ni\u00e8me biographie \u00e0 scandale. <em>Simone de Beauvoir et les femmes<\/em> est en r\u00e9alit\u00e9 une \u00e9tude savante (notes de bas de page circonstanci\u00e9es et imposante bibliographie comprises) que son auteure a la rare \u00e9l\u00e9gance de garder accessible \u00e0 tou-te-s. Enrichissant son propos de nombreux et \u00e9clairants extraits de Beauvoir, Bonnet a traqu\u00e9, avec une \u00e9rudition stup\u00e9fiante, les contradictions, les zones d\u2019ombre, les \u00e9carts entre les \u00e9crits de la philosophe et la vie qu\u2019elle a men\u00e9e. Le tableau qui en r\u00e9sulte est implacable\u00a0: <strong>la figure tut\u00e9laire des f\u00e9ministes \u00e9tait en r\u00e9alit\u00e9 persuad\u00e9e de la sup\u00e9riorit\u00e9 masculine\u00a0et la femme libre et ind\u00e9pendante dissimulait sa bisexualit\u00e9 derri\u00e8re une relation id\u00e9alis\u00e9e avec Sartre<\/strong>. \u00c0 cette vie marqu\u00e9e par le clivage et la duplicit\u00e9, Bonnet hasarde une explication\u00a0: tout pourrait bien avoir commenc\u00e9 du fait de la relation de Beauvoir \u00e0 sa m\u00e8re.<\/p>\n<div id=\"attachment_29343\" style=\"width: 279px\" class=\"wp-caption alignright\"><img loading=\"lazy\" decoding=\"async\" aria-describedby=\"caption-attachment-29343\" data-attachment-id=\"29343\" data-permalink=\"https:\/\/smallthings.fr\/lespetitslivres\/2016\/01\/08\/simone-de-beauvoir-et-les-femmes\/marie-jo-bonnet\/\" data-orig-file=\"https:\/\/smallthings.fr\/lespetitslivres\/wp-content\/uploads\/2016\/01\/marie-jo-bonnet.jpg\" data-orig-size=\"650,433\" data-comments-opened=\"1\" data-image-meta=\"{&quot;aperture&quot;:&quot;0&quot;,&quot;credit&quot;:&quot;&quot;,&quot;camera&quot;:&quot;&quot;,&quot;caption&quot;:&quot;&quot;,&quot;created_timestamp&quot;:&quot;0&quot;,&quot;copyright&quot;:&quot;&quot;,&quot;focal_length&quot;:&quot;0&quot;,&quot;iso&quot;:&quot;0&quot;,&quot;shutter_speed&quot;:&quot;0&quot;,&quot;title&quot;:&quot;&quot;,&quot;orientation&quot;:&quot;0&quot;}\" data-image-title=\"marie-jo-bonnet\" data-image-description=\"\" data-image-caption=\"&lt;p&gt;Marie-Jo Bonnet&lt;\/p&gt;\n\" data-medium-file=\"https:\/\/smallthings.fr\/lespetitslivres\/wp-content\/uploads\/2016\/01\/marie-jo-bonnet-300x200.jpg\" data-large-file=\"https:\/\/smallthings.fr\/lespetitslivres\/wp-content\/uploads\/2016\/01\/marie-jo-bonnet.jpg\" class=\" wp-image-29343\" src=\"http:\/\/smallthings.fr\/lespetitslivres\/wp-content\/uploads\/2016\/01\/marie-jo-bonnet.jpg\" alt=\"Marie-Jo Bonnet\" width=\"269\" height=\"179\" srcset=\"https:\/\/smallthings.fr\/lespetitslivres\/wp-content\/uploads\/2016\/01\/marie-jo-bonnet.jpg 650w, https:\/\/smallthings.fr\/lespetitslivres\/wp-content\/uploads\/2016\/01\/marie-jo-bonnet-300x200.jpg 300w\" sizes=\"(max-width: 269px) 100vw, 269px\" \/><p id=\"caption-attachment-29343\" class=\"wp-caption-text\">Marie-Jo Bonnet<\/p><\/div>\n<p>On s\u2019en doute\u00a0: l\u2019analyse de Bonnet est marqu\u00e9e au sceau du freudisme. C\u2019est d\u2019ailleurs peut-\u00eatre l\u2019une de ses faiblesses, notamment lorsque l\u2019auteure se livre \u00e0 l\u2019\u00e9tude des r\u00eaves de Simone de Beauvoir. Elle pointe en effet tr\u00e8s justement la r\u00e9currence des r\u00e9cits de songes dans les \u00e9crits intimes de la philosophe, mais les conclusions qu\u2019elle en tire, pour convaincantes et int\u00e9ressantes qu\u2019elles soient, viennent un peu trop complaisamment \u00e9tayer ses th\u00e9ories. Erreur bien v\u00e9nielle, qui n\u2019entache en rien le plaisir de la lecture et la force de la d\u00e9monstration.<\/p>\n<p>On sort de ce livre avec une double envie. Celle de relire tout Simone de Beauvoir sous cet \u00e9clairage nouveau. Et celle de tirer <strong>un grand coup de chapeau \u00e0 Marie-Jo Bonnet<\/strong> qui propose une lecture in\u00e9dite \u00e0 propos d\u2019une intellectuelle et d\u2019une femme complexe et passionnante \u2013 \u00e0 l\u2019image de ce volume.<\/p>\n","protected":false},"excerpt":{"rendered":"<p>Simone de Beauvoir et les femmes, essai de Marie-Jo Bonnet, est paru en septembre aux \u00e9ditions Albin Michel. Historienne de l\u2019art et des id\u00e9es, f\u00e9ministe et lesbienne engag\u00e9e, Marie-Jo Bonnet s\u2019emploie, dans les 300 pages de Simone de Beauvoir et les femmes, \u00e0 d\u00e9construire l\u2019\u0153uvre et, surtout, le personnage de Simone de Beauvoir. D\u00e9capant, pertinent,<\/p>\n","protected":false},"author":20,"featured_media":29345,"comment_status":"open","ping_status":"open","sticky":false,"template":"","format":"standard","meta":{"jetpack_post_was_ever_published":false,"_jetpack_newsletter_access":"","_jetpack_newsletter_tier_id":0,"footnotes":"","jetpack_publicize_message":"","jetpack_is_tweetstorm":false,"jetpack_publicize_feature_enabled":true,"jetpack_social_post_already_shared":true,"jetpack_social_options":{"image_generator_settings":{"template":"highway","enabled":false}}},"categories":[1110],"tags":[1224,1223,1225],"jetpack_publicize_connections":[],"yoast_head":"<!-- This site is optimized with the Yoast SEO plugin v21.5 - https:\/\/yoast.com\/wordpress\/plugins\/seo\/ -->\n<title>Simone de Beauvoir et les femmes : l\u2019ic\u00f4ne d\u00e9boulonn\u00e9e<\/title>\n<meta name=\"description\" content=\"Simone de Beauvoir et les femmes, essai de Marie-Jo Bonnet, est paru en septembre aux \u00e9ditions Albin Michel. Historienne de l\u2019art et des id\u00e9es, f\u00e9ministe et\" \/>\n<meta name=\"robots\" content=\"index, follow, max-snippet:-1, max-image-preview:large, max-video-preview:-1\" \/>\n<link rel=\"canonical\" href=\"http:\/\/smallthings.fr\/lespetitslivres\/2016\/01\/08\/simone-de-beauvoir-et-les-femmes\/\" \/>\n<meta property=\"og:locale\" content=\"fr_FR\" \/>\n<meta property=\"og:type\" content=\"article\" \/>\n<meta property=\"og:title\" content=\"Simone de Beauvoir et les femmes : l\u2019ic\u00f4ne d\u00e9boulonn\u00e9e\" \/>\n<meta property=\"og:description\" content=\"Simone de Beauvoir et les femmes, essai de Marie-Jo Bonnet, est paru en septembre aux \u00e9ditions Albin Michel. Historienne de l\u2019art et des id\u00e9es, f\u00e9ministe et\" \/>\n<meta property=\"og:url\" content=\"http:\/\/smallthings.fr\/lespetitslivres\/2016\/01\/08\/simone-de-beauvoir-et-les-femmes\/\" \/>\n<meta property=\"og:site_name\" content=\"Les Petits Livres\" \/>\n<meta property=\"article:published_time\" content=\"2016-01-08T13:06:23+00:00\" \/>\n<meta property=\"article:modified_time\" content=\"2016-02-01T13:24:17+00:00\" \/>\n<meta property=\"og:image\" content=\"https:\/\/i0.wp.com\/smallthings.fr\/lespetitslivres\/wp-content\/uploads\/2016\/01\/simone-de-beauvoir.jpg?fit=944%2C631\" \/>\n\t<meta property=\"og:image:width\" content=\"944\" \/>\n\t<meta property=\"og:image:height\" content=\"631\" \/>\n\t<meta property=\"og:image:type\" content=\"image\/jpeg\" \/>\n<meta name=\"author\" content=\"Diane Norric\" \/>\n<meta name=\"twitter:card\" content=\"summary_large_image\" \/>\n<meta name=\"twitter:label1\" content=\"\u00c9crit par\" \/>\n\t<meta name=\"twitter:data1\" content=\"Diane Norric\" \/>\n\t<meta name=\"twitter:label2\" content=\"Dur\u00e9e de lecture estim\u00e9e\" \/>\n\t<meta name=\"twitter:data2\" content=\"3 minutes\" \/>\n<script type=\"application\/ld+json\" class=\"yoast-schema-graph\">{\"@context\":\"https:\/\/schema.org\",\"@graph\":[{\"@type\":\"WebPage\",\"@id\":\"http:\/\/smallthings.fr\/lespetitslivres\/2016\/01\/08\/simone-de-beauvoir-et-les-femmes\/\",\"url\":\"http:\/\/smallthings.fr\/lespetitslivres\/2016\/01\/08\/simone-de-beauvoir-et-les-femmes\/\",\"name\":\"Simone de Beauvoir et les femmes : l\u2019ic\u00f4ne d\u00e9boulonn\u00e9e\",\"isPartOf\":{\"@id\":\"https:\/\/smallthings.fr\/lespetitslivres\/#website\"},\"datePublished\":\"2016-01-08T13:06:23+00:00\",\"dateModified\":\"2016-02-01T13:24:17+00:00\",\"author\":{\"@id\":\"https:\/\/smallthings.fr\/lespetitslivres\/#\/schema\/person\/d5a53b43d9461a170eb93b0fe68522f3\"},\"description\":\"Simone de Beauvoir et les femmes, essai de Marie-Jo Bonnet, est paru en septembre aux \u00e9ditions Albin Michel. Historienne de l\u2019art et des id\u00e9es, f\u00e9ministe et\",\"breadcrumb\":{\"@id\":\"http:\/\/smallthings.fr\/lespetitslivres\/2016\/01\/08\/simone-de-beauvoir-et-les-femmes\/#breadcrumb\"},\"inLanguage\":\"fr-FR\",\"potentialAction\":[{\"@type\":\"ReadAction\",\"target\":[\"http:\/\/smallthings.fr\/lespetitslivres\/2016\/01\/08\/simone-de-beauvoir-et-les-femmes\/\"]}]},{\"@type\":\"BreadcrumbList\",\"@id\":\"http:\/\/smallthings.fr\/lespetitslivres\/2016\/01\/08\/simone-de-beauvoir-et-les-femmes\/#breadcrumb\",\"itemListElement\":[{\"@type\":\"ListItem\",\"position\":1,\"name\":\"Accueil\",\"item\":\"https:\/\/smallthings.fr\/lespetitslivres\/\"},{\"@type\":\"ListItem\",\"position\":2,\"name\":\"Simone de Beauvoir et les femmes : l\u2019ic\u00f4ne d\u00e9boulonn\u00e9e\"}]},{\"@type\":\"WebSite\",\"@id\":\"https:\/\/smallthings.fr\/lespetitslivres\/#website\",\"url\":\"https:\/\/smallthings.fr\/lespetitslivres\/\",\"name\":\"Les Petits Livres\",\"description\":\"by Small Things\",\"potentialAction\":[{\"@type\":\"SearchAction\",\"target\":{\"@type\":\"EntryPoint\",\"urlTemplate\":\"https:\/\/smallthings.fr\/lespetitslivres\/?s={search_term_string}\"},\"query-input\":\"required name=search_term_string\"}],\"inLanguage\":\"fr-FR\"},{\"@type\":\"Person\",\"@id\":\"https:\/\/smallthings.fr\/lespetitslivres\/#\/schema\/person\/d5a53b43d9461a170eb93b0fe68522f3\",\"name\":\"Diane Norric\",\"image\":{\"@type\":\"ImageObject\",\"inLanguage\":\"fr-FR\",\"@id\":\"https:\/\/smallthings.fr\/lespetitslivres\/#\/schema\/person\/image\/\",\"url\":\"https:\/\/secure.gravatar.com\/avatar\/5ee9f6a30b0c402cbb9d80e9e814f454?s=96&d=retro&r=g\",\"contentUrl\":\"https:\/\/secure.gravatar.com\/avatar\/5ee9f6a30b0c402cbb9d80e9e814f454?s=96&d=retro&r=g\",\"caption\":\"Diane Norric\"},\"url\":\"https:\/\/smallthings.fr\/lespetitslivres\/author\/diane-norric\/\"}]}<\/script>\n<!-- \/ Yoast SEO plugin. -->","yoast_head_json":{"title":"Simone de Beauvoir et les femmes : l\u2019ic\u00f4ne d\u00e9boulonn\u00e9e","description":"Simone de Beauvoir et les femmes, essai de Marie-Jo Bonnet, est paru en septembre aux \u00e9ditions Albin Michel. Historienne de l\u2019art et des id\u00e9es, f\u00e9ministe et","robots":{"index":"index","follow":"follow","max-snippet":"max-snippet:-1","max-image-preview":"max-image-preview:large","max-video-preview":"max-video-preview:-1"},"canonical":"http:\/\/smallthings.fr\/lespetitslivres\/2016\/01\/08\/simone-de-beauvoir-et-les-femmes\/","og_locale":"fr_FR","og_type":"article","og_title":"Simone de Beauvoir et les femmes : l\u2019ic\u00f4ne d\u00e9boulonn\u00e9e","og_description":"Simone de Beauvoir et les femmes, essai de Marie-Jo Bonnet, est paru en septembre aux \u00e9ditions Albin Michel. Historienne de l\u2019art et des id\u00e9es, f\u00e9ministe et","og_url":"http:\/\/smallthings.fr\/lespetitslivres\/2016\/01\/08\/simone-de-beauvoir-et-les-femmes\/","og_site_name":"Les Petits Livres","article_published_time":"2016-01-08T13:06:23+00:00","article_modified_time":"2016-02-01T13:24:17+00:00","og_image":[{"width":944,"height":631,"url":"https:\/\/i0.wp.com\/smallthings.fr\/lespetitslivres\/wp-content\/uploads\/2016\/01\/simone-de-beauvoir.jpg?fit=944%2C631","type":"image\/jpeg"}],"author":"Diane Norric","twitter_card":"summary_large_image","twitter_misc":{"\u00c9crit par":"Diane Norric","Dur\u00e9e de lecture estim\u00e9e":"3 minutes"},"schema":{"@context":"https:\/\/schema.org","@graph":[{"@type":"WebPage","@id":"http:\/\/smallthings.fr\/lespetitslivres\/2016\/01\/08\/simone-de-beauvoir-et-les-femmes\/","url":"http:\/\/smallthings.fr\/lespetitslivres\/2016\/01\/08\/simone-de-beauvoir-et-les-femmes\/","name":"Simone de Beauvoir et les femmes : l\u2019ic\u00f4ne d\u00e9boulonn\u00e9e","isPartOf":{"@id":"https:\/\/smallthings.fr\/lespetitslivres\/#website"},"datePublished":"2016-01-08T13:06:23+00:00","dateModified":"2016-02-01T13:24:17+00:00","author":{"@id":"https:\/\/smallthings.fr\/lespetitslivres\/#\/schema\/person\/d5a53b43d9461a170eb93b0fe68522f3"},"description":"Simone de Beauvoir et les femmes, essai de Marie-Jo Bonnet, est paru en septembre aux \u00e9ditions Albin Michel. Historienne de l\u2019art et des id\u00e9es, f\u00e9ministe et","breadcrumb":{"@id":"http:\/\/smallthings.fr\/lespetitslivres\/2016\/01\/08\/simone-de-beauvoir-et-les-femmes\/#breadcrumb"},"inLanguage":"fr-FR","potentialAction":[{"@type":"ReadAction","target":["http:\/\/smallthings.fr\/lespetitslivres\/2016\/01\/08\/simone-de-beauvoir-et-les-femmes\/"]}]},{"@type":"BreadcrumbList","@id":"http:\/\/smallthings.fr\/lespetitslivres\/2016\/01\/08\/simone-de-beauvoir-et-les-femmes\/#breadcrumb","itemListElement":[{"@type":"ListItem","position":1,"name":"Accueil","item":"https:\/\/smallthings.fr\/lespetitslivres\/"},{"@type":"ListItem","position":2,"name":"Simone de Beauvoir et les femmes : l\u2019ic\u00f4ne d\u00e9boulonn\u00e9e"}]},{"@type":"WebSite","@id":"https:\/\/smallthings.fr\/lespetitslivres\/#website","url":"https:\/\/smallthings.fr\/lespetitslivres\/","name":"Les Petits Livres","description":"by Small Things","potentialAction":[{"@type":"SearchAction","target":{"@type":"EntryPoint","urlTemplate":"https:\/\/smallthings.fr\/lespetitslivres\/?s={search_term_string}"},"query-input":"required name=search_term_string"}],"inLanguage":"fr-FR"},{"@type":"Person","@id":"https:\/\/smallthings.fr\/lespetitslivres\/#\/schema\/person\/d5a53b43d9461a170eb93b0fe68522f3","name":"Diane Norric","image":{"@type":"ImageObject","inLanguage":"fr-FR","@id":"https:\/\/smallthings.fr\/lespetitslivres\/#\/schema\/person\/image\/","url":"https:\/\/secure.gravatar.com\/avatar\/5ee9f6a30b0c402cbb9d80e9e814f454?s=96&d=retro&r=g","contentUrl":"https:\/\/secure.gravatar.com\/avatar\/5ee9f6a30b0c402cbb9d80e9e814f454?s=96&d=retro&r=g","caption":"Diane Norric"},"url":"https:\/\/smallthings.fr\/lespetitslivres\/author\/diane-norric\/"}]}},"jetpack_featured_media_url":"https:\/\/smallthings.fr\/lespetitslivres\/wp-content\/uploads\/2016\/01\/simone-de-beauvoir.jpg","jetpack_sharing_enabled":true,"jetpack_shortlink":"https:\/\/wp.me\/p6Un21-7Df","jetpack-related-posts":[{"id":31186,"url":"https:\/\/smallthings.fr\/lespetitslivres\/2017\/07\/30\/femme-absolument-adeline-fleury-feminisme\/","url_meta":{"origin":29341,"position":0},"title":"Femme absolument d\u2019Adeline Fleury : un nouveau f\u00e9minisme ?","author":"Diane Norric","date":"30 juillet 2017","format":false,"excerpt":"Femme absolument, tel est le titre de l\u2019essai que la journaliste et \u00e9crivaine Adeline Fleury a publi\u00e9 au printemps chez JC Latt\u00e8s. Apr\u00e8s Petit \u00e9loge de la jouissance f\u00e9minine (Fran\u00e7oise Bourin, 2015), Fleury poursuit son exploration de la situation des femmes aujourd\u2019hui et de l\u2019\u00e9volution de leurs droits et attentes.\u2026","rel":"","context":"Dans &quot;Essai&quot;","block_context":{"text":"Essai","link":"https:\/\/smallthings.fr\/lespetitslivres\/category\/non-fiction\/essai\/"},"img":{"alt_text":"","src":"https:\/\/i0.wp.com\/smallthings.fr\/lespetitslivres\/wp-content\/uploads\/2017\/07\/adeline-fleury-femme-absolument-couv.jpeg?resize=350%2C200&ssl=1","width":350,"height":200},"classes":[]},{"id":19907,"url":"https:\/\/smallthings.fr\/lespetitslivres\/2015\/01\/15\/colombe-schneck-dix-sept-ans-roman\/","url_meta":{"origin":29341,"position":1},"title":"Colombe Schneck &#8211; Dix-sept ans","author":"Claire","date":"15 janvier 2015","format":false,"excerpt":"C'est chez Grasset pour la rentr\u00e9e de janvier que Colombe Schneck publie Dix-sept ans, sa confession sur le th\u00e8me de l'avortement (sortie le 7 janvier). Tr\u00e8s court, le livre a l'effet d'une gifle. Tr\u00e8s bien \u00e9crit, dans la subtilit\u00e9 bien plus que dans le pathos, Colombe Schneck raconte qu'\u00e0 dix-sept\u2026","rel":"","context":"Dans &quot;Non fiction&quot;","block_context":{"text":"Non fiction","link":"https:\/\/smallthings.fr\/lespetitslivres\/category\/non-fiction\/"},"img":{"alt_text":"","src":"https:\/\/i0.wp.com\/smallthings.fr\/wp-content\/uploads\/2015\/01\/schneck-dix-sept-ans.jpg?resize=350%2C200","width":350,"height":200},"classes":[]},{"id":31750,"url":"https:\/\/smallthings.fr\/lespetitslivres\/2018\/07\/18\/par-le-fer-ou-le-poison-benzoni\/","url_meta":{"origin":29341,"position":2},"title":"Par le fer ou le poison : \u00e7a va trancher, ch\u00e9ri !","author":"June","date":"18 juillet 2018","format":false,"excerpt":"De la Mandchourie \u00e0 Versailles, en passant par l'Angleterre, la Slovaquie ou l'Italie, Juliette Benzoni nous dresse, dans Par le fer ou le poison, paru chez Perrin, une petite galerie de portraits de femmes terribles qui se sont ing\u00e9ni\u00e9es \u00e0 cr\u00e9er leur destin, au fil du sang, par le fer\u2026","rel":"","context":"Dans &quot;Roman fran\u00e7ais&quot;","block_context":{"text":"Roman fran\u00e7ais","link":"https:\/\/smallthings.fr\/lespetitslivres\/category\/roman\/roman-francais\/"},"img":{"alt_text":"","src":"https:\/\/i0.wp.com\/smallthings.fr\/lespetitslivres\/wp-content\/uploads\/2018\/07\/par-le-fer-ou-le-poison-cover.jpg?resize=350%2C200&ssl=1","width":350,"height":200,"srcset":"https:\/\/i0.wp.com\/smallthings.fr\/lespetitslivres\/wp-content\/uploads\/2018\/07\/par-le-fer-ou-le-poison-cover.jpg?resize=350%2C200&ssl=1 1x, https:\/\/i0.wp.com\/smallthings.fr\/lespetitslivres\/wp-content\/uploads\/2018\/07\/par-le-fer-ou-le-poison-cover.jpg?resize=525%2C300&ssl=1 1.5x"},"classes":[]},{"id":29514,"url":"https:\/\/smallthings.fr\/lespetitslivres\/2016\/02\/05\/au-feu-gilda-barbe-avis\/","url_meta":{"origin":29341,"position":3},"title":"Au feu, Gilda : charmante com\u00e9die romantique sign\u00e9e G\u00e9raldine Barbe","author":"Cecile","date":"5 f\u00e9vrier 2016","format":false,"excerpt":"Au feu, Gilda vient de sortir aux \u00e9ditions du Rouergue. Il s'agit du dernier roman de G\u00e9raldine Barbe, qui tourne int\u00e9gralement autour des d\u00e9boires amoureux du personnage principal, Gilda. \u00c0 40 ans, fra\u00eechement divorc\u00e9e, ancienne actrice maintenant pointeuse \u00e0 P\u00f4le Emploi, elle a les ovaires en \u00e9bullition. Coup de bol,\u2026","rel":"","context":"Dans &quot;Roman fran\u00e7ais&quot;","block_context":{"text":"Roman fran\u00e7ais","link":"https:\/\/smallthings.fr\/lespetitslivres\/category\/roman\/roman-francais\/"},"img":{"alt_text":"au-feu-gilda","src":"https:\/\/i0.wp.com\/smallthings.fr\/lespetitslivres\/wp-content\/uploads\/2016\/02\/au-feu-gilda.jpg?resize=350%2C200","width":350,"height":200},"classes":[]},{"id":24371,"url":"https:\/\/smallthings.fr\/lespetitslivres\/2015\/06\/18\/immeuble-des-femmes-renonce-hommes-critique\/","url_meta":{"origin":29341,"position":4},"title":"L&rsquo;immeuble des femmes qui ont renonc\u00e9 aux hommes &#8211; Karine Lambert","author":"Claire","date":"18 juin 2015","format":false,"excerpt":"L'immeuble des femmes qui ont renonc\u00e9 aux hommes de Karine Lambert est sorti le 9 juin au Livre de Poche. Un roman assez court et plut\u00f4t perch\u00e9, qui se passe dans un immeuble parisien. Carla part en voyage pour plusieurs mois, et propose \u00e0 son amie Juliette de reprendre son\u2026","rel":"","context":"Dans &quot;Roman fran\u00e7ais&quot;","block_context":{"text":"Roman fran\u00e7ais","link":"https:\/\/smallthings.fr\/lespetitslivres\/category\/roman\/roman-francais\/"},"img":{"alt_text":"","src":"https:\/\/i0.wp.com\/smallthings.fr\/wp-content\/uploads\/2015\/06\/immeuble-des-femmes-poche.jpg?resize=350%2C200","width":350,"height":200},"classes":[]},{"id":19953,"url":"https:\/\/smallthings.fr\/lespetitslivres\/2015\/01\/15\/zoya-pirzad-comme-tous-les-apres-midi\/","url_meta":{"origin":29341,"position":5},"title":"Comme tous les apr\u00e8s-midi, de l&rsquo;iranienne Zoy\u00e2 Pirz\u00e2d","author":"Cecile","date":"15 janvier 2015","format":false,"excerpt":"Zoy\u00e2 Pirz\u00e2d est une des figures majeures de la litt\u00e9rature iranienne contemporaine. R\u00e9v\u00e9l\u00e9e en Europe par C\u2019est moi qui \u00e9teins les lumi\u00e8res, elle n\u2019a de cesse de peindre \u00e0 petits traits sensibles la vie des femmes iraniennes, souvent m\u00e8res au foyer, faisant s\u2019\u00e9panouir au sein de ses mots la po\u00e9sie\u2026","rel":"","context":"Dans &quot;Roman \u00e9tranger&quot;","block_context":{"text":"Roman \u00e9tranger","link":"https:\/\/smallthings.fr\/lespetitslivres\/category\/roman\/roman-etranger\/"},"img":{"alt_text":"","src":"https:\/\/i0.wp.com\/smallthings.fr\/wp-content\/uploads\/2015\/01\/zoya-pirzad-comme-tous.jpg?resize=350%2C200","width":350,"height":200},"classes":[]}],"_links":{"self":[{"href":"https:\/\/smallthings.fr\/lespetitslivres\/wp-json\/wp\/v2\/posts\/29341"}],"collection":[{"href":"https:\/\/smallthings.fr\/lespetitslivres\/wp-json\/wp\/v2\/posts"}],"about":[{"href":"https:\/\/smallthings.fr\/lespetitslivres\/wp-json\/wp\/v2\/types\/post"}],"author":[{"embeddable":true,"href":"https:\/\/smallthings.fr\/lespetitslivres\/wp-json\/wp\/v2\/users\/20"}],"replies":[{"embeddable":true,"href":"https:\/\/smallthings.fr\/lespetitslivres\/wp-json\/wp\/v2\/comments?post=29341"}],"version-history":[{"count":1,"href":"https:\/\/smallthings.fr\/lespetitslivres\/wp-json\/wp\/v2\/posts\/29341\/revisions"}],"predecessor-version":[{"id":29344,"href":"https:\/\/smallthings.fr\/lespetitslivres\/wp-json\/wp\/v2\/posts\/29341\/revisions\/29344"}],"wp:featuredmedia":[{"embeddable":true,"href":"https:\/\/smallthings.fr\/lespetitslivres\/wp-json\/wp\/v2\/media\/29345"}],"wp:attachment":[{"href":"https:\/\/smallthings.fr\/lespetitslivres\/wp-json\/wp\/v2\/media?parent=29341"}],"wp:term":[{"taxonomy":"category","embeddable":true,"href":"https:\/\/smallthings.fr\/lespetitslivres\/wp-json\/wp\/v2\/categories?post=29341"},{"taxonomy":"post_tag","embeddable":true,"href":"https:\/\/smallthings.fr\/lespetitslivres\/wp-json\/wp\/v2\/tags?post=29341"}],"curies":[{"name":"wp","href":"https:\/\/api.w.org\/{rel}","templated":true}]}}