{"id":29335,"date":"2016-01-06T13:54:56","date_gmt":"2016-01-06T12:54:56","guid":{"rendered":"http:\/\/smallthings.fr\/lespetitslivres\/?p=29335"},"modified":"2016-01-06T12:56:17","modified_gmt":"2016-01-06T11:56:17","slug":"un-peu-plus-bas-vers-la-terre-cerqueux","status":"publish","type":"post","link":"https:\/\/smallthings.fr\/lespetitslivres\/2016\/01\/06\/un-peu-plus-bas-vers-la-terre-cerqueux\/","title":{"rendered":"Un peu plus bas vers la Terre, de Renaud Cerqueux : philosopher sans choper la migraine"},"content":{"rendered":"<h2><em>Un peu plus bas vers la Terre<\/em> est le premier recueil de nouvelles de Renaud Cerqueux. Il sort aujourd&rsquo;hui aux \u00e9ditions du Dilettante. C\u2019est vivant, \u00e7a divertit et \u00e7a fait r\u00e9fl\u00e9chir\u00a0: et si on plaquait tout pour vivre nos r\u00eaves\u00a0? Encore faut-il savoir de quoi on r\u00eave vraiment\u2026<\/h2>\n<p>En ce d\u00e9but d\u2019ann\u00e9e, Le Dilettante publie un recueil de nouvelles divertissant et plut\u00f4t r\u00e9ussi. L&rsquo;auteur en est \u00e0 son premier essai dans ce format et on esp\u00e8re qu\u2019il r\u00e9cidivera. Auteur-compositeur et co-auteur de deux BD, Renaud Cerqueux a une t\u00eate bien faite et une imagination d\u00e9bordante. Flirtant constamment avec le paranormal, il pr\u00e9sente ici <strong>cinq nouvelles de qualit\u00e9 in\u00e9gale mais on ressort de ce recueil le sourire aux l\u00e8vres et le cerveau en alerte<\/strong>. <em>Et si je passais \u00e0 c\u00f4t\u00e9 de ma vie\u00a0?<\/em><\/p>\n<p><img loading=\"lazy\" decoding=\"async\" data-attachment-id=\"29337\" data-permalink=\"https:\/\/smallthings.fr\/lespetitslivres\/2016\/01\/06\/un-peu-plus-bas-vers-la-terre-cerqueux\/un-peu-plus-bas-vers-la-terre\/\" data-orig-file=\"https:\/\/smallthings.fr\/lespetitslivres\/wp-content\/uploads\/2016\/01\/un-peu-plus-bas-vers-la-terre.jpg\" data-orig-size=\"310,470\" data-comments-opened=\"1\" data-image-meta=\"{&quot;aperture&quot;:&quot;0&quot;,&quot;credit&quot;:&quot;&quot;,&quot;camera&quot;:&quot;&quot;,&quot;caption&quot;:&quot;&quot;,&quot;created_timestamp&quot;:&quot;0&quot;,&quot;copyright&quot;:&quot;&quot;,&quot;focal_length&quot;:&quot;0&quot;,&quot;iso&quot;:&quot;0&quot;,&quot;shutter_speed&quot;:&quot;0&quot;,&quot;title&quot;:&quot;&quot;,&quot;orientation&quot;:&quot;0&quot;}\" data-image-title=\"un-peu-plus-bas-vers-la-terre\" data-image-description=\"\" data-image-caption=\"\" data-medium-file=\"https:\/\/smallthings.fr\/lespetitslivres\/wp-content\/uploads\/2016\/01\/un-peu-plus-bas-vers-la-terre-198x300.jpg\" data-large-file=\"https:\/\/smallthings.fr\/lespetitslivres\/wp-content\/uploads\/2016\/01\/un-peu-plus-bas-vers-la-terre.jpg\" class=\"alignleft  wp-image-29337\" src=\"http:\/\/smallthings.fr\/lespetitslivres\/wp-content\/uploads\/2016\/01\/un-peu-plus-bas-vers-la-terre.jpg\" alt=\"un-peu-plus-bas-vers-la-terre\" width=\"275\" height=\"417\" srcset=\"https:\/\/smallthings.fr\/lespetitslivres\/wp-content\/uploads\/2016\/01\/un-peu-plus-bas-vers-la-terre.jpg 310w, https:\/\/smallthings.fr\/lespetitslivres\/wp-content\/uploads\/2016\/01\/un-peu-plus-bas-vers-la-terre-198x300.jpg 198w\" sizes=\"(max-width: 275px) 100vw, 275px\" \/>La premi\u00e8re nouvelle d&rsquo;<em>Un peu plus bas vers la Terre<\/em> est aussi la plus longue. Dans <em>Enos<\/em>, Cerqueux nous raconte l\u2019histoire d\u2019\u00c9ric, commercial dou\u00e9 \u00e0 qui tout semble sourire. Il a un \u00e9pouse qu\u2019il aime, une fille, une maison, de l\u2019argent et pourtant\u2026 Pourtant son couple n\u2019est plus aussi harmonieux que ce qu\u2019il voulait et, si son m\u00e9tier lui rapporte de quoi vivre confortablement, il semble aussi l\u2019avoir \u00e9loign\u00e9 de ses r\u00eaves, de ses aspirations. Et puis il y a le singe. Ce primate stupide le suit partout. Avec le temps, il a fini par comprendre qu\u2019il \u00e9tait seul \u00e0 le voir. Mais pourquoi vient-il toujours se m\u00ealer de sa vie\u00a0\u00e0 la fin ?<\/p>\n<p>Les autres nouvelles utilisent globalement la m\u00eame recette\u00a0: un type plut\u00f4t banal et \u00e0 qui nous pouvons tous nous identifier facilement semble r\u00e9ussir dans la vie. Famille parfaite, maison confortable, vacances exotiques, boulot tr\u00e9pidant. On se croirait \u00e0 Wisteria Lane et on envie. Mais il y a cette lassitude, l\u2019envie d\u2019aller voir ailleurs\u00a0: d\u2019autres femmes, d\u2019autres boulots, d\u2019autres pays. <strong>Vivre l\u2019aventure<\/strong>. Et c\u2019est l\u00e0 qu&rsquo;<em>Un peu plus bas vers la Terre<\/em> nous entra\u00eene dans son monde hallucin\u00e9 avec quelques stratag\u00e8mes tout droit sortis de son imagination. Un singe invisible pour les autres, un orang-outan-extra-terrestre qui a cr\u00e9\u00e9 l\u2019univers, sans oublier le P\u00e8re No\u00ebl, bien \u00e0 propos en cette p\u00e9riode encore festive pour quelques jours. Juste le temps de dig\u00e9rer la dinde. Et la b\u00fbche. Et les petits-fours.<\/p>\n<p>En trame de fond des ces histoires finalement classiques, <em>Un peu plus bas vers la Terre<\/em> interroge sur le bonheur. Se remettre en question et douter tout \u00e0 coup de tout fait partie de notre lot \u00e0 tous, \u00e0 un moment ou un autre. \u00c0 force d\u2019avancer, on oublie parfois la destination que l\u2019on souhaitait suivre. Il y a longtemps, quand tout semblait diff\u00e9rent. Mais \u00e9tait-ce le bon objectif\u00a0? Le chemin en vaut-il la peine\u00a0? L\u2019\u00e9criture de Cerqueux est souple. <strong>Le sujet, s\u2019il nous pousse in\u00e9vitablement \u00e0 nous poser ces questions essentielles, est trait\u00e9 avec beaucoup de l\u00e9g\u00e8ret\u00e9<\/strong>. La premi\u00e8re nouvelle nous entraine jusqu\u2019\u00e0 la page 87. Un peu de paresse pour nous emmener dans un roman\u00a0? Tour de chauffe pour une prochaine tentative\u00a0? On s\u2019impatiente d\u00e9j\u00e0.<\/p>\n","protected":false},"excerpt":{"rendered":"<p>Un peu plus bas vers la Terre est le premier recueil de nouvelles de Renaud Cerqueux. Il sort aujourd&rsquo;hui aux \u00e9ditions du Dilettante. C\u2019est vivant, \u00e7a divertit et \u00e7a fait r\u00e9fl\u00e9chir\u00a0: et si on plaquait tout pour vivre nos r\u00eaves\u00a0? Encore faut-il savoir de quoi on r\u00eave vraiment\u2026 En ce d\u00e9but d\u2019ann\u00e9e, Le Dilettante publie<\/p>\n","protected":false},"author":6,"featured_media":29339,"comment_status":"open","ping_status":"open","sticky":false,"template":"","format":"standard","meta":{"jetpack_post_was_ever_published":false,"_jetpack_newsletter_access":"","_jetpack_newsletter_tier_id":0,"footnotes":"","jetpack_publicize_message":"","jetpack_is_tweetstorm":false,"jetpack_publicize_feature_enabled":true,"jetpack_social_post_already_shared":true,"jetpack_social_options":{"image_generator_settings":{"template":"highway","enabled":false}}},"categories":[1121,1117],"tags":[320,1222,1221],"jetpack_publicize_connections":[],"yoast_head":"<!-- This site is optimized with the Yoast SEO plugin v21.5 - https:\/\/yoast.com\/wordpress\/plugins\/seo\/ -->\n<title>Un peu plus bas vers la Terre, de Renaud Cerqueux : philosopher sans choper la migraine<\/title>\n<meta name=\"description\" content=\"Un peu plus bas vers la Terre est le premier recueil de nouvelles de Renaud Cerqueux. Il sort aujourd&#039;hui aux \u00e9ditions du Dilettante. C\u2019est vivant, \u00e7a\" \/>\n<meta name=\"robots\" content=\"index, follow, max-snippet:-1, max-image-preview:large, max-video-preview:-1\" \/>\n<link rel=\"canonical\" href=\"https:\/\/smallthings.fr\/lespetitslivres\/2016\/01\/06\/un-peu-plus-bas-vers-la-terre-cerqueux\/\" \/>\n<meta property=\"og:locale\" content=\"fr_FR\" \/>\n<meta property=\"og:type\" content=\"article\" \/>\n<meta property=\"og:title\" content=\"Un peu plus bas vers la Terre, de Renaud Cerqueux : philosopher sans choper la migraine\" \/>\n<meta property=\"og:description\" content=\"Un peu plus bas vers la Terre est le premier recueil de nouvelles de Renaud Cerqueux. Il sort aujourd&#039;hui aux \u00e9ditions du Dilettante. C\u2019est vivant, \u00e7a\" \/>\n<meta property=\"og:url\" content=\"https:\/\/smallthings.fr\/lespetitslivres\/2016\/01\/06\/un-peu-plus-bas-vers-la-terre-cerqueux\/\" \/>\n<meta property=\"og:site_name\" content=\"Les Petits Livres\" \/>\n<meta property=\"article:published_time\" content=\"2016-01-06T12:54:56+00:00\" \/>\n<meta property=\"article:modified_time\" content=\"2016-01-06T11:56:17+00:00\" \/>\n<meta property=\"og:image\" content=\"https:\/\/smallthings.fr\/lespetitslivres\/wp-content\/uploads\/2016\/01\/un-peu-plus-bas-vers-la-terre-couv.jpg\" \/>\n\t<meta property=\"og:image:width\" content=\"310\" \/>\n\t<meta property=\"og:image:height\" content=\"330\" \/>\n\t<meta property=\"og:image:type\" content=\"image\/jpeg\" \/>\n<meta name=\"author\" content=\"Audrey Ch\u00e8vrefeuille\" \/>\n<meta name=\"twitter:card\" content=\"summary_large_image\" \/>\n<meta name=\"twitter:label1\" content=\"\u00c9crit par\" \/>\n\t<meta name=\"twitter:data1\" content=\"Audrey Ch\u00e8vrefeuille\" \/>\n\t<meta name=\"twitter:label2\" content=\"Dur\u00e9e de lecture estim\u00e9e\" \/>\n\t<meta name=\"twitter:data2\" content=\"3 minutes\" \/>\n<script type=\"application\/ld+json\" class=\"yoast-schema-graph\">{\"@context\":\"https:\/\/schema.org\",\"@graph\":[{\"@type\":\"WebPage\",\"@id\":\"https:\/\/smallthings.fr\/lespetitslivres\/2016\/01\/06\/un-peu-plus-bas-vers-la-terre-cerqueux\/\",\"url\":\"https:\/\/smallthings.fr\/lespetitslivres\/2016\/01\/06\/un-peu-plus-bas-vers-la-terre-cerqueux\/\",\"name\":\"Un peu plus bas vers la Terre, de Renaud Cerqueux : philosopher sans choper la migraine\",\"isPartOf\":{\"@id\":\"https:\/\/smallthings.fr\/lespetitslivres\/#website\"},\"datePublished\":\"2016-01-06T12:54:56+00:00\",\"dateModified\":\"2016-01-06T11:56:17+00:00\",\"author\":{\"@id\":\"https:\/\/smallthings.fr\/lespetitslivres\/#\/schema\/person\/aab65d6efcfc32725dcf5e977fdbcc75\"},\"description\":\"Un peu plus bas vers la Terre est le premier recueil de nouvelles de Renaud Cerqueux. Il sort aujourd'hui aux \u00e9ditions du Dilettante. C\u2019est vivant, \u00e7a\",\"breadcrumb\":{\"@id\":\"https:\/\/smallthings.fr\/lespetitslivres\/2016\/01\/06\/un-peu-plus-bas-vers-la-terre-cerqueux\/#breadcrumb\"},\"inLanguage\":\"fr-FR\",\"potentialAction\":[{\"@type\":\"ReadAction\",\"target\":[\"https:\/\/smallthings.fr\/lespetitslivres\/2016\/01\/06\/un-peu-plus-bas-vers-la-terre-cerqueux\/\"]}]},{\"@type\":\"BreadcrumbList\",\"@id\":\"https:\/\/smallthings.fr\/lespetitslivres\/2016\/01\/06\/un-peu-plus-bas-vers-la-terre-cerqueux\/#breadcrumb\",\"itemListElement\":[{\"@type\":\"ListItem\",\"position\":1,\"name\":\"Accueil\",\"item\":\"https:\/\/smallthings.fr\/lespetitslivres\/\"},{\"@type\":\"ListItem\",\"position\":2,\"name\":\"Un peu plus bas vers la Terre, de Renaud Cerqueux : philosopher sans choper la migraine\"}]},{\"@type\":\"WebSite\",\"@id\":\"https:\/\/smallthings.fr\/lespetitslivres\/#website\",\"url\":\"https:\/\/smallthings.fr\/lespetitslivres\/\",\"name\":\"Les Petits Livres\",\"description\":\"by Small Things\",\"potentialAction\":[{\"@type\":\"SearchAction\",\"target\":{\"@type\":\"EntryPoint\",\"urlTemplate\":\"https:\/\/smallthings.fr\/lespetitslivres\/?s={search_term_string}\"},\"query-input\":\"required name=search_term_string\"}],\"inLanguage\":\"fr-FR\"},{\"@type\":\"Person\",\"@id\":\"https:\/\/smallthings.fr\/lespetitslivres\/#\/schema\/person\/aab65d6efcfc32725dcf5e977fdbcc75\",\"name\":\"Audrey Ch\u00e8vrefeuille\",\"image\":{\"@type\":\"ImageObject\",\"inLanguage\":\"fr-FR\",\"@id\":\"https:\/\/smallthings.fr\/lespetitslivres\/#\/schema\/person\/image\/\",\"url\":\"https:\/\/secure.gravatar.com\/avatar\/5b5b4b3479c8d73a7ac976231ee93e9a?s=96&d=retro&r=g\",\"contentUrl\":\"https:\/\/secure.gravatar.com\/avatar\/5b5b4b3479c8d73a7ac976231ee93e9a?s=96&d=retro&r=g\",\"caption\":\"Audrey Ch\u00e8vrefeuille\"},\"url\":\"https:\/\/smallthings.fr\/lespetitslivres\/author\/audrey_h\/\"}]}<\/script>\n<!-- \/ Yoast SEO plugin. -->","yoast_head_json":{"title":"Un peu plus bas vers la Terre, de Renaud Cerqueux : philosopher sans choper la migraine","description":"Un peu plus bas vers la Terre est le premier recueil de nouvelles de Renaud Cerqueux. Il sort aujourd'hui aux \u00e9ditions du Dilettante. C\u2019est vivant, \u00e7a","robots":{"index":"index","follow":"follow","max-snippet":"max-snippet:-1","max-image-preview":"max-image-preview:large","max-video-preview":"max-video-preview:-1"},"canonical":"https:\/\/smallthings.fr\/lespetitslivres\/2016\/01\/06\/un-peu-plus-bas-vers-la-terre-cerqueux\/","og_locale":"fr_FR","og_type":"article","og_title":"Un peu plus bas vers la Terre, de Renaud Cerqueux : philosopher sans choper la migraine","og_description":"Un peu plus bas vers la Terre est le premier recueil de nouvelles de Renaud Cerqueux. Il sort aujourd'hui aux \u00e9ditions du Dilettante. C\u2019est vivant, \u00e7a","og_url":"https:\/\/smallthings.fr\/lespetitslivres\/2016\/01\/06\/un-peu-plus-bas-vers-la-terre-cerqueux\/","og_site_name":"Les Petits Livres","article_published_time":"2016-01-06T12:54:56+00:00","article_modified_time":"2016-01-06T11:56:17+00:00","og_image":[{"width":310,"height":330,"url":"https:\/\/smallthings.fr\/lespetitslivres\/wp-content\/uploads\/2016\/01\/un-peu-plus-bas-vers-la-terre-couv.jpg","type":"image\/jpeg"}],"author":"Audrey Ch\u00e8vrefeuille","twitter_card":"summary_large_image","twitter_misc":{"\u00c9crit par":"Audrey Ch\u00e8vrefeuille","Dur\u00e9e de lecture estim\u00e9e":"3 minutes"},"schema":{"@context":"https:\/\/schema.org","@graph":[{"@type":"WebPage","@id":"https:\/\/smallthings.fr\/lespetitslivres\/2016\/01\/06\/un-peu-plus-bas-vers-la-terre-cerqueux\/","url":"https:\/\/smallthings.fr\/lespetitslivres\/2016\/01\/06\/un-peu-plus-bas-vers-la-terre-cerqueux\/","name":"Un peu plus bas vers la Terre, de Renaud Cerqueux : philosopher sans choper la migraine","isPartOf":{"@id":"https:\/\/smallthings.fr\/lespetitslivres\/#website"},"datePublished":"2016-01-06T12:54:56+00:00","dateModified":"2016-01-06T11:56:17+00:00","author":{"@id":"https:\/\/smallthings.fr\/lespetitslivres\/#\/schema\/person\/aab65d6efcfc32725dcf5e977fdbcc75"},"description":"Un peu plus bas vers la Terre est le premier recueil de nouvelles de Renaud Cerqueux. Il sort aujourd'hui aux \u00e9ditions du Dilettante. C\u2019est vivant, \u00e7a","breadcrumb":{"@id":"https:\/\/smallthings.fr\/lespetitslivres\/2016\/01\/06\/un-peu-plus-bas-vers-la-terre-cerqueux\/#breadcrumb"},"inLanguage":"fr-FR","potentialAction":[{"@type":"ReadAction","target":["https:\/\/smallthings.fr\/lespetitslivres\/2016\/01\/06\/un-peu-plus-bas-vers-la-terre-cerqueux\/"]}]},{"@type":"BreadcrumbList","@id":"https:\/\/smallthings.fr\/lespetitslivres\/2016\/01\/06\/un-peu-plus-bas-vers-la-terre-cerqueux\/#breadcrumb","itemListElement":[{"@type":"ListItem","position":1,"name":"Accueil","item":"https:\/\/smallthings.fr\/lespetitslivres\/"},{"@type":"ListItem","position":2,"name":"Un peu plus bas vers la Terre, de Renaud Cerqueux : philosopher sans choper la migraine"}]},{"@type":"WebSite","@id":"https:\/\/smallthings.fr\/lespetitslivres\/#website","url":"https:\/\/smallthings.fr\/lespetitslivres\/","name":"Les Petits Livres","description":"by Small Things","potentialAction":[{"@type":"SearchAction","target":{"@type":"EntryPoint","urlTemplate":"https:\/\/smallthings.fr\/lespetitslivres\/?s={search_term_string}"},"query-input":"required name=search_term_string"}],"inLanguage":"fr-FR"},{"@type":"Person","@id":"https:\/\/smallthings.fr\/lespetitslivres\/#\/schema\/person\/aab65d6efcfc32725dcf5e977fdbcc75","name":"Audrey Ch\u00e8vrefeuille","image":{"@type":"ImageObject","inLanguage":"fr-FR","@id":"https:\/\/smallthings.fr\/lespetitslivres\/#\/schema\/person\/image\/","url":"https:\/\/secure.gravatar.com\/avatar\/5b5b4b3479c8d73a7ac976231ee93e9a?s=96&d=retro&r=g","contentUrl":"https:\/\/secure.gravatar.com\/avatar\/5b5b4b3479c8d73a7ac976231ee93e9a?s=96&d=retro&r=g","caption":"Audrey Ch\u00e8vrefeuille"},"url":"https:\/\/smallthings.fr\/lespetitslivres\/author\/audrey_h\/"}]}},"jetpack_featured_media_url":"https:\/\/smallthings.fr\/lespetitslivres\/wp-content\/uploads\/2016\/01\/un-peu-plus-bas-vers-la-terre-couv.jpg","jetpack_sharing_enabled":true,"jetpack_shortlink":"https:\/\/wp.me\/p6Un21-7D9","jetpack-related-posts":[{"id":26290,"url":"https:\/\/smallthings.fr\/lespetitslivres\/2015\/08\/19\/petits-plats-de-resistance-pujol-critique\/","url_meta":{"origin":29335,"position":0},"title":"Petits plats de r\u00e9sistance : le premier roman de Pascale Pujol","author":"Audrey Ch\u00e8vrefeuille","date":"19 ao\u00fbt 2015","format":false,"excerpt":"Avec Petits plats de r\u00e9sistance, de Pascale Pujol signe l'une des publications les plus originales de cette rentr\u00e9e litt\u00e9raire aux \u00e9ditions du Dilettante. Un premier roman pour cette auteure, qui s\u2019\u00e9tait auparavant essay\u00e9e au recueil de nouvelles en 2014 avec Fragments d\u2019un texto amoureux, publi\u00e9 aux \u00e9ditions Quadrature, un \u00e9diteur\u2026","rel":"","context":"Dans &quot;Rentr\u00e9e Litt\u00e9raire&quot;","block_context":{"text":"Rentr\u00e9e Litt\u00e9raire","link":"https:\/\/smallthings.fr\/lespetitslivres\/category\/rentree-litteraire-2015\/"},"img":{"alt_text":"","src":"https:\/\/i0.wp.com\/smallthings.fr\/wp-content\/uploads\/2015\/08\/petits-plats-de-resistance.jpg?resize=350%2C200","width":350,"height":200},"classes":[]},{"id":10212,"url":"https:\/\/smallthings.fr\/lespetitslivres\/2013\/12\/24\/le-new-york-des-ecrivains-nouvelles\/","url_meta":{"origin":29335,"position":1},"title":"Le New York des \u00e9crivains : des nouvelles pour No\u00ebl","author":"Claire","date":"24 d\u00e9cembre 2013","format":false,"excerpt":"Si pour vous la magie de New York s\u2019apparente \u00e0 celle de No\u00ebl, alors vous \u00eates tomb\u00e9s sur le bon article. Les \u00e9ditions Stock ont sorti cet automne ce recueil de nouvelles original sur le th\u00e8me de New York.","rel":"","context":"Dans &quot;Roman fran\u00e7ais&quot;","block_context":{"text":"Roman fran\u00e7ais","link":"https:\/\/smallthings.fr\/lespetitslivres\/category\/roman\/roman-francais\/"},"img":{"alt_text":"new-york-ecrivains-couv","src":"https:\/\/i0.wp.com\/uploads.smallthings.fr\/2013\/12\/new-york-ecrivains-couv.jpg?resize=350%2C200","width":350,"height":200},"classes":[]},{"id":8069,"url":"https:\/\/smallthings.fr\/lespetitslivres\/2013\/09\/17\/jeremie-gindre-on-a-eu-du-mal\/","url_meta":{"origin":29335,"position":2},"title":"J\u00e9r\u00e9mie Gindre &#8211; On a eu du mal","author":"Yohann","date":"17 septembre 2013","format":false,"excerpt":"On a eu du mal \u00e0 r\u00e9sister \u00e0 ce recueil de nouvelles de J\u00e9r\u00e9mie\u00a0Gindre,\u00a0tout \u00e0 fait prometteur sur le papier. Les \u00e9ditions de l\"Olivier nous l\"ont gentiment envoy\u00e9, et voici ce que notre chroniqueur Yohann en a pens\u00e9. Dans\u00a0On a eu du mal,\u00a0recueil de cinq nouvelles, J\u00e9r\u00e9mie\u00a0Gindre\u00a0met en sc\u00e8ne la\u2026","rel":"","context":"Dans &quot;Roman fran\u00e7ais&quot;","block_context":{"text":"Roman fran\u00e7ais","link":"https:\/\/smallthings.fr\/lespetitslivres\/category\/roman\/roman-francais\/"},"img":{"alt_text":"","src":"https:\/\/i0.wp.com\/uploads.smallthings.fr\/2013\/09\/9782823601756FS.gif?resize=350%2C200","width":350,"height":200},"classes":[]},{"id":20418,"url":"https:\/\/smallthings.fr\/lespetitslivres\/2015\/01\/28\/de-haute-lutte-nouvelles-ambai\/","url_meta":{"origin":29335,"position":3},"title":"De haute lutte, recueil de nouvelles de l&rsquo;indienne Ambai","author":"Cecile","date":"28 janvier 2015","format":false,"excerpt":"De haute lutte para\u00eet chez Zulma au d\u00e9but du mois de f\u00e9vrier. C\u2019est la premi\u00e8re traduction en fran\u00e7ais de cet auteur, jusqu\u2019ici in\u00e9dite chez nous. Ambai est le pseudonyme de C.S. Lakshmi, une femme de lettres indienne, n\u00e9e \u00e0 Coimbatore, au Tamil Nadu (une province du sud de l\u2019Inde) en\u2026","rel":"","context":"Dans &quot;Roman \u00e9tranger&quot;","block_context":{"text":"Roman \u00e9tranger","link":"https:\/\/smallthings.fr\/lespetitslivres\/category\/roman\/roman-etranger\/"},"img":{"alt_text":"","src":"https:\/\/i0.wp.com\/smallthings.fr\/wp-content\/uploads\/2015\/01\/de-haute-lutte-529x800.jpg?resize=350%2C200","width":350,"height":200},"classes":[]},{"id":29699,"url":"https:\/\/smallthings.fr\/lespetitslivres\/2016\/03\/08\/ame-tenebreuse-coeur-lumineux-romantic-fantasy\/","url_meta":{"origin":29335,"position":4},"title":"\u00c2me T\u00e9n\u00e9breuse, C\u0153ur Lumineux : hommage \u00e0 la romantic fantasy","author":"Jennifer","date":"8 mars 2016","format":false,"excerpt":"\u00c2me T\u00e9n\u00e9breuse, C\u0153ur Lumineux est un recueil collectif o\u00f9 se rassemblent 10 auteurs voulant rendre hommage \u00e0 la romantic fantasy, ce sous-genre o\u00f9 l\u2019on rencontre des h\u00e9ro\u00efnes fortes et passionn\u00e9es. Ce sublime livre, dont la couverture a \u00e9t\u00e9 r\u00e9alis\u00e9e par Mina M., est sorti le 10 f\u00e9vrier dernier aux \u00e9ditions\u2026","rel":"","context":"Dans &quot;Fantasy&quot;","block_context":{"text":"Fantasy","link":"https:\/\/smallthings.fr\/lespetitslivres\/category\/imaginaire\/fantasy\/"},"img":{"alt_text":"","src":"https:\/\/i0.wp.com\/smallthings.fr\/lespetitslivres\/wp-content\/uploads\/2016\/03\/ame-tenebreuse-coeur-lumineux.jpg?resize=350%2C200","width":350,"height":200},"classes":[]},{"id":30207,"url":"https:\/\/smallthings.fr\/lespetitslivres\/2016\/08\/24\/metamorphose-d-un-crabe-univers-carceral\/","url_meta":{"origin":29335,"position":5},"title":"M\u00e9tamorphose d&rsquo;un crabe, au c\u0153ur de l&rsquo;univers carc\u00e9ral","author":"Audrey Ch\u00e8vrefeuille","date":"24 ao\u00fbt 2016","format":false,"excerpt":"Apr\u00e8s un recueil de nouvelles en 2003, Sylvie Dazy propose M\u00e9tamorphose d\u2019un crabe, un roman audacieux. Publi\u00e9 au Dilettante pour cette rentr\u00e9e litt\u00e9raire, il nous plonge dans le difficile univers carc\u00e9ral. \u00c9crire un grand livre sur la prison\u00a0: voil\u00e0 un projet surprenant et ambitieux dans lequel s\u2019est lanc\u00e9e Sylvie Dazy.\u2026","rel":"","context":"Dans &quot;Rentr\u00e9e litt\u00e9raire&quot;","block_context":{"text":"Rentr\u00e9e litt\u00e9raire","link":"https:\/\/smallthings.fr\/lespetitslivres\/category\/rentree-litteraire\/"},"img":{"alt_text":"","src":"https:\/\/i0.wp.com\/smallthings.fr\/lespetitslivres\/wp-content\/uploads\/2016\/08\/sylvie-dazy-metamorphose.jpg?resize=350%2C200&ssl=1","width":350,"height":200,"srcset":"https:\/\/i0.wp.com\/smallthings.fr\/lespetitslivres\/wp-content\/uploads\/2016\/08\/sylvie-dazy-metamorphose.jpg?resize=350%2C200&ssl=1 1x, https:\/\/i0.wp.com\/smallthings.fr\/lespetitslivres\/wp-content\/uploads\/2016\/08\/sylvie-dazy-metamorphose.jpg?resize=525%2C300&ssl=1 1.5x, https:\/\/i0.wp.com\/smallthings.fr\/lespetitslivres\/wp-content\/uploads\/2016\/08\/sylvie-dazy-metamorphose.jpg?resize=700%2C400&ssl=1 2x, https:\/\/i0.wp.com\/smallthings.fr\/lespetitslivres\/wp-content\/uploads\/2016\/08\/sylvie-dazy-metamorphose.jpg?resize=1050%2C600&ssl=1 3x"},"classes":[]}],"_links":{"self":[{"href":"https:\/\/smallthings.fr\/lespetitslivres\/wp-json\/wp\/v2\/posts\/29335"}],"collection":[{"href":"https:\/\/smallthings.fr\/lespetitslivres\/wp-json\/wp\/v2\/posts"}],"about":[{"href":"https:\/\/smallthings.fr\/lespetitslivres\/wp-json\/wp\/v2\/types\/post"}],"author":[{"embeddable":true,"href":"https:\/\/smallthings.fr\/lespetitslivres\/wp-json\/wp\/v2\/users\/6"}],"replies":[{"embeddable":true,"href":"https:\/\/smallthings.fr\/lespetitslivres\/wp-json\/wp\/v2\/comments?post=29335"}],"version-history":[{"count":3,"href":"https:\/\/smallthings.fr\/lespetitslivres\/wp-json\/wp\/v2\/posts\/29335\/revisions"}],"predecessor-version":[{"id":29340,"href":"https:\/\/smallthings.fr\/lespetitslivres\/wp-json\/wp\/v2\/posts\/29335\/revisions\/29340"}],"wp:featuredmedia":[{"embeddable":true,"href":"https:\/\/smallthings.fr\/lespetitslivres\/wp-json\/wp\/v2\/media\/29339"}],"wp:attachment":[{"href":"https:\/\/smallthings.fr\/lespetitslivres\/wp-json\/wp\/v2\/media?parent=29335"}],"wp:term":[{"taxonomy":"category","embeddable":true,"href":"https:\/\/smallthings.fr\/lespetitslivres\/wp-json\/wp\/v2\/categories?post=29335"},{"taxonomy":"post_tag","embeddable":true,"href":"https:\/\/smallthings.fr\/lespetitslivres\/wp-json\/wp\/v2\/tags?post=29335"}],"curies":[{"name":"wp","href":"https:\/\/api.w.org\/{rel}","templated":true}]}}