{"id":29326,"date":"2016-01-07T10:19:23","date_gmt":"2016-01-07T09:19:23","guid":{"rendered":"http:\/\/smallthings.fr\/lespetitslivres\/?p=29326"},"modified":"2016-01-22T12:16:51","modified_gmt":"2016-01-22T11:16:51","slug":"concours-polar-ta-mort-sera-la-mienne","status":"publish","type":"post","link":"https:\/\/smallthings.fr\/lespetitslivres\/2016\/01\/07\/concours-polar-ta-mort-sera-la-mienne\/","title":{"rendered":"[CONCOURS termin\u00e9] Gagnez le polar de Fabrice Colin, Ta mort sera la mienne"},"content":{"rendered":"<h3>Le concours est termin\u00e9 ! Merci \u00e0 tous de vos participations et \u00e0 bient\u00f4t !<\/h3>\n<h2><em>Ta mort sera la mienne<\/em>, excellent polar de Fabrice Colin, vient de para\u00eetre en format poche. Pour l&rsquo;occasion, et pour vous souhaiter la bonne ann\u00e9e comme il se doit, <a href=\"http:\/\/www.livredepoche.com\/ta-mort-sera-la-mienne-fabrice-colin-9782253095132\" target=\"_blank\">Le Livre de Poche<\/a> et Les Petits Livres vous permettent de gagner un exemplaire du livre. Vous avez jusqu&rsquo;au 20 janvier pour participer !<\/h2>\n<div id=\"attachment_29360\" style=\"width: 195px\" class=\"wp-caption alignright\"><img loading=\"lazy\" decoding=\"async\" aria-describedby=\"caption-attachment-29360\" data-attachment-id=\"29360\" data-permalink=\"https:\/\/smallthings.fr\/lespetitslivres\/2016\/01\/07\/concours-polar-ta-mort-sera-la-mienne\/fabrice-colin\/\" data-orig-file=\"https:\/\/smallthings.fr\/lespetitslivres\/wp-content\/uploads\/2016\/01\/fabrice-colin.jpg\" data-orig-size=\"250,375\" data-comments-opened=\"1\" data-image-meta=\"{&quot;aperture&quot;:&quot;0&quot;,&quot;credit&quot;:&quot;&quot;,&quot;camera&quot;:&quot;&quot;,&quot;caption&quot;:&quot;&quot;,&quot;created_timestamp&quot;:&quot;0&quot;,&quot;copyright&quot;:&quot;&quot;,&quot;focal_length&quot;:&quot;0&quot;,&quot;iso&quot;:&quot;0&quot;,&quot;shutter_speed&quot;:&quot;0&quot;,&quot;title&quot;:&quot;&quot;,&quot;orientation&quot;:&quot;0&quot;}\" data-image-title=\"fabrice-colin\" data-image-description=\"\" data-image-caption=\"&lt;p&gt;Fabrice Colin&lt;\/p&gt;\n\" data-medium-file=\"https:\/\/smallthings.fr\/lespetitslivres\/wp-content\/uploads\/2016\/01\/fabrice-colin-200x300.jpg\" data-large-file=\"https:\/\/smallthings.fr\/lespetitslivres\/wp-content\/uploads\/2016\/01\/fabrice-colin.jpg\" class=\" wp-image-29360\" src=\"http:\/\/smallthings.fr\/lespetitslivres\/wp-content\/uploads\/2016\/01\/fabrice-colin.jpg\" alt=\"Fabrice Colin\" width=\"185\" height=\"278\" srcset=\"https:\/\/smallthings.fr\/lespetitslivres\/wp-content\/uploads\/2016\/01\/fabrice-colin.jpg 250w, https:\/\/smallthings.fr\/lespetitslivres\/wp-content\/uploads\/2016\/01\/fabrice-colin-200x300.jpg 200w\" sizes=\"(max-width: 185px) 100vw, 185px\" \/><p id=\"caption-attachment-29360\" class=\"wp-caption-text\">Fabrice Colin<\/p><\/div>\n<p><img loading=\"lazy\" decoding=\"async\" data-attachment-id=\"29361\" data-permalink=\"https:\/\/smallthings.fr\/lespetitslivres\/2016\/01\/07\/concours-polar-ta-mort-sera-la-mienne\/ta-mort-sera-la-mienne\/\" data-orig-file=\"https:\/\/smallthings.fr\/lespetitslivres\/wp-content\/uploads\/2016\/01\/ta-mort-sera-la-mienne.jpeg\" data-orig-size=\"250,404\" data-comments-opened=\"1\" data-image-meta=\"{&quot;aperture&quot;:&quot;0&quot;,&quot;credit&quot;:&quot;&quot;,&quot;camera&quot;:&quot;&quot;,&quot;caption&quot;:&quot;&quot;,&quot;created_timestamp&quot;:&quot;0&quot;,&quot;copyright&quot;:&quot;&quot;,&quot;focal_length&quot;:&quot;0&quot;,&quot;iso&quot;:&quot;0&quot;,&quot;shutter_speed&quot;:&quot;0&quot;,&quot;title&quot;:&quot;&quot;,&quot;orientation&quot;:&quot;0&quot;}\" data-image-title=\"ta-mort-sera-la-mienne\" data-image-description=\"\" data-image-caption=\"\" data-medium-file=\"https:\/\/smallthings.fr\/lespetitslivres\/wp-content\/uploads\/2016\/01\/ta-mort-sera-la-mienne-186x300.jpeg\" data-large-file=\"https:\/\/smallthings.fr\/lespetitslivres\/wp-content\/uploads\/2016\/01\/ta-mort-sera-la-mienne.jpeg\" class=\"alignleft wp-image-29361\" src=\"http:\/\/smallthings.fr\/lespetitslivres\/wp-content\/uploads\/2016\/01\/ta-mort-sera-la-mienne.jpeg\" alt=\"ta-mort-sera-la-mienne\" width=\"181\" height=\"293\" srcset=\"https:\/\/smallthings.fr\/lespetitslivres\/wp-content\/uploads\/2016\/01\/ta-mort-sera-la-mienne.jpeg 250w, https:\/\/smallthings.fr\/lespetitslivres\/wp-content\/uploads\/2016\/01\/ta-mort-sera-la-mienne-186x300.jpeg 186w\" sizes=\"(max-width: 181px) 100vw, 181px\" \/>Nous avions beaucoup aim\u00e9 <em>Ta mort sera la mienne<\/em> lors de sa sortie en grand format chez Sonatines (critique <a href=\"http:\/\/smallthings.fr\/2013\/04\/11\/fabrice-colin-ta-mort-sera-la-mienne\/\" target=\"_blank\">ici<\/a>). C&rsquo;est donc tout naturellement que nous vous proposons d&rsquo;en remporter un exemplaire pour fr\u00e9mir un peu en ce d\u00e9but d&rsquo;ann\u00e9e !<\/p>\n<blockquote><p><em>\u00ab\u00a0Il y aurait beaucoup encore \u00e0 dire sur ce livre que j\u2019ai litt\u00e9ralement d\u00e9vor\u00e9. Il est dur, il est dense, il est pessimiste et violent, mais il est men\u00e9 d\u2019une main de ma\u00eetre, les histoires des personnages sont absolument passionnantes.\u00a0\u00bb<br \/>\n<\/em><\/p><\/blockquote>\n<h3>Pour remporter votre exemplaire du livre, rien de plus simple, il suffit de r\u00e9pondre en commentaire \u00e0 la question ci-dessous :<\/h3>\n<p><strong>O\u00f9 se d\u00e9roule l&rsquo;action dans <em>Ta mort sera la mienne<\/em> ?\u00a0<\/strong><\/p>\n<ul>\n<li><strong>En Californie ?<\/strong><\/li>\n<li><strong>En Utah ? <\/strong><\/li>\n<li><strong>En Caroline du Nord ?<\/strong><\/li>\n<\/ul>\n<p>&nbsp;<\/p>\n<h3><strong>Vous avez jusqu&rsquo;au 18 janvier !<\/strong><\/h3>\n","protected":false},"excerpt":{"rendered":"<p>Le concours est termin\u00e9 ! Merci \u00e0 tous de vos participations et \u00e0 bient\u00f4t ! Ta mort sera la mienne, excellent polar de Fabrice Colin, vient de para\u00eetre en format poche. Pour l&rsquo;occasion, et pour vous souhaiter la bonne ann\u00e9e comme il se doit, Le Livre de Poche et Les Petits Livres vous permettent de<\/p>\n","protected":false},"author":2,"featured_media":29363,"comment_status":"open","ping_status":"open","sticky":false,"template":"","format":"standard","meta":{"jetpack_post_was_ever_published":false,"_jetpack_newsletter_access":"","_jetpack_newsletter_tier_id":0,"footnotes":"","jetpack_publicize_message":"","jetpack_is_tweetstorm":false,"jetpack_publicize_feature_enabled":true,"jetpack_social_post_already_shared":true,"jetpack_social_options":{"image_generator_settings":{"template":"highway","enabled":false}}},"categories":[1121,1113,1111],"tags":[660,988,7,337],"jetpack_publicize_connections":[],"yoast_head":"<!-- This site is optimized with the Yoast SEO plugin v21.5 - https:\/\/yoast.com\/wordpress\/plugins\/seo\/ -->\n<title>[CONCOURS] Gagnez le polar de Fabrice Colin, Ta mort sera la mienne<\/title>\n<meta name=\"description\" content=\"Ta mort sera la mienne, excellent polar de Fabrice Colin, vient de para\u00eetre en format poche. Pour l&#039;occasion, et pour vous souhaiter la bonne ann\u00e9e comme il\" \/>\n<meta name=\"robots\" content=\"index, follow, max-snippet:-1, max-image-preview:large, max-video-preview:-1\" \/>\n<link rel=\"canonical\" href=\"http:\/\/smallthings.fr\/lespetitslivres\/2016\/01\/07\/concours-polar-ta-mort-sera-la-mienne\/\" \/>\n<meta property=\"og:locale\" content=\"fr_FR\" \/>\n<meta property=\"og:type\" content=\"article\" \/>\n<meta property=\"og:title\" content=\"[CONCOURS] Gagnez le polar de Fabrice Colin, Ta mort sera la mienne\" \/>\n<meta property=\"og:description\" content=\"Ta mort sera la mienne, excellent polar de Fabrice Colin, vient de para\u00eetre en format poche. Pour l&#039;occasion, et pour vous souhaiter la bonne ann\u00e9e comme il\" \/>\n<meta property=\"og:url\" content=\"http:\/\/smallthings.fr\/lespetitslivres\/2016\/01\/07\/concours-polar-ta-mort-sera-la-mienne\/\" \/>\n<meta property=\"og:site_name\" content=\"Les Petits Livres\" \/>\n<meta property=\"article:published_time\" content=\"2016-01-07T09:19:23+00:00\" \/>\n<meta property=\"article:modified_time\" content=\"2016-01-22T11:16:51+00:00\" \/>\n<meta property=\"og:image\" content=\"https:\/\/i0.wp.com\/smallthings.fr\/lespetitslivres\/wp-content\/uploads\/2016\/01\/ta-mort-sera-la-mienne-couv.jpeg?fit=238%2C224\" \/>\n\t<meta property=\"og:image:width\" content=\"238\" \/>\n\t<meta property=\"og:image:height\" content=\"224\" \/>\n\t<meta property=\"og:image:type\" content=\"image\/jpeg\" \/>\n<meta name=\"author\" content=\"Claire\" \/>\n<meta name=\"twitter:card\" content=\"summary_large_image\" \/>\n<meta name=\"twitter:label1\" content=\"\u00c9crit par\" \/>\n\t<meta name=\"twitter:data1\" content=\"Claire\" \/>\n\t<meta name=\"twitter:label2\" content=\"Dur\u00e9e de lecture estim\u00e9e\" \/>\n\t<meta name=\"twitter:data2\" content=\"1 minute\" \/>\n<script type=\"application\/ld+json\" class=\"yoast-schema-graph\">{\"@context\":\"https:\/\/schema.org\",\"@graph\":[{\"@type\":\"WebPage\",\"@id\":\"http:\/\/smallthings.fr\/lespetitslivres\/2016\/01\/07\/concours-polar-ta-mort-sera-la-mienne\/\",\"url\":\"http:\/\/smallthings.fr\/lespetitslivres\/2016\/01\/07\/concours-polar-ta-mort-sera-la-mienne\/\",\"name\":\"[CONCOURS] Gagnez le polar de Fabrice Colin, Ta mort sera la mienne\",\"isPartOf\":{\"@id\":\"https:\/\/smallthings.fr\/lespetitslivres\/#website\"},\"datePublished\":\"2016-01-07T09:19:23+00:00\",\"dateModified\":\"2016-01-22T11:16:51+00:00\",\"author\":{\"@id\":\"https:\/\/smallthings.fr\/lespetitslivres\/#\/schema\/person\/504d603cacfe064fe039dfa03a8b7918\"},\"description\":\"Ta mort sera la mienne, excellent polar de Fabrice Colin, vient de para\u00eetre en format poche. Pour l'occasion, et pour vous souhaiter la bonne ann\u00e9e comme il\",\"breadcrumb\":{\"@id\":\"http:\/\/smallthings.fr\/lespetitslivres\/2016\/01\/07\/concours-polar-ta-mort-sera-la-mienne\/#breadcrumb\"},\"inLanguage\":\"fr-FR\",\"potentialAction\":[{\"@type\":\"ReadAction\",\"target\":[\"http:\/\/smallthings.fr\/lespetitslivres\/2016\/01\/07\/concours-polar-ta-mort-sera-la-mienne\/\"]}]},{\"@type\":\"BreadcrumbList\",\"@id\":\"http:\/\/smallthings.fr\/lespetitslivres\/2016\/01\/07\/concours-polar-ta-mort-sera-la-mienne\/#breadcrumb\",\"itemListElement\":[{\"@type\":\"ListItem\",\"position\":1,\"name\":\"Accueil\",\"item\":\"https:\/\/smallthings.fr\/lespetitslivres\/\"},{\"@type\":\"ListItem\",\"position\":2,\"name\":\"[CONCOURS termin\u00e9] Gagnez le polar de Fabrice Colin, Ta mort sera la mienne\"}]},{\"@type\":\"WebSite\",\"@id\":\"https:\/\/smallthings.fr\/lespetitslivres\/#website\",\"url\":\"https:\/\/smallthings.fr\/lespetitslivres\/\",\"name\":\"Les Petits Livres\",\"description\":\"by Small Things\",\"potentialAction\":[{\"@type\":\"SearchAction\",\"target\":{\"@type\":\"EntryPoint\",\"urlTemplate\":\"https:\/\/smallthings.fr\/lespetitslivres\/?s={search_term_string}\"},\"query-input\":\"required name=search_term_string\"}],\"inLanguage\":\"fr-FR\"},{\"@type\":\"Person\",\"@id\":\"https:\/\/smallthings.fr\/lespetitslivres\/#\/schema\/person\/504d603cacfe064fe039dfa03a8b7918\",\"name\":\"Claire\",\"image\":{\"@type\":\"ImageObject\",\"inLanguage\":\"fr-FR\",\"@id\":\"https:\/\/smallthings.fr\/lespetitslivres\/#\/schema\/person\/image\/\",\"url\":\"https:\/\/secure.gravatar.com\/avatar\/9a85ff83d76b3eb17b8cae208640786e?s=96&d=retro&r=g\",\"contentUrl\":\"https:\/\/secure.gravatar.com\/avatar\/9a85ff83d76b3eb17b8cae208640786e?s=96&d=retro&r=g\",\"caption\":\"Claire\"},\"url\":\"https:\/\/smallthings.fr\/lespetitslivres\/author\/claire\/\"}]}<\/script>\n<!-- \/ Yoast SEO plugin. -->","yoast_head_json":{"title":"[CONCOURS] Gagnez le polar de Fabrice Colin, Ta mort sera la mienne","description":"Ta mort sera la mienne, excellent polar de Fabrice Colin, vient de para\u00eetre en format poche. Pour l'occasion, et pour vous souhaiter la bonne ann\u00e9e comme il","robots":{"index":"index","follow":"follow","max-snippet":"max-snippet:-1","max-image-preview":"max-image-preview:large","max-video-preview":"max-video-preview:-1"},"canonical":"http:\/\/smallthings.fr\/lespetitslivres\/2016\/01\/07\/concours-polar-ta-mort-sera-la-mienne\/","og_locale":"fr_FR","og_type":"article","og_title":"[CONCOURS] Gagnez le polar de Fabrice Colin, Ta mort sera la mienne","og_description":"Ta mort sera la mienne, excellent polar de Fabrice Colin, vient de para\u00eetre en format poche. Pour l'occasion, et pour vous souhaiter la bonne ann\u00e9e comme il","og_url":"http:\/\/smallthings.fr\/lespetitslivres\/2016\/01\/07\/concours-polar-ta-mort-sera-la-mienne\/","og_site_name":"Les Petits Livres","article_published_time":"2016-01-07T09:19:23+00:00","article_modified_time":"2016-01-22T11:16:51+00:00","og_image":[{"width":238,"height":224,"url":"https:\/\/i0.wp.com\/smallthings.fr\/lespetitslivres\/wp-content\/uploads\/2016\/01\/ta-mort-sera-la-mienne-couv.jpeg?fit=238%2C224","type":"image\/jpeg"}],"author":"Claire","twitter_card":"summary_large_image","twitter_misc":{"\u00c9crit par":"Claire","Dur\u00e9e de lecture estim\u00e9e":"1 minute"},"schema":{"@context":"https:\/\/schema.org","@graph":[{"@type":"WebPage","@id":"http:\/\/smallthings.fr\/lespetitslivres\/2016\/01\/07\/concours-polar-ta-mort-sera-la-mienne\/","url":"http:\/\/smallthings.fr\/lespetitslivres\/2016\/01\/07\/concours-polar-ta-mort-sera-la-mienne\/","name":"[CONCOURS] Gagnez le polar de Fabrice Colin, Ta mort sera la mienne","isPartOf":{"@id":"https:\/\/smallthings.fr\/lespetitslivres\/#website"},"datePublished":"2016-01-07T09:19:23+00:00","dateModified":"2016-01-22T11:16:51+00:00","author":{"@id":"https:\/\/smallthings.fr\/lespetitslivres\/#\/schema\/person\/504d603cacfe064fe039dfa03a8b7918"},"description":"Ta mort sera la mienne, excellent polar de Fabrice Colin, vient de para\u00eetre en format poche. Pour l'occasion, et pour vous souhaiter la bonne ann\u00e9e comme il","breadcrumb":{"@id":"http:\/\/smallthings.fr\/lespetitslivres\/2016\/01\/07\/concours-polar-ta-mort-sera-la-mienne\/#breadcrumb"},"inLanguage":"fr-FR","potentialAction":[{"@type":"ReadAction","target":["http:\/\/smallthings.fr\/lespetitslivres\/2016\/01\/07\/concours-polar-ta-mort-sera-la-mienne\/"]}]},{"@type":"BreadcrumbList","@id":"http:\/\/smallthings.fr\/lespetitslivres\/2016\/01\/07\/concours-polar-ta-mort-sera-la-mienne\/#breadcrumb","itemListElement":[{"@type":"ListItem","position":1,"name":"Accueil","item":"https:\/\/smallthings.fr\/lespetitslivres\/"},{"@type":"ListItem","position":2,"name":"[CONCOURS termin\u00e9] Gagnez le polar de Fabrice Colin, Ta mort sera la mienne"}]},{"@type":"WebSite","@id":"https:\/\/smallthings.fr\/lespetitslivres\/#website","url":"https:\/\/smallthings.fr\/lespetitslivres\/","name":"Les Petits Livres","description":"by Small Things","potentialAction":[{"@type":"SearchAction","target":{"@type":"EntryPoint","urlTemplate":"https:\/\/smallthings.fr\/lespetitslivres\/?s={search_term_string}"},"query-input":"required name=search_term_string"}],"inLanguage":"fr-FR"},{"@type":"Person","@id":"https:\/\/smallthings.fr\/lespetitslivres\/#\/schema\/person\/504d603cacfe064fe039dfa03a8b7918","name":"Claire","image":{"@type":"ImageObject","inLanguage":"fr-FR","@id":"https:\/\/smallthings.fr\/lespetitslivres\/#\/schema\/person\/image\/","url":"https:\/\/secure.gravatar.com\/avatar\/9a85ff83d76b3eb17b8cae208640786e?s=96&d=retro&r=g","contentUrl":"https:\/\/secure.gravatar.com\/avatar\/9a85ff83d76b3eb17b8cae208640786e?s=96&d=retro&r=g","caption":"Claire"},"url":"https:\/\/smallthings.fr\/lespetitslivres\/author\/claire\/"}]}},"jetpack_featured_media_url":"https:\/\/smallthings.fr\/lespetitslivres\/wp-content\/uploads\/2016\/01\/ta-mort-sera-la-mienne-couv.jpeg","jetpack_sharing_enabled":true,"jetpack_shortlink":"https:\/\/wp.me\/p6Un21-7D0","jetpack-related-posts":[{"id":4504,"url":"https:\/\/smallthings.fr\/lespetitslivres\/2013\/04\/11\/fabrice-colin-ta-mort-sera-la-mienne\/","url_meta":{"origin":29326,"position":0},"title":"Fabrice Colin &#8211; Ta mort sera la mienne","author":"Claire","date":"11 avril 2013","format":false,"excerpt":"\"Ta mort sera la mienne\" est le deuxi\u00e8me polar de Fabrice Colin publi\u00e9 chez Sonatines. L'auteur choisit le paysage de l'Utah pour nous livrer sa vision de la d\u00e9gringolade du r\u00eave am\u00e9ricain.","rel":"","context":"Dans &quot;Thriller&quot;","block_context":{"text":"Thriller","link":"https:\/\/smallthings.fr\/lespetitslivres\/category\/thriller\/"},"img":{"alt_text":"","src":"https:\/\/i0.wp.com\/uploads.smallthings.fr\/2013\/04\/47300271fabrice-colin-gif.gif?resize=350%2C200","width":350,"height":200},"classes":[]},{"id":27335,"url":"https:\/\/smallthings.fr\/lespetitslivres\/2015\/09\/21\/chicagoland-bd-ellory-critique\/","url_meta":{"origin":29326,"position":1},"title":"Chicagoland, l\u2019adaptation BD des nouvelles d\u2019Ellory","author":"Jennifer","date":"21 septembre 2015","format":false,"excerpt":"Chicagoland est l\u2019adaptation BD des nouvelles intitul\u00e9es\u00a0Trois jours \u00e0 Chicagoland d\u2019Ellory, sorties en septembre 2013. Les dessins sont de Sacha Goerg et le sc\u00e9nario de Fabrice Colin. Cette bande-dessin\u00e9e est sortie le 9 septembre dernier aux \u00e9ditions Delcourt et rassemble trois nouvelles sur le meurtre d\u2019une institutrice retrouv\u00e9e \u00e9trangl\u00e9e dans\u2026","rel":"","context":"Dans &quot;BD&quot;","block_context":{"text":"BD","link":"https:\/\/smallthings.fr\/lespetitslivres\/category\/bd-manga\/bd\/"},"img":{"alt_text":"","src":"https:\/\/i0.wp.com\/smallthings.fr\/wp-content\/uploads\/2015\/09\/Chicagoland-Colin-Goerg-603x800.jpg?resize=350%2C200","width":350,"height":200},"classes":[]},{"id":22332,"url":"https:\/\/smallthings.fr\/lespetitslivres\/2015\/04\/13\/concours-extraordinaire-voyage-du-fakir\/","url_meta":{"origin":29326,"position":2},"title":"[Concours termin\u00e9] L&rsquo;Extraordinaire voyage du fakir qui \u00e9tait rest\u00e9 coinc\u00e9&#8230;","author":"Claire","date":"13 avril 2015","format":false,"excerpt":"A l'occasion de la sortie en poche de L\u2019extraordinaire voyage du fakir qui \u00e9tait rest\u00e9 coinc\u00e9 dans une armoire Ikea de Romain Pu\u00e9rtolas, le Livre de Poche et SmallThings vous offrent une valisette de fakir. \u00a0 Pour gagner l\u2019une des valisettes en jeu, r\u00e9pondez aux deux questions et vous participerez\u2026","rel":"","context":"Dans &quot;Concours&quot;","block_context":{"text":"Concours","link":"https:\/\/smallthings.fr\/lespetitslivres\/category\/concours\/"},"img":{"alt_text":"La valisette du fakir \u00c3\u00a0 gagner","src":"https:\/\/i0.wp.com\/smallthings.fr\/wp-content\/uploads\/2015\/04\/extraordinaire-voyage-fakir-concours.png?resize=350%2C200","width":350,"height":200,"srcset":"https:\/\/i0.wp.com\/smallthings.fr\/wp-content\/uploads\/2015\/04\/extraordinaire-voyage-fakir-concours.png?resize=350%2C200 1x, https:\/\/i0.wp.com\/smallthings.fr\/wp-content\/uploads\/2015\/04\/extraordinaire-voyage-fakir-concours.png?resize=525%2C300 1.5x"},"classes":[]},{"id":10173,"url":"https:\/\/smallthings.fr\/lespetitslivres\/2013\/12\/21\/concours-un-coffret-ken-follett-gagner\/","url_meta":{"origin":29326,"position":3},"title":"[Concours] Un coffret Ken Follett \u00e0 gagner","author":"Claire","date":"21 d\u00e9cembre 2013","format":false,"excerpt":"Le Livre de Poche et Small Things vous offrent pour No\u00ebl un coffret Ken Follett contenant Les piliers de la terre et Un monde sans fin. Allez faire un tour sur le site du Livre de Poche, trouvez les r\u00e9ponses aux questions, et jouez !","rel":"","context":"Dans &quot;Concours&quot;","block_context":{"text":"Concours","link":"https:\/\/smallthings.fr\/lespetitslivres\/category\/concours\/"},"img":{"alt_text":"","src":"","width":0,"height":0},"classes":[]},{"id":29389,"url":"https:\/\/smallthings.fr\/lespetitslivres\/2016\/01\/30\/concours-gagnez-tu-me-trouveras\/","url_meta":{"origin":29326,"position":4},"title":"[CONCOURS termin\u00e9] Gagnez le roman \u00ab\u00a0Tu me trouveras au bout du monde\u00a0\u00bb","author":"Claire","date":"30 janvier 2016","format":false,"excerpt":"Le concours est termin\u00e9 : merci \u00e0 tous ! Le Livre de Poche et Les Petits Livres vous offrent des exemplaires du roman \u00e9pistolaire Tu me trouveras au bout du monde de Nicolas Barreau, sorti le 13 janvier. Une com\u00e9die romantique pleine de surprises \u00e0 remporter en r\u00e9pondant \u00e0 une\u2026","rel":"","context":"Dans &quot;Concours&quot;","block_context":{"text":"Concours","link":"https:\/\/smallthings.fr\/lespetitslivres\/category\/concours\/"},"img":{"alt_text":"","src":"https:\/\/i0.wp.com\/smallthings.fr\/lespetitslivres\/wp-content\/uploads\/2016\/01\/tu-me-trouveras-au-bout-du-monde-couv.jpeg?resize=350%2C200&ssl=1","width":350,"height":200,"srcset":"https:\/\/i0.wp.com\/smallthings.fr\/lespetitslivres\/wp-content\/uploads\/2016\/01\/tu-me-trouveras-au-bout-du-monde-couv.jpeg?resize=350%2C200&ssl=1 1x, https:\/\/i0.wp.com\/smallthings.fr\/lespetitslivres\/wp-content\/uploads\/2016\/01\/tu-me-trouveras-au-bout-du-monde-couv.jpeg?resize=525%2C300&ssl=1 1.5x, https:\/\/i0.wp.com\/smallthings.fr\/lespetitslivres\/wp-content\/uploads\/2016\/01\/tu-me-trouveras-au-bout-du-monde-couv.jpeg?resize=700%2C400&ssl=1 2x, https:\/\/i0.wp.com\/smallthings.fr\/lespetitslivres\/wp-content\/uploads\/2016\/01\/tu-me-trouveras-au-bout-du-monde-couv.jpeg?resize=1050%2C600&ssl=1 3x, https:\/\/i0.wp.com\/smallthings.fr\/lespetitslivres\/wp-content\/uploads\/2016\/01\/tu-me-trouveras-au-bout-du-monde-couv.jpeg?resize=1400%2C800&ssl=1 4x"},"classes":[]},{"id":24954,"url":"https:\/\/smallthings.fr\/lespetitslivres\/2015\/07\/06\/concours-hunger-games-star-wars-gagnez-livres\/","url_meta":{"origin":29326,"position":5},"title":"[Concours termin\u00e9] Hunger Games et Star Wars : gagnez les livres des films","author":"Claire","date":"6 juillet 2015","format":false,"excerpt":"Concours termin\u00e9 ! Merci \u00e0 tous et \u00e0 bient\u00f4t sur smallthings.fr ! Du 6 au 20 juillet, Pocket Jeunesse et SmallThings vous permettent de gagner les romans des films Hunger Games et Star Wars, qui viennent de sortir en librairie. Les lots \u00e0 gagner sont compos\u00e9s des trois romans Hunger\u2026","rel":"","context":"Dans &quot;Concours&quot;","block_context":{"text":"Concours","link":"https:\/\/smallthings.fr\/lespetitslivres\/category\/concours\/"},"img":{"alt_text":"CCR-star-wars-hunger-games-couv","src":"https:\/\/i0.wp.com\/smallthings.fr\/wp-content\/uploads\/2015\/06\/CCR-star-wars-hunger-games-couv.jpg?resize=350%2C200","width":350,"height":200,"srcset":"https:\/\/i0.wp.com\/smallthings.fr\/wp-content\/uploads\/2015\/06\/CCR-star-wars-hunger-games-couv.jpg?resize=350%2C200 1x, https:\/\/i0.wp.com\/smallthings.fr\/wp-content\/uploads\/2015\/06\/CCR-star-wars-hunger-games-couv.jpg?resize=525%2C300 1.5x, https:\/\/i0.wp.com\/smallthings.fr\/wp-content\/uploads\/2015\/06\/CCR-star-wars-hunger-games-couv.jpg?resize=700%2C400 2x"},"classes":[]}],"_links":{"self":[{"href":"https:\/\/smallthings.fr\/lespetitslivres\/wp-json\/wp\/v2\/posts\/29326"}],"collection":[{"href":"https:\/\/smallthings.fr\/lespetitslivres\/wp-json\/wp\/v2\/posts"}],"about":[{"href":"https:\/\/smallthings.fr\/lespetitslivres\/wp-json\/wp\/v2\/types\/post"}],"author":[{"embeddable":true,"href":"https:\/\/smallthings.fr\/lespetitslivres\/wp-json\/wp\/v2\/users\/2"}],"replies":[{"embeddable":true,"href":"https:\/\/smallthings.fr\/lespetitslivres\/wp-json\/wp\/v2\/comments?post=29326"}],"version-history":[{"count":5,"href":"https:\/\/smallthings.fr\/lespetitslivres\/wp-json\/wp\/v2\/posts\/29326\/revisions"}],"predecessor-version":[{"id":29426,"href":"https:\/\/smallthings.fr\/lespetitslivres\/wp-json\/wp\/v2\/posts\/29326\/revisions\/29426"}],"wp:featuredmedia":[{"embeddable":true,"href":"https:\/\/smallthings.fr\/lespetitslivres\/wp-json\/wp\/v2\/media\/29363"}],"wp:attachment":[{"href":"https:\/\/smallthings.fr\/lespetitslivres\/wp-json\/wp\/v2\/media?parent=29326"}],"wp:term":[{"taxonomy":"category","embeddable":true,"href":"https:\/\/smallthings.fr\/lespetitslivres\/wp-json\/wp\/v2\/categories?post=29326"},{"taxonomy":"post_tag","embeddable":true,"href":"https:\/\/smallthings.fr\/lespetitslivres\/wp-json\/wp\/v2\/tags?post=29326"}],"curies":[{"name":"wp","href":"https:\/\/api.w.org\/{rel}","templated":true}]}}