{"id":29320,"date":"2016-01-06T14:43:16","date_gmt":"2016-01-06T13:43:16","guid":{"rendered":"http:\/\/smallthings.fr\/lespetitslivres\/?p=29320"},"modified":"2016-01-03T14:53:39","modified_gmt":"2016-01-03T13:53:39","slug":"marcus-fuller-meute-phenix-critique","status":"publish","type":"post","link":"https:\/\/smallthings.fr\/lespetitslivres\/2016\/01\/06\/marcus-fuller-meute-phenix-critique\/","title":{"rendered":"Marcus Fuller, T4 de La Meute du Ph\u00e9nix : au c\u0153ur d\u2019un sombre trafic"},"content":{"rendered":"<h2><em>La Meute du Ph\u00e9nix<\/em> est de retour, avec cette fois <em>Marcus Fuller<\/em> comme protagoniste. \u00c9crit par Suzanne Wright, ce quatri\u00e8me tome est sorti le 20 novembre dernier aux \u00e9ditions <a href=\"http:\/\/www.milady.fr\/livres\/view\/marcus-fuller\" target=\"_blank\">Milady<\/a>. C\u2019est au tour de Marcus et Roni de se rapprocher et l\u2019attaque d\u2019une bande de chacals va les y aider.<\/h2>\n<p><strong><em>Marcus Fuller<\/em><\/strong> est un dragueur inv\u00e9t\u00e9r\u00e9, une notori\u00e9t\u00e9 qui ne va malheureusement pas jouer en sa faveur lorsqu\u2019il tentera de se rapprocher de Roni, la s\u0153ur de <strong><em>Nick Axton <\/em><\/strong>(critique du livre <a href=\"http:\/\/smallthings.fr\/lespetitslivres\/2015\/01\/19\/meute-du-phenix-nick-axton-wright\/\" target=\"_blank\">ici<\/a>). Roni est une jeune femme ayant subi un terrible traumatisme \u00e9tant plus jeune. Ind\u00e9pendant et dangereuse, elle ne laisse personne l\u2019approcher de trop pr\u00e8s. Jusqu\u2019au jour o\u00f9 Marcus s\u2019int\u00e9resse \u00e0 elle\u2026<\/p>\n<p><img loading=\"lazy\" decoding=\"async\" data-attachment-id=\"29322\" data-permalink=\"https:\/\/smallthings.fr\/lespetitslivres\/2016\/01\/06\/marcus-fuller-meute-phenix-critique\/meute-du-phenix-marcus-fuller\/\" data-orig-file=\"https:\/\/smallthings.fr\/lespetitslivres\/wp-content\/uploads\/2016\/01\/meute-du-phenix-marcus-fuller.jpg\" data-orig-size=\"400,647\" data-comments-opened=\"1\" data-image-meta=\"{&quot;aperture&quot;:&quot;0&quot;,&quot;credit&quot;:&quot;&quot;,&quot;camera&quot;:&quot;&quot;,&quot;caption&quot;:&quot;&quot;,&quot;created_timestamp&quot;:&quot;0&quot;,&quot;copyright&quot;:&quot;&quot;,&quot;focal_length&quot;:&quot;0&quot;,&quot;iso&quot;:&quot;0&quot;,&quot;shutter_speed&quot;:&quot;0&quot;,&quot;title&quot;:&quot;&quot;,&quot;orientation&quot;:&quot;0&quot;}\" data-image-title=\"meute-du-phenix-marcus-fuller\" data-image-description=\"\" data-image-caption=\"\" data-medium-file=\"https:\/\/smallthings.fr\/lespetitslivres\/wp-content\/uploads\/2016\/01\/meute-du-phenix-marcus-fuller-185x300.jpg\" data-large-file=\"https:\/\/smallthings.fr\/lespetitslivres\/wp-content\/uploads\/2016\/01\/meute-du-phenix-marcus-fuller.jpg\" class=\"alignright  wp-image-29322\" src=\"http:\/\/smallthings.fr\/lespetitslivres\/wp-content\/uploads\/2016\/01\/meute-du-phenix-marcus-fuller.jpg\" alt=\"meute-du-phenix-marcus-fuller\" width=\"328\" height=\"531\" srcset=\"https:\/\/smallthings.fr\/lespetitslivres\/wp-content\/uploads\/2016\/01\/meute-du-phenix-marcus-fuller.jpg 400w, https:\/\/smallthings.fr\/lespetitslivres\/wp-content\/uploads\/2016\/01\/meute-du-phenix-marcus-fuller-185x300.jpg 185w\" sizes=\"(max-width: 328px) 100vw, 328px\" \/><strong>Ce quatri\u00e8me tome de <em>La Meute du Ph\u00e9nix<\/em> est bien plus int\u00e9ressant que les deux pr\u00e9c\u00e9dents gr\u00e2ce \u00e0 une histoire sombre et touchante<\/strong>. La meute de Trey et celle de Nick vont s\u2019associer une fois de plus pour venir \u00e0 bout d\u2019un trafic de surnaturels\u00a0: une bande de chacals kidnappe des m\u00e9tamorphes et les filme alors que ceux-ci subissent les pires s\u00e9vices (combat \u00e0 mort, viol\u2026). Lorsque le fils de Trey devient la cible des chacals, les deux meutes mettent tout en \u0153uvre pour d\u00e9couvrir leur rep\u00e8re. Pire encore, lorsqu\u2019ils d\u00e9couvrent le site internet o\u00f9 les vid\u00e9os passent en boucle, ils remarquent avec effroi une vid\u00e9o de Roni\u2026 Il n\u2019en faudra pas plus \u00e0 <strong><em>Marcus Fuller<\/em><\/strong> pour montrer sa v\u00e9ritable nature.<\/p>\n<p><strong><em>La Meute du Ph\u00e9nix<\/em><\/strong> est une tr\u00e8s bonne saga de bit-lit et ce quatri\u00e8me tome rel\u00e8ve encore le niveau\u00a0! L\u2019histoire amoureuse n\u2019est pas omnipr\u00e9sente, elle se m\u00e9lange au contraire \u00e0 l\u2019enqu\u00eate sur le trafic de surnaturels et \u00e9tant donn\u00e9 que les deux meutes sont concern\u00e9es, on retrouve avec joie les personnages des tomes pr\u00e9c\u00e9dents.<\/p>\n<p>J\u2019ai particuli\u00e8rement appr\u00e9ci\u00e9 le personnage de Roni Axton. C\u2019est <strong>une femme qui a v\u00e9cu le pire pendant sa jeunesse et qui essaie de se reconstruire<\/strong>. Son fr\u00e8re Nick pense l\u2019aider en la couvant mais c\u2019est l\u2019inverse qui se produit. En effet, Roni est une alpha et elle d\u00e9teste \u00eatre consid\u00e9r\u00e9e comme faible. Sa situation familiale est plus que tendue alors elle n\u2019a pas besoin que Marcus viennent rajouter de l\u2019huile sur le feu. En effet, les fr\u00e8res de Roni vont mettre tout en \u0153uvre pour d\u00e9courager le m\u00e9tamorphe mais ce qu\u2019ils ne savent pas c\u2019est que lorsque <strong><em>Marcus Fuller<\/em><\/strong> a une cible en vue, il ne la l\u00e2che jamais. Une situation complexe dont Roni ne sortira s\u00fbrement pas indemne\u2026<\/p>\n<p>En conclusion, <strong><em>Marcus Fuller<\/em><\/strong> <strong>donne \u00e0 la saga un nouveau souffle<\/strong>. <em>La Meute du Ph\u00e9nix<\/em> avait besoin d\u2019un nouveau rebondissement et Suzanne Wright l\u2019a parfaitement trouv\u00e9. Son \u00e9criture est toujours aussi sublime. On se laisse prendre par l\u2019intrigue et on ne peut l\u00e2cher le livre avant la fin. Une saga int\u00e9ressante et un quatri\u00e8me tome qui nous laisse avec une derni\u00e8re question\u00a0: qui sera le prochain personnage principal\u00a0?<\/p>\n<blockquote><p>\u00ab\u00a0La jeune femme \u00e9tait tr\u00e8s r\u00e9serv\u00e9e. Sauf avec ses proches\u00a0: ses fr\u00e8res, le Beta de sa meute et Shaya. Mais l\u2019ancien Alpha de Marcus ne l\u2019avait pas surnomm\u00e9 \u00ab\u00a0putain de t\u00eate de mule\u00a0\u00bb sans raison. Quand Marcus avait jet\u00e9 son d\u00e9volu sur quelque chose, il partait en chasse et il n\u2019arr\u00eatait pas tant qu\u2019il n\u2019avait pas obtenu l\u2019objet de sa convoitise.\u00a0\u00bb<\/p><\/blockquote>\n","protected":false},"excerpt":{"rendered":"<p>La Meute du Ph\u00e9nix est de retour, avec cette fois Marcus Fuller comme protagoniste. \u00c9crit par Suzanne Wright, ce quatri\u00e8me tome est sorti le 20 novembre dernier aux \u00e9ditions Milady. C\u2019est au tour de Marcus et Roni de se rapprocher et l\u2019attaque d\u2019une bande de chacals va les y aider. Marcus Fuller est un dragueur<\/p>\n","protected":false},"author":14,"featured_media":29321,"comment_status":"open","ping_status":"open","sticky":false,"template":"","format":"standard","meta":{"jetpack_post_was_ever_published":false,"_jetpack_newsletter_access":"","_jetpack_newsletter_tier_id":0,"footnotes":"","jetpack_publicize_message":"","jetpack_is_tweetstorm":false,"jetpack_publicize_feature_enabled":true,"jetpack_social_post_already_shared":true,"jetpack_social_options":{"image_generator_settings":{"template":"highway","enabled":false}}},"categories":[1107],"tags":[1217,1216,876],"jetpack_publicize_connections":[],"yoast_head":"<!-- This site is optimized with the Yoast SEO plugin v21.5 - https:\/\/yoast.com\/wordpress\/plugins\/seo\/ -->\n<title>Marcus Fuller, T4 de La Meute du Ph\u00e9nix : au c\u0153ur d\u2019un sombre trafic<\/title>\n<meta name=\"description\" content=\"La Meute du Ph\u00e9nix est de retour, avec cette fois Marcus Fuller comme protagoniste. \u00c9crit par Suzanne Wright, ce quatri\u00e8me tome est sorti le 20 novembre\" \/>\n<meta name=\"robots\" content=\"index, follow, max-snippet:-1, max-image-preview:large, max-video-preview:-1\" \/>\n<link rel=\"canonical\" href=\"http:\/\/smallthings.fr\/lespetitslivres\/2016\/01\/06\/marcus-fuller-meute-phenix-critique\/\" \/>\n<meta property=\"og:locale\" content=\"fr_FR\" \/>\n<meta property=\"og:type\" content=\"article\" \/>\n<meta property=\"og:title\" content=\"Marcus Fuller, T4 de La Meute du Ph\u00e9nix : au c\u0153ur d\u2019un sombre trafic\" \/>\n<meta property=\"og:description\" content=\"La Meute du Ph\u00e9nix est de retour, avec cette fois Marcus Fuller comme protagoniste. \u00c9crit par Suzanne Wright, ce quatri\u00e8me tome est sorti le 20 novembre\" \/>\n<meta property=\"og:url\" content=\"http:\/\/smallthings.fr\/lespetitslivres\/2016\/01\/06\/marcus-fuller-meute-phenix-critique\/\" \/>\n<meta property=\"og:site_name\" content=\"Les Petits Livres\" \/>\n<meta property=\"article:published_time\" content=\"2016-01-06T13:43:16+00:00\" \/>\n<meta property=\"article:modified_time\" content=\"2016-01-03T13:53:39+00:00\" \/>\n<meta property=\"og:image\" content=\"https:\/\/i0.wp.com\/smallthings.fr\/lespetitslivres\/wp-content\/uploads\/2016\/01\/meute-du-phenix-marcus-fuller-couv.jpg?fit=379%2C242\" \/>\n\t<meta property=\"og:image:width\" content=\"379\" \/>\n\t<meta property=\"og:image:height\" content=\"242\" \/>\n\t<meta property=\"og:image:type\" content=\"image\/jpeg\" \/>\n<meta name=\"author\" content=\"Jennifer\" \/>\n<meta name=\"twitter:card\" content=\"summary_large_image\" \/>\n<meta name=\"twitter:label1\" content=\"\u00c9crit par\" \/>\n\t<meta name=\"twitter:data1\" content=\"Jennifer\" \/>\n\t<meta name=\"twitter:label2\" content=\"Dur\u00e9e de lecture estim\u00e9e\" \/>\n\t<meta name=\"twitter:data2\" content=\"3 minutes\" \/>\n<script type=\"application\/ld+json\" class=\"yoast-schema-graph\">{\"@context\":\"https:\/\/schema.org\",\"@graph\":[{\"@type\":\"WebPage\",\"@id\":\"http:\/\/smallthings.fr\/lespetitslivres\/2016\/01\/06\/marcus-fuller-meute-phenix-critique\/\",\"url\":\"http:\/\/smallthings.fr\/lespetitslivres\/2016\/01\/06\/marcus-fuller-meute-phenix-critique\/\",\"name\":\"Marcus Fuller, T4 de La Meute du Ph\u00e9nix : au c\u0153ur d\u2019un sombre trafic\",\"isPartOf\":{\"@id\":\"https:\/\/smallthings.fr\/lespetitslivres\/#website\"},\"datePublished\":\"2016-01-06T13:43:16+00:00\",\"dateModified\":\"2016-01-03T13:53:39+00:00\",\"author\":{\"@id\":\"https:\/\/smallthings.fr\/lespetitslivres\/#\/schema\/person\/bb8808220f912e72f01f7a55924d9ad1\"},\"description\":\"La Meute du Ph\u00e9nix est de retour, avec cette fois Marcus Fuller comme protagoniste. \u00c9crit par Suzanne Wright, ce quatri\u00e8me tome est sorti le 20 novembre\",\"breadcrumb\":{\"@id\":\"http:\/\/smallthings.fr\/lespetitslivres\/2016\/01\/06\/marcus-fuller-meute-phenix-critique\/#breadcrumb\"},\"inLanguage\":\"fr-FR\",\"potentialAction\":[{\"@type\":\"ReadAction\",\"target\":[\"http:\/\/smallthings.fr\/lespetitslivres\/2016\/01\/06\/marcus-fuller-meute-phenix-critique\/\"]}]},{\"@type\":\"BreadcrumbList\",\"@id\":\"http:\/\/smallthings.fr\/lespetitslivres\/2016\/01\/06\/marcus-fuller-meute-phenix-critique\/#breadcrumb\",\"itemListElement\":[{\"@type\":\"ListItem\",\"position\":1,\"name\":\"Accueil\",\"item\":\"https:\/\/smallthings.fr\/lespetitslivres\/\"},{\"@type\":\"ListItem\",\"position\":2,\"name\":\"Marcus Fuller, T4 de La Meute du Ph\u00e9nix : au c\u0153ur d\u2019un sombre trafic\"}]},{\"@type\":\"WebSite\",\"@id\":\"https:\/\/smallthings.fr\/lespetitslivres\/#website\",\"url\":\"https:\/\/smallthings.fr\/lespetitslivres\/\",\"name\":\"Les Petits Livres\",\"description\":\"by Small Things\",\"potentialAction\":[{\"@type\":\"SearchAction\",\"target\":{\"@type\":\"EntryPoint\",\"urlTemplate\":\"https:\/\/smallthings.fr\/lespetitslivres\/?s={search_term_string}\"},\"query-input\":\"required name=search_term_string\"}],\"inLanguage\":\"fr-FR\"},{\"@type\":\"Person\",\"@id\":\"https:\/\/smallthings.fr\/lespetitslivres\/#\/schema\/person\/bb8808220f912e72f01f7a55924d9ad1\",\"name\":\"Jennifer\",\"image\":{\"@type\":\"ImageObject\",\"inLanguage\":\"fr-FR\",\"@id\":\"https:\/\/smallthings.fr\/lespetitslivres\/#\/schema\/person\/image\/\",\"url\":\"https:\/\/secure.gravatar.com\/avatar\/ffcd6b107b6b18c3d5201f1bcc631683?s=96&d=retro&r=g\",\"contentUrl\":\"https:\/\/secure.gravatar.com\/avatar\/ffcd6b107b6b18c3d5201f1bcc631683?s=96&d=retro&r=g\",\"caption\":\"Jennifer\"},\"url\":\"https:\/\/smallthings.fr\/lespetitslivres\/author\/jennifer\/\"}]}<\/script>\n<!-- \/ Yoast SEO plugin. -->","yoast_head_json":{"title":"Marcus Fuller, T4 de La Meute du Ph\u00e9nix : au c\u0153ur d\u2019un sombre trafic","description":"La Meute du Ph\u00e9nix est de retour, avec cette fois Marcus Fuller comme protagoniste. \u00c9crit par Suzanne Wright, ce quatri\u00e8me tome est sorti le 20 novembre","robots":{"index":"index","follow":"follow","max-snippet":"max-snippet:-1","max-image-preview":"max-image-preview:large","max-video-preview":"max-video-preview:-1"},"canonical":"http:\/\/smallthings.fr\/lespetitslivres\/2016\/01\/06\/marcus-fuller-meute-phenix-critique\/","og_locale":"fr_FR","og_type":"article","og_title":"Marcus Fuller, T4 de La Meute du Ph\u00e9nix : au c\u0153ur d\u2019un sombre trafic","og_description":"La Meute du Ph\u00e9nix est de retour, avec cette fois Marcus Fuller comme protagoniste. \u00c9crit par Suzanne Wright, ce quatri\u00e8me tome est sorti le 20 novembre","og_url":"http:\/\/smallthings.fr\/lespetitslivres\/2016\/01\/06\/marcus-fuller-meute-phenix-critique\/","og_site_name":"Les Petits Livres","article_published_time":"2016-01-06T13:43:16+00:00","article_modified_time":"2016-01-03T13:53:39+00:00","og_image":[{"width":379,"height":242,"url":"https:\/\/i0.wp.com\/smallthings.fr\/lespetitslivres\/wp-content\/uploads\/2016\/01\/meute-du-phenix-marcus-fuller-couv.jpg?fit=379%2C242","type":"image\/jpeg"}],"author":"Jennifer","twitter_card":"summary_large_image","twitter_misc":{"\u00c9crit par":"Jennifer","Dur\u00e9e de lecture estim\u00e9e":"3 minutes"},"schema":{"@context":"https:\/\/schema.org","@graph":[{"@type":"WebPage","@id":"http:\/\/smallthings.fr\/lespetitslivres\/2016\/01\/06\/marcus-fuller-meute-phenix-critique\/","url":"http:\/\/smallthings.fr\/lespetitslivres\/2016\/01\/06\/marcus-fuller-meute-phenix-critique\/","name":"Marcus Fuller, T4 de La Meute du Ph\u00e9nix : au c\u0153ur d\u2019un sombre trafic","isPartOf":{"@id":"https:\/\/smallthings.fr\/lespetitslivres\/#website"},"datePublished":"2016-01-06T13:43:16+00:00","dateModified":"2016-01-03T13:53:39+00:00","author":{"@id":"https:\/\/smallthings.fr\/lespetitslivres\/#\/schema\/person\/bb8808220f912e72f01f7a55924d9ad1"},"description":"La Meute du Ph\u00e9nix est de retour, avec cette fois Marcus Fuller comme protagoniste. \u00c9crit par Suzanne Wright, ce quatri\u00e8me tome est sorti le 20 novembre","breadcrumb":{"@id":"http:\/\/smallthings.fr\/lespetitslivres\/2016\/01\/06\/marcus-fuller-meute-phenix-critique\/#breadcrumb"},"inLanguage":"fr-FR","potentialAction":[{"@type":"ReadAction","target":["http:\/\/smallthings.fr\/lespetitslivres\/2016\/01\/06\/marcus-fuller-meute-phenix-critique\/"]}]},{"@type":"BreadcrumbList","@id":"http:\/\/smallthings.fr\/lespetitslivres\/2016\/01\/06\/marcus-fuller-meute-phenix-critique\/#breadcrumb","itemListElement":[{"@type":"ListItem","position":1,"name":"Accueil","item":"https:\/\/smallthings.fr\/lespetitslivres\/"},{"@type":"ListItem","position":2,"name":"Marcus Fuller, T4 de La Meute du Ph\u00e9nix : au c\u0153ur d\u2019un sombre trafic"}]},{"@type":"WebSite","@id":"https:\/\/smallthings.fr\/lespetitslivres\/#website","url":"https:\/\/smallthings.fr\/lespetitslivres\/","name":"Les Petits Livres","description":"by Small Things","potentialAction":[{"@type":"SearchAction","target":{"@type":"EntryPoint","urlTemplate":"https:\/\/smallthings.fr\/lespetitslivres\/?s={search_term_string}"},"query-input":"required name=search_term_string"}],"inLanguage":"fr-FR"},{"@type":"Person","@id":"https:\/\/smallthings.fr\/lespetitslivres\/#\/schema\/person\/bb8808220f912e72f01f7a55924d9ad1","name":"Jennifer","image":{"@type":"ImageObject","inLanguage":"fr-FR","@id":"https:\/\/smallthings.fr\/lespetitslivres\/#\/schema\/person\/image\/","url":"https:\/\/secure.gravatar.com\/avatar\/ffcd6b107b6b18c3d5201f1bcc631683?s=96&d=retro&r=g","contentUrl":"https:\/\/secure.gravatar.com\/avatar\/ffcd6b107b6b18c3d5201f1bcc631683?s=96&d=retro&r=g","caption":"Jennifer"},"url":"https:\/\/smallthings.fr\/lespetitslivres\/author\/jennifer\/"}]}},"jetpack_featured_media_url":"https:\/\/smallthings.fr\/lespetitslivres\/wp-content\/uploads\/2016\/01\/meute-du-phenix-marcus-fuller-couv.jpg","jetpack_sharing_enabled":true,"jetpack_shortlink":"https:\/\/wp.me\/p6Un21-7CU","jetpack-related-posts":[{"id":20095,"url":"https:\/\/smallthings.fr\/lespetitslivres\/2015\/01\/19\/meute-du-phenix-nick-axton-wright\/","url_meta":{"origin":29320,"position":0},"title":"La Meute du Ph\u00e9nix poursuit ses aventures avec Nick Axton","author":"Jennifer","date":"19 janvier 2015","format":false,"excerpt":"Il aura fallu attendre un an pour que les fans de La Meute du Ph\u00e9nix puisse savourer le troisi\u00e8me volet de la saga intitul\u00e9 Nick Axton et \u00e9crit par Suzanne Wright. Encore un petit peu de patience, il sortira le 23 janvier prochain chez Milady. On avait entendu parler bri\u00e8vement\u2026","rel":"","context":"Dans &quot;Fantastique&quot;","block_context":{"text":"Fantastique","link":"https:\/\/smallthings.fr\/lespetitslivres\/category\/imaginaire\/fantastique\/"},"img":{"alt_text":"","src":"https:\/\/i0.wp.com\/smallthings.fr\/wp-content\/uploads\/2015\/01\/suzanne-wright-meute-phenix.jpg?resize=350%2C200","width":350,"height":200},"classes":[]},{"id":32183,"url":"https:\/\/smallthings.fr\/lespetitslivres\/2021\/01\/19\/olympus-alex-devereaux\/","url_meta":{"origin":29320,"position":1},"title":"Olympus, Alex Devereaux \u2013 Coup de c\u0153ur","author":"Jennifer","date":"19 janvier 2021","format":false,"excerpt":"Alex Devereaux est le premier tome de la saga Olympus de Suzanne Wright. Sortie chez les \u00e9ditions Milady, cette nouvelle s\u00e9rie va devenir le prochain coup de c\u0153ur des fans de bit-lit. Des m\u00e9tamorphes que l\u2019on n\u2019a pas l\u2019habitude de voir, de l\u2019action, du suspense et de l\u2019\u00e9rotisme\u2026 A d\u00e9couvrir\u2026","rel":"","context":"Dans &quot;Fantastique&quot;","block_context":{"text":"Fantastique","link":"https:\/\/smallthings.fr\/lespetitslivres\/category\/imaginaire\/fantastique\/"},"img":{"alt_text":"","src":"https:\/\/i0.wp.com\/smallthings.fr\/lespetitslivres\/wp-content\/uploads\/2021\/01\/olympus-alex-devereaux-Suzanne-Wright.jpg?resize=350%2C200&ssl=1","width":350,"height":200,"srcset":"https:\/\/i0.wp.com\/smallthings.fr\/lespetitslivres\/wp-content\/uploads\/2021\/01\/olympus-alex-devereaux-Suzanne-Wright.jpg?resize=350%2C200&ssl=1 1x, https:\/\/i0.wp.com\/smallthings.fr\/lespetitslivres\/wp-content\/uploads\/2021\/01\/olympus-alex-devereaux-Suzanne-Wright.jpg?resize=525%2C300&ssl=1 1.5x"},"classes":[]},{"id":19384,"url":"https:\/\/smallthings.fr\/lespetitslivres\/2014\/12\/17\/loups-de-riverdance-saga-bit-lit\/","url_meta":{"origin":29320,"position":2},"title":"Les Loups de Riverdance, une nouvelle saga bit-lit","author":"Jennifer","date":"17 d\u00e9cembre 2014","format":false,"excerpt":"Les Loups de Riverdance est une saga bit-lit \u00e9crite par H. V. Gavriel, qui a fait son entr\u00e9e chez Milady le 21 novembre. Le premier tome, Lucas, met en avant un jeune homme dont la vie a \u00e9t\u00e9 tr\u00e8s difficile et qui finit par se lier d\u2019amiti\u00e9 avec un clan\u2026","rel":"","context":"Dans &quot;Fantastique&quot;","block_context":{"text":"Fantastique","link":"https:\/\/smallthings.fr\/lespetitslivres\/category\/imaginaire\/fantastique\/"},"img":{"alt_text":"","src":"https:\/\/i0.wp.com\/smallthings.fr\/wp-content\/uploads\/2014\/12\/Les-loups-de-riverdance-H.V.Gavriel.jpg?resize=350%2C200","width":350,"height":200},"classes":[]},{"id":25461,"url":"https:\/\/smallthings.fr\/lespetitslivres\/2015\/07\/15\/leo-loups-riverdance-bit-lit-critique\/","url_meta":{"origin":29320,"position":3},"title":"L\u00e9o : T2 des Loups de Riverdance &#8211; la suite de la saga bit-lit","author":"Jennifer","date":"15 juillet 2015","format":false,"excerpt":"L\u00e9o, le tome 2 des Loups de Riverdance, saga de H.V. Gavriel, est sorti vendredi dernier aux \u00e9ditions Milady. Dans ce roman, nous allons retrouver le fils de Marcus, L\u00e9o, qui a presque atteint la trentaine. Devenu un brillant avocat, le jeune homme est \u00e9cartel\u00e9 entre ses devoirs envers la\u2026","rel":"","context":"Dans &quot;Fantastique&quot;","block_context":{"text":"Fantastique","link":"https:\/\/smallthings.fr\/lespetitslivres\/category\/imaginaire\/fantastique\/"},"img":{"alt_text":"","src":"","width":0,"height":0},"classes":[]},{"id":18672,"url":"https:\/\/smallthings.fr\/lespetitslivres\/2014\/11\/20\/fannie-et-freddie-deux-recits-de-marcus-malte\/","url_meta":{"origin":29320,"position":4},"title":"Fannie et Freddie &#8211; deux r\u00e9cits de Marcus Malte","author":"Cecile","date":"20 novembre 2014","format":false,"excerpt":"Ce sont deux petits r\u00e9cits publi\u00e9s sous le nom de Fannie et Freddie que Marcus Malte publie aux \u00e9ditions Zulma pour la rentr\u00e9e litt\u00e9raire. Bien que l\u2019accent soit mis sur Fannie et Freddie qui donne son nom au livre, j\u2019ai finalement pr\u00e9f\u00e9r\u00e9 Ceux qui construisent les bateaux ne les prennent\u2026","rel":"","context":"Dans &quot;Roman \u00e9tranger&quot;","block_context":{"text":"Roman \u00e9tranger","link":"https:\/\/smallthings.fr\/lespetitslivres\/category\/roman\/roman-etranger\/"},"img":{"alt_text":"","src":"https:\/\/i0.wp.com\/smallthings.fr\/wp-content\/uploads\/2014\/11\/fannie-et-freddie.jpg?resize=350%2C200","width":350,"height":200},"classes":[]},{"id":31936,"url":"https:\/\/smallthings.fr\/lespetitslivres\/2019\/08\/06\/dernier-loup-sauvages-maria-vale\/","url_meta":{"origin":29320,"position":5},"title":"Le dernier loup, premier tome de la saga bit-lit de Maria Vale","author":"Jennifer","date":"6 ao\u00fbt 2019","format":false,"excerpt":"Le dernier loup est le premier tome de la saga Sauvages de Maria Vale. Ce roman bit-lit est sorti le 20 mars dernier chez Milady. Un premier tome qui nous fait rencontrer tous les personnages et qui nous fait entrer dans un univers aussi sombre qu\u2019int\u00e9ressant. Sauvages est une saga\u2026","rel":"","context":"Dans &quot;Fantastique&quot;","block_context":{"text":"Fantastique","link":"https:\/\/smallthings.fr\/lespetitslivres\/category\/imaginaire\/fantastique\/"},"img":{"alt_text":"","src":"https:\/\/i0.wp.com\/smallthings.fr\/lespetitslivres\/wp-content\/uploads\/2019\/08\/Le-dernier-loup-sauvage-Maria-Vale-2.jpg?resize=350%2C200&ssl=1","width":350,"height":200,"srcset":"https:\/\/i0.wp.com\/smallthings.fr\/lespetitslivres\/wp-content\/uploads\/2019\/08\/Le-dernier-loup-sauvage-Maria-Vale-2.jpg?resize=350%2C200&ssl=1 1x, https:\/\/i0.wp.com\/smallthings.fr\/lespetitslivres\/wp-content\/uploads\/2019\/08\/Le-dernier-loup-sauvage-Maria-Vale-2.jpg?resize=525%2C300&ssl=1 1.5x, https:\/\/i0.wp.com\/smallthings.fr\/lespetitslivres\/wp-content\/uploads\/2019\/08\/Le-dernier-loup-sauvage-Maria-Vale-2.jpg?resize=700%2C400&ssl=1 2x, https:\/\/i0.wp.com\/smallthings.fr\/lespetitslivres\/wp-content\/uploads\/2019\/08\/Le-dernier-loup-sauvage-Maria-Vale-2.jpg?resize=1050%2C600&ssl=1 3x, https:\/\/i0.wp.com\/smallthings.fr\/lespetitslivres\/wp-content\/uploads\/2019\/08\/Le-dernier-loup-sauvage-Maria-Vale-2.jpg?resize=1400%2C800&ssl=1 4x"},"classes":[]}],"_links":{"self":[{"href":"https:\/\/smallthings.fr\/lespetitslivres\/wp-json\/wp\/v2\/posts\/29320"}],"collection":[{"href":"https:\/\/smallthings.fr\/lespetitslivres\/wp-json\/wp\/v2\/posts"}],"about":[{"href":"https:\/\/smallthings.fr\/lespetitslivres\/wp-json\/wp\/v2\/types\/post"}],"author":[{"embeddable":true,"href":"https:\/\/smallthings.fr\/lespetitslivres\/wp-json\/wp\/v2\/users\/14"}],"replies":[{"embeddable":true,"href":"https:\/\/smallthings.fr\/lespetitslivres\/wp-json\/wp\/v2\/comments?post=29320"}],"version-history":[{"count":3,"href":"https:\/\/smallthings.fr\/lespetitslivres\/wp-json\/wp\/v2\/posts\/29320\/revisions"}],"predecessor-version":[{"id":29325,"href":"https:\/\/smallthings.fr\/lespetitslivres\/wp-json\/wp\/v2\/posts\/29320\/revisions\/29325"}],"wp:featuredmedia":[{"embeddable":true,"href":"https:\/\/smallthings.fr\/lespetitslivres\/wp-json\/wp\/v2\/media\/29321"}],"wp:attachment":[{"href":"https:\/\/smallthings.fr\/lespetitslivres\/wp-json\/wp\/v2\/media?parent=29320"}],"wp:term":[{"taxonomy":"category","embeddable":true,"href":"https:\/\/smallthings.fr\/lespetitslivres\/wp-json\/wp\/v2\/categories?post=29320"},{"taxonomy":"post_tag","embeddable":true,"href":"https:\/\/smallthings.fr\/lespetitslivres\/wp-json\/wp\/v2\/tags?post=29320"}],"curies":[{"name":"wp","href":"https:\/\/api.w.org\/{rel}","templated":true}]}}