{"id":29309,"date":"2016-01-03T14:54:43","date_gmt":"2016-01-03T13:54:43","guid":{"rendered":"http:\/\/smallthings.fr\/lespetitslivres\/?p=29309"},"modified":"2016-01-02T17:55:06","modified_gmt":"2016-01-02T16:55:06","slug":"par-la-grace-des-sans-nom-critique","status":"publish","type":"post","link":"https:\/\/smallthings.fr\/lespetitslivres\/2016\/01\/03\/par-la-grace-des-sans-nom-critique\/","title":{"rendered":"Par la Gr\u00e2ce des Sans Nom, le roman steampunk d\u2019Esther Brassac"},"content":{"rendered":"<h2><em>Par la Gr\u00e2ce des Sans Nom <\/em>est un roman steampunk \u00e9crit par Esther Brassac et publi\u00e9 par les \u00e9ditions du <a href=\"http:\/\/editionsduchatnoir.com\/shop\/fr\/62-par-la-grace-des-sans-nom.html\" target=\"_blank\">Chat Noir<\/a> en novembre dernier. Une histoire originale, puisqu\u2019elle se d\u00e9roule en 1890, sous un d\u00f4me, o\u00f9 un spectre va devoir r\u00e9soudre une affaire de meurtres\u2026<\/h2>\n<p><strong><em><a href=\"http:\/\/smallthings.fr\/lespetitslivres\/wp-content\/uploads\/2016\/01\/Par-la-gr\u00e2ce-des-sans-noms.jpg\"><img loading=\"lazy\" decoding=\"async\" data-attachment-id=\"29311\" data-permalink=\"https:\/\/smallthings.fr\/lespetitslivres\/2016\/01\/03\/par-la-grace-des-sans-nom-critique\/par-la-grace-des-sans-noms\/\" data-orig-file=\"https:\/\/smallthings.fr\/lespetitslivres\/wp-content\/uploads\/2016\/01\/Par-la-gr\u00e2ce-des-sans-noms.jpg\" data-orig-size=\"665,960\" data-comments-opened=\"1\" data-image-meta=\"{&quot;aperture&quot;:&quot;0&quot;,&quot;credit&quot;:&quot;&quot;,&quot;camera&quot;:&quot;&quot;,&quot;caption&quot;:&quot;&quot;,&quot;created_timestamp&quot;:&quot;0&quot;,&quot;copyright&quot;:&quot;&quot;,&quot;focal_length&quot;:&quot;0&quot;,&quot;iso&quot;:&quot;0&quot;,&quot;shutter_speed&quot;:&quot;0&quot;,&quot;title&quot;:&quot;&quot;,&quot;orientation&quot;:&quot;0&quot;}\" data-image-title=\"Par la gr\u00e2ce des sans noms\" data-image-description=\"\" data-image-caption=\"\" data-medium-file=\"https:\/\/smallthings.fr\/lespetitslivres\/wp-content\/uploads\/2016\/01\/Par-la-gr\u00e2ce-des-sans-noms-208x300.jpg\" data-large-file=\"https:\/\/smallthings.fr\/lespetitslivres\/wp-content\/uploads\/2016\/01\/Par-la-gr\u00e2ce-des-sans-noms.jpg\" class=\"alignleft wp-image-29311\" src=\"http:\/\/smallthings.fr\/lespetitslivres\/wp-content\/uploads\/2016\/01\/Par-la-gr\u00e2ce-des-sans-noms.jpg\" alt=\"Par la gr\u00e2ce des sans noms\" width=\"410\" height=\"592\" srcset=\"https:\/\/smallthings.fr\/lespetitslivres\/wp-content\/uploads\/2016\/01\/Par-la-gr\u00e2ce-des-sans-noms.jpg 665w, https:\/\/smallthings.fr\/lespetitslivres\/wp-content\/uploads\/2016\/01\/Par-la-gr\u00e2ce-des-sans-noms-208x300.jpg 208w\" sizes=\"(max-width: 410px) 100vw, 410px\" \/><\/a>Par la Gr\u00e2ce des Sans Nom <\/em><\/strong>se passe en 1890, vingt ans apr\u00e8s la fin de la guerre franco-prussienne. Napol\u00e9on III a utilis\u00e9 un canon hypersynthophonique pour assurer sa victoire, ce qui a eu des r\u00e9percutions d\u00e9sastreuses\u00a0: des millions de morts, ainsi que la destruction de la faune et de la flore. Des scientifiques aid\u00e9s par des enchanteurs ont r\u00e9ussi \u00e0 cr\u00e9er un d\u00f4me de trois mille six cents kilom\u00e8tres, afin qu\u2019une partie des rescap\u00e9s puissent y vivre. <strong>C\u2019est dans ce d\u00f4me o\u00f9 se c\u00f4toie vampires, spectres, d\u00e9mons et sorci\u00e8res que l\u2019histoire prend forme\u2026<\/strong><\/p>\n<p>Dans le Royaume garonnais, l\u00e0 o\u00f9 le d\u00f4me a \u00e9t\u00e9 cr\u00e9\u00e9, une entit\u00e9 appel\u00e9e Celle Qui Montre Ses Emotions, garantie la survie mentale des rescap\u00e9s. En effet, celle-ci permet au peuple de ne pas se sentir \u00e9touff\u00e9 de vivre clo\u00eetr\u00e9 dans un d\u00f4me. Elle assure \u00e9galement un taux de criminalit\u00e9 des plus bas. Alors, lorsqu\u2019une s\u00e9rie de meurtres abjects est perp\u00e9tr\u00e9e dans la cit\u00e9 tolossayne, le d\u00e9tective Oksibure, spectre coinc\u00e9 entre le monde des vivants et celui des morts, est appel\u00e9 pour r\u00e9soudre l\u2019affaire.<\/p>\n<p>Non loin de l\u00e0, Aldebrand, un humain, loue une maison pour travailler sur une \u0153uvre litt\u00e9raire avec ses amis\u00a0: la sublime et myst\u00e9rieuse Katherine, une vampire, ainsi que le lubrique Cropityore, un incube. Ces trois-l\u00e0 sont r\u00e9unis par leur passion commune mais tr\u00e8s vite des ph\u00e9nom\u00e8nes \u00e9tranges vont se d\u00e9rouler dans la demeure. Et si tout \u00e9tait li\u00e9\u00a0?<\/p>\n<p><strong><em>Par la Gr\u00e2ce des Sans Nom <\/em><\/strong>n\u2019est pas qu\u2019une simple affaire de meurtres en s\u00e9rie. Esther Brassac ajoute plusieurs solides intrigues \u00e0 son histoire, et le lecteur ne pourra recoller tous les fils qu\u2019\u00e0 la fin. Une histoire franchement originale avec des personnages tr\u00e8s bien cr\u00e9\u00e9s. <strong>Le d\u00e9nouement est absolument g\u00e9nial<\/strong>, on comprend enfin o\u00f9 l\u2019auteure voulait en venir avec tous ces d\u00e9tails qu\u2019elles nous donnent au fur et \u00e0 mesure du r\u00e9cit. Un roman qui a d\u00fb \u00eatre difficile \u00e0 \u00e9crire et <strong>on sent le travail de recherche d\u2019Esther Brassac<\/strong>. C\u2019est une histoire un peu complexe o\u00f9 il ne faut pas perdre une seule ligne sous peine d\u2019\u00eatre un peu perdu\u2026 mais cela vaut le coup\u00a0!<\/p>\n<p>Malgr\u00e9 une histoire tr\u00e8s int\u00e9ressante et surtout tr\u00e8s bien construite, j\u2019ai eu du mal \u00e0 m\u2019immerger totalement dans le monde que l\u2019auteure a cr\u00e9\u00e9. En effet, <strong>le choix de la narration, bien que logique \u00e9tant donn\u00e9 le genre du livre, a \u00e9t\u00e9 comme une sorte de bouclier entre l\u2019histoire et moi<\/strong>. Je n\u2019ai pu, \u00e0 aucun moment, me sentir en compagnie des personnages. J\u2019ai m\u00eame eu beaucoup de mal \u00e0 m\u2019int\u00e9resser au livre au d\u00e9part. N\u00e9anmoins, comme je le disais, il s\u2019agit d\u2019une narration qui correspond au style du roman et je suis certaine que d\u2019autres arriveront \u00e0 y plonger plus facilement que moi.<\/p>\n<p>Bien que j\u2019aie \u00e9t\u00e9 ralentie par le style d\u2019\u00e9criture, <strong><em>Par la Gr\u00e2ce des Sans Nom<\/em><\/strong> est un roman que j\u2019ai appr\u00e9ci\u00e9. L\u2019histoire vaut franchement le d\u00e9tour et on ne peut que souligner l\u2019incroyable ma\u00eetrise d\u2019Esther Brassac pour ce genre litt\u00e9raire qu\u2019est le steampunk\u00a0! <strong>Une histoire recherch\u00e9e, des personnages int\u00e9ressants, une intrigue captivante,<\/strong> mais un style d\u2019\u00e9criture qui peut g\u00eaner au d\u00e9part\u00a0: voil\u00e0 ce \u00e0 quoi vous devez vous attendre en lisant <strong><em>Par La Gr\u00e2ce des Sans Nom<\/em><\/strong>.<\/p>\n<blockquote><p>\u00ab\u00a0Il peinait \u00e0 croire que le personnage fluet qui le d\u00e9visageait de ses grands yeux anthracite puisse remplir la t\u00e2che confi\u00e9e par le limier. N\u00e9anmoins, il l\u2019invita avec amabilit\u00e9 \u00e0 entrer dans le hall.<br \/>\nL\u2019ex-chasseur tiqua en entendant la d\u00e9nomination dommageable \u00e0 son ego surdimensionn\u00e9.<\/p>\n<p>&#8211; Point son subalterne, je ne suis\u00a0! Plut\u00f4t un sp\u00e9cialiste, \u00f4 combien sp\u00e9cialis\u00e9, aupr\u00e8s duquel conseil il cherche lorsque l\u2019impose la n\u00e9cessit\u00e9.\u00a0\u00bb<\/p><\/blockquote>\n","protected":false},"excerpt":{"rendered":"<p>Par la Gr\u00e2ce des Sans Nom est un roman steampunk \u00e9crit par Esther Brassac et publi\u00e9 par les \u00e9ditions du Chat Noir en novembre dernier. Une histoire originale, puisqu\u2019elle se d\u00e9roule en 1890, sous un d\u00f4me, o\u00f9 un spectre va devoir r\u00e9soudre une affaire de meurtres\u2026 Par la Gr\u00e2ce des Sans Nom se passe en<\/p>\n","protected":false},"author":14,"featured_media":29310,"comment_status":"open","ping_status":"open","sticky":false,"template":"","format":"standard","meta":{"jetpack_post_was_ever_published":false,"_jetpack_newsletter_access":"","_jetpack_newsletter_tier_id":0,"footnotes":"","jetpack_publicize_message":"","jetpack_is_tweetstorm":false,"jetpack_publicize_feature_enabled":true,"jetpack_social_post_already_shared":true,"jetpack_social_options":{"image_generator_settings":{"template":"highway","enabled":false}}},"categories":[1151],"tags":[1213,1215,1214],"jetpack_publicize_connections":[],"yoast_head":"<!-- This site is optimized with the Yoast SEO plugin v21.5 - https:\/\/yoast.com\/wordpress\/plugins\/seo\/ -->\n<title>Par la Gr\u00e2ce des Sans Nom, le roman steampunk d\u2019Esther Brassac<\/title>\n<meta name=\"description\" content=\"Par la Gr\u00e2ce des Sans Nom est un roman steampunk \u00e9crit par Esther Brassac et publi\u00e9 par les \u00e9ditions du Chat Noir en novembre dernier. Une histoire originale\" \/>\n<meta name=\"robots\" content=\"index, follow, max-snippet:-1, max-image-preview:large, max-video-preview:-1\" \/>\n<link rel=\"canonical\" href=\"https:\/\/smallthings.fr\/lespetitslivres\/2016\/01\/03\/par-la-grace-des-sans-nom-critique\/\" \/>\n<meta property=\"og:locale\" content=\"fr_FR\" \/>\n<meta property=\"og:type\" content=\"article\" \/>\n<meta property=\"og:title\" content=\"Par la Gr\u00e2ce des Sans Nom, le roman steampunk d\u2019Esther Brassac\" \/>\n<meta property=\"og:description\" content=\"Par la Gr\u00e2ce des Sans Nom est un roman steampunk \u00e9crit par Esther Brassac et publi\u00e9 par les \u00e9ditions du Chat Noir en novembre dernier. Une histoire originale\" \/>\n<meta property=\"og:url\" content=\"https:\/\/smallthings.fr\/lespetitslivres\/2016\/01\/03\/par-la-grace-des-sans-nom-critique\/\" \/>\n<meta property=\"og:site_name\" content=\"Les Petits Livres\" \/>\n<meta property=\"article:published_time\" content=\"2016-01-03T13:54:43+00:00\" \/>\n<meta property=\"article:modified_time\" content=\"2016-01-02T16:55:06+00:00\" \/>\n<meta property=\"og:image\" content=\"https:\/\/i0.wp.com\/smallthings.fr\/lespetitslivres\/wp-content\/uploads\/2016\/01\/Par-la-gr\u00e2ce-des-sans-noms-couv.jpg?fit=665%2C653&ssl=1\" \/>\n\t<meta property=\"og:image:width\" content=\"665\" \/>\n\t<meta property=\"og:image:height\" content=\"653\" \/>\n\t<meta property=\"og:image:type\" content=\"image\/jpeg\" \/>\n<meta name=\"author\" content=\"Jennifer\" \/>\n<meta name=\"twitter:card\" content=\"summary_large_image\" \/>\n<meta name=\"twitter:label1\" content=\"\u00c9crit par\" \/>\n\t<meta name=\"twitter:data1\" content=\"Jennifer\" \/>\n\t<meta name=\"twitter:label2\" content=\"Dur\u00e9e de lecture estim\u00e9e\" \/>\n\t<meta name=\"twitter:data2\" content=\"4 minutes\" \/>\n<script type=\"application\/ld+json\" class=\"yoast-schema-graph\">{\"@context\":\"https:\/\/schema.org\",\"@graph\":[{\"@type\":\"WebPage\",\"@id\":\"https:\/\/smallthings.fr\/lespetitslivres\/2016\/01\/03\/par-la-grace-des-sans-nom-critique\/\",\"url\":\"https:\/\/smallthings.fr\/lespetitslivres\/2016\/01\/03\/par-la-grace-des-sans-nom-critique\/\",\"name\":\"Par la Gr\u00e2ce des Sans Nom, le roman steampunk d\u2019Esther Brassac\",\"isPartOf\":{\"@id\":\"https:\/\/smallthings.fr\/lespetitslivres\/#website\"},\"datePublished\":\"2016-01-03T13:54:43+00:00\",\"dateModified\":\"2016-01-02T16:55:06+00:00\",\"author\":{\"@id\":\"https:\/\/smallthings.fr\/lespetitslivres\/#\/schema\/person\/bb8808220f912e72f01f7a55924d9ad1\"},\"description\":\"Par la Gr\u00e2ce des Sans Nom est un roman steampunk \u00e9crit par Esther Brassac et publi\u00e9 par les \u00e9ditions du Chat Noir en novembre dernier. Une histoire originale\",\"breadcrumb\":{\"@id\":\"https:\/\/smallthings.fr\/lespetitslivres\/2016\/01\/03\/par-la-grace-des-sans-nom-critique\/#breadcrumb\"},\"inLanguage\":\"fr-FR\",\"potentialAction\":[{\"@type\":\"ReadAction\",\"target\":[\"https:\/\/smallthings.fr\/lespetitslivres\/2016\/01\/03\/par-la-grace-des-sans-nom-critique\/\"]}]},{\"@type\":\"BreadcrumbList\",\"@id\":\"https:\/\/smallthings.fr\/lespetitslivres\/2016\/01\/03\/par-la-grace-des-sans-nom-critique\/#breadcrumb\",\"itemListElement\":[{\"@type\":\"ListItem\",\"position\":1,\"name\":\"Accueil\",\"item\":\"https:\/\/smallthings.fr\/lespetitslivres\/\"},{\"@type\":\"ListItem\",\"position\":2,\"name\":\"Par la Gr\u00e2ce des Sans Nom, le roman steampunk d\u2019Esther Brassac\"}]},{\"@type\":\"WebSite\",\"@id\":\"https:\/\/smallthings.fr\/lespetitslivres\/#website\",\"url\":\"https:\/\/smallthings.fr\/lespetitslivres\/\",\"name\":\"Les Petits Livres\",\"description\":\"by Small Things\",\"potentialAction\":[{\"@type\":\"SearchAction\",\"target\":{\"@type\":\"EntryPoint\",\"urlTemplate\":\"https:\/\/smallthings.fr\/lespetitslivres\/?s={search_term_string}\"},\"query-input\":\"required name=search_term_string\"}],\"inLanguage\":\"fr-FR\"},{\"@type\":\"Person\",\"@id\":\"https:\/\/smallthings.fr\/lespetitslivres\/#\/schema\/person\/bb8808220f912e72f01f7a55924d9ad1\",\"name\":\"Jennifer\",\"image\":{\"@type\":\"ImageObject\",\"inLanguage\":\"fr-FR\",\"@id\":\"https:\/\/smallthings.fr\/lespetitslivres\/#\/schema\/person\/image\/\",\"url\":\"https:\/\/secure.gravatar.com\/avatar\/ffcd6b107b6b18c3d5201f1bcc631683?s=96&d=retro&r=g\",\"contentUrl\":\"https:\/\/secure.gravatar.com\/avatar\/ffcd6b107b6b18c3d5201f1bcc631683?s=96&d=retro&r=g\",\"caption\":\"Jennifer\"},\"url\":\"https:\/\/smallthings.fr\/lespetitslivres\/author\/jennifer\/\"}]}<\/script>\n<!-- \/ Yoast SEO plugin. -->","yoast_head_json":{"title":"Par la Gr\u00e2ce des Sans Nom, le roman steampunk d\u2019Esther Brassac","description":"Par la Gr\u00e2ce des Sans Nom est un roman steampunk \u00e9crit par Esther Brassac et publi\u00e9 par les \u00e9ditions du Chat Noir en novembre dernier. Une histoire originale","robots":{"index":"index","follow":"follow","max-snippet":"max-snippet:-1","max-image-preview":"max-image-preview:large","max-video-preview":"max-video-preview:-1"},"canonical":"https:\/\/smallthings.fr\/lespetitslivres\/2016\/01\/03\/par-la-grace-des-sans-nom-critique\/","og_locale":"fr_FR","og_type":"article","og_title":"Par la Gr\u00e2ce des Sans Nom, le roman steampunk d\u2019Esther Brassac","og_description":"Par la Gr\u00e2ce des Sans Nom est un roman steampunk \u00e9crit par Esther Brassac et publi\u00e9 par les \u00e9ditions du Chat Noir en novembre dernier. Une histoire originale","og_url":"https:\/\/smallthings.fr\/lespetitslivres\/2016\/01\/03\/par-la-grace-des-sans-nom-critique\/","og_site_name":"Les Petits Livres","article_published_time":"2016-01-03T13:54:43+00:00","article_modified_time":"2016-01-02T16:55:06+00:00","og_image":[{"width":665,"height":653,"url":"https:\/\/i0.wp.com\/smallthings.fr\/lespetitslivres\/wp-content\/uploads\/2016\/01\/Par-la-gr\u00e2ce-des-sans-noms-couv.jpg?fit=665%2C653&ssl=1","type":"image\/jpeg"}],"author":"Jennifer","twitter_card":"summary_large_image","twitter_misc":{"\u00c9crit par":"Jennifer","Dur\u00e9e de lecture estim\u00e9e":"4 minutes"},"schema":{"@context":"https:\/\/schema.org","@graph":[{"@type":"WebPage","@id":"https:\/\/smallthings.fr\/lespetitslivres\/2016\/01\/03\/par-la-grace-des-sans-nom-critique\/","url":"https:\/\/smallthings.fr\/lespetitslivres\/2016\/01\/03\/par-la-grace-des-sans-nom-critique\/","name":"Par la Gr\u00e2ce des Sans Nom, le roman steampunk d\u2019Esther Brassac","isPartOf":{"@id":"https:\/\/smallthings.fr\/lespetitslivres\/#website"},"datePublished":"2016-01-03T13:54:43+00:00","dateModified":"2016-01-02T16:55:06+00:00","author":{"@id":"https:\/\/smallthings.fr\/lespetitslivres\/#\/schema\/person\/bb8808220f912e72f01f7a55924d9ad1"},"description":"Par la Gr\u00e2ce des Sans Nom est un roman steampunk \u00e9crit par Esther Brassac et publi\u00e9 par les \u00e9ditions du Chat Noir en novembre dernier. Une histoire originale","breadcrumb":{"@id":"https:\/\/smallthings.fr\/lespetitslivres\/2016\/01\/03\/par-la-grace-des-sans-nom-critique\/#breadcrumb"},"inLanguage":"fr-FR","potentialAction":[{"@type":"ReadAction","target":["https:\/\/smallthings.fr\/lespetitslivres\/2016\/01\/03\/par-la-grace-des-sans-nom-critique\/"]}]},{"@type":"BreadcrumbList","@id":"https:\/\/smallthings.fr\/lespetitslivres\/2016\/01\/03\/par-la-grace-des-sans-nom-critique\/#breadcrumb","itemListElement":[{"@type":"ListItem","position":1,"name":"Accueil","item":"https:\/\/smallthings.fr\/lespetitslivres\/"},{"@type":"ListItem","position":2,"name":"Par la Gr\u00e2ce des Sans Nom, le roman steampunk d\u2019Esther Brassac"}]},{"@type":"WebSite","@id":"https:\/\/smallthings.fr\/lespetitslivres\/#website","url":"https:\/\/smallthings.fr\/lespetitslivres\/","name":"Les Petits Livres","description":"by Small Things","potentialAction":[{"@type":"SearchAction","target":{"@type":"EntryPoint","urlTemplate":"https:\/\/smallthings.fr\/lespetitslivres\/?s={search_term_string}"},"query-input":"required name=search_term_string"}],"inLanguage":"fr-FR"},{"@type":"Person","@id":"https:\/\/smallthings.fr\/lespetitslivres\/#\/schema\/person\/bb8808220f912e72f01f7a55924d9ad1","name":"Jennifer","image":{"@type":"ImageObject","inLanguage":"fr-FR","@id":"https:\/\/smallthings.fr\/lespetitslivres\/#\/schema\/person\/image\/","url":"https:\/\/secure.gravatar.com\/avatar\/ffcd6b107b6b18c3d5201f1bcc631683?s=96&d=retro&r=g","contentUrl":"https:\/\/secure.gravatar.com\/avatar\/ffcd6b107b6b18c3d5201f1bcc631683?s=96&d=retro&r=g","caption":"Jennifer"},"url":"https:\/\/smallthings.fr\/lespetitslivres\/author\/jennifer\/"}]}},"jetpack_featured_media_url":"https:\/\/smallthings.fr\/lespetitslivres\/wp-content\/uploads\/2016\/01\/Par-la-gr\u00e2ce-des-sans-noms-couv.jpg","jetpack_sharing_enabled":true,"jetpack_shortlink":"https:\/\/wp.me\/p6Un21-7CJ","jetpack-related-posts":[{"id":32080,"url":"https:\/\/smallthings.fr\/lespetitslivres\/2020\/03\/01\/les-carnets-lovecraft-la-cite-sans-nom\/","url_meta":{"origin":29309,"position":0},"title":"Les Carnets Lovecraft : La cit\u00e9 sans nom","author":"Jennifer","date":"1 mars 2020","format":false,"excerpt":"Les \u00e9ditions Bragelonne sortent depuis plusieurs mois Les carnets Lovecraft. Des nouvelles, illustr\u00e9es par Armel Gaulme, dans un livre en hardcover. La cit\u00e9 sans nom, sortie initialement en 1921, a fait son apparition chez l\u2019\u00e9diteur le 30 octobre 2019 en version illustr\u00e9e. Qui ne conna\u00eet pas Howard Phillips Lovecraft\u00a0? Mais\u2026","rel":"","context":"Dans &quot;Fantastique&quot;","block_context":{"text":"Fantastique","link":"https:\/\/smallthings.fr\/lespetitslivres\/category\/imaginaire\/fantastique\/"},"img":{"alt_text":"","src":"https:\/\/i0.wp.com\/smallthings.fr\/lespetitslivres\/wp-content\/uploads\/2020\/02\/la-cit\u00e9-sans-nom-2018-2.jpg?resize=350%2C200&ssl=1","width":350,"height":200,"srcset":"https:\/\/i0.wp.com\/smallthings.fr\/lespetitslivres\/wp-content\/uploads\/2020\/02\/la-cit\u00e9-sans-nom-2018-2.jpg?resize=350%2C200&ssl=1 1x, https:\/\/i0.wp.com\/smallthings.fr\/lespetitslivres\/wp-content\/uploads\/2020\/02\/la-cit\u00e9-sans-nom-2018-2.jpg?resize=525%2C300&ssl=1 1.5x, https:\/\/i0.wp.com\/smallthings.fr\/lespetitslivres\/wp-content\/uploads\/2020\/02\/la-cit\u00e9-sans-nom-2018-2.jpg?resize=700%2C400&ssl=1 2x, https:\/\/i0.wp.com\/smallthings.fr\/lespetitslivres\/wp-content\/uploads\/2020\/02\/la-cit\u00e9-sans-nom-2018-2.jpg?resize=1050%2C600&ssl=1 3x, https:\/\/i0.wp.com\/smallthings.fr\/lespetitslivres\/wp-content\/uploads\/2020\/02\/la-cit\u00e9-sans-nom-2018-2.jpg?resize=1400%2C800&ssl=1 4x"},"classes":[]},{"id":32107,"url":"https:\/\/smallthings.fr\/lespetitslivres\/2020\/05\/01\/new-victoria-steampunk-lia-habel\/","url_meta":{"origin":29309,"position":1},"title":"New Victoria, le roman steampunk de Lia Habel","author":"Jennifer","date":"1 mai 2020","format":false,"excerpt":"New Victoria est une duologie steampunk \u00e9crit par Lia Habel. Le premier tome est sorti chez les \u00e9ditions Bragelonne en f\u00e9vrier dans une version absolument sublime\u00a0! Un roman o\u00f9 vous rencontrerez des zombies en pleine \u00e9poque victorienne\u00a0! Lia Habel est une auteure d\u2019une vingtaine d\u2019ann\u00e9es passionn\u00e9e par les monstres. Son\u2026","rel":"","context":"Dans &quot;Fantastique&quot;","block_context":{"text":"Fantastique","link":"https:\/\/smallthings.fr\/lespetitslivres\/category\/imaginaire\/fantastique\/"},"img":{"alt_text":"","src":"https:\/\/i0.wp.com\/smallthings.fr\/lespetitslivres\/wp-content\/uploads\/2020\/04\/New-Victoria-Lia-Habel-2.jpg?resize=350%2C200&ssl=1","width":350,"height":200,"srcset":"https:\/\/i0.wp.com\/smallthings.fr\/lespetitslivres\/wp-content\/uploads\/2020\/04\/New-Victoria-Lia-Habel-2.jpg?resize=350%2C200&ssl=1 1x, https:\/\/i0.wp.com\/smallthings.fr\/lespetitslivres\/wp-content\/uploads\/2020\/04\/New-Victoria-Lia-Habel-2.jpg?resize=525%2C300&ssl=1 1.5x, https:\/\/i0.wp.com\/smallthings.fr\/lespetitslivres\/wp-content\/uploads\/2020\/04\/New-Victoria-Lia-Habel-2.jpg?resize=700%2C400&ssl=1 2x, https:\/\/i0.wp.com\/smallthings.fr\/lespetitslivres\/wp-content\/uploads\/2020\/04\/New-Victoria-Lia-Habel-2.jpg?resize=1050%2C600&ssl=1 3x"},"classes":[]},{"id":24515,"url":"https:\/\/smallthings.fr\/lespetitslivres\/2015\/06\/15\/deux-mois-sans-elle-romance-murphy\/","url_meta":{"origin":29309,"position":2},"title":"Deux mois sans elle &#8211; une romance de Monica Murphy","author":"Jennifer","date":"15 juin 2015","format":false,"excerpt":"Deux mois sans elle est un roman de Monica Murphy sorti le 29 mai dernier aux \u00e9ditions Milady. Il raconte l\u2019histoire de Fable et Drew, deux jeunes adultes qui cherchent \u00e0 aller de l\u2019avant malgr\u00e9 les probl\u00e8mes qu\u2019ils ont pu rencontrer. Alors qu\u2019il l\u2019a quitt\u00e9e il y a plusieurs mois,\u2026","rel":"","context":"Dans &quot;Roman \u00e9tranger&quot;","block_context":{"text":"Roman \u00e9tranger","link":"https:\/\/smallthings.fr\/lespetitslivres\/category\/roman\/roman-etranger\/"},"img":{"alt_text":"","src":"https:\/\/i0.wp.com\/smallthings.fr\/wp-content\/uploads\/2015\/06\/deux-mois-sans-elle.jpg?resize=350%2C200","width":350,"height":200},"classes":[]},{"id":30237,"url":"https:\/\/smallthings.fr\/lespetitslivres\/2016\/08\/23\/peri-reed-drafter-confiance-critique\/","url_meta":{"origin":29309,"position":3},"title":"Peri Reed, T1 Drafter : ne faire confiance \u00e0 personne, pas m\u00eame \u00e0 soi-m\u00eame","author":"Jennifer","date":"23 ao\u00fbt 2016","format":false,"excerpt":"Drafter est le premier tome de la saga Peri Reed\u00a0de Kim Harrison,\u00a0sorti chez Bragelonne le 17 ao\u00fbt dernier. Un univers de science-fiction o\u00f9 des Drafters, des gens capables de modifier le pass\u00e9, sont utilis\u00e9s par des agences ultra secr\u00e8tes. Peri Reed est l\u2019une d\u2019entre eux et vient de d\u00e9couvrir qu\u2019elle\u2026","rel":"","context":"Dans &quot;Science-fiction&quot;","block_context":{"text":"Science-fiction","link":"https:\/\/smallthings.fr\/lespetitslivres\/category\/imaginaire\/science-fiction\/"},"img":{"alt_text":"","src":"https:\/\/i0.wp.com\/smallthings.fr\/lespetitslivres\/wp-content\/uploads\/2016\/08\/drafter-peri-reed-couv.jpg?resize=350%2C200&ssl=1","width":350,"height":200,"srcset":"https:\/\/i0.wp.com\/smallthings.fr\/lespetitslivres\/wp-content\/uploads\/2016\/08\/drafter-peri-reed-couv.jpg?resize=350%2C200&ssl=1 1x, https:\/\/i0.wp.com\/smallthings.fr\/lespetitslivres\/wp-content\/uploads\/2016\/08\/drafter-peri-reed-couv.jpg?resize=525%2C300&ssl=1 1.5x"},"classes":[]},{"id":19774,"url":"https:\/\/smallthings.fr\/lespetitslivres\/2015\/01\/08\/19774-lovestar-anticipation-andri-snaer-magnason\/","url_meta":{"origin":29309,"position":4},"title":"LoveStar, le r\u00e9cit d&rsquo;anticipation d\u2019Andri Sn\u00e6r Magnason","author":"Cecile","date":"8 janvier 2015","format":false,"excerpt":"LoveStar, d\u00e9j\u00e0 publi\u00e9 en Allemagne et aux Etats-Unis, premier roman d\u2019Andri Sn\u00e6r Magnason (Zulma), d\u00e9j\u00e0 po\u00e8te, essayiste et nouvelliste, est un coup de ma\u00eetre. Sa recette\u00a0: une trame romantique greff\u00e9e sur un r\u00e9cit d\u2019anticipation, un personnage de grand magnat myst\u00e9rieux, une pinc\u00e9e d\u2019enjeux sociaux, un soup\u00e7on de science-fiction et une\u2026","rel":"","context":"Dans &quot;Roman \u00e9tranger&quot;","block_context":{"text":"Roman \u00e9tranger","link":"https:\/\/smallthings.fr\/lespetitslivres\/category\/roman\/roman-etranger\/"},"img":{"alt_text":"","src":"https:\/\/i0.wp.com\/smallthings.fr\/wp-content\/uploads\/2015\/01\/lovestar-magnason.jpg?resize=350%2C200","width":350,"height":200},"classes":[]},{"id":18265,"url":"https:\/\/smallthings.fr\/lespetitslivres\/2014\/11\/05\/quartier-chinois-oh-jung-hi-nouvelles\/","url_meta":{"origin":29309,"position":5},"title":"Le quartier chinois, nouvelles d&rsquo;Oh Jung-hi","author":"Cecile","date":"5 novembre 2014","format":false,"excerpt":"Pour sa rentr\u00e9e litt\u00e9raire, Serge Safran traduit Le quartier chinois de la cor\u00e9enne Oh Jung-hi, dont l\u2019\u0153uvre compos\u00e9e de romans et de nouvelles se teintent de son exp\u00e9rience et de sa vision de diff\u00e9rentes \u00e9tapes d\u00e9cisives de l'Histoire de son pays. Dans Le quartier chinois, elle nous parle de ces\u2026","rel":"","context":"Dans &quot;Roman \u00e9tranger&quot;","block_context":{"text":"Roman \u00e9tranger","link":"https:\/\/smallthings.fr\/lespetitslivres\/category\/roman\/roman-etranger\/"},"img":{"alt_text":"","src":"https:\/\/i0.wp.com\/smallthings.fr\/wp-content\/uploads\/2014\/11\/quartier-chinois.jpg?resize=350%2C200","width":350,"height":200},"classes":[]}],"_links":{"self":[{"href":"https:\/\/smallthings.fr\/lespetitslivres\/wp-json\/wp\/v2\/posts\/29309"}],"collection":[{"href":"https:\/\/smallthings.fr\/lespetitslivres\/wp-json\/wp\/v2\/posts"}],"about":[{"href":"https:\/\/smallthings.fr\/lespetitslivres\/wp-json\/wp\/v2\/types\/post"}],"author":[{"embeddable":true,"href":"https:\/\/smallthings.fr\/lespetitslivres\/wp-json\/wp\/v2\/users\/14"}],"replies":[{"embeddable":true,"href":"https:\/\/smallthings.fr\/lespetitslivres\/wp-json\/wp\/v2\/comments?post=29309"}],"version-history":[{"count":3,"href":"https:\/\/smallthings.fr\/lespetitslivres\/wp-json\/wp\/v2\/posts\/29309\/revisions"}],"predecessor-version":[{"id":29314,"href":"https:\/\/smallthings.fr\/lespetitslivres\/wp-json\/wp\/v2\/posts\/29309\/revisions\/29314"}],"wp:featuredmedia":[{"embeddable":true,"href":"https:\/\/smallthings.fr\/lespetitslivres\/wp-json\/wp\/v2\/media\/29310"}],"wp:attachment":[{"href":"https:\/\/smallthings.fr\/lespetitslivres\/wp-json\/wp\/v2\/media?parent=29309"}],"wp:term":[{"taxonomy":"category","embeddable":true,"href":"https:\/\/smallthings.fr\/lespetitslivres\/wp-json\/wp\/v2\/categories?post=29309"},{"taxonomy":"post_tag","embeddable":true,"href":"https:\/\/smallthings.fr\/lespetitslivres\/wp-json\/wp\/v2\/tags?post=29309"}],"curies":[{"name":"wp","href":"https:\/\/api.w.org\/{rel}","templated":true}]}}