{"id":29301,"date":"2016-01-02T17:39:22","date_gmt":"2016-01-02T16:39:22","guid":{"rendered":"http:\/\/smallthings.fr\/lespetitslivres\/?p=29301"},"modified":"2016-01-02T17:39:22","modified_gmt":"2016-01-02T16:39:22","slug":"pierre-des-larmes-t2-epee-verite","status":"publish","type":"post","link":"https:\/\/smallthings.fr\/lespetitslivres\/2016\/01\/02\/pierre-des-larmes-t2-epee-verite\/","title":{"rendered":"La Pierre des Larmes, tome 2 de L\u2019\u00e9p\u00e9e de v\u00e9rit\u00e9 : quelle est la seconde le\u00e7on du sorcier ?"},"content":{"rendered":"<h2><em>La Pierre des Larmes, <\/em>second tome de la saga <em>L\u2019\u00e9p\u00e9e de V\u00e9rit\u00e9<\/em> de Terry Goodkind est sorti en format poche chez <a href=\"http:\/\/www.milady.fr\/livres\/view\/la-pierre-des-larmes-1\" target=\"_blank\">Milady<\/a> le 23 octobre dernier. Richard a vaincu Darken Rahl, mais le voile qui s\u00e9pare le monde des vivants du royaume des morts est maintenant d\u00e9chir\u00e9. Le Gardien sera bient\u00f4t capable de le traverser et alors le chaos r\u00e9gnera. Il est temps pour le sourcier d\u2019apprendre \u00e0 contr\u00f4ler sa magie, m\u00eame si pour cela il devra renoncer \u00e0 tout ce qui lui est cher.<\/h2>\n<p>Si <strong><em>La Premi\u00e8re Le\u00e7on du Sorcier<\/em><\/strong> (critique <a href=\"http:\/\/smallthings.fr\/lespetitslivres\/2015\/10\/20\/l-epee-de-verite-terry-goodkind-critique\/\">ici<\/a>) \u00e9tait un tome incroyable, <strong><em>La Pierre des Larmes<\/em><\/strong> le surpasse largement\u00a0! <strong>Un roman sombre, rempli de souffrances, de guerre, de sc\u00e8nes de viol et bien s\u00fbr de rebondissements<\/strong>. Le lecteur se sent happ\u00e9 par cette histoire des plus originales et se d\u00e9p\u00eache de lire les quelques 1200 pages pour savoir comment les h\u00e9ros pourront se sortir des griffes de Terry Goodkind. L\u2019auteur encha\u00eene les situations effroyables ne laissant aucun r\u00e9pit \u00e0 ses protagonistes.<\/p>\n<p><a href=\"http:\/\/smallthings.fr\/lespetitslivres\/wp-content\/uploads\/2016\/01\/pierre-des-larmes-epee-t2.jpg\"><img loading=\"lazy\" decoding=\"async\" data-attachment-id=\"29303\" data-permalink=\"https:\/\/smallthings.fr\/lespetitslivres\/2016\/01\/02\/pierre-des-larmes-t2-epee-verite\/pierre-des-larmes-epee-t2\/\" data-orig-file=\"https:\/\/smallthings.fr\/lespetitslivres\/wp-content\/uploads\/2016\/01\/pierre-des-larmes-epee-t2.jpg\" data-orig-size=\"1417,2126\" data-comments-opened=\"1\" data-image-meta=\"{&quot;aperture&quot;:&quot;0&quot;,&quot;credit&quot;:&quot;&quot;,&quot;camera&quot;:&quot;&quot;,&quot;caption&quot;:&quot;&quot;,&quot;created_timestamp&quot;:&quot;0&quot;,&quot;copyright&quot;:&quot;&quot;,&quot;focal_length&quot;:&quot;0&quot;,&quot;iso&quot;:&quot;0&quot;,&quot;shutter_speed&quot;:&quot;0&quot;,&quot;title&quot;:&quot;&quot;,&quot;orientation&quot;:&quot;0&quot;}\" data-image-title=\"pierre-des-larmes-epee-t2\" data-image-description=\"\" data-image-caption=\"\" data-medium-file=\"https:\/\/smallthings.fr\/lespetitslivres\/wp-content\/uploads\/2016\/01\/pierre-des-larmes-epee-t2-200x300.jpg\" data-large-file=\"https:\/\/smallthings.fr\/lespetitslivres\/wp-content\/uploads\/2016\/01\/pierre-des-larmes-epee-t2-683x1024.jpg\" class=\"alignright wp-image-29303\" src=\"http:\/\/smallthings.fr\/lespetitslivres\/wp-content\/uploads\/2016\/01\/pierre-des-larmes-epee-t2-683x1024.jpg\" alt=\"pierre-des-larmes-epee-t2\" width=\"338\" height=\"507\" srcset=\"https:\/\/smallthings.fr\/lespetitslivres\/wp-content\/uploads\/2016\/01\/pierre-des-larmes-epee-t2-683x1024.jpg 683w, https:\/\/smallthings.fr\/lespetitslivres\/wp-content\/uploads\/2016\/01\/pierre-des-larmes-epee-t2-200x300.jpg 200w, https:\/\/smallthings.fr\/lespetitslivres\/wp-content\/uploads\/2016\/01\/pierre-des-larmes-epee-t2-768x1152.jpg 768w, https:\/\/smallthings.fr\/lespetitslivres\/wp-content\/uploads\/2016\/01\/pierre-des-larmes-epee-t2-1024x1536.jpg 1024w, https:\/\/smallthings.fr\/lespetitslivres\/wp-content\/uploads\/2016\/01\/pierre-des-larmes-epee-t2-1365x2048.jpg 1365w, https:\/\/smallthings.fr\/lespetitslivres\/wp-content\/uploads\/2016\/01\/pierre-des-larmes-epee-t2.jpg 1417w\" sizes=\"(max-width: 338px) 100vw, 338px\" \/><\/a>En battant Darken Rahl, Richard ne savait pas qu\u2019il allait transgresser la seconde le\u00e7on du sorcier. Le voile qui s\u00e9pare les mondes est d\u00e9sormais d\u00e9chir\u00e9 et le Gardien continue de gagner de la force. Bient\u00f4t, il pourra rentrer dans le monde des vivants et d\u00e9truire ainsi toute vie humaine. Pour l\u2019aider, il r\u00e9ussit \u00e0 rallier des ennemis du sourcier mais \u00e9galement des alli\u00e9s qu\u2019il a r\u00e9ussi \u00e0 duper gr\u00e2ce \u00e0 la <strong><em>Premi\u00e8re Le\u00e7on du Sorcier<\/em><\/strong>. Le lecteur reste ainsi constamment sur ses gardes, incapable de savoir si un personnage joue un double jeu ou non.<\/p>\n<p>Et comme si tout cela ne suffisait pas, Terry Goodkind a rajout\u00e9 une difficult\u00e9 suppl\u00e9mentaire \u00e0 notre h\u00e9ro\u00a0: <strong>si Richard n\u2019apprend pas \u00e0 canaliser sa magie, il mourra<\/strong>. En effet, ses pouvoirs se manifestent et lui donnent de terribles migraines dont le jeune homme sort \u00e0 chaque fois \u00e9puis\u00e9 et an\u00e9anti. Les S\u0153urs de la Lumi\u00e8re sont capables de l\u2019aider mais ne le feront qu\u2019\u00e0 une condition\u00a0: que Richard porte un collier et qu\u2019il se soumette. Mais pour rien au monde Richard ne veut revivre ce qu\u2019il a v\u00e9cu avec la Mord-Sith Denna\u2026 si ce n\u2019est pour Kahlan, la M\u00e8re Inquisitrice. Comment Richard va-t-il vivre cette trahison\u00a0? Et si les S\u0153urs de la Lumi\u00e8re \u00e9taient plut\u00f4t les S\u0153urs de l\u2019Obscurit\u00e9\u00a0? Tant de questions qui ne trouveront leurs r\u00e9ponses qu\u2019en lisant le second tome de la saga <strong><em>L\u2019\u00e9p\u00e9e de V\u00e9rit\u00e9<\/em><\/strong>.<\/p>\n<div id=\"attachment_29305\" style=\"width: 254px\" class=\"wp-caption alignleft\"><a href=\"http:\/\/smallthings.fr\/lespetitslivres\/wp-content\/uploads\/2016\/01\/pierre-des-larmes-goodkind.jpg\"><img loading=\"lazy\" decoding=\"async\" aria-describedby=\"caption-attachment-29305\" data-attachment-id=\"29305\" data-permalink=\"https:\/\/smallthings.fr\/lespetitslivres\/2016\/01\/02\/pierre-des-larmes-t2-epee-verite\/pierre-des-larmes-goodkind\/\" data-orig-file=\"https:\/\/smallthings.fr\/lespetitslivres\/wp-content\/uploads\/2016\/01\/pierre-des-larmes-goodkind.jpg\" data-orig-size=\"400,416\" data-comments-opened=\"1\" data-image-meta=\"{&quot;aperture&quot;:&quot;0&quot;,&quot;credit&quot;:&quot;&quot;,&quot;camera&quot;:&quot;&quot;,&quot;caption&quot;:&quot;&quot;,&quot;created_timestamp&quot;:&quot;0&quot;,&quot;copyright&quot;:&quot;&quot;,&quot;focal_length&quot;:&quot;0&quot;,&quot;iso&quot;:&quot;0&quot;,&quot;shutter_speed&quot;:&quot;0&quot;,&quot;title&quot;:&quot;&quot;,&quot;orientation&quot;:&quot;1&quot;}\" data-image-title=\"pierre-des-larmes-goodkind\" data-image-description=\"\" data-image-caption=\"&lt;p&gt;Terry Goodkind&lt;\/p&gt;\n\" data-medium-file=\"https:\/\/smallthings.fr\/lespetitslivres\/wp-content\/uploads\/2016\/01\/pierre-des-larmes-goodkind-288x300.jpg\" data-large-file=\"https:\/\/smallthings.fr\/lespetitslivres\/wp-content\/uploads\/2016\/01\/pierre-des-larmes-goodkind.jpg\" class=\" wp-image-29305\" src=\"http:\/\/smallthings.fr\/lespetitslivres\/wp-content\/uploads\/2016\/01\/pierre-des-larmes-goodkind.jpg\" alt=\"Terry Goodkind\" width=\"244\" height=\"253\" srcset=\"https:\/\/smallthings.fr\/lespetitslivres\/wp-content\/uploads\/2016\/01\/pierre-des-larmes-goodkind.jpg 400w, https:\/\/smallthings.fr\/lespetitslivres\/wp-content\/uploads\/2016\/01\/pierre-des-larmes-goodkind-288x300.jpg 288w\" sizes=\"(max-width: 244px) 100vw, 244px\" \/><\/a><p id=\"caption-attachment-29305\" class=\"wp-caption-text\">Terry Goodkind<\/p><\/div>\n<p><strong><em>La Pierre des Larmes <\/em><\/strong>est un tome incroyable qui r\u00e9ussit \u00e0 surprendre le lecteur de bout en bout. On se laisse entra\u00eener dans l\u2019univers sombre et terrifiant de Terry Goodkind. Les sc\u00e8nes de batailles sont explicites et sanglantes : on s\u2019y croirait. Les sc\u00e8nes de viol sont terribles mais apportent une fois de plus de la v\u00e9racit\u00e9 \u00e0 cette histoire. En effet, <strong>l\u2019auteur mise sur les \u00e9motions du lecteur pour l\u2019entra\u00eener dans son monde et r\u00e9ussit bien s\u00fbr avec brio<\/strong>. L\u2019\u00e9p\u00e9e de V\u00e9rit\u00e9 est assur\u00e9ment une saga qu\u2019il ne faut pas manquer. Aussi terrible qu\u2019addictif\u00a0!<\/p>\n<blockquote><p><em>\u00ab\u00a0Parmi tous ceux qui sont n\u00e9s de la magie pour d\u00e9livrer la v\u00e9rit\u00e9, un seul survivra quand la menace des t\u00e9n\u00e8bres sera dissip\u00e9e. Alors viendra une pire obscurit\u00e9\u00a0: celle des morts. Afin que la vie <i>ait une chance, celle qui est en blanc devra \u00eatre offerte \u00e0 son peuple, pour lui apporter la joie et la prosp\u00e9rit\u00e9.\u00a0\u00bb<\/i><\/em><\/p><\/blockquote>\n","protected":false},"excerpt":{"rendered":"<p>La Pierre des Larmes, second tome de la saga L\u2019\u00e9p\u00e9e de V\u00e9rit\u00e9 de Terry Goodkind est sorti en format poche chez Milady le 23 octobre dernier. Richard a vaincu Darken Rahl, mais le voile qui s\u00e9pare le monde des vivants du royaume des morts est maintenant d\u00e9chir\u00e9. Le Gardien sera bient\u00f4t capable de le traverser<\/p>\n","protected":false},"author":14,"featured_media":29304,"comment_status":"open","ping_status":"open","sticky":false,"template":"","format":"standard","meta":{"jetpack_post_was_ever_published":false,"_jetpack_newsletter_access":"","_jetpack_newsletter_tier_id":0,"footnotes":"","jetpack_publicize_message":"","jetpack_is_tweetstorm":false,"jetpack_publicize_feature_enabled":true,"jetpack_social_post_already_shared":true,"jetpack_social_options":{"image_generator_settings":{"template":"highway","enabled":false}}},"categories":[1152],"tags":[1212,1211,1004],"jetpack_publicize_connections":[],"yoast_head":"<!-- This site is optimized with the Yoast SEO plugin v21.5 - https:\/\/yoast.com\/wordpress\/plugins\/seo\/ -->\n<title>La Pierre des Larmes, tome 2 de L\u2019\u00e9p\u00e9e de v\u00e9rit\u00e9 : quelle est la seconde le\u00e7on du sorcier ?<\/title>\n<meta name=\"description\" content=\"La Pierre des Larmes, second tome de la saga L\u2019\u00e9p\u00e9e de V\u00e9rit\u00e9 de Terry Goodkind est sorti en format poche chez Milady le 23 octobre dernier. Richard a vainc\" \/>\n<meta name=\"robots\" content=\"index, follow, max-snippet:-1, max-image-preview:large, max-video-preview:-1\" \/>\n<link rel=\"canonical\" href=\"https:\/\/smallthings.fr\/lespetitslivres\/2016\/01\/02\/pierre-des-larmes-t2-epee-verite\/\" \/>\n<meta property=\"og:locale\" content=\"fr_FR\" \/>\n<meta property=\"og:type\" content=\"article\" \/>\n<meta property=\"og:title\" content=\"La Pierre des Larmes, tome 2 de L\u2019\u00e9p\u00e9e de v\u00e9rit\u00e9 : quelle est la seconde le\u00e7on du sorcier ?\" \/>\n<meta property=\"og:description\" content=\"La Pierre des Larmes, second tome de la saga L\u2019\u00e9p\u00e9e de V\u00e9rit\u00e9 de Terry Goodkind est sorti en format poche chez Milady le 23 octobre dernier. Richard a vainc\" \/>\n<meta property=\"og:url\" content=\"https:\/\/smallthings.fr\/lespetitslivres\/2016\/01\/02\/pierre-des-larmes-t2-epee-verite\/\" \/>\n<meta property=\"og:site_name\" content=\"Les Petits Livres\" \/>\n<meta property=\"article:published_time\" content=\"2016-01-02T16:39:22+00:00\" \/>\n<meta property=\"og:image\" content=\"https:\/\/i0.wp.com\/smallthings.fr\/lespetitslivres\/wp-content\/uploads\/2016\/01\/pierre-des-larmes-epee-t2-couv.jpg?fit=1310%2C947&ssl=1\" \/>\n\t<meta property=\"og:image:width\" content=\"1310\" \/>\n\t<meta property=\"og:image:height\" content=\"947\" \/>\n\t<meta property=\"og:image:type\" content=\"image\/jpeg\" \/>\n<meta name=\"author\" content=\"Jennifer\" \/>\n<meta name=\"twitter:card\" content=\"summary_large_image\" \/>\n<meta name=\"twitter:label1\" content=\"\u00c9crit par\" \/>\n\t<meta name=\"twitter:data1\" content=\"Jennifer\" \/>\n\t<meta name=\"twitter:label2\" content=\"Dur\u00e9e de lecture estim\u00e9e\" \/>\n\t<meta name=\"twitter:data2\" content=\"3 minutes\" \/>\n<script type=\"application\/ld+json\" class=\"yoast-schema-graph\">{\"@context\":\"https:\/\/schema.org\",\"@graph\":[{\"@type\":\"WebPage\",\"@id\":\"https:\/\/smallthings.fr\/lespetitslivres\/2016\/01\/02\/pierre-des-larmes-t2-epee-verite\/\",\"url\":\"https:\/\/smallthings.fr\/lespetitslivres\/2016\/01\/02\/pierre-des-larmes-t2-epee-verite\/\",\"name\":\"La Pierre des Larmes, tome 2 de L\u2019\u00e9p\u00e9e de v\u00e9rit\u00e9 : quelle est la seconde le\u00e7on du sorcier ?\",\"isPartOf\":{\"@id\":\"https:\/\/smallthings.fr\/lespetitslivres\/#website\"},\"datePublished\":\"2016-01-02T16:39:22+00:00\",\"dateModified\":\"2016-01-02T16:39:22+00:00\",\"author\":{\"@id\":\"https:\/\/smallthings.fr\/lespetitslivres\/#\/schema\/person\/bb8808220f912e72f01f7a55924d9ad1\"},\"description\":\"La Pierre des Larmes, second tome de la saga L\u2019\u00e9p\u00e9e de V\u00e9rit\u00e9 de Terry Goodkind est sorti en format poche chez Milady le 23 octobre dernier. Richard a vainc\",\"breadcrumb\":{\"@id\":\"https:\/\/smallthings.fr\/lespetitslivres\/2016\/01\/02\/pierre-des-larmes-t2-epee-verite\/#breadcrumb\"},\"inLanguage\":\"fr-FR\",\"potentialAction\":[{\"@type\":\"ReadAction\",\"target\":[\"https:\/\/smallthings.fr\/lespetitslivres\/2016\/01\/02\/pierre-des-larmes-t2-epee-verite\/\"]}]},{\"@type\":\"BreadcrumbList\",\"@id\":\"https:\/\/smallthings.fr\/lespetitslivres\/2016\/01\/02\/pierre-des-larmes-t2-epee-verite\/#breadcrumb\",\"itemListElement\":[{\"@type\":\"ListItem\",\"position\":1,\"name\":\"Accueil\",\"item\":\"https:\/\/smallthings.fr\/lespetitslivres\/\"},{\"@type\":\"ListItem\",\"position\":2,\"name\":\"La Pierre des Larmes, tome 2 de L\u2019\u00e9p\u00e9e de v\u00e9rit\u00e9 : quelle est la seconde le\u00e7on du sorcier ?\"}]},{\"@type\":\"WebSite\",\"@id\":\"https:\/\/smallthings.fr\/lespetitslivres\/#website\",\"url\":\"https:\/\/smallthings.fr\/lespetitslivres\/\",\"name\":\"Les Petits Livres\",\"description\":\"by Small Things\",\"potentialAction\":[{\"@type\":\"SearchAction\",\"target\":{\"@type\":\"EntryPoint\",\"urlTemplate\":\"https:\/\/smallthings.fr\/lespetitslivres\/?s={search_term_string}\"},\"query-input\":\"required name=search_term_string\"}],\"inLanguage\":\"fr-FR\"},{\"@type\":\"Person\",\"@id\":\"https:\/\/smallthings.fr\/lespetitslivres\/#\/schema\/person\/bb8808220f912e72f01f7a55924d9ad1\",\"name\":\"Jennifer\",\"image\":{\"@type\":\"ImageObject\",\"inLanguage\":\"fr-FR\",\"@id\":\"https:\/\/smallthings.fr\/lespetitslivres\/#\/schema\/person\/image\/\",\"url\":\"https:\/\/secure.gravatar.com\/avatar\/ffcd6b107b6b18c3d5201f1bcc631683?s=96&d=retro&r=g\",\"contentUrl\":\"https:\/\/secure.gravatar.com\/avatar\/ffcd6b107b6b18c3d5201f1bcc631683?s=96&d=retro&r=g\",\"caption\":\"Jennifer\"},\"url\":\"https:\/\/smallthings.fr\/lespetitslivres\/author\/jennifer\/\"}]}<\/script>\n<!-- \/ Yoast SEO plugin. -->","yoast_head_json":{"title":"La Pierre des Larmes, tome 2 de L\u2019\u00e9p\u00e9e de v\u00e9rit\u00e9 : quelle est la seconde le\u00e7on du sorcier ?","description":"La Pierre des Larmes, second tome de la saga L\u2019\u00e9p\u00e9e de V\u00e9rit\u00e9 de Terry Goodkind est sorti en format poche chez Milady le 23 octobre dernier. Richard a vainc","robots":{"index":"index","follow":"follow","max-snippet":"max-snippet:-1","max-image-preview":"max-image-preview:large","max-video-preview":"max-video-preview:-1"},"canonical":"https:\/\/smallthings.fr\/lespetitslivres\/2016\/01\/02\/pierre-des-larmes-t2-epee-verite\/","og_locale":"fr_FR","og_type":"article","og_title":"La Pierre des Larmes, tome 2 de L\u2019\u00e9p\u00e9e de v\u00e9rit\u00e9 : quelle est la seconde le\u00e7on du sorcier ?","og_description":"La Pierre des Larmes, second tome de la saga L\u2019\u00e9p\u00e9e de V\u00e9rit\u00e9 de Terry Goodkind est sorti en format poche chez Milady le 23 octobre dernier. Richard a vainc","og_url":"https:\/\/smallthings.fr\/lespetitslivres\/2016\/01\/02\/pierre-des-larmes-t2-epee-verite\/","og_site_name":"Les Petits Livres","article_published_time":"2016-01-02T16:39:22+00:00","og_image":[{"width":1310,"height":947,"url":"https:\/\/i0.wp.com\/smallthings.fr\/lespetitslivres\/wp-content\/uploads\/2016\/01\/pierre-des-larmes-epee-t2-couv.jpg?fit=1310%2C947&ssl=1","type":"image\/jpeg"}],"author":"Jennifer","twitter_card":"summary_large_image","twitter_misc":{"\u00c9crit par":"Jennifer","Dur\u00e9e de lecture estim\u00e9e":"3 minutes"},"schema":{"@context":"https:\/\/schema.org","@graph":[{"@type":"WebPage","@id":"https:\/\/smallthings.fr\/lespetitslivres\/2016\/01\/02\/pierre-des-larmes-t2-epee-verite\/","url":"https:\/\/smallthings.fr\/lespetitslivres\/2016\/01\/02\/pierre-des-larmes-t2-epee-verite\/","name":"La Pierre des Larmes, tome 2 de L\u2019\u00e9p\u00e9e de v\u00e9rit\u00e9 : quelle est la seconde le\u00e7on du sorcier ?","isPartOf":{"@id":"https:\/\/smallthings.fr\/lespetitslivres\/#website"},"datePublished":"2016-01-02T16:39:22+00:00","dateModified":"2016-01-02T16:39:22+00:00","author":{"@id":"https:\/\/smallthings.fr\/lespetitslivres\/#\/schema\/person\/bb8808220f912e72f01f7a55924d9ad1"},"description":"La Pierre des Larmes, second tome de la saga L\u2019\u00e9p\u00e9e de V\u00e9rit\u00e9 de Terry Goodkind est sorti en format poche chez Milady le 23 octobre dernier. Richard a vainc","breadcrumb":{"@id":"https:\/\/smallthings.fr\/lespetitslivres\/2016\/01\/02\/pierre-des-larmes-t2-epee-verite\/#breadcrumb"},"inLanguage":"fr-FR","potentialAction":[{"@type":"ReadAction","target":["https:\/\/smallthings.fr\/lespetitslivres\/2016\/01\/02\/pierre-des-larmes-t2-epee-verite\/"]}]},{"@type":"BreadcrumbList","@id":"https:\/\/smallthings.fr\/lespetitslivres\/2016\/01\/02\/pierre-des-larmes-t2-epee-verite\/#breadcrumb","itemListElement":[{"@type":"ListItem","position":1,"name":"Accueil","item":"https:\/\/smallthings.fr\/lespetitslivres\/"},{"@type":"ListItem","position":2,"name":"La Pierre des Larmes, tome 2 de L\u2019\u00e9p\u00e9e de v\u00e9rit\u00e9 : quelle est la seconde le\u00e7on du sorcier ?"}]},{"@type":"WebSite","@id":"https:\/\/smallthings.fr\/lespetitslivres\/#website","url":"https:\/\/smallthings.fr\/lespetitslivres\/","name":"Les Petits Livres","description":"by Small Things","potentialAction":[{"@type":"SearchAction","target":{"@type":"EntryPoint","urlTemplate":"https:\/\/smallthings.fr\/lespetitslivres\/?s={search_term_string}"},"query-input":"required name=search_term_string"}],"inLanguage":"fr-FR"},{"@type":"Person","@id":"https:\/\/smallthings.fr\/lespetitslivres\/#\/schema\/person\/bb8808220f912e72f01f7a55924d9ad1","name":"Jennifer","image":{"@type":"ImageObject","inLanguage":"fr-FR","@id":"https:\/\/smallthings.fr\/lespetitslivres\/#\/schema\/person\/image\/","url":"https:\/\/secure.gravatar.com\/avatar\/ffcd6b107b6b18c3d5201f1bcc631683?s=96&d=retro&r=g","contentUrl":"https:\/\/secure.gravatar.com\/avatar\/ffcd6b107b6b18c3d5201f1bcc631683?s=96&d=retro&r=g","caption":"Jennifer"},"url":"https:\/\/smallthings.fr\/lespetitslivres\/author\/jennifer\/"}]}},"jetpack_featured_media_url":"https:\/\/smallthings.fr\/lespetitslivres\/wp-content\/uploads\/2016\/01\/pierre-des-larmes-epee-t2-couv.jpg","jetpack_sharing_enabled":true,"jetpack_shortlink":"https:\/\/wp.me\/p6Un21-7CB","jetpack-related-posts":[{"id":28506,"url":"https:\/\/smallthings.fr\/lespetitslivres\/2015\/10\/20\/l-epee-de-verite-terry-goodkind-critique\/","url_meta":{"origin":29301,"position":0},"title":"L\u2019\u00e9p\u00e9e de V\u00e9rit\u00e9 de Terry Goodkind enfin en format poche","author":"Jennifer","date":"20 octobre 2015","format":false,"excerpt":"La Premi\u00e8re Le\u00e7on du Sorcier est le premier tome de la saga L\u2019\u00e9p\u00e9e de V\u00e9rit\u00e9 de Terry Goodkind. Disponible en format poche depuis le 18 septembre chez Milady, ce livre de fantasy raconte l\u2019histoire de Richard Cypher, un guide forestier, qui va devenir le sourcier, et qui, arm\u00e9 de l\u2019\u00e9p\u00e9e\u2026","rel":"","context":"Dans &quot;Fantasy&quot;","block_context":{"text":"Fantasy","link":"https:\/\/smallthings.fr\/lespetitslivres\/category\/imaginaire\/fantasy\/"},"img":{"alt_text":"","src":"https:\/\/i0.wp.com\/smallthings.fr\/lespetitslivres\/wp-content\/uploads\/2015\/10\/epee-de-verite-couv.jpeg?resize=350%2C200&ssl=1","width":350,"height":200,"srcset":"https:\/\/i0.wp.com\/smallthings.fr\/lespetitslivres\/wp-content\/uploads\/2015\/10\/epee-de-verite-couv.jpeg?resize=350%2C200&ssl=1 1x, https:\/\/i0.wp.com\/smallthings.fr\/lespetitslivres\/wp-content\/uploads\/2015\/10\/epee-de-verite-couv.jpeg?resize=525%2C300&ssl=1 1.5x, https:\/\/i0.wp.com\/smallthings.fr\/lespetitslivres\/wp-content\/uploads\/2015\/10\/epee-de-verite-couv.jpeg?resize=700%2C400&ssl=1 2x"},"classes":[]},{"id":29412,"url":"https:\/\/smallthings.fr\/lespetitslivres\/2016\/01\/21\/sang-de-la-dechirure-epee-verite\/","url_meta":{"origin":29301,"position":1},"title":"L\u2019\u00e9p\u00e9e de v\u00e9rit\u00e9 tome 3 : Le Sang de la D\u00e9chirure","author":"Jennifer","date":"21 janvier 2016","format":false,"excerpt":"Le Sang de la D\u00e9chirure est le troisi\u00e8me tome de la saga L\u2019\u00e9p\u00e9e de V\u00e9rit\u00e9 de Terry Goodkind. Sorti en format poche chez Milady le 20 novembre dernier, il raconte comment le Gardien a r\u00e9ussi \u00e0 rallier encore plus de fid\u00e8les dans le monde du Sourcier. Richard devra une fois\u2026","rel":"","context":"Dans &quot;Fantastique&quot;","block_context":{"text":"Fantastique","link":"https:\/\/smallthings.fr\/lespetitslivres\/category\/imaginaire\/fantastique\/"},"img":{"alt_text":"","src":"https:\/\/i0.wp.com\/smallthings.fr\/lespetitslivres\/wp-content\/uploads\/2016\/01\/sang-dechirure-epee-couv.jpg?resize=350%2C200&ssl=1","width":350,"height":200,"srcset":"https:\/\/i0.wp.com\/smallthings.fr\/lespetitslivres\/wp-content\/uploads\/2016\/01\/sang-dechirure-epee-couv.jpg?resize=350%2C200&ssl=1 1x, https:\/\/i0.wp.com\/smallthings.fr\/lespetitslivres\/wp-content\/uploads\/2016\/01\/sang-dechirure-epee-couv.jpg?resize=525%2C300&ssl=1 1.5x, https:\/\/i0.wp.com\/smallthings.fr\/lespetitslivres\/wp-content\/uploads\/2016\/01\/sang-dechirure-epee-couv.jpg?resize=700%2C400&ssl=1 2x, https:\/\/i0.wp.com\/smallthings.fr\/lespetitslivres\/wp-content\/uploads\/2016\/01\/sang-dechirure-epee-couv.jpg?resize=1050%2C600&ssl=1 3x"},"classes":[]},{"id":31194,"url":"https:\/\/smallthings.fr\/lespetitslivres\/2017\/08\/10\/sanctuaires-mal-terry-goodkind-thriller\/","url_meta":{"origin":29301,"position":2},"title":"Les sanctuaires du mal : Terry Goodkind se met au thriller et \u00e7a fait mal !","author":"Jennifer","date":"10 ao\u00fbt 2017","format":false,"excerpt":"L\u2019auteur de la s\u00e9rie L\u2019\u00e9p\u00e9e de V\u00e9rit\u00e9, Terry Goodkind, se lance dans le thriller avec Les sanctuaires du mal. Sorti le 28 juin dernier chez Bragelonne, ce roman nous entra\u00eene dans un monde o\u00f9 certaines personnes sont capables, d\u2019un seul regard, de reconna\u00eetre les tueurs. Une v\u00e9ritable plong\u00e9e en Enfer\u2026","rel":"","context":"Dans &quot;Thriller&quot;","block_context":{"text":"Thriller","link":"https:\/\/smallthings.fr\/lespetitslivres\/category\/thriller\/"},"img":{"alt_text":"","src":"https:\/\/i0.wp.com\/smallthings.fr\/lespetitslivres\/wp-content\/uploads\/2017\/08\/Les-sanctuaires-du-mal-terry-goodkind-2.jpg?resize=350%2C200&ssl=1","width":350,"height":200,"srcset":"https:\/\/i0.wp.com\/smallthings.fr\/lespetitslivres\/wp-content\/uploads\/2017\/08\/Les-sanctuaires-du-mal-terry-goodkind-2.jpg?resize=350%2C200&ssl=1 1x, https:\/\/i0.wp.com\/smallthings.fr\/lespetitslivres\/wp-content\/uploads\/2017\/08\/Les-sanctuaires-du-mal-terry-goodkind-2.jpg?resize=525%2C300&ssl=1 1.5x"},"classes":[]},{"id":30535,"url":"https:\/\/smallthings.fr\/lespetitslivres\/2016\/12\/21\/larmes-de-cendres-blaizot-avis-critique\/","url_meta":{"origin":29301,"position":3},"title":"Larmes de Cendres : l\u2019alliance d\u2019une passeuse de drogue russe et d\u2019un vampire schizophr\u00e8ne","author":"Jennifer","date":"21 d\u00e9cembre 2016","format":false,"excerpt":"Pr\u00e9mices est le premier tome de la saga Larmes de Cendres de Lydie Blaizot. Sorti d\u00e9but novembre aux\u00a0\u00e9ditions du Chat Noir, ce roman nous raconte l\u2019improbable entente entre une passeuse de drogue qui voit les gens tels qu\u2019ils seront le jour de leur mort et un vampire s\u00e9nile \u00e0 la\u2026","rel":"","context":"Dans &quot;Fantastique&quot;","block_context":{"text":"Fantastique","link":"https:\/\/smallthings.fr\/lespetitslivres\/category\/imaginaire\/fantastique\/"},"img":{"alt_text":"","src":"https:\/\/i0.wp.com\/smallthings.fr\/lespetitslivres\/wp-content\/uploads\/2016\/12\/Larmes-de-cendres-pr\u00e9mices-Lydie-Blaizot-2.jpg?resize=350%2C200&ssl=1","width":350,"height":200,"srcset":"https:\/\/i0.wp.com\/smallthings.fr\/lespetitslivres\/wp-content\/uploads\/2016\/12\/Larmes-de-cendres-pr\u00e9mices-Lydie-Blaizot-2.jpg?resize=350%2C200&ssl=1 1x, https:\/\/i0.wp.com\/smallthings.fr\/lespetitslivres\/wp-content\/uploads\/2016\/12\/Larmes-de-cendres-pr\u00e9mices-Lydie-Blaizot-2.jpg?resize=525%2C300&ssl=1 1.5x"},"classes":[]},{"id":29168,"url":"https:\/\/smallthings.fr\/lespetitslivres\/2015\/11\/20\/des-millions-de-larmes-et-de-rires-roman\/","url_meta":{"origin":29301,"position":4},"title":"Des millions de larmes et de rires : partir pour gu\u00e9rir","author":"June","date":"20 novembre 2015","format":false,"excerpt":"Pour son premier roman, paru aux \u00e9ditions Mosa\u00efc le 28 octobre, Karma Brown n\u2019a pas choisi le sujet le plus \u00e9vident. Dans Des Millions de larmes et de rires, elle aborde le drame de la perte d\u2019un enfant \u00e0 na\u00eetre avec toutes les cons\u00e9quences que cela peut engendrer au sein\u2026","rel":"","context":"Dans &quot;Actu&quot;","block_context":{"text":"Actu","link":"https:\/\/smallthings.fr\/lespetitslivres\/category\/actu\/"},"img":{"alt_text":"","src":"https:\/\/i0.wp.com\/smallthings.fr\/lespetitslivres\/wp-content\/uploads\/2015\/11\/des-millions-de-larmes-et-de-rires-couv.jpeg?resize=350%2C200&ssl=1","width":350,"height":200},"classes":[]},{"id":25252,"url":"https:\/\/smallthings.fr\/lespetitslivres\/2015\/07\/07\/one-piece-malediction-epee-t2-critique\/","url_meta":{"origin":29301,"position":5},"title":"One Piece &#8211; La mal\u00e9diction de l&rsquo;\u00e9p\u00e9e sacr\u00e9e, T2 : Go Luffy !","author":"Rebecca","date":"7 juillet 2015","format":false,"excerpt":"La suite et fin de One Piece - La mal\u00e9diction de l'\u00c9p\u00e9e sacr\u00e9e (t2) est \u00e9galement parue le 6 mai dernier aux \u00e9ditions Gl\u00e9nat. Il s'agit d'une histoire tir\u00e9e du film du m\u00eame nom, sc\u00e9naris\u00e9 par l'auteur de la s\u00e9rie, Eiichiro Oda, et sorti en 2004 au Japon. Le tome\u2026","rel":"","context":"Dans &quot;Manga&quot;","block_context":{"text":"Manga","link":"https:\/\/smallthings.fr\/lespetitslivres\/category\/bd-manga\/manga\/"},"img":{"alt_text":"","src":"https:\/\/i0.wp.com\/smallthings.fr\/wp-content\/uploads\/2015\/07\/one-piece-malediction-epee-t2.jpg?resize=350%2C200","width":350,"height":200},"classes":[]}],"_links":{"self":[{"href":"https:\/\/smallthings.fr\/lespetitslivres\/wp-json\/wp\/v2\/posts\/29301"}],"collection":[{"href":"https:\/\/smallthings.fr\/lespetitslivres\/wp-json\/wp\/v2\/posts"}],"about":[{"href":"https:\/\/smallthings.fr\/lespetitslivres\/wp-json\/wp\/v2\/types\/post"}],"author":[{"embeddable":true,"href":"https:\/\/smallthings.fr\/lespetitslivres\/wp-json\/wp\/v2\/users\/14"}],"replies":[{"embeddable":true,"href":"https:\/\/smallthings.fr\/lespetitslivres\/wp-json\/wp\/v2\/comments?post=29301"}],"version-history":[{"count":3,"href":"https:\/\/smallthings.fr\/lespetitslivres\/wp-json\/wp\/v2\/posts\/29301\/revisions"}],"predecessor-version":[{"id":29308,"href":"https:\/\/smallthings.fr\/lespetitslivres\/wp-json\/wp\/v2\/posts\/29301\/revisions\/29308"}],"wp:featuredmedia":[{"embeddable":true,"href":"https:\/\/smallthings.fr\/lespetitslivres\/wp-json\/wp\/v2\/media\/29304"}],"wp:attachment":[{"href":"https:\/\/smallthings.fr\/lespetitslivres\/wp-json\/wp\/v2\/media?parent=29301"}],"wp:term":[{"taxonomy":"category","embeddable":true,"href":"https:\/\/smallthings.fr\/lespetitslivres\/wp-json\/wp\/v2\/categories?post=29301"},{"taxonomy":"post_tag","embeddable":true,"href":"https:\/\/smallthings.fr\/lespetitslivres\/wp-json\/wp\/v2\/tags?post=29301"}],"curies":[{"name":"wp","href":"https:\/\/api.w.org\/{rel}","templated":true}]}}