{"id":29236,"date":"2015-12-01T14:10:33","date_gmt":"2015-12-01T13:10:33","guid":{"rendered":"http:\/\/smallthings.fr\/lespetitslivres\/?p=29236"},"modified":"2015-12-01T12:57:40","modified_gmt":"2015-12-01T11:57:40","slug":"furie-tentatrice-saga-dragonfury-critique","status":"publish","type":"post","link":"https:\/\/smallthings.fr\/lespetitslivres\/2015\/12\/01\/furie-tentatrice-saga-dragonfury-critique\/","title":{"rendered":"Furie tentatrice : le T3 de la saga Dragonfury est d\u00e9cevant"},"content":{"rendered":"<h2><em>Furie tentatrice<\/em> est le troisi\u00e8me tome de la saga <em>Dragonfury<\/em> de Coreene Callahan. Sorti le 23 octobre dernier aux <a href=\"http:\/\/www.milady.fr\/livres\/view\/furie-tentatrice\" target=\"_blank\">\u00e9ditions Milady<\/a>, il met en sc\u00e8ne Mac, ancien flic devenu homme dragon et Tania, la meilleure amie de Myst. La jeune femme est convoit\u00e9e pour son \u00e9nergie et Mac devra la sauver des mains d\u2019Ivar, le chef des monstrueux Razorback.<\/h2>\n<p><a href=\"http:\/\/smallthings.fr\/lespetitslivres\/wp-content\/uploads\/2015\/12\/furie-tentatrice-dragonfury.jpg\"><img loading=\"lazy\" decoding=\"async\" data-attachment-id=\"29242\" data-permalink=\"https:\/\/smallthings.fr\/lespetitslivres\/2015\/12\/01\/furie-tentatrice-saga-dragonfury-critique\/furie-tentatrice-dragonfury\/\" data-orig-file=\"https:\/\/smallthings.fr\/lespetitslivres\/wp-content\/uploads\/2015\/12\/furie-tentatrice-dragonfury.jpg\" data-orig-size=\"1400,2265\" data-comments-opened=\"1\" data-image-meta=\"{&quot;aperture&quot;:&quot;0&quot;,&quot;credit&quot;:&quot;&quot;,&quot;camera&quot;:&quot;&quot;,&quot;caption&quot;:&quot;&quot;,&quot;created_timestamp&quot;:&quot;0&quot;,&quot;copyright&quot;:&quot;&quot;,&quot;focal_length&quot;:&quot;0&quot;,&quot;iso&quot;:&quot;0&quot;,&quot;shutter_speed&quot;:&quot;0&quot;,&quot;title&quot;:&quot;&quot;,&quot;orientation&quot;:&quot;0&quot;}\" data-image-title=\"furie-tentatrice-dragonfury\" data-image-description=\"\" data-image-caption=\"\" data-medium-file=\"https:\/\/smallthings.fr\/lespetitslivres\/wp-content\/uploads\/2015\/12\/furie-tentatrice-dragonfury-185x300.jpg\" data-large-file=\"https:\/\/smallthings.fr\/lespetitslivres\/wp-content\/uploads\/2015\/12\/furie-tentatrice-dragonfury-633x1024.jpg\" class=\"alignright  wp-image-29242\" src=\"http:\/\/smallthings.fr\/lespetitslivres\/wp-content\/uploads\/2015\/12\/furie-tentatrice-dragonfury-633x1024.jpg\" alt=\"furie-tentatrice-dragonfury\" width=\"286\" height=\"463\" srcset=\"https:\/\/smallthings.fr\/lespetitslivres\/wp-content\/uploads\/2015\/12\/furie-tentatrice-dragonfury-633x1024.jpg 633w, https:\/\/smallthings.fr\/lespetitslivres\/wp-content\/uploads\/2015\/12\/furie-tentatrice-dragonfury-185x300.jpg 185w, https:\/\/smallthings.fr\/lespetitslivres\/wp-content\/uploads\/2015\/12\/furie-tentatrice-dragonfury-768x1243.jpg 768w, https:\/\/smallthings.fr\/lespetitslivres\/wp-content\/uploads\/2015\/12\/furie-tentatrice-dragonfury-949x1536.jpg 949w, https:\/\/smallthings.fr\/lespetitslivres\/wp-content\/uploads\/2015\/12\/furie-tentatrice-dragonfury-1266x2048.jpg 1266w, https:\/\/smallthings.fr\/lespetitslivres\/wp-content\/uploads\/2015\/12\/furie-tentatrice-dragonfury.jpg 1400w\" sizes=\"(max-width: 286px) 100vw, 286px\" \/><\/a>Si le deuxi\u00e8me volet de la saga <strong><em>Dragonfury<\/em><\/strong> m\u2019avait totalement conquise (critique <a href=\"http:\/\/smallthings.fr\/lespetitslivres\/2015\/04\/25\/furie-de-glace-deuxieme-tome-dragonfury\/\" target=\"_blank\">ici<\/a>), je suis loin d\u2019avoir la m\u00eame opinion de <strong><em>Furie tentatrice<\/em><\/strong>. C\u2019\u00e9tait un livre pourtant tr\u00e8s attendu, car le policier Mac, pr\u00e9sent depuis le premier tome, est un personnage vraiment \u00a0attachant. Le lecteur attendait le jour o\u00f9 Coreene Callahan allait lui donner sa propre histoire pour qu\u2019il apprenne \u00e0 ma\u00eetriser ses pouvoirs de dragon d\u2019eau et qu\u2019il arrive \u00e0 conqu\u00e9rir le c\u0153ur de Tania. Si le d\u00e9but tient ses promesses, la fin est totalement b\u00e2cl\u00e9e et franchement d\u00e9cevante.<\/p>\n<p>Apr\u00e8s avoir d\u00e9couvert qu\u2019il \u00e9tait un homme dragon, Mac a rejoint les Nightfury dans leur combat contre les Razorback. Ses nouveaux amis l\u2019aident \u00e0 ma\u00eetriser ses pouvoirs qui sont pour le moins spectaculaires. Lorsqu\u2019il apprend que Tania, la jeune femme qu\u2019il a d\u00e9j\u00e0 rencontr\u00e9 et qui occupe toutes ses pens\u00e9es est en danger, il fonce la retrouver\u2026 \u00e0 ses risques et p\u00e9rils. Tania est une jeune femme forte, avec un caract\u00e8re bien tremp\u00e9. Alors qu\u2019elle revient de la prison o\u00f9 elle est pass\u00e9e voir sa s\u0153ur, sa voiture est attaqu\u00e9e par des monstres ail\u00e9s. Et que vient faire Mac, le policier qui a abandonn\u00e9 l\u2019enqu\u00eate pour retrouver son amie Myst, dans les parages\u00a0?<\/p>\n<p>L\u2019histoire de <strong><em>Furie tentatrice<\/em><\/strong> va vite, peut-\u00eatre m\u00eame trop vite\u00a0! Tania accepte facilement l\u2019impensable et va \u00e9videmment commettre une erreur idiote qui va aider ses ennemis \u00e0 la retrouver. <strong>L\u2019intrigue s\u2019essouffle rapidement, les personnages vont \u00e0 l\u2019encontre de leurs caract\u00e8res et les ennemis l\u00e2chent rapidement leur proie\u2026<\/strong> <strong>O\u00f9 s&rsquo;est perdue la saga addictive de Coreene Callahan\u00a0?<\/strong><\/p>\n<p>L\u2019auteure a voulu ajouter un \u00e9l\u00e9ment dans l\u2019histoire de <strong><em>Dragonfury<\/em><\/strong> et s\u2019est finalement laiss\u00e9e d\u00e9passer par l\u2019intrigue qu\u2019elle a cr\u00e9\u00e9e. De nouveaux personnages vont appara\u00eetre pour permettre \u00e0 Coreene Callahan d\u2019apporter une touche de politique dragonnesque \u00e0 son histoire. Cela arrive un peu comme un cheveu sur la soupe. Le lecteur n\u2019en a pas vraiment entendu parler dans les deux premiers volets, si bien qu\u2019on se demande ce que cela vient faire l\u00e0\u2026.<\/p>\n<div id=\"attachment_29241\" style=\"width: 210px\" class=\"wp-caption alignleft\"><a href=\"http:\/\/smallthings.fr\/lespetitslivres\/wp-content\/uploads\/2015\/12\/furie-tentatrice-callahan.jpg\"><img loading=\"lazy\" decoding=\"async\" aria-describedby=\"caption-attachment-29241\" data-attachment-id=\"29241\" data-permalink=\"https:\/\/smallthings.fr\/lespetitslivres\/2015\/12\/01\/furie-tentatrice-saga-dragonfury-critique\/furie-tentatrice-callahan\/\" data-orig-file=\"https:\/\/smallthings.fr\/lespetitslivres\/wp-content\/uploads\/2015\/12\/furie-tentatrice-callahan.jpg\" data-orig-size=\"200,259\" data-comments-opened=\"1\" data-image-meta=\"{&quot;aperture&quot;:&quot;0&quot;,&quot;credit&quot;:&quot;&quot;,&quot;camera&quot;:&quot;&quot;,&quot;caption&quot;:&quot;&quot;,&quot;created_timestamp&quot;:&quot;0&quot;,&quot;copyright&quot;:&quot;&quot;,&quot;focal_length&quot;:&quot;0&quot;,&quot;iso&quot;:&quot;0&quot;,&quot;shutter_speed&quot;:&quot;0&quot;,&quot;title&quot;:&quot;&quot;,&quot;orientation&quot;:&quot;0&quot;}\" data-image-title=\"furie-tentatrice-callahan\" data-image-description=\"\" data-image-caption=\"&lt;p&gt;Coreene Callahan, auteure de la saga Dragonfury&lt;\/p&gt;\n\" data-medium-file=\"https:\/\/smallthings.fr\/lespetitslivres\/wp-content\/uploads\/2015\/12\/furie-tentatrice-callahan.jpg\" data-large-file=\"https:\/\/smallthings.fr\/lespetitslivres\/wp-content\/uploads\/2015\/12\/furie-tentatrice-callahan.jpg\" class=\"size-full wp-image-29241\" src=\"http:\/\/smallthings.fr\/lespetitslivres\/wp-content\/uploads\/2015\/12\/furie-tentatrice-callahan.jpg\" alt=\"Coreene Callahan, auteure de la saga Dragonfury\" width=\"200\" height=\"259\" \/><\/a><p id=\"caption-attachment-29241\" class=\"wp-caption-text\">Coreene Callahan, auteure de la saga Dragonfury<\/p><\/div>\n<p>Il semblerait que <strong><em>Furie tentatrice<\/em><\/strong> soit un tome cr\u00e9\u00e9 uniquement pour mettre en place de futurs rebondissements. L\u2019histoire en elle-m\u00eame est d\u00e9cevante\u00a0: le suspense n\u2019est pas du tout au rendez-vous, l\u2019intrigue est b\u00e2cl\u00e9e, de nombreuses questions restent sans r\u00e9ponses et le lecteur est d\u00e9\u00e7u de ces deux personnages qui avaient pourtant pris une grande place dans l\u2019histoire d\u00e8s le d\u00e9but de la saga. J\u2019attendais beaucoup du tome de Mac et Tania mais <strong><em>Furie tentatrice<\/em><\/strong> n\u2019a pas combl\u00e9 mes esp\u00e9rances\u2026 Il ne reste plus qu\u2019\u00e0 souhaiter que le prochain tome rel\u00e8ve le niveau de la saga <strong><em>Dragonfury<\/em><\/strong>\u00a0!<\/p>\n<blockquote><p>\u00ab\u00a0&#8211; Bastian\u2026, murmura Myst, le visage tr\u00e8s p\u00e2le, la peur se lisant dans ses yeux violets. Si nous pouvons regarder \u00e7a, alors les Razorback le peuvent aussi. Si Ivar met la main sur elle, il\u2026 Oh, mon Dieu\u00a0! il va\u2026 Il faut que tu la trouves avant lui.\u00a0\u00bb<\/p><\/blockquote>\n","protected":false},"excerpt":{"rendered":"<p>Furie tentatrice est le troisi\u00e8me tome de la saga Dragonfury de Coreene Callahan. Sorti le 23 octobre dernier aux \u00e9ditions Milady, il met en sc\u00e8ne Mac, ancien flic devenu homme dragon et Tania, la meilleure amie de Myst. La jeune femme est convoit\u00e9e pour son \u00e9nergie et Mac devra la sauver des mains d\u2019Ivar, le<\/p>\n","protected":false},"author":14,"featured_media":29240,"comment_status":"open","ping_status":"open","sticky":false,"template":"","format":"standard","meta":{"jetpack_post_was_ever_published":false,"_jetpack_newsletter_access":"","_jetpack_newsletter_tier_id":0,"footnotes":"","jetpack_publicize_message":"","jetpack_is_tweetstorm":false,"jetpack_publicize_feature_enabled":true,"jetpack_social_post_already_shared":true,"jetpack_social_options":{"image_generator_settings":{"template":"highway","enabled":false}}},"categories":[1121,1107],"tags":[832,833,1192],"jetpack_publicize_connections":[],"yoast_head":"<!-- This site is optimized with the Yoast SEO plugin v21.5 - https:\/\/yoast.com\/wordpress\/plugins\/seo\/ -->\n<title>Furie tentatrice : le T3 de la saga Dragonfury est d\u00e9cevant<\/title>\n<meta name=\"description\" content=\"Furie tentatrice est le troisi\u00e8me tome de la saga Dragonfury de Coreen Callahan. Sorti le 23 octobre dernier aux \u00e9ditions Milady, il met en sc\u00e8ne\" \/>\n<meta name=\"robots\" content=\"index, follow, max-snippet:-1, max-image-preview:large, max-video-preview:-1\" \/>\n<link rel=\"canonical\" href=\"https:\/\/smallthings.fr\/lespetitslivres\/2015\/12\/01\/furie-tentatrice-saga-dragonfury-critique\/\" \/>\n<meta property=\"og:locale\" content=\"fr_FR\" \/>\n<meta property=\"og:type\" content=\"article\" \/>\n<meta property=\"og:title\" content=\"Furie tentatrice : le T3 de la saga Dragonfury est d\u00e9cevant\" \/>\n<meta property=\"og:description\" content=\"Furie tentatrice est le troisi\u00e8me tome de la saga Dragonfury de Coreen Callahan. Sorti le 23 octobre dernier aux \u00e9ditions Milady, il met en sc\u00e8ne\" \/>\n<meta property=\"og:url\" content=\"https:\/\/smallthings.fr\/lespetitslivres\/2015\/12\/01\/furie-tentatrice-saga-dragonfury-critique\/\" \/>\n<meta property=\"og:site_name\" content=\"Les Petits Livres\" \/>\n<meta property=\"article:published_time\" content=\"2015-12-01T13:10:33+00:00\" \/>\n<meta property=\"article:modified_time\" content=\"2015-12-01T11:57:40+00:00\" \/>\n<meta property=\"og:image\" content=\"https:\/\/smallthings.fr\/lespetitslivres\/wp-content\/uploads\/2015\/12\/furie-tentatrice-dragonfury-couv.jpg\" \/>\n\t<meta property=\"og:image:width\" content=\"1400\" \/>\n\t<meta property=\"og:image:height\" content=\"962\" \/>\n\t<meta property=\"og:image:type\" content=\"image\/jpeg\" \/>\n<meta name=\"author\" content=\"Jennifer\" \/>\n<meta name=\"twitter:card\" content=\"summary_large_image\" \/>\n<meta name=\"twitter:label1\" content=\"\u00c9crit par\" \/>\n\t<meta name=\"twitter:data1\" content=\"Jennifer\" \/>\n\t<meta name=\"twitter:label2\" content=\"Dur\u00e9e de lecture estim\u00e9e\" \/>\n\t<meta name=\"twitter:data2\" content=\"3 minutes\" \/>\n<script type=\"application\/ld+json\" class=\"yoast-schema-graph\">{\"@context\":\"https:\/\/schema.org\",\"@graph\":[{\"@type\":\"WebPage\",\"@id\":\"https:\/\/smallthings.fr\/lespetitslivres\/2015\/12\/01\/furie-tentatrice-saga-dragonfury-critique\/\",\"url\":\"https:\/\/smallthings.fr\/lespetitslivres\/2015\/12\/01\/furie-tentatrice-saga-dragonfury-critique\/\",\"name\":\"Furie tentatrice : le T3 de la saga Dragonfury est d\u00e9cevant\",\"isPartOf\":{\"@id\":\"https:\/\/smallthings.fr\/lespetitslivres\/#website\"},\"datePublished\":\"2015-12-01T13:10:33+00:00\",\"dateModified\":\"2015-12-01T11:57:40+00:00\",\"author\":{\"@id\":\"https:\/\/smallthings.fr\/lespetitslivres\/#\/schema\/person\/bb8808220f912e72f01f7a55924d9ad1\"},\"description\":\"Furie tentatrice est le troisi\u00e8me tome de la saga Dragonfury de Coreen Callahan. Sorti le 23 octobre dernier aux \u00e9ditions Milady, il met en sc\u00e8ne\",\"breadcrumb\":{\"@id\":\"https:\/\/smallthings.fr\/lespetitslivres\/2015\/12\/01\/furie-tentatrice-saga-dragonfury-critique\/#breadcrumb\"},\"inLanguage\":\"fr-FR\",\"potentialAction\":[{\"@type\":\"ReadAction\",\"target\":[\"https:\/\/smallthings.fr\/lespetitslivres\/2015\/12\/01\/furie-tentatrice-saga-dragonfury-critique\/\"]}]},{\"@type\":\"BreadcrumbList\",\"@id\":\"https:\/\/smallthings.fr\/lespetitslivres\/2015\/12\/01\/furie-tentatrice-saga-dragonfury-critique\/#breadcrumb\",\"itemListElement\":[{\"@type\":\"ListItem\",\"position\":1,\"name\":\"Accueil\",\"item\":\"https:\/\/smallthings.fr\/lespetitslivres\/\"},{\"@type\":\"ListItem\",\"position\":2,\"name\":\"Furie tentatrice : le T3 de la saga Dragonfury est d\u00e9cevant\"}]},{\"@type\":\"WebSite\",\"@id\":\"https:\/\/smallthings.fr\/lespetitslivres\/#website\",\"url\":\"https:\/\/smallthings.fr\/lespetitslivres\/\",\"name\":\"Les Petits Livres\",\"description\":\"by Small Things\",\"potentialAction\":[{\"@type\":\"SearchAction\",\"target\":{\"@type\":\"EntryPoint\",\"urlTemplate\":\"https:\/\/smallthings.fr\/lespetitslivres\/?s={search_term_string}\"},\"query-input\":\"required name=search_term_string\"}],\"inLanguage\":\"fr-FR\"},{\"@type\":\"Person\",\"@id\":\"https:\/\/smallthings.fr\/lespetitslivres\/#\/schema\/person\/bb8808220f912e72f01f7a55924d9ad1\",\"name\":\"Jennifer\",\"image\":{\"@type\":\"ImageObject\",\"inLanguage\":\"fr-FR\",\"@id\":\"https:\/\/smallthings.fr\/lespetitslivres\/#\/schema\/person\/image\/\",\"url\":\"https:\/\/secure.gravatar.com\/avatar\/ffcd6b107b6b18c3d5201f1bcc631683?s=96&d=retro&r=g\",\"contentUrl\":\"https:\/\/secure.gravatar.com\/avatar\/ffcd6b107b6b18c3d5201f1bcc631683?s=96&d=retro&r=g\",\"caption\":\"Jennifer\"},\"url\":\"https:\/\/smallthings.fr\/lespetitslivres\/author\/jennifer\/\"}]}<\/script>\n<!-- \/ Yoast SEO plugin. -->","yoast_head_json":{"title":"Furie tentatrice : le T3 de la saga Dragonfury est d\u00e9cevant","description":"Furie tentatrice est le troisi\u00e8me tome de la saga Dragonfury de Coreen Callahan. Sorti le 23 octobre dernier aux \u00e9ditions Milady, il met en sc\u00e8ne","robots":{"index":"index","follow":"follow","max-snippet":"max-snippet:-1","max-image-preview":"max-image-preview:large","max-video-preview":"max-video-preview:-1"},"canonical":"https:\/\/smallthings.fr\/lespetitslivres\/2015\/12\/01\/furie-tentatrice-saga-dragonfury-critique\/","og_locale":"fr_FR","og_type":"article","og_title":"Furie tentatrice : le T3 de la saga Dragonfury est d\u00e9cevant","og_description":"Furie tentatrice est le troisi\u00e8me tome de la saga Dragonfury de Coreen Callahan. Sorti le 23 octobre dernier aux \u00e9ditions Milady, il met en sc\u00e8ne","og_url":"https:\/\/smallthings.fr\/lespetitslivres\/2015\/12\/01\/furie-tentatrice-saga-dragonfury-critique\/","og_site_name":"Les Petits Livres","article_published_time":"2015-12-01T13:10:33+00:00","article_modified_time":"2015-12-01T11:57:40+00:00","og_image":[{"width":1400,"height":962,"url":"https:\/\/smallthings.fr\/lespetitslivres\/wp-content\/uploads\/2015\/12\/furie-tentatrice-dragonfury-couv.jpg","type":"image\/jpeg"}],"author":"Jennifer","twitter_card":"summary_large_image","twitter_misc":{"\u00c9crit par":"Jennifer","Dur\u00e9e de lecture estim\u00e9e":"3 minutes"},"schema":{"@context":"https:\/\/schema.org","@graph":[{"@type":"WebPage","@id":"https:\/\/smallthings.fr\/lespetitslivres\/2015\/12\/01\/furie-tentatrice-saga-dragonfury-critique\/","url":"https:\/\/smallthings.fr\/lespetitslivres\/2015\/12\/01\/furie-tentatrice-saga-dragonfury-critique\/","name":"Furie tentatrice : le T3 de la saga Dragonfury est d\u00e9cevant","isPartOf":{"@id":"https:\/\/smallthings.fr\/lespetitslivres\/#website"},"datePublished":"2015-12-01T13:10:33+00:00","dateModified":"2015-12-01T11:57:40+00:00","author":{"@id":"https:\/\/smallthings.fr\/lespetitslivres\/#\/schema\/person\/bb8808220f912e72f01f7a55924d9ad1"},"description":"Furie tentatrice est le troisi\u00e8me tome de la saga Dragonfury de Coreen Callahan. Sorti le 23 octobre dernier aux \u00e9ditions Milady, il met en sc\u00e8ne","breadcrumb":{"@id":"https:\/\/smallthings.fr\/lespetitslivres\/2015\/12\/01\/furie-tentatrice-saga-dragonfury-critique\/#breadcrumb"},"inLanguage":"fr-FR","potentialAction":[{"@type":"ReadAction","target":["https:\/\/smallthings.fr\/lespetitslivres\/2015\/12\/01\/furie-tentatrice-saga-dragonfury-critique\/"]}]},{"@type":"BreadcrumbList","@id":"https:\/\/smallthings.fr\/lespetitslivres\/2015\/12\/01\/furie-tentatrice-saga-dragonfury-critique\/#breadcrumb","itemListElement":[{"@type":"ListItem","position":1,"name":"Accueil","item":"https:\/\/smallthings.fr\/lespetitslivres\/"},{"@type":"ListItem","position":2,"name":"Furie tentatrice : le T3 de la saga Dragonfury est d\u00e9cevant"}]},{"@type":"WebSite","@id":"https:\/\/smallthings.fr\/lespetitslivres\/#website","url":"https:\/\/smallthings.fr\/lespetitslivres\/","name":"Les Petits Livres","description":"by Small Things","potentialAction":[{"@type":"SearchAction","target":{"@type":"EntryPoint","urlTemplate":"https:\/\/smallthings.fr\/lespetitslivres\/?s={search_term_string}"},"query-input":"required name=search_term_string"}],"inLanguage":"fr-FR"},{"@type":"Person","@id":"https:\/\/smallthings.fr\/lespetitslivres\/#\/schema\/person\/bb8808220f912e72f01f7a55924d9ad1","name":"Jennifer","image":{"@type":"ImageObject","inLanguage":"fr-FR","@id":"https:\/\/smallthings.fr\/lespetitslivres\/#\/schema\/person\/image\/","url":"https:\/\/secure.gravatar.com\/avatar\/ffcd6b107b6b18c3d5201f1bcc631683?s=96&d=retro&r=g","contentUrl":"https:\/\/secure.gravatar.com\/avatar\/ffcd6b107b6b18c3d5201f1bcc631683?s=96&d=retro&r=g","caption":"Jennifer"},"url":"https:\/\/smallthings.fr\/lespetitslivres\/author\/jennifer\/"}]}},"jetpack_featured_media_url":"https:\/\/smallthings.fr\/lespetitslivres\/wp-content\/uploads\/2015\/12\/furie-tentatrice-dragonfury-couv.jpg","jetpack_sharing_enabled":true,"jetpack_shortlink":"https:\/\/wp.me\/p6Un21-7By","jetpack-related-posts":[{"id":22851,"url":"https:\/\/smallthings.fr\/lespetitslivres\/2015\/04\/25\/furie-de-glace-deuxieme-tome-dragonfury\/","url_meta":{"origin":29236,"position":0},"title":"Furie de Glace, deuxi\u00e8me tome de la saga Dragonfury","author":"Jennifer","date":"25 avril 2015","format":false,"excerpt":"Furie de Glace, deuxi\u00e8me tome de la saga Dragonfury de Coreene Callahan, est sorti hier, 24 avril, aux \u00e9ditions Milady. Cette fois-ci, c\u2019est l\u2019histoire de Rikar que l\u2019on va suivre. Le dernier dragon de glace est tomb\u00e9 amoureux de la d\u00e9tective Angela Keene et il fera tout pour la sauver,\u2026","rel":"","context":"Dans &quot;Fantastique&quot;","block_context":{"text":"Fantastique","link":"https:\/\/smallthings.fr\/lespetitslivres\/category\/imaginaire\/fantastique\/"},"img":{"alt_text":"","src":"https:\/\/i0.wp.com\/smallthings.fr\/wp-content\/uploads\/2015\/04\/furie-de-glace-dragonfury-494x800.jpg?resize=350%2C200","width":350,"height":200},"classes":[]},{"id":16921,"url":"https:\/\/smallthings.fr\/lespetitslivres\/2014\/09\/30\/dragonfury-saga-bit-lit-milady-callahan\/","url_meta":{"origin":29236,"position":1},"title":"Dragonfury, une nouvelle saga bit-lit aux \u00e9ditions Milady","author":"Jennifer","date":"30 septembre 2014","format":false,"excerpt":"Une nouvelle saga bit-lit a fait son apparition aux \u00e9ditions Milady le 19 septembre dernier. Il s\u2019agit de Dragonfury de Coreene Callahan, une auteure encore inconnue en France. Dans le tome 1, Furie de Flamme, on d\u00e9couvre le ton de la s\u00e9rie\u00a0: les Nightfury, des hommes se transformant en dragons,\u2026","rel":"","context":"Dans &quot;Fantastique&quot;","block_context":{"text":"Fantastique","link":"https:\/\/smallthings.fr\/lespetitslivres\/category\/imaginaire\/fantastique\/"},"img":{"alt_text":"","src":"https:\/\/i0.wp.com\/smallthings.fr\/wp-content\/uploads\/2014\/09\/Dragonfury-Furie-de-Flamme.jpg?resize=350%2C200","width":350,"height":200},"classes":[]},{"id":21947,"url":"https:\/\/smallthings.fr\/lespetitslivres\/2015\/03\/29\/marjane-la-crypte-young-adult-avis\/","url_meta":{"origin":29236,"position":2},"title":"Marjane &#8211; La Crypte : une nouvelle saga bit-lit young-adult","author":"Jennifer","date":"29 mars 2015","format":false,"excerpt":"Marjane - La Crypte est un roman \u00e9crit par Marie Pavlenko, sorti aux \u00e9ditions Pocket Jeunesse le 5 mars dernier. Il raconte l\u2019histoire de Marjane, une ninn (comprenez vampire) qui, apr\u00e8s la mort de son p\u00e8re, va devoir faire face \u00e0 des complots et des tentatives de meurtres. Marjane -\u2026","rel":"","context":"Dans &quot;Fantastique&quot;","block_context":{"text":"Fantastique","link":"https:\/\/smallthings.fr\/lespetitslivres\/category\/imaginaire\/fantastique\/"},"img":{"alt_text":"","src":"https:\/\/i0.wp.com\/smallthings.fr\/wp-content\/uploads\/2015\/03\/marjane-la-crypte-pavlenko.jpg?resize=350%2C200","width":350,"height":200},"classes":[]},{"id":29577,"url":"https:\/\/smallthings.fr\/lespetitslivres\/2016\/02\/14\/ombre-animale-makenzy-orcel-critique\/","url_meta":{"origin":29236,"position":3},"title":"L&rsquo;Ombre animale de Makenzy Orcel : un Fleuve de Mots","author":"Rebecca","date":"14 f\u00e9vrier 2016","format":false,"excerpt":"L'Ombre animale est le deuxi\u00e8me livre de Makenzy Orcel, paru le 7 janvier aux \u00e9ditions Zulma. Apr\u00e8s la lecture de ce livre, force est de constater que la litt\u00e9rature d'Ha\u00efti est largement sous-estim\u00e9e au vu de ses qualit\u00e9s uniques. N\u00e9 \u00e0 Port-au-Prince en 1983, Makenzy Orcel est d\u00e9j\u00e0 connu pour\u2026","rel":"","context":"Dans &quot;Roman \u00e9tranger&quot;","block_context":{"text":"Roman \u00e9tranger","link":"https:\/\/smallthings.fr\/lespetitslivres\/category\/roman\/roman-etranger\/"},"img":{"alt_text":"","src":"https:\/\/i0.wp.com\/smallthings.fr\/lespetitslivres\/wp-content\/uploads\/2016\/02\/l-ombre-animale-couv.jpg?resize=350%2C200&ssl=1","width":350,"height":200,"srcset":"https:\/\/i0.wp.com\/smallthings.fr\/lespetitslivres\/wp-content\/uploads\/2016\/02\/l-ombre-animale-couv.jpg?resize=350%2C200&ssl=1 1x, https:\/\/i0.wp.com\/smallthings.fr\/lespetitslivres\/wp-content\/uploads\/2016\/02\/l-ombre-animale-couv.jpg?resize=525%2C300&ssl=1 1.5x, https:\/\/i0.wp.com\/smallthings.fr\/lespetitslivres\/wp-content\/uploads\/2016\/02\/l-ombre-animale-couv.jpg?resize=700%2C400&ssl=1 2x, https:\/\/i0.wp.com\/smallthings.fr\/lespetitslivres\/wp-content\/uploads\/2016\/02\/l-ombre-animale-couv.jpg?resize=1050%2C600&ssl=1 3x, https:\/\/i0.wp.com\/smallthings.fr\/lespetitslivres\/wp-content\/uploads\/2016\/02\/l-ombre-animale-couv.jpg?resize=1400%2C800&ssl=1 4x"},"classes":[]},{"id":31941,"url":"https:\/\/smallthings.fr\/lespetitslivres\/2019\/08\/08\/la-cite-des-loups-la-suite-de-la-saga-de-maria-vale\/","url_meta":{"origin":29236,"position":4},"title":"La cit\u00e9 des loups, la suite de la saga de Maria Vale","author":"Jennifer","date":"8 ao\u00fbt 2019","format":false,"excerpt":"La cit\u00e9 des loups est le deuxi\u00e8me tome de la saga Sauvages de Maria Vale. Sorti le 19 juin chez Milady, ce roman nous fait entrer dans la vie de Elijah Sorensson, un loup-garou qui travaille comme avocat chez les Hommes. Un deuxi\u00e8me volet encore une fois tr\u00e8s int\u00e9ressant et\u2026","rel":"","context":"Dans &quot;Fantastique&quot;","block_context":{"text":"Fantastique","link":"https:\/\/smallthings.fr\/lespetitslivres\/category\/imaginaire\/fantastique\/"},"img":{"alt_text":"","src":"https:\/\/i0.wp.com\/smallthings.fr\/lespetitslivres\/wp-content\/uploads\/2019\/08\/sauvages-la-cit\u00e9-des-loups-2.jpg?resize=350%2C200&ssl=1","width":350,"height":200,"srcset":"https:\/\/i0.wp.com\/smallthings.fr\/lespetitslivres\/wp-content\/uploads\/2019\/08\/sauvages-la-cit\u00e9-des-loups-2.jpg?resize=350%2C200&ssl=1 1x, https:\/\/i0.wp.com\/smallthings.fr\/lespetitslivres\/wp-content\/uploads\/2019\/08\/sauvages-la-cit\u00e9-des-loups-2.jpg?resize=525%2C300&ssl=1 1.5x, https:\/\/i0.wp.com\/smallthings.fr\/lespetitslivres\/wp-content\/uploads\/2019\/08\/sauvages-la-cit\u00e9-des-loups-2.jpg?resize=700%2C400&ssl=1 2x, https:\/\/i0.wp.com\/smallthings.fr\/lespetitslivres\/wp-content\/uploads\/2019\/08\/sauvages-la-cit\u00e9-des-loups-2.jpg?resize=1050%2C600&ssl=1 3x, https:\/\/i0.wp.com\/smallthings.fr\/lespetitslivres\/wp-content\/uploads\/2019\/08\/sauvages-la-cit\u00e9-des-loups-2.jpg?resize=1400%2C800&ssl=1 4x"},"classes":[]},{"id":6386,"url":"https:\/\/smallthings.fr\/lespetitslivres\/2013\/08\/29\/agnes-vannouvong-apres-lamour\/","url_meta":{"origin":29236,"position":5},"title":"Agn\u00e8s Vannouvong &#8211; Apr\u00e8s l&rsquo;amour","author":"Claire","date":"29 ao\u00fbt 2013","format":false,"excerpt":"\"Apr\u00e8s l'amour\", un premier roman sensuel et sexuel publi\u00e9 par le Mercure de France en cette rentr\u00e9e litt\u00e9raire.","rel":"","context":"Dans &quot;Roman fran\u00e7ais&quot;","block_context":{"text":"Roman fran\u00e7ais","link":"https:\/\/smallthings.fr\/lespetitslivres\/category\/roman\/roman-francais\/"},"img":{"alt_text":"","src":"https:\/\/i0.wp.com\/uploads.smallthings.fr\/2013\/06\/livre_galerie_2224.jpg?resize=350%2C200","width":350,"height":200},"classes":[]}],"_links":{"self":[{"href":"https:\/\/smallthings.fr\/lespetitslivres\/wp-json\/wp\/v2\/posts\/29236"}],"collection":[{"href":"https:\/\/smallthings.fr\/lespetitslivres\/wp-json\/wp\/v2\/posts"}],"about":[{"href":"https:\/\/smallthings.fr\/lespetitslivres\/wp-json\/wp\/v2\/types\/post"}],"author":[{"embeddable":true,"href":"https:\/\/smallthings.fr\/lespetitslivres\/wp-json\/wp\/v2\/users\/14"}],"replies":[{"embeddable":true,"href":"https:\/\/smallthings.fr\/lespetitslivres\/wp-json\/wp\/v2\/comments?post=29236"}],"version-history":[{"count":4,"href":"https:\/\/smallthings.fr\/lespetitslivres\/wp-json\/wp\/v2\/posts\/29236\/revisions"}],"predecessor-version":[{"id":29243,"href":"https:\/\/smallthings.fr\/lespetitslivres\/wp-json\/wp\/v2\/posts\/29236\/revisions\/29243"}],"wp:featuredmedia":[{"embeddable":true,"href":"https:\/\/smallthings.fr\/lespetitslivres\/wp-json\/wp\/v2\/media\/29240"}],"wp:attachment":[{"href":"https:\/\/smallthings.fr\/lespetitslivres\/wp-json\/wp\/v2\/media?parent=29236"}],"wp:term":[{"taxonomy":"category","embeddable":true,"href":"https:\/\/smallthings.fr\/lespetitslivres\/wp-json\/wp\/v2\/categories?post=29236"},{"taxonomy":"post_tag","embeddable":true,"href":"https:\/\/smallthings.fr\/lespetitslivres\/wp-json\/wp\/v2\/tags?post=29236"}],"curies":[{"name":"wp","href":"https:\/\/api.w.org\/{rel}","templated":true}]}}