{"id":29228,"date":"2015-11-30T16:18:09","date_gmt":"2015-11-30T15:18:09","guid":{"rendered":"http:\/\/smallthings.fr\/lespetitslivres\/?p=29228"},"modified":"2015-11-30T16:18:09","modified_gmt":"2015-11-30T15:18:09","slug":"n-oublie-pas-mon-petit-soulier-katz-critique","status":"publish","type":"post","link":"https:\/\/smallthings.fr\/lespetitslivres\/2015\/11\/30\/n-oublie-pas-mon-petit-soulier-katz-critique\/","title":{"rendered":"N&rsquo;oublie pas mon petit soulier : roman de No\u00ebl survolt\u00e9"},"content":{"rendered":"<h2>Avec <em>N&rsquo;oublie pas mon petit soulier<\/em> de Gabriel Katz, les <a href=\"http:\/\/www.editions-jclattes.fr\/noublie-pas-mon-petit-soulier-9782702442609\" target=\"_blank\">\u00e9ditions du Masque<\/a> misent sur un premier polar \u00e0 l&rsquo;approche de No\u00ebl. L&rsquo;\u00e9diteur a \u00e9galement r\u00e9alis\u00e9 deux petits clips vid\u00e9os \u00e0 mourir de rire, dans le style de <em>Bref<\/em>. L&rsquo;auteur n&rsquo;est pas un novice : longtemps n\u00e8gre pour des personnalit\u00e9s connues et moins talentueuses que lui, il a aussi touch\u00e9 aux sc\u00e9narios t\u00e9l\u00e9vis\u00e9s et au fantastique. Ce premier polar loufoque est un pari r\u00e9ussi.<\/h2>\n<p><a href=\"http:\/\/smallthings.fr\/lespetitslivres\/wp-content\/uploads\/2015\/11\/n-oublie-pas-mon-petit-soulier.jpg\"><img loading=\"lazy\" decoding=\"async\" data-attachment-id=\"29229\" data-permalink=\"https:\/\/smallthings.fr\/lespetitslivres\/2015\/11\/30\/n-oublie-pas-mon-petit-soulier-katz-critique\/n-oublie-pas-mon-petit-soulier\/\" data-orig-file=\"https:\/\/smallthings.fr\/lespetitslivres\/wp-content\/uploads\/2015\/11\/n-oublie-pas-mon-petit-soulier.jpg\" data-orig-size=\"1000,1363\" data-comments-opened=\"1\" data-image-meta=\"{&quot;aperture&quot;:&quot;0&quot;,&quot;credit&quot;:&quot;&quot;,&quot;camera&quot;:&quot;&quot;,&quot;caption&quot;:&quot;&quot;,&quot;created_timestamp&quot;:&quot;0&quot;,&quot;copyright&quot;:&quot;&quot;,&quot;focal_length&quot;:&quot;0&quot;,&quot;iso&quot;:&quot;0&quot;,&quot;shutter_speed&quot;:&quot;0&quot;,&quot;title&quot;:&quot;&quot;,&quot;orientation&quot;:&quot;0&quot;}\" data-image-title=\"n-oublie-pas-mon-petit-soulier\" data-image-description=\"\" data-image-caption=\"\" data-medium-file=\"https:\/\/smallthings.fr\/lespetitslivres\/wp-content\/uploads\/2015\/11\/n-oublie-pas-mon-petit-soulier-220x300.jpg\" data-large-file=\"https:\/\/smallthings.fr\/lespetitslivres\/wp-content\/uploads\/2015\/11\/n-oublie-pas-mon-petit-soulier-751x1024.jpg\" class=\"alignright wp-image-29229\" src=\"http:\/\/smallthings.fr\/lespetitslivres\/wp-content\/uploads\/2015\/11\/n-oublie-pas-mon-petit-soulier-751x1024.jpg\" alt=\"n-oublie-pas-mon-petit-soulier\" width=\"261\" height=\"356\" srcset=\"https:\/\/smallthings.fr\/lespetitslivres\/wp-content\/uploads\/2015\/11\/n-oublie-pas-mon-petit-soulier-751x1024.jpg 751w, https:\/\/smallthings.fr\/lespetitslivres\/wp-content\/uploads\/2015\/11\/n-oublie-pas-mon-petit-soulier-220x300.jpg 220w, https:\/\/smallthings.fr\/lespetitslivres\/wp-content\/uploads\/2015\/11\/n-oublie-pas-mon-petit-soulier-768x1047.jpg 768w, https:\/\/smallthings.fr\/lespetitslivres\/wp-content\/uploads\/2015\/11\/n-oublie-pas-mon-petit-soulier.jpg 1000w\" sizes=\"(max-width: 261px) 100vw, 261px\" \/><\/a>Benjamin est un bel acteur rat\u00e9 qui a une sacr\u00e9e loose et se retrouve \u00e0 l&rsquo;approche des f\u00eates \u00e0 faire le P\u00e8re No\u00ebl pour les Galeries Lafayette. Coinc\u00e9 entre deux gamins insupportables, quelle n&rsquo;est pas sa surprise lorsque d\u00e9boule Victoire, belle petite parisienne pourrie g\u00e2t\u00e9e affubl\u00e9e de ses gardes du corps. Benjamin, s\u00e9ducteur en s\u00e9rie, craque et l\u00e2che barbe et bonnet pour la suivre les yeux ferm\u00e9s. Il est loin d&rsquo;imaginer que Victoire est en fait la copine d&rsquo;un mafieux albanais, qui ne verra pas leur liaison d&rsquo;un tr\u00e8s bon \u0153il. Benjamin se retrouve alors dans une fuite effr\u00e9n\u00e9e en Tha\u00eflande qui le m\u00e8nera sur plus d&rsquo;une \u00eele paradisiaque, entre cocktails aux fruits, pistolets et jolies filles.<\/p>\n<div id=\"attachment_29230\" style=\"width: 248px\" class=\"wp-caption alignleft\"><a href=\"http:\/\/smallthings.fr\/lespetitslivres\/wp-content\/uploads\/2015\/11\/gabriel-katz.jpg\"><img loading=\"lazy\" decoding=\"async\" aria-describedby=\"caption-attachment-29230\" data-attachment-id=\"29230\" data-permalink=\"https:\/\/smallthings.fr\/lespetitslivres\/2015\/11\/30\/n-oublie-pas-mon-petit-soulier-katz-critique\/gabriel-katz\/\" data-orig-file=\"https:\/\/smallthings.fr\/lespetitslivres\/wp-content\/uploads\/2015\/11\/gabriel-katz.jpg\" data-orig-size=\"800,600\" data-comments-opened=\"1\" data-image-meta=\"{&quot;aperture&quot;:&quot;2.8&quot;,&quot;credit&quot;:&quot;Picasa&quot;,&quot;camera&quot;:&quot;DMC-FZ38&quot;,&quot;caption&quot;:&quot;&quot;,&quot;created_timestamp&quot;:&quot;1364731364&quot;,&quot;copyright&quot;:&quot;&quot;,&quot;focal_length&quot;:&quot;4.8&quot;,&quot;iso&quot;:&quot;400&quot;,&quot;shutter_speed&quot;:&quot;0.066666666666667&quot;,&quot;title&quot;:&quot;&quot;,&quot;orientation&quot;:&quot;0&quot;}\" data-image-title=\"gabriel-katz\" data-image-description=\"\" data-image-caption=\"&lt;p&gt;Gabriel Katz&lt;\/p&gt;\n\" data-medium-file=\"https:\/\/smallthings.fr\/lespetitslivres\/wp-content\/uploads\/2015\/11\/gabriel-katz-300x225.jpg\" data-large-file=\"https:\/\/smallthings.fr\/lespetitslivres\/wp-content\/uploads\/2015\/11\/gabriel-katz.jpg\" class=\" wp-image-29230\" src=\"http:\/\/smallthings.fr\/lespetitslivres\/wp-content\/uploads\/2015\/11\/gabriel-katz.jpg\" alt=\"Gabriel Katz\" width=\"238\" height=\"179\" srcset=\"https:\/\/smallthings.fr\/lespetitslivres\/wp-content\/uploads\/2015\/11\/gabriel-katz.jpg 800w, https:\/\/smallthings.fr\/lespetitslivres\/wp-content\/uploads\/2015\/11\/gabriel-katz-300x225.jpg 300w, https:\/\/smallthings.fr\/lespetitslivres\/wp-content\/uploads\/2015\/11\/gabriel-katz-768x576.jpg 768w\" sizes=\"(max-width: 238px) 100vw, 238px\" \/><\/a><p id=\"caption-attachment-29230\" class=\"wp-caption-text\">Gabriel Katz<\/p><\/div>\n<p>L&rsquo;\u00e9criture de <strong><em>N&rsquo;oublie pas mon petit soulier<\/em><\/strong> est orale, famili\u00e8re et dr\u00f4le, on sourit tout du long. L&rsquo;ensemble se lit tr\u00e8s vite, avec plaisir, et ce f\u00fbt <strong>un v\u00e9ritable rayon de soleil dans le morne m\u00e9tro parisien<\/strong>. Ne vous fiez pas \u00e0 la couverture de type <em>Le Diable s&rsquo;habille en Prada<\/em> : le personnage est bel et bien masculin, et cet adulescent paum\u00e9 se faisant mener par le bout du nez par une jolie fille saura vous s\u00e9duire. Seul regret : une vision de la Tha\u00eflande un peu clich\u00e9e et touristique, sans doute un voyage coup de c\u0153ur que l&rsquo;auteur a voulu d\u00e9tailler avec un peu de maladresse. Cela ne g\u00e2che en rien la qualit\u00e9 de <strong><em>N&rsquo;oublie pas mon petit soulier <\/em><\/strong>: \u00e0 lire et \u00e0 offrir, pour rire \u00e0 No\u00ebl et r\u00e9chauffer les f\u00eates.<\/p>\n<blockquote><p>\u00ab\u00a0Je n&rsquo;ai qu&rsquo;un mot \u00e0 dire : putain de sa m\u00e8re.<\/p>\n<p>Sourire complice de Victoire, qui m&rsquo;observe avec une fascination presque enfantine, comme une bestiole au zoo.<\/p>\n<p>&#8211; Alors ?<\/p>\n<p>&#8211; D\u00e9licieux.<\/p>\n<p>&#8211; Attends de voir le reste.<\/p>\n<p>J&rsquo;aime cette promesse.\u00a0\u00bb<\/p>\n<p>&nbsp;<\/p><\/blockquote>\n<p><strong>La vid\u00e9o teaser de <em>N&rsquo;oublie pas mon petit soulier<\/em> en version courte<\/strong><\/p>\n<p><iframe loading=\"lazy\" src=\"https:\/\/www.youtube.com\/embed\/dG96D2MegAo?list=PLCXhNmmxmX_u6u8x8ZNFQvOOgyR0qpSSO\" width=\"560\" height=\"315\" frameborder=\"0\" allowfullscreen=\"allowfullscreen\"><\/iframe><\/p>\n<p><strong>Et en version longue<\/strong><\/p>\n<p><iframe loading=\"lazy\" src=\"https:\/\/www.youtube.com\/embed\/lY5YydrqwDA?list=PLCXhNmmxmX_u6u8x8ZNFQvOOgyR0qpSSO\" width=\"560\" height=\"315\" frameborder=\"0\" allowfullscreen=\"allowfullscreen\"><\/iframe><\/p>\n","protected":false},"excerpt":{"rendered":"<p>Avec N&rsquo;oublie pas mon petit soulier de Gabriel Katz, les \u00e9ditions du Masque misent sur un premier polar \u00e0 l&rsquo;approche de No\u00ebl. L&rsquo;\u00e9diteur a \u00e9galement r\u00e9alis\u00e9 deux petits clips vid\u00e9os \u00e0 mourir de rire, dans le style de Bref. L&rsquo;auteur n&rsquo;est pas un novice : longtemps n\u00e8gre pour des personnalit\u00e9s connues et moins talentueuses que<\/p>\n","protected":false},"author":8,"featured_media":29233,"comment_status":"open","ping_status":"open","sticky":false,"template":"","format":"standard","meta":{"jetpack_post_was_ever_published":false,"_jetpack_newsletter_access":"","_jetpack_newsletter_tier_id":0,"footnotes":"","jetpack_publicize_message":"","jetpack_is_tweetstorm":false,"jetpack_publicize_feature_enabled":true,"jetpack_social_post_already_shared":true,"jetpack_social_options":{"image_generator_settings":{"template":"highway","enabled":false}}},"categories":[1121,1111],"tags":[1189,1188,1190,7],"jetpack_publicize_connections":[],"yoast_head":"<!-- This site is optimized with the Yoast SEO plugin v21.5 - https:\/\/yoast.com\/wordpress\/plugins\/seo\/ -->\n<title>N&#039;oublie pas mon petit soulier : roman de No\u00ebl survolt\u00e9<\/title>\n<meta name=\"description\" content=\"Avec N&#039;oublie pas mon petit soulier de Gabriel Katz, les \u00e9ditions du Masque misent sur un premier polar \u00e0 l&#039;approche de No\u00ebl. L&#039;\u00e9diteur a \u00e9galement r\u00e9alis\u00e9\" \/>\n<meta name=\"robots\" content=\"index, follow, max-snippet:-1, max-image-preview:large, max-video-preview:-1\" \/>\n<link rel=\"canonical\" href=\"https:\/\/smallthings.fr\/lespetitslivres\/2015\/11\/30\/n-oublie-pas-mon-petit-soulier-katz-critique\/\" \/>\n<meta property=\"og:locale\" content=\"fr_FR\" \/>\n<meta property=\"og:type\" content=\"article\" \/>\n<meta property=\"og:title\" content=\"N&#039;oublie pas mon petit soulier : roman de No\u00ebl survolt\u00e9\" \/>\n<meta property=\"og:description\" content=\"Avec N&#039;oublie pas mon petit soulier de Gabriel Katz, les \u00e9ditions du Masque misent sur un premier polar \u00e0 l&#039;approche de No\u00ebl. L&#039;\u00e9diteur a \u00e9galement r\u00e9alis\u00e9\" \/>\n<meta property=\"og:url\" content=\"https:\/\/smallthings.fr\/lespetitslivres\/2015\/11\/30\/n-oublie-pas-mon-petit-soulier-katz-critique\/\" \/>\n<meta property=\"og:site_name\" content=\"Les Petits Livres\" \/>\n<meta property=\"article:published_time\" content=\"2015-11-30T15:18:09+00:00\" \/>\n<meta property=\"og:image\" content=\"https:\/\/smallthings.fr\/lespetitslivres\/wp-content\/uploads\/2015\/11\/n-oublie-pas-mon-petit-soulier-couv.jpg\" \/>\n\t<meta property=\"og:image:width\" content=\"1200\" \/>\n\t<meta property=\"og:image:height\" content=\"805\" \/>\n\t<meta property=\"og:image:type\" content=\"image\/jpeg\" \/>\n<meta name=\"author\" content=\"Lola\" \/>\n<meta name=\"twitter:card\" content=\"summary_large_image\" \/>\n<meta name=\"twitter:label1\" content=\"\u00c9crit par\" \/>\n\t<meta name=\"twitter:data1\" content=\"Lola\" \/>\n\t<meta name=\"twitter:label2\" content=\"Dur\u00e9e de lecture estim\u00e9e\" \/>\n\t<meta name=\"twitter:data2\" content=\"2 minutes\" \/>\n<script type=\"application\/ld+json\" class=\"yoast-schema-graph\">{\"@context\":\"https:\/\/schema.org\",\"@graph\":[{\"@type\":\"WebPage\",\"@id\":\"https:\/\/smallthings.fr\/lespetitslivres\/2015\/11\/30\/n-oublie-pas-mon-petit-soulier-katz-critique\/\",\"url\":\"https:\/\/smallthings.fr\/lespetitslivres\/2015\/11\/30\/n-oublie-pas-mon-petit-soulier-katz-critique\/\",\"name\":\"N'oublie pas mon petit soulier : roman de No\u00ebl survolt\u00e9\",\"isPartOf\":{\"@id\":\"https:\/\/smallthings.fr\/lespetitslivres\/#website\"},\"datePublished\":\"2015-11-30T15:18:09+00:00\",\"dateModified\":\"2015-11-30T15:18:09+00:00\",\"author\":{\"@id\":\"https:\/\/smallthings.fr\/lespetitslivres\/#\/schema\/person\/2740f045446c63eaf59a094edb250075\"},\"description\":\"Avec N'oublie pas mon petit soulier de Gabriel Katz, les \u00e9ditions du Masque misent sur un premier polar \u00e0 l'approche de No\u00ebl. L'\u00e9diteur a \u00e9galement r\u00e9alis\u00e9\",\"breadcrumb\":{\"@id\":\"https:\/\/smallthings.fr\/lespetitslivres\/2015\/11\/30\/n-oublie-pas-mon-petit-soulier-katz-critique\/#breadcrumb\"},\"inLanguage\":\"fr-FR\",\"potentialAction\":[{\"@type\":\"ReadAction\",\"target\":[\"https:\/\/smallthings.fr\/lespetitslivres\/2015\/11\/30\/n-oublie-pas-mon-petit-soulier-katz-critique\/\"]}]},{\"@type\":\"BreadcrumbList\",\"@id\":\"https:\/\/smallthings.fr\/lespetitslivres\/2015\/11\/30\/n-oublie-pas-mon-petit-soulier-katz-critique\/#breadcrumb\",\"itemListElement\":[{\"@type\":\"ListItem\",\"position\":1,\"name\":\"Accueil\",\"item\":\"https:\/\/smallthings.fr\/lespetitslivres\/\"},{\"@type\":\"ListItem\",\"position\":2,\"name\":\"N&rsquo;oublie pas mon petit soulier : roman de No\u00ebl survolt\u00e9\"}]},{\"@type\":\"WebSite\",\"@id\":\"https:\/\/smallthings.fr\/lespetitslivres\/#website\",\"url\":\"https:\/\/smallthings.fr\/lespetitslivres\/\",\"name\":\"Les Petits Livres\",\"description\":\"by Small Things\",\"potentialAction\":[{\"@type\":\"SearchAction\",\"target\":{\"@type\":\"EntryPoint\",\"urlTemplate\":\"https:\/\/smallthings.fr\/lespetitslivres\/?s={search_term_string}\"},\"query-input\":\"required name=search_term_string\"}],\"inLanguage\":\"fr-FR\"},{\"@type\":\"Person\",\"@id\":\"https:\/\/smallthings.fr\/lespetitslivres\/#\/schema\/person\/2740f045446c63eaf59a094edb250075\",\"name\":\"Lola\",\"image\":{\"@type\":\"ImageObject\",\"inLanguage\":\"fr-FR\",\"@id\":\"https:\/\/smallthings.fr\/lespetitslivres\/#\/schema\/person\/image\/\",\"url\":\"https:\/\/secure.gravatar.com\/avatar\/50696b3ff10b9a1738ec34c08424583c?s=96&d=retro&r=g\",\"contentUrl\":\"https:\/\/secure.gravatar.com\/avatar\/50696b3ff10b9a1738ec34c08424583c?s=96&d=retro&r=g\",\"caption\":\"Lola\"},\"url\":\"https:\/\/smallthings.fr\/lespetitslivres\/author\/lola\/\"}]}<\/script>\n<!-- \/ Yoast SEO plugin. -->","yoast_head_json":{"title":"N'oublie pas mon petit soulier : roman de No\u00ebl survolt\u00e9","description":"Avec N'oublie pas mon petit soulier de Gabriel Katz, les \u00e9ditions du Masque misent sur un premier polar \u00e0 l'approche de No\u00ebl. L'\u00e9diteur a \u00e9galement r\u00e9alis\u00e9","robots":{"index":"index","follow":"follow","max-snippet":"max-snippet:-1","max-image-preview":"max-image-preview:large","max-video-preview":"max-video-preview:-1"},"canonical":"https:\/\/smallthings.fr\/lespetitslivres\/2015\/11\/30\/n-oublie-pas-mon-petit-soulier-katz-critique\/","og_locale":"fr_FR","og_type":"article","og_title":"N'oublie pas mon petit soulier : roman de No\u00ebl survolt\u00e9","og_description":"Avec N'oublie pas mon petit soulier de Gabriel Katz, les \u00e9ditions du Masque misent sur un premier polar \u00e0 l'approche de No\u00ebl. L'\u00e9diteur a \u00e9galement r\u00e9alis\u00e9","og_url":"https:\/\/smallthings.fr\/lespetitslivres\/2015\/11\/30\/n-oublie-pas-mon-petit-soulier-katz-critique\/","og_site_name":"Les Petits Livres","article_published_time":"2015-11-30T15:18:09+00:00","og_image":[{"width":1200,"height":805,"url":"https:\/\/smallthings.fr\/lespetitslivres\/wp-content\/uploads\/2015\/11\/n-oublie-pas-mon-petit-soulier-couv.jpg","type":"image\/jpeg"}],"author":"Lola","twitter_card":"summary_large_image","twitter_misc":{"\u00c9crit par":"Lola","Dur\u00e9e de lecture estim\u00e9e":"2 minutes"},"schema":{"@context":"https:\/\/schema.org","@graph":[{"@type":"WebPage","@id":"https:\/\/smallthings.fr\/lespetitslivres\/2015\/11\/30\/n-oublie-pas-mon-petit-soulier-katz-critique\/","url":"https:\/\/smallthings.fr\/lespetitslivres\/2015\/11\/30\/n-oublie-pas-mon-petit-soulier-katz-critique\/","name":"N'oublie pas mon petit soulier : roman de No\u00ebl survolt\u00e9","isPartOf":{"@id":"https:\/\/smallthings.fr\/lespetitslivres\/#website"},"datePublished":"2015-11-30T15:18:09+00:00","dateModified":"2015-11-30T15:18:09+00:00","author":{"@id":"https:\/\/smallthings.fr\/lespetitslivres\/#\/schema\/person\/2740f045446c63eaf59a094edb250075"},"description":"Avec N'oublie pas mon petit soulier de Gabriel Katz, les \u00e9ditions du Masque misent sur un premier polar \u00e0 l'approche de No\u00ebl. L'\u00e9diteur a \u00e9galement r\u00e9alis\u00e9","breadcrumb":{"@id":"https:\/\/smallthings.fr\/lespetitslivres\/2015\/11\/30\/n-oublie-pas-mon-petit-soulier-katz-critique\/#breadcrumb"},"inLanguage":"fr-FR","potentialAction":[{"@type":"ReadAction","target":["https:\/\/smallthings.fr\/lespetitslivres\/2015\/11\/30\/n-oublie-pas-mon-petit-soulier-katz-critique\/"]}]},{"@type":"BreadcrumbList","@id":"https:\/\/smallthings.fr\/lespetitslivres\/2015\/11\/30\/n-oublie-pas-mon-petit-soulier-katz-critique\/#breadcrumb","itemListElement":[{"@type":"ListItem","position":1,"name":"Accueil","item":"https:\/\/smallthings.fr\/lespetitslivres\/"},{"@type":"ListItem","position":2,"name":"N&rsquo;oublie pas mon petit soulier : roman de No\u00ebl survolt\u00e9"}]},{"@type":"WebSite","@id":"https:\/\/smallthings.fr\/lespetitslivres\/#website","url":"https:\/\/smallthings.fr\/lespetitslivres\/","name":"Les Petits Livres","description":"by Small Things","potentialAction":[{"@type":"SearchAction","target":{"@type":"EntryPoint","urlTemplate":"https:\/\/smallthings.fr\/lespetitslivres\/?s={search_term_string}"},"query-input":"required name=search_term_string"}],"inLanguage":"fr-FR"},{"@type":"Person","@id":"https:\/\/smallthings.fr\/lespetitslivres\/#\/schema\/person\/2740f045446c63eaf59a094edb250075","name":"Lola","image":{"@type":"ImageObject","inLanguage":"fr-FR","@id":"https:\/\/smallthings.fr\/lespetitslivres\/#\/schema\/person\/image\/","url":"https:\/\/secure.gravatar.com\/avatar\/50696b3ff10b9a1738ec34c08424583c?s=96&d=retro&r=g","contentUrl":"https:\/\/secure.gravatar.com\/avatar\/50696b3ff10b9a1738ec34c08424583c?s=96&d=retro&r=g","caption":"Lola"},"url":"https:\/\/smallthings.fr\/lespetitslivres\/author\/lola\/"}]}},"jetpack_featured_media_url":"https:\/\/smallthings.fr\/lespetitslivres\/wp-content\/uploads\/2015\/11\/n-oublie-pas-mon-petit-soulier-couv.jpg","jetpack_sharing_enabled":true,"jetpack_shortlink":"https:\/\/wp.me\/p6Un21-7Bq","jetpack-related-posts":[{"id":32171,"url":"https:\/\/smallthings.fr\/lespetitslivres\/2021\/01\/17\/un-chat-pour-noel\/","url_meta":{"origin":29228,"position":0},"title":"Un chat pour No\u00ebl, un livre \u00e0 d\u00e9couvrir en toutes saisons","author":"Jennifer","date":"17 janvier 2021","format":false,"excerpt":"Un chat pour No\u00ebl est un livre de Florence McNicoll sorti chez les \u00e9ditions Hauteville fin octobre 2020. On y rencontre Laura, qui travaille dans un refuge et qui tente de placer de nombreux chats pendant la p\u00e9riode des f\u00eates de fin d\u2019ann\u00e9e. Une romance touchante qui nous fait passer\u2026","rel":"","context":"Dans &quot;Roman \u00e9tranger&quot;","block_context":{"text":"Roman \u00e9tranger","link":"https:\/\/smallthings.fr\/lespetitslivres\/category\/roman\/roman-etranger\/"},"img":{"alt_text":"","src":"https:\/\/i0.wp.com\/smallthings.fr\/lespetitslivres\/wp-content\/uploads\/2021\/01\/Un-chat-pour-No\u00ebl-Florence-McNicoll-2.jpg?resize=350%2C200&ssl=1","width":350,"height":200,"srcset":"https:\/\/i0.wp.com\/smallthings.fr\/lespetitslivres\/wp-content\/uploads\/2021\/01\/Un-chat-pour-No\u00ebl-Florence-McNicoll-2.jpg?resize=350%2C200&ssl=1 1x, https:\/\/i0.wp.com\/smallthings.fr\/lespetitslivres\/wp-content\/uploads\/2021\/01\/Un-chat-pour-No\u00ebl-Florence-McNicoll-2.jpg?resize=525%2C300&ssl=1 1.5x"},"classes":[]},{"id":32214,"url":"https:\/\/smallthings.fr\/lespetitslivres\/2021\/03\/26\/christmas-actually-joanna-bolouri\/","url_meta":{"origin":29228,"position":1},"title":"Christmas Actually, la com\u00e9die romantique de Joanna Bolouri","author":"Jennifer","date":"26 mars 2021","format":false,"excerpt":"Sorti le 18 novembre 2020 chez les \u00e9ditions Hauteville, Christmas Actually est un livre qui vous fera assur\u00e9ment passer un bon moment. \u00c9crit par Joana Bolouri, il raconte l\u2019histoire de Nick qui va perdre son emploi et sa petite-amie en un rien de temps. Au bout du rouleau, il va\u2026","rel":"","context":"Dans &quot;Roman \u00e9tranger&quot;","block_context":{"text":"Roman \u00e9tranger","link":"https:\/\/smallthings.fr\/lespetitslivres\/category\/roman\/roman-etranger\/"},"img":{"alt_text":"","src":"https:\/\/i0.wp.com\/smallthings.fr\/lespetitslivres\/wp-content\/uploads\/2021\/03\/376206-la-scene-des-panneaux-dans-love-actuall-990x0-1.jpg?resize=350%2C200&ssl=1","width":350,"height":200,"srcset":"https:\/\/i0.wp.com\/smallthings.fr\/lespetitslivres\/wp-content\/uploads\/2021\/03\/376206-la-scene-des-panneaux-dans-love-actuall-990x0-1.jpg?resize=350%2C200&ssl=1 1x, https:\/\/i0.wp.com\/smallthings.fr\/lespetitslivres\/wp-content\/uploads\/2021\/03\/376206-la-scene-des-panneaux-dans-love-actuall-990x0-1.jpg?resize=525%2C300&ssl=1 1.5x, https:\/\/i0.wp.com\/smallthings.fr\/lespetitslivres\/wp-content\/uploads\/2021\/03\/376206-la-scene-des-panneaux-dans-love-actuall-990x0-1.jpg?resize=700%2C400&ssl=1 2x"},"classes":[]},{"id":19384,"url":"https:\/\/smallthings.fr\/lespetitslivres\/2014\/12\/17\/loups-de-riverdance-saga-bit-lit\/","url_meta":{"origin":29228,"position":2},"title":"Les Loups de Riverdance, une nouvelle saga bit-lit","author":"Jennifer","date":"17 d\u00e9cembre 2014","format":false,"excerpt":"Les Loups de Riverdance est une saga bit-lit \u00e9crite par H. V. Gavriel, qui a fait son entr\u00e9e chez Milady le 21 novembre. Le premier tome, Lucas, met en avant un jeune homme dont la vie a \u00e9t\u00e9 tr\u00e8s difficile et qui finit par se lier d\u2019amiti\u00e9 avec un clan\u2026","rel":"","context":"Dans &quot;Fantastique&quot;","block_context":{"text":"Fantastique","link":"https:\/\/smallthings.fr\/lespetitslivres\/category\/imaginaire\/fantastique\/"},"img":{"alt_text":"","src":"https:\/\/i0.wp.com\/smallthings.fr\/wp-content\/uploads\/2014\/12\/Les-loups-de-riverdance-H.V.Gavriel.jpg?resize=350%2C200","width":350,"height":200},"classes":[]},{"id":29030,"url":"https:\/\/smallthings.fr\/lespetitslivres\/2015\/11\/04\/maintenant-qu-il-est-trop-tard-critique\/","url_meta":{"origin":29228,"position":3},"title":"Maintenant qu\u2019il est trop tard : comment Tortue s&rsquo;est faite kidnapper par le P\u00e8re No\u00ebl","author":"Jennifer","date":"4 novembre 2015","format":false,"excerpt":"Maintenant qu\u2019il est trop tard est un roman de Jessica Warman, paru le 15 octobre aux \u00e9ditions Pocket Jeunesse. Il raconte un drame familial\u00a0: comment le P\u00e8re No\u00ebl a enlev\u00e9 la jeune Tortue un soir du nouvel an devant les yeux de sa s\u0153ur et de leur jeune voisin. Un\u2026","rel":"","context":"Dans &quot;Thriller&quot;","block_context":{"text":"Thriller","link":"https:\/\/smallthings.fr\/lespetitslivres\/category\/thriller\/"},"img":{"alt_text":"","src":"https:\/\/i0.wp.com\/smallthings.fr\/lespetitslivres\/wp-content\/uploads\/2015\/11\/maintenant-qu-il-est-trop-tard-couv-2.jpg?resize=350%2C200&ssl=1","width":350,"height":200},"classes":[]},{"id":6946,"url":"https:\/\/smallthings.fr\/lespetitslivres\/2013\/07\/19\/lames-de-fond-chris-costantini\/","url_meta":{"origin":29228,"position":4},"title":"Lames de fond &#8211; Chris Costantini","author":"Claire","date":"19 juillet 2013","format":false,"excerpt":"Avec Lames de fond, Chris Costantini n'en est pas \u00e0 son coup d'essai. Un bon polar, frais et enlev\u00e9, que la r\u00e9daction vous conseille si vous \u00eates amateur du genre.","rel":"","context":"Dans &quot;Thriller&quot;","block_context":{"text":"Thriller","link":"https:\/\/smallthings.fr\/lespetitslivres\/category\/thriller\/"},"img":{"alt_text":"","src":"https:\/\/i0.wp.com\/uploads.smallthings.fr\/2013\/07\/sans-titre-204x300.png?resize=350%2C200","width":350,"height":200},"classes":[]},{"id":18951,"url":"https:\/\/smallthings.fr\/lespetitslivres\/2014\/12\/01\/protection-rapprochee-le-thriller-gay-de-jane-seville\/","url_meta":{"origin":29228,"position":5},"title":"Protection rapproch\u00e9e, le thriller gay de Jane Seville.","author":"Jennifer","date":"1 d\u00e9cembre 2014","format":false,"excerpt":"Protection rapproch\u00e9e de Jane Seville est le tout premier thriller M\/M de la collection Milady Suspense. Il est sorti le 24 octobre et raconte l\u2019histoire de Jack Francisco, un m\u00e9decin t\u00e9moin d\u2019un meurtre et plac\u00e9 sous la protection de la police. D, quant \u00e0 lui, est un tueur \u00e0 gages\u2026","rel":"","context":"Dans &quot;Thriller&quot;","block_context":{"text":"Thriller","link":"https:\/\/smallthings.fr\/lespetitslivres\/category\/thriller\/"},"img":{"alt_text":"","src":"https:\/\/i0.wp.com\/smallthings.fr\/wp-content\/uploads\/2014\/11\/protection-rapprochee-seville.jpg?resize=350%2C200","width":350,"height":200},"classes":[]}],"_links":{"self":[{"href":"https:\/\/smallthings.fr\/lespetitslivres\/wp-json\/wp\/v2\/posts\/29228"}],"collection":[{"href":"https:\/\/smallthings.fr\/lespetitslivres\/wp-json\/wp\/v2\/posts"}],"about":[{"href":"https:\/\/smallthings.fr\/lespetitslivres\/wp-json\/wp\/v2\/types\/post"}],"author":[{"embeddable":true,"href":"https:\/\/smallthings.fr\/lespetitslivres\/wp-json\/wp\/v2\/users\/8"}],"replies":[{"embeddable":true,"href":"https:\/\/smallthings.fr\/lespetitslivres\/wp-json\/wp\/v2\/comments?post=29228"}],"version-history":[{"count":4,"href":"https:\/\/smallthings.fr\/lespetitslivres\/wp-json\/wp\/v2\/posts\/29228\/revisions"}],"predecessor-version":[{"id":29235,"href":"https:\/\/smallthings.fr\/lespetitslivres\/wp-json\/wp\/v2\/posts\/29228\/revisions\/29235"}],"wp:featuredmedia":[{"embeddable":true,"href":"https:\/\/smallthings.fr\/lespetitslivres\/wp-json\/wp\/v2\/media\/29233"}],"wp:attachment":[{"href":"https:\/\/smallthings.fr\/lespetitslivres\/wp-json\/wp\/v2\/media?parent=29228"}],"wp:term":[{"taxonomy":"category","embeddable":true,"href":"https:\/\/smallthings.fr\/lespetitslivres\/wp-json\/wp\/v2\/categories?post=29228"},{"taxonomy":"post_tag","embeddable":true,"href":"https:\/\/smallthings.fr\/lespetitslivres\/wp-json\/wp\/v2\/tags?post=29228"}],"curies":[{"name":"wp","href":"https:\/\/api.w.org\/{rel}","templated":true}]}}