{"id":29168,"date":"2015-11-20T13:52:30","date_gmt":"2015-11-20T12:52:30","guid":{"rendered":"http:\/\/smallthings.fr\/lespetitslivres\/?p=29168"},"modified":"2015-11-19T14:53:02","modified_gmt":"2015-11-19T13:53:02","slug":"des-millions-de-larmes-et-de-rires-roman","status":"publish","type":"post","link":"https:\/\/smallthings.fr\/lespetitslivres\/2015\/11\/20\/des-millions-de-larmes-et-de-rires-roman\/","title":{"rendered":"Des millions de larmes et de rires : partir pour gu\u00e9rir"},"content":{"rendered":"<h2>Pour son premier roman, paru aux \u00e9ditions <a href=\"http:\/\/www.editions-mosaic.fr\/des-millions-de-larmes-et-de-rires-9782280283106\" target=\"_blank\">Mosa\u00efc<\/a> le 28 octobre, Karma Brown n\u2019a pas choisi le sujet le plus \u00e9vident. Dans <em>Des Millions de larmes et de rires<\/em>, elle aborde le drame de la perte d\u2019un enfant \u00e0 na\u00eetre avec toutes les cons\u00e9quences que cela peut engendrer au sein d\u2019un couple et d\u2019une vie. Avec une habilet\u00e9 d\u2019\u00e9criture qui force le respect, elle sait pourtant r\u00e9inventer le sujet et \u00e9viter le path\u00e9tique pour nous tra\u00eener hors des sentiers battus.<\/h2>\n<p><a href=\"http:\/\/smallthings.fr\/lespetitslivres\/wp-content\/uploads\/2015\/11\/des-millions-de-larmes-et-de-rires.jpeg\"><img loading=\"lazy\" decoding=\"async\" data-attachment-id=\"29170\" data-permalink=\"https:\/\/smallthings.fr\/lespetitslivres\/2015\/11\/20\/des-millions-de-larmes-et-de-rires-roman\/des-millions-de-larmes-et-de-rires\/\" data-orig-file=\"https:\/\/smallthings.fr\/lespetitslivres\/wp-content\/uploads\/2015\/11\/des-millions-de-larmes-et-de-rires.jpeg\" data-orig-size=\"330,531\" data-comments-opened=\"1\" data-image-meta=\"{&quot;aperture&quot;:&quot;0&quot;,&quot;credit&quot;:&quot;&quot;,&quot;camera&quot;:&quot;&quot;,&quot;caption&quot;:&quot;&quot;,&quot;created_timestamp&quot;:&quot;0&quot;,&quot;copyright&quot;:&quot;&quot;,&quot;focal_length&quot;:&quot;0&quot;,&quot;iso&quot;:&quot;0&quot;,&quot;shutter_speed&quot;:&quot;0&quot;,&quot;title&quot;:&quot;&quot;,&quot;orientation&quot;:&quot;0&quot;}\" data-image-title=\"des-millions-de-larmes-et-de-rires\" data-image-description=\"\" data-image-caption=\"\" data-medium-file=\"https:\/\/smallthings.fr\/lespetitslivres\/wp-content\/uploads\/2015\/11\/des-millions-de-larmes-et-de-rires-186x300.jpeg\" data-large-file=\"https:\/\/smallthings.fr\/lespetitslivres\/wp-content\/uploads\/2015\/11\/des-millions-de-larmes-et-de-rires.jpeg\" class=\"alignright wp-image-29170\" src=\"http:\/\/smallthings.fr\/lespetitslivres\/wp-content\/uploads\/2015\/11\/des-millions-de-larmes-et-de-rires.jpeg\" alt=\"des-millions-de-larmes-et-de-rires\" width=\"262\" height=\"422\" srcset=\"https:\/\/smallthings.fr\/lespetitslivres\/wp-content\/uploads\/2015\/11\/des-millions-de-larmes-et-de-rires.jpeg 330w, https:\/\/smallthings.fr\/lespetitslivres\/wp-content\/uploads\/2015\/11\/des-millions-de-larmes-et-de-rires-186x300.jpeg 186w\" sizes=\"(max-width: 262px) 100vw, 262px\" \/><\/a>Chaque jour, Tegan s\u2019enfonce un peu plus dans la d\u00e9pression dans laquelle l\u2019a plong\u00e9e la perte de son enfant \u00e0 na\u00eetre. Pour combattre ce deuil qui la ronge et qui menace de briser leur couple, son mari lui fait alors une proposition inattendue\u00a0: partir pour r\u00e9aliser trois de leurs v\u0153ux de couple. <strong>Un voyage insolite qui s\u2019apparente \u00e0 une qu\u00eate de soi et qui va les mener, d\u2019un continent \u00e0 l\u2019autre, bien plus loin qu\u2019on ne pourrait l\u2019imaginer.<\/strong><\/p>\n<p>Choisir comme point de d\u00e9part le deuil d\u2019un enfant \u00e0 na\u00eetre pour un premier roman est un sacr\u00e9 challenge. On doit pourtant admettre en refermant le livre <strong>que Karma Brown<\/strong> s\u2019en sort avec brio. Jouant des allers-retours temporels, elle navigue, \u00e0 travers le regard de Tegan, entre les souvenirs heureux du couple et ce pr\u00e9sent sombre et d\u00e9sesp\u00e9rant. Entre <em>des millions de larmes et de rires<\/em>. Par ce biais, elle parvient \u00e0 souligner toute la noirceur de la situation, sans pourtant sombrer dans un pathos \u00e9motionnel envahissant, qui pourrait \u00eatre le pi\u00e8ge d\u2019un sujet si peu \u00e9vident.<\/p>\n<p>Ce choix d\u2019\u00e9criture a aussi un effet inattendu\u00a0: on se surprend \u00e0 \u00eatre frustr\u00e9, d\u00e9rout\u00e9, agac\u00e9 parfois des r\u00e9actions perp\u00e9tuellement retenues, ou plut\u00f4t de l\u2019absence de r\u00e9action de Tegan et de Gabe. Dans la tournure v\u00e9ritablement dramatique que prennent les \u00e9v\u00e9nements, <strong>on attend l\u2019explosion de la col\u00e8re de Tegan<\/strong>. L\u2019accident qui la prive de son enfant se produisant alors que Gabe est au volant, on s\u2019attend \u00e0 voir un couple qui explose en vol, rong\u00e9 par la culpabilit\u00e9 et la col\u00e8re. Or il n\u2019en est rien. Si les sentiments de Tegan sont exprim\u00e9s, jamais ils ne d\u00e9ferlent comme on pourrait le redouter. Comme on l\u2019attendrait presque. Comme on le voudrait presque tant est profonde la d\u00e9pression dans laquelle elle se noie.<\/p>\n<div id=\"attachment_29171\" style=\"width: 250px\" class=\"wp-caption alignleft\"><a href=\"http:\/\/smallthings.fr\/lespetitslivres\/wp-content\/uploads\/2015\/11\/des-millions-karma-brown.png\"><img loading=\"lazy\" decoding=\"async\" aria-describedby=\"caption-attachment-29171\" data-attachment-id=\"29171\" data-permalink=\"https:\/\/smallthings.fr\/lespetitslivres\/2015\/11\/20\/des-millions-de-larmes-et-de-rires-roman\/des-millions-karma-brown\/\" data-orig-file=\"https:\/\/smallthings.fr\/lespetitslivres\/wp-content\/uploads\/2015\/11\/des-millions-karma-brown.png\" data-orig-size=\"794,799\" data-comments-opened=\"1\" data-image-meta=\"{&quot;aperture&quot;:&quot;0&quot;,&quot;credit&quot;:&quot;&quot;,&quot;camera&quot;:&quot;&quot;,&quot;caption&quot;:&quot;&quot;,&quot;created_timestamp&quot;:&quot;0&quot;,&quot;copyright&quot;:&quot;&quot;,&quot;focal_length&quot;:&quot;0&quot;,&quot;iso&quot;:&quot;0&quot;,&quot;shutter_speed&quot;:&quot;0&quot;,&quot;title&quot;:&quot;&quot;,&quot;orientation&quot;:&quot;0&quot;}\" data-image-title=\"des-millions-karma-brown\" data-image-description=\"\" data-image-caption=\"&lt;p&gt;Karma Brown&lt;\/p&gt;\n\" data-medium-file=\"https:\/\/smallthings.fr\/lespetitslivres\/wp-content\/uploads\/2015\/11\/des-millions-karma-brown-298x300.png\" data-large-file=\"https:\/\/smallthings.fr\/lespetitslivres\/wp-content\/uploads\/2015\/11\/des-millions-karma-brown.png\" class=\" wp-image-29171\" src=\"http:\/\/smallthings.fr\/lespetitslivres\/wp-content\/uploads\/2015\/11\/des-millions-karma-brown.png\" alt=\"Karma Brown\" width=\"240\" height=\"242\" srcset=\"https:\/\/smallthings.fr\/lespetitslivres\/wp-content\/uploads\/2015\/11\/des-millions-karma-brown.png 794w, https:\/\/smallthings.fr\/lespetitslivres\/wp-content\/uploads\/2015\/11\/des-millions-karma-brown-298x300.png 298w, https:\/\/smallthings.fr\/lespetitslivres\/wp-content\/uploads\/2015\/11\/des-millions-karma-brown-150x150.png 150w, https:\/\/smallthings.fr\/lespetitslivres\/wp-content\/uploads\/2015\/11\/des-millions-karma-brown-768x773.png 768w, https:\/\/smallthings.fr\/lespetitslivres\/wp-content\/uploads\/2015\/11\/des-millions-karma-brown-83x83.png 83w, https:\/\/smallthings.fr\/lespetitslivres\/wp-content\/uploads\/2015\/11\/des-millions-karma-brown-55x55.png 55w\" sizes=\"(max-width: 240px) 100vw, 240px\" \/><\/a><p id=\"caption-attachment-29171\" class=\"wp-caption-text\">Karma Brown<\/p><\/div>\n<p>Et c\u2019est l\u00e0 toute l\u2019habilet\u00e9 de Karma Brown dans <strong><em>Des millions de larmes et de rires<\/em><\/strong>. Par ce tour de main, elle parvient presque \u00e0 susciter chez le lecteur cette rage qu\u2019on voudrait voir sortir chez Tegan. On se met \u00e0 porter les \u00e9motions de cette h\u00e9ro\u00efne qui parait renoncer tandis que, subtilement, l\u2019auteure nous m\u00e8ne vers un d\u00e9nouement compl\u00e8tement inattendu. Que rien n\u2019aurait laiss\u00e9 pr\u00e9sager. Bluffant\u00a0!<\/p>\n<blockquote><p><em>\u00ab\u00a0<\/em>Sur l\u2019enveloppe, j\u2019ai \u00e9crit une citation trouv\u00e9e sur une carte que Rosa m\u2019a remise apr\u00e8s la c\u00e9r\u00e9monie fun\u00e9raire.<\/p>\n<p><em>\u00a0La mort laisse un chagrin que nul ne peut gu\u00e9rir\u00a0: L\u2019amour, un souvenir que nul ne peut ravir.\u00a0\u00bb<\/em><\/p>\n<p>Elle m\u2019a dit que \u00e7a venait d\u2019une pierre tombale irlandaise et, pour moi, cela r\u00e9sume tout.\u00a0\u00bb<\/p><\/blockquote>\n","protected":false},"excerpt":{"rendered":"<p>Pour son premier roman, paru aux \u00e9ditions Mosa\u00efc le 28 octobre, Karma Brown n\u2019a pas choisi le sujet le plus \u00e9vident. Dans Des Millions de larmes et de rires, elle aborde le drame de la perte d\u2019un enfant \u00e0 na\u00eetre avec toutes les cons\u00e9quences que cela peut engendrer au sein d\u2019un couple et d\u2019une vie.<\/p>\n","protected":false},"author":15,"featured_media":29169,"comment_status":"open","ping_status":"open","sticky":false,"template":"","format":"standard","meta":{"jetpack_post_was_ever_published":false,"_jetpack_newsletter_access":"","_jetpack_newsletter_tier_id":0,"footnotes":"","jetpack_publicize_message":"","jetpack_is_tweetstorm":false,"jetpack_publicize_feature_enabled":true,"jetpack_social_post_already_shared":true,"jetpack_social_options":{"image_generator_settings":{"template":"highway","enabled":false}}},"categories":[1121,1118],"tags":[1171,1172,54],"jetpack_publicize_connections":[],"yoast_head":"<!-- This site is optimized with the Yoast SEO plugin v21.5 - https:\/\/yoast.com\/wordpress\/plugins\/seo\/ -->\n<title>Des millions de larmes et de rires : partir pour gu\u00e9rir<\/title>\n<meta name=\"description\" content=\"Pour son premier roman, paru aux \u00e9ditions Mosa\u00efc le 28 octobre, Karma Brown n\u2019a pas choisi le sujet le plus \u00e9vident. Dans Des Millions de larmes et de rires\" \/>\n<meta name=\"robots\" content=\"index, follow, max-snippet:-1, max-image-preview:large, max-video-preview:-1\" \/>\n<link rel=\"canonical\" href=\"https:\/\/smallthings.fr\/lespetitslivres\/2015\/11\/20\/des-millions-de-larmes-et-de-rires-roman\/\" \/>\n<meta property=\"og:locale\" content=\"fr_FR\" \/>\n<meta property=\"og:type\" content=\"article\" \/>\n<meta property=\"og:title\" content=\"Des millions de larmes et de rires : partir pour gu\u00e9rir\" \/>\n<meta property=\"og:description\" content=\"Pour son premier roman, paru aux \u00e9ditions Mosa\u00efc le 28 octobre, Karma Brown n\u2019a pas choisi le sujet le plus \u00e9vident. Dans Des Millions de larmes et de rires\" \/>\n<meta property=\"og:url\" content=\"https:\/\/smallthings.fr\/lespetitslivres\/2015\/11\/20\/des-millions-de-larmes-et-de-rires-roman\/\" \/>\n<meta property=\"og:site_name\" content=\"Les Petits Livres\" \/>\n<meta property=\"article:published_time\" content=\"2015-11-20T12:52:30+00:00\" \/>\n<meta property=\"article:modified_time\" content=\"2015-11-19T13:53:02+00:00\" \/>\n<meta property=\"og:image\" content=\"https:\/\/i0.wp.com\/smallthings.fr\/lespetitslivres\/wp-content\/uploads\/2015\/11\/des-millions-de-larmes-et-de-rires-couv.jpeg?fit=330%2C312&ssl=1\" \/>\n\t<meta property=\"og:image:width\" content=\"330\" \/>\n\t<meta property=\"og:image:height\" content=\"312\" \/>\n\t<meta property=\"og:image:type\" content=\"image\/jpeg\" \/>\n<meta name=\"author\" content=\"June\" \/>\n<meta name=\"twitter:card\" content=\"summary_large_image\" \/>\n<meta name=\"twitter:creator\" content=\"@dariadgille\" \/>\n<meta name=\"twitter:label1\" content=\"\u00c9crit par\" \/>\n\t<meta name=\"twitter:data1\" content=\"June\" \/>\n\t<meta name=\"twitter:label2\" content=\"Dur\u00e9e de lecture estim\u00e9e\" \/>\n\t<meta name=\"twitter:data2\" content=\"3 minutes\" \/>\n<script type=\"application\/ld+json\" class=\"yoast-schema-graph\">{\"@context\":\"https:\/\/schema.org\",\"@graph\":[{\"@type\":\"WebPage\",\"@id\":\"https:\/\/smallthings.fr\/lespetitslivres\/2015\/11\/20\/des-millions-de-larmes-et-de-rires-roman\/\",\"url\":\"https:\/\/smallthings.fr\/lespetitslivres\/2015\/11\/20\/des-millions-de-larmes-et-de-rires-roman\/\",\"name\":\"Des millions de larmes et de rires : partir pour gu\u00e9rir\",\"isPartOf\":{\"@id\":\"https:\/\/smallthings.fr\/lespetitslivres\/#website\"},\"datePublished\":\"2015-11-20T12:52:30+00:00\",\"dateModified\":\"2015-11-19T13:53:02+00:00\",\"author\":{\"@id\":\"https:\/\/smallthings.fr\/lespetitslivres\/#\/schema\/person\/3e6389e33dfcb17850d47fa745090e73\"},\"description\":\"Pour son premier roman, paru aux \u00e9ditions Mosa\u00efc le 28 octobre, Karma Brown n\u2019a pas choisi le sujet le plus \u00e9vident. Dans Des Millions de larmes et de rires\",\"breadcrumb\":{\"@id\":\"https:\/\/smallthings.fr\/lespetitslivres\/2015\/11\/20\/des-millions-de-larmes-et-de-rires-roman\/#breadcrumb\"},\"inLanguage\":\"fr-FR\",\"potentialAction\":[{\"@type\":\"ReadAction\",\"target\":[\"https:\/\/smallthings.fr\/lespetitslivres\/2015\/11\/20\/des-millions-de-larmes-et-de-rires-roman\/\"]}]},{\"@type\":\"BreadcrumbList\",\"@id\":\"https:\/\/smallthings.fr\/lespetitslivres\/2015\/11\/20\/des-millions-de-larmes-et-de-rires-roman\/#breadcrumb\",\"itemListElement\":[{\"@type\":\"ListItem\",\"position\":1,\"name\":\"Accueil\",\"item\":\"https:\/\/smallthings.fr\/lespetitslivres\/\"},{\"@type\":\"ListItem\",\"position\":2,\"name\":\"Des millions de larmes et de rires : partir pour gu\u00e9rir\"}]},{\"@type\":\"WebSite\",\"@id\":\"https:\/\/smallthings.fr\/lespetitslivres\/#website\",\"url\":\"https:\/\/smallthings.fr\/lespetitslivres\/\",\"name\":\"Les Petits Livres\",\"description\":\"by Small Things\",\"potentialAction\":[{\"@type\":\"SearchAction\",\"target\":{\"@type\":\"EntryPoint\",\"urlTemplate\":\"https:\/\/smallthings.fr\/lespetitslivres\/?s={search_term_string}\"},\"query-input\":\"required name=search_term_string\"}],\"inLanguage\":\"fr-FR\"},{\"@type\":\"Person\",\"@id\":\"https:\/\/smallthings.fr\/lespetitslivres\/#\/schema\/person\/3e6389e33dfcb17850d47fa745090e73\",\"name\":\"June\",\"image\":{\"@type\":\"ImageObject\",\"inLanguage\":\"fr-FR\",\"@id\":\"https:\/\/smallthings.fr\/lespetitslivres\/#\/schema\/person\/image\/\",\"url\":\"https:\/\/secure.gravatar.com\/avatar\/b9e34137bb78059aebeb6866f6a13f5a?s=96&d=retro&r=g\",\"contentUrl\":\"https:\/\/secure.gravatar.com\/avatar\/b9e34137bb78059aebeb6866f6a13f5a?s=96&d=retro&r=g\",\"caption\":\"June\"},\"sameAs\":[\"https:\/\/twitter.com\/@dariadgille\"],\"url\":\"https:\/\/smallthings.fr\/lespetitslivres\/author\/june\/\"}]}<\/script>\n<!-- \/ Yoast SEO plugin. -->","yoast_head_json":{"title":"Des millions de larmes et de rires : partir pour gu\u00e9rir","description":"Pour son premier roman, paru aux \u00e9ditions Mosa\u00efc le 28 octobre, Karma Brown n\u2019a pas choisi le sujet le plus \u00e9vident. Dans Des Millions de larmes et de rires","robots":{"index":"index","follow":"follow","max-snippet":"max-snippet:-1","max-image-preview":"max-image-preview:large","max-video-preview":"max-video-preview:-1"},"canonical":"https:\/\/smallthings.fr\/lespetitslivres\/2015\/11\/20\/des-millions-de-larmes-et-de-rires-roman\/","og_locale":"fr_FR","og_type":"article","og_title":"Des millions de larmes et de rires : partir pour gu\u00e9rir","og_description":"Pour son premier roman, paru aux \u00e9ditions Mosa\u00efc le 28 octobre, Karma Brown n\u2019a pas choisi le sujet le plus \u00e9vident. Dans Des Millions de larmes et de rires","og_url":"https:\/\/smallthings.fr\/lespetitslivres\/2015\/11\/20\/des-millions-de-larmes-et-de-rires-roman\/","og_site_name":"Les Petits Livres","article_published_time":"2015-11-20T12:52:30+00:00","article_modified_time":"2015-11-19T13:53:02+00:00","og_image":[{"width":330,"height":312,"url":"https:\/\/i0.wp.com\/smallthings.fr\/lespetitslivres\/wp-content\/uploads\/2015\/11\/des-millions-de-larmes-et-de-rires-couv.jpeg?fit=330%2C312&ssl=1","type":"image\/jpeg"}],"author":"June","twitter_card":"summary_large_image","twitter_creator":"@dariadgille","twitter_misc":{"\u00c9crit par":"June","Dur\u00e9e de lecture estim\u00e9e":"3 minutes"},"schema":{"@context":"https:\/\/schema.org","@graph":[{"@type":"WebPage","@id":"https:\/\/smallthings.fr\/lespetitslivres\/2015\/11\/20\/des-millions-de-larmes-et-de-rires-roman\/","url":"https:\/\/smallthings.fr\/lespetitslivres\/2015\/11\/20\/des-millions-de-larmes-et-de-rires-roman\/","name":"Des millions de larmes et de rires : partir pour gu\u00e9rir","isPartOf":{"@id":"https:\/\/smallthings.fr\/lespetitslivres\/#website"},"datePublished":"2015-11-20T12:52:30+00:00","dateModified":"2015-11-19T13:53:02+00:00","author":{"@id":"https:\/\/smallthings.fr\/lespetitslivres\/#\/schema\/person\/3e6389e33dfcb17850d47fa745090e73"},"description":"Pour son premier roman, paru aux \u00e9ditions Mosa\u00efc le 28 octobre, Karma Brown n\u2019a pas choisi le sujet le plus \u00e9vident. Dans Des Millions de larmes et de rires","breadcrumb":{"@id":"https:\/\/smallthings.fr\/lespetitslivres\/2015\/11\/20\/des-millions-de-larmes-et-de-rires-roman\/#breadcrumb"},"inLanguage":"fr-FR","potentialAction":[{"@type":"ReadAction","target":["https:\/\/smallthings.fr\/lespetitslivres\/2015\/11\/20\/des-millions-de-larmes-et-de-rires-roman\/"]}]},{"@type":"BreadcrumbList","@id":"https:\/\/smallthings.fr\/lespetitslivres\/2015\/11\/20\/des-millions-de-larmes-et-de-rires-roman\/#breadcrumb","itemListElement":[{"@type":"ListItem","position":1,"name":"Accueil","item":"https:\/\/smallthings.fr\/lespetitslivres\/"},{"@type":"ListItem","position":2,"name":"Des millions de larmes et de rires : partir pour gu\u00e9rir"}]},{"@type":"WebSite","@id":"https:\/\/smallthings.fr\/lespetitslivres\/#website","url":"https:\/\/smallthings.fr\/lespetitslivres\/","name":"Les Petits Livres","description":"by Small Things","potentialAction":[{"@type":"SearchAction","target":{"@type":"EntryPoint","urlTemplate":"https:\/\/smallthings.fr\/lespetitslivres\/?s={search_term_string}"},"query-input":"required name=search_term_string"}],"inLanguage":"fr-FR"},{"@type":"Person","@id":"https:\/\/smallthings.fr\/lespetitslivres\/#\/schema\/person\/3e6389e33dfcb17850d47fa745090e73","name":"June","image":{"@type":"ImageObject","inLanguage":"fr-FR","@id":"https:\/\/smallthings.fr\/lespetitslivres\/#\/schema\/person\/image\/","url":"https:\/\/secure.gravatar.com\/avatar\/b9e34137bb78059aebeb6866f6a13f5a?s=96&d=retro&r=g","contentUrl":"https:\/\/secure.gravatar.com\/avatar\/b9e34137bb78059aebeb6866f6a13f5a?s=96&d=retro&r=g","caption":"June"},"sameAs":["https:\/\/twitter.com\/@dariadgille"],"url":"https:\/\/smallthings.fr\/lespetitslivres\/author\/june\/"}]}},"jetpack_featured_media_url":"https:\/\/smallthings.fr\/lespetitslivres\/wp-content\/uploads\/2015\/11\/des-millions-de-larmes-et-de-rires-couv.jpeg","jetpack_sharing_enabled":true,"jetpack_shortlink":"https:\/\/wp.me\/p6Un21-7As","jetpack-related-posts":[{"id":31799,"url":"https:\/\/smallthings.fr\/lespetitslivres\/2018\/09\/04\/trancher-amelie-cordonnier-roman-avis\/","url_meta":{"origin":29168,"position":0},"title":"Trancher, quand les mots d\u00e9truisent : le premier roman d&rsquo;Am\u00e9lie Cordonnier","author":"Claire","date":"4 septembre 2018","format":false,"excerpt":"En cette Rentr\u00e9e litt\u00e9raire, la journaliste Am\u00e9lie Cordonnier publie son premier roman, Trancher, chez Flammarion. Un livre difficile qui aborde le sujet de la violence conjugale verbale. L'h\u00e9ro\u00efne est en couple avec Aur\u00e9lien. Ils ont deux enfants. Apr\u00e8s des ann\u00e9es de tr\u00eave, Aur\u00e9lien recommence \u00e0 l'insulter, et ce devant leurs\u2026","rel":"","context":"Dans &quot;Roman fran\u00e7ais&quot;","block_context":{"text":"Roman fran\u00e7ais","link":"https:\/\/smallthings.fr\/lespetitslivres\/category\/roman\/roman-francais\/"},"img":{"alt_text":"","src":"https:\/\/i0.wp.com\/smallthings.fr\/lespetitslivres\/wp-content\/uploads\/2018\/09\/trancher-cordonnier-cover.jpg?resize=350%2C200&ssl=1","width":350,"height":200,"srcset":"https:\/\/i0.wp.com\/smallthings.fr\/lespetitslivres\/wp-content\/uploads\/2018\/09\/trancher-cordonnier-cover.jpg?resize=350%2C200&ssl=1 1x, https:\/\/i0.wp.com\/smallthings.fr\/lespetitslivres\/wp-content\/uploads\/2018\/09\/trancher-cordonnier-cover.jpg?resize=525%2C300&ssl=1 1.5x"},"classes":[]},{"id":20667,"url":"https:\/\/smallthings.fr\/lespetitslivres\/2015\/02\/05\/gabrielle-agnes-vannouvong-roman\/","url_meta":{"origin":29168,"position":1},"title":"Gabrielle, roman de la maturit\u00e9 d&rsquo;Agn\u00e8s Vannouvong","author":"Claire","date":"5 f\u00e9vrier 2015","format":false,"excerpt":"Gabrielle est le nouveau roman d\u2019Agn\u00e8s Vannouvong, publi\u00e9 fin janvier au Mercure de France. Apr\u00e8s le r\u00e9cit d\u2019aventures amoureuses qu\u2019\u00e9tait son premier roman Apr\u00e8s l\u2019amour, Gabrielle semble \u00eatre le roman de la maturit\u00e9. Agn\u00e8s Vannouvong aborde le sujet des couples homosexuels qui, d\u00e9passant la trentaine, commencent \u00e0 penser aux enfants,\u2026","rel":"","context":"Dans &quot;Roman fran\u00e7ais&quot;","block_context":{"text":"Roman fran\u00e7ais","link":"https:\/\/smallthings.fr\/lespetitslivres\/category\/roman\/roman-francais\/"},"img":{"alt_text":"","src":"https:\/\/i0.wp.com\/smallthings.fr\/wp-content\/uploads\/2015\/02\/Gabrielle-546x800.jpg?resize=350%2C200","width":350,"height":200},"classes":[]},{"id":30535,"url":"https:\/\/smallthings.fr\/lespetitslivres\/2016\/12\/21\/larmes-de-cendres-blaizot-avis-critique\/","url_meta":{"origin":29168,"position":2},"title":"Larmes de Cendres : l\u2019alliance d\u2019une passeuse de drogue russe et d\u2019un vampire schizophr\u00e8ne","author":"Jennifer","date":"21 d\u00e9cembre 2016","format":false,"excerpt":"Pr\u00e9mices est le premier tome de la saga Larmes de Cendres de Lydie Blaizot. Sorti d\u00e9but novembre aux\u00a0\u00e9ditions du Chat Noir, ce roman nous raconte l\u2019improbable entente entre une passeuse de drogue qui voit les gens tels qu\u2019ils seront le jour de leur mort et un vampire s\u00e9nile \u00e0 la\u2026","rel":"","context":"Dans &quot;Fantastique&quot;","block_context":{"text":"Fantastique","link":"https:\/\/smallthings.fr\/lespetitslivres\/category\/imaginaire\/fantastique\/"},"img":{"alt_text":"","src":"https:\/\/i0.wp.com\/smallthings.fr\/lespetitslivres\/wp-content\/uploads\/2016\/12\/Larmes-de-cendres-pr\u00e9mices-Lydie-Blaizot-2.jpg?resize=350%2C200&ssl=1","width":350,"height":200,"srcset":"https:\/\/i0.wp.com\/smallthings.fr\/lespetitslivres\/wp-content\/uploads\/2016\/12\/Larmes-de-cendres-pr\u00e9mices-Lydie-Blaizot-2.jpg?resize=350%2C200&ssl=1 1x, https:\/\/i0.wp.com\/smallthings.fr\/lespetitslivres\/wp-content\/uploads\/2016\/12\/Larmes-de-cendres-pr\u00e9mices-Lydie-Blaizot-2.jpg?resize=525%2C300&ssl=1 1.5x"},"classes":[]},{"id":30764,"url":"https:\/\/smallthings.fr\/lespetitslivres\/2017\/02\/20\/ombres-du-passe-cj-lyons-avis\/","url_meta":{"origin":29168,"position":3},"title":"Les ombres du pass\u00e9 : un thriller palpitant de CJ Lyons","author":"Jennifer","date":"20 f\u00e9vrier 2017","format":false,"excerpt":"Les ombres du pass\u00e9 est un thriller de CJ Lyons, paru\u00a0en d\u00e9cembre chez Milady. L\u2019auteur nous fait rentrer dans une enqu\u00eate o\u00f9 meurtres, kidnappings et vengeance se m\u00e9langent au pass\u00e9 d\u2019un agent du FBI. Captivant\u00a0! Les ombres du pass\u00e9 est un roman qui parvient\u00a0\u00e0 surprendre et qui nous rend accro\u2026","rel":"","context":"Dans &quot;Thriller&quot;","block_context":{"text":"Thriller","link":"https:\/\/smallthings.fr\/lespetitslivres\/category\/thriller\/"},"img":{"alt_text":"","src":"https:\/\/i0.wp.com\/smallthings.fr\/lespetitslivres\/wp-content\/uploads\/2017\/01\/Les-ombres-du-pass\u00e9-CJ-Lyons-Milady-2.jpg?resize=350%2C200&ssl=1","width":350,"height":200,"srcset":"https:\/\/i0.wp.com\/smallthings.fr\/lespetitslivres\/wp-content\/uploads\/2017\/01\/Les-ombres-du-pass\u00e9-CJ-Lyons-Milady-2.jpg?resize=350%2C200&ssl=1 1x, https:\/\/i0.wp.com\/smallthings.fr\/lespetitslivres\/wp-content\/uploads\/2017\/01\/Les-ombres-du-pass\u00e9-CJ-Lyons-Milady-2.jpg?resize=525%2C300&ssl=1 1.5x"},"classes":[]},{"id":31425,"url":"https:\/\/smallthings.fr\/lespetitslivres\/2017\/12\/07\/t-arracher-claudine-desmarteau-avis\/","url_meta":{"origin":29168,"position":4},"title":"T&rsquo;arracher : le d\u00e9sespoir amoureux qui nous construit","author":"Marie Leroy","date":"7 d\u00e9cembre 2017","format":false,"excerpt":"T'arracher de Claudine Desmarteau est sorti pour la rentr\u00e9e litt\u00e9raire aux \u00e9ditions Thierry Magnier. Le livre est destin\u00e9 \u00e0 un public jeunesse, mais son th\u00e8me universel - la d\u00e9ception amoureuse - peut r\u00e9sonner en chacun de nous. On plonge la t\u00eate la premi\u00e8re dans le c\u0153ur bris\u00e9 de Lou, lyc\u00e9enne\u2026","rel":"","context":"Dans &quot;Roman fran\u00e7ais&quot;","block_context":{"text":"Roman fran\u00e7ais","link":"https:\/\/smallthings.fr\/lespetitslivres\/category\/roman\/roman-francais\/"},"img":{"alt_text":"","src":"https:\/\/i0.wp.com\/smallthings.fr\/lespetitslivres\/wp-content\/uploads\/2017\/12\/t-arracher-cover.jpg?resize=350%2C200&ssl=1","width":350,"height":200},"classes":[]},{"id":29328,"url":"https:\/\/smallthings.fr\/lespetitslivres\/2016\/01\/07\/j-ai-toujours-ton-coeur-avec-moi-bjarnadottir\/","url_meta":{"origin":29168,"position":5},"title":"J\u2019ai toujours ton c\u0153ur avec moi, roman islandais de Soff\u00eda Bjarnad\u00f3ttir","author":"Cecile","date":"7 janvier 2016","format":false,"excerpt":"J'ai toujours ton c\u0153ur avec moi est un roman de l'islandaise , \u00e0 para\u00eetre aujourd'hui aux \u00e9ditions Zulma. Le postulat de d\u00e9part est simple\u00a0: la narratrice apprend que sa m\u00e8re vient de mourir. Elle s\u2019embarque donc sur un bateau pour revenir en Islande\u00a0; plus pr\u00e9cis\u00e9ment sur l\u2019\u00eele de Flatey, dans\u2026","rel":"","context":"Dans &quot;Actu&quot;","block_context":{"text":"Actu","link":"https:\/\/smallthings.fr\/lespetitslivres\/category\/actu\/"},"img":{"alt_text":"","src":"https:\/\/i0.wp.com\/smallthings.fr\/lespetitslivres\/wp-content\/uploads\/2016\/01\/j-ai-toujours-ton-coeur-avec-moi-couv.jpg?resize=350%2C200&ssl=1","width":350,"height":200,"srcset":"https:\/\/i0.wp.com\/smallthings.fr\/lespetitslivres\/wp-content\/uploads\/2016\/01\/j-ai-toujours-ton-coeur-avec-moi-couv.jpg?resize=350%2C200&ssl=1 1x, https:\/\/i0.wp.com\/smallthings.fr\/lespetitslivres\/wp-content\/uploads\/2016\/01\/j-ai-toujours-ton-coeur-avec-moi-couv.jpg?resize=525%2C300&ssl=1 1.5x, https:\/\/i0.wp.com\/smallthings.fr\/lespetitslivres\/wp-content\/uploads\/2016\/01\/j-ai-toujours-ton-coeur-avec-moi-couv.jpg?resize=700%2C400&ssl=1 2x, https:\/\/i0.wp.com\/smallthings.fr\/lespetitslivres\/wp-content\/uploads\/2016\/01\/j-ai-toujours-ton-coeur-avec-moi-couv.jpg?resize=1050%2C600&ssl=1 3x"},"classes":[]}],"_links":{"self":[{"href":"https:\/\/smallthings.fr\/lespetitslivres\/wp-json\/wp\/v2\/posts\/29168"}],"collection":[{"href":"https:\/\/smallthings.fr\/lespetitslivres\/wp-json\/wp\/v2\/posts"}],"about":[{"href":"https:\/\/smallthings.fr\/lespetitslivres\/wp-json\/wp\/v2\/types\/post"}],"author":[{"embeddable":true,"href":"https:\/\/smallthings.fr\/lespetitslivres\/wp-json\/wp\/v2\/users\/15"}],"replies":[{"embeddable":true,"href":"https:\/\/smallthings.fr\/lespetitslivres\/wp-json\/wp\/v2\/comments?post=29168"}],"version-history":[{"count":2,"href":"https:\/\/smallthings.fr\/lespetitslivres\/wp-json\/wp\/v2\/posts\/29168\/revisions"}],"predecessor-version":[{"id":29173,"href":"https:\/\/smallthings.fr\/lespetitslivres\/wp-json\/wp\/v2\/posts\/29168\/revisions\/29173"}],"wp:featuredmedia":[{"embeddable":true,"href":"https:\/\/smallthings.fr\/lespetitslivres\/wp-json\/wp\/v2\/media\/29169"}],"wp:attachment":[{"href":"https:\/\/smallthings.fr\/lespetitslivres\/wp-json\/wp\/v2\/media?parent=29168"}],"wp:term":[{"taxonomy":"category","embeddable":true,"href":"https:\/\/smallthings.fr\/lespetitslivres\/wp-json\/wp\/v2\/categories?post=29168"},{"taxonomy":"post_tag","embeddable":true,"href":"https:\/\/smallthings.fr\/lespetitslivres\/wp-json\/wp\/v2\/tags?post=29168"}],"curies":[{"name":"wp","href":"https:\/\/api.w.org\/{rel}","templated":true}]}}