{"id":29025,"date":"2015-10-23T14:28:51","date_gmt":"2015-10-23T13:28:51","guid":{"rendered":"http:\/\/smallthings.fr\/?p=28624"},"modified":"2015-11-05T16:50:03","modified_gmt":"2015-11-05T15:50:03","slug":"retour-sur-terre-rose-critique","status":"publish","type":"post","link":"https:\/\/smallthings.fr\/lespetitslivres\/2015\/10\/23\/retour-sur-terre-rose-critique\/","title":{"rendered":"Retour sur Terre : et si vous perdiez 6 ans de votre vie en 5 minutes ?"},"content":{"rendered":"<h2><em>Retour sur Terre <\/em>est un roman de M\u00e9lanie Rose, paru aux <a href=\"http:\/\/www.editionsarchipel.com\/livre\/retour-sur-terre\/\" target=\"_blank\">\u00e9ditions de l\u2019Archipel<\/a> le 7 octobre dernier. On y rencontre Michaela, 25 ans, qui s\u2019appr\u00eate \u00e0 faire un saut en parachute avec ses coll\u00e8gues. Mais apr\u00e8s s\u2019\u00eatre jet\u00e9e dans le vide, une bourrasque l\u2019emm\u00e8ne plus loin que pr\u00e9vu et, lorsqu\u2019elle touche enfin la terre ferme, elle se rend compte qu\u2019il fait nuit. L\u2019a\u00e9rodrome est d\u00e9sert, ses affaires ont disparu. Elle trouve refuge dans un bar o\u00f9 elle d\u00e9couvre, avec effarement, une affiche avec sa photo pr\u00e9tendant qu\u2019elle a disparu il y a de \u00e7a six ans et demi\u2026<\/h2>\n<p><strong><em>Retour sur Terre<\/em><\/strong> est un roman tr\u00e8s bien \u00e9crit avec un personnage principal superbement cr\u00e9\u00e9 et des personnages secondaires tout aussi incroyables et touchants. <strong>L\u2019histoire est originale et M\u00e9lanie Rose nous emm\u00e8ne dans un m\u00e9lange des genres\u00a0: entre com\u00e9die romantique, surnaturel et science.<\/strong><\/p>\n<p><a href=\"http:\/\/smallthings.fr\/?attachment_id=28626\" rel=\"attachment wp-att-28626\"><img loading=\"lazy\" decoding=\"async\" class=\"alignright wp-image-28626\" src=\"http:\/\/smallthings.fr\/wp-content\/uploads\/2015\/10\/retour-sur-terre.jpg\" alt=\"retour-sur-terre\" width=\"190\" height=\"294\" \/><\/a>Michaela est une jeune femme qui a tout pour plaire\u00a0: elle est belle, intelligente, a un tr\u00e8s bon poste et a rencontr\u00e9 l\u2019amour avec Callum, un veuf de huit ans son a\u00een\u00e9 qui a d\u00e9j\u00e0 un premier enfant, Abbygail. Le jour o\u00f9 la compagnie pour laquelle elle travaille d\u00e9cide d\u2019organiser un saut en parachute, Michaela n\u2019h\u00e9site pas une seconde. Cela lui permettra de s\u2019\u00e9chapper un peu de sa vie de belle-m\u00e8re bien sous tous rapports. Mais voil\u00e0, le vol ne va pas se passer comme pr\u00e9vu\u2026<\/p>\n<p>Arriv\u00e9e \u00e0 l\u2019a\u00e9rodrome dans la matin\u00e9e, Michaela apprend tout ce qu\u2019il faut savoir pour sauter en parachute. Le moniteur, Matt, lui fait du gringue et arrive \u00e0 lui donner son num\u00e9ro de t\u00e9l\u00e9phone avant de monter dans l\u2019avion. Une fois pr\u00eate \u00e0 sauter, Michaela prend peur et laisse passer tous ses coll\u00e8gues avant elle. Le beau Matt finit par la rassurer et c\u2019est peu confiance qu\u2019elle se jette dans le vide. L\u2019exp\u00e9rience est extraordinaire mais, tr\u00e8s vite, une bourrasque l\u2019\u00e9loigne des autres. Elle finit par atterrir un petit peu plus loin que pr\u00e9vu mais sans mal. Le probl\u00e8me\u00a0? Il faut nuit et l\u2019a\u00e9rodrome est d\u00e9sert\u00a0! <strong>Michaela va apprendre de la plus rude des fa\u00e7ons que sa vie vient d\u2019\u00eatre totalement chamboul\u00e9e, car six et demi se sont pass\u00e9s entre son saut et son atterrissage.<\/strong><\/p>\n<p>M\u00e9lanie Rose fait intervenir la police qui pense \u00e9videmment tout de suite \u00e0 un enl\u00e8vement, pr\u00e9tendant que la victime a subit un tel choc qu\u2019elle ne se souvient plus de rien. Les soup\u00e7ons commencent \u00e0 se poser sur tout le monde. Ainsi, un personnage que vous appr\u00e9ciez d\u00e8s le d\u00e9part va finir par montrer un c\u00f4t\u00e9 un peu myst\u00e9rieux et le lecteur ne saura jamais s\u2019il faut lui faire confiance ou non. De quoi rajouter du piment \u00e0 l\u2019intrigue de <strong><em>Retour sur Terre<\/em><\/strong>\u00a0!<\/p>\n<p>En quelques paragraphes, M\u00e9lanie Rose arrive \u00e0 envo\u00fbter le lecteur. Qu\u2019est-il arriv\u00e9 \u00e0 Michaela\u00a0? Et surtout comment ses proches vont-ils r\u00e9agir en apprenant qu\u2019elle a finalement r\u00e9apparu\u00a0? Parce que si, comme moi, vous pensez qu\u2019ils vont l\u2019accueillir \u00e0 bras ouverts, vous vous trompez lourdement\u2026 L\u2019auteur manie de main de ma\u00eetre les mots et les sentiments de ses personnages, arrivant ainsi \u00e0 rendre l\u2019histoire de <strong><em>Retour sur Terre<\/em><\/strong> totalement prenante et \u00e9mouvante. J\u2019ai particuli\u00e8rement appr\u00e9ci\u00e9 Abbygail, la belle-fille de Michaela car c\u2019est une adolescente en pleine crise et notre h\u00e9ro\u00efne est totalement perdue puisque, pour elle, elle a quitt\u00e9 une enfant la veille et se retrouve avec une ado le lendemain. Abby est un personnage important et tr\u00e8s int\u00e9ressant. Elle est lunatique mais cache simplement de profondes blessures et un manque affectif.<\/p>\n<div id=\"attachment_28627\" style=\"width: 168px\" class=\"wp-caption alignleft\"><a href=\"http:\/\/smallthings.fr\/?attachment_id=28627\" rel=\"attachment wp-att-28627\"><img loading=\"lazy\" decoding=\"async\" aria-describedby=\"caption-attachment-28627\" class=\" wp-image-28627\" src=\"http:\/\/smallthings.fr\/wp-content\/uploads\/2015\/10\/retour-sur-terre-rose-199x300.jpg\" alt=\"M\u00e9lanie Rose\" width=\"158\" height=\"238\" \/><\/a><p id=\"caption-attachment-28627\" class=\"wp-caption-text\">M\u00e9lanie Rose<\/p><\/div>\n<p>Avec tous ces retournements de situation, ces doutes, ces espoirs, <strong><em>Retour sur Terre<\/em><\/strong> arrive \u00e0 bouleverser le lecteur, \u00e0 le surprendre, et \u00e0 le rendre totalement accro. <strong>Impossible de l\u00e2cher le livre des mains tant on veut d\u00e9couvrir comment la jeune femme va se sortir de ces m\u00e9saventures<\/strong>. M\u00e9lanie Rose arrive parfaitement \u00e0 m\u00e9langer diff\u00e9rents th\u00e8mes passant de la romance \u00e0 la haine, du surnaturel aux hypoth\u00e8ses scientifiques, du tarot aux ondes gravitationnelles\u2026 <strong><em>Retour sur Terre<\/em><\/strong> est un livre complet, tr\u00e8s bien amen\u00e9, qui fait passer le lecteur par toute une palette d\u2019\u00e9motion.\u00a0 En bref, un livre captivant qui vous emportera dans un tourbillon de sensations\u00a0!<\/p>\n<blockquote><p>\u00ab\u00a0Sur ces affichettes est inscrite en grosses lettres la question suivante\u00a0: AVEZ-VOUS VU CETTE FEMME\u00a0? Quant au visage de la disparue\u2026 il s\u2019agit du mien. Une photo que Calum a prise la semaine derni\u00e8re et qui, \u00e0 ma connaissance, n\u2019a pas encore \u00e9t\u00e9 d\u00e9velopp\u00e9e\u2026<\/p>\n<p>Outre cet invraisemblable portrait, autre chose encore finit par me glacer le sang\u00a0: la date. \u00ab\u00a0Cette femme a \u00e9t\u00e9 vue pour la derni\u00e8re fois le 15 avril 2002.\u00a0\u00bb<\/p>\n<p>Nous sommes le 15 avril 2002. Et je n\u2019ai pas disparu.\u00a0\u00bb<\/p><\/blockquote>\n","protected":false},"excerpt":{"rendered":"<p>Retour sur Terre est un roman de M\u00e9lanie Rose, paru aux \u00e9ditions de l\u2019Archipel le 7 octobre dernier. On y rencontre Michaela, 25 ans, qui s\u2019appr\u00eate \u00e0 faire un saut en parachute avec ses coll\u00e8gues. Mais apr\u00e8s s\u2019\u00eatre jet\u00e9e dans le vide, une bourrasque l\u2019emm\u00e8ne plus loin que pr\u00e9vu et, lorsqu\u2019elle touche enfin la terre<\/p>\n","protected":false},"author":14,"featured_media":29068,"comment_status":"open","ping_status":"open","sticky":false,"template":"","format":"standard","meta":{"jetpack_post_was_ever_published":false,"_jetpack_newsletter_access":"","_jetpack_newsletter_tier_id":0,"footnotes":"","jetpack_publicize_message":"","jetpack_is_tweetstorm":false,"jetpack_publicize_feature_enabled":true,"jetpack_social_post_already_shared":true,"jetpack_social_options":{"image_generator_settings":{"template":"highway","enabled":false}}},"categories":[1118],"tags":[323,1129,1130],"jetpack_publicize_connections":[],"yoast_head":"<!-- This site is optimized with the Yoast SEO plugin v21.5 - https:\/\/yoast.com\/wordpress\/plugins\/seo\/ -->\n<title>Retour sur Terre : et si vous perdiez 6 ans de votre vie en 5 minutes ?<\/title>\n<meta name=\"description\" content=\"Retour sur Terre est un roman de M\u00e9lanie Rose, paru aux \u00e9ditions de l\u2019Archipel le 7 octobre dernier. On y rencontre Michaela, 25 ans, qui s\u2019appr\u00eate \u00e0 faire\" \/>\n<meta name=\"robots\" content=\"index, follow, max-snippet:-1, max-image-preview:large, max-video-preview:-1\" \/>\n<link rel=\"canonical\" href=\"http:\/\/smallthings.fr\/lespetitslivres\/2015\/10\/23\/retour-sur-terre-rose-critique\/\" \/>\n<meta property=\"og:locale\" content=\"fr_FR\" \/>\n<meta property=\"og:type\" content=\"article\" \/>\n<meta property=\"og:title\" content=\"Retour sur Terre : et si vous perdiez 6 ans de votre vie en 5 minutes ?\" \/>\n<meta property=\"og:description\" content=\"Retour sur Terre est un roman de M\u00e9lanie Rose, paru aux \u00e9ditions de l\u2019Archipel le 7 octobre dernier. On y rencontre Michaela, 25 ans, qui s\u2019appr\u00eate \u00e0 faire\" \/>\n<meta property=\"og:url\" content=\"http:\/\/smallthings.fr\/lespetitslivres\/2015\/10\/23\/retour-sur-terre-rose-critique\/\" \/>\n<meta property=\"og:site_name\" content=\"Les Petits Livres\" \/>\n<meta property=\"article:published_time\" content=\"2015-10-23T13:28:51+00:00\" \/>\n<meta property=\"article:modified_time\" content=\"2015-11-05T15:50:03+00:00\" \/>\n<meta property=\"og:image\" content=\"https:\/\/i0.wp.com\/smallthings.fr\/lespetitslivres\/wp-content\/uploads\/2015\/10\/retour-sur-terre-couv.jpg?fit=1128%2C781\" \/>\n\t<meta property=\"og:image:width\" content=\"1128\" \/>\n\t<meta property=\"og:image:height\" content=\"781\" \/>\n\t<meta property=\"og:image:type\" content=\"image\/jpeg\" \/>\n<meta name=\"author\" content=\"Jennifer\" \/>\n<meta name=\"twitter:card\" content=\"summary_large_image\" \/>\n<meta name=\"twitter:label1\" content=\"\u00c9crit par\" \/>\n\t<meta name=\"twitter:data1\" content=\"Jennifer\" \/>\n\t<meta name=\"twitter:label2\" content=\"Dur\u00e9e de lecture estim\u00e9e\" \/>\n\t<meta name=\"twitter:data2\" content=\"4 minutes\" \/>\n<script type=\"application\/ld+json\" class=\"yoast-schema-graph\">{\"@context\":\"https:\/\/schema.org\",\"@graph\":[{\"@type\":\"WebPage\",\"@id\":\"http:\/\/smallthings.fr\/lespetitslivres\/2015\/10\/23\/retour-sur-terre-rose-critique\/\",\"url\":\"http:\/\/smallthings.fr\/lespetitslivres\/2015\/10\/23\/retour-sur-terre-rose-critique\/\",\"name\":\"Retour sur Terre : et si vous perdiez 6 ans de votre vie en 5 minutes ?\",\"isPartOf\":{\"@id\":\"https:\/\/smallthings.fr\/lespetitslivres\/#website\"},\"datePublished\":\"2015-10-23T13:28:51+00:00\",\"dateModified\":\"2015-11-05T15:50:03+00:00\",\"author\":{\"@id\":\"https:\/\/smallthings.fr\/lespetitslivres\/#\/schema\/person\/bb8808220f912e72f01f7a55924d9ad1\"},\"description\":\"Retour sur Terre est un roman de M\u00e9lanie Rose, paru aux \u00e9ditions de l\u2019Archipel le 7 octobre dernier. On y rencontre Michaela, 25 ans, qui s\u2019appr\u00eate \u00e0 faire\",\"breadcrumb\":{\"@id\":\"http:\/\/smallthings.fr\/lespetitslivres\/2015\/10\/23\/retour-sur-terre-rose-critique\/#breadcrumb\"},\"inLanguage\":\"fr-FR\",\"potentialAction\":[{\"@type\":\"ReadAction\",\"target\":[\"http:\/\/smallthings.fr\/lespetitslivres\/2015\/10\/23\/retour-sur-terre-rose-critique\/\"]}]},{\"@type\":\"BreadcrumbList\",\"@id\":\"http:\/\/smallthings.fr\/lespetitslivres\/2015\/10\/23\/retour-sur-terre-rose-critique\/#breadcrumb\",\"itemListElement\":[{\"@type\":\"ListItem\",\"position\":1,\"name\":\"Accueil\",\"item\":\"https:\/\/smallthings.fr\/lespetitslivres\/\"},{\"@type\":\"ListItem\",\"position\":2,\"name\":\"Retour sur Terre : et si vous perdiez 6 ans de votre vie en 5 minutes ?\"}]},{\"@type\":\"WebSite\",\"@id\":\"https:\/\/smallthings.fr\/lespetitslivres\/#website\",\"url\":\"https:\/\/smallthings.fr\/lespetitslivres\/\",\"name\":\"Les Petits Livres\",\"description\":\"by Small Things\",\"potentialAction\":[{\"@type\":\"SearchAction\",\"target\":{\"@type\":\"EntryPoint\",\"urlTemplate\":\"https:\/\/smallthings.fr\/lespetitslivres\/?s={search_term_string}\"},\"query-input\":\"required name=search_term_string\"}],\"inLanguage\":\"fr-FR\"},{\"@type\":\"Person\",\"@id\":\"https:\/\/smallthings.fr\/lespetitslivres\/#\/schema\/person\/bb8808220f912e72f01f7a55924d9ad1\",\"name\":\"Jennifer\",\"image\":{\"@type\":\"ImageObject\",\"inLanguage\":\"fr-FR\",\"@id\":\"https:\/\/smallthings.fr\/lespetitslivres\/#\/schema\/person\/image\/\",\"url\":\"https:\/\/secure.gravatar.com\/avatar\/ffcd6b107b6b18c3d5201f1bcc631683?s=96&d=retro&r=g\",\"contentUrl\":\"https:\/\/secure.gravatar.com\/avatar\/ffcd6b107b6b18c3d5201f1bcc631683?s=96&d=retro&r=g\",\"caption\":\"Jennifer\"},\"url\":\"https:\/\/smallthings.fr\/lespetitslivres\/author\/jennifer\/\"}]}<\/script>\n<!-- \/ Yoast SEO plugin. -->","yoast_head_json":{"title":"Retour sur Terre : et si vous perdiez 6 ans de votre vie en 5 minutes ?","description":"Retour sur Terre est un roman de M\u00e9lanie Rose, paru aux \u00e9ditions de l\u2019Archipel le 7 octobre dernier. On y rencontre Michaela, 25 ans, qui s\u2019appr\u00eate \u00e0 faire","robots":{"index":"index","follow":"follow","max-snippet":"max-snippet:-1","max-image-preview":"max-image-preview:large","max-video-preview":"max-video-preview:-1"},"canonical":"http:\/\/smallthings.fr\/lespetitslivres\/2015\/10\/23\/retour-sur-terre-rose-critique\/","og_locale":"fr_FR","og_type":"article","og_title":"Retour sur Terre : et si vous perdiez 6 ans de votre vie en 5 minutes ?","og_description":"Retour sur Terre est un roman de M\u00e9lanie Rose, paru aux \u00e9ditions de l\u2019Archipel le 7 octobre dernier. On y rencontre Michaela, 25 ans, qui s\u2019appr\u00eate \u00e0 faire","og_url":"http:\/\/smallthings.fr\/lespetitslivres\/2015\/10\/23\/retour-sur-terre-rose-critique\/","og_site_name":"Les Petits Livres","article_published_time":"2015-10-23T13:28:51+00:00","article_modified_time":"2015-11-05T15:50:03+00:00","og_image":[{"width":1128,"height":781,"url":"https:\/\/i0.wp.com\/smallthings.fr\/lespetitslivres\/wp-content\/uploads\/2015\/10\/retour-sur-terre-couv.jpg?fit=1128%2C781","type":"image\/jpeg"}],"author":"Jennifer","twitter_card":"summary_large_image","twitter_misc":{"\u00c9crit par":"Jennifer","Dur\u00e9e de lecture estim\u00e9e":"4 minutes"},"schema":{"@context":"https:\/\/schema.org","@graph":[{"@type":"WebPage","@id":"http:\/\/smallthings.fr\/lespetitslivres\/2015\/10\/23\/retour-sur-terre-rose-critique\/","url":"http:\/\/smallthings.fr\/lespetitslivres\/2015\/10\/23\/retour-sur-terre-rose-critique\/","name":"Retour sur Terre : et si vous perdiez 6 ans de votre vie en 5 minutes ?","isPartOf":{"@id":"https:\/\/smallthings.fr\/lespetitslivres\/#website"},"datePublished":"2015-10-23T13:28:51+00:00","dateModified":"2015-11-05T15:50:03+00:00","author":{"@id":"https:\/\/smallthings.fr\/lespetitslivres\/#\/schema\/person\/bb8808220f912e72f01f7a55924d9ad1"},"description":"Retour sur Terre est un roman de M\u00e9lanie Rose, paru aux \u00e9ditions de l\u2019Archipel le 7 octobre dernier. On y rencontre Michaela, 25 ans, qui s\u2019appr\u00eate \u00e0 faire","breadcrumb":{"@id":"http:\/\/smallthings.fr\/lespetitslivres\/2015\/10\/23\/retour-sur-terre-rose-critique\/#breadcrumb"},"inLanguage":"fr-FR","potentialAction":[{"@type":"ReadAction","target":["http:\/\/smallthings.fr\/lespetitslivres\/2015\/10\/23\/retour-sur-terre-rose-critique\/"]}]},{"@type":"BreadcrumbList","@id":"http:\/\/smallthings.fr\/lespetitslivres\/2015\/10\/23\/retour-sur-terre-rose-critique\/#breadcrumb","itemListElement":[{"@type":"ListItem","position":1,"name":"Accueil","item":"https:\/\/smallthings.fr\/lespetitslivres\/"},{"@type":"ListItem","position":2,"name":"Retour sur Terre : et si vous perdiez 6 ans de votre vie en 5 minutes ?"}]},{"@type":"WebSite","@id":"https:\/\/smallthings.fr\/lespetitslivres\/#website","url":"https:\/\/smallthings.fr\/lespetitslivres\/","name":"Les Petits Livres","description":"by Small Things","potentialAction":[{"@type":"SearchAction","target":{"@type":"EntryPoint","urlTemplate":"https:\/\/smallthings.fr\/lespetitslivres\/?s={search_term_string}"},"query-input":"required name=search_term_string"}],"inLanguage":"fr-FR"},{"@type":"Person","@id":"https:\/\/smallthings.fr\/lespetitslivres\/#\/schema\/person\/bb8808220f912e72f01f7a55924d9ad1","name":"Jennifer","image":{"@type":"ImageObject","inLanguage":"fr-FR","@id":"https:\/\/smallthings.fr\/lespetitslivres\/#\/schema\/person\/image\/","url":"https:\/\/secure.gravatar.com\/avatar\/ffcd6b107b6b18c3d5201f1bcc631683?s=96&d=retro&r=g","contentUrl":"https:\/\/secure.gravatar.com\/avatar\/ffcd6b107b6b18c3d5201f1bcc631683?s=96&d=retro&r=g","caption":"Jennifer"},"url":"https:\/\/smallthings.fr\/lespetitslivres\/author\/jennifer\/"}]}},"jetpack_featured_media_url":"https:\/\/smallthings.fr\/lespetitslivres\/wp-content\/uploads\/2015\/10\/retour-sur-terre-couv.jpg","jetpack_sharing_enabled":true,"jetpack_shortlink":"https:\/\/wp.me\/p6Un21-7y9","jetpack-related-posts":[{"id":9551,"url":"https:\/\/smallthings.fr\/lespetitslivres\/2013\/11\/28\/lettre-helga-birgisson-critique\/","url_meta":{"origin":29025,"position":0},"title":"La Lettre \u00e0 Helga \u2013 Bergsveinn Birgisson","author":"Cecile","date":"28 novembre 2013","format":false,"excerpt":"La Lettre \u00e0 Helga, qui eut un immense succ\u00e8s dans les pays scandinaves, est le premier livre de Birgisson traduit en fran\u00e7ais, et le buzz principal de cette rentr\u00e9e litt\u00e9raire. Pourquoi cet engouement ? Et surtout, est-il m\u00e9rit\u00e9 ?","rel":"","context":"Dans &quot;Roman \u00e9tranger&quot;","block_context":{"text":"Roman \u00e9tranger","link":"https:\/\/smallthings.fr\/lespetitslivres\/category\/roman\/roman-etranger\/"},"img":{"alt_text":"Bergsveinn Birgisson, auteur de La Lettre \u00c3\u00a0 Helga","src":"https:\/\/i0.wp.com\/uploads.smallthings.fr\/2013\/11\/bergsveinn-birgisson.jpg?resize=350%2C200","width":350,"height":200},"classes":[]},{"id":30325,"url":"https:\/\/smallthings.fr\/lespetitslivres\/2016\/09\/21\/le-piege-thriller-melanie-raabe\/","url_meta":{"origin":29025,"position":1},"title":"Le pi\u00e8ge, thriller haletant de Melanie Raabe","author":"June","date":"21 septembre 2016","format":false,"excerpt":"Thriller psychologique au suspense haletant, Le pi\u00e8ge est le premier roman de Melanie Raabe, journaliste de son \u00e9tat. Paru le 14 septembre aux \u00e9ditions JC Latt\u00e8s, son intrigue tr\u00e8s efficace se r\u00e9v\u00e8le un v\u00e9ritable pi\u00e8ge\u2026 \u00e0 lecteurs\u00a0! Linda Conrads est un auteur \u00e0 succ\u00e8s et une source de rumeurs et\u2026","rel":"","context":"Dans &quot;Thriller&quot;","block_context":{"text":"Thriller","link":"https:\/\/smallthings.fr\/lespetitslivres\/category\/thriller\/"},"img":{"alt_text":"","src":"https:\/\/i0.wp.com\/smallthings.fr\/lespetitslivres\/wp-content\/uploads\/2016\/09\/piege-couv.jpeg?resize=350%2C200","width":350,"height":200},"classes":[]},{"id":29121,"url":"https:\/\/smallthings.fr\/lespetitslivres\/2015\/11\/14\/reste-avec-moi-warman-critique\/","url_meta":{"origin":29025,"position":2},"title":"Reste avec moi, le livre entre deux mondes de Jessica Warman","author":"Jennifer","date":"14 novembre 2015","format":false,"excerpt":"Reste avec moi de Jessica Warman est sorti le 14 octobre dernier en format poche aux \u00e9ditions Pocket Jeunesse. Il raconte l\u2019histoire d\u2019Elizabeth, jeune fille au comportement ex\u00e9crable, qui va \u00eatre tu\u00e9e le jour de son 18\u00e8me anniversaire. Coinc\u00e9e entre le monde des vivants et celui des morts, elle va\u2026","rel":"","context":"Dans &quot;Fantastique&quot;","block_context":{"text":"Fantastique","link":"https:\/\/smallthings.fr\/lespetitslivres\/category\/imaginaire\/fantastique\/"},"img":{"alt_text":"","src":"https:\/\/i0.wp.com\/smallthings.fr\/lespetitslivres\/wp-content\/uploads\/2015\/11\/reste-avec-moi-couv.jpg?resize=350%2C200&ssl=1","width":350,"height":200},"classes":[]},{"id":31972,"url":"https:\/\/smallthings.fr\/lespetitslivres\/2019\/08\/13\/fog-le-roman-horrifique-de-james-herbert-paru-en-1975-ressort-chez-bragelonne\/","url_meta":{"origin":29025,"position":3},"title":"Fog, le roman horrifique de James Herbert paru en 1975 ressort chez Bragelonne !","author":"Jennifer","date":"13 ao\u00fbt 2019","format":false,"excerpt":"Fog est un roman horrifique \u00e9crit par James Herbert. Sorti en version poche chez Bragelonne le 03 juillet dernier, ce livre nous fait rentrer dans un brouillard capable de vous transformer en s\u00e9rial killer redoutable\u00a0! James Herbert est le best-seller britannique de la terreur, traduit en trente-trois langues d\u00e8s son\u2026","rel":"","context":"Dans &quot;Fantastique&quot;","block_context":{"text":"Fantastique","link":"https:\/\/smallthings.fr\/lespetitslivres\/category\/imaginaire\/fantastique\/"},"img":{"alt_text":"","src":"https:\/\/i0.wp.com\/smallthings.fr\/lespetitslivres\/wp-content\/uploads\/2019\/08\/fog-james-herbert-2.jpg?resize=350%2C200&ssl=1","width":350,"height":200,"srcset":"https:\/\/i0.wp.com\/smallthings.fr\/lespetitslivres\/wp-content\/uploads\/2019\/08\/fog-james-herbert-2.jpg?resize=350%2C200&ssl=1 1x, https:\/\/i0.wp.com\/smallthings.fr\/lespetitslivres\/wp-content\/uploads\/2019\/08\/fog-james-herbert-2.jpg?resize=525%2C300&ssl=1 1.5x"},"classes":[]},{"id":31118,"url":"https:\/\/smallthings.fr\/lespetitslivres\/2017\/07\/05\/genesis-defi-etoiles-claudia-gray\/","url_meta":{"origin":29025,"position":4},"title":"G\u00e9n\u00e9sis, le d\u00e9fi des \u00e9toiles : explorons l\u2019univers !","author":"Jennifer","date":"5 juillet 2017","format":false,"excerpt":"Le d\u00e9fi des \u00e9toiles est le premier tome de la saga G\u00e9n\u00e9sis de Claudia Gray. Ce roman young adult ax\u00e9 science-fiction est sorti en mai chez le label Castelmore. Il raconte le combat de No\u00e9mi Vidal pour sauver G\u00e9n\u00e9sis, sa plan\u00e8te, en s\u2019alliant \u00e0 son pire ennemi\u00a0: le prototype m\u00e9ca\u2026","rel":"","context":"Dans &quot;Science-fiction&quot;","block_context":{"text":"Science-fiction","link":"https:\/\/smallthings.fr\/lespetitslivres\/category\/imaginaire\/science-fiction\/"},"img":{"alt_text":"","src":"https:\/\/i0.wp.com\/smallthings.fr\/lespetitslivres\/wp-content\/uploads\/2017\/07\/Genesis-le-d\u00e9fi-des-\u00e9toiles-4.jpg?resize=350%2C200&ssl=1","width":350,"height":200,"srcset":"https:\/\/i0.wp.com\/smallthings.fr\/lespetitslivres\/wp-content\/uploads\/2017\/07\/Genesis-le-d\u00e9fi-des-\u00e9toiles-4.jpg?resize=350%2C200&ssl=1 1x, https:\/\/i0.wp.com\/smallthings.fr\/lespetitslivres\/wp-content\/uploads\/2017\/07\/Genesis-le-d\u00e9fi-des-\u00e9toiles-4.jpg?resize=525%2C300&ssl=1 1.5x, https:\/\/i0.wp.com\/smallthings.fr\/lespetitslivres\/wp-content\/uploads\/2017\/07\/Genesis-le-d\u00e9fi-des-\u00e9toiles-4.jpg?resize=700%2C400&ssl=1 2x, https:\/\/i0.wp.com\/smallthings.fr\/lespetitslivres\/wp-content\/uploads\/2017\/07\/Genesis-le-d\u00e9fi-des-\u00e9toiles-4.jpg?resize=1050%2C600&ssl=1 3x"},"classes":[]},{"id":29769,"url":"https:\/\/smallthings.fr\/lespetitslivres\/2016\/03\/24\/vie-cinquante-minutes-benny-barbash\/","url_meta":{"origin":29025,"position":5},"title":"La vie en cinquante minutes et la spirale de la jalousie selon Benny Barbash","author":"Cecile","date":"24 mars 2016","format":false,"excerpt":"La vie en cinquante minutes de Benny Barbash vient de para\u00eetre aux \u00e9ditions Zulma. Qui ne s\u2019est pas fait des films \u00e0 partir de d\u00e9tails a priori anodins\u00a0? Surtout lorsqu\u2019on est influenc\u00e9 par la jalousie envers notre partenaire\u2026 L'auteur s\u2019empare de ce travers humain pour le d\u00e9ployer et le d\u00e9velopper\u2026","rel":"","context":"Dans &quot;Roman \u00e9tranger&quot;","block_context":{"text":"Roman \u00e9tranger","link":"https:\/\/smallthings.fr\/lespetitslivres\/category\/roman\/roman-etranger\/"},"img":{"alt_text":"","src":"https:\/\/i0.wp.com\/smallthings.fr\/lespetitslivres\/wp-content\/uploads\/2016\/03\/la-vie-en-cinquante-minutes-couv.jpg?resize=350%2C200&ssl=1","width":350,"height":200,"srcset":"https:\/\/i0.wp.com\/smallthings.fr\/lespetitslivres\/wp-content\/uploads\/2016\/03\/la-vie-en-cinquante-minutes-couv.jpg?resize=350%2C200&ssl=1 1x, https:\/\/i0.wp.com\/smallthings.fr\/lespetitslivres\/wp-content\/uploads\/2016\/03\/la-vie-en-cinquante-minutes-couv.jpg?resize=525%2C300&ssl=1 1.5x, https:\/\/i0.wp.com\/smallthings.fr\/lespetitslivres\/wp-content\/uploads\/2016\/03\/la-vie-en-cinquante-minutes-couv.jpg?resize=700%2C400&ssl=1 2x, https:\/\/i0.wp.com\/smallthings.fr\/lespetitslivres\/wp-content\/uploads\/2016\/03\/la-vie-en-cinquante-minutes-couv.jpg?resize=1050%2C600&ssl=1 3x, https:\/\/i0.wp.com\/smallthings.fr\/lespetitslivres\/wp-content\/uploads\/2016\/03\/la-vie-en-cinquante-minutes-couv.jpg?resize=1400%2C800&ssl=1 4x"},"classes":[]}],"_links":{"self":[{"href":"https:\/\/smallthings.fr\/lespetitslivres\/wp-json\/wp\/v2\/posts\/29025"}],"collection":[{"href":"https:\/\/smallthings.fr\/lespetitslivres\/wp-json\/wp\/v2\/posts"}],"about":[{"href":"https:\/\/smallthings.fr\/lespetitslivres\/wp-json\/wp\/v2\/types\/post"}],"author":[{"embeddable":true,"href":"https:\/\/smallthings.fr\/lespetitslivres\/wp-json\/wp\/v2\/users\/14"}],"replies":[{"embeddable":true,"href":"https:\/\/smallthings.fr\/lespetitslivres\/wp-json\/wp\/v2\/comments?post=29025"}],"version-history":[{"count":1,"href":"https:\/\/smallthings.fr\/lespetitslivres\/wp-json\/wp\/v2\/posts\/29025\/revisions"}],"predecessor-version":[{"id":29038,"href":"https:\/\/smallthings.fr\/lespetitslivres\/wp-json\/wp\/v2\/posts\/29025\/revisions\/29038"}],"wp:featuredmedia":[{"embeddable":true,"href":"https:\/\/smallthings.fr\/lespetitslivres\/wp-json\/wp\/v2\/media\/29068"}],"wp:attachment":[{"href":"https:\/\/smallthings.fr\/lespetitslivres\/wp-json\/wp\/v2\/media?parent=29025"}],"wp:term":[{"taxonomy":"category","embeddable":true,"href":"https:\/\/smallthings.fr\/lespetitslivres\/wp-json\/wp\/v2\/categories?post=29025"},{"taxonomy":"post_tag","embeddable":true,"href":"https:\/\/smallthings.fr\/lespetitslivres\/wp-json\/wp\/v2\/tags?post=29025"}],"curies":[{"name":"wp","href":"https:\/\/api.w.org\/{rel}","templated":true}]}}