{"id":28993,"date":"2015-11-05T14:30:09","date_gmt":"2015-11-05T13:30:09","guid":{"rendered":"http:\/\/smallthings.fr\/lespetitslivres\/?p=28993"},"modified":"2015-11-05T16:39:51","modified_gmt":"2015-11-05T15:39:51","slug":"grandes-evasions-paul-metral-critique","status":"publish","type":"post","link":"https:\/\/smallthings.fr\/lespetitslivres\/2015\/11\/05\/grandes-evasions-paul-metral-critique\/","title":{"rendered":"Les grandes \u00e9vasions de Paul M\u00e9tral : libre \u00e0 tout \u00e2ge et \u00e0 tout prix"},"content":{"rendered":"<h2><em>Les grandes \u00e9vasions de Paul M\u00e9tral<\/em> est paru en octobre aux <a href=\"http:\/\/www.lerouergue.com\/catalogue\/les-grandes-evasions-de-paul-metral\" target=\"_blank\">\u00e9ditions du Rouergue<\/a>. On a l\u2019habitude d\u2019associer vieillesse et d\u00e9pendance, ou s\u00e9nilit\u00e9\u00a0; \u00e0 partir d\u2019un certain stade, plus les gens avancent en \u00e2ge, moins on accorde de poids \u00e0 leur opinion, \u00e0 leur volont\u00e9, \u00e0 leurs propos, parfois \u00e0 tort. C\u2019est ce que s\u2019attache \u00e0 montrer Serge Revel dans ce roman doux-amer, r\u00e9jouissant et d\u00e9primant tout \u00e0 la fois.<\/h2>\n<p>Le r\u00e9cit se tient sur les \u00e9paules de Paul M\u00e9tral, qui porte bien ses quatre-vingt-neuf ans. Veuf et sans descendance, il m\u00e8ne une vie paisible seul dans sa maison \u00e0 la campagne, o\u00f9 son unique ni\u00e8ce vient tous les jours l\u2019aider dans les t\u00e2ches m\u00e9nag\u00e8res contre r\u00e9mun\u00e9ration. Rien \u00e0 redire donc. Mais un jour il tr\u00e9buche et sa ni\u00e8ce soi-disant inqui\u00e8te pour le bien-\u00eatre de son oncle, part en croisade pour qu\u2019il entre en maison de retraite. M. M\u00e9tral se laisse avoir \u00e0 l\u2019usure, et commence alors un cycle infernal\u00a0: une fois le doigt mis dans l\u2019engrenage, il n\u2019est pas de retour en arri\u00e8re. Il a beau tenter de revenir chez lui et de retrouver sa vie tranquille, sa ni\u00e8ce ne le l\u00e2che pas, et bient\u00f4t se joignent \u00e0 elle les directeurs de maison de retraite, les gendarmes, les infirmi\u00e8res\u2026 dans un toll\u00e9 g\u00e9n\u00e9ral \u00ab\u00a0\u00c0 votre \u00e2ge, enfin, vous n\u2019y pensez pas\u00a0!\u00a0\u00bb Ah\u00a0? <strong>Depuis quand aspirer \u00e0 la libert\u00e9, \u00e0 l\u2019ind\u00e9pendance, \u00e0 la tranquillit\u00e9, \u00e0 la d\u00e9cence enfin, est-ce un scandale\u00a0?<\/strong> La libert\u00e9 de mener sa propre vie comme on l\u2019entend\u00a0; n\u2019est-ce pas le grand principe de nos soci\u00e9t\u00e9s occidentales\u00a0?<\/p>\n<p><a href=\"http:\/\/smallthings.fr\/lespetitslivres\/wp-content\/uploads\/2015\/11\/grandes-evasions-paul-metral.jpg\"><img loading=\"lazy\" decoding=\"async\" data-attachment-id=\"28997\" data-permalink=\"https:\/\/smallthings.fr\/lespetitslivres\/2015\/11\/05\/grandes-evasions-paul-metral-critique\/grandes-evasions-paul-metral\/\" data-orig-file=\"https:\/\/smallthings.fr\/lespetitslivres\/wp-content\/uploads\/2015\/11\/grandes-evasions-paul-metral.jpg\" data-orig-size=\"699,1024\" data-comments-opened=\"1\" data-image-meta=\"{&quot;aperture&quot;:&quot;0&quot;,&quot;credit&quot;:&quot;&quot;,&quot;camera&quot;:&quot;&quot;,&quot;caption&quot;:&quot;&quot;,&quot;created_timestamp&quot;:&quot;0&quot;,&quot;copyright&quot;:&quot;&quot;,&quot;focal_length&quot;:&quot;0&quot;,&quot;iso&quot;:&quot;0&quot;,&quot;shutter_speed&quot;:&quot;0&quot;,&quot;title&quot;:&quot;&quot;,&quot;orientation&quot;:&quot;0&quot;}\" data-image-title=\"grandes-evasions-paul-metral\" data-image-description=\"\" data-image-caption=\"\" data-medium-file=\"https:\/\/smallthings.fr\/lespetitslivres\/wp-content\/uploads\/2015\/11\/grandes-evasions-paul-metral-205x300.jpg\" data-large-file=\"https:\/\/smallthings.fr\/lespetitslivres\/wp-content\/uploads\/2015\/11\/grandes-evasions-paul-metral-699x1024.jpg\" class=\"alignright size-medium wp-image-28997\" src=\"http:\/\/smallthings.fr\/lespetitslivres\/wp-content\/uploads\/2015\/11\/grandes-evasions-paul-metral-205x300.jpg\" alt=\"grandes-evasions-paul-metral\" width=\"205\" height=\"300\" srcset=\"https:\/\/smallthings.fr\/lespetitslivres\/wp-content\/uploads\/2015\/11\/grandes-evasions-paul-metral-205x300.jpg 205w, https:\/\/smallthings.fr\/lespetitslivres\/wp-content\/uploads\/2015\/11\/grandes-evasions-paul-metral.jpg 699w\" sizes=\"(max-width: 205px) 100vw, 205px\" \/><\/a>Pas quand on est vieux\u00a0; c\u2019est le reproche cinglant que lance Serge Revel par le biais de ces <strong><em>Grandes \u00e9vasions de Paul M\u00e9tral<\/em><\/strong>, qui a beau s\u2019acharner \u00e0 s\u2019extraire de l\u2019engrenage en fuguant de toutes ses maisons de retraite, sa ni\u00e8ce hypocrite et la soci\u00e9t\u00e9 finissent toujours par le retrouver et le ramener dans une petite bo\u00eete en guise de chambre, o\u00f9 il ne d\u00e9rangera plus personne. Et si \u00e7a le d\u00e9range, lui, ils n\u2019en ont cure. Sa ni\u00e8ce le d\u00e9trousse, lui prenant sa maison et ses biens pour les vendre, le fait mettre sous sa propre tutelle, l\u2019abreuve d\u2019un discours culpabilisant pour le convaincre de lui donner tout son argent\u00a0; les responsables de maisons de retraite tentent de le mater \u00e0 coups de r\u00e8glements et de sanctions comme un coll\u00e9gien rebelle\u00a0; les infirmi\u00e8res le traient en petit g\u00e2teux. Dans une ironie classique, la seule personne qui le prend au s\u00e9rieux et le respectera jusqu\u2019au bout est Akim, un chauffeur de taxi qui sera son fid\u00e8le complice dans ses \u00e9vasions et lui proposera un vrai foyer, au c\u0153ur de sa famille. Mais Paul M\u00e9tral sait bien que cette solution est illusoire\u00a0; que t\u00f4t ou tard l\u2019\u00e2ge le rendra d\u00e9pendant, \u00e0 la charge de cette famille, \u00e0 qui il ne veut pas imposer ce poids.<\/p>\n<p>Ne lui reste alors qu\u2019une seule solution pour pr\u00e9server son libre arbitre et sa dignit\u00e9, \u00e0 laquelle il se r\u00e9sout, plut\u00f4t que de d\u00e9cliner et crever \u00e0 petit feu dans un mouroir, peu \u00e0 peu spoli\u00e9 de toute humanit\u00e9.<\/p>\n<p><strong><em>Les grandes \u00e9vasions de Paul M\u00e9tral<\/em><\/strong> pourraient \u00eatre d\u00e9primantes et faire pleurer dans les chaumi\u00e8res\u00a0; certains th\u00e8mes s\u2019y pr\u00eatent un peu, comme le souvenir de Lou, l\u2019\u00e9pouse de Paul avec laquelle il a v\u00e9cu un amour sans nuages, et ses \u00e9lans de r\u00e9volte qui forcent parfois un peu sur le romanesque. Mais ce n\u2019est pas le cas gr\u00e2ce \u00e0 <strong>l\u2019ironie de ce vieillard iconoclaste<\/strong> sur laquelle surfe joyeusement Serge Revel. Paul M\u00e9tral propose \u00e0 sa ni\u00e8ce de lui trouver une compagne sur Meetic, cache sa carte bleue et sa cl\u00e9 USB dans son slip, et magouille avec une bande de jeunes pour acheter du shit, jamais \u00e0 court de ressources, revenant toujours \u00e0 la charge t\u00f4t ou tard. Et la meilleure preuve de sa lucidit\u00e9 qu\u2019il nous donne, c\u2019est sa conscience finale qu\u2019il a tout essay\u00e9, et qu\u2019il faut accepter la fin lorsqu\u2019elle vient. Laquelle peut sembler un peu forc\u00e9e dans son romanesque, mais reste un reflet sans fard du pi\u00e8ge insidieux dans lequel la soci\u00e9t\u00e9 enferme finalement les personnes \u00e2g\u00e9es. Et pose en filigrane la question\u00a0: une autre fin, une autre fa\u00e7on de traiter les personnes \u00e2g\u00e9es ne serait-elle pas plus digne de nous, d\u2019eux\u00a0?<\/p>\n<blockquote><p><em>\u00ab\u00a0\u2026\u00eatre \u00e0 l\u2019heure pour le repas, ne pas cuisiner hormis le petit d\u00e9jeuner, ne pas.. Bref, ce r\u00e8glement est un petit bijou d\u2019hypocrisie. Le bonheur dans un syst\u00e8me concentrationnaire librement accept\u00e9\u2026 J\u2019ai os\u00e9\u00a0:<\/em><\/p>\n<p><em>&#8211; Et si je veux rentrer tard un jour\u2026<\/em><\/p>\n<p><em>&#8211; On ne sort pas la nuit, \u00e0 votre \u00e2ge, monsieur M\u00e9tral\u00a0! Et pour aller o\u00f9\u00a0? je me le demande\u00a0!<\/em><\/p>\n<p><em>&#8211; En bo\u00eete madame\u2026 j\u2019adore danser. <\/em><\/p>\n<p><em>J\u2019ai cru qu\u2019elle s\u2019\u00e9tranglait. Les bourrelets du cou m\u2019ont fait penser, vu la couleur violine qu\u2019ils ont pris, \u00e0 celui d\u2019un dindon en col\u00e8re. Je l\u2019ai rassur\u00e9e, je ne voudrais pas qu\u2019elle me fasse une attaque pour notre premier rendez-vous. <\/em><\/p>\n<p><em>&#8211; Je plaisante, madame\u00a0! Quand je sors voir ma copine, je ne rentre plus tr\u00e8s tard\u2026<\/em><\/p>\n<p><em>Elle s\u2019est reprise.<\/em><\/p>\n<p><em>&#8211; Vous savez qu\u2019il est interdit d\u2019inviter des femmes\u2026<\/em><\/p>\n<p><em>&#8211; Ne vous inqui\u00e9tez pas madame, une me suffit, et je suis tr\u00e8s discret. Avec ma copine, on se voit chez elle\u2026 Vous savez, quand la nature demande\u2026<\/em><\/p>\n<p><em>&#8211; A votre \u00e2ge, monsieur M\u00e9tral\u00a0! Vous n\u2019avez pas honte\u00a0!\u00a0\u00bb<\/em><\/p><\/blockquote>\n","protected":false},"excerpt":{"rendered":"<p>Les grandes \u00e9vasions de Paul M\u00e9tral est paru en octobre aux \u00e9ditions du Rouergue. On a l\u2019habitude d\u2019associer vieillesse et d\u00e9pendance, ou s\u00e9nilit\u00e9\u00a0; \u00e0 partir d\u2019un certain stade, plus les gens avancent en \u00e2ge, moins on accorde de poids \u00e0 leur opinion, \u00e0 leur volont\u00e9, \u00e0 leurs propos, parfois \u00e0 tort. C\u2019est ce que s\u2019attache<\/p>\n","protected":false},"author":13,"featured_media":28996,"comment_status":"open","ping_status":"open","sticky":false,"template":"","format":"standard","meta":{"jetpack_post_was_ever_published":false,"_jetpack_newsletter_access":"","_jetpack_newsletter_tier_id":0,"footnotes":"","jetpack_publicize_message":"","jetpack_is_tweetstorm":false,"jetpack_publicize_feature_enabled":true,"jetpack_social_post_already_shared":true,"jetpack_social_options":{"image_generator_settings":{"template":"highway","enabled":false}}},"categories":[1121,1117],"tags":[1125,54,1126],"jetpack_publicize_connections":[],"yoast_head":"<!-- This site is optimized with the Yoast SEO plugin v21.5 - https:\/\/yoast.com\/wordpress\/plugins\/seo\/ -->\n<title>Les grandes \u00e9vasions de Paul M\u00e9tral : libre \u00e0 tout \u00e2ge et \u00e0 tout prix<\/title>\n<meta name=\"description\" content=\"Les grandes \u00e9vasions de Paul M\u00e9tral est paru en octobre aux \u00e9ditions du Rouergue. On a l\u2019habitude d\u2019associer vieillesse et d\u00e9pendance, ou s\u00e9nilit\u00e9 ; \u00e0\" \/>\n<meta name=\"robots\" content=\"index, follow, max-snippet:-1, max-image-preview:large, max-video-preview:-1\" \/>\n<link rel=\"canonical\" href=\"https:\/\/smallthings.fr\/lespetitslivres\/2015\/11\/05\/grandes-evasions-paul-metral-critique\/\" \/>\n<meta property=\"og:locale\" content=\"fr_FR\" \/>\n<meta property=\"og:type\" content=\"article\" \/>\n<meta property=\"og:title\" content=\"Les grandes \u00e9vasions de Paul M\u00e9tral : libre \u00e0 tout \u00e2ge et \u00e0 tout prix\" \/>\n<meta property=\"og:description\" content=\"Les grandes \u00e9vasions de Paul M\u00e9tral est paru en octobre aux \u00e9ditions du Rouergue. On a l\u2019habitude d\u2019associer vieillesse et d\u00e9pendance, ou s\u00e9nilit\u00e9 ; \u00e0\" \/>\n<meta property=\"og:url\" content=\"https:\/\/smallthings.fr\/lespetitslivres\/2015\/11\/05\/grandes-evasions-paul-metral-critique\/\" \/>\n<meta property=\"og:site_name\" content=\"Les Petits Livres\" \/>\n<meta property=\"article:published_time\" content=\"2015-11-05T13:30:09+00:00\" \/>\n<meta property=\"article:modified_time\" content=\"2015-11-05T15:39:51+00:00\" \/>\n<meta property=\"og:image\" content=\"https:\/\/smallthings.fr\/lespetitslivres\/wp-content\/uploads\/2015\/11\/grandes-evasions-paul-metral-couv-e1446734423583.jpg\" \/>\n\t<meta property=\"og:image:width\" content=\"499\" \/>\n\t<meta property=\"og:image:height\" content=\"210\" \/>\n\t<meta property=\"og:image:type\" content=\"image\/jpeg\" \/>\n<meta name=\"author\" content=\"Cecile\" \/>\n<meta name=\"twitter:card\" content=\"summary_large_image\" \/>\n<meta name=\"twitter:label1\" content=\"\u00c9crit par\" \/>\n\t<meta name=\"twitter:data1\" content=\"Cecile\" \/>\n\t<meta name=\"twitter:label2\" content=\"Dur\u00e9e de lecture estim\u00e9e\" \/>\n\t<meta name=\"twitter:data2\" content=\"5 minutes\" \/>\n<script type=\"application\/ld+json\" class=\"yoast-schema-graph\">{\"@context\":\"https:\/\/schema.org\",\"@graph\":[{\"@type\":\"WebPage\",\"@id\":\"https:\/\/smallthings.fr\/lespetitslivres\/2015\/11\/05\/grandes-evasions-paul-metral-critique\/\",\"url\":\"https:\/\/smallthings.fr\/lespetitslivres\/2015\/11\/05\/grandes-evasions-paul-metral-critique\/\",\"name\":\"Les grandes \u00e9vasions de Paul M\u00e9tral : libre \u00e0 tout \u00e2ge et \u00e0 tout prix\",\"isPartOf\":{\"@id\":\"https:\/\/smallthings.fr\/lespetitslivres\/#website\"},\"datePublished\":\"2015-11-05T13:30:09+00:00\",\"dateModified\":\"2015-11-05T15:39:51+00:00\",\"author\":{\"@id\":\"https:\/\/smallthings.fr\/lespetitslivres\/#\/schema\/person\/7b3de8ef611f2b29f758a00cad7cafb2\"},\"description\":\"Les grandes \u00e9vasions de Paul M\u00e9tral est paru en octobre aux \u00e9ditions du Rouergue. On a l\u2019habitude d\u2019associer vieillesse et d\u00e9pendance, ou s\u00e9nilit\u00e9 ; \u00e0\",\"breadcrumb\":{\"@id\":\"https:\/\/smallthings.fr\/lespetitslivres\/2015\/11\/05\/grandes-evasions-paul-metral-critique\/#breadcrumb\"},\"inLanguage\":\"fr-FR\",\"potentialAction\":[{\"@type\":\"ReadAction\",\"target\":[\"https:\/\/smallthings.fr\/lespetitslivres\/2015\/11\/05\/grandes-evasions-paul-metral-critique\/\"]}]},{\"@type\":\"BreadcrumbList\",\"@id\":\"https:\/\/smallthings.fr\/lespetitslivres\/2015\/11\/05\/grandes-evasions-paul-metral-critique\/#breadcrumb\",\"itemListElement\":[{\"@type\":\"ListItem\",\"position\":1,\"name\":\"Accueil\",\"item\":\"https:\/\/smallthings.fr\/lespetitslivres\/\"},{\"@type\":\"ListItem\",\"position\":2,\"name\":\"Les grandes \u00e9vasions de Paul M\u00e9tral : libre \u00e0 tout \u00e2ge et \u00e0 tout prix\"}]},{\"@type\":\"WebSite\",\"@id\":\"https:\/\/smallthings.fr\/lespetitslivres\/#website\",\"url\":\"https:\/\/smallthings.fr\/lespetitslivres\/\",\"name\":\"Les Petits Livres\",\"description\":\"by Small Things\",\"potentialAction\":[{\"@type\":\"SearchAction\",\"target\":{\"@type\":\"EntryPoint\",\"urlTemplate\":\"https:\/\/smallthings.fr\/lespetitslivres\/?s={search_term_string}\"},\"query-input\":\"required name=search_term_string\"}],\"inLanguage\":\"fr-FR\"},{\"@type\":\"Person\",\"@id\":\"https:\/\/smallthings.fr\/lespetitslivres\/#\/schema\/person\/7b3de8ef611f2b29f758a00cad7cafb2\",\"name\":\"Cecile\",\"image\":{\"@type\":\"ImageObject\",\"inLanguage\":\"fr-FR\",\"@id\":\"https:\/\/smallthings.fr\/lespetitslivres\/#\/schema\/person\/image\/\",\"url\":\"https:\/\/secure.gravatar.com\/avatar\/a855fa1dbad38b06e97132a8a6579746?s=96&d=retro&r=g\",\"contentUrl\":\"https:\/\/secure.gravatar.com\/avatar\/a855fa1dbad38b06e97132a8a6579746?s=96&d=retro&r=g\",\"caption\":\"Cecile\"},\"url\":\"https:\/\/smallthings.fr\/lespetitslivres\/author\/cecile\/\"}]}<\/script>\n<!-- \/ Yoast SEO plugin. -->","yoast_head_json":{"title":"Les grandes \u00e9vasions de Paul M\u00e9tral : libre \u00e0 tout \u00e2ge et \u00e0 tout prix","description":"Les grandes \u00e9vasions de Paul M\u00e9tral est paru en octobre aux \u00e9ditions du Rouergue. On a l\u2019habitude d\u2019associer vieillesse et d\u00e9pendance, ou s\u00e9nilit\u00e9 ; \u00e0","robots":{"index":"index","follow":"follow","max-snippet":"max-snippet:-1","max-image-preview":"max-image-preview:large","max-video-preview":"max-video-preview:-1"},"canonical":"https:\/\/smallthings.fr\/lespetitslivres\/2015\/11\/05\/grandes-evasions-paul-metral-critique\/","og_locale":"fr_FR","og_type":"article","og_title":"Les grandes \u00e9vasions de Paul M\u00e9tral : libre \u00e0 tout \u00e2ge et \u00e0 tout prix","og_description":"Les grandes \u00e9vasions de Paul M\u00e9tral est paru en octobre aux \u00e9ditions du Rouergue. On a l\u2019habitude d\u2019associer vieillesse et d\u00e9pendance, ou s\u00e9nilit\u00e9 ; \u00e0","og_url":"https:\/\/smallthings.fr\/lespetitslivres\/2015\/11\/05\/grandes-evasions-paul-metral-critique\/","og_site_name":"Les Petits Livres","article_published_time":"2015-11-05T13:30:09+00:00","article_modified_time":"2015-11-05T15:39:51+00:00","og_image":[{"width":499,"height":210,"url":"https:\/\/smallthings.fr\/lespetitslivres\/wp-content\/uploads\/2015\/11\/grandes-evasions-paul-metral-couv-e1446734423583.jpg","type":"image\/jpeg"}],"author":"Cecile","twitter_card":"summary_large_image","twitter_misc":{"\u00c9crit par":"Cecile","Dur\u00e9e de lecture estim\u00e9e":"5 minutes"},"schema":{"@context":"https:\/\/schema.org","@graph":[{"@type":"WebPage","@id":"https:\/\/smallthings.fr\/lespetitslivres\/2015\/11\/05\/grandes-evasions-paul-metral-critique\/","url":"https:\/\/smallthings.fr\/lespetitslivres\/2015\/11\/05\/grandes-evasions-paul-metral-critique\/","name":"Les grandes \u00e9vasions de Paul M\u00e9tral : libre \u00e0 tout \u00e2ge et \u00e0 tout prix","isPartOf":{"@id":"https:\/\/smallthings.fr\/lespetitslivres\/#website"},"datePublished":"2015-11-05T13:30:09+00:00","dateModified":"2015-11-05T15:39:51+00:00","author":{"@id":"https:\/\/smallthings.fr\/lespetitslivres\/#\/schema\/person\/7b3de8ef611f2b29f758a00cad7cafb2"},"description":"Les grandes \u00e9vasions de Paul M\u00e9tral est paru en octobre aux \u00e9ditions du Rouergue. On a l\u2019habitude d\u2019associer vieillesse et d\u00e9pendance, ou s\u00e9nilit\u00e9 ; \u00e0","breadcrumb":{"@id":"https:\/\/smallthings.fr\/lespetitslivres\/2015\/11\/05\/grandes-evasions-paul-metral-critique\/#breadcrumb"},"inLanguage":"fr-FR","potentialAction":[{"@type":"ReadAction","target":["https:\/\/smallthings.fr\/lespetitslivres\/2015\/11\/05\/grandes-evasions-paul-metral-critique\/"]}]},{"@type":"BreadcrumbList","@id":"https:\/\/smallthings.fr\/lespetitslivres\/2015\/11\/05\/grandes-evasions-paul-metral-critique\/#breadcrumb","itemListElement":[{"@type":"ListItem","position":1,"name":"Accueil","item":"https:\/\/smallthings.fr\/lespetitslivres\/"},{"@type":"ListItem","position":2,"name":"Les grandes \u00e9vasions de Paul M\u00e9tral : libre \u00e0 tout \u00e2ge et \u00e0 tout prix"}]},{"@type":"WebSite","@id":"https:\/\/smallthings.fr\/lespetitslivres\/#website","url":"https:\/\/smallthings.fr\/lespetitslivres\/","name":"Les Petits Livres","description":"by Small Things","potentialAction":[{"@type":"SearchAction","target":{"@type":"EntryPoint","urlTemplate":"https:\/\/smallthings.fr\/lespetitslivres\/?s={search_term_string}"},"query-input":"required name=search_term_string"}],"inLanguage":"fr-FR"},{"@type":"Person","@id":"https:\/\/smallthings.fr\/lespetitslivres\/#\/schema\/person\/7b3de8ef611f2b29f758a00cad7cafb2","name":"Cecile","image":{"@type":"ImageObject","inLanguage":"fr-FR","@id":"https:\/\/smallthings.fr\/lespetitslivres\/#\/schema\/person\/image\/","url":"https:\/\/secure.gravatar.com\/avatar\/a855fa1dbad38b06e97132a8a6579746?s=96&d=retro&r=g","contentUrl":"https:\/\/secure.gravatar.com\/avatar\/a855fa1dbad38b06e97132a8a6579746?s=96&d=retro&r=g","caption":"Cecile"},"url":"https:\/\/smallthings.fr\/lespetitslivres\/author\/cecile\/"}]}},"jetpack_featured_media_url":"https:\/\/smallthings.fr\/lespetitslivres\/wp-content\/uploads\/2015\/11\/grandes-evasions-paul-metral-couv-e1446734423583.jpg","jetpack_sharing_enabled":true,"jetpack_shortlink":"https:\/\/wp.me\/p6Un21-7xD","jetpack-related-posts":[{"id":30093,"url":"https:\/\/smallthings.fr\/lespetitslivres\/2016\/06\/17\/chemins-de-liberte-serge-revel\/","url_meta":{"origin":28993,"position":0},"title":"Chemins de libert\u00e9, la R\u00e9sistance ordinaire lors de la Seconde Guerre Mondiale","author":"June","date":"17 juin 2016","format":false,"excerpt":"Dans Chemins de libert\u00e9, paru le 11 mai, aux \u00e9ditions du Rouergue, Serge Revel nous emm\u00e8ne dans le quotidien de ceux qui sont entr\u00e9es dans la R\u00e9sistance comme par \u00e9vidence. Il nous conte l\u2019histoire d\u2019une famille ordinaire dans un petit village. Une famille qui paiera le prix de ses convictions\u2026","rel":"","context":"Dans &quot;Roman fran\u00e7ais&quot;","block_context":{"text":"Roman fran\u00e7ais","link":"https:\/\/smallthings.fr\/lespetitslivres\/category\/roman\/roman-francais\/"},"img":{"alt_text":"","src":"https:\/\/i0.wp.com\/smallthings.fr\/lespetitslivres\/wp-content\/uploads\/2016\/06\/chemins-de-liberte.jpg?resize=350%2C200","width":350,"height":200},"classes":[]},{"id":9744,"url":"https:\/\/smallthings.fr\/lespetitslivres\/2013\/12\/11\/tout-ce-qui-brille-anne-godbersen\/","url_meta":{"origin":28993,"position":1},"title":"Tout ce qui brille d&rsquo;Anna Godbersen : le NY des ann\u00e9es 30","author":"Claire","date":"11 d\u00e9cembre 2013","format":false,"excerpt":"\ufeffTout ce qui brille est sorti aux \u00e9ditions du Livre de Poche \u00e0 la fin du mois d'octobre. Il nous entra\u00eene \u00e0 New York en 1929 en compagnie de Letty et Cordelia, deux jeunes femmes happ\u00e9es par les soir\u00e9es fastueuses o\u00f9 tout n'est qu'apparence...","rel":"","context":"Dans &quot;Roman \u00e9tranger&quot;","block_context":{"text":"Roman \u00e9tranger","link":"https:\/\/smallthings.fr\/lespetitslivres\/category\/roman\/roman-etranger\/"},"img":{"alt_text":"new-york-annes-30","src":"https:\/\/i0.wp.com\/uploads.smallthings.fr\/2013\/12\/new-york-annes-30.jpg?resize=350%2C200","width":350,"height":200},"classes":[]},{"id":23131,"url":"https:\/\/smallthings.fr\/lespetitslivres\/2015\/05\/20\/cour-des-grandes-adele-breau-roman-critique\/","url_meta":{"origin":28993,"position":2},"title":"La cour des grandes &#8211; Ad\u00e8le Br\u00e9au : Desperate Housewives \u00e0 Paris","author":"Claire","date":"20 mai 2015","format":false,"excerpt":"La cour des grandes vient de sortir aux \u00e9ditions JC Latt\u00e8s. Ad\u00e8le Br\u00e9au, jeune auteure et journaliste, nous raconte avec humour ce que c'est d'\u00eatre une quarantenaire parisienne. Elle met en sc\u00e8ne quatre amies d'enfance et leurs gal\u00e8res : crise de couple, difficult\u00e9 \u00e0 avoir un enfant, jalousie, pression au\u2026","rel":"","context":"Dans &quot;Roman fran\u00e7ais&quot;","block_context":{"text":"Roman fran\u00e7ais","link":"https:\/\/smallthings.fr\/lespetitslivres\/category\/roman\/roman-francais\/"},"img":{"alt_text":"","src":"","width":0,"height":0},"classes":[]},{"id":31835,"url":"https:\/\/smallthings.fr\/lespetitslivres\/2018\/11\/21\/la-seule-histoire-julian-barnes-audio\/","url_meta":{"origin":28993,"position":3},"title":"La seule histoire, nouveau roman de Julian Barnes en livre audio","author":"Claire","date":"21 novembre 2018","format":false,"excerpt":"La seule histoire, le nouveau roman de Julian Barnes paru au Mercure de France, est disponible en livre audio chez Audible. Une excellente exp\u00e9rience qui m'a permis de d\u00e9couvrir un livre que je n'avais pas pr\u00e9vu de lire au d\u00e9part, connaissant mal Julian Barnes. Un tr\u00e8s agr\u00e9able moment de lecture\u2026","rel":"","context":"Dans &quot;Num\u00e9rique et audio&quot;","block_context":{"text":"Num\u00e9rique et audio","link":"https:\/\/smallthings.fr\/lespetitslivres\/category\/numerique-audio\/"},"img":{"alt_text":"","src":"https:\/\/i0.wp.com\/smallthings.fr\/lespetitslivres\/wp-content\/uploads\/2018\/11\/audio-barnes-seule-histoire.png?resize=350%2C200&ssl=1","width":350,"height":200,"srcset":"https:\/\/i0.wp.com\/smallthings.fr\/lespetitslivres\/wp-content\/uploads\/2018\/11\/audio-barnes-seule-histoire.png?resize=350%2C200&ssl=1 1x, https:\/\/i0.wp.com\/smallthings.fr\/lespetitslivres\/wp-content\/uploads\/2018\/11\/audio-barnes-seule-histoire.png?resize=525%2C300&ssl=1 1.5x"},"classes":[]},{"id":31260,"url":"https:\/\/smallthings.fr\/lespetitslivres\/2017\/09\/03\/avancee-de-la-nuit-alikavazovic-avis\/","url_meta":{"origin":28993,"position":4},"title":"L&rsquo;Avanc\u00e9e de la nuit : un r\u00e9cit peut-il changer une vie ?","author":"No\u00e9mie Toledano","date":"3 septembre 2017","format":false,"excerpt":"L'Avanc\u00e9e de la nuit de Jakuta Alikavazovic est l'un des romans de la rentr\u00e9e litt\u00e9raire des \u00e9ditions de l'Olivier. Un r\u00e9cit peut-il changer une vie\u00a0? Telle est la question. Dans ce roman, o\u00f9 l\u2019on se plonge comme on se laisse envahir par la nuit qui tombe, le r\u00e9cit est celui\u2026","rel":"","context":"Dans &quot;Roman fran\u00e7ais&quot;","block_context":{"text":"Roman fran\u00e7ais","link":"https:\/\/smallthings.fr\/lespetitslivres\/category\/roman\/roman-francais\/"},"img":{"alt_text":"","src":"https:\/\/i0.wp.com\/smallthings.fr\/lespetitslivres\/wp-content\/uploads\/2017\/09\/avancee-de-la-nuit-couv.jpg?resize=350%2C200&ssl=1","width":350,"height":200},"classes":[]},{"id":30246,"url":"https:\/\/smallthings.fr\/lespetitslivres\/2016\/08\/25\/principal-guigue-critique\/","url_meta":{"origin":28993,"position":5},"title":"Le principal : les coulisses mouvement\u00e9es d&rsquo;un coll\u00e8ge","author":"Rebecca","date":"25 ao\u00fbt 2016","format":false,"excerpt":"Le principal vient de para\u00eetre chez JC Latt\u00e8s. L'auteur, Arnaud Guigue, sait bien de quoi il parle, car il a \u00e9t\u00e9 lui-m\u00eame principal avant de devenir proviseur dans la r\u00e9gion parisienne. Sa ni\u00e8ce lui ayant fait un jour une remarque des plus surprenantes - \"une fois les emplois du temps\u2026","rel":"","context":"Dans &quot;Essai&quot;","block_context":{"text":"Essai","link":"https:\/\/smallthings.fr\/lespetitslivres\/category\/non-fiction\/essai\/"},"img":{"alt_text":"","src":"https:\/\/i0.wp.com\/smallthings.fr\/lespetitslivres\/wp-content\/uploads\/2016\/08\/college-principal-guigue-couv.jpg?resize=350%2C200&ssl=1","width":350,"height":200,"srcset":"https:\/\/i0.wp.com\/smallthings.fr\/lespetitslivres\/wp-content\/uploads\/2016\/08\/college-principal-guigue-couv.jpg?resize=350%2C200&ssl=1 1x, https:\/\/i0.wp.com\/smallthings.fr\/lespetitslivres\/wp-content\/uploads\/2016\/08\/college-principal-guigue-couv.jpg?resize=525%2C300&ssl=1 1.5x, https:\/\/i0.wp.com\/smallthings.fr\/lespetitslivres\/wp-content\/uploads\/2016\/08\/college-principal-guigue-couv.jpg?resize=700%2C400&ssl=1 2x"},"classes":[]}],"_links":{"self":[{"href":"https:\/\/smallthings.fr\/lespetitslivres\/wp-json\/wp\/v2\/posts\/28993"}],"collection":[{"href":"https:\/\/smallthings.fr\/lespetitslivres\/wp-json\/wp\/v2\/posts"}],"about":[{"href":"https:\/\/smallthings.fr\/lespetitslivres\/wp-json\/wp\/v2\/types\/post"}],"author":[{"embeddable":true,"href":"https:\/\/smallthings.fr\/lespetitslivres\/wp-json\/wp\/v2\/users\/13"}],"replies":[{"embeddable":true,"href":"https:\/\/smallthings.fr\/lespetitslivres\/wp-json\/wp\/v2\/comments?post=28993"}],"version-history":[{"count":3,"href":"https:\/\/smallthings.fr\/lespetitslivres\/wp-json\/wp\/v2\/posts\/28993\/revisions"}],"predecessor-version":[{"id":28999,"href":"https:\/\/smallthings.fr\/lespetitslivres\/wp-json\/wp\/v2\/posts\/28993\/revisions\/28999"}],"wp:featuredmedia":[{"embeddable":true,"href":"https:\/\/smallthings.fr\/lespetitslivres\/wp-json\/wp\/v2\/media\/28996"}],"wp:attachment":[{"href":"https:\/\/smallthings.fr\/lespetitslivres\/wp-json\/wp\/v2\/media?parent=28993"}],"wp:term":[{"taxonomy":"category","embeddable":true,"href":"https:\/\/smallthings.fr\/lespetitslivres\/wp-json\/wp\/v2\/categories?post=28993"},{"taxonomy":"post_tag","embeddable":true,"href":"https:\/\/smallthings.fr\/lespetitslivres\/wp-json\/wp\/v2\/tags?post=28993"}],"curies":[{"name":"wp","href":"https:\/\/api.w.org\/{rel}","templated":true}]}}