{"id":28517,"date":"2015-10-22T14:17:12","date_gmt":"2015-10-22T13:17:12","guid":{"rendered":"http:\/\/smallthings.fr\/?p=28517"},"modified":"2015-11-05T16:38:17","modified_gmt":"2015-11-05T15:38:17","slug":"profession-du-pere-sorj-chalandon","status":"publish","type":"post","link":"https:\/\/smallthings.fr\/lespetitslivres\/2015\/10\/22\/profession-du-pere-sorj-chalandon\/","title":{"rendered":"Profession du p\u00e8re : cri d&rsquo;amour terrible de Sorj Chalandon"},"content":{"rendered":"<h2>Paru le 19 ao\u00fbt aux <a href=\"http:\/\/www.grasset.fr\/profession-du-pere-9782246857136\" target=\"_blank\">\u00e9ditions Grasset<\/a>, <em>Profession du p\u00e8re<\/em> est un roman aux accents de v\u00e9rit\u00e9 qui ne peut laisser indiff\u00e9rent. Avec une douceur singuli\u00e8re, Sorj Chalandon nous fait passer de l\u2019effroi \u00e0 un sourire incr\u00e9dule, de la com\u00e9die aux larmes.<\/h2>\n<p>A l\u2019origine, il y a un enfant, Emile. Fascin\u00e9 par son p\u00e8re et \u00e9cras\u00e9 par l\u2019emprise de celui-ci, <strong>il supporte sans broncher sa violence et ses brimades, tant il croit ce p\u00e8re extraordinaire<\/strong>, h\u00e9ro\u00efque, presque tout puissant. Il faut dire qu\u2019il a tellement de vies ce p\u00e8re\u00a0! Chanteur, espion, pasteur, parachutiste conseiller occulte du G\u00e9n\u00e9ral de Gaulle\u00a0! Quelle enfance formidable ce serait de pouvoir les vivre avec lui\u00a0!<\/p>\n<p><a href=\"http:\/\/smallthings.fr\/?attachment_id=28519\" rel=\"attachment wp-att-28519\"><img loading=\"lazy\" decoding=\"async\" class=\"alignright size-medium wp-image-28519\" src=\"http:\/\/smallthings.fr\/wp-content\/uploads\/2015\/10\/profession-du-pere-205x300.jpg\" alt=\"profession-du-pere\" width=\"205\" height=\"300\" \/><\/a>Alors la mythomanie paternelle se distille comme un poison familial. Chaque histoire justifie de nouvelles explosions de violence. Et les brimades se renouvellent aussi souvent que change la <em><strong>Profession du p\u00e8re<\/strong><\/em>. Mais lorsque cette folie mythomane du p\u00e8re gagne l\u2019adolescent en mal d\u2019exister, la situation plonge encore plus profond\u00e9ment dans le drame\u2026<\/p>\n<p>Avec cette trag\u00e9die qui se joue dans le silence du vase clos familial<strong>, Sorj Chalandon<\/strong> partage avec nous un r\u00e9cit d\u00e9chirant o\u00f9 la com\u00e9die absurde du mensonge le dispute au drame en permanence. Il nous d\u00e9peint, avec des accents de v\u00e9rit\u00e9 troublants, la folie de ce p\u00e8re qui m\u00eale ses d\u00e9mons int\u00e9rieurs \u00e0 la r\u00e9alit\u00e9 et les d\u00e9cha\u00eene sur une famille qui lui est enti\u00e8rement soumise. Les mensonges, les mises en sc\u00e8nes, les coups\u2026 Et cet enfant\u2026 Ce petit gar\u00e7on qui ne veut que croire. Croire son p\u00e8re juste pour compter \u00e0 ses yeux, \u00eatre ce qu\u2019il veut qu\u2019il soit. Et survivre.<\/p>\n<p>On est saisi par l\u2019angoisse de ce destin \u00e0 la d\u00e9rive. On reste incr\u00e9dules devant cette farce effroyable qui se joue dans le cercle familial sans que personne, jamais, ne sache. On s\u2019accroche, tripes nou\u00e9es, au r\u00e9cit d\u2019Emile, comme si on esp\u00e9rait ainsi le prot\u00e9ger.<\/p>\n<p>De cet enfant martyris\u00e9 \u00e0 l\u2019adulte rescap\u00e9 qui brise enfin le silence<strong>, <em>Profession du p\u00e8re<\/em><\/strong> est, d\u2019une certaine fa\u00e7on, une profession de foi. Celle de celui qui a su, malgr\u00e9 tout, survivre, se reconstruire, pardonner et qui, jusqu\u2019au bout du r\u00e9cit, cherche \u00e0 comprendre. Un cri d\u2019amour aussi entre les lignes pour ce bourreau qui est toujours et avant tout rest\u00e9 un p\u00e8re dans le regard de ce petit gar\u00e7on. Avec un style tendre, \u00e9mouvant et d\u00e9pouill\u00e9, <strong>Sorj Chalandon<\/strong> nous emm\u00e8ne dans les recoins les plus durs, les plus sombres de cette trag\u00e9die familiale, sans jamais confiner au sordide ou au path\u00e9tique.<\/p>\n<p>A ce p\u00e8re qui l\u2019a hant\u00e9 toute sa vie, jusque dans son \u0153uvre, il offre finalement un roman en guise d\u2019absolution posthume. Des mots pour exorciser le silence et la souffrance. A nous, il nous offre une le\u00e7on de vie poignante d\u2019humanit\u00e9 et de courage. De la r\u00e9alit\u00e9 et de la fiction, on ne d\u00e9m\u00ealera jamais les fils. Et c\u2019est tant mieux, car le r\u00e9cit garde ainsi une forme de pudeur, de non-dit qui enveloppe le lecteur dans une connivence particuli\u00e8re avec l\u2019auteur. Ainsi qu\u2019il le dit lui-m\u00eame, pour <strong>Sorj Chalandon<\/strong> comme pour Emile, la <em><strong>Profession du p\u00e8re<\/strong><\/em> reste une ligne vide dans leurs vies, une gifle d\u2019\u00e9motions dans la n\u00f4tre.<\/p>\n","protected":false},"excerpt":{"rendered":"<p>Paru le 19 ao\u00fbt aux \u00e9ditions Grasset, Profession du p\u00e8re est un roman aux accents de v\u00e9rit\u00e9 qui ne peut laisser indiff\u00e9rent. Avec une douceur singuli\u00e8re, Sorj Chalandon nous fait passer de l\u2019effroi \u00e0 un sourire incr\u00e9dule, de la com\u00e9die aux larmes. A l\u2019origine, il y a un enfant, Emile. Fascin\u00e9 par son p\u00e8re et<\/p>\n","protected":false},"author":15,"featured_media":29067,"comment_status":"open","ping_status":"open","sticky":false,"template":"","format":"standard","meta":{"jetpack_post_was_ever_published":false,"_jetpack_newsletter_access":"","_jetpack_newsletter_tier_id":0,"footnotes":"","jetpack_publicize_message":"","jetpack_is_tweetstorm":false,"jetpack_publicize_feature_enabled":true,"jetpack_social_post_already_shared":false,"jetpack_social_options":{"image_generator_settings":{"template":"highway","enabled":false}}},"categories":[1121,45,1118],"tags":[1018,32,1019],"jetpack_publicize_connections":[],"yoast_head":"<!-- This site is optimized with the Yoast SEO plugin v21.5 - https:\/\/yoast.com\/wordpress\/plugins\/seo\/ -->\n<title>Profession du p\u00e8re : cri d&#039;amour terrible de Sorj Chalandon<\/title>\n<meta name=\"description\" content=\"Paru le 19 ao\u00fbt aux \u00e9ditions Grasset, Profession du p\u00e8re est un roman aux accents de v\u00e9rit\u00e9 qui ne peut laisser indiff\u00e9rent. Avec une douceur singuli\u00e8re,\" \/>\n<meta name=\"robots\" content=\"index, follow, max-snippet:-1, max-image-preview:large, max-video-preview:-1\" \/>\n<link rel=\"canonical\" href=\"https:\/\/smallthings.fr\/lespetitslivres\/2015\/10\/22\/profession-du-pere-sorj-chalandon\/\" \/>\n<meta property=\"og:locale\" content=\"fr_FR\" \/>\n<meta property=\"og:type\" content=\"article\" \/>\n<meta property=\"og:title\" content=\"Profession du p\u00e8re : cri d&#039;amour terrible de Sorj Chalandon\" \/>\n<meta property=\"og:description\" content=\"Paru le 19 ao\u00fbt aux \u00e9ditions Grasset, Profession du p\u00e8re est un roman aux accents de v\u00e9rit\u00e9 qui ne peut laisser indiff\u00e9rent. Avec une douceur singuli\u00e8re,\" \/>\n<meta property=\"og:url\" content=\"https:\/\/smallthings.fr\/lespetitslivres\/2015\/10\/22\/profession-du-pere-sorj-chalandon\/\" \/>\n<meta property=\"og:site_name\" content=\"Les Petits Livres\" \/>\n<meta property=\"article:published_time\" content=\"2015-10-22T13:17:12+00:00\" \/>\n<meta property=\"article:modified_time\" content=\"2015-11-05T15:38:17+00:00\" \/>\n<meta property=\"og:image\" content=\"https:\/\/smallthings.fr\/lespetitslivres\/wp-content\/uploads\/2015\/10\/slider-profession-du-pere1.jpg\" \/>\n\t<meta property=\"og:image:width\" content=\"375\" \/>\n\t<meta property=\"og:image:height\" content=\"314\" \/>\n\t<meta property=\"og:image:type\" content=\"image\/jpeg\" \/>\n<meta name=\"author\" content=\"June\" \/>\n<meta name=\"twitter:card\" content=\"summary_large_image\" \/>\n<meta name=\"twitter:creator\" content=\"@dariadgille\" \/>\n<meta name=\"twitter:label1\" content=\"\u00c9crit par\" \/>\n\t<meta name=\"twitter:data1\" content=\"June\" \/>\n\t<meta name=\"twitter:label2\" content=\"Dur\u00e9e de lecture estim\u00e9e\" \/>\n\t<meta name=\"twitter:data2\" content=\"3 minutes\" \/>\n<script type=\"application\/ld+json\" class=\"yoast-schema-graph\">{\"@context\":\"https:\/\/schema.org\",\"@graph\":[{\"@type\":\"WebPage\",\"@id\":\"https:\/\/smallthings.fr\/lespetitslivres\/2015\/10\/22\/profession-du-pere-sorj-chalandon\/\",\"url\":\"https:\/\/smallthings.fr\/lespetitslivres\/2015\/10\/22\/profession-du-pere-sorj-chalandon\/\",\"name\":\"Profession du p\u00e8re : cri d'amour terrible de Sorj Chalandon\",\"isPartOf\":{\"@id\":\"https:\/\/smallthings.fr\/lespetitslivres\/#website\"},\"datePublished\":\"2015-10-22T13:17:12+00:00\",\"dateModified\":\"2015-11-05T15:38:17+00:00\",\"author\":{\"@id\":\"https:\/\/smallthings.fr\/lespetitslivres\/#\/schema\/person\/3e6389e33dfcb17850d47fa745090e73\"},\"description\":\"Paru le 19 ao\u00fbt aux \u00e9ditions Grasset, Profession du p\u00e8re est un roman aux accents de v\u00e9rit\u00e9 qui ne peut laisser indiff\u00e9rent. Avec une douceur singuli\u00e8re,\",\"breadcrumb\":{\"@id\":\"https:\/\/smallthings.fr\/lespetitslivres\/2015\/10\/22\/profession-du-pere-sorj-chalandon\/#breadcrumb\"},\"inLanguage\":\"fr-FR\",\"potentialAction\":[{\"@type\":\"ReadAction\",\"target\":[\"https:\/\/smallthings.fr\/lespetitslivres\/2015\/10\/22\/profession-du-pere-sorj-chalandon\/\"]}]},{\"@type\":\"BreadcrumbList\",\"@id\":\"https:\/\/smallthings.fr\/lespetitslivres\/2015\/10\/22\/profession-du-pere-sorj-chalandon\/#breadcrumb\",\"itemListElement\":[{\"@type\":\"ListItem\",\"position\":1,\"name\":\"Accueil\",\"item\":\"https:\/\/smallthings.fr\/lespetitslivres\/\"},{\"@type\":\"ListItem\",\"position\":2,\"name\":\"Profession du p\u00e8re : cri d&rsquo;amour terrible de Sorj Chalandon\"}]},{\"@type\":\"WebSite\",\"@id\":\"https:\/\/smallthings.fr\/lespetitslivres\/#website\",\"url\":\"https:\/\/smallthings.fr\/lespetitslivres\/\",\"name\":\"Les Petits Livres\",\"description\":\"by Small Things\",\"potentialAction\":[{\"@type\":\"SearchAction\",\"target\":{\"@type\":\"EntryPoint\",\"urlTemplate\":\"https:\/\/smallthings.fr\/lespetitslivres\/?s={search_term_string}\"},\"query-input\":\"required name=search_term_string\"}],\"inLanguage\":\"fr-FR\"},{\"@type\":\"Person\",\"@id\":\"https:\/\/smallthings.fr\/lespetitslivres\/#\/schema\/person\/3e6389e33dfcb17850d47fa745090e73\",\"name\":\"June\",\"image\":{\"@type\":\"ImageObject\",\"inLanguage\":\"fr-FR\",\"@id\":\"https:\/\/smallthings.fr\/lespetitslivres\/#\/schema\/person\/image\/\",\"url\":\"https:\/\/secure.gravatar.com\/avatar\/b9e34137bb78059aebeb6866f6a13f5a?s=96&d=retro&r=g\",\"contentUrl\":\"https:\/\/secure.gravatar.com\/avatar\/b9e34137bb78059aebeb6866f6a13f5a?s=96&d=retro&r=g\",\"caption\":\"June\"},\"sameAs\":[\"https:\/\/twitter.com\/@dariadgille\"],\"url\":\"https:\/\/smallthings.fr\/lespetitslivres\/author\/june\/\"}]}<\/script>\n<!-- \/ Yoast SEO plugin. -->","yoast_head_json":{"title":"Profession du p\u00e8re : cri d'amour terrible de Sorj Chalandon","description":"Paru le 19 ao\u00fbt aux \u00e9ditions Grasset, Profession du p\u00e8re est un roman aux accents de v\u00e9rit\u00e9 qui ne peut laisser indiff\u00e9rent. Avec une douceur singuli\u00e8re,","robots":{"index":"index","follow":"follow","max-snippet":"max-snippet:-1","max-image-preview":"max-image-preview:large","max-video-preview":"max-video-preview:-1"},"canonical":"https:\/\/smallthings.fr\/lespetitslivres\/2015\/10\/22\/profession-du-pere-sorj-chalandon\/","og_locale":"fr_FR","og_type":"article","og_title":"Profession du p\u00e8re : cri d'amour terrible de Sorj Chalandon","og_description":"Paru le 19 ao\u00fbt aux \u00e9ditions Grasset, Profession du p\u00e8re est un roman aux accents de v\u00e9rit\u00e9 qui ne peut laisser indiff\u00e9rent. Avec une douceur singuli\u00e8re,","og_url":"https:\/\/smallthings.fr\/lespetitslivres\/2015\/10\/22\/profession-du-pere-sorj-chalandon\/","og_site_name":"Les Petits Livres","article_published_time":"2015-10-22T13:17:12+00:00","article_modified_time":"2015-11-05T15:38:17+00:00","og_image":[{"width":375,"height":314,"url":"https:\/\/smallthings.fr\/lespetitslivres\/wp-content\/uploads\/2015\/10\/slider-profession-du-pere1.jpg","type":"image\/jpeg"}],"author":"June","twitter_card":"summary_large_image","twitter_creator":"@dariadgille","twitter_misc":{"\u00c9crit par":"June","Dur\u00e9e de lecture estim\u00e9e":"3 minutes"},"schema":{"@context":"https:\/\/schema.org","@graph":[{"@type":"WebPage","@id":"https:\/\/smallthings.fr\/lespetitslivres\/2015\/10\/22\/profession-du-pere-sorj-chalandon\/","url":"https:\/\/smallthings.fr\/lespetitslivres\/2015\/10\/22\/profession-du-pere-sorj-chalandon\/","name":"Profession du p\u00e8re : cri d'amour terrible de Sorj Chalandon","isPartOf":{"@id":"https:\/\/smallthings.fr\/lespetitslivres\/#website"},"datePublished":"2015-10-22T13:17:12+00:00","dateModified":"2015-11-05T15:38:17+00:00","author":{"@id":"https:\/\/smallthings.fr\/lespetitslivres\/#\/schema\/person\/3e6389e33dfcb17850d47fa745090e73"},"description":"Paru le 19 ao\u00fbt aux \u00e9ditions Grasset, Profession du p\u00e8re est un roman aux accents de v\u00e9rit\u00e9 qui ne peut laisser indiff\u00e9rent. Avec une douceur singuli\u00e8re,","breadcrumb":{"@id":"https:\/\/smallthings.fr\/lespetitslivres\/2015\/10\/22\/profession-du-pere-sorj-chalandon\/#breadcrumb"},"inLanguage":"fr-FR","potentialAction":[{"@type":"ReadAction","target":["https:\/\/smallthings.fr\/lespetitslivres\/2015\/10\/22\/profession-du-pere-sorj-chalandon\/"]}]},{"@type":"BreadcrumbList","@id":"https:\/\/smallthings.fr\/lespetitslivres\/2015\/10\/22\/profession-du-pere-sorj-chalandon\/#breadcrumb","itemListElement":[{"@type":"ListItem","position":1,"name":"Accueil","item":"https:\/\/smallthings.fr\/lespetitslivres\/"},{"@type":"ListItem","position":2,"name":"Profession du p\u00e8re : cri d&rsquo;amour terrible de Sorj Chalandon"}]},{"@type":"WebSite","@id":"https:\/\/smallthings.fr\/lespetitslivres\/#website","url":"https:\/\/smallthings.fr\/lespetitslivres\/","name":"Les Petits Livres","description":"by Small Things","potentialAction":[{"@type":"SearchAction","target":{"@type":"EntryPoint","urlTemplate":"https:\/\/smallthings.fr\/lespetitslivres\/?s={search_term_string}"},"query-input":"required name=search_term_string"}],"inLanguage":"fr-FR"},{"@type":"Person","@id":"https:\/\/smallthings.fr\/lespetitslivres\/#\/schema\/person\/3e6389e33dfcb17850d47fa745090e73","name":"June","image":{"@type":"ImageObject","inLanguage":"fr-FR","@id":"https:\/\/smallthings.fr\/lespetitslivres\/#\/schema\/person\/image\/","url":"https:\/\/secure.gravatar.com\/avatar\/b9e34137bb78059aebeb6866f6a13f5a?s=96&d=retro&r=g","contentUrl":"https:\/\/secure.gravatar.com\/avatar\/b9e34137bb78059aebeb6866f6a13f5a?s=96&d=retro&r=g","caption":"June"},"sameAs":["https:\/\/twitter.com\/@dariadgille"],"url":"https:\/\/smallthings.fr\/lespetitslivres\/author\/june\/"}]}},"jetpack_featured_media_url":"https:\/\/smallthings.fr\/lespetitslivres\/wp-content\/uploads\/2015\/10\/slider-profession-du-pere1.jpg","jetpack_sharing_enabled":true,"jetpack_shortlink":"https:\/\/wp.me\/p6Un21-7pX","jetpack-related-posts":[{"id":31299,"url":"https:\/\/smallthings.fr\/lespetitslivres\/2017\/09\/26\/dans-epaisseur-chair-blas-de-robles\/","url_meta":{"origin":28517,"position":0},"title":"Dans l&rsquo;\u00e9paisseur de la chair : retour dans le pass\u00e9 d&rsquo;un p\u00e8re myst\u00e9rieux","author":"Betsy","date":"26 septembre 2017","format":false,"excerpt":"Dans l'\u00e9paisseur de la chair est le nouveau roman de Jean-Marie Blas de Robl\u00e8s, paru chez Zulma en cette rentr\u00e9e litt\u00e9raire. Un retour dans un pass\u00e9 pas forc\u00e9ment glorieux mais \u00e9mouvant et ouvrant \u00e0 la r\u00e9flexion. Et bien que l\u00e9g\u00e8rement autobiographique pour rendre hommage \u00e0 son p\u00e8re, Dans l'\u00e9paisseur de\u2026","rel":"","context":"Dans &quot;Roman fran\u00e7ais&quot;","block_context":{"text":"Roman fran\u00e7ais","link":"https:\/\/smallthings.fr\/lespetitslivres\/category\/roman\/roman-francais\/"},"img":{"alt_text":"","src":"https:\/\/i0.wp.com\/smallthings.fr\/lespetitslivres\/wp-content\/uploads\/2017\/09\/blas-de-robles-jean-marie-blas-de-robles-opale-ok_0.jpg?resize=350%2C200&ssl=1","width":350,"height":200,"srcset":"https:\/\/i0.wp.com\/smallthings.fr\/lespetitslivres\/wp-content\/uploads\/2017\/09\/blas-de-robles-jean-marie-blas-de-robles-opale-ok_0.jpg?resize=350%2C200&ssl=1 1x, https:\/\/i0.wp.com\/smallthings.fr\/lespetitslivres\/wp-content\/uploads\/2017\/09\/blas-de-robles-jean-marie-blas-de-robles-opale-ok_0.jpg?resize=525%2C300&ssl=1 1.5x, https:\/\/i0.wp.com\/smallthings.fr\/lespetitslivres\/wp-content\/uploads\/2017\/09\/blas-de-robles-jean-marie-blas-de-robles-opale-ok_0.jpg?resize=700%2C400&ssl=1 2x"},"classes":[]},{"id":7980,"url":"https:\/\/smallthings.fr\/lespetitslivres\/2013\/09\/19\/jean-louis-fournier-servante-du-seigneur\/","url_meta":{"origin":28517,"position":1},"title":"Jean-Louis Fournier &#8211; La Servante du Seigneur","author":"Claire","date":"19 septembre 2013","format":false,"excerpt":"La Servante du Seigneur\u00a0de Jean-Louis Fournier, depuis sa sortie en cette rentr\u00e9e litt\u00e9raire 2013, a fait grand bruit. Pour la sensibilit\u00e9 de son \u00e9criture et son ton percutant, bien s\u00fbr, mais aussi parce qu'il s'est retrouv\u00e9 au coeur d'une affaire judiciaire in\u00e9dite dans l'\u00e9dition. Que s'est-il pass\u00e9 ? Et le\u2026","rel":"","context":"Dans &quot;Roman fran\u00e7ais&quot;","block_context":{"text":"Roman fran\u00e7ais","link":"https:\/\/smallthings.fr\/lespetitslivres\/category\/roman\/roman-francais\/"},"img":{"alt_text":"Jean-Louis Fournier","src":"https:\/\/i0.wp.com\/uploads.smallthings.fr\/2013\/09\/fournier-servante-1748695-jpg_1604797.jpg?resize=350%2C200","width":350,"height":200},"classes":[]},{"id":17667,"url":"https:\/\/smallthings.fr\/lespetitslivres\/2014\/11\/20\/origine-notre-pere-obscur-kaoutar-harchi\/","url_meta":{"origin":28517,"position":2},"title":"\u00c0 l\u2019origine notre p\u00e8re obscur \u2013 Kaoutar Harchi","author":"Cecile","date":"20 novembre 2014","format":false,"excerpt":"A l'origine notre p\u00e8re obscur est un roman de Kaoutar Harchi, \u00e9crivaine d'origine marocaine n\u00e9 en France. Il s'agit du deuxi\u00e8me roman de cette auteure, publi\u00e9 par Actes Sud pour la rentr\u00e9e litt\u00e9raire. R\u00e9cit poignant d\u2019une lib\u00e9ration \u00e0 la fois physique et psychologique du sevrage des femmes dans la soci\u00e9t\u00e9\u2026","rel":"","context":"Dans &quot;Roman \u00e9tranger&quot;","block_context":{"text":"Roman \u00e9tranger","link":"https:\/\/smallthings.fr\/lespetitslivres\/category\/roman\/roman-etranger\/"},"img":{"alt_text":"","src":"https:\/\/i0.wp.com\/smallthings.fr\/wp-content\/uploads\/2014\/10\/kaoutar-harchi.jpg?resize=350%2C200","width":350,"height":200},"classes":[]},{"id":31235,"url":"https:\/\/smallthings.fr\/lespetitslivres\/2017\/09\/07\/ton-pere-christophe-honore-critique\/","url_meta":{"origin":28517,"position":3},"title":"Ton p\u00e8re de Christophe Honor\u00e9&nbsp;: un portrait sensible","author":"Diane Norric","date":"7 septembre 2017","format":false,"excerpt":"Ton p\u00e8re, roman de Christophe Honor\u00e9, para\u00eet aujourd'hui au Mercure de France. Malgr\u00e9 une bibliographie plut\u00f4t imposante, Christophe Honor\u00e9 reste sans doute aujourd\u2019hui encore principalement connu comme cin\u00e9aste. C\u2019est en tant qu\u2019artiste aux multiples facettes et figure publique qu\u2019il publie Ton p\u00e8re, o\u00f9 il se d\u00e9voile en p\u00e8re gay et\u2026","rel":"","context":"Dans &quot;Roman fran\u00e7ais&quot;","block_context":{"text":"Roman fran\u00e7ais","link":"https:\/\/smallthings.fr\/lespetitslivres\/category\/roman\/roman-francais\/"},"img":{"alt_text":"","src":"https:\/\/i0.wp.com\/smallthings.fr\/lespetitslivres\/wp-content\/uploads\/2017\/08\/christophe-honore-ton-pere-cover.jpg?resize=350%2C200&ssl=1","width":350,"height":200,"srcset":"https:\/\/i0.wp.com\/smallthings.fr\/lespetitslivres\/wp-content\/uploads\/2017\/08\/christophe-honore-ton-pere-cover.jpg?resize=350%2C200&ssl=1 1x, https:\/\/i0.wp.com\/smallthings.fr\/lespetitslivres\/wp-content\/uploads\/2017\/08\/christophe-honore-ton-pere-cover.jpg?resize=525%2C300&ssl=1 1.5x, https:\/\/i0.wp.com\/smallthings.fr\/lespetitslivres\/wp-content\/uploads\/2017\/08\/christophe-honore-ton-pere-cover.jpg?resize=700%2C400&ssl=1 2x"},"classes":[]},{"id":26766,"url":"https:\/\/smallthings.fr\/lespetitslivres\/2015\/09\/03\/christine-angot-amour-impossible\/","url_meta":{"origin":28517,"position":4},"title":"Christine Angot : Un amour impossible, son roman virtuose","author":"Claire","date":"3 septembre 2015","format":false,"excerpt":"Le nouveau roman de Christine Angot, le th\u00e8me de l'amour, des critiques dithyrambiques... Il n'en fallait pas davantage pour me rendre curieuse. Un amour impossible est sorti le 19 ao\u00fbt chez Flammarion. On vient d'apprendre qu'il figurait dans la premi\u00e8re s\u00e9lection du Goncourt 2015. Un amour impossible parle de plusieurs\u2026","rel":"","context":"Dans &quot;Rentr\u00e9e Litt\u00e9raire&quot;","block_context":{"text":"Rentr\u00e9e Litt\u00e9raire","link":"https:\/\/smallthings.fr\/lespetitslivres\/category\/rentree-litteraire-2015\/"},"img":{"alt_text":"","src":"","width":0,"height":0},"classes":[]},{"id":26283,"url":"https:\/\/smallthings.fr\/lespetitslivres\/2015\/08\/19\/amelie-nothomb-crime-du-comte-neville-critique\/","url_meta":{"origin":28517,"position":5},"title":"Am\u00e9lie Nothomb, Le crime du comte Neville : ch\u00e2teau, mon beau ch\u00e2teau","author":"Audrey Ch\u00e8vrefeuille","date":"19 ao\u00fbt 2015","format":false,"excerpt":"Avec une pr\u00e9cision et une r\u00e9gularit\u00e9 dignes d\u2019un m\u00e9tronome, Am\u00e9lie Nothomb propose chaque ann\u00e9e \u00e0 ses lecteurs \u2013 dont beaucoup sont des fans depuis de longues ann\u00e9es \u2013 un nouveau livre \u00e0 la fin du mois d\u2019ao\u00fbt. Une bien belle fa\u00e7on d\u2019entamer la rentr\u00e9e litt\u00e9raire. Fid\u00e8le \u00e0 Albin Michel, son\u2026","rel":"","context":"Dans &quot;Rentr\u00e9e Litt\u00e9raire&quot;","block_context":{"text":"Rentr\u00e9e Litt\u00e9raire","link":"https:\/\/smallthings.fr\/lespetitslivres\/category\/rentree-litteraire-2015\/"},"img":{"alt_text":"","src":"https:\/\/i0.wp.com\/smallthings.fr\/wp-content\/uploads\/2015\/08\/nothomb-comte-neville.jpg?resize=350%2C200","width":350,"height":200},"classes":[]}],"_links":{"self":[{"href":"https:\/\/smallthings.fr\/lespetitslivres\/wp-json\/wp\/v2\/posts\/28517"}],"collection":[{"href":"https:\/\/smallthings.fr\/lespetitslivres\/wp-json\/wp\/v2\/posts"}],"about":[{"href":"https:\/\/smallthings.fr\/lespetitslivres\/wp-json\/wp\/v2\/types\/post"}],"author":[{"embeddable":true,"href":"https:\/\/smallthings.fr\/lespetitslivres\/wp-json\/wp\/v2\/users\/15"}],"replies":[{"embeddable":true,"href":"https:\/\/smallthings.fr\/lespetitslivres\/wp-json\/wp\/v2\/comments?post=28517"}],"version-history":[{"count":3,"href":"https:\/\/smallthings.fr\/lespetitslivres\/wp-json\/wp\/v2\/posts\/28517\/revisions"}],"predecessor-version":[{"id":29002,"href":"https:\/\/smallthings.fr\/lespetitslivres\/wp-json\/wp\/v2\/posts\/28517\/revisions\/29002"}],"wp:featuredmedia":[{"embeddable":true,"href":"https:\/\/smallthings.fr\/lespetitslivres\/wp-json\/wp\/v2\/media\/29067"}],"wp:attachment":[{"href":"https:\/\/smallthings.fr\/lespetitslivres\/wp-json\/wp\/v2\/media?parent=28517"}],"wp:term":[{"taxonomy":"category","embeddable":true,"href":"https:\/\/smallthings.fr\/lespetitslivres\/wp-json\/wp\/v2\/categories?post=28517"},{"taxonomy":"post_tag","embeddable":true,"href":"https:\/\/smallthings.fr\/lespetitslivres\/wp-json\/wp\/v2\/tags?post=28517"}],"curies":[{"name":"wp","href":"https:\/\/api.w.org\/{rel}","templated":true}]}}