{"id":28506,"date":"2015-10-20T14:00:28","date_gmt":"2015-10-20T13:00:28","guid":{"rendered":"http:\/\/smallthings.fr\/?p=28506"},"modified":"2015-11-22T19:47:11","modified_gmt":"2015-11-22T18:47:11","slug":"l-epee-de-verite-terry-goodkind-critique","status":"publish","type":"post","link":"https:\/\/smallthings.fr\/lespetitslivres\/2015\/10\/20\/l-epee-de-verite-terry-goodkind-critique\/","title":{"rendered":"L\u2019\u00e9p\u00e9e de V\u00e9rit\u00e9 de Terry Goodkind enfin en format poche"},"content":{"rendered":"<h2><em>La Premi\u00e8re Le\u00e7on du Sorcier <\/em>est le premier tome de la saga <em>L\u2019\u00e9p\u00e9e de V\u00e9rit\u00e9<\/em> de Terry Goodkind. Disponible en format poche depuis le 18 septembre chez <a href=\"http:\/\/www.milady.fr\/livres\/view\/la-premiere-lecon-du-sorcier-2\" target=\"_blank\">Milady<\/a>, ce livre de fantasy raconte l\u2019histoire de Richard Cypher, un guide forestier, qui va devenir le sourcier, et qui, arm\u00e9 de l\u2019\u00e9p\u00e9e de V\u00e9rit\u00e9, devra se lancer dans une guerre contre Darken Rahl, un tyran sanguinaire qui souhaite asservir le monde entier.<\/h2>\n<p>Cela faisait un moment que la saga <strong><em>L\u2019\u00e9p\u00e9e de V\u00e9rit\u00e9<\/em><\/strong> de Terry Goodkind me tentait. Sortie exclusivement en grand format chez Bragelonne, je n\u2019avais jamais os\u00e9 me lancer. Mais voil\u00e0 que le label Milady sort ce chef-d\u2019\u0153uvre en format poche \u00e0 seulement 9.90\u20ac. Pour 1 003 pages d\u2019histoire passionnante, autant dire qu\u2019il s\u2019agit l\u00e0 d\u2019une bonne affaire\u00a0! Si vous aimez la litt\u00e9rature de l\u2019imaginaire, vous aimerez obligatoirement <strong><em>La Premi\u00e8re Le\u00e7on du Sorcier<\/em><\/strong>.<\/p>\n<p><a href=\"http:\/\/smallthings.fr\/?attachment_id=28508\" rel=\"attachment wp-att-28508\"><img loading=\"lazy\" decoding=\"async\" class=\"alignright size-medium wp-image-28508\" src=\"http:\/\/smallthings.fr\/wp-content\/uploads\/2015\/10\/l-epee-de-verite-200x300.jpg\" alt=\"l-epee-de-verite\" width=\"200\" height=\"300\" \/><\/a>Richard Cypher est un garde forestier qui a un p\u00e8re aimant et un fr\u00e8re qu\u2019il adore et respecte. Le jour o\u00f9 son g\u00e9niteur est assassin\u00e9, Richard d\u00e9cide de retrouver le meurtrier. Sa qu\u00eate l\u2019emm\u00e8ne dans la for\u00eat qu\u2019il ch\u00e9rit tant, o\u00f9 il rencontre une demoiselle poursuivit par quatre hommes. Cette femme n\u2019est rien d\u2019autre que Kalhan, la derni\u00e8re inquisitrice, la plus puissante. Mais Richard, qui vit sans la magie, ne peut pas comprendre qui elle est r\u00e9ellement. Apr\u00e8s l\u2019avoir sauv\u00e9e, il d\u00e9cide de l\u2019emmener chez son ami Zedd, sans savoir que c\u2019est justement lui que Kalhan recherche.<\/p>\n<p>De v\u00e9rit\u00e9 en v\u00e9rit\u00e9, Richard va comprendre qu\u2019il sera, bien malgr\u00e9 lui, entra\u00een\u00e9 dans une aventure o\u00f9 la magie pr\u00e9domine. Devenu le sourcier, porteur de <strong><em>l\u2019\u00e9p\u00e9e de V\u00e9rit\u00e9<\/em><\/strong>, il va partir avec l\u2019inquisitrice, Zedd, ainsi que son ami Chase, \u00e0 la recherche d\u2019un objet qui pourra tous les sauver. Car Darken Rahl, un sorcier mal\u00e9fique, est lui aussi \u00e0 la recherche de l\u2019artefact et qu\u2019une fois en sa possession, le monde entier sera \u00e0 sa merci. Autant dire que le chemin sera sem\u00e9 d\u2019emb\u00fbches et que nos 4 personnages devront continuer d\u2019avancer quoi qu\u2019il arrive\u2026<\/p>\n<p><em>La Premi\u00e8re Le\u00e7on du Sorcier<\/em> est une aventure captivante et totalement addictive. <strong>Le fait que le personnage principal ne connaisse rien au monde de la magie nous permet de d\u00e9couvrir tout cet univers en m\u00eame temps que lui<\/strong>. Une fois qu\u2019on commence le livre, on se surprend \u00e0 s\u2019imaginer avec le sourcier en train de mener sa qu\u00eate. Terry Goodkind arrive \u00e0 transporter le lecteur dans son histoire, lui faisant oublier que ce monde n\u2019est pas le sien.<\/p>\n<div id=\"attachment_28509\" style=\"width: 147px\" class=\"wp-caption alignleft\"><a href=\"http:\/\/smallthings.fr\/?attachment_id=28509\" rel=\"attachment wp-att-28509\"><img loading=\"lazy\" decoding=\"async\" aria-describedby=\"caption-attachment-28509\" class=\" wp-image-28509\" src=\"http:\/\/smallthings.fr\/wp-content\/uploads\/2015\/10\/terry-goodkind-epee-verite-240x300.jpg\" alt=\"Terry Goodkind\" width=\"137\" height=\"171\" \/><\/a><p id=\"caption-attachment-28509\" class=\"wp-caption-text\">Terry Goodkind<\/p><\/div>\n<p><strong>Un roman totalement stup\u00e9fiant, incroyable, enivrant et en m\u00eame temps effrayant.<\/strong> Richard Cypher va vivre des \u00e9preuves terrifiantes, faites de douleurs, de trahisons, de doutes mais aussi d\u2019espoir et d\u2019amour. Il n\u2019est pas question d\u2019\u00e9quilibre entre le bien et le mal dans <strong><em>L<\/em><em>\u2019\u00e9p\u00e9e de V\u00e9rit\u00e9<\/em><\/strong>. Non, Terry Goodkind fait clairement pencher la balance en ferveur du mal, si bien que le lecteur ne peut que penser que les protagonistes ne s\u2019en sortiront pas. Une qu\u00eate faite de bouleversements qui entra\u00eeneront les h\u00e9ros, tout comme le lecteur, \u00e0 la recherche de la V\u00e9rit\u00e9 pour arr\u00eater le puissant Darken Rahl.<\/p>\n<p>La saga <strong><em>L\u2019\u00e9p\u00e9e de V\u00e9rit\u00e9<\/em><\/strong> commence sur les chapeaux de roues. On se demande ce que l\u2019auteur va pouvoir encore nous raconter par la suite. En effet, Terry Goodkind doit avoir une imagination d\u00e9bordante car la saga ne compte pas moins de 14 tomes\u00a0!<\/p>\n<p><strong><em>L\u2019\u00e9p\u00e9e de V\u00e9rit\u00e9<\/em><\/strong> est une des \u0153uvres qu\u2019il ne faut absolument pas manquer. Si vous n\u2019\u00eates pas fans de fantasy, Terry Goodkind vous fera changer d\u2019avis\u00a0! A noter\u00a0: la s\u00e9rie <strong><em>Legend Of The Seeker<\/em><\/strong>, sortie en 2008 et ne comptant malheureusement que 2 saisons, est inspir\u00e9e des deux premiers tomes de la saga.<\/p>\n<blockquote><p>\u00ab\u00a0Soudant la piste, il constata que la femme \u00e9tait suivie. Trois hommes, &#8211; non, quatre\u00a0! \u2013 habill\u00e9s de manteaux \u00e0 capuche de forestiers. Passant furtivement de rocher en arbre et d\u2019arbre en rocher, ils restaient \u00e0 bonne distance de la voyageuse \u2013 sans jamais la quitter des yeux.<\/p>\n<p>Richard se tendit, tous les sens en alerte.<\/p>\n<p>Ces hommes traquaient une proie.\u00a0\u00bb<\/p><\/blockquote>\n","protected":false},"excerpt":{"rendered":"<p>La Premi\u00e8re Le\u00e7on du Sorcier est le premier tome de la saga L\u2019\u00e9p\u00e9e de V\u00e9rit\u00e9 de Terry Goodkind. Disponible en format poche depuis le 18 septembre chez Milady, ce livre de fantasy raconte l\u2019histoire de Richard Cypher, un guide forestier, qui va devenir le sourcier, et qui, arm\u00e9 de l\u2019\u00e9p\u00e9e de V\u00e9rit\u00e9, devra se lancer<\/p>\n","protected":false},"author":14,"featured_media":29008,"comment_status":"open","ping_status":"open","sticky":false,"template":"","format":"standard","meta":{"jetpack_post_was_ever_published":false,"_jetpack_newsletter_access":"","_jetpack_newsletter_tier_id":0,"footnotes":"","jetpack_publicize_message":"","jetpack_is_tweetstorm":false,"jetpack_publicize_feature_enabled":true,"jetpack_social_post_already_shared":false,"jetpack_social_options":{"image_generator_settings":{"template":"highway","enabled":false}}},"categories":[1152],"tags":[801,1002,1003,1004],"jetpack_publicize_connections":[],"yoast_head":"<!-- This site is optimized with the Yoast SEO plugin v21.5 - https:\/\/yoast.com\/wordpress\/plugins\/seo\/ -->\n<title>L\u2019\u00e9p\u00e9e de V\u00e9rit\u00e9 de Terry Goodkind enfin en format poche<\/title>\n<meta name=\"description\" content=\"La Premi\u00e8re Le\u00e7on du Sorcier est le premier tome de la saga L\u2019\u00e9p\u00e9e de V\u00e9rit\u00e9 de Terry Goodkind. Disponible en format poche depuis le 18 septembre chez Milad\" \/>\n<meta name=\"robots\" content=\"index, follow, max-snippet:-1, max-image-preview:large, max-video-preview:-1\" \/>\n<link rel=\"canonical\" href=\"http:\/\/smallthings.fr\/lespetitslivres\/2015\/10\/20\/l-epee-de-verite-terry-goodkind-critique\/\" \/>\n<meta property=\"og:locale\" content=\"fr_FR\" \/>\n<meta property=\"og:type\" content=\"article\" \/>\n<meta property=\"og:title\" content=\"L\u2019\u00e9p\u00e9e de V\u00e9rit\u00e9 de Terry Goodkind enfin en format poche\" \/>\n<meta property=\"og:description\" content=\"La Premi\u00e8re Le\u00e7on du Sorcier est le premier tome de la saga L\u2019\u00e9p\u00e9e de V\u00e9rit\u00e9 de Terry Goodkind. Disponible en format poche depuis le 18 septembre chez Milad\" \/>\n<meta property=\"og:url\" content=\"http:\/\/smallthings.fr\/lespetitslivres\/2015\/10\/20\/l-epee-de-verite-terry-goodkind-critique\/\" \/>\n<meta property=\"og:site_name\" content=\"Les Petits Livres\" \/>\n<meta property=\"article:published_time\" content=\"2015-10-20T13:00:28+00:00\" \/>\n<meta property=\"article:modified_time\" content=\"2015-11-22T18:47:11+00:00\" \/>\n<meta property=\"og:image\" content=\"https:\/\/i0.wp.com\/smallthings.fr\/lespetitslivres\/wp-content\/uploads\/2015\/10\/epee-de-verite-couv.jpeg?fit=1024%2C768\" \/>\n\t<meta property=\"og:image:width\" content=\"1024\" \/>\n\t<meta property=\"og:image:height\" content=\"768\" \/>\n\t<meta property=\"og:image:type\" content=\"image\/jpeg\" \/>\n<meta name=\"author\" content=\"Jennifer\" \/>\n<meta name=\"twitter:card\" content=\"summary_large_image\" \/>\n<meta name=\"twitter:label1\" content=\"\u00c9crit par\" \/>\n\t<meta name=\"twitter:data1\" content=\"Jennifer\" \/>\n\t<meta name=\"twitter:label2\" content=\"Dur\u00e9e de lecture estim\u00e9e\" \/>\n\t<meta name=\"twitter:data2\" content=\"4 minutes\" \/>\n<script type=\"application\/ld+json\" class=\"yoast-schema-graph\">{\"@context\":\"https:\/\/schema.org\",\"@graph\":[{\"@type\":\"WebPage\",\"@id\":\"http:\/\/smallthings.fr\/lespetitslivres\/2015\/10\/20\/l-epee-de-verite-terry-goodkind-critique\/\",\"url\":\"http:\/\/smallthings.fr\/lespetitslivres\/2015\/10\/20\/l-epee-de-verite-terry-goodkind-critique\/\",\"name\":\"L\u2019\u00e9p\u00e9e de V\u00e9rit\u00e9 de Terry Goodkind enfin en format poche\",\"isPartOf\":{\"@id\":\"https:\/\/smallthings.fr\/lespetitslivres\/#website\"},\"datePublished\":\"2015-10-20T13:00:28+00:00\",\"dateModified\":\"2015-11-22T18:47:11+00:00\",\"author\":{\"@id\":\"https:\/\/smallthings.fr\/lespetitslivres\/#\/schema\/person\/bb8808220f912e72f01f7a55924d9ad1\"},\"description\":\"La Premi\u00e8re Le\u00e7on du Sorcier est le premier tome de la saga L\u2019\u00e9p\u00e9e de V\u00e9rit\u00e9 de Terry Goodkind. Disponible en format poche depuis le 18 septembre chez Milad\",\"breadcrumb\":{\"@id\":\"http:\/\/smallthings.fr\/lespetitslivres\/2015\/10\/20\/l-epee-de-verite-terry-goodkind-critique\/#breadcrumb\"},\"inLanguage\":\"fr-FR\",\"potentialAction\":[{\"@type\":\"ReadAction\",\"target\":[\"http:\/\/smallthings.fr\/lespetitslivres\/2015\/10\/20\/l-epee-de-verite-terry-goodkind-critique\/\"]}]},{\"@type\":\"BreadcrumbList\",\"@id\":\"http:\/\/smallthings.fr\/lespetitslivres\/2015\/10\/20\/l-epee-de-verite-terry-goodkind-critique\/#breadcrumb\",\"itemListElement\":[{\"@type\":\"ListItem\",\"position\":1,\"name\":\"Accueil\",\"item\":\"https:\/\/smallthings.fr\/lespetitslivres\/\"},{\"@type\":\"ListItem\",\"position\":2,\"name\":\"L\u2019\u00e9p\u00e9e de V\u00e9rit\u00e9 de Terry Goodkind enfin en format poche\"}]},{\"@type\":\"WebSite\",\"@id\":\"https:\/\/smallthings.fr\/lespetitslivres\/#website\",\"url\":\"https:\/\/smallthings.fr\/lespetitslivres\/\",\"name\":\"Les Petits Livres\",\"description\":\"by Small Things\",\"potentialAction\":[{\"@type\":\"SearchAction\",\"target\":{\"@type\":\"EntryPoint\",\"urlTemplate\":\"https:\/\/smallthings.fr\/lespetitslivres\/?s={search_term_string}\"},\"query-input\":\"required name=search_term_string\"}],\"inLanguage\":\"fr-FR\"},{\"@type\":\"Person\",\"@id\":\"https:\/\/smallthings.fr\/lespetitslivres\/#\/schema\/person\/bb8808220f912e72f01f7a55924d9ad1\",\"name\":\"Jennifer\",\"image\":{\"@type\":\"ImageObject\",\"inLanguage\":\"fr-FR\",\"@id\":\"https:\/\/smallthings.fr\/lespetitslivres\/#\/schema\/person\/image\/\",\"url\":\"https:\/\/secure.gravatar.com\/avatar\/ffcd6b107b6b18c3d5201f1bcc631683?s=96&d=retro&r=g\",\"contentUrl\":\"https:\/\/secure.gravatar.com\/avatar\/ffcd6b107b6b18c3d5201f1bcc631683?s=96&d=retro&r=g\",\"caption\":\"Jennifer\"},\"url\":\"https:\/\/smallthings.fr\/lespetitslivres\/author\/jennifer\/\"}]}<\/script>\n<!-- \/ Yoast SEO plugin. -->","yoast_head_json":{"title":"L\u2019\u00e9p\u00e9e de V\u00e9rit\u00e9 de Terry Goodkind enfin en format poche","description":"La Premi\u00e8re Le\u00e7on du Sorcier est le premier tome de la saga L\u2019\u00e9p\u00e9e de V\u00e9rit\u00e9 de Terry Goodkind. Disponible en format poche depuis le 18 septembre chez Milad","robots":{"index":"index","follow":"follow","max-snippet":"max-snippet:-1","max-image-preview":"max-image-preview:large","max-video-preview":"max-video-preview:-1"},"canonical":"http:\/\/smallthings.fr\/lespetitslivres\/2015\/10\/20\/l-epee-de-verite-terry-goodkind-critique\/","og_locale":"fr_FR","og_type":"article","og_title":"L\u2019\u00e9p\u00e9e de V\u00e9rit\u00e9 de Terry Goodkind enfin en format poche","og_description":"La Premi\u00e8re Le\u00e7on du Sorcier est le premier tome de la saga L\u2019\u00e9p\u00e9e de V\u00e9rit\u00e9 de Terry Goodkind. Disponible en format poche depuis le 18 septembre chez Milad","og_url":"http:\/\/smallthings.fr\/lespetitslivres\/2015\/10\/20\/l-epee-de-verite-terry-goodkind-critique\/","og_site_name":"Les Petits Livres","article_published_time":"2015-10-20T13:00:28+00:00","article_modified_time":"2015-11-22T18:47:11+00:00","og_image":[{"width":1024,"height":768,"url":"https:\/\/i0.wp.com\/smallthings.fr\/lespetitslivres\/wp-content\/uploads\/2015\/10\/epee-de-verite-couv.jpeg?fit=1024%2C768","type":"image\/jpeg"}],"author":"Jennifer","twitter_card":"summary_large_image","twitter_misc":{"\u00c9crit par":"Jennifer","Dur\u00e9e de lecture estim\u00e9e":"4 minutes"},"schema":{"@context":"https:\/\/schema.org","@graph":[{"@type":"WebPage","@id":"http:\/\/smallthings.fr\/lespetitslivres\/2015\/10\/20\/l-epee-de-verite-terry-goodkind-critique\/","url":"http:\/\/smallthings.fr\/lespetitslivres\/2015\/10\/20\/l-epee-de-verite-terry-goodkind-critique\/","name":"L\u2019\u00e9p\u00e9e de V\u00e9rit\u00e9 de Terry Goodkind enfin en format poche","isPartOf":{"@id":"https:\/\/smallthings.fr\/lespetitslivres\/#website"},"datePublished":"2015-10-20T13:00:28+00:00","dateModified":"2015-11-22T18:47:11+00:00","author":{"@id":"https:\/\/smallthings.fr\/lespetitslivres\/#\/schema\/person\/bb8808220f912e72f01f7a55924d9ad1"},"description":"La Premi\u00e8re Le\u00e7on du Sorcier est le premier tome de la saga L\u2019\u00e9p\u00e9e de V\u00e9rit\u00e9 de Terry Goodkind. Disponible en format poche depuis le 18 septembre chez Milad","breadcrumb":{"@id":"http:\/\/smallthings.fr\/lespetitslivres\/2015\/10\/20\/l-epee-de-verite-terry-goodkind-critique\/#breadcrumb"},"inLanguage":"fr-FR","potentialAction":[{"@type":"ReadAction","target":["http:\/\/smallthings.fr\/lespetitslivres\/2015\/10\/20\/l-epee-de-verite-terry-goodkind-critique\/"]}]},{"@type":"BreadcrumbList","@id":"http:\/\/smallthings.fr\/lespetitslivres\/2015\/10\/20\/l-epee-de-verite-terry-goodkind-critique\/#breadcrumb","itemListElement":[{"@type":"ListItem","position":1,"name":"Accueil","item":"https:\/\/smallthings.fr\/lespetitslivres\/"},{"@type":"ListItem","position":2,"name":"L\u2019\u00e9p\u00e9e de V\u00e9rit\u00e9 de Terry Goodkind enfin en format poche"}]},{"@type":"WebSite","@id":"https:\/\/smallthings.fr\/lespetitslivres\/#website","url":"https:\/\/smallthings.fr\/lespetitslivres\/","name":"Les Petits Livres","description":"by Small Things","potentialAction":[{"@type":"SearchAction","target":{"@type":"EntryPoint","urlTemplate":"https:\/\/smallthings.fr\/lespetitslivres\/?s={search_term_string}"},"query-input":"required name=search_term_string"}],"inLanguage":"fr-FR"},{"@type":"Person","@id":"https:\/\/smallthings.fr\/lespetitslivres\/#\/schema\/person\/bb8808220f912e72f01f7a55924d9ad1","name":"Jennifer","image":{"@type":"ImageObject","inLanguage":"fr-FR","@id":"https:\/\/smallthings.fr\/lespetitslivres\/#\/schema\/person\/image\/","url":"https:\/\/secure.gravatar.com\/avatar\/ffcd6b107b6b18c3d5201f1bcc631683?s=96&d=retro&r=g","contentUrl":"https:\/\/secure.gravatar.com\/avatar\/ffcd6b107b6b18c3d5201f1bcc631683?s=96&d=retro&r=g","caption":"Jennifer"},"url":"https:\/\/smallthings.fr\/lespetitslivres\/author\/jennifer\/"}]}},"jetpack_featured_media_url":"https:\/\/smallthings.fr\/lespetitslivres\/wp-content\/uploads\/2015\/10\/epee-de-verite-couv.jpeg","jetpack_sharing_enabled":true,"jetpack_shortlink":"https:\/\/wp.me\/p6Un21-7pM","jetpack-related-posts":[{"id":29301,"url":"https:\/\/smallthings.fr\/lespetitslivres\/2016\/01\/02\/pierre-des-larmes-t2-epee-verite\/","url_meta":{"origin":28506,"position":0},"title":"La Pierre des Larmes, tome 2 de L\u2019\u00e9p\u00e9e de v\u00e9rit\u00e9 : quelle est la seconde le\u00e7on du sorcier ?","author":"Jennifer","date":"2 janvier 2016","format":false,"excerpt":"La Pierre des Larmes, second tome de la saga L\u2019\u00e9p\u00e9e de V\u00e9rit\u00e9 de Terry Goodkind est sorti en format poche chez Milady le 23 octobre dernier. Richard a vaincu Darken Rahl, mais le voile qui s\u00e9pare le monde des vivants du royaume des morts est maintenant d\u00e9chir\u00e9. Le Gardien sera\u2026","rel":"","context":"Dans &quot;Fantasy&quot;","block_context":{"text":"Fantasy","link":"https:\/\/smallthings.fr\/lespetitslivres\/category\/imaginaire\/fantasy\/"},"img":{"alt_text":"","src":"https:\/\/i0.wp.com\/smallthings.fr\/lespetitslivres\/wp-content\/uploads\/2016\/01\/pierre-des-larmes-epee-t2-couv.jpg?resize=350%2C200&ssl=1","width":350,"height":200,"srcset":"https:\/\/i0.wp.com\/smallthings.fr\/lespetitslivres\/wp-content\/uploads\/2016\/01\/pierre-des-larmes-epee-t2-couv.jpg?resize=350%2C200&ssl=1 1x, https:\/\/i0.wp.com\/smallthings.fr\/lespetitslivres\/wp-content\/uploads\/2016\/01\/pierre-des-larmes-epee-t2-couv.jpg?resize=525%2C300&ssl=1 1.5x, https:\/\/i0.wp.com\/smallthings.fr\/lespetitslivres\/wp-content\/uploads\/2016\/01\/pierre-des-larmes-epee-t2-couv.jpg?resize=700%2C400&ssl=1 2x, https:\/\/i0.wp.com\/smallthings.fr\/lespetitslivres\/wp-content\/uploads\/2016\/01\/pierre-des-larmes-epee-t2-couv.jpg?resize=1050%2C600&ssl=1 3x"},"classes":[]},{"id":29412,"url":"https:\/\/smallthings.fr\/lespetitslivres\/2016\/01\/21\/sang-de-la-dechirure-epee-verite\/","url_meta":{"origin":28506,"position":1},"title":"L\u2019\u00e9p\u00e9e de v\u00e9rit\u00e9 tome 3 : Le Sang de la D\u00e9chirure","author":"Jennifer","date":"21 janvier 2016","format":false,"excerpt":"Le Sang de la D\u00e9chirure est le troisi\u00e8me tome de la saga L\u2019\u00e9p\u00e9e de V\u00e9rit\u00e9 de Terry Goodkind. Sorti en format poche chez Milady le 20 novembre dernier, il raconte comment le Gardien a r\u00e9ussi \u00e0 rallier encore plus de fid\u00e8les dans le monde du Sourcier. Richard devra une fois\u2026","rel":"","context":"Dans &quot;Fantastique&quot;","block_context":{"text":"Fantastique","link":"https:\/\/smallthings.fr\/lespetitslivres\/category\/imaginaire\/fantastique\/"},"img":{"alt_text":"","src":"https:\/\/i0.wp.com\/smallthings.fr\/lespetitslivres\/wp-content\/uploads\/2016\/01\/sang-dechirure-epee-couv.jpg?resize=350%2C200&ssl=1","width":350,"height":200,"srcset":"https:\/\/i0.wp.com\/smallthings.fr\/lespetitslivres\/wp-content\/uploads\/2016\/01\/sang-dechirure-epee-couv.jpg?resize=350%2C200&ssl=1 1x, https:\/\/i0.wp.com\/smallthings.fr\/lespetitslivres\/wp-content\/uploads\/2016\/01\/sang-dechirure-epee-couv.jpg?resize=525%2C300&ssl=1 1.5x, https:\/\/i0.wp.com\/smallthings.fr\/lespetitslivres\/wp-content\/uploads\/2016\/01\/sang-dechirure-epee-couv.jpg?resize=700%2C400&ssl=1 2x, https:\/\/i0.wp.com\/smallthings.fr\/lespetitslivres\/wp-content\/uploads\/2016\/01\/sang-dechirure-epee-couv.jpg?resize=1050%2C600&ssl=1 3x"},"classes":[]},{"id":31194,"url":"https:\/\/smallthings.fr\/lespetitslivres\/2017\/08\/10\/sanctuaires-mal-terry-goodkind-thriller\/","url_meta":{"origin":28506,"position":2},"title":"Les sanctuaires du mal : Terry Goodkind se met au thriller et \u00e7a fait mal !","author":"Jennifer","date":"10 ao\u00fbt 2017","format":false,"excerpt":"L\u2019auteur de la s\u00e9rie L\u2019\u00e9p\u00e9e de V\u00e9rit\u00e9, Terry Goodkind, se lance dans le thriller avec Les sanctuaires du mal. Sorti le 28 juin dernier chez Bragelonne, ce roman nous entra\u00eene dans un monde o\u00f9 certaines personnes sont capables, d\u2019un seul regard, de reconna\u00eetre les tueurs. Une v\u00e9ritable plong\u00e9e en Enfer\u2026","rel":"","context":"Dans &quot;Thriller&quot;","block_context":{"text":"Thriller","link":"https:\/\/smallthings.fr\/lespetitslivres\/category\/thriller\/"},"img":{"alt_text":"","src":"https:\/\/i0.wp.com\/smallthings.fr\/lespetitslivres\/wp-content\/uploads\/2017\/08\/Les-sanctuaires-du-mal-terry-goodkind-2.jpg?resize=350%2C200&ssl=1","width":350,"height":200,"srcset":"https:\/\/i0.wp.com\/smallthings.fr\/lespetitslivres\/wp-content\/uploads\/2017\/08\/Les-sanctuaires-du-mal-terry-goodkind-2.jpg?resize=350%2C200&ssl=1 1x, https:\/\/i0.wp.com\/smallthings.fr\/lespetitslivres\/wp-content\/uploads\/2017\/08\/Les-sanctuaires-du-mal-terry-goodkind-2.jpg?resize=525%2C300&ssl=1 1.5x"},"classes":[]},{"id":32037,"url":"https:\/\/smallthings.fr\/lespetitslivres\/2020\/02\/14\/la-fille-sur-la-lune-terry-goodkind\/","url_meta":{"origin":28506,"position":3},"title":"La fille sur la lune : le thriller de Terry Goodkind qui vous hantera pendant des jours\u2026","author":"Jennifer","date":"14 f\u00e9vrier 2020","format":false,"excerpt":"La fille sur la lune est le dernier thriller made in Terry Goodkind. Sorti chez Bragelonne le 13 novembre dernier, ce livre m\u00ealant suspense, action et horreur vous glacera le sang\u00a0! Apr\u00e8s Le sanctuaire du mal (chronique ici), Terry Goodkind revient avec La fille sur la lune, une fausse suite.\u2026","rel":"","context":"Dans &quot;Thriller&quot;","block_context":{"text":"Thriller","link":"https:\/\/smallthings.fr\/lespetitslivres\/category\/thriller\/"},"img":{"alt_text":"","src":"https:\/\/i0.wp.com\/smallthings.fr\/lespetitslivres\/wp-content\/uploads\/2020\/02\/La-fille-sur-la-lune-Terry-Goodkind-3.jpg?resize=350%2C200&ssl=1","width":350,"height":200,"srcset":"https:\/\/i0.wp.com\/smallthings.fr\/lespetitslivres\/wp-content\/uploads\/2020\/02\/La-fille-sur-la-lune-Terry-Goodkind-3.jpg?resize=350%2C200&ssl=1 1x, https:\/\/i0.wp.com\/smallthings.fr\/lespetitslivres\/wp-content\/uploads\/2020\/02\/La-fille-sur-la-lune-Terry-Goodkind-3.jpg?resize=525%2C300&ssl=1 1.5x, https:\/\/i0.wp.com\/smallthings.fr\/lespetitslivres\/wp-content\/uploads\/2020\/02\/La-fille-sur-la-lune-Terry-Goodkind-3.jpg?resize=700%2C400&ssl=1 2x, https:\/\/i0.wp.com\/smallthings.fr\/lespetitslivres\/wp-content\/uploads\/2020\/02\/La-fille-sur-la-lune-Terry-Goodkind-3.jpg?resize=1050%2C600&ssl=1 3x"},"classes":[]},{"id":25252,"url":"https:\/\/smallthings.fr\/lespetitslivres\/2015\/07\/07\/one-piece-malediction-epee-t2-critique\/","url_meta":{"origin":28506,"position":4},"title":"One Piece &#8211; La mal\u00e9diction de l&rsquo;\u00e9p\u00e9e sacr\u00e9e, T2 : Go Luffy !","author":"Rebecca","date":"7 juillet 2015","format":false,"excerpt":"La suite et fin de One Piece - La mal\u00e9diction de l'\u00c9p\u00e9e sacr\u00e9e (t2) est \u00e9galement parue le 6 mai dernier aux \u00e9ditions Gl\u00e9nat. Il s'agit d'une histoire tir\u00e9e du film du m\u00eame nom, sc\u00e9naris\u00e9 par l'auteur de la s\u00e9rie, Eiichiro Oda, et sorti en 2004 au Japon. Le tome\u2026","rel":"","context":"Dans &quot;Manga&quot;","block_context":{"text":"Manga","link":"https:\/\/smallthings.fr\/lespetitslivres\/category\/bd-manga\/manga\/"},"img":{"alt_text":"","src":"https:\/\/i0.wp.com\/smallthings.fr\/wp-content\/uploads\/2015\/07\/one-piece-malediction-epee-t2.jpg?resize=350%2C200","width":350,"height":200},"classes":[]},{"id":25199,"url":"https:\/\/smallthings.fr\/lespetitslivres\/2015\/07\/04\/one-piece-t1-malediction-epee-avis\/","url_meta":{"origin":28506,"position":5},"title":"One Piece T1 : La mal\u00e9diction de l&rsquo;\u00e9p\u00e9e sacr\u00e9e","author":"Rebecca","date":"4 juillet 2015","format":false,"excerpt":"Le c\u00e9l\u00e8brissime One Piece, que nous ne pr\u00e9sentons plus, est l\u2019\u0153uvre d'Eiichiro Oda, pr\u00e9 publi\u00e9e en magazines depuis 1997 au Japon. Du coup, le merchandising a suivi, avec des produits d\u00e9riv\u00e9s et des films tir\u00e9s de l'histoire, mais ind\u00e9pendantes de celle parue en manga. Pr\u00e8s de 12 longs-m\u00e9trages bas\u00e9s sur\u2026","rel":"","context":"Dans &quot;Manga&quot;","block_context":{"text":"Manga","link":"https:\/\/smallthings.fr\/lespetitslivres\/category\/bd-manga\/manga\/"},"img":{"alt_text":"","src":"https:\/\/i0.wp.com\/smallthings.fr\/wp-content\/uploads\/2015\/07\/one-piece-malediction.jpg?resize=350%2C200","width":350,"height":200},"classes":[]}],"_links":{"self":[{"href":"https:\/\/smallthings.fr\/lespetitslivres\/wp-json\/wp\/v2\/posts\/28506"}],"collection":[{"href":"https:\/\/smallthings.fr\/lespetitslivres\/wp-json\/wp\/v2\/posts"}],"about":[{"href":"https:\/\/smallthings.fr\/lespetitslivres\/wp-json\/wp\/v2\/types\/post"}],"author":[{"embeddable":true,"href":"https:\/\/smallthings.fr\/lespetitslivres\/wp-json\/wp\/v2\/users\/14"}],"replies":[{"embeddable":true,"href":"https:\/\/smallthings.fr\/lespetitslivres\/wp-json\/wp\/v2\/comments?post=28506"}],"version-history":[{"count":1,"href":"https:\/\/smallthings.fr\/lespetitslivres\/wp-json\/wp\/v2\/posts\/28506\/revisions"}],"predecessor-version":[{"id":28796,"href":"https:\/\/smallthings.fr\/lespetitslivres\/wp-json\/wp\/v2\/posts\/28506\/revisions\/28796"}],"wp:featuredmedia":[{"embeddable":true,"href":"https:\/\/smallthings.fr\/lespetitslivres\/wp-json\/wp\/v2\/media\/29008"}],"wp:attachment":[{"href":"https:\/\/smallthings.fr\/lespetitslivres\/wp-json\/wp\/v2\/media?parent=28506"}],"wp:term":[{"taxonomy":"category","embeddable":true,"href":"https:\/\/smallthings.fr\/lespetitslivres\/wp-json\/wp\/v2\/categories?post=28506"},{"taxonomy":"post_tag","embeddable":true,"href":"https:\/\/smallthings.fr\/lespetitslivres\/wp-json\/wp\/v2\/tags?post=28506"}],"curies":[{"name":"wp","href":"https:\/\/api.w.org\/{rel}","templated":true}]}}