{"id":28124,"date":"2015-10-12T13:53:56","date_gmt":"2015-10-12T12:53:56","guid":{"rendered":"http:\/\/smallthings.fr\/?p=28124"},"modified":"2015-11-05T14:39:29","modified_gmt":"2015-11-05T13:39:29","slug":"si-tard-il-etait-si-tard-kelman-critique","status":"publish","type":"post","link":"https:\/\/smallthings.fr\/lespetitslivres\/2015\/10\/12\/si-tard-il-etait-si-tard-kelman-critique\/","title":{"rendered":"Si tard, il \u00e9tait si tard de James Kelman : au c\u0153ur de la d\u00e9route"},"content":{"rendered":"<h2>Avec <em>Si tard, il \u00e9tait si tard<\/em>, James Kelman signe un r\u00e9cit \u00e9tonnant au style hors norme qui intrigue et d\u00e9route \u00e0 la fois. Paru le 10 septembre aux <a href=\"http:\/\/editions-metailie.com\/livre\/si-tard-il-etait-si-tard\/\" target=\"_blank\">Editions M\u00e9taili\u00e9<\/a>, l\u2019ouvrage a re\u00e7u le Booker Prize en 1994. Reconnu pour son style brut, acide et dr\u00f4le, James Kelman signe ici un v\u00e9ritable tour de force narratif.<\/h2>\n<p>Au terme d\u2019un weekend de beuverie, Sammy se r\u00e9veille un dimanche matin dans une rue de Glasgow, compl\u00e8tement d\u00e9sorient\u00e9. Ses chaussures lui ont \u00e9t\u00e9 \u00e9chang\u00e9es, il n\u2019a plus de portefeuille, ni d\u2019ailleurs de souvenirs de ce qui a bien pu se passer les heures pr\u00e9c\u00e9dentes. Et la situation ne va pas s\u2019arranger. Encore avin\u00e9, son comportement lui attire une altercation avec la police. Embarqu\u00e9 au poste, les choses d\u00e9g\u00e9n\u00e8rent et <strong>il se r\u00e9veille aveugle. Sa vie bascule alors<\/strong>. En tentant de faire reconna\u00eetre son handicap nouveau, il se heurte \u00e0 l\u2019absurdit\u00e9 du syst\u00e8me social et administratif. Mais ce n\u2019est pas encore l\u00e0 le seul de ses soucis. De retour chez lui, sa petite amie a disparu et la police semble s\u2019int\u00e9resser \u00e0 lui pour diff\u00e9rentes raisons.<\/p>\n<p><em><strong><a href=\"http:\/\/smallthings.fr\/?attachment_id=28125\" rel=\"attachment wp-att-28125\"><img loading=\"lazy\" decoding=\"async\" class=\"alignright size-medium wp-image-28125\" src=\"http:\/\/smallthings.fr\/wp-content\/uploads\/2015\/10\/si-tard-il-etait-si-tard-196x300.jpg\" alt=\"si-tard-il-etait-si-tard\" width=\"196\" height=\"300\" \/><\/a>Si tard, il \u00e9tait si tard<\/strong><\/em> est une admirable prouesse narrative. <strong>James Kelman<\/strong> parvient \u00e0 nous immerger compl\u00e8tement dans l\u2019esprit de Sammy, au c\u0153ur de ce dialogue continu qu\u2019il entretient avec lui-m\u00eame. Plong\u00e9 dans le flot ininterrompu de ses pens\u00e9es, on se retrouve aussi d\u00e9sorient\u00e9 et d\u00e9sempar\u00e9 que lui face \u00e0 cette situation brumeuse et insolite.<\/p>\n<p>Que s\u2019est-il pass\u00e9 durant ce fameux weekend\u00a0? O\u00f9 est pass\u00e9e Helen\u00a0? Pourquoi les policiers s\u2019int\u00e9ressent-il autant \u00e0 lui\u00a0? Comment va-t-il parvenir \u00e0 s\u2019en sortir, seul et aveugle dans cet imbroglio\u00a0?<\/p>\n<p>Avec ce style cru, vivant et brut qui le caract\u00e9rise, dans <em><strong>Si tard, il \u00e9tait si tard<\/strong><\/em>, <strong>James Kelman<\/strong> nous projette presque litt\u00e9ralement dans la peau de Sammy. Perdu et d\u00e9concert\u00e9 au d\u00e9but du r\u00e9cit, le lecteur s\u2019accroche \u00e0 la logorrh\u00e9e mentale du personnage, parfois submergeante, pour tenter de comprendre ce qui lui arrive. Au fur et \u00e0 mesure que Sammy prend ses marques dans sa nouvelle condition, le lecteur trouve peu \u00e0 peu ses rep\u00e8res. Naviguant \u00e0 l\u2019aveugle, on apprend de pens\u00e9e en r\u00e9flexion les m\u00e9andres de son ancienne vie tout autant que l\u2019on suit son parcours chaotique dans cette nouvelle existence.<\/p>\n<p>On se retrouve avec lui mis devant le fait des incoh\u00e9rences administratives, au c\u0153ur de situations confinant \u00e0 l\u2019absurde. Au d\u00e9tour de son langage cru, on parvient peu \u00e0 peu \u00e0 apprivoiser ce personnage un peu rude, \u00e0 le cerner. On se surprend m\u00eame \u00e0 admirer sa force de caract\u00e8re, son acceptation de son \u00e9tat, sa volont\u00e9 de survie envers et malgr\u00e9 tout dans cette descente aux enfers.<\/p>\n<div id=\"attachment_28126\" style=\"width: 138px\" class=\"wp-caption alignleft\"><a href=\"http:\/\/smallthings.fr\/?attachment_id=28126\" rel=\"attachment wp-att-28126\"><img loading=\"lazy\" decoding=\"async\" aria-describedby=\"caption-attachment-28126\" class=\" wp-image-28126\" src=\"http:\/\/smallthings.fr\/wp-content\/uploads\/2015\/10\/si-tard-james-kelman-196x300.jpg\" alt=\"James Kelman\" width=\"128\" height=\"196\" \/><\/a><p id=\"caption-attachment-28126\" class=\"wp-caption-text\">James Kelman<\/p><\/div>\n<p>Qui est v\u00e9ritablement Sammy\u00a0? Dans quelles affaires a-t-il tremp\u00e9\u00a0? Quelle est la cl\u00e9 de ce fameux weekend\u00a0? Autant de zones d\u2019ombre qui nous happent dans la lecture et nous obs\u00e8dent. <em><strong>Si tard, il \u00e9tait si tard <\/strong><\/em><strong>est un r\u00e9cit rocailleux, aussi peu \u00e9vident \u00e0 aborder que son personnage \u00e0 cerner<\/strong>. Pourtant, il m\u00e9rite que l\u2019on fasse l\u2019effort de p\u00e9n\u00e9trer l\u2019intrigue et de se laisser guider par les pens\u00e9es de Sammy. C\u2019est un roman qui emporte son lecteur dans un autre monde dont il nous d\u00e9montre la duret\u00e9, quitte \u00e0 nous perdre un peu. Un style particulier qui prend le risque de ne pas plaire \u00e0 tout le monde, voire de rebuter compl\u00e8tement certains lecteurs. Audacieux, certes, mais \u00e0 ne pas mettre en toutes les mains, car le charme op\u00e8re ou pas.<\/p>\n<blockquote><p><em>\u00ab Oui d\u00e9sol\u00e9 de vous interrompre Docteur mais vous voyez quand vous dites \u00aball\u00e9gu\u00e9\u00a0\u00bb\u00a0?<\/em><\/p>\n<p><em>Oui\u00a0?<\/em><\/p>\n<p><em>\u00cates-vous en train de dire que vous ne me croyez pas vraiment aveugle\u00a0?<\/em><\/p>\n<p><em>Pardon\u00a0?<\/em><\/p>\n<p><em>Vous dites que vous me croyez pas aveugle\u00a0?<\/em><\/p>\n<p><em>Bien s\u00fbr que non.<\/em><\/p>\n<p><em>Alors qu\u2019est-ce-que vous \u00eates en train de dire\u00a0?<\/em><\/p>\n<p><em>Je vous l\u2019ai dit il y a une minute.<\/em><\/p>\n<p><em>Vous pourriez r\u00e9p\u00e9ter s\u2019il vous pla\u00eet\u00a0?<\/em><\/p>\n<p><em>Concernant les stimuli visuels pr\u00e9sent\u00e9s vous avez sembl\u00e9 incapable de r\u00e9agir.<\/em><\/p>\n<p><em>Alors vous dites pas que je suis aveugle\u00a0?<\/em><\/p>\n<p><em>Ce n\u2019est pas \u00e0 moi de le dire.<\/em><\/p>\n<p><em>Oui mais vous \u00eates m\u00e9decin.<\/em><\/p>\n<p><em>Oui.<\/em><\/p>\n<p><em>Alors vous pouvez donner un avis\u00a0?<\/em><\/p>\n<p><em>N\u2019importe qui peut donner un avis. <\/em><\/p><\/blockquote>\n","protected":false},"excerpt":{"rendered":"<p>Avec Si tard, il \u00e9tait si tard, James Kelman signe un r\u00e9cit \u00e9tonnant au style hors norme qui intrigue et d\u00e9route \u00e0 la fois. Paru le 10 septembre aux Editions M\u00e9taili\u00e9, l\u2019ouvrage a re\u00e7u le Booker Prize en 1994. Reconnu pour son style brut, acide et dr\u00f4le, James Kelman signe ici un v\u00e9ritable tour de<\/p>\n","protected":false},"author":15,"featured_media":29013,"comment_status":"open","ping_status":"open","sticky":false,"template":"","format":"standard","meta":{"jetpack_post_was_ever_published":false,"_jetpack_newsletter_access":"","_jetpack_newsletter_tier_id":0,"footnotes":"","jetpack_publicize_message":"","jetpack_is_tweetstorm":false,"jetpack_publicize_feature_enabled":true,"jetpack_social_post_already_shared":false,"jetpack_social_options":{"image_generator_settings":{"template":"highway","enabled":false}}},"categories":[1118],"tags":[1012,1013,1014],"jetpack_publicize_connections":[],"yoast_head":"<!-- This site is optimized with the Yoast SEO plugin v21.5 - https:\/\/yoast.com\/wordpress\/plugins\/seo\/ -->\n<title>Si tard, il \u00e9tait si tard de James Kelman : au c\u0153ur de la d\u00e9route<\/title>\n<meta name=\"description\" content=\"Avec Si tard, il \u00e9tait si tard, James Kelman signe un r\u00e9cit \u00e9tonnant au style hors norme qui intrigue et d\u00e9route \u00e0 la fois. Paru le 10 septembre aux\" \/>\n<meta name=\"robots\" content=\"index, follow, max-snippet:-1, max-image-preview:large, max-video-preview:-1\" \/>\n<link rel=\"canonical\" href=\"http:\/\/smallthings.fr\/lespetitslivres\/2015\/10\/12\/si-tard-il-etait-si-tard-kelman-critique\/\" \/>\n<meta property=\"og:locale\" content=\"fr_FR\" \/>\n<meta property=\"og:type\" content=\"article\" \/>\n<meta property=\"og:title\" content=\"Si tard, il \u00e9tait si tard de James Kelman : au c\u0153ur de la d\u00e9route\" \/>\n<meta property=\"og:description\" content=\"Avec Si tard, il \u00e9tait si tard, James Kelman signe un r\u00e9cit \u00e9tonnant au style hors norme qui intrigue et d\u00e9route \u00e0 la fois. Paru le 10 septembre aux\" \/>\n<meta property=\"og:url\" content=\"http:\/\/smallthings.fr\/lespetitslivres\/2015\/10\/12\/si-tard-il-etait-si-tard-kelman-critique\/\" \/>\n<meta property=\"og:site_name\" content=\"Les Petits Livres\" \/>\n<meta property=\"article:published_time\" content=\"2015-10-12T12:53:56+00:00\" \/>\n<meta property=\"article:modified_time\" content=\"2015-11-05T13:39:29+00:00\" \/>\n<meta property=\"og:image\" content=\"https:\/\/i0.wp.com\/smallthings.fr\/lespetitslivres\/wp-content\/uploads\/2015\/10\/si-tard-couv.jpg?fit=1654%2C1127\" \/>\n\t<meta property=\"og:image:width\" content=\"1654\" \/>\n\t<meta property=\"og:image:height\" content=\"1127\" \/>\n\t<meta property=\"og:image:type\" content=\"image\/jpeg\" \/>\n<meta name=\"author\" content=\"June\" \/>\n<meta name=\"twitter:card\" content=\"summary_large_image\" \/>\n<meta name=\"twitter:creator\" content=\"@dariadgille\" \/>\n<meta name=\"twitter:label1\" content=\"\u00c9crit par\" \/>\n\t<meta name=\"twitter:data1\" content=\"June\" \/>\n\t<meta name=\"twitter:label2\" content=\"Dur\u00e9e de lecture estim\u00e9e\" \/>\n\t<meta name=\"twitter:data2\" content=\"4 minutes\" \/>\n<script type=\"application\/ld+json\" class=\"yoast-schema-graph\">{\"@context\":\"https:\/\/schema.org\",\"@graph\":[{\"@type\":\"WebPage\",\"@id\":\"http:\/\/smallthings.fr\/lespetitslivres\/2015\/10\/12\/si-tard-il-etait-si-tard-kelman-critique\/\",\"url\":\"http:\/\/smallthings.fr\/lespetitslivres\/2015\/10\/12\/si-tard-il-etait-si-tard-kelman-critique\/\",\"name\":\"Si tard, il \u00e9tait si tard de James Kelman : au c\u0153ur de la d\u00e9route\",\"isPartOf\":{\"@id\":\"https:\/\/smallthings.fr\/lespetitslivres\/#website\"},\"datePublished\":\"2015-10-12T12:53:56+00:00\",\"dateModified\":\"2015-11-05T13:39:29+00:00\",\"author\":{\"@id\":\"https:\/\/smallthings.fr\/lespetitslivres\/#\/schema\/person\/3e6389e33dfcb17850d47fa745090e73\"},\"description\":\"Avec Si tard, il \u00e9tait si tard, James Kelman signe un r\u00e9cit \u00e9tonnant au style hors norme qui intrigue et d\u00e9route \u00e0 la fois. Paru le 10 septembre aux\",\"breadcrumb\":{\"@id\":\"http:\/\/smallthings.fr\/lespetitslivres\/2015\/10\/12\/si-tard-il-etait-si-tard-kelman-critique\/#breadcrumb\"},\"inLanguage\":\"fr-FR\",\"potentialAction\":[{\"@type\":\"ReadAction\",\"target\":[\"http:\/\/smallthings.fr\/lespetitslivres\/2015\/10\/12\/si-tard-il-etait-si-tard-kelman-critique\/\"]}]},{\"@type\":\"BreadcrumbList\",\"@id\":\"http:\/\/smallthings.fr\/lespetitslivres\/2015\/10\/12\/si-tard-il-etait-si-tard-kelman-critique\/#breadcrumb\",\"itemListElement\":[{\"@type\":\"ListItem\",\"position\":1,\"name\":\"Accueil\",\"item\":\"https:\/\/smallthings.fr\/lespetitslivres\/\"},{\"@type\":\"ListItem\",\"position\":2,\"name\":\"Si tard, il \u00e9tait si tard de James Kelman : au c\u0153ur de la d\u00e9route\"}]},{\"@type\":\"WebSite\",\"@id\":\"https:\/\/smallthings.fr\/lespetitslivres\/#website\",\"url\":\"https:\/\/smallthings.fr\/lespetitslivres\/\",\"name\":\"Les Petits Livres\",\"description\":\"by Small Things\",\"potentialAction\":[{\"@type\":\"SearchAction\",\"target\":{\"@type\":\"EntryPoint\",\"urlTemplate\":\"https:\/\/smallthings.fr\/lespetitslivres\/?s={search_term_string}\"},\"query-input\":\"required name=search_term_string\"}],\"inLanguage\":\"fr-FR\"},{\"@type\":\"Person\",\"@id\":\"https:\/\/smallthings.fr\/lespetitslivres\/#\/schema\/person\/3e6389e33dfcb17850d47fa745090e73\",\"name\":\"June\",\"image\":{\"@type\":\"ImageObject\",\"inLanguage\":\"fr-FR\",\"@id\":\"https:\/\/smallthings.fr\/lespetitslivres\/#\/schema\/person\/image\/\",\"url\":\"https:\/\/secure.gravatar.com\/avatar\/b9e34137bb78059aebeb6866f6a13f5a?s=96&d=retro&r=g\",\"contentUrl\":\"https:\/\/secure.gravatar.com\/avatar\/b9e34137bb78059aebeb6866f6a13f5a?s=96&d=retro&r=g\",\"caption\":\"June\"},\"sameAs\":[\"https:\/\/twitter.com\/@dariadgille\"],\"url\":\"https:\/\/smallthings.fr\/lespetitslivres\/author\/june\/\"}]}<\/script>\n<!-- \/ Yoast SEO plugin. -->","yoast_head_json":{"title":"Si tard, il \u00e9tait si tard de James Kelman : au c\u0153ur de la d\u00e9route","description":"Avec Si tard, il \u00e9tait si tard, James Kelman signe un r\u00e9cit \u00e9tonnant au style hors norme qui intrigue et d\u00e9route \u00e0 la fois. Paru le 10 septembre aux","robots":{"index":"index","follow":"follow","max-snippet":"max-snippet:-1","max-image-preview":"max-image-preview:large","max-video-preview":"max-video-preview:-1"},"canonical":"http:\/\/smallthings.fr\/lespetitslivres\/2015\/10\/12\/si-tard-il-etait-si-tard-kelman-critique\/","og_locale":"fr_FR","og_type":"article","og_title":"Si tard, il \u00e9tait si tard de James Kelman : au c\u0153ur de la d\u00e9route","og_description":"Avec Si tard, il \u00e9tait si tard, James Kelman signe un r\u00e9cit \u00e9tonnant au style hors norme qui intrigue et d\u00e9route \u00e0 la fois. Paru le 10 septembre aux","og_url":"http:\/\/smallthings.fr\/lespetitslivres\/2015\/10\/12\/si-tard-il-etait-si-tard-kelman-critique\/","og_site_name":"Les Petits Livres","article_published_time":"2015-10-12T12:53:56+00:00","article_modified_time":"2015-11-05T13:39:29+00:00","og_image":[{"width":1654,"height":1127,"url":"https:\/\/i0.wp.com\/smallthings.fr\/lespetitslivres\/wp-content\/uploads\/2015\/10\/si-tard-couv.jpg?fit=1654%2C1127","type":"image\/jpeg"}],"author":"June","twitter_card":"summary_large_image","twitter_creator":"@dariadgille","twitter_misc":{"\u00c9crit par":"June","Dur\u00e9e de lecture estim\u00e9e":"4 minutes"},"schema":{"@context":"https:\/\/schema.org","@graph":[{"@type":"WebPage","@id":"http:\/\/smallthings.fr\/lespetitslivres\/2015\/10\/12\/si-tard-il-etait-si-tard-kelman-critique\/","url":"http:\/\/smallthings.fr\/lespetitslivres\/2015\/10\/12\/si-tard-il-etait-si-tard-kelman-critique\/","name":"Si tard, il \u00e9tait si tard de James Kelman : au c\u0153ur de la d\u00e9route","isPartOf":{"@id":"https:\/\/smallthings.fr\/lespetitslivres\/#website"},"datePublished":"2015-10-12T12:53:56+00:00","dateModified":"2015-11-05T13:39:29+00:00","author":{"@id":"https:\/\/smallthings.fr\/lespetitslivres\/#\/schema\/person\/3e6389e33dfcb17850d47fa745090e73"},"description":"Avec Si tard, il \u00e9tait si tard, James Kelman signe un r\u00e9cit \u00e9tonnant au style hors norme qui intrigue et d\u00e9route \u00e0 la fois. Paru le 10 septembre aux","breadcrumb":{"@id":"http:\/\/smallthings.fr\/lespetitslivres\/2015\/10\/12\/si-tard-il-etait-si-tard-kelman-critique\/#breadcrumb"},"inLanguage":"fr-FR","potentialAction":[{"@type":"ReadAction","target":["http:\/\/smallthings.fr\/lespetitslivres\/2015\/10\/12\/si-tard-il-etait-si-tard-kelman-critique\/"]}]},{"@type":"BreadcrumbList","@id":"http:\/\/smallthings.fr\/lespetitslivres\/2015\/10\/12\/si-tard-il-etait-si-tard-kelman-critique\/#breadcrumb","itemListElement":[{"@type":"ListItem","position":1,"name":"Accueil","item":"https:\/\/smallthings.fr\/lespetitslivres\/"},{"@type":"ListItem","position":2,"name":"Si tard, il \u00e9tait si tard de James Kelman : au c\u0153ur de la d\u00e9route"}]},{"@type":"WebSite","@id":"https:\/\/smallthings.fr\/lespetitslivres\/#website","url":"https:\/\/smallthings.fr\/lespetitslivres\/","name":"Les Petits Livres","description":"by Small Things","potentialAction":[{"@type":"SearchAction","target":{"@type":"EntryPoint","urlTemplate":"https:\/\/smallthings.fr\/lespetitslivres\/?s={search_term_string}"},"query-input":"required name=search_term_string"}],"inLanguage":"fr-FR"},{"@type":"Person","@id":"https:\/\/smallthings.fr\/lespetitslivres\/#\/schema\/person\/3e6389e33dfcb17850d47fa745090e73","name":"June","image":{"@type":"ImageObject","inLanguage":"fr-FR","@id":"https:\/\/smallthings.fr\/lespetitslivres\/#\/schema\/person\/image\/","url":"https:\/\/secure.gravatar.com\/avatar\/b9e34137bb78059aebeb6866f6a13f5a?s=96&d=retro&r=g","contentUrl":"https:\/\/secure.gravatar.com\/avatar\/b9e34137bb78059aebeb6866f6a13f5a?s=96&d=retro&r=g","caption":"June"},"sameAs":["https:\/\/twitter.com\/@dariadgille"],"url":"https:\/\/smallthings.fr\/lespetitslivres\/author\/june\/"}]}},"jetpack_featured_media_url":"https:\/\/smallthings.fr\/lespetitslivres\/wp-content\/uploads\/2015\/10\/si-tard-couv.jpg","jetpack_sharing_enabled":true,"jetpack_shortlink":"https:\/\/wp.me\/p6Un21-7jC","jetpack-related-posts":[{"id":26333,"url":"https:\/\/smallthings.fr\/lespetitslivres\/2015\/08\/18\/quatre-ans-plus-tard-romance-murphy\/","url_meta":{"origin":28124,"position":0},"title":"Quatre ans plus tard : la nouvelle romance de Monica Murphy","author":"Jennifer","date":"18 ao\u00fbt 2015","format":false,"excerpt":"Quatre ans plus tard, la suite directe de Deux mois sans elle de Monica Murphy, est sortie aux \u00e9ditions Milady le 10 juillet dernier. C\u2019est au tour d\u2019Owen, le petit fr\u00e8re de Fable, de nous raconter ses m\u00e9saventures. Dans Deux mois sans elle, on d\u00e9couvrait Owen, le petit fr\u00e8re de\u2026","rel":"","context":"Dans &quot;Roman \u00e9tranger&quot;","block_context":{"text":"Roman \u00e9tranger","link":"https:\/\/smallthings.fr\/lespetitslivres\/category\/roman\/roman-etranger\/"},"img":{"alt_text":"","src":"https:\/\/i0.wp.com\/smallthings.fr\/wp-content\/uploads\/2015\/08\/quatre-ans-plus-tard-200x300.jpg?resize=350%2C200","width":350,"height":200},"classes":[]},{"id":29030,"url":"https:\/\/smallthings.fr\/lespetitslivres\/2015\/11\/04\/maintenant-qu-il-est-trop-tard-critique\/","url_meta":{"origin":28124,"position":1},"title":"Maintenant qu\u2019il est trop tard : comment Tortue s&rsquo;est faite kidnapper par le P\u00e8re No\u00ebl","author":"Jennifer","date":"4 novembre 2015","format":false,"excerpt":"Maintenant qu\u2019il est trop tard est un roman de Jessica Warman, paru le 15 octobre aux \u00e9ditions Pocket Jeunesse. Il raconte un drame familial\u00a0: comment le P\u00e8re No\u00ebl a enlev\u00e9 la jeune Tortue un soir du nouvel an devant les yeux de sa s\u0153ur et de leur jeune voisin. Un\u2026","rel":"","context":"Dans &quot;Thriller&quot;","block_context":{"text":"Thriller","link":"https:\/\/smallthings.fr\/lespetitslivres\/category\/thriller\/"},"img":{"alt_text":"","src":"https:\/\/i0.wp.com\/smallthings.fr\/lespetitslivres\/wp-content\/uploads\/2015\/11\/maintenant-qu-il-est-trop-tard-couv-2.jpg?resize=350%2C200&ssl=1","width":350,"height":200},"classes":[]},{"id":29816,"url":"https:\/\/smallthings.fr\/lespetitslivres\/2016\/04\/06\/alice-change-adresse-thriller-moatti\/","url_meta":{"origin":28124,"position":2},"title":"Alice change d\u2019adresse, un thriller psychologique de Michel Moatti","author":"June","date":"6 avril 2016","format":false,"excerpt":"Alice change d'adresse est le nouveau thriller de Michel Moatti, fra\u00eechement paru chez HC \u00e9ditions. L'auteur nous fait naviguer en eaux troubles et s\u00e8me le doute dans l\u2019esprit du lecteur au fil de ses d\u00e9ambulations. Une m\u00e8re, son fils, une balade, une \u00e9cluse, un orage et tout bascule. En quelques\u2026","rel":"","context":"Dans &quot;Thriller&quot;","block_context":{"text":"Thriller","link":"https:\/\/smallthings.fr\/lespetitslivres\/category\/thriller\/"},"img":{"alt_text":"","src":"https:\/\/i0.wp.com\/smallthings.fr\/lespetitslivres\/wp-content\/uploads\/2016\/04\/alice-change-adresse-couv.jpg?resize=350%2C200&ssl=1","width":350,"height":200,"srcset":"https:\/\/i0.wp.com\/smallthings.fr\/lespetitslivres\/wp-content\/uploads\/2016\/04\/alice-change-adresse-couv.jpg?resize=350%2C200&ssl=1 1x, https:\/\/i0.wp.com\/smallthings.fr\/lespetitslivres\/wp-content\/uploads\/2016\/04\/alice-change-adresse-couv.jpg?resize=525%2C300&ssl=1 1.5x, https:\/\/i0.wp.com\/smallthings.fr\/lespetitslivres\/wp-content\/uploads\/2016\/04\/alice-change-adresse-couv.jpg?resize=700%2C400&ssl=1 2x, https:\/\/i0.wp.com\/smallthings.fr\/lespetitslivres\/wp-content\/uploads\/2016\/04\/alice-change-adresse-couv.jpg?resize=1050%2C600&ssl=1 3x, https:\/\/i0.wp.com\/smallthings.fr\/lespetitslivres\/wp-content\/uploads\/2016\/04\/alice-change-adresse-couv.jpg?resize=1400%2C800&ssl=1 4x"},"classes":[]},{"id":26347,"url":"https:\/\/smallthings.fr\/lespetitslivres\/2015\/08\/21\/lzr-1143-contamination-zombie-bryan-james\/","url_meta":{"origin":28124,"position":3},"title":"LZR-1143, Contamination : encore une invasion zombie&#8230;","author":"Jennifer","date":"21 ao\u00fbt 2015","format":false,"excerpt":"C\u2019est le 15 juillet dernier que le premier tome de la s\u00e9rie de Bryan James LZR-1143, Contamination, est sorti en format poche chez aux \u00e9ditions Panini. Un nouveau roman apocalyptique : le narrateur est une ancienne star de cin\u00e9ma qui a tu\u00e9 sa femme mais qui ne se souvient plus\u2026","rel":"","context":"Dans &quot;Fantastique&quot;","block_context":{"text":"Fantastique","link":"https:\/\/smallthings.fr\/lespetitslivres\/category\/imaginaire\/fantastique\/"},"img":{"alt_text":"","src":"","width":0,"height":0},"classes":[]},{"id":20618,"url":"https:\/\/smallthings.fr\/lespetitslivres\/2015\/02\/03\/septieme-victime-thriller-mary-burton\/","url_meta":{"origin":28124,"position":4},"title":"La Septi\u00e8me Victime, nouveau thriller de Mary Burton","author":"Jennifer","date":"3 f\u00e9vrier 2015","format":false,"excerpt":"La Septi\u00e8me victime est le nouveau thriller de l\u2019incroyable Mary Burton, sorti chez Milady le 23 janvier. Lara Church a \u00e9chapp\u00e9 \u00e0 un tueur en s\u00e9rie il y a sept ans. Mais lorsque de nouvelles victimes apparaissent pr\u00e8s de chez elle, elle ne peut que se faire \u00e0 l\u2019\u00e9vidence\u00a0: l\u2019Etrangleur\u2026","rel":"","context":"Dans &quot;Thriller&quot;","block_context":{"text":"Thriller","link":"https:\/\/smallthings.fr\/lespetitslivres\/category\/thriller\/"},"img":{"alt_text":"","src":"https:\/\/i0.wp.com\/smallthings.fr\/wp-content\/uploads\/2015\/02\/septieme-victime-504x800.jpg?resize=350%2C200","width":350,"height":200},"classes":[]},{"id":26766,"url":"https:\/\/smallthings.fr\/lespetitslivres\/2015\/09\/03\/christine-angot-amour-impossible\/","url_meta":{"origin":28124,"position":5},"title":"Christine Angot : Un amour impossible, son roman virtuose","author":"Claire","date":"3 septembre 2015","format":false,"excerpt":"Le nouveau roman de Christine Angot, le th\u00e8me de l'amour, des critiques dithyrambiques... Il n'en fallait pas davantage pour me rendre curieuse. Un amour impossible est sorti le 19 ao\u00fbt chez Flammarion. On vient d'apprendre qu'il figurait dans la premi\u00e8re s\u00e9lection du Goncourt 2015. Un amour impossible parle de plusieurs\u2026","rel":"","context":"Dans &quot;Rentr\u00e9e Litt\u00e9raire&quot;","block_context":{"text":"Rentr\u00e9e Litt\u00e9raire","link":"https:\/\/smallthings.fr\/lespetitslivres\/category\/rentree-litteraire-2015\/"},"img":{"alt_text":"","src":"","width":0,"height":0},"classes":[]}],"_links":{"self":[{"href":"https:\/\/smallthings.fr\/lespetitslivres\/wp-json\/wp\/v2\/posts\/28124"}],"collection":[{"href":"https:\/\/smallthings.fr\/lespetitslivres\/wp-json\/wp\/v2\/posts"}],"about":[{"href":"https:\/\/smallthings.fr\/lespetitslivres\/wp-json\/wp\/v2\/types\/post"}],"author":[{"embeddable":true,"href":"https:\/\/smallthings.fr\/lespetitslivres\/wp-json\/wp\/v2\/users\/15"}],"replies":[{"embeddable":true,"href":"https:\/\/smallthings.fr\/lespetitslivres\/wp-json\/wp\/v2\/comments?post=28124"}],"version-history":[{"count":1,"href":"https:\/\/smallthings.fr\/lespetitslivres\/wp-json\/wp\/v2\/posts\/28124\/revisions"}],"predecessor-version":[{"id":28950,"href":"https:\/\/smallthings.fr\/lespetitslivres\/wp-json\/wp\/v2\/posts\/28124\/revisions\/28950"}],"wp:featuredmedia":[{"embeddable":true,"href":"https:\/\/smallthings.fr\/lespetitslivres\/wp-json\/wp\/v2\/media\/29013"}],"wp:attachment":[{"href":"https:\/\/smallthings.fr\/lespetitslivres\/wp-json\/wp\/v2\/media?parent=28124"}],"wp:term":[{"taxonomy":"category","embeddable":true,"href":"https:\/\/smallthings.fr\/lespetitslivres\/wp-json\/wp\/v2\/categories?post=28124"},{"taxonomy":"post_tag","embeddable":true,"href":"https:\/\/smallthings.fr\/lespetitslivres\/wp-json\/wp\/v2\/tags?post=28124"}],"curies":[{"name":"wp","href":"https:\/\/api.w.org\/{rel}","templated":true}]}}