{"id":27985,"date":"2015-10-07T12:00:51","date_gmt":"2015-10-07T11:00:51","guid":{"rendered":"http:\/\/smallthings.fr\/?p=27985"},"modified":"2015-11-05T15:30:54","modified_gmt":"2015-11-05T14:30:54","slug":"frederic-beigbeder-conversations-enfant-critique","status":"publish","type":"post","link":"https:\/\/smallthings.fr\/lespetitslivres\/2015\/10\/07\/frederic-beigbeder-conversations-enfant-critique\/","title":{"rendered":"Fr\u00e9d\u00e9ric Beigbeder, son nouveau livre : de quoi s&rsquo;agit-il ?"},"content":{"rendered":"<h2><em>Conversations d\u2019un enfant du si\u00e8cle<\/em>, paru le 16 septembre chez <em><a href=\"http:\/\/www.grasset.fr\/conversations-dun-enfant-du-siecle-9782246858867\" target=\"_blank\">Grasset<\/a>, <\/em>est un recueil qui regroupe les entretiens que Fr\u00e9d\u00e9ric Beigbeder a fait entre 1999 et 2014 pour le compte de multiples magazines (<em>Le Figaro litt\u00e9raire<\/em>, <em>Les livres et moi<\/em>, <em>Lui<\/em>, <em>GQ<\/em>, <em>Bordel<\/em>, entre autres) avec les \u00e9crivains influents d\u2019aujourd\u2019hui, et parfois des conversations fictives avec des \u00e9crivains d\u00e9j\u00e0 morts.<\/h2>\n<p><strong>Avec ce livre, Beigbeder montre qu\u2019au fond, il est le mondain de notre temps<\/strong>. Un m\u00e9lange entre l\u2019homme de lettres et le people, qui pratique \u00e0 la fois la provocation \u2013 faire passer un d\u00e9jeuner hors de prix en note de frais, faire l\u2019\u00e9loge de la prostitution, \u00e9noncer des d\u00e9clarations \u00e0 l\u2019emporte-pi\u00e8ce sur la politique, le sexe, l\u2019actualit\u00e9 \u2013, un sens de la r\u00e9partie nourri de sa connaissance de l\u2019\u0153uvre ou de la personne de son interlocuteur, et des fulgurances d\u2019analyse qui viennent d\u2019on ne sait trop o\u00f9. Ces entretiens sont un miroir parfait de l\u2019auteur en train de faire des ronds de jambe et des pirouettes, de concert avec ses interlocuteurs, tournant l\u2019\u00e9crivain en d\u00e9rision et faisant de la litt\u00e9rature le dernier reliquat du sacr\u00e9, tout \u00e0 la fois. <strong>Du Beigbeder pur jus<\/strong>.<\/p>\n<p><a href=\"http:\/\/smallthings.fr\/?attachment_id=27987\" rel=\"attachment wp-att-27987\"><img loading=\"lazy\" decoding=\"async\" class=\"alignright size-medium wp-image-27987\" src=\"http:\/\/smallthings.fr\/wp-content\/uploads\/2015\/10\/frederic-beigbeder-enfant-siecle-205x300.jpeg\" alt=\"frederic-beigbeder-enfant-siecle\" width=\"205\" height=\"300\" \/><\/a><strong><em>Conversations d&rsquo;un enfant du si\u00e8cle<\/em><\/strong> est aussi une plong\u00e9e dans l\u2019univers de Fr\u00e9d\u00e9ric Beigbeder, qui pousse l\u2019ironie jusqu\u2019\u00e0 s\u2019interviewer lui-m\u00eame dans un restaurant trois \u00e9toiles aux frais de la marquise, et \u00e0 interviewer plusieurs fois ses \u00e9crivains de pr\u00e9dilection comme Michel Houellebecq et Jay McInerney. Il les rencontre tous, les invite dans de bons restaurants o\u00f9 ils se font \u00e9clater la panse sans vergogne, et \u00e9changent des banalit\u00e9s sur l\u2019actualit\u00e9 et leurs \u0153uvres respectives. <strong>On se croirait dans un salon litt\u00e9raire du XXI<sup>e<\/sup> si\u00e8cle\u00a0: dilettantisme, mondanit\u00e9s, ironie, provocation encore&#8230;<\/strong> C\u2019est tout un esprit, tout un discours, et m\u00eame un art\u00a0: celui de surprendre le lecteur, de toujours survoler les sujets sans s\u2019attarder, de rebondir de phrase en phrase, de ne pas se prendre au s\u00e9rieux.<\/p>\n<p>Ceci dit, ne vous laissez pas leurrer\u00a0: on n\u2019y trouve pas ce que d\u00e9clare l\u2019auteur en quatri\u00e8me de couverture et en pr\u00e9ambule\u00a0: \u00ab\u00a0J\u2019ai interrog\u00e9 les auteurs de ce livre comme un apprenti garagiste questionnerait un professionnel sur la meilleure mani\u00e8re de changer un joint de culasse. Je voulais d\u00e9chiffrer leur m\u00e9thode, comprendre les rouages de leur travail, voler leurs secrets de fabrication.\u00a0\u00bb On n\u2019y parle pas litt\u00e9rature au sens de style, de m\u00e9thode de travail, de fignolage. On y parle des grands principes qu\u2019illustrent les livres, des personnages, des univers, pour donner au lecteur une fen\u00eatre dans l\u2019esprit de l\u2019auteur et voir ce que ce dernier voit ou aspire \u00e0 voir dans son \u0153uvre. Ce n\u2019est pas pareil\u00a0; mais ce n\u2019est pas si mal. On y trouve aussi des mots d\u2019esprit \u00e0 la pelle, plus ou moins relev\u00e9s. Et de grands \u00e9crivains vivants, aussi.<\/p>\n<p>En bref,<strong><em> Conversations d&rsquo;un enfant du si\u00e8cle<\/em><\/strong> est piquant, enjou\u00e9, mondain\u00a0; mais \u00e7a parle quand m\u00eame de litt\u00e9rature. La litt\u00e9rature comme reflet du monde, comme reflet de l\u2019esprit d\u2019un homme, comme sauvegarde des valeurs de l\u2019Occident tomb\u00e9es en d\u00e9cadence ou orgie de d\u00e9cadence\u00a0? Au lecteur de trancher, entre la profondeur et la d\u00e9rision, l\u2019ironie et le s\u00e9rieux o\u00f9 le balade \u00e0 c\u0153ur joie Beigbeder. Tel homme, tel propos.<\/p>\n<blockquote><p>\u00ab\u00a0<em>FB\u00a0: Ne pensez-vous pas, comme cela a \u00e9t\u00e9 \u00e9crit sur le mien, qu\u2019un roman sur le 11 septembre est une id\u00e9e scandaleuse\u00a0? <\/em><\/p>\n<p><em>Jay McInerney\u00a0: Le scandale c\u2019est tr\u00e8s bien. Un \u00e9v\u00e9nement pareil doit inspirer les romanciers. <\/em>Of course\u00a0!<\/p>\n<p><em>FB\u00a0: Norman Mailer a dit qu\u2019il fallait attendre au moins dix ans pour s\u2019en approcher&#8230; <\/em><\/p>\n<p><em>JMI\u00a0: Ah bon\u00a0? Il a dit \u00e7a\u00a0? Eh bien je ne suis pas d\u2019accord avec lui\u00a0: la fiction doit absorber la vie contemporaine. Ce qui rend la fiction am\u00e9ricaine si vivante, c\u2019est justement sa capacit\u00e9 \u00e0 s\u2019emparer de la r\u00e9alit\u00e9 actuelle et \u00e0 en faire de la litt\u00e9rature. Nous devons tous nous emparer du 11 septembre. Bien s\u00fbr que les romains doivent tenir compte des trag\u00e9dies\u00a0! Toute l\u2019histoire de la litt\u00e9rature am\u00e9ricaine n\u2019est faite que de cela\u00a0! D\u2019ailleurs Norman Mailer en est l\u2019illustration la plus parfaite\u00a0: il a toujours m\u00e9lang\u00e9 le journalisme et la litt\u00e9rature.<\/em><\/p>\n<p><em>Inutile de dire qu\u2019en plus du givry je bois du petit-lait.\u00a0\u00bb<\/em><\/p><\/blockquote>\n","protected":false},"excerpt":{"rendered":"<p>Conversations d\u2019un enfant du si\u00e8cle, paru le 16 septembre chez Grasset, est un recueil qui regroupe les entretiens que Fr\u00e9d\u00e9ric Beigbeder a fait entre 1999 et 2014 pour le compte de multiples magazines (Le Figaro litt\u00e9raire, Les livres et moi, Lui, GQ, Bordel, entre autres) avec les \u00e9crivains influents d\u2019aujourd\u2019hui, et parfois des conversations fictives<\/p>\n","protected":false},"author":13,"featured_media":29053,"comment_status":"open","ping_status":"open","sticky":false,"template":"","format":"standard","meta":{"jetpack_post_was_ever_published":false,"_jetpack_newsletter_access":"","_jetpack_newsletter_tier_id":0,"footnotes":"","jetpack_publicize_message":"","jetpack_is_tweetstorm":false,"jetpack_publicize_feature_enabled":true,"jetpack_social_post_already_shared":false,"jetpack_social_options":{"image_generator_settings":{"template":"highway","enabled":false}}},"categories":[1115],"tags":[257,258],"jetpack_publicize_connections":[],"yoast_head":"<!-- This site is optimized with the Yoast SEO plugin v21.5 - https:\/\/yoast.com\/wordpress\/plugins\/seo\/ -->\n<title>Fr\u00e9d\u00e9ric Beigbeder, son nouveau livre : de quoi s&#039;agit-il ?<\/title>\n<meta name=\"description\" content=\"Conversations d\u2019un enfant du si\u00e8cle, paru le 16 septembre chez Grasset, est un recueil qui regroupe les entretiens que Fr\u00e9d\u00e9ric Beigbeder a fait entre 1999\" \/>\n<meta name=\"robots\" content=\"index, follow, max-snippet:-1, max-image-preview:large, max-video-preview:-1\" \/>\n<link rel=\"canonical\" href=\"https:\/\/smallthings.fr\/lespetitslivres\/2015\/10\/07\/frederic-beigbeder-conversations-enfant-critique\/\" \/>\n<meta property=\"og:locale\" content=\"fr_FR\" \/>\n<meta property=\"og:type\" content=\"article\" \/>\n<meta property=\"og:title\" content=\"Fr\u00e9d\u00e9ric Beigbeder, son nouveau livre : de quoi s&#039;agit-il ?\" \/>\n<meta property=\"og:description\" content=\"Conversations d\u2019un enfant du si\u00e8cle, paru le 16 septembre chez Grasset, est un recueil qui regroupe les entretiens que Fr\u00e9d\u00e9ric Beigbeder a fait entre 1999\" \/>\n<meta property=\"og:url\" content=\"https:\/\/smallthings.fr\/lespetitslivres\/2015\/10\/07\/frederic-beigbeder-conversations-enfant-critique\/\" \/>\n<meta property=\"og:site_name\" content=\"Les Petits Livres\" \/>\n<meta property=\"article:published_time\" content=\"2015-10-07T11:00:51+00:00\" \/>\n<meta property=\"article:modified_time\" content=\"2015-11-05T14:30:54+00:00\" \/>\n<meta property=\"og:image\" content=\"https:\/\/i0.wp.com\/smallthings.fr\/lespetitslivres\/wp-content\/uploads\/2015\/10\/beigbeder-enfant-siecle.jpg?fit=780%2C585&ssl=1\" \/>\n\t<meta property=\"og:image:width\" content=\"780\" \/>\n\t<meta property=\"og:image:height\" content=\"585\" \/>\n\t<meta property=\"og:image:type\" content=\"image\/jpeg\" \/>\n<meta name=\"author\" content=\"Cecile\" \/>\n<meta name=\"twitter:card\" content=\"summary_large_image\" \/>\n<meta name=\"twitter:label1\" content=\"\u00c9crit par\" \/>\n\t<meta name=\"twitter:data1\" content=\"Cecile\" \/>\n\t<meta name=\"twitter:label2\" content=\"Dur\u00e9e de lecture estim\u00e9e\" \/>\n\t<meta name=\"twitter:data2\" content=\"4 minutes\" \/>\n<script type=\"application\/ld+json\" class=\"yoast-schema-graph\">{\"@context\":\"https:\/\/schema.org\",\"@graph\":[{\"@type\":\"WebPage\",\"@id\":\"https:\/\/smallthings.fr\/lespetitslivres\/2015\/10\/07\/frederic-beigbeder-conversations-enfant-critique\/\",\"url\":\"https:\/\/smallthings.fr\/lespetitslivres\/2015\/10\/07\/frederic-beigbeder-conversations-enfant-critique\/\",\"name\":\"Fr\u00e9d\u00e9ric Beigbeder, son nouveau livre : de quoi s'agit-il ?\",\"isPartOf\":{\"@id\":\"https:\/\/smallthings.fr\/lespetitslivres\/#website\"},\"datePublished\":\"2015-10-07T11:00:51+00:00\",\"dateModified\":\"2015-11-05T14:30:54+00:00\",\"author\":{\"@id\":\"https:\/\/smallthings.fr\/lespetitslivres\/#\/schema\/person\/7b3de8ef611f2b29f758a00cad7cafb2\"},\"description\":\"Conversations d\u2019un enfant du si\u00e8cle, paru le 16 septembre chez Grasset, est un recueil qui regroupe les entretiens que Fr\u00e9d\u00e9ric Beigbeder a fait entre 1999\",\"breadcrumb\":{\"@id\":\"https:\/\/smallthings.fr\/lespetitslivres\/2015\/10\/07\/frederic-beigbeder-conversations-enfant-critique\/#breadcrumb\"},\"inLanguage\":\"fr-FR\",\"potentialAction\":[{\"@type\":\"ReadAction\",\"target\":[\"https:\/\/smallthings.fr\/lespetitslivres\/2015\/10\/07\/frederic-beigbeder-conversations-enfant-critique\/\"]}]},{\"@type\":\"BreadcrumbList\",\"@id\":\"https:\/\/smallthings.fr\/lespetitslivres\/2015\/10\/07\/frederic-beigbeder-conversations-enfant-critique\/#breadcrumb\",\"itemListElement\":[{\"@type\":\"ListItem\",\"position\":1,\"name\":\"Accueil\",\"item\":\"https:\/\/smallthings.fr\/lespetitslivres\/\"},{\"@type\":\"ListItem\",\"position\":2,\"name\":\"Fr\u00e9d\u00e9ric Beigbeder, son nouveau livre : de quoi s&rsquo;agit-il ?\"}]},{\"@type\":\"WebSite\",\"@id\":\"https:\/\/smallthings.fr\/lespetitslivres\/#website\",\"url\":\"https:\/\/smallthings.fr\/lespetitslivres\/\",\"name\":\"Les Petits Livres\",\"description\":\"by Small Things\",\"potentialAction\":[{\"@type\":\"SearchAction\",\"target\":{\"@type\":\"EntryPoint\",\"urlTemplate\":\"https:\/\/smallthings.fr\/lespetitslivres\/?s={search_term_string}\"},\"query-input\":\"required name=search_term_string\"}],\"inLanguage\":\"fr-FR\"},{\"@type\":\"Person\",\"@id\":\"https:\/\/smallthings.fr\/lespetitslivres\/#\/schema\/person\/7b3de8ef611f2b29f758a00cad7cafb2\",\"name\":\"Cecile\",\"image\":{\"@type\":\"ImageObject\",\"inLanguage\":\"fr-FR\",\"@id\":\"https:\/\/smallthings.fr\/lespetitslivres\/#\/schema\/person\/image\/\",\"url\":\"https:\/\/secure.gravatar.com\/avatar\/a855fa1dbad38b06e97132a8a6579746?s=96&d=retro&r=g\",\"contentUrl\":\"https:\/\/secure.gravatar.com\/avatar\/a855fa1dbad38b06e97132a8a6579746?s=96&d=retro&r=g\",\"caption\":\"Cecile\"},\"url\":\"https:\/\/smallthings.fr\/lespetitslivres\/author\/cecile\/\"}]}<\/script>\n<!-- \/ Yoast SEO plugin. -->","yoast_head_json":{"title":"Fr\u00e9d\u00e9ric Beigbeder, son nouveau livre : de quoi s'agit-il ?","description":"Conversations d\u2019un enfant du si\u00e8cle, paru le 16 septembre chez Grasset, est un recueil qui regroupe les entretiens que Fr\u00e9d\u00e9ric Beigbeder a fait entre 1999","robots":{"index":"index","follow":"follow","max-snippet":"max-snippet:-1","max-image-preview":"max-image-preview:large","max-video-preview":"max-video-preview:-1"},"canonical":"https:\/\/smallthings.fr\/lespetitslivres\/2015\/10\/07\/frederic-beigbeder-conversations-enfant-critique\/","og_locale":"fr_FR","og_type":"article","og_title":"Fr\u00e9d\u00e9ric Beigbeder, son nouveau livre : de quoi s'agit-il ?","og_description":"Conversations d\u2019un enfant du si\u00e8cle, paru le 16 septembre chez Grasset, est un recueil qui regroupe les entretiens que Fr\u00e9d\u00e9ric Beigbeder a fait entre 1999","og_url":"https:\/\/smallthings.fr\/lespetitslivres\/2015\/10\/07\/frederic-beigbeder-conversations-enfant-critique\/","og_site_name":"Les Petits Livres","article_published_time":"2015-10-07T11:00:51+00:00","article_modified_time":"2015-11-05T14:30:54+00:00","og_image":[{"width":780,"height":585,"url":"https:\/\/i0.wp.com\/smallthings.fr\/lespetitslivres\/wp-content\/uploads\/2015\/10\/beigbeder-enfant-siecle.jpg?fit=780%2C585&ssl=1","type":"image\/jpeg"}],"author":"Cecile","twitter_card":"summary_large_image","twitter_misc":{"\u00c9crit par":"Cecile","Dur\u00e9e de lecture estim\u00e9e":"4 minutes"},"schema":{"@context":"https:\/\/schema.org","@graph":[{"@type":"WebPage","@id":"https:\/\/smallthings.fr\/lespetitslivres\/2015\/10\/07\/frederic-beigbeder-conversations-enfant-critique\/","url":"https:\/\/smallthings.fr\/lespetitslivres\/2015\/10\/07\/frederic-beigbeder-conversations-enfant-critique\/","name":"Fr\u00e9d\u00e9ric Beigbeder, son nouveau livre : de quoi s'agit-il ?","isPartOf":{"@id":"https:\/\/smallthings.fr\/lespetitslivres\/#website"},"datePublished":"2015-10-07T11:00:51+00:00","dateModified":"2015-11-05T14:30:54+00:00","author":{"@id":"https:\/\/smallthings.fr\/lespetitslivres\/#\/schema\/person\/7b3de8ef611f2b29f758a00cad7cafb2"},"description":"Conversations d\u2019un enfant du si\u00e8cle, paru le 16 septembre chez Grasset, est un recueil qui regroupe les entretiens que Fr\u00e9d\u00e9ric Beigbeder a fait entre 1999","breadcrumb":{"@id":"https:\/\/smallthings.fr\/lespetitslivres\/2015\/10\/07\/frederic-beigbeder-conversations-enfant-critique\/#breadcrumb"},"inLanguage":"fr-FR","potentialAction":[{"@type":"ReadAction","target":["https:\/\/smallthings.fr\/lespetitslivres\/2015\/10\/07\/frederic-beigbeder-conversations-enfant-critique\/"]}]},{"@type":"BreadcrumbList","@id":"https:\/\/smallthings.fr\/lespetitslivres\/2015\/10\/07\/frederic-beigbeder-conversations-enfant-critique\/#breadcrumb","itemListElement":[{"@type":"ListItem","position":1,"name":"Accueil","item":"https:\/\/smallthings.fr\/lespetitslivres\/"},{"@type":"ListItem","position":2,"name":"Fr\u00e9d\u00e9ric Beigbeder, son nouveau livre : de quoi s&rsquo;agit-il ?"}]},{"@type":"WebSite","@id":"https:\/\/smallthings.fr\/lespetitslivres\/#website","url":"https:\/\/smallthings.fr\/lespetitslivres\/","name":"Les Petits Livres","description":"by Small Things","potentialAction":[{"@type":"SearchAction","target":{"@type":"EntryPoint","urlTemplate":"https:\/\/smallthings.fr\/lespetitslivres\/?s={search_term_string}"},"query-input":"required name=search_term_string"}],"inLanguage":"fr-FR"},{"@type":"Person","@id":"https:\/\/smallthings.fr\/lespetitslivres\/#\/schema\/person\/7b3de8ef611f2b29f758a00cad7cafb2","name":"Cecile","image":{"@type":"ImageObject","inLanguage":"fr-FR","@id":"https:\/\/smallthings.fr\/lespetitslivres\/#\/schema\/person\/image\/","url":"https:\/\/secure.gravatar.com\/avatar\/a855fa1dbad38b06e97132a8a6579746?s=96&d=retro&r=g","contentUrl":"https:\/\/secure.gravatar.com\/avatar\/a855fa1dbad38b06e97132a8a6579746?s=96&d=retro&r=g","caption":"Cecile"},"url":"https:\/\/smallthings.fr\/lespetitslivres\/author\/cecile\/"}]}},"jetpack_featured_media_url":"https:\/\/smallthings.fr\/lespetitslivres\/wp-content\/uploads\/2015\/10\/beigbeder-enfant-siecle.jpg","jetpack_sharing_enabled":true,"jetpack_shortlink":"https:\/\/wp.me\/p6Un21-7hn","jetpack-related-posts":[{"id":29776,"url":"https:\/\/smallthings.fr\/lespetitslivres\/2016\/03\/26\/art-aimer-folie-passions-litterature\/","url_meta":{"origin":27985,"position":0},"title":"L&rsquo;Art d&rsquo;aimer \u00e0 la folie : passions d\u00e9vorantes et litt\u00e9rature","author":"Rebecca","date":"26 mars 2016","format":false,"excerpt":"L'Art d'aimer \u00e0 la folie de Joseph Vebret vient de para\u00eetre aux \u00e9ditions du Moment. Le livre est consacr\u00e9 \u00e0 la vie sentimentale des \u00e9crivains du 19\u00e8me si\u00e8cle et ces passions y sont relat\u00e9es avec un soin du d\u00e9tail tout \u00e0 fait remarquable. De Stendhal \u00e0 Rimbaud, de Victor Hugo\u2026","rel":"","context":"Dans &quot;Essai&quot;","block_context":{"text":"Essai","link":"https:\/\/smallthings.fr\/lespetitslivres\/category\/non-fiction\/essai\/"},"img":{"alt_text":"","src":"https:\/\/i0.wp.com\/smallthings.fr\/lespetitslivres\/wp-content\/uploads\/2016\/03\/art-folie-rimbaud-verlaine.jpg?resize=350%2C200&ssl=1","width":350,"height":200,"srcset":"https:\/\/i0.wp.com\/smallthings.fr\/lespetitslivres\/wp-content\/uploads\/2016\/03\/art-folie-rimbaud-verlaine.jpg?resize=350%2C200&ssl=1 1x, https:\/\/i0.wp.com\/smallthings.fr\/lespetitslivres\/wp-content\/uploads\/2016\/03\/art-folie-rimbaud-verlaine.jpg?resize=525%2C300&ssl=1 1.5x"},"classes":[]},{"id":29254,"url":"https:\/\/smallthings.fr\/lespetitslivres\/2015\/12\/03\/morlino-parce-que-c-etait-lui\/","url_meta":{"origin":27985,"position":1},"title":"Bernard Morlino et les amiti\u00e9s litt\u00e9raires : la fin de la Tour d&rsquo;Ivoire","author":"Rebecca","date":"3 d\u00e9cembre 2015","format":false,"excerpt":"Parce que c'\u00e9tait lui - les amiti\u00e9s litt\u00e9raires de Bernard Morlino, est paru aux \u00e9ditions \u00c9criture. Cet ouvrage c\u00e9l\u00e8bre l'amiti\u00e9 litt\u00e9raire des grands \u00e9crivains que nous connaissons, que ce soit Montaigne, Balzac, Hugo, Proust, Flaubert ou C\u00e9line. En effet, il est souvent question d'histoire d'amour dans la litt\u00e9rature, et presque\u2026","rel":"","context":"Dans &quot;Actu&quot;","block_context":{"text":"Actu","link":"https:\/\/smallthings.fr\/lespetitslivres\/category\/actu\/"},"img":{"alt_text":"","src":"https:\/\/i0.wp.com\/smallthings.fr\/lespetitslivres\/wp-content\/uploads\/2015\/12\/morlino-montaigne-boetie.jpg?resize=350%2C200&ssl=1","width":350,"height":200},"classes":[]},{"id":30163,"url":"https:\/\/smallthings.fr\/lespetitslivres\/2016\/08\/28\/10-04-ben-lerner-roman-critique\/","url_meta":{"origin":27985,"position":2},"title":"10:04 de Ben Lerner : le roman du romancier","author":"Diane Norric","date":"28 ao\u00fbt 2016","format":false,"excerpt":"10:04 est le second roman de l'Am\u00e9ricain Ben Lerner, que publient les \u00e9ditions de l\u2019Olivier en cette rentr\u00e9e litt\u00e9raire. Le premier roman de l'auteur, Au d\u00e9part d\u2019Atocha, encens\u00e9 par la critique anglo-saxonne \u00e9tait paru en fran\u00e7ais chez le m\u00eame \u00e9diteur. 10:04 est lui aussi pr\u00e9c\u00e9d\u00e9 d\u2019une flatteuse r\u00e9putation. Dans ce\u2026","rel":"","context":"Dans &quot;Rentr\u00e9e litt\u00e9raire&quot;","block_context":{"text":"Rentr\u00e9e litt\u00e9raire","link":"https:\/\/smallthings.fr\/lespetitslivres\/category\/rentree-litteraire\/"},"img":{"alt_text":"","src":"https:\/\/i0.wp.com\/smallthings.fr\/lespetitslivres\/wp-content\/uploads\/2016\/07\/10-04-lerner-couv.jpg?resize=350%2C200&ssl=1","width":350,"height":200,"srcset":"https:\/\/i0.wp.com\/smallthings.fr\/lespetitslivres\/wp-content\/uploads\/2016\/07\/10-04-lerner-couv.jpg?resize=350%2C200&ssl=1 1x, https:\/\/i0.wp.com\/smallthings.fr\/lespetitslivres\/wp-content\/uploads\/2016\/07\/10-04-lerner-couv.jpg?resize=525%2C300&ssl=1 1.5x, https:\/\/i0.wp.com\/smallthings.fr\/lespetitslivres\/wp-content\/uploads\/2016\/07\/10-04-lerner-couv.jpg?resize=700%2C400&ssl=1 2x, https:\/\/i0.wp.com\/smallthings.fr\/lespetitslivres\/wp-content\/uploads\/2016\/07\/10-04-lerner-couv.jpg?resize=1050%2C600&ssl=1 3x"},"classes":[]},{"id":25743,"url":"https:\/\/smallthings.fr\/lespetitslivres\/2015\/07\/25\/les-quatre-filles-du-reverend-latimer-livre-critique\/","url_meta":{"origin":27985,"position":3},"title":"Les Quatre Filles du r\u00e9v\u00e9rend Latimer : \u00e9mancipation et d\u00e9pression","author":"Rebecca","date":"25 juillet 2015","format":false,"excerpt":"Les Quatre Filles du R\u00e9v\u00e9rend Latimer,\u00a0paru aux \u00e9ditions de l\u2019Archipel au mois de juin, est l\u2019\u0153uvre de Colleen McCullough, auteure des\u00a0Oiseaux se cachent pour mourir, saga dramatique adapt\u00e9e de multiples fois, notamment en s\u00e9rie t\u00e9l\u00e9. Or, le grand public conna\u00eet moins ses autres \u0153uvres, \u00e0 l\u2019instar de celle-ci, qui est\u2026","rel":"","context":"Dans &quot;Roman \u00e9tranger&quot;","block_context":{"text":"Roman \u00e9tranger","link":"https:\/\/smallthings.fr\/lespetitslivres\/category\/roman\/roman-etranger\/"},"img":{"alt_text":"","src":"https:\/\/i0.wp.com\/smallthings.fr\/wp-content\/uploads\/2015\/07\/les-quatre-filles-du-reverend-latimer.jpg?resize=350%2C200","width":350,"height":200},"classes":[]},{"id":6060,"url":"https:\/\/smallthings.fr\/lespetitslivres\/2013\/06\/27\/frederic-lenoir-et-simonetta-greggio-nina\/","url_meta":{"origin":27985,"position":4},"title":"Fr\u00e9d\u00e9ric Lenoir et Simonetta Greggio &#8211; \u00ab\u00a0Nina\u00a0\u00bb","author":"Claire","date":"27 juin 2013","format":false,"excerpt":"Sorti fin mai et \u00e9crit \u00e0 4 mains, \"Nina\" tr\u00f4ne depuis plusieurs semaines dans la liste des meilleures ventes. Un autre livre que la r\u00e9daction de Small Things vous conseille pour cet \u00e9t\u00e9, si vous aimez les romans d'amour \u00e0 l'eau de rose (y a pas de honte \u00e0 \u00e7a\u2026","rel":"","context":"Dans &quot;Roman fran\u00e7ais&quot;","block_context":{"text":"Roman fran\u00e7ais","link":"https:\/\/smallthings.fr\/lespetitslivres\/category\/roman\/roman-francais\/"},"img":{"alt_text":"","src":"https:\/\/i0.wp.com\/uploads.smallthings.fr\/2013\/06\/24403101-300x202.jpg?resize=350%2C200","width":350,"height":200},"classes":[]},{"id":29453,"url":"https:\/\/smallthings.fr\/lespetitslivres\/2016\/02\/05\/messieurs-les-enfants-sur-les-bancs-de-lecole-avec-daniel-pennac\/","url_meta":{"origin":27985,"position":5},"title":"[Nostalgie] Messieurs les Enfants : sur les bancs de l&rsquo;\u00e9cole avec Daniel Pennac","author":"June","date":"5 f\u00e9vrier 2016","format":false,"excerpt":"Messieurs les Enfants est un magnifique roman de Daniel Pennac paru le 27 ao\u00fbt 1997 aux \u00e9ditions Gallimard. Un coup de c\u0153ur intemporel pour June, qui nous en parle dans le cadre de notre rubrique \"Nostalgie\". De son exp\u00e9rience de professeur et d\u2019un pari pris avec son ami le cin\u00e9aste\u2026","rel":"","context":"Dans &quot;Nos classiques&quot;","block_context":{"text":"Nos classiques","link":"https:\/\/smallthings.fr\/lespetitslivres\/category\/nos-classiques\/"},"img":{"alt_text":"","src":"https:\/\/i0.wp.com\/smallthings.fr\/lespetitslivres\/wp-content\/uploads\/2016\/01\/messieurs-les-enfants-pennac.jpg?resize=350%2C200&ssl=1","width":350,"height":200},"classes":[]}],"_links":{"self":[{"href":"https:\/\/smallthings.fr\/lespetitslivres\/wp-json\/wp\/v2\/posts\/27985"}],"collection":[{"href":"https:\/\/smallthings.fr\/lespetitslivres\/wp-json\/wp\/v2\/posts"}],"about":[{"href":"https:\/\/smallthings.fr\/lespetitslivres\/wp-json\/wp\/v2\/types\/post"}],"author":[{"embeddable":true,"href":"https:\/\/smallthings.fr\/lespetitslivres\/wp-json\/wp\/v2\/users\/13"}],"replies":[{"embeddable":true,"href":"https:\/\/smallthings.fr\/lespetitslivres\/wp-json\/wp\/v2\/comments?post=27985"}],"version-history":[{"count":1,"href":"https:\/\/smallthings.fr\/lespetitslivres\/wp-json\/wp\/v2\/posts\/27985\/revisions"}],"predecessor-version":[{"id":28801,"href":"https:\/\/smallthings.fr\/lespetitslivres\/wp-json\/wp\/v2\/posts\/27985\/revisions\/28801"}],"wp:featuredmedia":[{"embeddable":true,"href":"https:\/\/smallthings.fr\/lespetitslivres\/wp-json\/wp\/v2\/media\/29053"}],"wp:attachment":[{"href":"https:\/\/smallthings.fr\/lespetitslivres\/wp-json\/wp\/v2\/media?parent=27985"}],"wp:term":[{"taxonomy":"category","embeddable":true,"href":"https:\/\/smallthings.fr\/lespetitslivres\/wp-json\/wp\/v2\/categories?post=27985"},{"taxonomy":"post_tag","embeddable":true,"href":"https:\/\/smallthings.fr\/lespetitslivres\/wp-json\/wp\/v2\/tags?post=27985"}],"curies":[{"name":"wp","href":"https:\/\/api.w.org\/{rel}","templated":true}]}}