{"id":27605,"date":"2015-10-01T14:21:40","date_gmt":"2015-10-01T13:21:40","guid":{"rendered":"http:\/\/smallthings.fr\/?p=27605"},"modified":"2015-11-27T13:31:05","modified_gmt":"2015-11-27T12:31:05","slug":"la-couronne-de-l-elue-mead-critique","status":"publish","type":"post","link":"https:\/\/smallthings.fr\/lespetitslivres\/2015\/10\/01\/la-couronne-de-l-elue-mead-critique\/","title":{"rendered":"La Couronne de l\u2019\u00c9lue, Richelle Mead : quand la science rencontre la religion"},"content":{"rendered":"<h2><em>La Couronne de l\u2019\u00c9lue, <\/em>second tome de la saga <em>L\u2019\u00e8re des miracles<\/em> de Richelle Mead, est enfin sorti en poche chez <a href=\"http:\/\/www.milady.fr\/livres\/view\/la-couronne-de-l-elue-1\" target=\"_blank\">Milady<\/a> (collection \u00ab\u00a0Bit-lit\u00a0\u00bb). En librairie depuis le 19 septembre, ce tome raconte la suite des aventures de Justin March, le sp\u00e9cialiste en religions de la S\u00e9curit\u00e9 Int\u00e9rieure, et de Mae Koshinen, la pr\u00e9torienne. Nos deux \u00e9lus des Dieux d\u00e9couvriront de terribles v\u00e9rit\u00e9s, affronteront d\u2019autres \u00e9lus, et tenteront de mettre \u00e0 jour un complot visant \u00e0 vendre des jeunes filles G\u00e9mm\u00e9ennes.<\/h2>\n<p>Richelle Mead est une auteure de best-seller qui a r\u00e9ussi \u00e0 gagner le c\u0153ur des lecteurs gr\u00e2ce \u00e0 des s\u00e9ries telles que Vampire Academy, Succubus, ou encore Cygne Noire. Grande fan de cette auteure, je me suis lanc\u00e9e avec plaisir dans sa nouvelle saga <strong><em>L\u2019\u00e8re des miracles<\/em><\/strong>. Si le premier tome \u00e9tait totalement surprenant avec cet univers o\u00f9 se m\u00e9lange science et mythologie, il \u00e9tait pourtant un peu long et complexe. <strong><em>La Couronne de l\u2019\u00c9lue <\/em><\/strong>reste un tome surprenant et addictif, sans les points n\u00e9gatifs du premier !<\/p>\n<p><strong><a href=\"http:\/\/smallthings.fr\/?attachment_id=27607\" rel=\"attachment wp-att-27607\"><img loading=\"lazy\" decoding=\"async\" class=\"alignright size-medium wp-image-27607\" src=\"http:\/\/smallthings.fr\/wp-content\/uploads\/2015\/09\/couronne-de-l-elue-185x300.jpg\" alt=\"couronne-de-l-elue\" width=\"185\" height=\"300\" \/><\/a>Richelle Mead arrive a invent\u00e9 un univers particulier et assez complexe mais une fois dedans, le lecteur ne peut plus en sortir<\/strong>. <em>L\u2019\u00e8re des miracles<\/em> est une saga originale et franchement g\u00e9niale qu\u2019il ne faut pas manquer. Les d\u00e9tails nous aident \u00e0 rentrer dans l\u2019univers que l\u2019auteure a cr\u00e9\u00e9 et on se surprend \u00e0 adorer toutes les explications sur les diff\u00e9rentes religions qui existent en RUNA.<\/p>\n<p>Dans <strong><em>La Couronne de l\u2019\u00c9lue<\/em><\/strong>, Justin et Mae vont devoir aller dans un territoire inconnu o\u00f9 une seule religion pr\u00e9domine. Dans ce pays, les femmes sont trait\u00e9es comme des moins que rien, elles doivent se couvrir enti\u00e8rement pour ne pas \u00ab\u00a0tenter\u00a0\u00bb les hommes. Car oui, si une femme est belle, c\u2019est un p\u00e9ch\u00e9\u00a0! Bien s\u00fbr les hommes ne veulent que des femmes superbes donc ils finissent par les enfermer chez eux et les faire travailler dur. Autre probl\u00e8me\u00a0? Certains vont jusqu\u2019\u00e0 kidnapper des femmes en RUNA, connues pour \u00eatre les plus belles de la plan\u00e8te. Mae va devoir se retenir de frapper tous ces pr\u00e9tentieux arrogants et se couvrir de la t\u00eate aux pieds si elle ne veut pas cr\u00e9er un scandale diplomatique.<\/p>\n<p>Justin, quant \u00e0 lui, tente tant bien que mal d\u2019\u00e9chapper \u00e0 Odin, le Dieu qui veut faire de lui son pr\u00eatre. Il aura pourtant besoin de lui si, avec Mae, ils veulent pouvoir rentrer chez eux sain et sauf. Mae elle aussi aura quelques probl\u00e8mes avec les divinit\u00e9s et cela lui fera comprendre \u00e0 quel point ces derniers sont d\u00e9termin\u00e9s.<\/p>\n<div id=\"attachment_27608\" style=\"width: 218px\" class=\"wp-caption alignleft\"><a href=\"http:\/\/smallthings.fr\/?attachment_id=27608\" rel=\"attachment wp-att-27608\"><img loading=\"lazy\" decoding=\"async\" aria-describedby=\"caption-attachment-27608\" class=\" wp-image-27608\" src=\"http:\/\/smallthings.fr\/wp-content\/uploads\/2015\/09\/couronne-de-l-elue-mead-288x300.jpeg\" alt=\"Richelle Mead\" width=\"208\" height=\"217\" \/><\/a><p id=\"caption-attachment-27608\" class=\"wp-caption-text\">Richelle Mead<\/p><\/div>\n<p><strong><em>La Couronne de l\u2019\u00c9lue<\/em><\/strong> est un tome complexe avec une histoire parfaitement bien cr\u00e9\u00e9e. Le style d\u2019\u00e9criture de Richelle Mead est toujours aussi sublime et convainquant. <strong><em>L\u2019\u00e8re des miracles<\/em> est une saga addictive qui m\u00e9lange science, religion, enqu\u00eates et meurtres.<\/strong> Une s\u00e9rie qui plaira aux fans de fantastique, fantasy et science-fiction de par son originalit\u00e9.<\/p>\n<blockquote><p>\u00ab\u00a0[\u2026] Je les garderais toutes confin\u00e9es en permanence, si elles \u00e9taient miennes.<\/p>\n<p>Le choc et l\u2019inconfort que provoqua cette confession chez ses a\u00een\u00e9s prouv\u00e8rent \u00e0 Justin que la conversation s\u2019aventurait en terrain min\u00e9. Pourtant, il lui fallut poser la question qui lui br\u00fblait les l\u00e8vres.<\/p>\n<p>&#8211; Qu\u2019entendez-vous par\u2026 \u00ab\u00a0confin\u00e9e\u00a0\u00bb\u00a0?<\/p>\n<p>Ce fut Matthias qui se chargea de lui r\u00e9pondre.<br \/>\n&#8211; Si une femme continue d\u2019\u00eatre une source de tentation et de dissensions entre les hommes, Nehitimar d\u00e9cr\u00e8te qu\u2019elle doit \u00eatre punie en restant confin\u00e9e en permanence, dans un v\u00eatement qui la couvre de la t\u00eate aux pieds, cachant ses formes et ses traits.\u00a0\u00bb<\/p><\/blockquote>\n","protected":false},"excerpt":{"rendered":"<p>La Couronne de l\u2019\u00c9lue, second tome de la saga L\u2019\u00e8re des miracles de Richelle Mead, est enfin sorti en poche chez Milady (collection \u00ab\u00a0Bit-lit\u00a0\u00bb). En librairie depuis le 19 septembre, ce tome raconte la suite des aventures de Justin March, le sp\u00e9cialiste en religions de la S\u00e9curit\u00e9 Int\u00e9rieure, et de Mae Koshinen, la pr\u00e9torienne. Nos<\/p>\n","protected":false},"author":14,"featured_media":29075,"comment_status":"open","ping_status":"open","sticky":false,"template":"","format":"standard","meta":{"jetpack_post_was_ever_published":false,"_jetpack_newsletter_access":"","_jetpack_newsletter_tier_id":0,"footnotes":"","jetpack_publicize_message":"","jetpack_is_tweetstorm":false,"jetpack_publicize_feature_enabled":true,"jetpack_social_post_already_shared":false,"jetpack_social_options":{"image_generator_settings":{"template":"highway","enabled":false}}},"categories":[1107],"tags":[831,994,995,996],"jetpack_publicize_connections":[],"yoast_head":"<!-- This site is optimized with the Yoast SEO plugin v21.5 - https:\/\/yoast.com\/wordpress\/plugins\/seo\/ -->\n<title>La Couronne de l\u2019\u00c9lue, Richelle Mead : quand la science rencontre la religion<\/title>\n<meta name=\"description\" content=\"La Couronne de l\u2019\u00c9lue, second tome de la saga L\u2019\u00e8re des miracles de Richelle Mead, est enfin sorti en poche chez Milady (collection &quot;Bit-lit&quot;). En\" \/>\n<meta name=\"robots\" content=\"index, follow, max-snippet:-1, max-image-preview:large, max-video-preview:-1\" \/>\n<link rel=\"canonical\" href=\"https:\/\/smallthings.fr\/lespetitslivres\/2015\/10\/01\/la-couronne-de-l-elue-mead-critique\/\" \/>\n<meta property=\"og:locale\" content=\"fr_FR\" \/>\n<meta property=\"og:type\" content=\"article\" \/>\n<meta property=\"og:title\" content=\"La Couronne de l\u2019\u00c9lue, Richelle Mead : quand la science rencontre la religion\" \/>\n<meta property=\"og:description\" content=\"La Couronne de l\u2019\u00c9lue, second tome de la saga L\u2019\u00e8re des miracles de Richelle Mead, est enfin sorti en poche chez Milady (collection &quot;Bit-lit&quot;). En\" \/>\n<meta property=\"og:url\" content=\"https:\/\/smallthings.fr\/lespetitslivres\/2015\/10\/01\/la-couronne-de-l-elue-mead-critique\/\" \/>\n<meta property=\"og:site_name\" content=\"Les Petits Livres\" \/>\n<meta property=\"article:published_time\" content=\"2015-10-01T13:21:40+00:00\" \/>\n<meta property=\"article:modified_time\" content=\"2015-11-27T12:31:05+00:00\" \/>\n<meta property=\"og:image\" content=\"https:\/\/i0.wp.com\/smallthings.fr\/lespetitslivres\/wp-content\/uploads\/2015\/10\/couronne-de-l-elue-couv.jpg?fit=482%2C360&ssl=1\" \/>\n\t<meta property=\"og:image:width\" content=\"482\" \/>\n\t<meta property=\"og:image:height\" content=\"360\" \/>\n\t<meta property=\"og:image:type\" content=\"image\/jpeg\" \/>\n<meta name=\"author\" content=\"Jennifer\" \/>\n<meta name=\"twitter:card\" content=\"summary_large_image\" \/>\n<meta name=\"twitter:label1\" content=\"\u00c9crit par\" \/>\n\t<meta name=\"twitter:data1\" content=\"Jennifer\" \/>\n\t<meta name=\"twitter:label2\" content=\"Dur\u00e9e de lecture estim\u00e9e\" \/>\n\t<meta name=\"twitter:data2\" content=\"3 minutes\" \/>\n<script type=\"application\/ld+json\" class=\"yoast-schema-graph\">{\"@context\":\"https:\/\/schema.org\",\"@graph\":[{\"@type\":\"WebPage\",\"@id\":\"https:\/\/smallthings.fr\/lespetitslivres\/2015\/10\/01\/la-couronne-de-l-elue-mead-critique\/\",\"url\":\"https:\/\/smallthings.fr\/lespetitslivres\/2015\/10\/01\/la-couronne-de-l-elue-mead-critique\/\",\"name\":\"La Couronne de l\u2019\u00c9lue, Richelle Mead : quand la science rencontre la religion\",\"isPartOf\":{\"@id\":\"https:\/\/smallthings.fr\/lespetitslivres\/#website\"},\"datePublished\":\"2015-10-01T13:21:40+00:00\",\"dateModified\":\"2015-11-27T12:31:05+00:00\",\"author\":{\"@id\":\"https:\/\/smallthings.fr\/lespetitslivres\/#\/schema\/person\/bb8808220f912e72f01f7a55924d9ad1\"},\"description\":\"La Couronne de l\u2019\u00c9lue, second tome de la saga L\u2019\u00e8re des miracles de Richelle Mead, est enfin sorti en poche chez Milady (collection \\\"Bit-lit\\\"). En\",\"breadcrumb\":{\"@id\":\"https:\/\/smallthings.fr\/lespetitslivres\/2015\/10\/01\/la-couronne-de-l-elue-mead-critique\/#breadcrumb\"},\"inLanguage\":\"fr-FR\",\"potentialAction\":[{\"@type\":\"ReadAction\",\"target\":[\"https:\/\/smallthings.fr\/lespetitslivres\/2015\/10\/01\/la-couronne-de-l-elue-mead-critique\/\"]}]},{\"@type\":\"BreadcrumbList\",\"@id\":\"https:\/\/smallthings.fr\/lespetitslivres\/2015\/10\/01\/la-couronne-de-l-elue-mead-critique\/#breadcrumb\",\"itemListElement\":[{\"@type\":\"ListItem\",\"position\":1,\"name\":\"Accueil\",\"item\":\"https:\/\/smallthings.fr\/lespetitslivres\/\"},{\"@type\":\"ListItem\",\"position\":2,\"name\":\"La Couronne de l\u2019\u00c9lue, Richelle Mead : quand la science rencontre la religion\"}]},{\"@type\":\"WebSite\",\"@id\":\"https:\/\/smallthings.fr\/lespetitslivres\/#website\",\"url\":\"https:\/\/smallthings.fr\/lespetitslivres\/\",\"name\":\"Les Petits Livres\",\"description\":\"by Small Things\",\"potentialAction\":[{\"@type\":\"SearchAction\",\"target\":{\"@type\":\"EntryPoint\",\"urlTemplate\":\"https:\/\/smallthings.fr\/lespetitslivres\/?s={search_term_string}\"},\"query-input\":\"required name=search_term_string\"}],\"inLanguage\":\"fr-FR\"},{\"@type\":\"Person\",\"@id\":\"https:\/\/smallthings.fr\/lespetitslivres\/#\/schema\/person\/bb8808220f912e72f01f7a55924d9ad1\",\"name\":\"Jennifer\",\"image\":{\"@type\":\"ImageObject\",\"inLanguage\":\"fr-FR\",\"@id\":\"https:\/\/smallthings.fr\/lespetitslivres\/#\/schema\/person\/image\/\",\"url\":\"https:\/\/secure.gravatar.com\/avatar\/ffcd6b107b6b18c3d5201f1bcc631683?s=96&d=retro&r=g\",\"contentUrl\":\"https:\/\/secure.gravatar.com\/avatar\/ffcd6b107b6b18c3d5201f1bcc631683?s=96&d=retro&r=g\",\"caption\":\"Jennifer\"},\"url\":\"https:\/\/smallthings.fr\/lespetitslivres\/author\/jennifer\/\"}]}<\/script>\n<!-- \/ Yoast SEO plugin. -->","yoast_head_json":{"title":"La Couronne de l\u2019\u00c9lue, Richelle Mead : quand la science rencontre la religion","description":"La Couronne de l\u2019\u00c9lue, second tome de la saga L\u2019\u00e8re des miracles de Richelle Mead, est enfin sorti en poche chez Milady (collection \"Bit-lit\"). En","robots":{"index":"index","follow":"follow","max-snippet":"max-snippet:-1","max-image-preview":"max-image-preview:large","max-video-preview":"max-video-preview:-1"},"canonical":"https:\/\/smallthings.fr\/lespetitslivres\/2015\/10\/01\/la-couronne-de-l-elue-mead-critique\/","og_locale":"fr_FR","og_type":"article","og_title":"La Couronne de l\u2019\u00c9lue, Richelle Mead : quand la science rencontre la religion","og_description":"La Couronne de l\u2019\u00c9lue, second tome de la saga L\u2019\u00e8re des miracles de Richelle Mead, est enfin sorti en poche chez Milady (collection \"Bit-lit\"). En","og_url":"https:\/\/smallthings.fr\/lespetitslivres\/2015\/10\/01\/la-couronne-de-l-elue-mead-critique\/","og_site_name":"Les Petits Livres","article_published_time":"2015-10-01T13:21:40+00:00","article_modified_time":"2015-11-27T12:31:05+00:00","og_image":[{"width":482,"height":360,"url":"https:\/\/i0.wp.com\/smallthings.fr\/lespetitslivres\/wp-content\/uploads\/2015\/10\/couronne-de-l-elue-couv.jpg?fit=482%2C360&ssl=1","type":"image\/jpeg"}],"author":"Jennifer","twitter_card":"summary_large_image","twitter_misc":{"\u00c9crit par":"Jennifer","Dur\u00e9e de lecture estim\u00e9e":"3 minutes"},"schema":{"@context":"https:\/\/schema.org","@graph":[{"@type":"WebPage","@id":"https:\/\/smallthings.fr\/lespetitslivres\/2015\/10\/01\/la-couronne-de-l-elue-mead-critique\/","url":"https:\/\/smallthings.fr\/lespetitslivres\/2015\/10\/01\/la-couronne-de-l-elue-mead-critique\/","name":"La Couronne de l\u2019\u00c9lue, Richelle Mead : quand la science rencontre la religion","isPartOf":{"@id":"https:\/\/smallthings.fr\/lespetitslivres\/#website"},"datePublished":"2015-10-01T13:21:40+00:00","dateModified":"2015-11-27T12:31:05+00:00","author":{"@id":"https:\/\/smallthings.fr\/lespetitslivres\/#\/schema\/person\/bb8808220f912e72f01f7a55924d9ad1"},"description":"La Couronne de l\u2019\u00c9lue, second tome de la saga L\u2019\u00e8re des miracles de Richelle Mead, est enfin sorti en poche chez Milady (collection \"Bit-lit\"). En","breadcrumb":{"@id":"https:\/\/smallthings.fr\/lespetitslivres\/2015\/10\/01\/la-couronne-de-l-elue-mead-critique\/#breadcrumb"},"inLanguage":"fr-FR","potentialAction":[{"@type":"ReadAction","target":["https:\/\/smallthings.fr\/lespetitslivres\/2015\/10\/01\/la-couronne-de-l-elue-mead-critique\/"]}]},{"@type":"BreadcrumbList","@id":"https:\/\/smallthings.fr\/lespetitslivres\/2015\/10\/01\/la-couronne-de-l-elue-mead-critique\/#breadcrumb","itemListElement":[{"@type":"ListItem","position":1,"name":"Accueil","item":"https:\/\/smallthings.fr\/lespetitslivres\/"},{"@type":"ListItem","position":2,"name":"La Couronne de l\u2019\u00c9lue, Richelle Mead : quand la science rencontre la religion"}]},{"@type":"WebSite","@id":"https:\/\/smallthings.fr\/lespetitslivres\/#website","url":"https:\/\/smallthings.fr\/lespetitslivres\/","name":"Les Petits Livres","description":"by Small Things","potentialAction":[{"@type":"SearchAction","target":{"@type":"EntryPoint","urlTemplate":"https:\/\/smallthings.fr\/lespetitslivres\/?s={search_term_string}"},"query-input":"required name=search_term_string"}],"inLanguage":"fr-FR"},{"@type":"Person","@id":"https:\/\/smallthings.fr\/lespetitslivres\/#\/schema\/person\/bb8808220f912e72f01f7a55924d9ad1","name":"Jennifer","image":{"@type":"ImageObject","inLanguage":"fr-FR","@id":"https:\/\/smallthings.fr\/lespetitslivres\/#\/schema\/person\/image\/","url":"https:\/\/secure.gravatar.com\/avatar\/ffcd6b107b6b18c3d5201f1bcc631683?s=96&d=retro&r=g","contentUrl":"https:\/\/secure.gravatar.com\/avatar\/ffcd6b107b6b18c3d5201f1bcc631683?s=96&d=retro&r=g","caption":"Jennifer"},"url":"https:\/\/smallthings.fr\/lespetitslivres\/author\/jennifer\/"}]}},"jetpack_featured_media_url":"https:\/\/smallthings.fr\/lespetitslivres\/wp-content\/uploads\/2015\/10\/couronne-de-l-elue-couv.jpg","jetpack_sharing_enabled":true,"jetpack_shortlink":"https:\/\/wp.me\/p6Un21-7bf","jetpack-related-posts":[{"id":16921,"url":"https:\/\/smallthings.fr\/lespetitslivres\/2014\/09\/30\/dragonfury-saga-bit-lit-milady-callahan\/","url_meta":{"origin":27605,"position":0},"title":"Dragonfury, une nouvelle saga bit-lit aux \u00e9ditions Milady","author":"Jennifer","date":"30 septembre 2014","format":false,"excerpt":"Une nouvelle saga bit-lit a fait son apparition aux \u00e9ditions Milady le 19 septembre dernier. Il s\u2019agit de Dragonfury de Coreene Callahan, une auteure encore inconnue en France. Dans le tome 1, Furie de Flamme, on d\u00e9couvre le ton de la s\u00e9rie\u00a0: les Nightfury, des hommes se transformant en dragons,\u2026","rel":"","context":"Dans &quot;Fantastique&quot;","block_context":{"text":"Fantastique","link":"https:\/\/smallthings.fr\/lespetitslivres\/category\/imaginaire\/fantastique\/"},"img":{"alt_text":"","src":"https:\/\/i0.wp.com\/smallthings.fr\/wp-content\/uploads\/2014\/09\/Dragonfury-Furie-de-Flamme.jpg?resize=350%2C200","width":350,"height":200},"classes":[]},{"id":25461,"url":"https:\/\/smallthings.fr\/lespetitslivres\/2015\/07\/15\/leo-loups-riverdance-bit-lit-critique\/","url_meta":{"origin":27605,"position":1},"title":"L\u00e9o : T2 des Loups de Riverdance &#8211; la suite de la saga bit-lit","author":"Jennifer","date":"15 juillet 2015","format":false,"excerpt":"L\u00e9o, le tome 2 des Loups de Riverdance, saga de H.V. Gavriel, est sorti vendredi dernier aux \u00e9ditions Milady. Dans ce roman, nous allons retrouver le fils de Marcus, L\u00e9o, qui a presque atteint la trentaine. Devenu un brillant avocat, le jeune homme est \u00e9cartel\u00e9 entre ses devoirs envers la\u2026","rel":"","context":"Dans &quot;Fantastique&quot;","block_context":{"text":"Fantastique","link":"https:\/\/smallthings.fr\/lespetitslivres\/category\/imaginaire\/fantastique\/"},"img":{"alt_text":"","src":"","width":0,"height":0},"classes":[]},{"id":23131,"url":"https:\/\/smallthings.fr\/lespetitslivres\/2015\/05\/20\/cour-des-grandes-adele-breau-roman-critique\/","url_meta":{"origin":27605,"position":2},"title":"La cour des grandes &#8211; Ad\u00e8le Br\u00e9au : Desperate Housewives \u00e0 Paris","author":"Claire","date":"20 mai 2015","format":false,"excerpt":"La cour des grandes vient de sortir aux \u00e9ditions JC Latt\u00e8s. Ad\u00e8le Br\u00e9au, jeune auteure et journaliste, nous raconte avec humour ce que c'est d'\u00eatre une quarantenaire parisienne. Elle met en sc\u00e8ne quatre amies d'enfance et leurs gal\u00e8res : crise de couple, difficult\u00e9 \u00e0 avoir un enfant, jalousie, pression au\u2026","rel":"","context":"Dans &quot;Roman fran\u00e7ais&quot;","block_context":{"text":"Roman fran\u00e7ais","link":"https:\/\/smallthings.fr\/lespetitslivres\/category\/roman\/roman-francais\/"},"img":{"alt_text":"","src":"","width":0,"height":0},"classes":[]},{"id":32067,"url":"https:\/\/smallthings.fr\/lespetitslivres\/2020\/02\/25\/magik-le-nouveau-roman-de-h-v-gavriel\/","url_meta":{"origin":27605,"position":3},"title":"Magik : le nouveau roman de H.V Gavriel","author":"Jennifer","date":"25 f\u00e9vrier 2020","format":false,"excerpt":"Double jeu est le premier tome de la nouvelle saga de H.V Gavriel. Sorti le 20 novembre dernier chez Milady, Magik nous fait entrer dans un monde o\u00f9 humains et personnes dot\u00e9es de pouvoirs magiques tentent de cohabiter. J\u2019ai d\u00e9couvert cette auteure en 2014 avec sa saga M\/M Les loups\u2026","rel":"","context":"Dans &quot;Fantastique&quot;","block_context":{"text":"Fantastique","link":"https:\/\/smallthings.fr\/lespetitslivres\/category\/imaginaire\/fantastique\/"},"img":{"alt_text":"","src":"https:\/\/i0.wp.com\/smallthings.fr\/lespetitslivres\/wp-content\/uploads\/2020\/02\/Magic-Double-jeu-2.jpg?resize=350%2C200&ssl=1","width":350,"height":200,"srcset":"https:\/\/i0.wp.com\/smallthings.fr\/lespetitslivres\/wp-content\/uploads\/2020\/02\/Magic-Double-jeu-2.jpg?resize=350%2C200&ssl=1 1x, https:\/\/i0.wp.com\/smallthings.fr\/lespetitslivres\/wp-content\/uploads\/2020\/02\/Magic-Double-jeu-2.jpg?resize=525%2C300&ssl=1 1.5x, https:\/\/i0.wp.com\/smallthings.fr\/lespetitslivres\/wp-content\/uploads\/2020\/02\/Magic-Double-jeu-2.jpg?resize=700%2C400&ssl=1 2x, https:\/\/i0.wp.com\/smallthings.fr\/lespetitslivres\/wp-content\/uploads\/2020\/02\/Magic-Double-jeu-2.jpg?resize=1050%2C600&ssl=1 3x"},"classes":[]},{"id":31965,"url":"https:\/\/smallthings.fr\/lespetitslivres\/2019\/08\/12\/alfa-parish-milly-taiden\/","url_meta":{"origin":27605,"position":4},"title":"Alfa, la s\u00e9rie bit-lit de Milly Taiden d\u00e9barque chez Milady !","author":"Jennifer","date":"12 ao\u00fbt 2019","format":false,"excerpt":"Parish est le premier tome de la saga Alfa de Milly Taiden. Sorti le 19 juin chez Milady, ce roman bit-lit commence tr\u00e8s fort, mais les derniers chapitres nous d\u00e9\u00e7oivent totalement\u2026 Auteure de plusieurs sagas \u00e0 succ\u00e8s, Milly Taiden d\u00e9barque chez les \u00e9ditions Milady avec sa saga Alfa. Dans ce\u2026","rel":"","context":"Dans &quot;Fantastique&quot;","block_context":{"text":"Fantastique","link":"https:\/\/smallthings.fr\/lespetitslivres\/category\/imaginaire\/fantastique\/"},"img":{"alt_text":"","src":"https:\/\/i0.wp.com\/smallthings.fr\/lespetitslivres\/wp-content\/uploads\/2019\/08\/alfa-parish-milly-taiden-4.jpg?resize=350%2C200&ssl=1","width":350,"height":200,"srcset":"https:\/\/i0.wp.com\/smallthings.fr\/lespetitslivres\/wp-content\/uploads\/2019\/08\/alfa-parish-milly-taiden-4.jpg?resize=350%2C200&ssl=1 1x, https:\/\/i0.wp.com\/smallthings.fr\/lespetitslivres\/wp-content\/uploads\/2019\/08\/alfa-parish-milly-taiden-4.jpg?resize=525%2C300&ssl=1 1.5x, https:\/\/i0.wp.com\/smallthings.fr\/lespetitslivres\/wp-content\/uploads\/2019\/08\/alfa-parish-milly-taiden-4.jpg?resize=700%2C400&ssl=1 2x, https:\/\/i0.wp.com\/smallthings.fr\/lespetitslivres\/wp-content\/uploads\/2019\/08\/alfa-parish-milly-taiden-4.jpg?resize=1050%2C600&ssl=1 3x, https:\/\/i0.wp.com\/smallthings.fr\/lespetitslivres\/wp-content\/uploads\/2019\/08\/alfa-parish-milly-taiden-4.jpg?resize=1400%2C800&ssl=1 4x"},"classes":[]},{"id":24340,"url":"https:\/\/smallthings.fr\/lespetitslivres\/2015\/06\/09\/insatiable-tome-2-meg-cabot-critique\/","url_meta":{"origin":27605,"position":5},"title":"Insatiable &#8211; tome 2 d&rsquo;une saga vampirisante","author":"Jennifer","date":"9 juin 2015","format":false,"excerpt":"Il n\u2019aura pas fallu attendre longtemps pour avoir la suite de la saga Insatiable de Meg Cabot\u00a0! Sorti le 13 mai dernier au Livre de Poche, ce livre est un v\u00e9ritable page-turner. Dans le tome 2, Incisif, Meena Harper, qui a rejoint l\u2019unit\u00e9 secr\u00e8te du Vatican pour traquer les vampires,\u2026","rel":"","context":"Dans &quot;Fantastique&quot;","block_context":{"text":"Fantastique","link":"https:\/\/smallthings.fr\/lespetitslivres\/category\/imaginaire\/fantastique\/"},"img":{"alt_text":"","src":"https:\/\/i0.wp.com\/smallthings.fr\/wp-content\/uploads\/2015\/06\/insatiable-tome-2.jpg?resize=350%2C200","width":350,"height":200},"classes":[]}],"_links":{"self":[{"href":"https:\/\/smallthings.fr\/lespetitslivres\/wp-json\/wp\/v2\/posts\/27605"}],"collection":[{"href":"https:\/\/smallthings.fr\/lespetitslivres\/wp-json\/wp\/v2\/posts"}],"about":[{"href":"https:\/\/smallthings.fr\/lespetitslivres\/wp-json\/wp\/v2\/types\/post"}],"author":[{"embeddable":true,"href":"https:\/\/smallthings.fr\/lespetitslivres\/wp-json\/wp\/v2\/users\/14"}],"replies":[{"embeddable":true,"href":"https:\/\/smallthings.fr\/lespetitslivres\/wp-json\/wp\/v2\/comments?post=27605"}],"version-history":[{"count":1,"href":"https:\/\/smallthings.fr\/lespetitslivres\/wp-json\/wp\/v2\/posts\/27605\/revisions"}],"predecessor-version":[{"id":28802,"href":"https:\/\/smallthings.fr\/lespetitslivres\/wp-json\/wp\/v2\/posts\/27605\/revisions\/28802"}],"wp:featuredmedia":[{"embeddable":true,"href":"https:\/\/smallthings.fr\/lespetitslivres\/wp-json\/wp\/v2\/media\/29075"}],"wp:attachment":[{"href":"https:\/\/smallthings.fr\/lespetitslivres\/wp-json\/wp\/v2\/media?parent=27605"}],"wp:term":[{"taxonomy":"category","embeddable":true,"href":"https:\/\/smallthings.fr\/lespetitslivres\/wp-json\/wp\/v2\/categories?post=27605"},{"taxonomy":"post_tag","embeddable":true,"href":"https:\/\/smallthings.fr\/lespetitslivres\/wp-json\/wp\/v2\/tags?post=27605"}],"curies":[{"name":"wp","href":"https:\/\/api.w.org\/{rel}","templated":true}]}}