{"id":27238,"date":"2015-09-19T14:08:23","date_gmt":"2015-09-19T13:08:23","guid":{"rendered":"http:\/\/smallthings.fr\/?p=27238"},"modified":"2015-11-05T16:08:44","modified_gmt":"2015-11-05T15:08:44","slug":"48-heures-pour-mourir-thriller-critique","status":"publish","type":"post","link":"https:\/\/smallthings.fr\/lespetitslivres\/2015\/09\/19\/48-heures-pour-mourir-thriller-critique\/","title":{"rendered":"48 heures pour mourir : un thriller allemand terrifiant"},"content":{"rendered":"<h2><em>48 heures pour mourir<\/em> d&rsquo;Andreas Gruber sort en ce mois de septembre aux <a href=\"http:\/\/www.editionsarchipel.com\/livre\/48-heures-pour-mourir\/\" target=\"_blank\">\u00e9ditions de l\u2019Archipel<\/a>. Un thriller germanique qui a fait un tabac outre-Rhin\u00a0: et c\u2019est une belle surprise\u00a0! <em>48h pour mourir<\/em> vous prend et ne vous l\u00e2che plus, vous en r\u00eaverez la nuit, vous vous brosserez les dents le livre en \u00e9quilibre sur l\u2019\u00e9vier, bref\u00a0: lisez-le\u00a0!<\/h2>\n<p><strong><em>48 heures pour mourir<\/em><\/strong> d\u00e9bute avec le meurtre de la m\u00e8re de Sabine, jeune commissaire ind\u00e9pendante r\u00eavant d\u2019\u00eatre profileuse pour la c\u00e9l\u00e8bre BKA. Ce n\u2019est pas un simple assassinat\u00a0: la victime a \u00e9t\u00e9 noy\u00e9 en \u00e9tant forc\u00e9e d\u2019ingurgiter des litres d\u2019encre noir. 48h avant, son p\u00e8re dit avoir re\u00e7u une devinette \u00e0 r\u00e9soudre pour emp\u00eacher cette mort. Il est aussit\u00f4t consid\u00e9r\u00e9 comme suspect. Sabine d\u00e9cide bien s\u00fbr de mener l\u2019enqu\u00eate. Elle croise sur son chemin Sneijder, un expert du fameux BKA aux pratiques saugrenues dont elle saura percer le l\u00e9gendaire cynisme, allant jusqu\u2019\u00e0 devenir sa partenaire de travail. Bien vite, nos deux policiers d\u00e9couvrent que le meurtrier est en fait un tueur en s\u00e9rie qui s\u2019inspire d\u2019un livre allemand terrifiant \u00e9crit par un psychiatre et d\u00e9crivant les atroces souffrances promis aux vilains enfants. Vont-ils pouvoir arr\u00eater Pierre l\u2019\u00e9bouriff\u00e9\/le Struwwelpeter\u00a0\u00e0 temps ?<\/p>\n<p><a href=\"http:\/\/smallthings.fr\/lespetitslivres\/wp-content\/uploads\/2015\/09\/48-h-pour-mourir-couv.jpg\"><img loading=\"lazy\" decoding=\"async\" data-attachment-id=\"29058\" data-permalink=\"https:\/\/smallthings.fr\/lespetitslivres\/2015\/09\/19\/48-heures-pour-mourir-thriller-critique\/48-h-pour-mourir-couv\/\" data-orig-file=\"https:\/\/smallthings.fr\/lespetitslivres\/wp-content\/uploads\/2015\/09\/48-h-pour-mourir-couv.jpg\" data-orig-size=\"1400,2197\" data-comments-opened=\"1\" data-image-meta=\"{&quot;aperture&quot;:&quot;0&quot;,&quot;credit&quot;:&quot;&quot;,&quot;camera&quot;:&quot;&quot;,&quot;caption&quot;:&quot;&quot;,&quot;created_timestamp&quot;:&quot;0&quot;,&quot;copyright&quot;:&quot;&quot;,&quot;focal_length&quot;:&quot;0&quot;,&quot;iso&quot;:&quot;0&quot;,&quot;shutter_speed&quot;:&quot;0&quot;,&quot;title&quot;:&quot;&quot;,&quot;orientation&quot;:&quot;0&quot;}\" data-image-title=\"48-h-pour-mourir-couv\" data-image-description=\"\" data-image-caption=\"\" data-medium-file=\"https:\/\/smallthings.fr\/lespetitslivres\/wp-content\/uploads\/2015\/09\/48-h-pour-mourir-couv-191x300.jpg\" data-large-file=\"https:\/\/smallthings.fr\/lespetitslivres\/wp-content\/uploads\/2015\/09\/48-h-pour-mourir-couv-653x1024.jpg\" class=\"alignright  wp-image-29058\" src=\"http:\/\/smallthings.fr\/lespetitslivres\/wp-content\/uploads\/2015\/09\/48-h-pour-mourir-couv-653x1024.jpg\" alt=\"48-h-pour-mourir-couv\" width=\"277\" height=\"434\" srcset=\"https:\/\/smallthings.fr\/lespetitslivres\/wp-content\/uploads\/2015\/09\/48-h-pour-mourir-couv-653x1024.jpg 653w, https:\/\/smallthings.fr\/lespetitslivres\/wp-content\/uploads\/2015\/09\/48-h-pour-mourir-couv-191x300.jpg 191w, https:\/\/smallthings.fr\/lespetitslivres\/wp-content\/uploads\/2015\/09\/48-h-pour-mourir-couv-768x1205.jpg 768w, https:\/\/smallthings.fr\/lespetitslivres\/wp-content\/uploads\/2015\/09\/48-h-pour-mourir-couv-979x1536.jpg 979w, https:\/\/smallthings.fr\/lespetitslivres\/wp-content\/uploads\/2015\/09\/48-h-pour-mourir-couv-1305x2048.jpg 1305w, https:\/\/smallthings.fr\/lespetitslivres\/wp-content\/uploads\/2015\/09\/48-h-pour-mourir-couv.jpg 1400w\" sizes=\"(max-width: 277px) 100vw, 277px\" \/><\/a>En parall\u00e8le, nous suivons deux autres femmes\u00a0: la psychiatre d\u2019un certain Carl Boni \u00e0 l\u2019enfance malheureuse et une psychologue qui re\u00e7oit en pr\u00e9sage un doigt humain avec une devinette \u00e0 r\u00e9soudre si elle souhaite sauver la victime.<\/p>\n<p><strong><em>48 heures pour mourir<\/em><\/strong> est un vrai coup de c\u0153ur, un thriller sanglant rappelant du Jean-Christophe Grang\u00e9 et autre <em>Silence des agneaux<\/em>\u2026 On est happ\u00e9 tout de suite par l\u2019histoire mais aussi par des personnages originaux et m\u00e9morables, qu\u2019Andreas Gruber prend le temps de camper. On s\u2019attache aux trois figures f\u00e9minines, on s\u2019interroge sur la temporalit\u00e9 des trois fils narratifs, on cherche \u00e0 deviner la suite des \u00e9v\u00e9nements, sans jamais parvenir \u00e0 vraiment anticiper.<\/p>\n<p>Seul b\u00e9mol\u00a0: bien que l\u2019on suive ensuite la r\u00e9solution complexe de l\u2019enqu\u00eate, il est dommage que l\u2019identit\u00e9 du tueur soit d\u00e9couverte un peu t\u00f4t, on s\u2019attend b\u00eatement \u00e0 un retournement de situation plus grandiose, le lecteur n\u2019a malheureusement pas le loisir de deviner qui est le coupable. La lecture est cependant plaisante et entrainante. Pas \u00e9tonnant que <strong><em>48 heures pour mourir<\/em><\/strong> ait \u00e9t\u00e9 un succ\u00e8s en Allemagne et en Autriche, il m\u00e9rite de trouver son (grand) public.<\/p>\n<blockquote>\n<div id=\"attachment_27241\" style=\"width: 199px\" class=\"wp-caption alignleft\"><a href=\"http:\/\/smallthings.fr\/?attachment_id=27241\" rel=\"attachment wp-att-27241\"><img loading=\"lazy\" decoding=\"async\" aria-describedby=\"caption-attachment-27241\" class=\" wp-image-27241\" src=\"http:\/\/smallthings.fr\/wp-content\/uploads\/2015\/09\/48-heures-andreas-gruber.jpg\" alt=\"Andreas Gruber\" width=\"189\" height=\"145\" \/><\/a><p id=\"caption-attachment-27241\" class=\"wp-caption-text\">Andreas Gruber<\/p><\/div>\n<p>&#8211; Sabine, l\u2019interrompit-il, j\u2019ai entendu sa voix au t\u00e9l\u00e9phone. Elle suppliait qu\u2019on l\u2019aide. Puis il l\u2019a repouss\u00e9e.<\/p>\n<p>La gorge de Sabine se serra. \u00c7a prenait mauvaise tournure. Jamais sa m\u00e8re n\u2019aurait suppli\u00e9 son p\u00e8re de venir \u00e0 son secours.<\/p>\n<p>&#8211; Essaye de te souvenir. Quand exactement les quarante-huit heures seront-elles \u00e9coul\u00e9es\u00a0?<\/p>\n<p>&#8211; Elles le sont d\u00e9j\u00e0, r\u00e9pondit-il \u00e0 voix basse.<\/p><\/blockquote>\n","protected":false},"excerpt":{"rendered":"<p>48 heures pour mourir d&rsquo;Andreas Gruber sort en ce mois de septembre aux \u00e9ditions de l\u2019Archipel. Un thriller germanique qui a fait un tabac outre-Rhin\u00a0: et c\u2019est une belle surprise\u00a0! 48h pour mourir vous prend et ne vous l\u00e2che plus, vous en r\u00eaverez la nuit, vous vous brosserez les dents le livre en \u00e9quilibre sur<\/p>\n","protected":false},"author":8,"featured_media":29057,"comment_status":"open","ping_status":"open","sticky":false,"template":"","format":"standard","meta":{"jetpack_post_was_ever_published":false,"_jetpack_newsletter_access":"","_jetpack_newsletter_tier_id":0,"footnotes":"","jetpack_publicize_message":"","jetpack_is_tweetstorm":false,"jetpack_publicize_feature_enabled":true,"jetpack_social_post_already_shared":false,"jetpack_social_options":{"image_generator_settings":{"template":"highway","enabled":false}}},"categories":[1111],"tags":[1034,1035,7,18],"jetpack_publicize_connections":[],"yoast_head":"<!-- This site is optimized with the Yoast SEO plugin v21.5 - https:\/\/yoast.com\/wordpress\/plugins\/seo\/ -->\n<title>48 heures pour mourir : un thriller allemand terrifiant<\/title>\n<meta name=\"description\" content=\"48 heures pour mourir d&#039;Andreas Gruber sort en ce mois de septembre aux \u00e9ditions de l\u2019Archipel. Un thriller germanique qui a fait un tabac outre-Rhin : et\" \/>\n<meta name=\"robots\" content=\"index, follow, max-snippet:-1, max-image-preview:large, max-video-preview:-1\" \/>\n<link rel=\"canonical\" href=\"https:\/\/smallthings.fr\/lespetitslivres\/2015\/09\/19\/48-heures-pour-mourir-thriller-critique\/\" \/>\n<meta property=\"og:locale\" content=\"fr_FR\" \/>\n<meta property=\"og:type\" content=\"article\" \/>\n<meta property=\"og:title\" content=\"48 heures pour mourir : un thriller allemand terrifiant\" \/>\n<meta property=\"og:description\" content=\"48 heures pour mourir d&#039;Andreas Gruber sort en ce mois de septembre aux \u00e9ditions de l\u2019Archipel. Un thriller germanique qui a fait un tabac outre-Rhin : et\" \/>\n<meta property=\"og:url\" content=\"https:\/\/smallthings.fr\/lespetitslivres\/2015\/09\/19\/48-heures-pour-mourir-thriller-critique\/\" \/>\n<meta property=\"og:site_name\" content=\"Les Petits Livres\" \/>\n<meta property=\"article:published_time\" content=\"2015-09-19T13:08:23+00:00\" \/>\n<meta property=\"article:modified_time\" content=\"2015-11-05T15:08:44+00:00\" \/>\n<meta property=\"og:image\" content=\"https:\/\/smallthings.fr\/lespetitslivres\/wp-content\/uploads\/2015\/09\/48-h-pour-mourir.jpg\" \/>\n\t<meta property=\"og:image:width\" content=\"984\" \/>\n\t<meta property=\"og:image:height\" content=\"713\" \/>\n\t<meta property=\"og:image:type\" content=\"image\/jpeg\" \/>\n<meta name=\"author\" content=\"Lola\" \/>\n<meta name=\"twitter:card\" content=\"summary_large_image\" \/>\n<meta name=\"twitter:label1\" content=\"\u00c9crit par\" \/>\n\t<meta name=\"twitter:data1\" content=\"Lola\" \/>\n\t<meta name=\"twitter:label2\" content=\"Dur\u00e9e de lecture estim\u00e9e\" \/>\n\t<meta name=\"twitter:data2\" content=\"3 minutes\" \/>\n<script type=\"application\/ld+json\" class=\"yoast-schema-graph\">{\"@context\":\"https:\/\/schema.org\",\"@graph\":[{\"@type\":\"WebPage\",\"@id\":\"https:\/\/smallthings.fr\/lespetitslivres\/2015\/09\/19\/48-heures-pour-mourir-thriller-critique\/\",\"url\":\"https:\/\/smallthings.fr\/lespetitslivres\/2015\/09\/19\/48-heures-pour-mourir-thriller-critique\/\",\"name\":\"48 heures pour mourir : un thriller allemand terrifiant\",\"isPartOf\":{\"@id\":\"https:\/\/smallthings.fr\/lespetitslivres\/#website\"},\"datePublished\":\"2015-09-19T13:08:23+00:00\",\"dateModified\":\"2015-11-05T15:08:44+00:00\",\"author\":{\"@id\":\"https:\/\/smallthings.fr\/lespetitslivres\/#\/schema\/person\/2740f045446c63eaf59a094edb250075\"},\"description\":\"48 heures pour mourir d'Andreas Gruber sort en ce mois de septembre aux \u00e9ditions de l\u2019Archipel. Un thriller germanique qui a fait un tabac outre-Rhin : et\",\"breadcrumb\":{\"@id\":\"https:\/\/smallthings.fr\/lespetitslivres\/2015\/09\/19\/48-heures-pour-mourir-thriller-critique\/#breadcrumb\"},\"inLanguage\":\"fr-FR\",\"potentialAction\":[{\"@type\":\"ReadAction\",\"target\":[\"https:\/\/smallthings.fr\/lespetitslivres\/2015\/09\/19\/48-heures-pour-mourir-thriller-critique\/\"]}]},{\"@type\":\"BreadcrumbList\",\"@id\":\"https:\/\/smallthings.fr\/lespetitslivres\/2015\/09\/19\/48-heures-pour-mourir-thriller-critique\/#breadcrumb\",\"itemListElement\":[{\"@type\":\"ListItem\",\"position\":1,\"name\":\"Accueil\",\"item\":\"https:\/\/smallthings.fr\/lespetitslivres\/\"},{\"@type\":\"ListItem\",\"position\":2,\"name\":\"48 heures pour mourir : un thriller allemand terrifiant\"}]},{\"@type\":\"WebSite\",\"@id\":\"https:\/\/smallthings.fr\/lespetitslivres\/#website\",\"url\":\"https:\/\/smallthings.fr\/lespetitslivres\/\",\"name\":\"Les Petits Livres\",\"description\":\"by Small Things\",\"potentialAction\":[{\"@type\":\"SearchAction\",\"target\":{\"@type\":\"EntryPoint\",\"urlTemplate\":\"https:\/\/smallthings.fr\/lespetitslivres\/?s={search_term_string}\"},\"query-input\":\"required name=search_term_string\"}],\"inLanguage\":\"fr-FR\"},{\"@type\":\"Person\",\"@id\":\"https:\/\/smallthings.fr\/lespetitslivres\/#\/schema\/person\/2740f045446c63eaf59a094edb250075\",\"name\":\"Lola\",\"image\":{\"@type\":\"ImageObject\",\"inLanguage\":\"fr-FR\",\"@id\":\"https:\/\/smallthings.fr\/lespetitslivres\/#\/schema\/person\/image\/\",\"url\":\"https:\/\/secure.gravatar.com\/avatar\/50696b3ff10b9a1738ec34c08424583c?s=96&d=retro&r=g\",\"contentUrl\":\"https:\/\/secure.gravatar.com\/avatar\/50696b3ff10b9a1738ec34c08424583c?s=96&d=retro&r=g\",\"caption\":\"Lola\"},\"url\":\"https:\/\/smallthings.fr\/lespetitslivres\/author\/lola\/\"}]}<\/script>\n<!-- \/ Yoast SEO plugin. -->","yoast_head_json":{"title":"48 heures pour mourir : un thriller allemand terrifiant","description":"48 heures pour mourir d'Andreas Gruber sort en ce mois de septembre aux \u00e9ditions de l\u2019Archipel. Un thriller germanique qui a fait un tabac outre-Rhin : et","robots":{"index":"index","follow":"follow","max-snippet":"max-snippet:-1","max-image-preview":"max-image-preview:large","max-video-preview":"max-video-preview:-1"},"canonical":"https:\/\/smallthings.fr\/lespetitslivres\/2015\/09\/19\/48-heures-pour-mourir-thriller-critique\/","og_locale":"fr_FR","og_type":"article","og_title":"48 heures pour mourir : un thriller allemand terrifiant","og_description":"48 heures pour mourir d'Andreas Gruber sort en ce mois de septembre aux \u00e9ditions de l\u2019Archipel. Un thriller germanique qui a fait un tabac outre-Rhin : et","og_url":"https:\/\/smallthings.fr\/lespetitslivres\/2015\/09\/19\/48-heures-pour-mourir-thriller-critique\/","og_site_name":"Les Petits Livres","article_published_time":"2015-09-19T13:08:23+00:00","article_modified_time":"2015-11-05T15:08:44+00:00","og_image":[{"width":984,"height":713,"url":"https:\/\/smallthings.fr\/lespetitslivres\/wp-content\/uploads\/2015\/09\/48-h-pour-mourir.jpg","type":"image\/jpeg"}],"author":"Lola","twitter_card":"summary_large_image","twitter_misc":{"\u00c9crit par":"Lola","Dur\u00e9e de lecture estim\u00e9e":"3 minutes"},"schema":{"@context":"https:\/\/schema.org","@graph":[{"@type":"WebPage","@id":"https:\/\/smallthings.fr\/lespetitslivres\/2015\/09\/19\/48-heures-pour-mourir-thriller-critique\/","url":"https:\/\/smallthings.fr\/lespetitslivres\/2015\/09\/19\/48-heures-pour-mourir-thriller-critique\/","name":"48 heures pour mourir : un thriller allemand terrifiant","isPartOf":{"@id":"https:\/\/smallthings.fr\/lespetitslivres\/#website"},"datePublished":"2015-09-19T13:08:23+00:00","dateModified":"2015-11-05T15:08:44+00:00","author":{"@id":"https:\/\/smallthings.fr\/lespetitslivres\/#\/schema\/person\/2740f045446c63eaf59a094edb250075"},"description":"48 heures pour mourir d'Andreas Gruber sort en ce mois de septembre aux \u00e9ditions de l\u2019Archipel. Un thriller germanique qui a fait un tabac outre-Rhin : et","breadcrumb":{"@id":"https:\/\/smallthings.fr\/lespetitslivres\/2015\/09\/19\/48-heures-pour-mourir-thriller-critique\/#breadcrumb"},"inLanguage":"fr-FR","potentialAction":[{"@type":"ReadAction","target":["https:\/\/smallthings.fr\/lespetitslivres\/2015\/09\/19\/48-heures-pour-mourir-thriller-critique\/"]}]},{"@type":"BreadcrumbList","@id":"https:\/\/smallthings.fr\/lespetitslivres\/2015\/09\/19\/48-heures-pour-mourir-thriller-critique\/#breadcrumb","itemListElement":[{"@type":"ListItem","position":1,"name":"Accueil","item":"https:\/\/smallthings.fr\/lespetitslivres\/"},{"@type":"ListItem","position":2,"name":"48 heures pour mourir : un thriller allemand terrifiant"}]},{"@type":"WebSite","@id":"https:\/\/smallthings.fr\/lespetitslivres\/#website","url":"https:\/\/smallthings.fr\/lespetitslivres\/","name":"Les Petits Livres","description":"by Small Things","potentialAction":[{"@type":"SearchAction","target":{"@type":"EntryPoint","urlTemplate":"https:\/\/smallthings.fr\/lespetitslivres\/?s={search_term_string}"},"query-input":"required name=search_term_string"}],"inLanguage":"fr-FR"},{"@type":"Person","@id":"https:\/\/smallthings.fr\/lespetitslivres\/#\/schema\/person\/2740f045446c63eaf59a094edb250075","name":"Lola","image":{"@type":"ImageObject","inLanguage":"fr-FR","@id":"https:\/\/smallthings.fr\/lespetitslivres\/#\/schema\/person\/image\/","url":"https:\/\/secure.gravatar.com\/avatar\/50696b3ff10b9a1738ec34c08424583c?s=96&d=retro&r=g","contentUrl":"https:\/\/secure.gravatar.com\/avatar\/50696b3ff10b9a1738ec34c08424583c?s=96&d=retro&r=g","caption":"Lola"},"url":"https:\/\/smallthings.fr\/lespetitslivres\/author\/lola\/"}]}},"jetpack_featured_media_url":"https:\/\/smallthings.fr\/lespetitslivres\/wp-content\/uploads\/2015\/09\/48-h-pour-mourir.jpg","jetpack_sharing_enabled":true,"jetpack_shortlink":"https:\/\/wp.me\/p6Un21-75k","jetpack-related-posts":[{"id":26669,"url":"https:\/\/smallthings.fr\/lespetitslivres\/2015\/09\/01\/un-si-beau-soleil-pour-mourir-patterson-critique\/","url_meta":{"origin":27238,"position":0},"title":"Un si beau soleil pour mourir, le nouveau polar de James Patterson","author":"Jennifer","date":"1 septembre 2015","format":false,"excerpt":"Un si beau soleil pour mourir est un roman policier \u00e9crit par James Patterson et Howard Roughan. Sorti le 19 ao\u00fbt aux \u00e9ditions de l\u2019Archipel, ce polar nous emm\u00e8ne sur deux enqu\u00eates diff\u00e9rentes avec deux agents diff\u00e9rents. Les meurtres se m\u00e9langent et les deux d\u00e9tectives devront collaborer main dans la\u2026","rel":"","context":"Dans &quot;Thriller&quot;","block_context":{"text":"Thriller","link":"https:\/\/smallthings.fr\/lespetitslivres\/category\/thriller\/"},"img":{"alt_text":"","src":"https:\/\/i0.wp.com\/smallthings.fr\/lespetitslivres\/wp-content\/uploads\/2015\/09\/si-beau-soleil-patterson.jpeg?resize=350%2C200&ssl=1","width":350,"height":200},"classes":[]},{"id":29662,"url":"https:\/\/smallthings.fr\/lespetitslivres\/2016\/03\/03\/ambre-du-diable-lucifer-box-gatiss\/","url_meta":{"origin":27238,"position":1},"title":"L\u2019Ambre du Diable, second volet de Lucifer Box par Mark Gatiss","author":"June","date":"3 mars 2016","format":false,"excerpt":"L'Ambre du Diable, de Mark Gatis, paru en langue anglaise en novembre 2006, est la seconde aventure de la trilogie Lucifer Box, disponible en fran\u00e7ais chez Bragelonne depuis le 17 f\u00e9vrier dans une pr\u00e9sentation on ne peut plus somptueuse. Fid\u00e8le \u00e0 lui-m\u00eame, le plus sulfureux des dandys britanniques au service\u2026","rel":"","context":"Dans &quot;Roman \u00e9tranger&quot;","block_context":{"text":"Roman \u00e9tranger","link":"https:\/\/smallthings.fr\/lespetitslivres\/category\/roman\/roman-etranger\/"},"img":{"alt_text":"","src":"https:\/\/i0.wp.com\/smallthings.fr\/lespetitslivres\/wp-content\/uploads\/2016\/03\/mark-gatiss.jpg?resize=350%2C200&ssl=1","width":350,"height":200,"srcset":"https:\/\/i0.wp.com\/smallthings.fr\/lespetitslivres\/wp-content\/uploads\/2016\/03\/mark-gatiss.jpg?resize=350%2C200&ssl=1 1x, https:\/\/i0.wp.com\/smallthings.fr\/lespetitslivres\/wp-content\/uploads\/2016\/03\/mark-gatiss.jpg?resize=525%2C300&ssl=1 1.5x"},"classes":[]},{"id":29228,"url":"https:\/\/smallthings.fr\/lespetitslivres\/2015\/11\/30\/n-oublie-pas-mon-petit-soulier-katz-critique\/","url_meta":{"origin":27238,"position":2},"title":"N&rsquo;oublie pas mon petit soulier : roman de No\u00ebl survolt\u00e9","author":"Lola","date":"30 novembre 2015","format":false,"excerpt":"Avec N'oublie pas mon petit soulier de Gabriel Katz, les \u00e9ditions du Masque misent sur un premier polar \u00e0 l'approche de No\u00ebl. L'\u00e9diteur a \u00e9galement r\u00e9alis\u00e9 deux petits clips vid\u00e9os \u00e0 mourir de rire, dans le style de Bref. L'auteur n'est pas un novice : longtemps n\u00e8gre pour des personnalit\u00e9s\u2026","rel":"","context":"Dans &quot;Actu&quot;","block_context":{"text":"Actu","link":"https:\/\/smallthings.fr\/lespetitslivres\/category\/actu\/"},"img":{"alt_text":"","src":"https:\/\/i0.wp.com\/smallthings.fr\/lespetitslivres\/wp-content\/uploads\/2015\/11\/n-oublie-pas-mon-petit-soulier-couv.jpg?resize=350%2C200&ssl=1","width":350,"height":200,"srcset":"https:\/\/i0.wp.com\/smallthings.fr\/lespetitslivres\/wp-content\/uploads\/2015\/11\/n-oublie-pas-mon-petit-soulier-couv.jpg?resize=350%2C200&ssl=1 1x, https:\/\/i0.wp.com\/smallthings.fr\/lespetitslivres\/wp-content\/uploads\/2015\/11\/n-oublie-pas-mon-petit-soulier-couv.jpg?resize=525%2C300&ssl=1 1.5x, https:\/\/i0.wp.com\/smallthings.fr\/lespetitslivres\/wp-content\/uploads\/2015\/11\/n-oublie-pas-mon-petit-soulier-couv.jpg?resize=700%2C400&ssl=1 2x, https:\/\/i0.wp.com\/smallthings.fr\/lespetitslivres\/wp-content\/uploads\/2015\/11\/n-oublie-pas-mon-petit-soulier-couv.jpg?resize=1050%2C600&ssl=1 3x"},"classes":[]},{"id":31194,"url":"https:\/\/smallthings.fr\/lespetitslivres\/2017\/08\/10\/sanctuaires-mal-terry-goodkind-thriller\/","url_meta":{"origin":27238,"position":3},"title":"Les sanctuaires du mal : Terry Goodkind se met au thriller et \u00e7a fait mal !","author":"Jennifer","date":"10 ao\u00fbt 2017","format":false,"excerpt":"L\u2019auteur de la s\u00e9rie L\u2019\u00e9p\u00e9e de V\u00e9rit\u00e9, Terry Goodkind, se lance dans le thriller avec Les sanctuaires du mal. Sorti le 28 juin dernier chez Bragelonne, ce roman nous entra\u00eene dans un monde o\u00f9 certaines personnes sont capables, d\u2019un seul regard, de reconna\u00eetre les tueurs. Une v\u00e9ritable plong\u00e9e en Enfer\u2026","rel":"","context":"Dans &quot;Thriller&quot;","block_context":{"text":"Thriller","link":"https:\/\/smallthings.fr\/lespetitslivres\/category\/thriller\/"},"img":{"alt_text":"","src":"https:\/\/i0.wp.com\/smallthings.fr\/lespetitslivres\/wp-content\/uploads\/2017\/08\/Les-sanctuaires-du-mal-terry-goodkind-2.jpg?resize=350%2C200&ssl=1","width":350,"height":200,"srcset":"https:\/\/i0.wp.com\/smallthings.fr\/lespetitslivres\/wp-content\/uploads\/2017\/08\/Les-sanctuaires-du-mal-terry-goodkind-2.jpg?resize=350%2C200&ssl=1 1x, https:\/\/i0.wp.com\/smallthings.fr\/lespetitslivres\/wp-content\/uploads\/2017\/08\/Les-sanctuaires-du-mal-terry-goodkind-2.jpg?resize=525%2C300&ssl=1 1.5x"},"classes":[]},{"id":29602,"url":"https:\/\/smallthings.fr\/lespetitslivres\/2016\/02\/21\/vengeances-thriller-aichner-critique\/","url_meta":{"origin":27238,"position":4},"title":"Vengeances, thriller de Bernhard Aichner : la d\u00e9ception","author":"Jennifer","date":"21 f\u00e9vrier 2016","format":false,"excerpt":"Vengeances\u00a0est un thriller de Bernhard Aichner, paru aux \u00e9ditions de l\u2019Archipel le 3 f\u00e9vrier dernier. Un roman qui porte bien son nom car l\u2019h\u00e9ro\u00efne principale va se venger de ses parents puis, plus tard, des assassins de son mari. Vengeances\u00a0est un roman tr\u00e8s r\u00e9cemment sorti, qui connait d\u00e9j\u00e0 un franc\u2026","rel":"","context":"Dans &quot;Thriller&quot;","block_context":{"text":"Thriller","link":"https:\/\/smallthings.fr\/lespetitslivres\/category\/thriller\/"},"img":{"alt_text":"","src":"https:\/\/i0.wp.com\/smallthings.fr\/lespetitslivres\/wp-content\/uploads\/2016\/02\/vengeances-couv.jpg?resize=350%2C200&ssl=1","width":350,"height":200,"srcset":"https:\/\/i0.wp.com\/smallthings.fr\/lespetitslivres\/wp-content\/uploads\/2016\/02\/vengeances-couv.jpg?resize=350%2C200&ssl=1 1x, https:\/\/i0.wp.com\/smallthings.fr\/lespetitslivres\/wp-content\/uploads\/2016\/02\/vengeances-couv.jpg?resize=525%2C300&ssl=1 1.5x, https:\/\/i0.wp.com\/smallthings.fr\/lespetitslivres\/wp-content\/uploads\/2016\/02\/vengeances-couv.jpg?resize=700%2C400&ssl=1 2x, https:\/\/i0.wp.com\/smallthings.fr\/lespetitslivres\/wp-content\/uploads\/2016\/02\/vengeances-couv.jpg?resize=1050%2C600&ssl=1 3x"},"classes":[]},{"id":29960,"url":"https:\/\/smallthings.fr\/lespetitslivres\/2016\/05\/17\/pestilence-cavaliers-apocalypse-critique\/","url_meta":{"origin":27238,"position":5},"title":"Pestilence, 4\u00e8me tome des Cavaliers de l&rsquo;Apocalypse : le cavalier amn\u00e9sique","author":"Jennifer","date":"17 mai 2016","format":false,"excerpt":"Pestilence est le 4\u00e8me volet de la saga des Cavaliers de l\u2019Apocalypse de Larissa Ione. Il est sorti en format poche chez Milady le 22 avril dernier et raconte comment Pestilence, redevenu Reseph, va devoir se battre contre lui-m\u00eame. \u00c7a y est, nous d\u00e9couvrons enfin le dernier tome des Cavaliers\u2026","rel":"","context":"Dans &quot;Fantastique&quot;","block_context":{"text":"Fantastique","link":"https:\/\/smallthings.fr\/lespetitslivres\/category\/imaginaire\/fantastique\/"},"img":{"alt_text":"","src":"https:\/\/i0.wp.com\/smallthings.fr\/lespetitslivres\/wp-content\/uploads\/2016\/05\/cavaliers-pestilence-couv.jpg?resize=350%2C200&ssl=1","width":350,"height":200,"srcset":"https:\/\/i0.wp.com\/smallthings.fr\/lespetitslivres\/wp-content\/uploads\/2016\/05\/cavaliers-pestilence-couv.jpg?resize=350%2C200&ssl=1 1x, https:\/\/i0.wp.com\/smallthings.fr\/lespetitslivres\/wp-content\/uploads\/2016\/05\/cavaliers-pestilence-couv.jpg?resize=525%2C300&ssl=1 1.5x"},"classes":[]}],"_links":{"self":[{"href":"https:\/\/smallthings.fr\/lespetitslivres\/wp-json\/wp\/v2\/posts\/27238"}],"collection":[{"href":"https:\/\/smallthings.fr\/lespetitslivres\/wp-json\/wp\/v2\/posts"}],"about":[{"href":"https:\/\/smallthings.fr\/lespetitslivres\/wp-json\/wp\/v2\/types\/post"}],"author":[{"embeddable":true,"href":"https:\/\/smallthings.fr\/lespetitslivres\/wp-json\/wp\/v2\/users\/8"}],"replies":[{"embeddable":true,"href":"https:\/\/smallthings.fr\/lespetitslivres\/wp-json\/wp\/v2\/comments?post=27238"}],"version-history":[{"count":3,"href":"https:\/\/smallthings.fr\/lespetitslivres\/wp-json\/wp\/v2\/posts\/27238\/revisions"}],"predecessor-version":[{"id":29060,"href":"https:\/\/smallthings.fr\/lespetitslivres\/wp-json\/wp\/v2\/posts\/27238\/revisions\/29060"}],"wp:featuredmedia":[{"embeddable":true,"href":"https:\/\/smallthings.fr\/lespetitslivres\/wp-json\/wp\/v2\/media\/29057"}],"wp:attachment":[{"href":"https:\/\/smallthings.fr\/lespetitslivres\/wp-json\/wp\/v2\/media?parent=27238"}],"wp:term":[{"taxonomy":"category","embeddable":true,"href":"https:\/\/smallthings.fr\/lespetitslivres\/wp-json\/wp\/v2\/categories?post=27238"},{"taxonomy":"post_tag","embeddable":true,"href":"https:\/\/smallthings.fr\/lespetitslivres\/wp-json\/wp\/v2\/tags?post=27238"}],"curies":[{"name":"wp","href":"https:\/\/api.w.org\/{rel}","templated":true}]}}