{"id":26751,"date":"2015-09-03T10:20:36","date_gmt":"2015-09-03T09:20:36","guid":{"rendered":"http:\/\/smallthings.fr\/?p=26751"},"modified":"2015-11-02T13:11:32","modified_gmt":"2015-11-02T12:11:32","slug":"ma-roman-hubert-haddad-critique","status":"publish","type":"post","link":"https:\/\/smallthings.fr\/lespetitslivres\/2015\/09\/03\/ma-roman-hubert-haddad-critique\/","title":{"rendered":"M\u0101, le roman japonais d&rsquo;Hubert Haddad"},"content":{"rendered":"<h2>M\u0101 sort aujourd&rsquo;hui aux <a href=\"http:\/\/www.zulma.fr\/livre-m-572118.html\" target=\"_blank\">\u00e9ditions Zulma<\/a>. Ce n\u2019est pas un, mais deux romans qu\u2019Hubert Haddad, artiste multiforme, publie \u00e0 l\u2019occasion de cette rentr\u00e9e litt\u00e9raire. Tous deux tr\u00e8s diff\u00e9rents l\u2019un de l\u2019autre, d\u00e9montrant la versatilit\u00e9 de son style.<\/h2>\n<p>Autant <em>Corps d\u00e9sirable<\/em> frappait par sa volubilit\u00e9, autant\u00a0<strong><em>M\u0101<\/em><\/strong> \u00e9tonne par sa ma\u00eetrise de la prose po\u00e9tique. L\u2019abondance de mots est toujours l\u00e0\u00a0; mais plus sereine, plus calme. On aurait presque envie de dire\u00a0: plus zen, puisqu\u2019on est au Japon. Le c\u00f4t\u00e9 troublant, confus de la narration d\u2019Hubert Haddad y est aussi, puisqu\u2019on se perd parfois entre Shoichi, l\u2019amant perdu, et Santoka, le po\u00e8te disparu. Mais j\u2019ai l\u2019impression que c\u2019est un parti pris de l\u2019auteur dans chaque livre, afin mieux plonger son lecteur dans l\u2019histoire\u00a0; en tout cas ici cette confusion est plus circonscrite, car elle se cantonne aux deux personnages de Shoichi et de Santoka, au lieu d\u2019impr\u00e9gner <strong><em>M\u0101<\/em><\/strong> d\u2019un trouble diffus, comme dans <em>Corps d\u00e9sirable<\/em> o\u00f9 l\u2019incertitude du narrateur sur sa propre int\u00e9grit\u00e9 jette le r\u00e9cit dans un ab\u00eeme vertigineux.<\/p>\n<p><a href=\"http:\/\/smallthings.fr\/?attachment_id=26754\" rel=\"attachment wp-att-26754\"><img loading=\"lazy\" decoding=\"async\" class=\"alignright size-medium wp-image-26754\" src=\"http:\/\/smallthings.fr\/wp-content\/uploads\/2015\/09\/ma-hubert-haddad-198x300.jpg\" alt=\"LaSolutionEsquimauAW\" width=\"198\" height=\"300\" \/><\/a><strong><em>M\u0101<\/em><\/strong> <strong>d\u00e9bute avec notre narrateur principal, Shoichi, humble serveur dans une gargote de sak\u00e9 de Tokyo o\u00f9 il rencontre Saori, belle universitaire en pleine s\u00e9paration d\u2019avec son mari et passionn\u00e9e par le po\u00e8te Taneda Santoka, dont elle \u00e9crit la biographie<\/strong>. Ils entament une liaison, o\u00f9 Saori mentionne un jour \u00e0 Shoichi qu\u2019il porte le m\u00eame nom que le po\u00e8te (Santoka \u00e9tant en r\u00e9alit\u00e9 un pseudonyme). Elle s\u2019ach\u00e8ve tragiquement par la noyade accidentelle de Saori, qui venait tout juste de mettre le point final \u00e0 sa biographie de Santoka et de la donner \u00e0 lire \u00e0 Shoichi. D\u00e9vast\u00e9, ce dernier quitte Tokyo pour mener une vie d\u2019errant. S\u2019ensuit alors un saut dans le temps o\u00f9 nous le retrouvons dans les montagnes plusieurs ann\u00e9es apr\u00e8s, en train de relire \u00e0 nouveau le manuscrit de Saori.<\/p>\n<p><strong>\u00c0 partir de l\u00e0 commence la confusion entre l\u2019amant et le po\u00e8te homonymes, tous deux errants, tous deux marqu\u00e9s par le d\u00e9c\u00e8s de leur m\u00e8re et tous deux cherchant l\u2019oubli de leur douleur dans le sak\u00e9, la litt\u00e9rature et la marche<\/strong>. Ainsi s\u2019explique la phrase d\u2019ouverture du roman sibylline\u00a0: <em>\u00ab\u00a0La marche \u00e0 pied m\u00e8ne au paradis\u00a0; il n\u2019y a pas d\u2019autre moyen d\u2019y parvenir, mais il faut marcher longtemps.\u00a0\u00bb<\/em> La marche permet en effet aux deux Shoichi de retrouver la pl\u00e9nitude de l\u2019instant et l\u2019inspiration po\u00e9tique au c\u0153ur de la nature, qu\u2019Hubert Haddad d\u00e9crit avec un lyrisme r\u00e9jouissant, en multiples d\u00e9tails po\u00e9tiques ou en panoramas d\u2019ensemble \u00e9blouissants de beaut\u00e9. Cette munificence de la nature contraste avec le d\u00e9nuement des deux personnages, qui l\u2019arpentent sous l\u2019humble chapeau de p\u00e8lerin ou de moine, rappelant ainsi que l\u2019existence n\u2019est qu\u2019un souffle bref qui s\u2019envole sit\u00f4t apparu, et que nos souffrances, nos aspirations, nos r\u00eaves, si grands qu\u2019ils soient, ne sont rien, puisque nous ne sommes presque rien \u00e0 l\u2019\u00e9chelle de l\u2019univers. Et en m\u00eame temps, ils nous rendent conscients que tant que nous sommes l\u00e0, go\u00fbter \u00e0 l\u2019existence au c\u0153ur de l\u2019instant, c\u2019est toucher l\u2019infini\u00a0: <em>\u00ab\u00a0Les naufrages dont il \u00e9tait sorti indemne lui laissaient un go\u00fbt d\u2019infini aux l\u00e8vres. La chose la plus ordinaire, comme boire \u00e0 la fontaine ou s\u2019asseoir dans l\u2019herbe, lui semblait si neuve, si propre \u00e0 toutes les r\u00e9conciliations, que l\u2019instant en devenait pareil au pistil d\u2019une fleur \u00e0 peine \u00e9close.\u00bb<\/em><\/p>\n<div id=\"attachment_26755\" style=\"width: 166px\" class=\"wp-caption alignleft\"><a href=\"http:\/\/smallthings.fr\/?attachment_id=26755\" rel=\"attachment wp-att-26755\"><img loading=\"lazy\" decoding=\"async\" aria-describedby=\"caption-attachment-26755\" class=\" wp-image-26755\" src=\"http:\/\/smallthings.fr\/wp-content\/uploads\/2015\/09\/hubert-haddad-200x300.jpg\" alt=\"Hubert Haddad\" width=\"156\" height=\"234\" \/><\/a><p id=\"caption-attachment-26755\" class=\"wp-caption-text\">Hubert Haddad<\/p><\/div>\n<p>Le style d\u2019Hubert Haddad m\u00e8ne superbement ce parall\u00e8le de deux vies solitaires \u00e0 son climax, serti dans ce magnifique \u00e9crin que sont la po\u00e9sie, la civilisation et les paysages japonais, aussi bien montagneux que maritimes ou citadins, qui transcendent toutes les trag\u00e9dies de l\u2019existence et laissent personnages et lecteurs apais\u00e9s voguer sur le flot d\u2019une \u00e9criture contemplative, sans plus lutter contre l\u2019impermanence. <strong>Un livre \u00e0 lire et \u00e0 relire pour la beaut\u00e9 de son style et la tranquillit\u00e9 finale qui en \u00e9mane<\/strong>.<\/p>\n<blockquote><p>\u00ab\u00a0Sous la brise, du bout des doigts, Shoichi s\u2019aper\u00e7ut que son visage portait un masque de larmes durcies, qu\u2019il grelottait d\u2019effoi \u00e0 l\u2019int\u00e9rieur de son squelette. En dehors de lui, pourtant, un monde \u00e9panoui dispensait ses splendeurs. Les scintillements des flottaisons et des derni\u00e8res \u00e9toiles lui \u00e9voqu\u00e8rent la lumi\u00e8re de la neige, la ros\u00e9e nocturne dans un jardin de pivoines, la chute des p\u00e9tales de cerisier, un \u00e9ventail brod\u00e9 jailli d\u2019un obi de jeune fille. Il respira l\u2019air marin, p\u00e9n\u00e9tr\u00e9 de r\u00e9miniscences. Tout ce qu\u2019il avait v\u00e9cu jusqu\u2019\u00e0 ce jour lui parut empreint d\u2019une infinie m\u00e9lancolie.\u00a0\u00bb<\/p><\/blockquote>\n","protected":false},"excerpt":{"rendered":"<p>M\u0101 sort aujourd&rsquo;hui aux \u00e9ditions Zulma. Ce n\u2019est pas un, mais deux romans qu\u2019Hubert Haddad, artiste multiforme, publie \u00e0 l\u2019occasion de cette rentr\u00e9e litt\u00e9raire. Tous deux tr\u00e8s diff\u00e9rents l\u2019un de l\u2019autre, d\u00e9montrant la versatilit\u00e9 de son style. Autant Corps d\u00e9sirable frappait par sa volubilit\u00e9, autant\u00a0M\u0101 \u00e9tonne par sa ma\u00eetrise de la prose po\u00e9tique. L\u2019abondance de<\/p>\n","protected":false},"author":13,"featured_media":26753,"comment_status":"open","ping_status":"open","sticky":false,"template":"","format":"standard","meta":{"jetpack_post_was_ever_published":false,"_jetpack_newsletter_access":"","_jetpack_newsletter_tier_id":0,"footnotes":"","jetpack_publicize_message":"","jetpack_is_tweetstorm":false,"jetpack_publicize_feature_enabled":true,"jetpack_social_post_already_shared":false,"jetpack_social_options":{"image_generator_settings":{"template":"highway","enabled":false}}},"categories":[45,1118],"tags":[251,254,32],"jetpack_publicize_connections":[],"yoast_head":"<!-- This site is optimized with the Yoast SEO plugin v21.5 - https:\/\/yoast.com\/wordpress\/plugins\/seo\/ -->\n<title>M\u0101, le roman japonais d&#039;Hubert Haddad<\/title>\n<meta name=\"description\" content=\"M\u0101 sort aujourd&#039;hui aux \u00e9ditions Zulma. Ce n\u2019est pas un, mais deux romans qu\u2019Hubert Haddad, artiste multiforme, publie \u00e0 l\u2019occasion de cette rentr\u00e9e litt\u00e9ra\" \/>\n<meta name=\"robots\" content=\"index, follow, max-snippet:-1, max-image-preview:large, max-video-preview:-1\" \/>\n<link rel=\"canonical\" href=\"https:\/\/smallthings.fr\/lespetitslivres\/2015\/09\/03\/ma-roman-hubert-haddad-critique\/\" \/>\n<meta property=\"og:locale\" content=\"fr_FR\" \/>\n<meta property=\"og:type\" content=\"article\" \/>\n<meta property=\"og:title\" content=\"M\u0101, le roman japonais d&#039;Hubert Haddad\" \/>\n<meta property=\"og:description\" content=\"M\u0101 sort aujourd&#039;hui aux \u00e9ditions Zulma. Ce n\u2019est pas un, mais deux romans qu\u2019Hubert Haddad, artiste multiforme, publie \u00e0 l\u2019occasion de cette rentr\u00e9e litt\u00e9ra\" \/>\n<meta property=\"og:url\" content=\"https:\/\/smallthings.fr\/lespetitslivres\/2015\/09\/03\/ma-roman-hubert-haddad-critique\/\" \/>\n<meta property=\"og:site_name\" content=\"Les Petits Livres\" \/>\n<meta property=\"article:published_time\" content=\"2015-09-03T09:20:36+00:00\" \/>\n<meta property=\"article:modified_time\" content=\"2015-11-02T12:11:32+00:00\" \/>\n<meta name=\"author\" content=\"Cecile\" \/>\n<meta name=\"twitter:card\" content=\"summary_large_image\" \/>\n<meta name=\"twitter:label1\" content=\"\u00c9crit par\" \/>\n\t<meta name=\"twitter:data1\" content=\"Cecile\" \/>\n\t<meta name=\"twitter:label2\" content=\"Dur\u00e9e de lecture estim\u00e9e\" \/>\n\t<meta name=\"twitter:data2\" content=\"4 minutes\" \/>\n<script type=\"application\/ld+json\" class=\"yoast-schema-graph\">{\"@context\":\"https:\/\/schema.org\",\"@graph\":[{\"@type\":\"WebPage\",\"@id\":\"https:\/\/smallthings.fr\/lespetitslivres\/2015\/09\/03\/ma-roman-hubert-haddad-critique\/\",\"url\":\"https:\/\/smallthings.fr\/lespetitslivres\/2015\/09\/03\/ma-roman-hubert-haddad-critique\/\",\"name\":\"M\u0101, le roman japonais d'Hubert Haddad\",\"isPartOf\":{\"@id\":\"https:\/\/smallthings.fr\/lespetitslivres\/#website\"},\"datePublished\":\"2015-09-03T09:20:36+00:00\",\"dateModified\":\"2015-11-02T12:11:32+00:00\",\"author\":{\"@id\":\"https:\/\/smallthings.fr\/lespetitslivres\/#\/schema\/person\/7b3de8ef611f2b29f758a00cad7cafb2\"},\"description\":\"M\u0101 sort aujourd'hui aux \u00e9ditions Zulma. Ce n\u2019est pas un, mais deux romans qu\u2019Hubert Haddad, artiste multiforme, publie \u00e0 l\u2019occasion de cette rentr\u00e9e litt\u00e9ra\",\"breadcrumb\":{\"@id\":\"https:\/\/smallthings.fr\/lespetitslivres\/2015\/09\/03\/ma-roman-hubert-haddad-critique\/#breadcrumb\"},\"inLanguage\":\"fr-FR\",\"potentialAction\":[{\"@type\":\"ReadAction\",\"target\":[\"https:\/\/smallthings.fr\/lespetitslivres\/2015\/09\/03\/ma-roman-hubert-haddad-critique\/\"]}]},{\"@type\":\"BreadcrumbList\",\"@id\":\"https:\/\/smallthings.fr\/lespetitslivres\/2015\/09\/03\/ma-roman-hubert-haddad-critique\/#breadcrumb\",\"itemListElement\":[{\"@type\":\"ListItem\",\"position\":1,\"name\":\"Accueil\",\"item\":\"https:\/\/smallthings.fr\/lespetitslivres\/\"},{\"@type\":\"ListItem\",\"position\":2,\"name\":\"M\u0101, le roman japonais d&rsquo;Hubert Haddad\"}]},{\"@type\":\"WebSite\",\"@id\":\"https:\/\/smallthings.fr\/lespetitslivres\/#website\",\"url\":\"https:\/\/smallthings.fr\/lespetitslivres\/\",\"name\":\"Les Petits Livres\",\"description\":\"by Small Things\",\"potentialAction\":[{\"@type\":\"SearchAction\",\"target\":{\"@type\":\"EntryPoint\",\"urlTemplate\":\"https:\/\/smallthings.fr\/lespetitslivres\/?s={search_term_string}\"},\"query-input\":\"required name=search_term_string\"}],\"inLanguage\":\"fr-FR\"},{\"@type\":\"Person\",\"@id\":\"https:\/\/smallthings.fr\/lespetitslivres\/#\/schema\/person\/7b3de8ef611f2b29f758a00cad7cafb2\",\"name\":\"Cecile\",\"image\":{\"@type\":\"ImageObject\",\"inLanguage\":\"fr-FR\",\"@id\":\"https:\/\/smallthings.fr\/lespetitslivres\/#\/schema\/person\/image\/\",\"url\":\"https:\/\/secure.gravatar.com\/avatar\/a855fa1dbad38b06e97132a8a6579746?s=96&d=retro&r=g\",\"contentUrl\":\"https:\/\/secure.gravatar.com\/avatar\/a855fa1dbad38b06e97132a8a6579746?s=96&d=retro&r=g\",\"caption\":\"Cecile\"},\"url\":\"https:\/\/smallthings.fr\/lespetitslivres\/author\/cecile\/\"}]}<\/script>\n<!-- \/ Yoast SEO plugin. -->","yoast_head_json":{"title":"M\u0101, le roman japonais d'Hubert Haddad","description":"M\u0101 sort aujourd'hui aux \u00e9ditions Zulma. Ce n\u2019est pas un, mais deux romans qu\u2019Hubert Haddad, artiste multiforme, publie \u00e0 l\u2019occasion de cette rentr\u00e9e litt\u00e9ra","robots":{"index":"index","follow":"follow","max-snippet":"max-snippet:-1","max-image-preview":"max-image-preview:large","max-video-preview":"max-video-preview:-1"},"canonical":"https:\/\/smallthings.fr\/lespetitslivres\/2015\/09\/03\/ma-roman-hubert-haddad-critique\/","og_locale":"fr_FR","og_type":"article","og_title":"M\u0101, le roman japonais d'Hubert Haddad","og_description":"M\u0101 sort aujourd'hui aux \u00e9ditions Zulma. Ce n\u2019est pas un, mais deux romans qu\u2019Hubert Haddad, artiste multiforme, publie \u00e0 l\u2019occasion de cette rentr\u00e9e litt\u00e9ra","og_url":"https:\/\/smallthings.fr\/lespetitslivres\/2015\/09\/03\/ma-roman-hubert-haddad-critique\/","og_site_name":"Les Petits Livres","article_published_time":"2015-09-03T09:20:36+00:00","article_modified_time":"2015-11-02T12:11:32+00:00","author":"Cecile","twitter_card":"summary_large_image","twitter_misc":{"\u00c9crit par":"Cecile","Dur\u00e9e de lecture estim\u00e9e":"4 minutes"},"schema":{"@context":"https:\/\/schema.org","@graph":[{"@type":"WebPage","@id":"https:\/\/smallthings.fr\/lespetitslivres\/2015\/09\/03\/ma-roman-hubert-haddad-critique\/","url":"https:\/\/smallthings.fr\/lespetitslivres\/2015\/09\/03\/ma-roman-hubert-haddad-critique\/","name":"M\u0101, le roman japonais d'Hubert Haddad","isPartOf":{"@id":"https:\/\/smallthings.fr\/lespetitslivres\/#website"},"datePublished":"2015-09-03T09:20:36+00:00","dateModified":"2015-11-02T12:11:32+00:00","author":{"@id":"https:\/\/smallthings.fr\/lespetitslivres\/#\/schema\/person\/7b3de8ef611f2b29f758a00cad7cafb2"},"description":"M\u0101 sort aujourd'hui aux \u00e9ditions Zulma. Ce n\u2019est pas un, mais deux romans qu\u2019Hubert Haddad, artiste multiforme, publie \u00e0 l\u2019occasion de cette rentr\u00e9e litt\u00e9ra","breadcrumb":{"@id":"https:\/\/smallthings.fr\/lespetitslivres\/2015\/09\/03\/ma-roman-hubert-haddad-critique\/#breadcrumb"},"inLanguage":"fr-FR","potentialAction":[{"@type":"ReadAction","target":["https:\/\/smallthings.fr\/lespetitslivres\/2015\/09\/03\/ma-roman-hubert-haddad-critique\/"]}]},{"@type":"BreadcrumbList","@id":"https:\/\/smallthings.fr\/lespetitslivres\/2015\/09\/03\/ma-roman-hubert-haddad-critique\/#breadcrumb","itemListElement":[{"@type":"ListItem","position":1,"name":"Accueil","item":"https:\/\/smallthings.fr\/lespetitslivres\/"},{"@type":"ListItem","position":2,"name":"M\u0101, le roman japonais d&rsquo;Hubert Haddad"}]},{"@type":"WebSite","@id":"https:\/\/smallthings.fr\/lespetitslivres\/#website","url":"https:\/\/smallthings.fr\/lespetitslivres\/","name":"Les Petits Livres","description":"by Small Things","potentialAction":[{"@type":"SearchAction","target":{"@type":"EntryPoint","urlTemplate":"https:\/\/smallthings.fr\/lespetitslivres\/?s={search_term_string}"},"query-input":"required name=search_term_string"}],"inLanguage":"fr-FR"},{"@type":"Person","@id":"https:\/\/smallthings.fr\/lespetitslivres\/#\/schema\/person\/7b3de8ef611f2b29f758a00cad7cafb2","name":"Cecile","image":{"@type":"ImageObject","inLanguage":"fr-FR","@id":"https:\/\/smallthings.fr\/lespetitslivres\/#\/schema\/person\/image\/","url":"https:\/\/secure.gravatar.com\/avatar\/a855fa1dbad38b06e97132a8a6579746?s=96&d=retro&r=g","contentUrl":"https:\/\/secure.gravatar.com\/avatar\/a855fa1dbad38b06e97132a8a6579746?s=96&d=retro&r=g","caption":"Cecile"},"url":"https:\/\/smallthings.fr\/lespetitslivres\/author\/cecile\/"}]}},"jetpack_featured_media_url":"","jetpack_sharing_enabled":true,"jetpack_shortlink":"https:\/\/wp.me\/p6Un21-6Xt","jetpack-related-posts":[{"id":26315,"url":"https:\/\/smallthings.fr\/lespetitslivres\/2015\/08\/20\/corps-desirable-hubert-haddad-critique\/","url_meta":{"origin":26751,"position":0},"title":"Corps d\u00e9sirable d&rsquo;Hubert Haddad : l&rsquo;humain en question","author":"Cecile","date":"20 ao\u00fbt 2015","format":false,"excerpt":"C'est en cette rentr\u00e9e litt\u00e9raire que les \u00e9ditions Zulma ont choisi de publier Corps d\u00e9sirable, le nouveau roman d'Hubert Haddad, romancier, historien d'art et essayiste fran\u00e7ais d'origine tunisienne. La premi\u00e8re chose qui frappe, lorsqu\u2019on ouvre le livre, c\u2019est la volubilit\u00e9 de la prose. Ces mots qui s\u2019accumulent, s\u2019entrechoquent presque dans\u2026","rel":"","context":"Dans &quot;Rentr\u00e9e Litt\u00e9raire&quot;","block_context":{"text":"Rentr\u00e9e Litt\u00e9raire","link":"https:\/\/smallthings.fr\/lespetitslivres\/category\/rentree-litteraire-2015\/"},"img":{"alt_text":"","src":"https:\/\/i0.wp.com\/smallthings.fr\/wp-content\/uploads\/2015\/08\/haddad-corps-desirable.jpg?resize=350%2C200","width":350,"height":200},"classes":[]},{"id":26328,"url":"https:\/\/smallthings.fr\/lespetitslivres\/2015\/08\/20\/un-homme-dangereux-emilie-freche-critique\/","url_meta":{"origin":26751,"position":1},"title":"Un homme dangereux &#8211; \u00c9milie Fr\u00e8che","author":"Claire","date":"20 ao\u00fbt 2015","format":false,"excerpt":"Un homme dangereux, nouveau roman d\u2019\u00c9milie Fr\u00e8che, laur\u00e9ate en 2013 du Prix Orange du Livre avec Deux \u00e9trangers, vient de para\u00eetre chez Stock. Fort et captivant, c'est l'un de mes coups de c\u0153ur de cette rentr\u00e9e litt\u00e9raire. Un homme dangereux raconte l'une de ces rencontres qui nous changent et nous\u2026","rel":"","context":"Dans &quot;Rentr\u00e9e Litt\u00e9raire&quot;","block_context":{"text":"Rentr\u00e9e Litt\u00e9raire","link":"https:\/\/smallthings.fr\/lespetitslivres\/category\/rentree-litteraire-2015\/"},"img":{"alt_text":"","src":"","width":0,"height":0},"classes":[]},{"id":7609,"url":"https:\/\/smallthings.fr\/lespetitslivres\/2013\/08\/23\/delphine-bertholon-le-soleil-a-mes-pieds\/","url_meta":{"origin":26751,"position":2},"title":"Delphine Bertholon &#8211; Le soleil \u00e0 mes pieds","author":"Claire","date":"23 ao\u00fbt 2013","format":false,"excerpt":"Continuons notre exploration des sorties de la rentr\u00e9e litt\u00e9raire avec le nouveau roman de Delphine Berthelon qui para\u00eet chez JC Latt\u00e8s.","rel":"","context":"Dans &quot;Roman fran\u00e7ais&quot;","block_context":{"text":"Roman fran\u00e7ais","link":"https:\/\/smallthings.fr\/lespetitslivres\/category\/roman\/roman-francais\/"},"img":{"alt_text":"","src":"","width":0,"height":0},"classes":[]},{"id":25537,"url":"https:\/\/smallthings.fr\/lespetitslivres\/2015\/08\/21\/ressources-inhumaines-roman-viguier-critique\/","url_meta":{"origin":26751,"position":3},"title":"Ressources inhumaines : premier roman de Fr\u00e9d\u00e9ric Viguier","author":"Claire","date":"21 ao\u00fbt 2015","format":false,"excerpt":"Ressources inhumaines est le premier roman de Fr\u00e9d\u00e9ric Viguier, publi\u00e9 en cette rentr\u00e9e litt\u00e9raire par les \u00e9ditions Albin Michel. L'auteur choisit le th\u00e8me de la vie en entreprise au sein d'un hypermarch\u00e9. Ressources inhumaines nous parle de manipulation, de harc\u00e8lement, mais aussi de ces existences qui ne tournent qu'autour du\u2026","rel":"","context":"Dans &quot;Rentr\u00e9e Litt\u00e9raire&quot;","block_context":{"text":"Rentr\u00e9e Litt\u00e9raire","link":"https:\/\/smallthings.fr\/lespetitslivres\/category\/rentree-litteraire-2015\/"},"img":{"alt_text":"","src":"https:\/\/i0.wp.com\/smallthings.fr\/wp-content\/uploads\/2015\/07\/ressources-inhumaines-viguier.jpg?resize=350%2C200","width":350,"height":200},"classes":[]},{"id":30350,"url":"https:\/\/smallthings.fr\/lespetitslivres\/2016\/09\/28\/a-la-fin-le-silence-tardieu\/","url_meta":{"origin":26751,"position":4},"title":"A la fin le silence : la mort puis la vie, de Laurence Tardieu","author":"Claire","date":"28 septembre 2016","format":false,"excerpt":"A la fin le silence est le roman que nous propose Laurence Tardieu pour cette rentr\u00e9e litt\u00e9raire aux \u00e9ditions du Seuil. Apr\u00e8s Le jugement de L\u00e9a, Puisque rien ne dure et Une vie \u00e0 soi, A la fin le silence s'apparente plus \u00e0 un essai litt\u00e9raire qu'\u00e0 une fiction. S'il\u2026","rel":"","context":"Dans &quot;Rentr\u00e9e litt\u00e9raire&quot;","block_context":{"text":"Rentr\u00e9e litt\u00e9raire","link":"https:\/\/smallthings.fr\/lespetitslivres\/category\/rentree-litteraire\/"},"img":{"alt_text":"","src":"https:\/\/i0.wp.com\/smallthings.fr\/lespetitslivres\/wp-content\/uploads\/2016\/09\/laurence-tardieu.jpg?resize=350%2C200&ssl=1","width":350,"height":200,"srcset":"https:\/\/i0.wp.com\/smallthings.fr\/lespetitslivres\/wp-content\/uploads\/2016\/09\/laurence-tardieu.jpg?resize=350%2C200&ssl=1 1x, https:\/\/i0.wp.com\/smallthings.fr\/lespetitslivres\/wp-content\/uploads\/2016\/09\/laurence-tardieu.jpg?resize=525%2C300&ssl=1 1.5x"},"classes":[]},{"id":26589,"url":"https:\/\/smallthings.fr\/lespetitslivres\/2015\/08\/29\/a-l-enseigne-du-coeur-epris-pigeat-critique\/","url_meta":{"origin":26751,"position":5},"title":"\u00c0 l\u2019enseigne du c\u0153ur \u00e9pris : premier roman de Jean-Fran\u00e7ois Pigeat","author":"Audrey Ch\u00e8vrefeuille","date":"29 ao\u00fbt 2015","format":false,"excerpt":"\u00c0 l\u2019enseigne du c\u0153ur \u00e9pris est le premier roman de Jean-Fran\u00e7ois Pigeat, paru au Dilettante pour la rentr\u00e9e litt\u00e9raire. \u00c0 l\u2019enseigne du c\u0153ur \u00e9pris est l\u2019histoire d\u2019un type. Et d\u2019une femme. La vie les a marqu\u00e9s, le mariage ne leur a pas r\u00e9ussi. Lass\u00e9s du c\u00e9libat mais devenus exigeants par\u2026","rel":"","context":"Dans &quot;Rentr\u00e9e Litt\u00e9raire&quot;","block_context":{"text":"Rentr\u00e9e Litt\u00e9raire","link":"https:\/\/smallthings.fr\/lespetitslivres\/category\/rentree-litteraire-2015\/"},"img":{"alt_text":"","src":"","width":0,"height":0},"classes":[]}],"_links":{"self":[{"href":"https:\/\/smallthings.fr\/lespetitslivres\/wp-json\/wp\/v2\/posts\/26751"}],"collection":[{"href":"https:\/\/smallthings.fr\/lespetitslivres\/wp-json\/wp\/v2\/posts"}],"about":[{"href":"https:\/\/smallthings.fr\/lespetitslivres\/wp-json\/wp\/v2\/types\/post"}],"author":[{"embeddable":true,"href":"https:\/\/smallthings.fr\/lespetitslivres\/wp-json\/wp\/v2\/users\/13"}],"replies":[{"embeddable":true,"href":"https:\/\/smallthings.fr\/lespetitslivres\/wp-json\/wp\/v2\/comments?post=26751"}],"version-history":[{"count":1,"href":"https:\/\/smallthings.fr\/lespetitslivres\/wp-json\/wp\/v2\/posts\/26751\/revisions"}],"predecessor-version":[{"id":28712,"href":"https:\/\/smallthings.fr\/lespetitslivres\/wp-json\/wp\/v2\/posts\/26751\/revisions\/28712"}],"wp:featuredmedia":[{"embeddable":true,"href":"https:\/\/smallthings.fr\/lespetitslivres\/wp-json\/"}],"wp:attachment":[{"href":"https:\/\/smallthings.fr\/lespetitslivres\/wp-json\/wp\/v2\/media?parent=26751"}],"wp:term":[{"taxonomy":"category","embeddable":true,"href":"https:\/\/smallthings.fr\/lespetitslivres\/wp-json\/wp\/v2\/categories?post=26751"},{"taxonomy":"post_tag","embeddable":true,"href":"https:\/\/smallthings.fr\/lespetitslivres\/wp-json\/wp\/v2\/tags?post=26751"}],"curies":[{"name":"wp","href":"https:\/\/api.w.org\/{rel}","templated":true}]}}