{"id":26678,"date":"2015-09-03T10:23:15","date_gmt":"2015-09-03T09:23:15","guid":{"rendered":"http:\/\/smallthings.fr\/?p=26678"},"modified":"2015-11-02T13:11:24","modified_gmt":"2015-11-02T12:11:24","slug":"les-pechers-claire-castillon-critique","status":"publish","type":"post","link":"https:\/\/smallthings.fr\/lespetitslivres\/2015\/09\/03\/les-pechers-claire-castillon-critique\/","title":{"rendered":"Les p\u00eachers, la rentr\u00e9e de Claire Castillon : d\u00e9ception"},"content":{"rendered":"<h2>Grande amatrice des nouvelles de Claire Castillon, j&rsquo;attendais son roman <em>Les p\u00eachers<\/em> avec beaucoup d&rsquo;impatience et de curiosit\u00e9. Il para\u00eet aujourd&rsquo;hui aux <a href=\"http:\/\/www.editionsdelolivier.fr\/\" target=\"_blank\">\u00e9ditions de l&rsquo;Olivier<\/a>. Ce roman \u00e0 trois voix a beau \u00eatre servi par un style impeccable, il ne parvient pas \u00e0 nous accrocher jusqu&rsquo;\u00e0 la fin. Certains passages, longs et r\u00e9p\u00e9titifs, confirme le talent de l&rsquo;auteure pour la nouvelle plus que pour le roman&#8230;<\/h2>\n<p><strong>Dans <em>Les p\u00eachers<\/em>, Claire Castillon donne la parole \u00e0 trois personnages f\u00e9minins, dont une enfant<\/strong>. La premi\u00e8re voix, celle de Tamara, est la plus r\u00e9ussie. Cette femme semble prisonni\u00e8re de son mari Claude, qu&rsquo;elle a visiblement \u00e9pous\u00e9 \u00e0 regret puisqu&rsquo;elle pense encore \u00e0 son ex, son grand amour. Elle a fait le choix de subir sa vie actuelle, dans l&rsquo;espoir du retour de celui qu&rsquo;elle aime toujours. Entre l&rsquo;exigence de son mari et le c\u00f4t\u00e9 pervers et manipulateur de sa belle-fille Esther, Tamara a du mal \u00e0 adapter son comportement et passe par cons\u00e9quent pour l&rsquo;illumin\u00e9e de service.<\/p>\n<p><a href=\"http:\/\/smallthings.fr\/?attachment_id=26691\" rel=\"attachment wp-att-26691\"><img loading=\"lazy\" decoding=\"async\" class=\"alignright wp-image-26691\" src=\"http:\/\/smallthings.fr\/wp-content\/uploads\/2015\/08\/les-pechers-205x300.jpg\" alt=\"les-pechers\" width=\"188\" height=\"275\" \/><\/a>On comprend avec la seconde voix, celle d&rsquo;Aim\u00e9e, que <strong>les vies des trois personnages sont en fait entrem\u00eal\u00e9es<\/strong>. Le probl\u00e8me, c&rsquo;est qu&rsquo;on ne comprend pas bien comment ni pourquoi. La perverse Esther en serait-elle responsable ? Ce que l&rsquo;on saisit \u00e0 travers ce texte d&rsquo;une grande densit\u00e9, c&rsquo;est qu&rsquo;Aim\u00e9e vit d\u00e9sormais avec l&rsquo;ex compagnon de Tamara. Et cette Aim\u00e9e n&rsquo;est autre que l&rsquo;ex compagne de Claude, et la m\u00e8re d&rsquo;Esther&#8230; Aim\u00e9e d\u00e9teste Tamara et regrette son ancienne vie avec son mari. N\u00e9anmoins, elle a beaucoup d&rsquo;affection pour son compagnon actuel, m\u00eame si elle nourrit des sentiments pour un inconnu r\u00e9guli\u00e8rement crois\u00e9 dans la rue&#8230; Vous avez suivi&#8230; ?<\/p>\n<p>On ne voit pas bien o\u00f9 Claire Castillon veut en venir avec cette seconde voix&#8230; Le personnage d&rsquo;Aim\u00e9e est tout aussi complexe que celui de Tamara et leurs caract\u00e8res et pens\u00e9es intimes sont int\u00e9ressants \u00e0 d\u00e9couvrir. Mais tandis que Tamara garde une certaine logique (m\u00eame si elle choisit de subir sa vie), Aim\u00e9e reste insaisissable.<\/p>\n<p>Quant \u00e0 la troisi\u00e8me voix des <em>P\u00eachers<\/em>, celle de la petite Esther, je ne sais pas su en saisir l&rsquo;int\u00e9r\u00eat. On sent qu&rsquo;elle prend une part active \u00e0 ce qu&rsquo;il se passe au sein de cette famille recompos\u00e9e, mais on a du mal \u00e0 voir en quoi. Elle manipule son petit monde ; n\u00e9anmoins elle reste une petite fille sensible qui est apparemment tomb\u00e9e amoureuse de l&rsquo;un de ses camarades de jeu. Les relations qu&rsquo;elle entretient avec ses parents ainsi qu&rsquo;avec sa belle-m\u00e8re sont assez floues. On comprend juste qu&rsquo;elle les manipule volontairement, tout en les aimant bien quand m\u00eame. La fin des <em>P\u00eachers<\/em> est vraiment glauque sans qu&rsquo;on arrive \u00e0 comprendre pourquoi il \u00e9tait n\u00e9cessaire d&rsquo;en arriver l\u00e0&#8230;<\/p>\n<p><strong><em>Les p\u00eachers<\/em> est un roman \u00e9trange et ambigu, dont on n&rsquo;arrive pas vraiment \u00e0 saisir l&rsquo;objectif<\/strong>. Le style de Claire Castillon est toujours aussi myst\u00e9rieux. L&rsquo;intensit\u00e9 et la complexit\u00e9 du discours (dissimul\u00e9es sous un style en apparence tr\u00e8s simple) ne tiennent pas la route sur la dur\u00e9e du roman et on finit par se lasser. Toutes ces voix semblent finalement s&rsquo;exprimer de la m\u00eame mani\u00e8re et la singularit\u00e9 de chaque personnage finit par nous \u00e9chapper. Un fait expr\u00e8s ? On lira jusqu&rsquo;\u00e0 la fin pour conna\u00eetre le d\u00e9nouement, mais d&rsquo;une mani\u00e8re g\u00e9n\u00e9rale, <em>Les p\u00eachers<\/em> ne laissera pas de souvenir imp\u00e9rissable&#8230;<\/p>\n","protected":false},"excerpt":{"rendered":"<p>Grande amatrice des nouvelles de Claire Castillon, j&rsquo;attendais son roman Les p\u00eachers avec beaucoup d&rsquo;impatience et de curiosit\u00e9. Il para\u00eet aujourd&rsquo;hui aux \u00e9ditions de l&rsquo;Olivier. Ce roman \u00e0 trois voix a beau \u00eatre servi par un style impeccable, il ne parvient pas \u00e0 nous accrocher jusqu&rsquo;\u00e0 la fin. Certains passages, longs et r\u00e9p\u00e9titifs, confirme le<\/p>\n","protected":false},"author":2,"featured_media":26689,"comment_status":"open","ping_status":"open","sticky":false,"template":"","format":"standard","meta":{"jetpack_post_was_ever_published":false,"_jetpack_newsletter_access":"","_jetpack_newsletter_tier_id":0,"footnotes":"","jetpack_publicize_message":"","jetpack_is_tweetstorm":false,"jetpack_publicize_feature_enabled":true,"jetpack_social_post_already_shared":false,"jetpack_social_options":{"image_generator_settings":{"template":"highway","enabled":false}}},"categories":[45,1117],"tags":[782,783,32],"jetpack_publicize_connections":[],"yoast_head":"<!-- This site is optimized with the Yoast SEO plugin v21.5 - https:\/\/yoast.com\/wordpress\/plugins\/seo\/ -->\n<title>Les p\u00eachers, la rentr\u00e9e de Claire Castillon : d\u00e9ception<\/title>\n<meta name=\"description\" content=\"Grande amatrice des nouvelles de Claire Castillon, j&#039;attendais son roman Les p\u00eachers avec beaucoup d&#039;impatience et de curiosit\u00e9. Il para\u00eet aujourd&#039;hui aux \u00e9\" \/>\n<meta name=\"robots\" content=\"index, follow, max-snippet:-1, max-image-preview:large, max-video-preview:-1\" \/>\n<link rel=\"canonical\" href=\"http:\/\/smallthings.fr\/lespetitslivres\/2015\/09\/03\/les-pechers-claire-castillon-critique\/\" \/>\n<meta property=\"og:locale\" content=\"fr_FR\" \/>\n<meta property=\"og:type\" content=\"article\" \/>\n<meta property=\"og:title\" content=\"Les p\u00eachers, la rentr\u00e9e de Claire Castillon : d\u00e9ception\" \/>\n<meta property=\"og:description\" content=\"Grande amatrice des nouvelles de Claire Castillon, j&#039;attendais son roman Les p\u00eachers avec beaucoup d&#039;impatience et de curiosit\u00e9. Il para\u00eet aujourd&#039;hui aux \u00e9\" \/>\n<meta property=\"og:url\" content=\"http:\/\/smallthings.fr\/lespetitslivres\/2015\/09\/03\/les-pechers-claire-castillon-critique\/\" \/>\n<meta property=\"og:site_name\" content=\"Les Petits Livres\" \/>\n<meta property=\"article:published_time\" content=\"2015-09-03T09:23:15+00:00\" \/>\n<meta property=\"article:modified_time\" content=\"2015-11-02T12:11:24+00:00\" \/>\n<meta name=\"author\" content=\"Claire\" \/>\n<meta name=\"twitter:card\" content=\"summary_large_image\" \/>\n<meta name=\"twitter:label1\" content=\"\u00c9crit par\" \/>\n\t<meta name=\"twitter:data1\" content=\"Claire\" \/>\n\t<meta name=\"twitter:label2\" content=\"Dur\u00e9e de lecture estim\u00e9e\" \/>\n\t<meta name=\"twitter:data2\" content=\"3 minutes\" \/>\n<script type=\"application\/ld+json\" class=\"yoast-schema-graph\">{\"@context\":\"https:\/\/schema.org\",\"@graph\":[{\"@type\":\"WebPage\",\"@id\":\"http:\/\/smallthings.fr\/lespetitslivres\/2015\/09\/03\/les-pechers-claire-castillon-critique\/\",\"url\":\"http:\/\/smallthings.fr\/lespetitslivres\/2015\/09\/03\/les-pechers-claire-castillon-critique\/\",\"name\":\"Les p\u00eachers, la rentr\u00e9e de Claire Castillon : d\u00e9ception\",\"isPartOf\":{\"@id\":\"https:\/\/smallthings.fr\/lespetitslivres\/#website\"},\"datePublished\":\"2015-09-03T09:23:15+00:00\",\"dateModified\":\"2015-11-02T12:11:24+00:00\",\"author\":{\"@id\":\"https:\/\/smallthings.fr\/lespetitslivres\/#\/schema\/person\/504d603cacfe064fe039dfa03a8b7918\"},\"description\":\"Grande amatrice des nouvelles de Claire Castillon, j'attendais son roman Les p\u00eachers avec beaucoup d'impatience et de curiosit\u00e9. Il para\u00eet aujourd'hui aux \u00e9\",\"breadcrumb\":{\"@id\":\"http:\/\/smallthings.fr\/lespetitslivres\/2015\/09\/03\/les-pechers-claire-castillon-critique\/#breadcrumb\"},\"inLanguage\":\"fr-FR\",\"potentialAction\":[{\"@type\":\"ReadAction\",\"target\":[\"http:\/\/smallthings.fr\/lespetitslivres\/2015\/09\/03\/les-pechers-claire-castillon-critique\/\"]}]},{\"@type\":\"BreadcrumbList\",\"@id\":\"http:\/\/smallthings.fr\/lespetitslivres\/2015\/09\/03\/les-pechers-claire-castillon-critique\/#breadcrumb\",\"itemListElement\":[{\"@type\":\"ListItem\",\"position\":1,\"name\":\"Accueil\",\"item\":\"https:\/\/smallthings.fr\/lespetitslivres\/\"},{\"@type\":\"ListItem\",\"position\":2,\"name\":\"Les p\u00eachers, la rentr\u00e9e de Claire Castillon : d\u00e9ception\"}]},{\"@type\":\"WebSite\",\"@id\":\"https:\/\/smallthings.fr\/lespetitslivres\/#website\",\"url\":\"https:\/\/smallthings.fr\/lespetitslivres\/\",\"name\":\"Les Petits Livres\",\"description\":\"by Small Things\",\"potentialAction\":[{\"@type\":\"SearchAction\",\"target\":{\"@type\":\"EntryPoint\",\"urlTemplate\":\"https:\/\/smallthings.fr\/lespetitslivres\/?s={search_term_string}\"},\"query-input\":\"required name=search_term_string\"}],\"inLanguage\":\"fr-FR\"},{\"@type\":\"Person\",\"@id\":\"https:\/\/smallthings.fr\/lespetitslivres\/#\/schema\/person\/504d603cacfe064fe039dfa03a8b7918\",\"name\":\"Claire\",\"image\":{\"@type\":\"ImageObject\",\"inLanguage\":\"fr-FR\",\"@id\":\"https:\/\/smallthings.fr\/lespetitslivres\/#\/schema\/person\/image\/\",\"url\":\"https:\/\/secure.gravatar.com\/avatar\/9a85ff83d76b3eb17b8cae208640786e?s=96&d=retro&r=g\",\"contentUrl\":\"https:\/\/secure.gravatar.com\/avatar\/9a85ff83d76b3eb17b8cae208640786e?s=96&d=retro&r=g\",\"caption\":\"Claire\"},\"url\":\"https:\/\/smallthings.fr\/lespetitslivres\/author\/claire\/\"}]}<\/script>\n<!-- \/ Yoast SEO plugin. -->","yoast_head_json":{"title":"Les p\u00eachers, la rentr\u00e9e de Claire Castillon : d\u00e9ception","description":"Grande amatrice des nouvelles de Claire Castillon, j'attendais son roman Les p\u00eachers avec beaucoup d'impatience et de curiosit\u00e9. Il para\u00eet aujourd'hui aux \u00e9","robots":{"index":"index","follow":"follow","max-snippet":"max-snippet:-1","max-image-preview":"max-image-preview:large","max-video-preview":"max-video-preview:-1"},"canonical":"http:\/\/smallthings.fr\/lespetitslivres\/2015\/09\/03\/les-pechers-claire-castillon-critique\/","og_locale":"fr_FR","og_type":"article","og_title":"Les p\u00eachers, la rentr\u00e9e de Claire Castillon : d\u00e9ception","og_description":"Grande amatrice des nouvelles de Claire Castillon, j'attendais son roman Les p\u00eachers avec beaucoup d'impatience et de curiosit\u00e9. Il para\u00eet aujourd'hui aux \u00e9","og_url":"http:\/\/smallthings.fr\/lespetitslivres\/2015\/09\/03\/les-pechers-claire-castillon-critique\/","og_site_name":"Les Petits Livres","article_published_time":"2015-09-03T09:23:15+00:00","article_modified_time":"2015-11-02T12:11:24+00:00","author":"Claire","twitter_card":"summary_large_image","twitter_misc":{"\u00c9crit par":"Claire","Dur\u00e9e de lecture estim\u00e9e":"3 minutes"},"schema":{"@context":"https:\/\/schema.org","@graph":[{"@type":"WebPage","@id":"http:\/\/smallthings.fr\/lespetitslivres\/2015\/09\/03\/les-pechers-claire-castillon-critique\/","url":"http:\/\/smallthings.fr\/lespetitslivres\/2015\/09\/03\/les-pechers-claire-castillon-critique\/","name":"Les p\u00eachers, la rentr\u00e9e de Claire Castillon : d\u00e9ception","isPartOf":{"@id":"https:\/\/smallthings.fr\/lespetitslivres\/#website"},"datePublished":"2015-09-03T09:23:15+00:00","dateModified":"2015-11-02T12:11:24+00:00","author":{"@id":"https:\/\/smallthings.fr\/lespetitslivres\/#\/schema\/person\/504d603cacfe064fe039dfa03a8b7918"},"description":"Grande amatrice des nouvelles de Claire Castillon, j'attendais son roman Les p\u00eachers avec beaucoup d'impatience et de curiosit\u00e9. Il para\u00eet aujourd'hui aux \u00e9","breadcrumb":{"@id":"http:\/\/smallthings.fr\/lespetitslivres\/2015\/09\/03\/les-pechers-claire-castillon-critique\/#breadcrumb"},"inLanguage":"fr-FR","potentialAction":[{"@type":"ReadAction","target":["http:\/\/smallthings.fr\/lespetitslivres\/2015\/09\/03\/les-pechers-claire-castillon-critique\/"]}]},{"@type":"BreadcrumbList","@id":"http:\/\/smallthings.fr\/lespetitslivres\/2015\/09\/03\/les-pechers-claire-castillon-critique\/#breadcrumb","itemListElement":[{"@type":"ListItem","position":1,"name":"Accueil","item":"https:\/\/smallthings.fr\/lespetitslivres\/"},{"@type":"ListItem","position":2,"name":"Les p\u00eachers, la rentr\u00e9e de Claire Castillon : d\u00e9ception"}]},{"@type":"WebSite","@id":"https:\/\/smallthings.fr\/lespetitslivres\/#website","url":"https:\/\/smallthings.fr\/lespetitslivres\/","name":"Les Petits Livres","description":"by Small Things","potentialAction":[{"@type":"SearchAction","target":{"@type":"EntryPoint","urlTemplate":"https:\/\/smallthings.fr\/lespetitslivres\/?s={search_term_string}"},"query-input":"required name=search_term_string"}],"inLanguage":"fr-FR"},{"@type":"Person","@id":"https:\/\/smallthings.fr\/lespetitslivres\/#\/schema\/person\/504d603cacfe064fe039dfa03a8b7918","name":"Claire","image":{"@type":"ImageObject","inLanguage":"fr-FR","@id":"https:\/\/smallthings.fr\/lespetitslivres\/#\/schema\/person\/image\/","url":"https:\/\/secure.gravatar.com\/avatar\/9a85ff83d76b3eb17b8cae208640786e?s=96&d=retro&r=g","contentUrl":"https:\/\/secure.gravatar.com\/avatar\/9a85ff83d76b3eb17b8cae208640786e?s=96&d=retro&r=g","caption":"Claire"},"url":"https:\/\/smallthings.fr\/lespetitslivres\/author\/claire\/"}]}},"jetpack_featured_media_url":"","jetpack_sharing_enabled":true,"jetpack_shortlink":"https:\/\/wp.me\/p6Un21-6Wi","jetpack-related-posts":[{"id":30014,"url":"https:\/\/smallthings.fr\/lespetitslivres\/2016\/06\/09\/les-messieurs-claire-castillon-critique\/","url_meta":{"origin":26678,"position":0},"title":"Les messieurs, des nouvelles de Claire Castillon","author":"Claire","date":"9 juin 2016","format":false,"excerpt":"Quelques mois apr\u00e8s son roman de rentr\u00e9e litt\u00e9raire, Claire Castillon revient avec le genre qu'elle ma\u00eetrise le mieux : la nouvelle. Les messieurs, paru aux \u00e9ditions de l'Olivier d\u00e9but mai, nous parle en long en large et en travers du genre masculin sous toutes les coutures \u00e0 travers divers r\u00e9cits\u2026","rel":"","context":"Dans &quot;Roman fran\u00e7ais&quot;","block_context":{"text":"Roman fran\u00e7ais","link":"https:\/\/smallthings.fr\/lespetitslivres\/category\/roman\/roman-francais\/"},"img":{"alt_text":"","src":"https:\/\/i0.wp.com\/smallthings.fr\/lespetitslivres\/wp-content\/uploads\/2016\/05\/claire-castillon-couv.jpg?resize=350%2C200&ssl=1","width":350,"height":200,"srcset":"https:\/\/i0.wp.com\/smallthings.fr\/lespetitslivres\/wp-content\/uploads\/2016\/05\/claire-castillon-couv.jpg?resize=350%2C200&ssl=1 1x, https:\/\/i0.wp.com\/smallthings.fr\/lespetitslivres\/wp-content\/uploads\/2016\/05\/claire-castillon-couv.jpg?resize=525%2C300&ssl=1 1.5x, https:\/\/i0.wp.com\/smallthings.fr\/lespetitslivres\/wp-content\/uploads\/2016\/05\/claire-castillon-couv.jpg?resize=700%2C400&ssl=1 2x, https:\/\/i0.wp.com\/smallthings.fr\/lespetitslivres\/wp-content\/uploads\/2016\/05\/claire-castillon-couv.jpg?resize=1050%2C600&ssl=1 3x, https:\/\/i0.wp.com\/smallthings.fr\/lespetitslivres\/wp-content\/uploads\/2016\/05\/claire-castillon-couv.jpg?resize=1400%2C800&ssl=1 4x"},"classes":[]},{"id":6396,"url":"https:\/\/smallthings.fr\/lespetitslivres\/2013\/06\/28\/555-romans-pour-la-rentree-litteraire-2013\/","url_meta":{"origin":26678,"position":1},"title":"555 romans pour la rentr\u00e9e litt\u00e9raire 2013","author":"Claire","date":"28 juin 2013","format":false,"excerpt":"555 ! C'est le nombre de romans que comptera la rentr\u00e9e litt\u00e9raire 2013. 357 romans fran\u00e7ais et 198 romans \u00e9trangers sortiront entre les mois d'ao\u00fbt et octobre. Un joli pourcentage de premiers romans cette ann\u00e9e : 86, contre 69 l'ann\u00e9e derni\u00e8re.","rel":"","context":"Dans &quot;Actu&quot;","block_context":{"text":"Actu","link":"https:\/\/smallthings.fr\/lespetitslivres\/category\/actu\/"},"img":{"alt_text":"Rigolote illustration par Jochen Gerner du ph\u00c3\u00a9nom\u00c3\u00a8ne de la rentr\u00c3\u00a9e litt\u00c3\u00a9raire, dans Le Monde du vendredi 20 ao\u00c3\u00bbt 2010","src":"https:\/\/i0.wp.com\/uploads.smallthings.fr\/2013\/06\/2010_01.jpg?resize=350%2C200","width":350,"height":200},"classes":[]},{"id":26444,"url":"https:\/\/smallthings.fr\/lespetitslivres\/2015\/08\/24\/la-maladroite-alexandre-seurat-critique\/","url_meta":{"origin":26678,"position":2},"title":"La maladroite, premier roman d&rsquo;Alexandre Seurat","author":"Claire","date":"24 ao\u00fbt 2015","format":false,"excerpt":"La maladroite, premier roman d'Alexandre Seurat, est le bijou inattendu de cette rentr\u00e9e litt\u00e9raire. Paru aux \u00e9ditions du Rouergue le 19 ao\u00fbt, il a d\u00e9j\u00e0 remport\u00e9 le coup de c\u0153ur des magasins Cultura, qui lui assure une belle visibilit\u00e9. Il est \u00e9galement finaliste du Prix Roman Fnac 2015, et on\u2026","rel":"","context":"Dans &quot;Rentr\u00e9e Litt\u00e9raire&quot;","block_context":{"text":"Rentr\u00e9e Litt\u00e9raire","link":"https:\/\/smallthings.fr\/lespetitslivres\/category\/rentree-litteraire-2015\/"},"img":{"alt_text":"","src":"https:\/\/i0.wp.com\/smallthings.fr\/wp-content\/uploads\/2015\/08\/la-maladroite-205x300.jpg?resize=350%2C200","width":350,"height":200},"classes":[]},{"id":7609,"url":"https:\/\/smallthings.fr\/lespetitslivres\/2013\/08\/23\/delphine-bertholon-le-soleil-a-mes-pieds\/","url_meta":{"origin":26678,"position":3},"title":"Delphine Bertholon &#8211; Le soleil \u00e0 mes pieds","author":"Claire","date":"23 ao\u00fbt 2013","format":false,"excerpt":"Continuons notre exploration des sorties de la rentr\u00e9e litt\u00e9raire avec le nouveau roman de Delphine Berthelon qui para\u00eet chez JC Latt\u00e8s.","rel":"","context":"Dans &quot;Roman fran\u00e7ais&quot;","block_context":{"text":"Roman fran\u00e7ais","link":"https:\/\/smallthings.fr\/lespetitslivres\/category\/roman\/roman-francais\/"},"img":{"alt_text":"","src":"","width":0,"height":0},"classes":[]},{"id":15874,"url":"https:\/\/smallthings.fr\/lespetitslivres\/2014\/08\/20\/delacourt-on-ne-voyait-bonheur-roman\/","url_meta":{"origin":26678,"position":4},"title":"Gr\u00e9goire Delacourt &#8211; On ne voyait que le bonheur","author":"Claire","date":"20 ao\u00fbt 2014","format":false,"excerpt":"Gr\u00e9goire Delacourt est d\u00e9cid\u00e9ment un auteur dont on n'arr\u00eate pas de parler. Suite aux sorties poche de ses succ\u00e8s La Premi\u00e8re chose que l'on regarde et La Liste des mes envies, puis son proc\u00e8s avec Scarlett Johansson, voil\u00e0 d\u00e9j\u00e0 son nouveau roman pour la rentr\u00e9e litt\u00e9raire chez JC Latt\u00e8s. Mais\u2026","rel":"","context":"Dans &quot;Roman fran\u00e7ais&quot;","block_context":{"text":"Roman fran\u00e7ais","link":"https:\/\/smallthings.fr\/lespetitslivres\/category\/roman\/roman-francais\/"},"img":{"alt_text":"Gr\u00c3\u00a9goire Delacourt","src":"https:\/\/i0.wp.com\/smallthings.fr\/wp-content\/uploads\/2014\/08\/gregoire-delacourt.jpeg?resize=350%2C200","width":350,"height":200,"srcset":"https:\/\/i0.wp.com\/smallthings.fr\/wp-content\/uploads\/2014\/08\/gregoire-delacourt.jpeg?resize=350%2C200 1x, https:\/\/i0.wp.com\/smallthings.fr\/wp-content\/uploads\/2014\/08\/gregoire-delacourt.jpeg?resize=525%2C300 1.5x"},"classes":[]},{"id":25537,"url":"https:\/\/smallthings.fr\/lespetitslivres\/2015\/08\/21\/ressources-inhumaines-roman-viguier-critique\/","url_meta":{"origin":26678,"position":5},"title":"Ressources inhumaines : premier roman de Fr\u00e9d\u00e9ric Viguier","author":"Claire","date":"21 ao\u00fbt 2015","format":false,"excerpt":"Ressources inhumaines est le premier roman de Fr\u00e9d\u00e9ric Viguier, publi\u00e9 en cette rentr\u00e9e litt\u00e9raire par les \u00e9ditions Albin Michel. L'auteur choisit le th\u00e8me de la vie en entreprise au sein d'un hypermarch\u00e9. Ressources inhumaines nous parle de manipulation, de harc\u00e8lement, mais aussi de ces existences qui ne tournent qu'autour du\u2026","rel":"","context":"Dans &quot;Rentr\u00e9e Litt\u00e9raire&quot;","block_context":{"text":"Rentr\u00e9e Litt\u00e9raire","link":"https:\/\/smallthings.fr\/lespetitslivres\/category\/rentree-litteraire-2015\/"},"img":{"alt_text":"","src":"https:\/\/i0.wp.com\/smallthings.fr\/wp-content\/uploads\/2015\/07\/ressources-inhumaines-viguier.jpg?resize=350%2C200","width":350,"height":200},"classes":[]}],"_links":{"self":[{"href":"https:\/\/smallthings.fr\/lespetitslivres\/wp-json\/wp\/v2\/posts\/26678"}],"collection":[{"href":"https:\/\/smallthings.fr\/lespetitslivres\/wp-json\/wp\/v2\/posts"}],"about":[{"href":"https:\/\/smallthings.fr\/lespetitslivres\/wp-json\/wp\/v2\/types\/post"}],"author":[{"embeddable":true,"href":"https:\/\/smallthings.fr\/lespetitslivres\/wp-json\/wp\/v2\/users\/2"}],"replies":[{"embeddable":true,"href":"https:\/\/smallthings.fr\/lespetitslivres\/wp-json\/wp\/v2\/comments?post=26678"}],"version-history":[{"count":1,"href":"https:\/\/smallthings.fr\/lespetitslivres\/wp-json\/wp\/v2\/posts\/26678\/revisions"}],"predecessor-version":[{"id":28711,"href":"https:\/\/smallthings.fr\/lespetitslivres\/wp-json\/wp\/v2\/posts\/26678\/revisions\/28711"}],"wp:featuredmedia":[{"embeddable":true,"href":"https:\/\/smallthings.fr\/lespetitslivres\/wp-json\/"}],"wp:attachment":[{"href":"https:\/\/smallthings.fr\/lespetitslivres\/wp-json\/wp\/v2\/media?parent=26678"}],"wp:term":[{"taxonomy":"category","embeddable":true,"href":"https:\/\/smallthings.fr\/lespetitslivres\/wp-json\/wp\/v2\/categories?post=26678"},{"taxonomy":"post_tag","embeddable":true,"href":"https:\/\/smallthings.fr\/lespetitslivres\/wp-json\/wp\/v2\/tags?post=26678"}],"curies":[{"name":"wp","href":"https:\/\/api.w.org\/{rel}","templated":true}]}}