{"id":26505,"date":"2015-08-26T10:27:17","date_gmt":"2015-08-26T09:27:17","guid":{"rendered":"http:\/\/smallthings.fr\/?p=26505"},"modified":"2015-11-02T13:12:22","modified_gmt":"2015-11-02T12:12:22","slug":"d-apres-une-histoire-vraie-vigan-critique","status":"publish","type":"post","link":"https:\/\/smallthings.fr\/lespetitslivres\/2015\/08\/26\/d-apres-une-histoire-vraie-vigan-critique\/","title":{"rendered":"D&rsquo;apr\u00e8s une histoire vraie : Delphine de Vigan et l&rsquo;autofiction"},"content":{"rendered":"<h2><strong><em>D&rsquo;apr\u00e8s une histoire vraie<\/em><\/strong>, nouveau roman de Delphine de Vigan, sort aujourd&rsquo;hui aux \u00e9ditions <a href=\"http:\/\/www.editions-jclattes.fr\/dapres-une-histoire-vraie-9782709648523\" target=\"_blank\">JC Latt\u00e8s<\/a>. Un livre tr\u00e8s attendu, quatre ans apr\u00e8s la bombe <em>Rien ne s&rsquo;oppose \u00e0 la nuit <\/em>(2011). Pour cette rentr\u00e9e litt\u00e9raire, l&rsquo;auteure nous propose un livre surprenant, qui m\u00eale fiction et r\u00e9alit\u00e9 dans une intensit\u00e9 dramatique incroyable.<\/h2>\n<p><strong><em>D&rsquo;apr\u00e8s une histoire vraie<\/em><\/strong> est un \u00ab\u00a0roman\u00a0\u00bb : c&rsquo;est bien indiqu\u00e9 sur la couverture. Cela n&#8217;emp\u00eache pas la romanci\u00e8re de parler en son nom propre, de faire longuement mention de ses enfants, de son compagnon Fran\u00e7ois, de ses pr\u00e9c\u00e9dents livres et de sa relation avec ses lecteurs. L&rsquo;histoire commence peu apr\u00e8s la publication de <em>Rien ne s&rsquo;oppose \u00e0 la nuit<\/em>, un livre lourd, rempli d&rsquo;\u00e9motion, qui a en quelque sortie vid\u00e9e Delphine de quelque chose qu&rsquo;elle portait depuis longtemps et qui avait besoin d&rsquo;\u00eatre exprim\u00e9. Alors qu&rsquo;elle va de salon en salon dans le cadre de la promotion de ce livre, elle entrevoit la n\u00e9cessit\u00e9 d&rsquo;une pause. Une pause avec son lectorat, avec l&rsquo;\u00e9criture plus g\u00e9n\u00e9ralement. C&rsquo;est \u00e0 ce moment-l\u00e0 qu&rsquo;elle fait la connaissance de \u00ab\u00a0L\u00a0\u00bb dans une soir\u00e9e o\u00f9 l&#8217;emm\u00e8ne une amie. Les deux femmes s&rsquo;entendent imm\u00e9diatement.<\/p>\n<p><a href=\"http:\/\/smallthings.fr\/2015\/08\/26\/d-apres-une-histoire-vraie-vigan-critique\/d-apres-une-histoire-vraie\/\" rel=\"attachment wp-att-26507\"><img loading=\"lazy\" decoding=\"async\" class=\"alignright size-medium wp-image-26507\" src=\"http:\/\/smallthings.fr\/wp-content\/uploads\/2015\/08\/d-apres-une-histoire-vraie-190x300.jpeg\" alt=\"d-apres-une-histoire-vraie\" width=\"190\" height=\"300\" \/><\/a>D\u00e8s le d\u00e9but de <strong><em>D&rsquo;apr\u00e8s une histoire vraie<\/em><\/strong>, le lecteur est pr\u00e9venu : peu \u00e0 peu, L va exercer un contr\u00f4le discret mais efficace sur une Delphine affaiblie qui a l&rsquo;impression de perdre le go\u00fbt de l&rsquo;\u00e9criture. <strong>L a une id\u00e9e fixe : pousser Delphine \u00e0 \u00e9crire un livre dans la veine de <em>Rien ne s&rsquo;oppose \u00e0 la nuit<\/em> afin de continuer \u00e0 travailler sur son pass\u00e9, son mal-\u00eatre d&rsquo;enfant<\/strong>. Les encouragements de L en ce sens deviennent de plus en plus pressants. Elle semble en faire une obsession. Delphine, qui ne se sent pas pr\u00eate \u00e0 \u00e9crire une nouvelle fois sur un sujet aussi personnel, a des projets de fiction pure, qui bien s\u00fbr ne trouvent pas gr\u00e2ce aux yeux de L.<\/p>\n<p>L&#8217;emprise de cette derni\u00e8re est telle qu&rsquo;elle devient omnipr\u00e9sente dans la vie de Delphine, qui est de moins en moins en contact avec ses proches. Le traitement de la relation des deux femmes est admirablement men\u00e9. Le personnage de L, myst\u00e9rieux et machiav\u00e9lique, finit par effrayer. On ne peut pas ne pas penser \u00e0 Stephen King et son <strong><em>Misery<\/em><\/strong>.<\/p>\n<blockquote><p>\u00ab\u00a0Je suis moi-m\u00eame lectrice de Stephen King. J&rsquo;aime \u00e9norm\u00e9ment ses romans, en particulier ceux o\u00f9 il met en sc\u00e8ne des \u00e9crivains.\u00a0J&rsquo;avais envie de lui rendre hommage\u00a0\u00bb, a confi\u00e9 l&rsquo;auteure \u00e0 RTL.<\/p><\/blockquote>\n<p>L&rsquo;utilisation du suspens est \u00e9galement une premi\u00e8re pour Delphine de Vigan. On ne peut que saluer la performance. Avec tr\u00e8s peu d&rsquo;\u00e9l\u00e9ments, elle arrive \u00e0 instaurer une atmosph\u00e8re pesante ; le personnage de L gagne en intensit\u00e9 et <strong>le moindre d\u00e9tail, signe de manipulation et de tr\u00e8s louche dessein, suffit \u00e0 glacer le lecteur<\/strong>.<\/p>\n<p><strong><em>D&rsquo;apr\u00e8s une histoire vraie<\/em><\/strong> d\u00e9cline les th\u00e8mes et les traite avec intelligence et subtilit\u00e9. Les th\u00e8mes relatifs au personnage de L : l&#8217;emprise, la jalousie et la folie. Mais aussi le th\u00e8me de l&rsquo;\u00e9criture : l&rsquo;\u00e9criture de la r\u00e9alit\u00e9, celle de la fiction, et la fronti\u00e8re entre les deux. Tout au long de sa relation avec L, Delphine re\u00e7oit de violentes lettres qui l&rsquo;accusent d&rsquo;avoir menti dans <em>Rien ne s&rsquo;oppose \u00e0 la nuit<\/em>. Au-del\u00e0 de la cruaut\u00e9 des mots de pose la r\u00e9flexion sur l&rsquo;\u00e9criture romanc\u00e9e du r\u00e9el : l&rsquo;autofiction. Le droit de l&rsquo;\u00e9crivain \u00e0 d\u00e9former les choses pour servir son livre et lui donner l&rsquo;intensit\u00e9. Un droit dont Delphine de Vigan s&#8217;empare pour notre plus grand plaisir. Je ne peux m&#8217;emp\u00eacher de rapprocher cette lecture de celle d&rsquo;<em>Un homme dangereux<\/em> d\u2019\u00c9milie Fr\u00e8che, qui parle elle aussi d&#8217;emprise \u00e0 effets dramatiques et d&rsquo;\u00e9criture.<\/p>\n<p>Quant \u00e0 savoir si L existe r\u00e9ellement, Delphine de Vigan ne se prononce pas : \u00ab\u00a0\u00e7a m&rsquo;amusait de m\u00ealer le vrai au faux\u00a0\u00bb, se contente-t-elle de r\u00e9pondre au micro de RTL. <strong>Ce myst\u00e8re entourant le personnage fait partie int\u00e9grante de \u00ab\u00a0l&rsquo;exp\u00e9rience\u00a0\u00bb <em>D&rsquo;apr\u00e8s une histoire vraie<\/em>. Le malaise provoqu\u00e9 par L s&rsquo;associe au jeu du vrai et du faux : une r\u00e9ussite.<\/strong><\/p>\n","protected":false},"excerpt":{"rendered":"<p>D&rsquo;apr\u00e8s une histoire vraie, nouveau roman de Delphine de Vigan, sort aujourd&rsquo;hui aux \u00e9ditions JC Latt\u00e8s. Un livre tr\u00e8s attendu, quatre ans apr\u00e8s la bombe Rien ne s&rsquo;oppose \u00e0 la nuit (2011). Pour cette rentr\u00e9e litt\u00e9raire, l&rsquo;auteure nous propose un livre surprenant, qui m\u00eale fiction et r\u00e9alit\u00e9 dans une intensit\u00e9 dramatique incroyable. D&rsquo;apr\u00e8s une histoire<\/p>\n","protected":false},"author":2,"featured_media":26506,"comment_status":"open","ping_status":"open","sticky":false,"template":"","format":"standard","meta":{"jetpack_post_was_ever_published":false,"_jetpack_newsletter_access":"","_jetpack_newsletter_tier_id":0,"footnotes":"","jetpack_publicize_message":"","jetpack_is_tweetstorm":false,"jetpack_publicize_feature_enabled":true,"jetpack_social_post_already_shared":false,"jetpack_social_options":{"image_generator_settings":{"template":"highway","enabled":false}}},"categories":[45,1117],"tags":[780,781,175,32],"jetpack_publicize_connections":[],"yoast_head":"<!-- This site is optimized with the Yoast SEO plugin v21.5 - https:\/\/yoast.com\/wordpress\/plugins\/seo\/ -->\n<title>D&#039;apr\u00e8s une histoire vraie : Delphine de Vigan et l&#039;autofiction<\/title>\n<meta name=\"description\" content=\"D&#039;apr\u00e8s une histoire vraie, nouveau roman de Delphine de Vigan, sort aujourd&#039;hui aux \u00e9ditions JC Latt\u00e8s. Un livre tr\u00e8s attendu apr\u00e8s la bombe Rien ne s&#039;oppo\" \/>\n<meta name=\"robots\" content=\"index, follow, max-snippet:-1, max-image-preview:large, max-video-preview:-1\" \/>\n<link rel=\"canonical\" href=\"https:\/\/smallthings.fr\/lespetitslivres\/2015\/08\/26\/d-apres-une-histoire-vraie-vigan-critique\/\" \/>\n<meta property=\"og:locale\" content=\"fr_FR\" \/>\n<meta property=\"og:type\" content=\"article\" \/>\n<meta property=\"og:title\" content=\"D&#039;apr\u00e8s une histoire vraie : Delphine de Vigan et l&#039;autofiction\" \/>\n<meta property=\"og:description\" content=\"D&#039;apr\u00e8s une histoire vraie, nouveau roman de Delphine de Vigan, sort aujourd&#039;hui aux \u00e9ditions JC Latt\u00e8s. Un livre tr\u00e8s attendu apr\u00e8s la bombe Rien ne s&#039;oppo\" \/>\n<meta property=\"og:url\" content=\"https:\/\/smallthings.fr\/lespetitslivres\/2015\/08\/26\/d-apres-une-histoire-vraie-vigan-critique\/\" \/>\n<meta property=\"og:site_name\" content=\"Les Petits Livres\" \/>\n<meta property=\"article:published_time\" content=\"2015-08-26T09:27:17+00:00\" \/>\n<meta property=\"article:modified_time\" content=\"2015-11-02T12:12:22+00:00\" \/>\n<meta name=\"author\" content=\"Claire\" \/>\n<meta name=\"twitter:card\" content=\"summary_large_image\" \/>\n<meta name=\"twitter:label1\" content=\"\u00c9crit par\" \/>\n\t<meta name=\"twitter:data1\" content=\"Claire\" \/>\n\t<meta name=\"twitter:label2\" content=\"Dur\u00e9e de lecture estim\u00e9e\" \/>\n\t<meta name=\"twitter:data2\" content=\"4 minutes\" \/>\n<script type=\"application\/ld+json\" class=\"yoast-schema-graph\">{\"@context\":\"https:\/\/schema.org\",\"@graph\":[{\"@type\":\"WebPage\",\"@id\":\"https:\/\/smallthings.fr\/lespetitslivres\/2015\/08\/26\/d-apres-une-histoire-vraie-vigan-critique\/\",\"url\":\"https:\/\/smallthings.fr\/lespetitslivres\/2015\/08\/26\/d-apres-une-histoire-vraie-vigan-critique\/\",\"name\":\"D'apr\u00e8s une histoire vraie : Delphine de Vigan et l'autofiction\",\"isPartOf\":{\"@id\":\"https:\/\/smallthings.fr\/lespetitslivres\/#website\"},\"datePublished\":\"2015-08-26T09:27:17+00:00\",\"dateModified\":\"2015-11-02T12:12:22+00:00\",\"author\":{\"@id\":\"https:\/\/smallthings.fr\/lespetitslivres\/#\/schema\/person\/504d603cacfe064fe039dfa03a8b7918\"},\"description\":\"D'apr\u00e8s une histoire vraie, nouveau roman de Delphine de Vigan, sort aujourd'hui aux \u00e9ditions JC Latt\u00e8s. Un livre tr\u00e8s attendu apr\u00e8s la bombe Rien ne s'oppo\",\"breadcrumb\":{\"@id\":\"https:\/\/smallthings.fr\/lespetitslivres\/2015\/08\/26\/d-apres-une-histoire-vraie-vigan-critique\/#breadcrumb\"},\"inLanguage\":\"fr-FR\",\"potentialAction\":[{\"@type\":\"ReadAction\",\"target\":[\"https:\/\/smallthings.fr\/lespetitslivres\/2015\/08\/26\/d-apres-une-histoire-vraie-vigan-critique\/\"]}]},{\"@type\":\"BreadcrumbList\",\"@id\":\"https:\/\/smallthings.fr\/lespetitslivres\/2015\/08\/26\/d-apres-une-histoire-vraie-vigan-critique\/#breadcrumb\",\"itemListElement\":[{\"@type\":\"ListItem\",\"position\":1,\"name\":\"Accueil\",\"item\":\"https:\/\/smallthings.fr\/lespetitslivres\/\"},{\"@type\":\"ListItem\",\"position\":2,\"name\":\"D&rsquo;apr\u00e8s une histoire vraie : Delphine de Vigan et l&rsquo;autofiction\"}]},{\"@type\":\"WebSite\",\"@id\":\"https:\/\/smallthings.fr\/lespetitslivres\/#website\",\"url\":\"https:\/\/smallthings.fr\/lespetitslivres\/\",\"name\":\"Les Petits Livres\",\"description\":\"by Small Things\",\"potentialAction\":[{\"@type\":\"SearchAction\",\"target\":{\"@type\":\"EntryPoint\",\"urlTemplate\":\"https:\/\/smallthings.fr\/lespetitslivres\/?s={search_term_string}\"},\"query-input\":\"required name=search_term_string\"}],\"inLanguage\":\"fr-FR\"},{\"@type\":\"Person\",\"@id\":\"https:\/\/smallthings.fr\/lespetitslivres\/#\/schema\/person\/504d603cacfe064fe039dfa03a8b7918\",\"name\":\"Claire\",\"image\":{\"@type\":\"ImageObject\",\"inLanguage\":\"fr-FR\",\"@id\":\"https:\/\/smallthings.fr\/lespetitslivres\/#\/schema\/person\/image\/\",\"url\":\"https:\/\/secure.gravatar.com\/avatar\/9a85ff83d76b3eb17b8cae208640786e?s=96&d=retro&r=g\",\"contentUrl\":\"https:\/\/secure.gravatar.com\/avatar\/9a85ff83d76b3eb17b8cae208640786e?s=96&d=retro&r=g\",\"caption\":\"Claire\"},\"url\":\"https:\/\/smallthings.fr\/lespetitslivres\/author\/claire\/\"}]}<\/script>\n<!-- \/ Yoast SEO plugin. -->","yoast_head_json":{"title":"D'apr\u00e8s une histoire vraie : Delphine de Vigan et l'autofiction","description":"D'apr\u00e8s une histoire vraie, nouveau roman de Delphine de Vigan, sort aujourd'hui aux \u00e9ditions JC Latt\u00e8s. Un livre tr\u00e8s attendu apr\u00e8s la bombe Rien ne s'oppo","robots":{"index":"index","follow":"follow","max-snippet":"max-snippet:-1","max-image-preview":"max-image-preview:large","max-video-preview":"max-video-preview:-1"},"canonical":"https:\/\/smallthings.fr\/lespetitslivres\/2015\/08\/26\/d-apres-une-histoire-vraie-vigan-critique\/","og_locale":"fr_FR","og_type":"article","og_title":"D'apr\u00e8s une histoire vraie : Delphine de Vigan et l'autofiction","og_description":"D'apr\u00e8s une histoire vraie, nouveau roman de Delphine de Vigan, sort aujourd'hui aux \u00e9ditions JC Latt\u00e8s. Un livre tr\u00e8s attendu apr\u00e8s la bombe Rien ne s'oppo","og_url":"https:\/\/smallthings.fr\/lespetitslivres\/2015\/08\/26\/d-apres-une-histoire-vraie-vigan-critique\/","og_site_name":"Les Petits Livres","article_published_time":"2015-08-26T09:27:17+00:00","article_modified_time":"2015-11-02T12:12:22+00:00","author":"Claire","twitter_card":"summary_large_image","twitter_misc":{"\u00c9crit par":"Claire","Dur\u00e9e de lecture estim\u00e9e":"4 minutes"},"schema":{"@context":"https:\/\/schema.org","@graph":[{"@type":"WebPage","@id":"https:\/\/smallthings.fr\/lespetitslivres\/2015\/08\/26\/d-apres-une-histoire-vraie-vigan-critique\/","url":"https:\/\/smallthings.fr\/lespetitslivres\/2015\/08\/26\/d-apres-une-histoire-vraie-vigan-critique\/","name":"D'apr\u00e8s une histoire vraie : Delphine de Vigan et l'autofiction","isPartOf":{"@id":"https:\/\/smallthings.fr\/lespetitslivres\/#website"},"datePublished":"2015-08-26T09:27:17+00:00","dateModified":"2015-11-02T12:12:22+00:00","author":{"@id":"https:\/\/smallthings.fr\/lespetitslivres\/#\/schema\/person\/504d603cacfe064fe039dfa03a8b7918"},"description":"D'apr\u00e8s une histoire vraie, nouveau roman de Delphine de Vigan, sort aujourd'hui aux \u00e9ditions JC Latt\u00e8s. Un livre tr\u00e8s attendu apr\u00e8s la bombe Rien ne s'oppo","breadcrumb":{"@id":"https:\/\/smallthings.fr\/lespetitslivres\/2015\/08\/26\/d-apres-une-histoire-vraie-vigan-critique\/#breadcrumb"},"inLanguage":"fr-FR","potentialAction":[{"@type":"ReadAction","target":["https:\/\/smallthings.fr\/lespetitslivres\/2015\/08\/26\/d-apres-une-histoire-vraie-vigan-critique\/"]}]},{"@type":"BreadcrumbList","@id":"https:\/\/smallthings.fr\/lespetitslivres\/2015\/08\/26\/d-apres-une-histoire-vraie-vigan-critique\/#breadcrumb","itemListElement":[{"@type":"ListItem","position":1,"name":"Accueil","item":"https:\/\/smallthings.fr\/lespetitslivres\/"},{"@type":"ListItem","position":2,"name":"D&rsquo;apr\u00e8s une histoire vraie : Delphine de Vigan et l&rsquo;autofiction"}]},{"@type":"WebSite","@id":"https:\/\/smallthings.fr\/lespetitslivres\/#website","url":"https:\/\/smallthings.fr\/lespetitslivres\/","name":"Les Petits Livres","description":"by Small Things","potentialAction":[{"@type":"SearchAction","target":{"@type":"EntryPoint","urlTemplate":"https:\/\/smallthings.fr\/lespetitslivres\/?s={search_term_string}"},"query-input":"required name=search_term_string"}],"inLanguage":"fr-FR"},{"@type":"Person","@id":"https:\/\/smallthings.fr\/lespetitslivres\/#\/schema\/person\/504d603cacfe064fe039dfa03a8b7918","name":"Claire","image":{"@type":"ImageObject","inLanguage":"fr-FR","@id":"https:\/\/smallthings.fr\/lespetitslivres\/#\/schema\/person\/image\/","url":"https:\/\/secure.gravatar.com\/avatar\/9a85ff83d76b3eb17b8cae208640786e?s=96&d=retro&r=g","contentUrl":"https:\/\/secure.gravatar.com\/avatar\/9a85ff83d76b3eb17b8cae208640786e?s=96&d=retro&r=g","caption":"Claire"},"url":"https:\/\/smallthings.fr\/lespetitslivres\/author\/claire\/"}]}},"jetpack_featured_media_url":"","jetpack_sharing_enabled":true,"jetpack_shortlink":"https:\/\/wp.me\/p6Un21-6Tv","jetpack-related-posts":[{"id":28983,"url":"https:\/\/smallthings.fr\/lespetitslivres\/2015\/11\/03\/delphine-de-vigan-renaudot-extrait\/","url_meta":{"origin":26505,"position":0},"title":"Delphine de Vigan : prix Renaudot 2015 &#8211; extrait de son roman","author":"Claire","date":"3 novembre 2015","format":false,"excerpt":"Delphine de Vigan est laur\u00e9ate du prix Renaudot pour son dernier roman D'apr\u00e8s une histoire vraie, paru aux \u00e9ditions JC Latt\u00e8s. Un prix hautement m\u00e9rit\u00e9, pour un livre quasi exp\u00e9rimental dans lequel l'auteure s'amuse de l'autofiction. Entre v\u00e9rit\u00e9 et mensonge, le personnage principal nous entra\u00eene dans les m\u00e9andres de la\u2026","rel":"","context":"Dans &quot;Actu&quot;","block_context":{"text":"Actu","link":"https:\/\/smallthings.fr\/lespetitslivres\/category\/actu\/"},"img":{"alt_text":"","src":"https:\/\/i0.wp.com\/smallthings.fr\/lespetitslivres\/wp-content\/uploads\/2015\/11\/delphine-de-vigan-renaudot-e1446734490525.jpg?resize=350%2C200&ssl=1","width":350,"height":200},"classes":[]},{"id":31463,"url":"https:\/\/smallthings.fr\/lespetitslivres\/2018\/01\/03\/les-loyautes-delphine-de-vigan\/","url_meta":{"origin":26505,"position":1},"title":"Les loyaut\u00e9s, nouvelle p\u00e9pite de Delphine de Vigan","author":"Claire","date":"3 janvier 2018","format":false,"excerpt":"C'est un roman choral audacieux et ac\u00e9r\u00e9 que Delphine de Vigan nous propose pour cette rentr\u00e9e de janvier chez Latt\u00e8s. Le titre, Les loyaut\u00e9s, en est comme l'explication de texte permanente que l'on se rappelle tout au long de la lecture pour faire r\u00e9sonner les mots \u00e0 sa lumi\u00e8re. L'histoire\u2026","rel":"","context":"Dans &quot;Roman fran\u00e7ais&quot;","block_context":{"text":"Roman fran\u00e7ais","link":"https:\/\/smallthings.fr\/lespetitslivres\/category\/roman\/roman-francais\/"},"img":{"alt_text":"","src":"https:\/\/i0.wp.com\/smallthings.fr\/lespetitslivres\/wp-content\/uploads\/2018\/01\/Delphine-de-Vigan-scaled.jpg?resize=350%2C200&ssl=1","width":350,"height":200,"srcset":"https:\/\/i0.wp.com\/smallthings.fr\/lespetitslivres\/wp-content\/uploads\/2018\/01\/Delphine-de-Vigan-scaled.jpg?resize=350%2C200&ssl=1 1x, https:\/\/i0.wp.com\/smallthings.fr\/lespetitslivres\/wp-content\/uploads\/2018\/01\/Delphine-de-Vigan-scaled.jpg?resize=525%2C300&ssl=1 1.5x, https:\/\/i0.wp.com\/smallthings.fr\/lespetitslivres\/wp-content\/uploads\/2018\/01\/Delphine-de-Vigan-scaled.jpg?resize=700%2C400&ssl=1 2x, https:\/\/i0.wp.com\/smallthings.fr\/lespetitslivres\/wp-content\/uploads\/2018\/01\/Delphine-de-Vigan-scaled.jpg?resize=1050%2C600&ssl=1 3x, https:\/\/i0.wp.com\/smallthings.fr\/lespetitslivres\/wp-content\/uploads\/2018\/01\/Delphine-de-Vigan-scaled.jpg?resize=1400%2C800&ssl=1 4x"},"classes":[]},{"id":10581,"url":"https:\/\/smallthings.fr\/lespetitslivres\/2014\/01\/22\/les-heures-souterraines-delphine-de-vigan\/","url_meta":{"origin":26505,"position":2},"title":"Les heures souterraines &#8211; Delphine de Vigan","author":"Cecile","date":"22 janvier 2014","format":false,"excerpt":"Avec Les heures souterraines, Delphine de Vigan et son \u00e9diteur JC Latt\u00e8s ont cr\u00e9\u00e9 le buzz de la rentr\u00e9e litt\u00e9raire de 2009. A l'\u00e9poque, rebut\u00e9s par la rumeur, l\u2019effet de c\u00e9l\u00e9brit\u00e9, ou simplement ignorants de sa puissance r\u00e9elle, certains ne l'ont pas lu, ou avec retard, comme moi. Retour sur\u2026","rel":"","context":"Dans &quot;Roman fran\u00e7ais&quot;","block_context":{"text":"Roman fran\u00e7ais","link":"https:\/\/smallthings.fr\/lespetitslivres\/category\/roman\/roman-francais\/"},"img":{"alt_text":"delphine-de-vigan","src":"https:\/\/i0.wp.com\/uploads.smallthings.fr\/2014\/01\/delphine-de-vigan.jpg?resize=350%2C200","width":350,"height":200,"srcset":"https:\/\/i0.wp.com\/uploads.smallthings.fr\/2014\/01\/delphine-de-vigan.jpg?resize=350%2C200 1x, https:\/\/i0.wp.com\/uploads.smallthings.fr\/2014\/01\/delphine-de-vigan.jpg?resize=525%2C300 1.5x"},"classes":[]},{"id":7609,"url":"https:\/\/smallthings.fr\/lespetitslivres\/2013\/08\/23\/delphine-bertholon-le-soleil-a-mes-pieds\/","url_meta":{"origin":26505,"position":3},"title":"Delphine Bertholon &#8211; Le soleil \u00e0 mes pieds","author":"Claire","date":"23 ao\u00fbt 2013","format":false,"excerpt":"Continuons notre exploration des sorties de la rentr\u00e9e litt\u00e9raire avec le nouveau roman de Delphine Berthelon qui para\u00eet chez JC Latt\u00e8s.","rel":"","context":"Dans &quot;Roman fran\u00e7ais&quot;","block_context":{"text":"Roman fran\u00e7ais","link":"https:\/\/smallthings.fr\/lespetitslivres\/category\/roman\/roman-francais\/"},"img":{"alt_text":"","src":"","width":0,"height":0},"classes":[]},{"id":30213,"url":"https:\/\/smallthings.fr\/lespetitslivres\/2016\/08\/24\/beaux-rivages-amour-fondamental-bouraoui\/","url_meta":{"origin":26505,"position":4},"title":"Beaux rivages, l&rsquo;amour fondamental par Nina Bouraoui","author":"Claire","date":"24 ao\u00fbt 2016","format":false,"excerpt":"Beaux rivages est le nouveau roman de Nina Bouraoui, qui para\u00eet aujourd'hui chez JC Latt\u00e8s. Apr\u00e8s notamment le tr\u00e8s remarqu\u00e9\u00a0Gar\u00e7on manqu\u00e9, La Vie heureuse, Mes mauvaises pens\u00e9es (prix Renaudot 2005), elle nous propose un roman sur la rupture amoureuse, ses origines, ses d\u00e9g\u00e2ts, et la vie d'apr\u00e8s. Comme l'indique la\u2026","rel":"","context":"Dans &quot;Rentr\u00e9e litt\u00e9raire&quot;","block_context":{"text":"Rentr\u00e9e litt\u00e9raire","link":"https:\/\/smallthings.fr\/lespetitslivres\/category\/rentree-litteraire\/"},"img":{"alt_text":"","src":"https:\/\/i0.wp.com\/smallthings.fr\/lespetitslivres\/wp-content\/uploads\/2016\/08\/beaux-rivages-bouraoui.jpeg?resize=350%2C200&ssl=1","width":350,"height":200,"srcset":"https:\/\/i0.wp.com\/smallthings.fr\/lespetitslivres\/wp-content\/uploads\/2016\/08\/beaux-rivages-bouraoui.jpeg?resize=350%2C200&ssl=1 1x, https:\/\/i0.wp.com\/smallthings.fr\/lespetitslivres\/wp-content\/uploads\/2016\/08\/beaux-rivages-bouraoui.jpeg?resize=525%2C300&ssl=1 1.5x, https:\/\/i0.wp.com\/smallthings.fr\/lespetitslivres\/wp-content\/uploads\/2016\/08\/beaux-rivages-bouraoui.jpeg?resize=700%2C400&ssl=1 2x"},"classes":[]},{"id":30350,"url":"https:\/\/smallthings.fr\/lespetitslivres\/2016\/09\/28\/a-la-fin-le-silence-tardieu\/","url_meta":{"origin":26505,"position":5},"title":"A la fin le silence : la mort puis la vie, de Laurence Tardieu","author":"Claire","date":"28 septembre 2016","format":false,"excerpt":"A la fin le silence est le roman que nous propose Laurence Tardieu pour cette rentr\u00e9e litt\u00e9raire aux \u00e9ditions du Seuil. Apr\u00e8s Le jugement de L\u00e9a, Puisque rien ne dure et Une vie \u00e0 soi, A la fin le silence s'apparente plus \u00e0 un essai litt\u00e9raire qu'\u00e0 une fiction. S'il\u2026","rel":"","context":"Dans &quot;Rentr\u00e9e litt\u00e9raire&quot;","block_context":{"text":"Rentr\u00e9e litt\u00e9raire","link":"https:\/\/smallthings.fr\/lespetitslivres\/category\/rentree-litteraire\/"},"img":{"alt_text":"","src":"https:\/\/i0.wp.com\/smallthings.fr\/lespetitslivres\/wp-content\/uploads\/2016\/09\/laurence-tardieu.jpg?resize=350%2C200&ssl=1","width":350,"height":200,"srcset":"https:\/\/i0.wp.com\/smallthings.fr\/lespetitslivres\/wp-content\/uploads\/2016\/09\/laurence-tardieu.jpg?resize=350%2C200&ssl=1 1x, https:\/\/i0.wp.com\/smallthings.fr\/lespetitslivres\/wp-content\/uploads\/2016\/09\/laurence-tardieu.jpg?resize=525%2C300&ssl=1 1.5x"},"classes":[]}],"_links":{"self":[{"href":"https:\/\/smallthings.fr\/lespetitslivres\/wp-json\/wp\/v2\/posts\/26505"}],"collection":[{"href":"https:\/\/smallthings.fr\/lespetitslivres\/wp-json\/wp\/v2\/posts"}],"about":[{"href":"https:\/\/smallthings.fr\/lespetitslivres\/wp-json\/wp\/v2\/types\/post"}],"author":[{"embeddable":true,"href":"https:\/\/smallthings.fr\/lespetitslivres\/wp-json\/wp\/v2\/users\/2"}],"replies":[{"embeddable":true,"href":"https:\/\/smallthings.fr\/lespetitslivres\/wp-json\/wp\/v2\/comments?post=26505"}],"version-history":[{"count":1,"href":"https:\/\/smallthings.fr\/lespetitslivres\/wp-json\/wp\/v2\/posts\/26505\/revisions"}],"predecessor-version":[{"id":28714,"href":"https:\/\/smallthings.fr\/lespetitslivres\/wp-json\/wp\/v2\/posts\/26505\/revisions\/28714"}],"wp:featuredmedia":[{"embeddable":true,"href":"https:\/\/smallthings.fr\/lespetitslivres\/wp-json\/"}],"wp:attachment":[{"href":"https:\/\/smallthings.fr\/lespetitslivres\/wp-json\/wp\/v2\/media?parent=26505"}],"wp:term":[{"taxonomy":"category","embeddable":true,"href":"https:\/\/smallthings.fr\/lespetitslivres\/wp-json\/wp\/v2\/categories?post=26505"},{"taxonomy":"post_tag","embeddable":true,"href":"https:\/\/smallthings.fr\/lespetitslivres\/wp-json\/wp\/v2\/tags?post=26505"}],"curies":[{"name":"wp","href":"https:\/\/api.w.org\/{rel}","templated":true}]}}