{"id":26351,"date":"2015-08-20T12:00:48","date_gmt":"2015-08-20T11:00:48","guid":{"rendered":"http:\/\/smallthings.fr\/?p=26351"},"modified":"2015-11-02T13:13:21","modified_gmt":"2015-11-02T12:13:21","slug":"les-nuits-de-laitue-vanessa-barbara-critique","status":"publish","type":"post","link":"https:\/\/smallthings.fr\/lespetitslivres\/2015\/08\/20\/les-nuits-de-laitue-vanessa-barbara-critique\/","title":{"rendered":"Les nuits de laitue, premier roman chaotique de Vanessa Barbara"},"content":{"rendered":"<h2><em>Les nuits de laitue<\/em>, premier roman de la portugaise Vanessa Barbara, para\u00eet ce jour aux <a href=\"http:\/\/www.zulma.fr\/livre-les-nuits-de-laitue-572119.html\" target=\"_blank\">\u00e9ditions Zulma<\/a>. Il semble d\u2019abord d\u00e9sordonn\u00e9, sans t\u00eate ni queue. D\u2019autant plus qu\u2019il commence par la fin\u00a0: la mort d\u2019un de ses personnages principaux, Ada, la femme d\u2019Otto. Et que Vanessa Barbara, loin de cr\u00e9er l\u2019atmosph\u00e8re de deuil qui sied bien, embarque imm\u00e9diatement le lecteur dans un p\u00e9riple mouvement\u00e9 au sein du voisinage.<\/h2>\n<p>Ada et Otto ont pour voisins une femme, avec trois chiens tous plus dingues les uns que les autres, dont ils entendent les hurlements adress\u00e9s \u00e0 son fils depuis leur chambre \u00e0 coucher\u00a0; un facteur qui fait expr\u00e8s de ne pas distribuer le courrier aux bons destinataires et chante des chansons absurdes\u00a0; un pr\u00e9parateur de pharmacie obs\u00e9d\u00e9 par les effets secondaires les plus d\u00e9lirants possibles des m\u00e9dicaments\u00a0; une femme f\u00e9rue d\u2019anthropologie fascin\u00e9e par l\u2019Inuit Nanouk&#8230; Et <strong>l\u2019auteur passe d\u2019un portrait \u00e0 l\u2019autre au gr\u00e9 des rencontres et des croisements des uns et des autres, avec un tel brio que le lecteur se retrouve submerg\u00e9 par les d\u00e9tails plus loufoques les uns que les autres de toutes ces vies et de leurs univers<\/strong>.<\/p>\n<p><a href=\"http:\/\/smallthings.fr\/?attachment_id=26357\" rel=\"attachment wp-att-26357\"><img loading=\"lazy\" decoding=\"async\" class=\"alignright size-medium wp-image-26357\" src=\"http:\/\/smallthings.fr\/wp-content\/uploads\/2015\/08\/nuits-de-laitue-198x300.jpg\" alt=\"LaSolutionEsquimauAW\" width=\"198\" height=\"300\" \/><\/a>On se noie dans cette absurdit\u00e9 baroque, presque ubuesque, qui crie, qui rit, qui s\u2019invective, qui se bouscule, qui tient des discours tous plus frapp\u00e9s les uns que les autres&#8230; Si bien qu\u2019on n\u2019est pas loin d\u2019adopter l\u2019attitude de repli complet d\u2019Otto qui n\u2019a plus la patience ni l\u2019envie de les supporter depuis la mort de sa femme, et de vouloir refermer le livre. D\u2019autant plus que les allers-retours dans la chronologie, entre le temps o\u00f9 Ada \u00e9tait vivante et celui o\u00f9 elle est morte, donnent l\u2019impression que <strong><em>Les nuits de laitue<\/em><\/strong> saute en permanence du coq \u00e0 l\u2019\u00e2ne.<\/p>\n<p>Mais, peu \u00e0 peu, on se laisse emporter dans ce microcosme cocasse, dans lequel apparaissent parfois, en filigrane, les indices d\u2019un fil rouge \u00e9trange. Est-ce de la parano\u00efa de la part d\u2019Otto, lecteur ardent de romans policiers\u00a0? Un pur concours de co\u00efncidences, d\u00fb \u00e0 la folie douce de Iolanda ou de Teresa\u00a0? Ou faut-il vraiment y voir une \u00e9nigme\u00a0? Alors on creuse\u00a0; on guette\u00a0; on cherche \u00e0 trouver une coh\u00e9rence. Et assez incroyablement, lors des derni\u00e8res pages, tout tombe enfin en place, se d\u00e9noue\u00a0: au beau milieu de cette invraisemblance surgit la vraisemblance, comme un petit bijou inattendu, inesp\u00e9r\u00e9, qui tire son \u00e9clat pr\u00e9cis\u00e9ment de toute cette absurdit\u00e9 qui l\u2019entoure. Comme l\u2019attitude terre-\u00e0-terre d\u2019Otto qui est rehauss\u00e9e, rendue originale par le comportement diam\u00e9tralement oppos\u00e9 de ses voisins.<\/p>\n<p><strong><em>Les nuits de laitue<\/em> est un roman policier qui se cache sous des airs de fable baroque et excentrique, qui se sert du chaos de la vie pour mieux camoufler les ficelles de son intrigue. Et c\u2019est r\u00e9ussi.<\/strong><\/p>\n<div id=\"attachment_26358\" style=\"width: 163px\" class=\"wp-caption alignleft\"><a href=\"http:\/\/smallthings.fr\/?attachment_id=26358\" rel=\"attachment wp-att-26358\"><img loading=\"lazy\" decoding=\"async\" aria-describedby=\"caption-attachment-26358\" class=\" wp-image-26358\" src=\"http:\/\/smallthings.fr\/wp-content\/uploads\/2015\/08\/nuits-laitue-vanessa-barbara-200x300.jpg\" alt=\"Vanessa Barbara\" width=\"153\" height=\"230\" \/><\/a><p id=\"caption-attachment-26358\" class=\"wp-caption-text\">Vanessa Barbara<\/p><\/div>\n<p>Ce qui emp\u00eache le lecteur de l\u00e2cher prise avant ce d\u00e9nouement qui rach\u00e8te tout, c\u2019est aussi la belle \u00e9nergie du r\u00e9cit et ce ton amus\u00e9 de l\u2019auteur, comme si elle ne se prenait elle-m\u00eame pas au s\u00e9rieux devant la loufoquerie de ses personnages et de son univers. Cela aide \u00e0 jouer le jeu et \u00e0 se laisser aller plus facilement, sans s\u2019\u00e9vertuer \u00e0 garder \u00e0 toute force un bon sens qui g\u00e2cherait finalement le plaisir de la lecture. Alors, oui, certains aspects sont encore esquiss\u00e9s plut\u00f4t que ma\u00eetris\u00e9s, quelques fils de la trame ne sont jamais nou\u00e9s et la tapisserie d\u2019ensemble reste inachev\u00e9e en plusieurs endroits \u00e0 la fin du r\u00e9cit. Mais l\u2019esprit, l\u2019allant de l\u2019auteur traverse le r\u00e9cit de bout en bout\u00a0; si bien que le r\u00e9cit ne peut que suivre, port\u00e9 jusqu\u2019\u00e0 son d\u00e9nouement d\u2019un seul \u00e9lan, toutes voiles d\u00e9ploy\u00e9es. Et <strong><em>Les nuits de laitue<\/em><\/strong> se trouve tant et si bien rehauss\u00e9 qu\u2019il finit par contaminer le lecteur et l\u2019entra\u00eener dans son univers.<\/p>\n<p>Ne serait-ce que pour ce tour de force, et cette bonne humeur exub\u00e9rante, <strong><em>Les nuits de laitue<\/em><\/strong> m\u00e9rite le d\u00e9tour.<\/p>\n<blockquote><p>\u00ab\u00a0Derni\u00e8rement, il lui venait d\u2019\u00e9tranges pens\u00e9es. Il apercevait, de temps en temps, un gar\u00e7on roux et t\u00e9n\u00e9breux qui d\u00e9ambulait dans le quartier, tel un spectre. Otto avait la sensation que quelque chose clochait autour de lui, comme dans ces films \u00e0 suspense qu\u2019il regardait\u00a0: des voisins anxieux, une repasseuse incomp\u00e9tente, un rem\u00e8de qui accroissait la force musculaire, une invasion de cafards. Une agrafeuse sortie de nulle part au fond d\u2019un seau. Sa femme au centre de tout cela. Des pistes al\u00e9atoires sans qu\u2019il y ait de narrateur en voix off pour les rassembler en une histoire sanglante de dissimulation et de mort, gr\u00e2ce \u00e0 une trame complexe dont tous les points seraient finalement reli\u00e9s, permettant ainsi au spectateur d\u2019aller dormir tranquille.\u00a0\u00bb<\/p><\/blockquote>\n","protected":false},"excerpt":{"rendered":"<p>Les nuits de laitue, premier roman de la portugaise Vanessa Barbara, para\u00eet ce jour aux \u00e9ditions Zulma. Il semble d\u2019abord d\u00e9sordonn\u00e9, sans t\u00eate ni queue. D\u2019autant plus qu\u2019il commence par la fin\u00a0: la mort d\u2019un de ses personnages principaux, Ada, la femme d\u2019Otto. Et que Vanessa Barbara, loin de cr\u00e9er l\u2019atmosph\u00e8re de deuil qui sied<\/p>\n","protected":false},"author":13,"featured_media":26356,"comment_status":"open","ping_status":"open","sticky":false,"template":"","format":"standard","meta":{"jetpack_post_was_ever_published":false,"_jetpack_newsletter_access":"","_jetpack_newsletter_tier_id":0,"footnotes":"","jetpack_publicize_message":"","jetpack_is_tweetstorm":false,"jetpack_publicize_feature_enabled":true,"jetpack_social_post_already_shared":false,"jetpack_social_options":{"image_generator_settings":{"template":"highway","enabled":false}}},"categories":[45,1118],"tags":[252,51,32,253],"jetpack_publicize_connections":[],"yoast_head":"<!-- This site is optimized with the Yoast SEO plugin v21.5 - https:\/\/yoast.com\/wordpress\/plugins\/seo\/ -->\n<title>Les nuits de laitue, premier roman chaotique de Vanessa Barbara<\/title>\n<meta name=\"description\" content=\"Les nuits de laitue, premier roman de la portugaise Vanessa Barbara, para\u00eet ce jour aux \u00e9ditions Zulma. Il semble d\u2019abord d\u00e9sordonn\u00e9, sans t\u00eate ni queue.\" \/>\n<meta name=\"robots\" content=\"index, follow, max-snippet:-1, max-image-preview:large, max-video-preview:-1\" \/>\n<link rel=\"canonical\" href=\"https:\/\/smallthings.fr\/lespetitslivres\/2015\/08\/20\/les-nuits-de-laitue-vanessa-barbara-critique\/\" \/>\n<meta property=\"og:locale\" content=\"fr_FR\" \/>\n<meta property=\"og:type\" content=\"article\" \/>\n<meta property=\"og:title\" content=\"Les nuits de laitue, premier roman chaotique de Vanessa Barbara\" \/>\n<meta property=\"og:description\" content=\"Les nuits de laitue, premier roman de la portugaise Vanessa Barbara, para\u00eet ce jour aux \u00e9ditions Zulma. Il semble d\u2019abord d\u00e9sordonn\u00e9, sans t\u00eate ni queue.\" \/>\n<meta property=\"og:url\" content=\"https:\/\/smallthings.fr\/lespetitslivres\/2015\/08\/20\/les-nuits-de-laitue-vanessa-barbara-critique\/\" \/>\n<meta property=\"og:site_name\" content=\"Les Petits Livres\" \/>\n<meta property=\"article:published_time\" content=\"2015-08-20T11:00:48+00:00\" \/>\n<meta property=\"article:modified_time\" content=\"2015-11-02T12:13:21+00:00\" \/>\n<meta name=\"author\" content=\"Cecile\" \/>\n<meta name=\"twitter:card\" content=\"summary_large_image\" \/>\n<meta name=\"twitter:label1\" content=\"\u00c9crit par\" \/>\n\t<meta name=\"twitter:data1\" content=\"Cecile\" \/>\n\t<meta name=\"twitter:label2\" content=\"Dur\u00e9e de lecture estim\u00e9e\" \/>\n\t<meta name=\"twitter:data2\" content=\"4 minutes\" \/>\n<script type=\"application\/ld+json\" class=\"yoast-schema-graph\">{\"@context\":\"https:\/\/schema.org\",\"@graph\":[{\"@type\":\"WebPage\",\"@id\":\"https:\/\/smallthings.fr\/lespetitslivres\/2015\/08\/20\/les-nuits-de-laitue-vanessa-barbara-critique\/\",\"url\":\"https:\/\/smallthings.fr\/lespetitslivres\/2015\/08\/20\/les-nuits-de-laitue-vanessa-barbara-critique\/\",\"name\":\"Les nuits de laitue, premier roman chaotique de Vanessa Barbara\",\"isPartOf\":{\"@id\":\"https:\/\/smallthings.fr\/lespetitslivres\/#website\"},\"datePublished\":\"2015-08-20T11:00:48+00:00\",\"dateModified\":\"2015-11-02T12:13:21+00:00\",\"author\":{\"@id\":\"https:\/\/smallthings.fr\/lespetitslivres\/#\/schema\/person\/7b3de8ef611f2b29f758a00cad7cafb2\"},\"description\":\"Les nuits de laitue, premier roman de la portugaise Vanessa Barbara, para\u00eet ce jour aux \u00e9ditions Zulma. Il semble d\u2019abord d\u00e9sordonn\u00e9, sans t\u00eate ni queue.\",\"breadcrumb\":{\"@id\":\"https:\/\/smallthings.fr\/lespetitslivres\/2015\/08\/20\/les-nuits-de-laitue-vanessa-barbara-critique\/#breadcrumb\"},\"inLanguage\":\"fr-FR\",\"potentialAction\":[{\"@type\":\"ReadAction\",\"target\":[\"https:\/\/smallthings.fr\/lespetitslivres\/2015\/08\/20\/les-nuits-de-laitue-vanessa-barbara-critique\/\"]}]},{\"@type\":\"BreadcrumbList\",\"@id\":\"https:\/\/smallthings.fr\/lespetitslivres\/2015\/08\/20\/les-nuits-de-laitue-vanessa-barbara-critique\/#breadcrumb\",\"itemListElement\":[{\"@type\":\"ListItem\",\"position\":1,\"name\":\"Accueil\",\"item\":\"https:\/\/smallthings.fr\/lespetitslivres\/\"},{\"@type\":\"ListItem\",\"position\":2,\"name\":\"Les nuits de laitue, premier roman chaotique de Vanessa Barbara\"}]},{\"@type\":\"WebSite\",\"@id\":\"https:\/\/smallthings.fr\/lespetitslivres\/#website\",\"url\":\"https:\/\/smallthings.fr\/lespetitslivres\/\",\"name\":\"Les Petits Livres\",\"description\":\"by Small Things\",\"potentialAction\":[{\"@type\":\"SearchAction\",\"target\":{\"@type\":\"EntryPoint\",\"urlTemplate\":\"https:\/\/smallthings.fr\/lespetitslivres\/?s={search_term_string}\"},\"query-input\":\"required name=search_term_string\"}],\"inLanguage\":\"fr-FR\"},{\"@type\":\"Person\",\"@id\":\"https:\/\/smallthings.fr\/lespetitslivres\/#\/schema\/person\/7b3de8ef611f2b29f758a00cad7cafb2\",\"name\":\"Cecile\",\"image\":{\"@type\":\"ImageObject\",\"inLanguage\":\"fr-FR\",\"@id\":\"https:\/\/smallthings.fr\/lespetitslivres\/#\/schema\/person\/image\/\",\"url\":\"https:\/\/secure.gravatar.com\/avatar\/a855fa1dbad38b06e97132a8a6579746?s=96&d=retro&r=g\",\"contentUrl\":\"https:\/\/secure.gravatar.com\/avatar\/a855fa1dbad38b06e97132a8a6579746?s=96&d=retro&r=g\",\"caption\":\"Cecile\"},\"url\":\"https:\/\/smallthings.fr\/lespetitslivres\/author\/cecile\/\"}]}<\/script>\n<!-- \/ Yoast SEO plugin. -->","yoast_head_json":{"title":"Les nuits de laitue, premier roman chaotique de Vanessa Barbara","description":"Les nuits de laitue, premier roman de la portugaise Vanessa Barbara, para\u00eet ce jour aux \u00e9ditions Zulma. Il semble d\u2019abord d\u00e9sordonn\u00e9, sans t\u00eate ni queue.","robots":{"index":"index","follow":"follow","max-snippet":"max-snippet:-1","max-image-preview":"max-image-preview:large","max-video-preview":"max-video-preview:-1"},"canonical":"https:\/\/smallthings.fr\/lespetitslivres\/2015\/08\/20\/les-nuits-de-laitue-vanessa-barbara-critique\/","og_locale":"fr_FR","og_type":"article","og_title":"Les nuits de laitue, premier roman chaotique de Vanessa Barbara","og_description":"Les nuits de laitue, premier roman de la portugaise Vanessa Barbara, para\u00eet ce jour aux \u00e9ditions Zulma. Il semble d\u2019abord d\u00e9sordonn\u00e9, sans t\u00eate ni queue.","og_url":"https:\/\/smallthings.fr\/lespetitslivres\/2015\/08\/20\/les-nuits-de-laitue-vanessa-barbara-critique\/","og_site_name":"Les Petits Livres","article_published_time":"2015-08-20T11:00:48+00:00","article_modified_time":"2015-11-02T12:13:21+00:00","author":"Cecile","twitter_card":"summary_large_image","twitter_misc":{"\u00c9crit par":"Cecile","Dur\u00e9e de lecture estim\u00e9e":"4 minutes"},"schema":{"@context":"https:\/\/schema.org","@graph":[{"@type":"WebPage","@id":"https:\/\/smallthings.fr\/lespetitslivres\/2015\/08\/20\/les-nuits-de-laitue-vanessa-barbara-critique\/","url":"https:\/\/smallthings.fr\/lespetitslivres\/2015\/08\/20\/les-nuits-de-laitue-vanessa-barbara-critique\/","name":"Les nuits de laitue, premier roman chaotique de Vanessa Barbara","isPartOf":{"@id":"https:\/\/smallthings.fr\/lespetitslivres\/#website"},"datePublished":"2015-08-20T11:00:48+00:00","dateModified":"2015-11-02T12:13:21+00:00","author":{"@id":"https:\/\/smallthings.fr\/lespetitslivres\/#\/schema\/person\/7b3de8ef611f2b29f758a00cad7cafb2"},"description":"Les nuits de laitue, premier roman de la portugaise Vanessa Barbara, para\u00eet ce jour aux \u00e9ditions Zulma. Il semble d\u2019abord d\u00e9sordonn\u00e9, sans t\u00eate ni queue.","breadcrumb":{"@id":"https:\/\/smallthings.fr\/lespetitslivres\/2015\/08\/20\/les-nuits-de-laitue-vanessa-barbara-critique\/#breadcrumb"},"inLanguage":"fr-FR","potentialAction":[{"@type":"ReadAction","target":["https:\/\/smallthings.fr\/lespetitslivres\/2015\/08\/20\/les-nuits-de-laitue-vanessa-barbara-critique\/"]}]},{"@type":"BreadcrumbList","@id":"https:\/\/smallthings.fr\/lespetitslivres\/2015\/08\/20\/les-nuits-de-laitue-vanessa-barbara-critique\/#breadcrumb","itemListElement":[{"@type":"ListItem","position":1,"name":"Accueil","item":"https:\/\/smallthings.fr\/lespetitslivres\/"},{"@type":"ListItem","position":2,"name":"Les nuits de laitue, premier roman chaotique de Vanessa Barbara"}]},{"@type":"WebSite","@id":"https:\/\/smallthings.fr\/lespetitslivres\/#website","url":"https:\/\/smallthings.fr\/lespetitslivres\/","name":"Les Petits Livres","description":"by Small Things","potentialAction":[{"@type":"SearchAction","target":{"@type":"EntryPoint","urlTemplate":"https:\/\/smallthings.fr\/lespetitslivres\/?s={search_term_string}"},"query-input":"required name=search_term_string"}],"inLanguage":"fr-FR"},{"@type":"Person","@id":"https:\/\/smallthings.fr\/lespetitslivres\/#\/schema\/person\/7b3de8ef611f2b29f758a00cad7cafb2","name":"Cecile","image":{"@type":"ImageObject","inLanguage":"fr-FR","@id":"https:\/\/smallthings.fr\/lespetitslivres\/#\/schema\/person\/image\/","url":"https:\/\/secure.gravatar.com\/avatar\/a855fa1dbad38b06e97132a8a6579746?s=96&d=retro&r=g","contentUrl":"https:\/\/secure.gravatar.com\/avatar\/a855fa1dbad38b06e97132a8a6579746?s=96&d=retro&r=g","caption":"Cecile"},"url":"https:\/\/smallthings.fr\/lespetitslivres\/author\/cecile\/"}]}},"jetpack_featured_media_url":"","jetpack_sharing_enabled":true,"jetpack_shortlink":"https:\/\/wp.me\/p6Un21-6R1","jetpack-related-posts":[{"id":31799,"url":"https:\/\/smallthings.fr\/lespetitslivres\/2018\/09\/04\/trancher-amelie-cordonnier-roman-avis\/","url_meta":{"origin":26351,"position":0},"title":"Trancher, quand les mots d\u00e9truisent : le premier roman d&rsquo;Am\u00e9lie Cordonnier","author":"Claire","date":"4 septembre 2018","format":false,"excerpt":"En cette Rentr\u00e9e litt\u00e9raire, la journaliste Am\u00e9lie Cordonnier publie son premier roman, Trancher, chez Flammarion. Un livre difficile qui aborde le sujet de la violence conjugale verbale. L'h\u00e9ro\u00efne est en couple avec Aur\u00e9lien. Ils ont deux enfants. Apr\u00e8s des ann\u00e9es de tr\u00eave, Aur\u00e9lien recommence \u00e0 l'insulter, et ce devant leurs\u2026","rel":"","context":"Dans &quot;Roman fran\u00e7ais&quot;","block_context":{"text":"Roman fran\u00e7ais","link":"https:\/\/smallthings.fr\/lespetitslivres\/category\/roman\/roman-francais\/"},"img":{"alt_text":"","src":"https:\/\/i0.wp.com\/smallthings.fr\/lespetitslivres\/wp-content\/uploads\/2018\/09\/trancher-cordonnier-cover.jpg?resize=350%2C200&ssl=1","width":350,"height":200,"srcset":"https:\/\/i0.wp.com\/smallthings.fr\/lespetitslivres\/wp-content\/uploads\/2018\/09\/trancher-cordonnier-cover.jpg?resize=350%2C200&ssl=1 1x, https:\/\/i0.wp.com\/smallthings.fr\/lespetitslivres\/wp-content\/uploads\/2018\/09\/trancher-cordonnier-cover.jpg?resize=525%2C300&ssl=1 1.5x"},"classes":[]},{"id":30163,"url":"https:\/\/smallthings.fr\/lespetitslivres\/2016\/08\/28\/10-04-ben-lerner-roman-critique\/","url_meta":{"origin":26351,"position":1},"title":"10:04 de Ben Lerner : le roman du romancier","author":"Diane Norric","date":"28 ao\u00fbt 2016","format":false,"excerpt":"10:04 est le second roman de l'Am\u00e9ricain Ben Lerner, que publient les \u00e9ditions de l\u2019Olivier en cette rentr\u00e9e litt\u00e9raire. Le premier roman de l'auteur, Au d\u00e9part d\u2019Atocha, encens\u00e9 par la critique anglo-saxonne \u00e9tait paru en fran\u00e7ais chez le m\u00eame \u00e9diteur. 10:04 est lui aussi pr\u00e9c\u00e9d\u00e9 d\u2019une flatteuse r\u00e9putation. Dans ce\u2026","rel":"","context":"Dans &quot;Rentr\u00e9e litt\u00e9raire&quot;","block_context":{"text":"Rentr\u00e9e litt\u00e9raire","link":"https:\/\/smallthings.fr\/lespetitslivres\/category\/rentree-litteraire\/"},"img":{"alt_text":"","src":"https:\/\/i0.wp.com\/smallthings.fr\/lespetitslivres\/wp-content\/uploads\/2016\/07\/10-04-lerner-couv.jpg?resize=350%2C200&ssl=1","width":350,"height":200,"srcset":"https:\/\/i0.wp.com\/smallthings.fr\/lespetitslivres\/wp-content\/uploads\/2016\/07\/10-04-lerner-couv.jpg?resize=350%2C200&ssl=1 1x, https:\/\/i0.wp.com\/smallthings.fr\/lespetitslivres\/wp-content\/uploads\/2016\/07\/10-04-lerner-couv.jpg?resize=525%2C300&ssl=1 1.5x, https:\/\/i0.wp.com\/smallthings.fr\/lespetitslivres\/wp-content\/uploads\/2016\/07\/10-04-lerner-couv.jpg?resize=700%2C400&ssl=1 2x, https:\/\/i0.wp.com\/smallthings.fr\/lespetitslivres\/wp-content\/uploads\/2016\/07\/10-04-lerner-couv.jpg?resize=1050%2C600&ssl=1 3x"},"classes":[]},{"id":26589,"url":"https:\/\/smallthings.fr\/lespetitslivres\/2015\/08\/29\/a-l-enseigne-du-coeur-epris-pigeat-critique\/","url_meta":{"origin":26351,"position":2},"title":"\u00c0 l\u2019enseigne du c\u0153ur \u00e9pris : premier roman de Jean-Fran\u00e7ois Pigeat","author":"Audrey Ch\u00e8vrefeuille","date":"29 ao\u00fbt 2015","format":false,"excerpt":"\u00c0 l\u2019enseigne du c\u0153ur \u00e9pris est le premier roman de Jean-Fran\u00e7ois Pigeat, paru au Dilettante pour la rentr\u00e9e litt\u00e9raire. \u00c0 l\u2019enseigne du c\u0153ur \u00e9pris est l\u2019histoire d\u2019un type. Et d\u2019une femme. La vie les a marqu\u00e9s, le mariage ne leur a pas r\u00e9ussi. Lass\u00e9s du c\u00e9libat mais devenus exigeants par\u2026","rel":"","context":"Dans &quot;Rentr\u00e9e Litt\u00e9raire&quot;","block_context":{"text":"Rentr\u00e9e Litt\u00e9raire","link":"https:\/\/smallthings.fr\/lespetitslivres\/category\/rentree-litteraire-2015\/"},"img":{"alt_text":"","src":"","width":0,"height":0},"classes":[]},{"id":30207,"url":"https:\/\/smallthings.fr\/lespetitslivres\/2016\/08\/24\/metamorphose-d-un-crabe-univers-carceral\/","url_meta":{"origin":26351,"position":3},"title":"M\u00e9tamorphose d&rsquo;un crabe, au c\u0153ur de l&rsquo;univers carc\u00e9ral","author":"Audrey Ch\u00e8vrefeuille","date":"24 ao\u00fbt 2016","format":false,"excerpt":"Apr\u00e8s un recueil de nouvelles en 2003, Sylvie Dazy propose M\u00e9tamorphose d\u2019un crabe, un roman audacieux. Publi\u00e9 au Dilettante pour cette rentr\u00e9e litt\u00e9raire, il nous plonge dans le difficile univers carc\u00e9ral. \u00c9crire un grand livre sur la prison\u00a0: voil\u00e0 un projet surprenant et ambitieux dans lequel s\u2019est lanc\u00e9e Sylvie Dazy.\u2026","rel":"","context":"Dans &quot;Rentr\u00e9e litt\u00e9raire&quot;","block_context":{"text":"Rentr\u00e9e litt\u00e9raire","link":"https:\/\/smallthings.fr\/lespetitslivres\/category\/rentree-litteraire\/"},"img":{"alt_text":"","src":"https:\/\/i0.wp.com\/smallthings.fr\/lespetitslivres\/wp-content\/uploads\/2016\/08\/sylvie-dazy-metamorphose.jpg?resize=350%2C200&ssl=1","width":350,"height":200,"srcset":"https:\/\/i0.wp.com\/smallthings.fr\/lespetitslivres\/wp-content\/uploads\/2016\/08\/sylvie-dazy-metamorphose.jpg?resize=350%2C200&ssl=1 1x, https:\/\/i0.wp.com\/smallthings.fr\/lespetitslivres\/wp-content\/uploads\/2016\/08\/sylvie-dazy-metamorphose.jpg?resize=525%2C300&ssl=1 1.5x, https:\/\/i0.wp.com\/smallthings.fr\/lespetitslivres\/wp-content\/uploads\/2016\/08\/sylvie-dazy-metamorphose.jpg?resize=700%2C400&ssl=1 2x, https:\/\/i0.wp.com\/smallthings.fr\/lespetitslivres\/wp-content\/uploads\/2016\/08\/sylvie-dazy-metamorphose.jpg?resize=1050%2C600&ssl=1 3x"},"classes":[]},{"id":26290,"url":"https:\/\/smallthings.fr\/lespetitslivres\/2015\/08\/19\/petits-plats-de-resistance-pujol-critique\/","url_meta":{"origin":26351,"position":4},"title":"Petits plats de r\u00e9sistance : le premier roman de Pascale Pujol","author":"Audrey Ch\u00e8vrefeuille","date":"19 ao\u00fbt 2015","format":false,"excerpt":"Avec Petits plats de r\u00e9sistance, de Pascale Pujol signe l'une des publications les plus originales de cette rentr\u00e9e litt\u00e9raire aux \u00e9ditions du Dilettante. Un premier roman pour cette auteure, qui s\u2019\u00e9tait auparavant essay\u00e9e au recueil de nouvelles en 2014 avec Fragments d\u2019un texto amoureux, publi\u00e9 aux \u00e9ditions Quadrature, un \u00e9diteur\u2026","rel":"","context":"Dans &quot;Rentr\u00e9e Litt\u00e9raire&quot;","block_context":{"text":"Rentr\u00e9e Litt\u00e9raire","link":"https:\/\/smallthings.fr\/lespetitslivres\/category\/rentree-litteraire-2015\/"},"img":{"alt_text":"","src":"https:\/\/i0.wp.com\/smallthings.fr\/wp-content\/uploads\/2015\/08\/petits-plats-de-resistance.jpg?resize=350%2C200","width":350,"height":200},"classes":[]},{"id":26444,"url":"https:\/\/smallthings.fr\/lespetitslivres\/2015\/08\/24\/la-maladroite-alexandre-seurat-critique\/","url_meta":{"origin":26351,"position":5},"title":"La maladroite, premier roman d&rsquo;Alexandre Seurat","author":"Claire","date":"24 ao\u00fbt 2015","format":false,"excerpt":"La maladroite, premier roman d'Alexandre Seurat, est le bijou inattendu de cette rentr\u00e9e litt\u00e9raire. Paru aux \u00e9ditions du Rouergue le 19 ao\u00fbt, il a d\u00e9j\u00e0 remport\u00e9 le coup de c\u0153ur des magasins Cultura, qui lui assure une belle visibilit\u00e9. Il est \u00e9galement finaliste du Prix Roman Fnac 2015, et on\u2026","rel":"","context":"Dans &quot;Rentr\u00e9e Litt\u00e9raire&quot;","block_context":{"text":"Rentr\u00e9e Litt\u00e9raire","link":"https:\/\/smallthings.fr\/lespetitslivres\/category\/rentree-litteraire-2015\/"},"img":{"alt_text":"","src":"https:\/\/i0.wp.com\/smallthings.fr\/wp-content\/uploads\/2015\/08\/la-maladroite-205x300.jpg?resize=350%2C200","width":350,"height":200},"classes":[]}],"_links":{"self":[{"href":"https:\/\/smallthings.fr\/lespetitslivres\/wp-json\/wp\/v2\/posts\/26351"}],"collection":[{"href":"https:\/\/smallthings.fr\/lespetitslivres\/wp-json\/wp\/v2\/posts"}],"about":[{"href":"https:\/\/smallthings.fr\/lespetitslivres\/wp-json\/wp\/v2\/types\/post"}],"author":[{"embeddable":true,"href":"https:\/\/smallthings.fr\/lespetitslivres\/wp-json\/wp\/v2\/users\/13"}],"replies":[{"embeddable":true,"href":"https:\/\/smallthings.fr\/lespetitslivres\/wp-json\/wp\/v2\/comments?post=26351"}],"version-history":[{"count":1,"href":"https:\/\/smallthings.fr\/lespetitslivres\/wp-json\/wp\/v2\/posts\/26351\/revisions"}],"predecessor-version":[{"id":28724,"href":"https:\/\/smallthings.fr\/lespetitslivres\/wp-json\/wp\/v2\/posts\/26351\/revisions\/28724"}],"wp:featuredmedia":[{"embeddable":true,"href":"https:\/\/smallthings.fr\/lespetitslivres\/wp-json\/"}],"wp:attachment":[{"href":"https:\/\/smallthings.fr\/lespetitslivres\/wp-json\/wp\/v2\/media?parent=26351"}],"wp:term":[{"taxonomy":"category","embeddable":true,"href":"https:\/\/smallthings.fr\/lespetitslivres\/wp-json\/wp\/v2\/categories?post=26351"},{"taxonomy":"post_tag","embeddable":true,"href":"https:\/\/smallthings.fr\/lespetitslivres\/wp-json\/wp\/v2\/tags?post=26351"}],"curies":[{"name":"wp","href":"https:\/\/api.w.org\/{rel}","templated":true}]}}