{"id":26333,"date":"2015-08-18T15:20:00","date_gmt":"2015-08-18T14:20:00","guid":{"rendered":"http:\/\/smallthings.fr\/?p=26333"},"modified":"2015-11-02T13:14:40","modified_gmt":"2015-11-02T12:14:40","slug":"quatre-ans-plus-tard-romance-murphy","status":"publish","type":"post","link":"https:\/\/smallthings.fr\/lespetitslivres\/2015\/08\/18\/quatre-ans-plus-tard-romance-murphy\/","title":{"rendered":"Quatre ans plus tard : la nouvelle romance de Monica Murphy"},"content":{"rendered":"<h2><em>Quatre ans plus tard, <\/em>la suite directe de <em>Deux mois sans elle<\/em> de Monica Murphy, est sortie aux <a href=\"http:\/\/www.milady.fr\/livres\/view\/quatre-ans-plus-tard\" target=\"_blank\">\u00e9ditions Milady<\/a> le 10 juillet dernier. C\u2019est au tour d\u2019Owen, le petit fr\u00e8re de Fable, de nous raconter ses m\u00e9saventures.<\/h2>\n<p>Dans <strong><em>Deux mois sans elle<\/em><\/strong>, on d\u00e9couvrait Owen, le petit fr\u00e8re de Fable, qui \u00e9tait un jeune homme tr\u00e8s touchant et int\u00e9ressant. Il \u00e9tait donc logique que Monica Murphy en fasse son personnage principal dans un nouveau livre. <strong><em>Quatre ans plus tard<\/em><\/strong> raconte comment Owen, arriv\u00e9 maintenant au lyc\u00e9e, commence \u00e0 d\u00e9raper. Il cumule les f\u00eates, les joints et les filles si bien que ses notes sont en chute libre. S\u2019il ne change pas tout de suite de comportement et qu\u2019il ne rattrape pas tous les cours qu\u2019il a en retard, il sera vir\u00e9 de l\u2019\u00e9quipe de foot. On le confie donc aux bons soins de Chelsea, une jeune fille brillante, s\u00e9rieuse et terriblement timide. Ces deux-l\u00e0, bien que totalement diff\u00e9rents, vont rapidement prendre conscience de leur attirance mutuelle.<\/p>\n<p><strong><em><a href=\"http:\/\/smallthings.fr\/?attachment_id=26337\" rel=\"attachment wp-att-26337\"><img loading=\"lazy\" decoding=\"async\" class=\"alignright size-medium wp-image-26337\" src=\"http:\/\/smallthings.fr\/wp-content\/uploads\/2015\/08\/quatre-ans-plus-tard-200x300.jpg\" alt=\"quatre-ans-plus-tard\" width=\"200\" height=\"300\" \/><\/a>Quatre ans plus tard<\/em><\/strong> <strong>est un meilleur roman que<\/strong> <strong><em>Deux mois sans elle<\/em><\/strong> dans le sens o\u00f9 l\u2019histoire est bien plus prenante. Les difficult\u00e9s que rencontrent Owen sont terribles et Chelsea est elle aussi un personnage sombre et attachant. Le lecteur comprend tr\u00e8s vite que les choses vont aller plus loin entre eux mais l\u2019histoire est, cette fois-ci, tr\u00e8s bien amen\u00e9e. Si le style d\u2019\u00e9criture de l\u2019auteure me fait toujours un petit peu tiquer, il en va autrement de sa facult\u00e9 \u00e0 amener de la vraisemblance dans ses romances gr\u00e2ce \u00e0 des personnages toujours plus complexes.<\/p>\n<p>La m\u00e8re de Fable et Owen refera son apparition dans ce roman pour concr\u00e9tiser son but ultime\u00a0: chambouler la vie de ses enfants. Owen sera directement touch\u00e9 par ce retour maternel et devra faire face \u00e0 tous ses probl\u00e8mes. Fable et Drew, quant \u00e0 eux, seront tr\u00e8s pr\u00e9sents dans <strong><em>Quatre ans plus tard<\/em><\/strong> et seront d\u2019ailleurs bien plus int\u00e9ressants que dans le livre qui leur \u00e9tait consacr\u00e9, <strong><em>Deux mois sans elle<\/em><\/strong>.<\/p>\n<p>En conclusion, <strong><em>Quatre ans plus tard<\/em><\/strong> est une romance sympathique \u00e0 lire. Les personnages ainsi que leurs histoires personnelles sont tr\u00e8s bien cr\u00e9\u00e9s. Le seul b\u00e9mol r\u00e9sidera dans l\u2019\u00e9criture de l\u2019auteure\u2026 ou bien peut-\u00eatre du traducteur. Un style franchement enfantin qui nous fait penser \u00e0 l\u2019\u00e9criture de romans pour les 12-13 ans mais qui d\u00e9crit tout de m\u00eame des sc\u00e8nes \u00e9rotiques. Perturbant\u00a0! La saga de Monica Murphy est cependant int\u00e9ressante et<strong> la v\u00e9racit\u00e9 de ses histoires en est son point fort.<\/strong><\/p>\n<blockquote><p>\u00ab\u00a0Je ne veux pas qu\u2019elle tra\u00eene dans les parages trop longtemps. Elle finirait par me demander encore et toujours plus. Elle en r\u00e9clame toujours d\u2019avantage.<\/p>\n<p>Devant son silence, je lui\u00a0 lance\u00a0:<\/p>\n<p>&#8211; Qu\u2019est-ce que tu veux\u00a0?<\/p>\n<p>Maman tressaille et soupire.<\/p>\n<p>&#8211; Tr\u00e8s bien. Si tu pr\u00e9f\u00e8res jouer cartes sur table\u2026 J\u2019ai besoin d\u2019argent.<\/p>\n<p>Evidemment. C\u2019est toujours le cas.\u00a0\u00bb<\/p><\/blockquote>\n","protected":false},"excerpt":{"rendered":"<p>Quatre ans plus tard, la suite directe de Deux mois sans elle de Monica Murphy, est sortie aux \u00e9ditions Milady le 10 juillet dernier. C\u2019est au tour d\u2019Owen, le petit fr\u00e8re de Fable, de nous raconter ses m\u00e9saventures. Dans Deux mois sans elle, on d\u00e9couvrait Owen, le petit fr\u00e8re de Fable, qui \u00e9tait un jeune<\/p>\n","protected":false},"author":14,"featured_media":26336,"comment_status":"open","ping_status":"open","sticky":false,"template":"","format":"standard","meta":{"jetpack_post_was_ever_published":false,"_jetpack_newsletter_access":"","_jetpack_newsletter_tier_id":0,"footnotes":"","jetpack_publicize_message":"","jetpack_is_tweetstorm":false,"jetpack_publicize_feature_enabled":true,"jetpack_social_post_already_shared":false,"jetpack_social_options":{"image_generator_settings":{"template":"highway","enabled":false}}},"categories":[1118],"tags":[947,971,386],"jetpack_publicize_connections":[],"yoast_head":"<!-- This site is optimized with the Yoast SEO plugin v21.5 - https:\/\/yoast.com\/wordpress\/plugins\/seo\/ -->\n<title>Quatre ans plus tard : la nouvelle romance de Monica Murphy<\/title>\n<meta name=\"description\" content=\"Quatre ans plus tard, la suite directe de Deux mois sans elle de Monica Murphy, est sortie aux \u00e9ditions Milady le 10 juillet dernier. C\u2019est au tour d\u2019Owen,\" \/>\n<meta name=\"robots\" content=\"index, follow, max-snippet:-1, max-image-preview:large, max-video-preview:-1\" \/>\n<link rel=\"canonical\" href=\"https:\/\/smallthings.fr\/lespetitslivres\/2015\/08\/18\/quatre-ans-plus-tard-romance-murphy\/\" \/>\n<meta property=\"og:locale\" content=\"fr_FR\" \/>\n<meta property=\"og:type\" content=\"article\" \/>\n<meta property=\"og:title\" content=\"Quatre ans plus tard : la nouvelle romance de Monica Murphy\" \/>\n<meta property=\"og:description\" content=\"Quatre ans plus tard, la suite directe de Deux mois sans elle de Monica Murphy, est sortie aux \u00e9ditions Milady le 10 juillet dernier. C\u2019est au tour d\u2019Owen,\" \/>\n<meta property=\"og:url\" content=\"https:\/\/smallthings.fr\/lespetitslivres\/2015\/08\/18\/quatre-ans-plus-tard-romance-murphy\/\" \/>\n<meta property=\"og:site_name\" content=\"Les Petits Livres\" \/>\n<meta property=\"article:published_time\" content=\"2015-08-18T14:20:00+00:00\" \/>\n<meta property=\"article:modified_time\" content=\"2015-11-02T12:14:40+00:00\" \/>\n<meta name=\"author\" content=\"Jennifer\" \/>\n<meta name=\"twitter:card\" content=\"summary_large_image\" \/>\n<meta name=\"twitter:label1\" content=\"\u00c9crit par\" \/>\n\t<meta name=\"twitter:data1\" content=\"Jennifer\" \/>\n\t<meta name=\"twitter:label2\" content=\"Dur\u00e9e de lecture estim\u00e9e\" \/>\n\t<meta name=\"twitter:data2\" content=\"3 minutes\" \/>\n<script type=\"application\/ld+json\" class=\"yoast-schema-graph\">{\"@context\":\"https:\/\/schema.org\",\"@graph\":[{\"@type\":\"WebPage\",\"@id\":\"https:\/\/smallthings.fr\/lespetitslivres\/2015\/08\/18\/quatre-ans-plus-tard-romance-murphy\/\",\"url\":\"https:\/\/smallthings.fr\/lespetitslivres\/2015\/08\/18\/quatre-ans-plus-tard-romance-murphy\/\",\"name\":\"Quatre ans plus tard : la nouvelle romance de Monica Murphy\",\"isPartOf\":{\"@id\":\"https:\/\/smallthings.fr\/lespetitslivres\/#website\"},\"datePublished\":\"2015-08-18T14:20:00+00:00\",\"dateModified\":\"2015-11-02T12:14:40+00:00\",\"author\":{\"@id\":\"https:\/\/smallthings.fr\/lespetitslivres\/#\/schema\/person\/bb8808220f912e72f01f7a55924d9ad1\"},\"description\":\"Quatre ans plus tard, la suite directe de Deux mois sans elle de Monica Murphy, est sortie aux \u00e9ditions Milady le 10 juillet dernier. C\u2019est au tour d\u2019Owen,\",\"breadcrumb\":{\"@id\":\"https:\/\/smallthings.fr\/lespetitslivres\/2015\/08\/18\/quatre-ans-plus-tard-romance-murphy\/#breadcrumb\"},\"inLanguage\":\"fr-FR\",\"potentialAction\":[{\"@type\":\"ReadAction\",\"target\":[\"https:\/\/smallthings.fr\/lespetitslivres\/2015\/08\/18\/quatre-ans-plus-tard-romance-murphy\/\"]}]},{\"@type\":\"BreadcrumbList\",\"@id\":\"https:\/\/smallthings.fr\/lespetitslivres\/2015\/08\/18\/quatre-ans-plus-tard-romance-murphy\/#breadcrumb\",\"itemListElement\":[{\"@type\":\"ListItem\",\"position\":1,\"name\":\"Accueil\",\"item\":\"https:\/\/smallthings.fr\/lespetitslivres\/\"},{\"@type\":\"ListItem\",\"position\":2,\"name\":\"Quatre ans plus tard : la nouvelle romance de Monica Murphy\"}]},{\"@type\":\"WebSite\",\"@id\":\"https:\/\/smallthings.fr\/lespetitslivres\/#website\",\"url\":\"https:\/\/smallthings.fr\/lespetitslivres\/\",\"name\":\"Les Petits Livres\",\"description\":\"by Small Things\",\"potentialAction\":[{\"@type\":\"SearchAction\",\"target\":{\"@type\":\"EntryPoint\",\"urlTemplate\":\"https:\/\/smallthings.fr\/lespetitslivres\/?s={search_term_string}\"},\"query-input\":\"required name=search_term_string\"}],\"inLanguage\":\"fr-FR\"},{\"@type\":\"Person\",\"@id\":\"https:\/\/smallthings.fr\/lespetitslivres\/#\/schema\/person\/bb8808220f912e72f01f7a55924d9ad1\",\"name\":\"Jennifer\",\"image\":{\"@type\":\"ImageObject\",\"inLanguage\":\"fr-FR\",\"@id\":\"https:\/\/smallthings.fr\/lespetitslivres\/#\/schema\/person\/image\/\",\"url\":\"https:\/\/secure.gravatar.com\/avatar\/ffcd6b107b6b18c3d5201f1bcc631683?s=96&d=retro&r=g\",\"contentUrl\":\"https:\/\/secure.gravatar.com\/avatar\/ffcd6b107b6b18c3d5201f1bcc631683?s=96&d=retro&r=g\",\"caption\":\"Jennifer\"},\"url\":\"https:\/\/smallthings.fr\/lespetitslivres\/author\/jennifer\/\"}]}<\/script>\n<!-- \/ Yoast SEO plugin. -->","yoast_head_json":{"title":"Quatre ans plus tard : la nouvelle romance de Monica Murphy","description":"Quatre ans plus tard, la suite directe de Deux mois sans elle de Monica Murphy, est sortie aux \u00e9ditions Milady le 10 juillet dernier. C\u2019est au tour d\u2019Owen,","robots":{"index":"index","follow":"follow","max-snippet":"max-snippet:-1","max-image-preview":"max-image-preview:large","max-video-preview":"max-video-preview:-1"},"canonical":"https:\/\/smallthings.fr\/lespetitslivres\/2015\/08\/18\/quatre-ans-plus-tard-romance-murphy\/","og_locale":"fr_FR","og_type":"article","og_title":"Quatre ans plus tard : la nouvelle romance de Monica Murphy","og_description":"Quatre ans plus tard, la suite directe de Deux mois sans elle de Monica Murphy, est sortie aux \u00e9ditions Milady le 10 juillet dernier. C\u2019est au tour d\u2019Owen,","og_url":"https:\/\/smallthings.fr\/lespetitslivres\/2015\/08\/18\/quatre-ans-plus-tard-romance-murphy\/","og_site_name":"Les Petits Livres","article_published_time":"2015-08-18T14:20:00+00:00","article_modified_time":"2015-11-02T12:14:40+00:00","author":"Jennifer","twitter_card":"summary_large_image","twitter_misc":{"\u00c9crit par":"Jennifer","Dur\u00e9e de lecture estim\u00e9e":"3 minutes"},"schema":{"@context":"https:\/\/schema.org","@graph":[{"@type":"WebPage","@id":"https:\/\/smallthings.fr\/lespetitslivres\/2015\/08\/18\/quatre-ans-plus-tard-romance-murphy\/","url":"https:\/\/smallthings.fr\/lespetitslivres\/2015\/08\/18\/quatre-ans-plus-tard-romance-murphy\/","name":"Quatre ans plus tard : la nouvelle romance de Monica Murphy","isPartOf":{"@id":"https:\/\/smallthings.fr\/lespetitslivres\/#website"},"datePublished":"2015-08-18T14:20:00+00:00","dateModified":"2015-11-02T12:14:40+00:00","author":{"@id":"https:\/\/smallthings.fr\/lespetitslivres\/#\/schema\/person\/bb8808220f912e72f01f7a55924d9ad1"},"description":"Quatre ans plus tard, la suite directe de Deux mois sans elle de Monica Murphy, est sortie aux \u00e9ditions Milady le 10 juillet dernier. C\u2019est au tour d\u2019Owen,","breadcrumb":{"@id":"https:\/\/smallthings.fr\/lespetitslivres\/2015\/08\/18\/quatre-ans-plus-tard-romance-murphy\/#breadcrumb"},"inLanguage":"fr-FR","potentialAction":[{"@type":"ReadAction","target":["https:\/\/smallthings.fr\/lespetitslivres\/2015\/08\/18\/quatre-ans-plus-tard-romance-murphy\/"]}]},{"@type":"BreadcrumbList","@id":"https:\/\/smallthings.fr\/lespetitslivres\/2015\/08\/18\/quatre-ans-plus-tard-romance-murphy\/#breadcrumb","itemListElement":[{"@type":"ListItem","position":1,"name":"Accueil","item":"https:\/\/smallthings.fr\/lespetitslivres\/"},{"@type":"ListItem","position":2,"name":"Quatre ans plus tard : la nouvelle romance de Monica Murphy"}]},{"@type":"WebSite","@id":"https:\/\/smallthings.fr\/lespetitslivres\/#website","url":"https:\/\/smallthings.fr\/lespetitslivres\/","name":"Les Petits Livres","description":"by Small Things","potentialAction":[{"@type":"SearchAction","target":{"@type":"EntryPoint","urlTemplate":"https:\/\/smallthings.fr\/lespetitslivres\/?s={search_term_string}"},"query-input":"required name=search_term_string"}],"inLanguage":"fr-FR"},{"@type":"Person","@id":"https:\/\/smallthings.fr\/lespetitslivres\/#\/schema\/person\/bb8808220f912e72f01f7a55924d9ad1","name":"Jennifer","image":{"@type":"ImageObject","inLanguage":"fr-FR","@id":"https:\/\/smallthings.fr\/lespetitslivres\/#\/schema\/person\/image\/","url":"https:\/\/secure.gravatar.com\/avatar\/ffcd6b107b6b18c3d5201f1bcc631683?s=96&d=retro&r=g","contentUrl":"https:\/\/secure.gravatar.com\/avatar\/ffcd6b107b6b18c3d5201f1bcc631683?s=96&d=retro&r=g","caption":"Jennifer"},"url":"https:\/\/smallthings.fr\/lespetitslivres\/author\/jennifer\/"}]}},"jetpack_featured_media_url":"","jetpack_sharing_enabled":true,"jetpack_shortlink":"https:\/\/wp.me\/p6Un21-6QJ","jetpack-related-posts":[{"id":24515,"url":"https:\/\/smallthings.fr\/lespetitslivres\/2015\/06\/15\/deux-mois-sans-elle-romance-murphy\/","url_meta":{"origin":26333,"position":0},"title":"Deux mois sans elle &#8211; une romance de Monica Murphy","author":"Jennifer","date":"15 juin 2015","format":false,"excerpt":"Deux mois sans elle est un roman de Monica Murphy sorti le 29 mai dernier aux \u00e9ditions Milady. Il raconte l\u2019histoire de Fable et Drew, deux jeunes adultes qui cherchent \u00e0 aller de l\u2019avant malgr\u00e9 les probl\u00e8mes qu\u2019ils ont pu rencontrer. Alors qu\u2019il l\u2019a quitt\u00e9e il y a plusieurs mois,\u2026","rel":"","context":"Dans &quot;Roman \u00e9tranger&quot;","block_context":{"text":"Roman \u00e9tranger","link":"https:\/\/smallthings.fr\/lespetitslivres\/category\/roman\/roman-etranger\/"},"img":{"alt_text":"","src":"https:\/\/i0.wp.com\/smallthings.fr\/wp-content\/uploads\/2015\/06\/deux-mois-sans-elle.jpg?resize=350%2C200","width":350,"height":200},"classes":[]},{"id":30135,"url":"https:\/\/smallthings.fr\/lespetitslivres\/2016\/07\/03\/embrasse-moi-fort-font-sust-critique\/","url_meta":{"origin":26333,"position":1},"title":"Embrasse-moi fort : l\u2019amour \u00e0 l\u2019espagnole","author":"Jennifer","date":"3 juillet 2016","format":false,"excerpt":"Embrasse-moi fort\u00a0! est un roman young-adult qui vient de para\u00eetre chez Albin Michel. Adria Font et Imma Sust, deux auteurs espagnoles, nous racontent comment quatre jeunes filles ins\u00e9parables vont voir leur amiti\u00e9 mise \u00e0 l\u2019\u00e9preuve par un premier rendez-vous, un chien, un graffiti, un article de blog et une chanson.\u2026","rel":"","context":"Dans &quot;Young Adult&quot;","block_context":{"text":"Young Adult","link":"https:\/\/smallthings.fr\/lespetitslivres\/category\/young-adult\/"},"img":{"alt_text":"","src":"https:\/\/i0.wp.com\/smallthings.fr\/lespetitslivres\/wp-content\/uploads\/2016\/07\/embrasse-moi-fort-couv.jpg?resize=350%2C200&ssl=1","width":350,"height":200,"srcset":"https:\/\/i0.wp.com\/smallthings.fr\/lespetitslivres\/wp-content\/uploads\/2016\/07\/embrasse-moi-fort-couv.jpg?resize=350%2C200&ssl=1 1x, https:\/\/i0.wp.com\/smallthings.fr\/lespetitslivres\/wp-content\/uploads\/2016\/07\/embrasse-moi-fort-couv.jpg?resize=525%2C300&ssl=1 1.5x, https:\/\/i0.wp.com\/smallthings.fr\/lespetitslivres\/wp-content\/uploads\/2016\/07\/embrasse-moi-fort-couv.jpg?resize=700%2C400&ssl=1 2x, https:\/\/i0.wp.com\/smallthings.fr\/lespetitslivres\/wp-content\/uploads\/2016\/07\/embrasse-moi-fort-couv.jpg?resize=1050%2C600&ssl=1 3x, https:\/\/i0.wp.com\/smallthings.fr\/lespetitslivres\/wp-content\/uploads\/2016\/07\/embrasse-moi-fort-couv.jpg?resize=1400%2C800&ssl=1 4x"},"classes":[]},{"id":29030,"url":"https:\/\/smallthings.fr\/lespetitslivres\/2015\/11\/04\/maintenant-qu-il-est-trop-tard-critique\/","url_meta":{"origin":26333,"position":2},"title":"Maintenant qu\u2019il est trop tard : comment Tortue s&rsquo;est faite kidnapper par le P\u00e8re No\u00ebl","author":"Jennifer","date":"4 novembre 2015","format":false,"excerpt":"Maintenant qu\u2019il est trop tard est un roman de Jessica Warman, paru le 15 octobre aux \u00e9ditions Pocket Jeunesse. Il raconte un drame familial\u00a0: comment le P\u00e8re No\u00ebl a enlev\u00e9 la jeune Tortue un soir du nouvel an devant les yeux de sa s\u0153ur et de leur jeune voisin. Un\u2026","rel":"","context":"Dans &quot;Thriller&quot;","block_context":{"text":"Thriller","link":"https:\/\/smallthings.fr\/lespetitslivres\/category\/thriller\/"},"img":{"alt_text":"","src":"https:\/\/i0.wp.com\/smallthings.fr\/lespetitslivres\/wp-content\/uploads\/2015\/11\/maintenant-qu-il-est-trop-tard-couv-2.jpg?resize=350%2C200&ssl=1","width":350,"height":200},"classes":[]},{"id":31523,"url":"https:\/\/smallthings.fr\/lespetitslivres\/2018\/02\/01\/rien-a-voir-avec-amour-claire-gallen\/","url_meta":{"origin":26333,"position":3},"title":"Rien \u00e0 voir avec l\u2019amour : le roman noir de Claire Gallen","author":"Diane Norric","date":"1 f\u00e9vrier 2018","format":false,"excerpt":"Rien \u00e0 voir avec l\u2019amour\u00a0de Claire Gallen raconte sept jours, du 8 au 14 juillet, dans la vie de Sandra, la narratrice. Au gr\u00e9 de flashbacks judicieux et du d\u00e9roul\u00e9 de la semaine, on reconstitue petit \u00e0 petit le fil de l\u2019histoire. Le roman est paru aux \u00e9ditions du Rouergue.\u2026","rel":"","context":"Dans &quot;Roman fran\u00e7ais&quot;","block_context":{"text":"Roman fran\u00e7ais","link":"https:\/\/smallthings.fr\/lespetitslivres\/category\/roman\/roman-francais\/"},"img":{"alt_text":"","src":"https:\/\/i0.wp.com\/smallthings.fr\/lespetitslivres\/wp-content\/uploads\/2018\/02\/rien-a-voir-amour-cover.jpg?resize=350%2C200&ssl=1","width":350,"height":200,"srcset":"https:\/\/i0.wp.com\/smallthings.fr\/lespetitslivres\/wp-content\/uploads\/2018\/02\/rien-a-voir-amour-cover.jpg?resize=350%2C200&ssl=1 1x, https:\/\/i0.wp.com\/smallthings.fr\/lespetitslivres\/wp-content\/uploads\/2018\/02\/rien-a-voir-amour-cover.jpg?resize=525%2C300&ssl=1 1.5x, https:\/\/i0.wp.com\/smallthings.fr\/lespetitslivres\/wp-content\/uploads\/2018\/02\/rien-a-voir-amour-cover.jpg?resize=700%2C400&ssl=1 2x"},"classes":[]},{"id":26283,"url":"https:\/\/smallthings.fr\/lespetitslivres\/2015\/08\/19\/amelie-nothomb-crime-du-comte-neville-critique\/","url_meta":{"origin":26333,"position":4},"title":"Am\u00e9lie Nothomb, Le crime du comte Neville : ch\u00e2teau, mon beau ch\u00e2teau","author":"Audrey Ch\u00e8vrefeuille","date":"19 ao\u00fbt 2015","format":false,"excerpt":"Avec une pr\u00e9cision et une r\u00e9gularit\u00e9 dignes d\u2019un m\u00e9tronome, Am\u00e9lie Nothomb propose chaque ann\u00e9e \u00e0 ses lecteurs \u2013 dont beaucoup sont des fans depuis de longues ann\u00e9es \u2013 un nouveau livre \u00e0 la fin du mois d\u2019ao\u00fbt. Une bien belle fa\u00e7on d\u2019entamer la rentr\u00e9e litt\u00e9raire. Fid\u00e8le \u00e0 Albin Michel, son\u2026","rel":"","context":"Dans &quot;Rentr\u00e9e Litt\u00e9raire&quot;","block_context":{"text":"Rentr\u00e9e Litt\u00e9raire","link":"https:\/\/smallthings.fr\/lespetitslivres\/category\/rentree-litteraire-2015\/"},"img":{"alt_text":"","src":"https:\/\/i0.wp.com\/smallthings.fr\/wp-content\/uploads\/2015\/08\/nothomb-comte-neville.jpg?resize=350%2C200","width":350,"height":200},"classes":[]},{"id":25743,"url":"https:\/\/smallthings.fr\/lespetitslivres\/2015\/07\/25\/les-quatre-filles-du-reverend-latimer-livre-critique\/","url_meta":{"origin":26333,"position":5},"title":"Les Quatre Filles du r\u00e9v\u00e9rend Latimer : \u00e9mancipation et d\u00e9pression","author":"Rebecca","date":"25 juillet 2015","format":false,"excerpt":"Les Quatre Filles du R\u00e9v\u00e9rend Latimer,\u00a0paru aux \u00e9ditions de l\u2019Archipel au mois de juin, est l\u2019\u0153uvre de Colleen McCullough, auteure des\u00a0Oiseaux se cachent pour mourir, saga dramatique adapt\u00e9e de multiples fois, notamment en s\u00e9rie t\u00e9l\u00e9. Or, le grand public conna\u00eet moins ses autres \u0153uvres, \u00e0 l\u2019instar de celle-ci, qui est\u2026","rel":"","context":"Dans &quot;Roman \u00e9tranger&quot;","block_context":{"text":"Roman \u00e9tranger","link":"https:\/\/smallthings.fr\/lespetitslivres\/category\/roman\/roman-etranger\/"},"img":{"alt_text":"","src":"https:\/\/i0.wp.com\/smallthings.fr\/wp-content\/uploads\/2015\/07\/les-quatre-filles-du-reverend-latimer.jpg?resize=350%2C200","width":350,"height":200},"classes":[]}],"_links":{"self":[{"href":"https:\/\/smallthings.fr\/lespetitslivres\/wp-json\/wp\/v2\/posts\/26333"}],"collection":[{"href":"https:\/\/smallthings.fr\/lespetitslivres\/wp-json\/wp\/v2\/posts"}],"about":[{"href":"https:\/\/smallthings.fr\/lespetitslivres\/wp-json\/wp\/v2\/types\/post"}],"author":[{"embeddable":true,"href":"https:\/\/smallthings.fr\/lespetitslivres\/wp-json\/wp\/v2\/users\/14"}],"replies":[{"embeddable":true,"href":"https:\/\/smallthings.fr\/lespetitslivres\/wp-json\/wp\/v2\/comments?post=26333"}],"version-history":[{"count":1,"href":"https:\/\/smallthings.fr\/lespetitslivres\/wp-json\/wp\/v2\/posts\/26333\/revisions"}],"predecessor-version":[{"id":28728,"href":"https:\/\/smallthings.fr\/lespetitslivres\/wp-json\/wp\/v2\/posts\/26333\/revisions\/28728"}],"wp:featuredmedia":[{"embeddable":true,"href":"https:\/\/smallthings.fr\/lespetitslivres\/wp-json\/"}],"wp:attachment":[{"href":"https:\/\/smallthings.fr\/lespetitslivres\/wp-json\/wp\/v2\/media?parent=26333"}],"wp:term":[{"taxonomy":"category","embeddable":true,"href":"https:\/\/smallthings.fr\/lespetitslivres\/wp-json\/wp\/v2\/categories?post=26333"},{"taxonomy":"post_tag","embeddable":true,"href":"https:\/\/smallthings.fr\/lespetitslivres\/wp-json\/wp\/v2\/tags?post=26333"}],"curies":[{"name":"wp","href":"https:\/\/api.w.org\/{rel}","templated":true}]}}