{"id":26328,"date":"2015-08-20T10:18:13","date_gmt":"2015-08-20T09:18:13","guid":{"rendered":"http:\/\/smallthings.fr\/?p=26328"},"modified":"2015-11-02T13:14:53","modified_gmt":"2015-11-02T12:14:53","slug":"un-homme-dangereux-emilie-freche-critique","status":"publish","type":"post","link":"https:\/\/smallthings.fr\/lespetitslivres\/2015\/08\/20\/un-homme-dangereux-emilie-freche-critique\/","title":{"rendered":"Un homme dangereux &#8211; \u00c9milie Fr\u00e8che"},"content":{"rendered":"<h2><em>Un homme dangereux<\/em>, nouveau roman d\u2019\u00c9milie Fr\u00e8che, laur\u00e9ate en 2013 du Prix Orange du Livre avec <em>Deux \u00e9trangers<\/em>, vient de para\u00eetre chez <a href=\"http:\/\/www.editions-stock.fr\/un-homme-dangereux-9782234079854\" target=\"_blank\">Stock<\/a>. Fort et captivant, c&rsquo;est l&rsquo;un de mes coups de c\u0153ur de cette rentr\u00e9e litt\u00e9raire.<\/h2>\n<p><strong><em>Un homme dangereux<\/em><\/strong> raconte l&rsquo;une de ces rencontres qui nous changent et nous interrogent sur nous-m\u00eames. Mari\u00e9e, deux enfants, \u00c9milie est romanci\u00e8re, essayiste, et vient de terminer la r\u00e9alisation d&rsquo;un film. Son couple se porte bien, \u00e0 l&rsquo;exception du fait qu&rsquo;ils ne font plus l&rsquo;amour. Cette situation l&rsquo;am\u00e8ne \u00e0 prendre un amant, afin de ne pas quitter son mari qu&rsquo;elle aime profond\u00e9ment. Et puis soudain, elle fait la rencontre d&rsquo;un certain Beno\u00eet Parent. M\u00e9fiante au d\u00e9part, elle se laisse amadouer par tout le bien qu&rsquo;il semble penser de son travail. Ils font tr\u00e8s vite connaissance ; du m\u00eame milieu litt\u00e9ro-germanopratin, ils se comprennent et leur complicit\u00e9 est imm\u00e9diate, comme s&rsquo;ils se connaissaient depuis toujours. Tr\u00e8s vite, <strong>leur relation tombe dans l&rsquo;exc\u00e8s<\/strong>. Apr\u00e8s leur premier rendez-vous s&rsquo;encha\u00eenent les conversations par sms, au t\u00e9l\u00e9phone&#8230; Beno\u00eet souffle le chaud et le froid et cette relation platonique vire \u00e0 l&rsquo;obsession pour \u00c9milie. <strong>Elle se laisse entra\u00eener dans cette histoire qui pourrait tout lui faire perdre<\/strong>.<\/p>\n<p>La narratrice d&rsquo;<strong><em>Un homme dangereux<\/em><\/strong>, \u00c9milie Fr\u00e8che elle-m\u00eame (mais c&rsquo;est un \u00ab\u00a0roman\u00a0\u00bb, ne l&rsquo;oublions pas), se trouve au moment de cette rencontre dans un moment charni\u00e8re de sa vie, qui la rend vuln\u00e9rable \u00e0 ce type de mauvaise influence. R\u00e9concili\u00e9e depuis peu avec son p\u00e8re, elle renoue avec tout un pendant de son pass\u00e9 et de ses origines qui n&rsquo;est pas simple \u00e0 int\u00e9grer. Peu \u00e0 peu, elle perd le recul n\u00e9cessaire pour mener ses interventions sur le th\u00e8me de l&rsquo;antis\u00e9mitisme dans les \u00e9coles, d\u00e9marche initi\u00e9e par la publication de son ouvrage sur Ilan Halimi. Cette \u00ab\u00a0crise\u00a0\u00bb personnelle, Beno\u00eet Parent va la sentir et s&rsquo;en servir pour mettre compl\u00e8tement la main sur les pens\u00e9es et la vie quotidienne de sa victime. Son ironie l\u00e9gendaire va se transformer en un antis\u00e9mitisme latent, un irrespect de la vie et de la personnalit\u00e9 d\u2019\u00c9milie. <strong>Totalement sous son emprise, elle reste obnubil\u00e9e par lui jusqu&rsquo;\u00e0 perdre toute lucidit\u00e9 et tout libre arbitre<\/strong>.<\/p>\n<p>Ce qu&rsquo;il s&rsquo;est pr\u00e9cis\u00e9ment pass\u00e9, \u00c9milie Fr\u00e8che ne tranche pas sur la question. Un fort d\u00e9r\u00e8glement thyro\u00efdien est mentionn\u00e9, mais est-il r\u00e9ellement responsable ? Quelle est sa part de volont\u00e9 \u00e0 elle ? Et quelle est surtout la raison d&rsquo;un tel sabotage d&rsquo;une vie qui se d\u00e9roulait sans probl\u00e8me majeur ? La fin du roman m&rsquo;a particuli\u00e8rement touch\u00e9e. Perdue et \u00e0 la d\u00e9rive, \u00c9milie finit par se confier \u00e0 son mari Adam. Bless\u00e9 mais aimant, il d\u00e9cide de l&rsquo;aider, notamment via la m\u00e9decine. Il y a dans <strong><em>Un homme dangereux<\/em><\/strong> aussi cette question de savoir comment on choisit les personnes qui nous accompagnent. A-t-on r\u00e9ellement le choix, et si oui, comment s&rsquo;op\u00e8re-t-il ? Est-ce qu&rsquo;il ne s&rsquo;agit pas de la s\u00e9lection intuitive des personnes dans les yeux desquelles on a l&rsquo;irr\u00e9pressible besoin d&rsquo;exister ?<\/p>\n<blockquote><p>\u00ab\u00a0C&rsquo;est une chose difficile \u00e0 expliquer, et j&rsquo;imagine compliqu\u00e9e \u00e0 comprendre, mais je ne peux pas le dire autrement : \u00e0 la seconde o\u00f9 Beno\u00eet m&rsquo;a effleur\u00e9e, j&rsquo;ai cess\u00e9 d&rsquo;\u00eatre moi ; d&rsquo;\u00eatre celle que j&rsquo;avais \u00e9t\u00e9 jusque l\u00e0 [&#8230;] l&rsquo;ouragan qui d\u00e9ferlait \u00e0 l&rsquo;int\u00e9rieur \u00e9tait impossible \u00e0 contenir. Il emportait tout sur son passage. Mon mariage, mes enfants, ma vie depuis quinze ans, et je voyais cela valdinguer au-dedans de moi comme les meubles dans un mobile home au passage de Katrina\u00a0\u00bb<\/p><\/blockquote>\n","protected":false},"excerpt":{"rendered":"<p>Un homme dangereux, nouveau roman d\u2019\u00c9milie Fr\u00e8che, laur\u00e9ate en 2013 du Prix Orange du Livre avec Deux \u00e9trangers, vient de para\u00eetre chez Stock. Fort et captivant, c&rsquo;est l&rsquo;un de mes coups de c\u0153ur de cette rentr\u00e9e litt\u00e9raire. Un homme dangereux raconte l&rsquo;une de ces rencontres qui nous changent et nous interrogent sur nous-m\u00eames. Mari\u00e9e, deux<\/p>\n","protected":false},"author":2,"featured_media":26329,"comment_status":"open","ping_status":"open","sticky":false,"template":"","format":"standard","meta":{"jetpack_post_was_ever_published":false,"_jetpack_newsletter_access":"","_jetpack_newsletter_tier_id":0,"footnotes":"","jetpack_publicize_message":"","jetpack_is_tweetstorm":false,"jetpack_publicize_feature_enabled":true,"jetpack_social_post_already_shared":false,"jetpack_social_options":{"image_generator_settings":{"template":"highway","enabled":false}}},"categories":[45,1117],"tags":[776,32,777],"jetpack_publicize_connections":[],"yoast_head":"<!-- This site is optimized with the Yoast SEO plugin v21.5 - https:\/\/yoast.com\/wordpress\/plugins\/seo\/ -->\n<title>Un homme dangereux - \u00c9milie Fr\u00e8che<\/title>\n<meta name=\"description\" content=\"Un homme dangereux, nouveau roman d\u2019\u00c9milie Fr\u00e8che, laur\u00e9ate en 2013 du Prix Orange du Livre avec Deux \u00e9trangers, sort aujourd&#039;hui chez Stock. Fort et captiv\" \/>\n<meta name=\"robots\" content=\"index, follow, max-snippet:-1, max-image-preview:large, max-video-preview:-1\" \/>\n<link rel=\"canonical\" href=\"https:\/\/smallthings.fr\/lespetitslivres\/2015\/08\/20\/un-homme-dangereux-emilie-freche-critique\/\" \/>\n<meta property=\"og:locale\" content=\"fr_FR\" \/>\n<meta property=\"og:type\" content=\"article\" \/>\n<meta property=\"og:title\" content=\"Un homme dangereux - \u00c9milie Fr\u00e8che\" \/>\n<meta property=\"og:description\" content=\"Un homme dangereux, nouveau roman d\u2019\u00c9milie Fr\u00e8che, laur\u00e9ate en 2013 du Prix Orange du Livre avec Deux \u00e9trangers, sort aujourd&#039;hui chez Stock. Fort et captiv\" \/>\n<meta property=\"og:url\" content=\"https:\/\/smallthings.fr\/lespetitslivres\/2015\/08\/20\/un-homme-dangereux-emilie-freche-critique\/\" \/>\n<meta property=\"og:site_name\" content=\"Les Petits Livres\" \/>\n<meta property=\"article:published_time\" content=\"2015-08-20T09:18:13+00:00\" \/>\n<meta property=\"article:modified_time\" content=\"2015-11-02T12:14:53+00:00\" \/>\n<meta name=\"author\" content=\"Claire\" \/>\n<meta name=\"twitter:card\" content=\"summary_large_image\" \/>\n<meta name=\"twitter:label1\" content=\"\u00c9crit par\" \/>\n\t<meta name=\"twitter:data1\" content=\"Claire\" \/>\n\t<meta name=\"twitter:label2\" content=\"Dur\u00e9e de lecture estim\u00e9e\" \/>\n\t<meta name=\"twitter:data2\" content=\"3 minutes\" \/>\n<script type=\"application\/ld+json\" class=\"yoast-schema-graph\">{\"@context\":\"https:\/\/schema.org\",\"@graph\":[{\"@type\":\"WebPage\",\"@id\":\"https:\/\/smallthings.fr\/lespetitslivres\/2015\/08\/20\/un-homme-dangereux-emilie-freche-critique\/\",\"url\":\"https:\/\/smallthings.fr\/lespetitslivres\/2015\/08\/20\/un-homme-dangereux-emilie-freche-critique\/\",\"name\":\"Un homme dangereux - \u00c9milie Fr\u00e8che\",\"isPartOf\":{\"@id\":\"https:\/\/smallthings.fr\/lespetitslivres\/#website\"},\"datePublished\":\"2015-08-20T09:18:13+00:00\",\"dateModified\":\"2015-11-02T12:14:53+00:00\",\"author\":{\"@id\":\"https:\/\/smallthings.fr\/lespetitslivres\/#\/schema\/person\/504d603cacfe064fe039dfa03a8b7918\"},\"description\":\"Un homme dangereux, nouveau roman d\u2019\u00c9milie Fr\u00e8che, laur\u00e9ate en 2013 du Prix Orange du Livre avec Deux \u00e9trangers, sort aujourd'hui chez Stock. Fort et captiv\",\"breadcrumb\":{\"@id\":\"https:\/\/smallthings.fr\/lespetitslivres\/2015\/08\/20\/un-homme-dangereux-emilie-freche-critique\/#breadcrumb\"},\"inLanguage\":\"fr-FR\",\"potentialAction\":[{\"@type\":\"ReadAction\",\"target\":[\"https:\/\/smallthings.fr\/lespetitslivres\/2015\/08\/20\/un-homme-dangereux-emilie-freche-critique\/\"]}]},{\"@type\":\"BreadcrumbList\",\"@id\":\"https:\/\/smallthings.fr\/lespetitslivres\/2015\/08\/20\/un-homme-dangereux-emilie-freche-critique\/#breadcrumb\",\"itemListElement\":[{\"@type\":\"ListItem\",\"position\":1,\"name\":\"Accueil\",\"item\":\"https:\/\/smallthings.fr\/lespetitslivres\/\"},{\"@type\":\"ListItem\",\"position\":2,\"name\":\"Un homme dangereux &#8211; \u00c9milie Fr\u00e8che\"}]},{\"@type\":\"WebSite\",\"@id\":\"https:\/\/smallthings.fr\/lespetitslivres\/#website\",\"url\":\"https:\/\/smallthings.fr\/lespetitslivres\/\",\"name\":\"Les Petits Livres\",\"description\":\"by Small Things\",\"potentialAction\":[{\"@type\":\"SearchAction\",\"target\":{\"@type\":\"EntryPoint\",\"urlTemplate\":\"https:\/\/smallthings.fr\/lespetitslivres\/?s={search_term_string}\"},\"query-input\":\"required name=search_term_string\"}],\"inLanguage\":\"fr-FR\"},{\"@type\":\"Person\",\"@id\":\"https:\/\/smallthings.fr\/lespetitslivres\/#\/schema\/person\/504d603cacfe064fe039dfa03a8b7918\",\"name\":\"Claire\",\"image\":{\"@type\":\"ImageObject\",\"inLanguage\":\"fr-FR\",\"@id\":\"https:\/\/smallthings.fr\/lespetitslivres\/#\/schema\/person\/image\/\",\"url\":\"https:\/\/secure.gravatar.com\/avatar\/9a85ff83d76b3eb17b8cae208640786e?s=96&d=retro&r=g\",\"contentUrl\":\"https:\/\/secure.gravatar.com\/avatar\/9a85ff83d76b3eb17b8cae208640786e?s=96&d=retro&r=g\",\"caption\":\"Claire\"},\"url\":\"https:\/\/smallthings.fr\/lespetitslivres\/author\/claire\/\"}]}<\/script>\n<!-- \/ Yoast SEO plugin. -->","yoast_head_json":{"title":"Un homme dangereux - \u00c9milie Fr\u00e8che","description":"Un homme dangereux, nouveau roman d\u2019\u00c9milie Fr\u00e8che, laur\u00e9ate en 2013 du Prix Orange du Livre avec Deux \u00e9trangers, sort aujourd'hui chez Stock. Fort et captiv","robots":{"index":"index","follow":"follow","max-snippet":"max-snippet:-1","max-image-preview":"max-image-preview:large","max-video-preview":"max-video-preview:-1"},"canonical":"https:\/\/smallthings.fr\/lespetitslivres\/2015\/08\/20\/un-homme-dangereux-emilie-freche-critique\/","og_locale":"fr_FR","og_type":"article","og_title":"Un homme dangereux - \u00c9milie Fr\u00e8che","og_description":"Un homme dangereux, nouveau roman d\u2019\u00c9milie Fr\u00e8che, laur\u00e9ate en 2013 du Prix Orange du Livre avec Deux \u00e9trangers, sort aujourd'hui chez Stock. Fort et captiv","og_url":"https:\/\/smallthings.fr\/lespetitslivres\/2015\/08\/20\/un-homme-dangereux-emilie-freche-critique\/","og_site_name":"Les Petits Livres","article_published_time":"2015-08-20T09:18:13+00:00","article_modified_time":"2015-11-02T12:14:53+00:00","author":"Claire","twitter_card":"summary_large_image","twitter_misc":{"\u00c9crit par":"Claire","Dur\u00e9e de lecture estim\u00e9e":"3 minutes"},"schema":{"@context":"https:\/\/schema.org","@graph":[{"@type":"WebPage","@id":"https:\/\/smallthings.fr\/lespetitslivres\/2015\/08\/20\/un-homme-dangereux-emilie-freche-critique\/","url":"https:\/\/smallthings.fr\/lespetitslivres\/2015\/08\/20\/un-homme-dangereux-emilie-freche-critique\/","name":"Un homme dangereux - \u00c9milie Fr\u00e8che","isPartOf":{"@id":"https:\/\/smallthings.fr\/lespetitslivres\/#website"},"datePublished":"2015-08-20T09:18:13+00:00","dateModified":"2015-11-02T12:14:53+00:00","author":{"@id":"https:\/\/smallthings.fr\/lespetitslivres\/#\/schema\/person\/504d603cacfe064fe039dfa03a8b7918"},"description":"Un homme dangereux, nouveau roman d\u2019\u00c9milie Fr\u00e8che, laur\u00e9ate en 2013 du Prix Orange du Livre avec Deux \u00e9trangers, sort aujourd'hui chez Stock. Fort et captiv","breadcrumb":{"@id":"https:\/\/smallthings.fr\/lespetitslivres\/2015\/08\/20\/un-homme-dangereux-emilie-freche-critique\/#breadcrumb"},"inLanguage":"fr-FR","potentialAction":[{"@type":"ReadAction","target":["https:\/\/smallthings.fr\/lespetitslivres\/2015\/08\/20\/un-homme-dangereux-emilie-freche-critique\/"]}]},{"@type":"BreadcrumbList","@id":"https:\/\/smallthings.fr\/lespetitslivres\/2015\/08\/20\/un-homme-dangereux-emilie-freche-critique\/#breadcrumb","itemListElement":[{"@type":"ListItem","position":1,"name":"Accueil","item":"https:\/\/smallthings.fr\/lespetitslivres\/"},{"@type":"ListItem","position":2,"name":"Un homme dangereux &#8211; \u00c9milie Fr\u00e8che"}]},{"@type":"WebSite","@id":"https:\/\/smallthings.fr\/lespetitslivres\/#website","url":"https:\/\/smallthings.fr\/lespetitslivres\/","name":"Les Petits Livres","description":"by Small Things","potentialAction":[{"@type":"SearchAction","target":{"@type":"EntryPoint","urlTemplate":"https:\/\/smallthings.fr\/lespetitslivres\/?s={search_term_string}"},"query-input":"required name=search_term_string"}],"inLanguage":"fr-FR"},{"@type":"Person","@id":"https:\/\/smallthings.fr\/lespetitslivres\/#\/schema\/person\/504d603cacfe064fe039dfa03a8b7918","name":"Claire","image":{"@type":"ImageObject","inLanguage":"fr-FR","@id":"https:\/\/smallthings.fr\/lespetitslivres\/#\/schema\/person\/image\/","url":"https:\/\/secure.gravatar.com\/avatar\/9a85ff83d76b3eb17b8cae208640786e?s=96&d=retro&r=g","contentUrl":"https:\/\/secure.gravatar.com\/avatar\/9a85ff83d76b3eb17b8cae208640786e?s=96&d=retro&r=g","caption":"Claire"},"url":"https:\/\/smallthings.fr\/lespetitslivres\/author\/claire\/"}]}},"jetpack_featured_media_url":"","jetpack_sharing_enabled":true,"jetpack_shortlink":"https:\/\/wp.me\/p6Un21-6QE","jetpack-related-posts":[{"id":31758,"url":"https:\/\/smallthings.fr\/lespetitslivres\/2018\/08\/22\/vivre-ensemble-roman-emilie-freche\/","url_meta":{"origin":26328,"position":0},"title":"Vivre ensemble, le nouveau roman d&rsquo;\u00c9milie Fr\u00e8che","author":"Claire","date":"22 ao\u00fbt 2018","format":false,"excerpt":"Le nouveau roman d'\u00c9milie Fr\u00e8che, Vivre ensemble, sort aujourd'hui chez Stock pour la Rentr\u00e9e litt\u00e9raire. Un livre aussi terrifiant que bouleversant qui pose la question du vivre ensemble au sein d'une famille recompos\u00e9e. D\u00e9borah et Pierre, qui ont chacun un fils, d\u00e9cident d'emm\u00e9nager ensemble, pour le meilleur et pour le\u2026","rel":"","context":"Dans &quot;Roman fran\u00e7ais&quot;","block_context":{"text":"Roman fran\u00e7ais","link":"https:\/\/smallthings.fr\/lespetitslivres\/category\/roman\/roman-francais\/"},"img":{"alt_text":"","src":"https:\/\/i0.wp.com\/smallthings.fr\/lespetitslivres\/wp-content\/uploads\/2018\/08\/emilie-freche-vivre-ensemble.jpg?resize=350%2C200&ssl=1","width":350,"height":200,"srcset":"https:\/\/i0.wp.com\/smallthings.fr\/lespetitslivres\/wp-content\/uploads\/2018\/08\/emilie-freche-vivre-ensemble.jpg?resize=350%2C200&ssl=1 1x, https:\/\/i0.wp.com\/smallthings.fr\/lespetitslivres\/wp-content\/uploads\/2018\/08\/emilie-freche-vivre-ensemble.jpg?resize=525%2C300&ssl=1 1.5x"},"classes":[]},{"id":26505,"url":"https:\/\/smallthings.fr\/lespetitslivres\/2015\/08\/26\/d-apres-une-histoire-vraie-vigan-critique\/","url_meta":{"origin":26328,"position":1},"title":"D&rsquo;apr\u00e8s une histoire vraie : Delphine de Vigan et l&rsquo;autofiction","author":"Claire","date":"26 ao\u00fbt 2015","format":false,"excerpt":"D'apr\u00e8s une histoire vraie, nouveau roman de Delphine de Vigan, sort aujourd'hui aux \u00e9ditions JC Latt\u00e8s. Un livre tr\u00e8s attendu, quatre ans apr\u00e8s la bombe Rien ne s'oppose \u00e0 la nuit (2011). Pour cette rentr\u00e9e litt\u00e9raire, l'auteure nous propose un livre surprenant, qui m\u00eale fiction et r\u00e9alit\u00e9 dans une intensit\u00e9\u2026","rel":"","context":"Dans &quot;Rentr\u00e9e Litt\u00e9raire&quot;","block_context":{"text":"Rentr\u00e9e Litt\u00e9raire","link":"https:\/\/smallthings.fr\/lespetitslivres\/category\/rentree-litteraire-2015\/"},"img":{"alt_text":"","src":"","width":0,"height":0},"classes":[]},{"id":30659,"url":"https:\/\/smallthings.fr\/lespetitslivres\/2017\/01\/15\/je-vous-sauverai-tous-freche-avis\/","url_meta":{"origin":26328,"position":2},"title":"Je vous sauverai tous, le signal d&rsquo;alarme d\u2019\u00c9milie Fr\u00e8che","author":"Claire","date":"15 janvier 2017","format":false,"excerpt":"Je vous sauverai tous est le nouveau livre d'\u00c9milie Fr\u00e8che, tout r\u00e9cemment paru chez Hachette romans. Pour aborder le sujet de l'embrigadement des jeunes filles par Daech, elle choisit la forme du journal intime. Les voix d'\u00c9l\u00e9a, de sa m\u00e8re et de son p\u00e8re, se croisent pour raconter l'impensable. \u00c9l\u00e9a\u2026","rel":"","context":"Dans &quot;Roman fran\u00e7ais&quot;","block_context":{"text":"Roman fran\u00e7ais","link":"https:\/\/smallthings.fr\/lespetitslivres\/category\/roman\/roman-francais\/"},"img":{"alt_text":"","src":"https:\/\/i0.wp.com\/smallthings.fr\/lespetitslivres\/wp-content\/uploads\/2017\/01\/je-vous-sauverai-tous-couv.jpg?resize=350%2C200&ssl=1","width":350,"height":200,"srcset":"https:\/\/i0.wp.com\/smallthings.fr\/lespetitslivres\/wp-content\/uploads\/2017\/01\/je-vous-sauverai-tous-couv.jpg?resize=350%2C200&ssl=1 1x, https:\/\/i0.wp.com\/smallthings.fr\/lespetitslivres\/wp-content\/uploads\/2017\/01\/je-vous-sauverai-tous-couv.jpg?resize=525%2C300&ssl=1 1.5x"},"classes":[]},{"id":30213,"url":"https:\/\/smallthings.fr\/lespetitslivres\/2016\/08\/24\/beaux-rivages-amour-fondamental-bouraoui\/","url_meta":{"origin":26328,"position":3},"title":"Beaux rivages, l&rsquo;amour fondamental par Nina Bouraoui","author":"Claire","date":"24 ao\u00fbt 2016","format":false,"excerpt":"Beaux rivages est le nouveau roman de Nina Bouraoui, qui para\u00eet aujourd'hui chez JC Latt\u00e8s. Apr\u00e8s notamment le tr\u00e8s remarqu\u00e9\u00a0Gar\u00e7on manqu\u00e9, La Vie heureuse, Mes mauvaises pens\u00e9es (prix Renaudot 2005), elle nous propose un roman sur la rupture amoureuse, ses origines, ses d\u00e9g\u00e2ts, et la vie d'apr\u00e8s. Comme l'indique la\u2026","rel":"","context":"Dans &quot;Rentr\u00e9e litt\u00e9raire&quot;","block_context":{"text":"Rentr\u00e9e litt\u00e9raire","link":"https:\/\/smallthings.fr\/lespetitslivres\/category\/rentree-litteraire\/"},"img":{"alt_text":"","src":"https:\/\/i0.wp.com\/smallthings.fr\/lespetitslivres\/wp-content\/uploads\/2016\/08\/beaux-rivages-bouraoui.jpeg?resize=350%2C200&ssl=1","width":350,"height":200,"srcset":"https:\/\/i0.wp.com\/smallthings.fr\/lespetitslivres\/wp-content\/uploads\/2016\/08\/beaux-rivages-bouraoui.jpeg?resize=350%2C200&ssl=1 1x, https:\/\/i0.wp.com\/smallthings.fr\/lespetitslivres\/wp-content\/uploads\/2016\/08\/beaux-rivages-bouraoui.jpeg?resize=525%2C300&ssl=1 1.5x, https:\/\/i0.wp.com\/smallthings.fr\/lespetitslivres\/wp-content\/uploads\/2016\/08\/beaux-rivages-bouraoui.jpeg?resize=700%2C400&ssl=1 2x"},"classes":[]},{"id":31107,"url":"https:\/\/smallthings.fr\/lespetitslivres\/2017\/08\/25\/qui-ne-dit-mot-consent-alma-brami\/","url_meta":{"origin":26328,"position":4},"title":"Qui ne dit mot consent, adult\u00e8re et r\u00e9signation par Alma Brami","author":"Claire","date":"25 ao\u00fbt 2017","format":false,"excerpt":"Qui ne dit mot consent est le nouveau roman d'Alma Brami, qui para\u00eet en cette rentr\u00e9e litt\u00e9raire au Mercure de France. On s'immerge dans la vie maritale d'Emilie et Bernard, qui n'est pas tout \u00e0 fait comme les autres... Un excellent roman, diablement efficace, qui se lit comme un thriller\u2026","rel":"","context":"Dans &quot;Roman fran\u00e7ais&quot;","block_context":{"text":"Roman fran\u00e7ais","link":"https:\/\/smallthings.fr\/lespetitslivres\/category\/roman\/roman-francais\/"},"img":{"alt_text":"","src":"https:\/\/i0.wp.com\/smallthings.fr\/lespetitslivres\/wp-content\/uploads\/2017\/08\/qui-ne-dit-mot-brami.jpg?resize=350%2C200&ssl=1","width":350,"height":200,"srcset":"https:\/\/i0.wp.com\/smallthings.fr\/lespetitslivres\/wp-content\/uploads\/2017\/08\/qui-ne-dit-mot-brami.jpg?resize=350%2C200&ssl=1 1x, https:\/\/i0.wp.com\/smallthings.fr\/lespetitslivres\/wp-content\/uploads\/2017\/08\/qui-ne-dit-mot-brami.jpg?resize=525%2C300&ssl=1 1.5x, https:\/\/i0.wp.com\/smallthings.fr\/lespetitslivres\/wp-content\/uploads\/2017\/08\/qui-ne-dit-mot-brami.jpg?resize=700%2C400&ssl=1 2x, https:\/\/i0.wp.com\/smallthings.fr\/lespetitslivres\/wp-content\/uploads\/2017\/08\/qui-ne-dit-mot-brami.jpg?resize=1050%2C600&ssl=1 3x"},"classes":[]},{"id":31762,"url":"https:\/\/smallthings.fr\/lespetitslivres\/2018\/08\/23\/vie-de-pierres-chaudes-aurelie-razimbaud\/","url_meta":{"origin":26328,"position":5},"title":"Une vie de pierres chaudes, le premier roman d&rsquo;Aur\u00e9lie Razimbaud","author":"Claire","date":"23 ao\u00fbt 2018","format":false,"excerpt":"Aur\u00e9lie Razimbaud publie son premier roman chez Albin Michel pour cette Rentr\u00e9e litt\u00e9raire, Une vie de pierres chaudes. C'est dans le contexte de la guerre d'Alg\u00e9rie qu'elle plonge ses personnages. Un moyen pour elle de dire cette \u00e9poque que son grand-p\u00e8re n'a jamais pu lui raconter... En Alg\u00e9rie, dans les\u2026","rel":"","context":"Dans &quot;Roman fran\u00e7ais&quot;","block_context":{"text":"Roman fran\u00e7ais","link":"https:\/\/smallthings.fr\/lespetitslivres\/category\/roman\/roman-francais\/"},"img":{"alt_text":"","src":"https:\/\/i0.wp.com\/smallthings.fr\/lespetitslivres\/wp-content\/uploads\/2018\/08\/aurelie-razimbaud.jpg?resize=350%2C200&ssl=1","width":350,"height":200,"srcset":"https:\/\/i0.wp.com\/smallthings.fr\/lespetitslivres\/wp-content\/uploads\/2018\/08\/aurelie-razimbaud.jpg?resize=350%2C200&ssl=1 1x, https:\/\/i0.wp.com\/smallthings.fr\/lespetitslivres\/wp-content\/uploads\/2018\/08\/aurelie-razimbaud.jpg?resize=525%2C300&ssl=1 1.5x, https:\/\/i0.wp.com\/smallthings.fr\/lespetitslivres\/wp-content\/uploads\/2018\/08\/aurelie-razimbaud.jpg?resize=700%2C400&ssl=1 2x, https:\/\/i0.wp.com\/smallthings.fr\/lespetitslivres\/wp-content\/uploads\/2018\/08\/aurelie-razimbaud.jpg?resize=1050%2C600&ssl=1 3x"},"classes":[]}],"_links":{"self":[{"href":"https:\/\/smallthings.fr\/lespetitslivres\/wp-json\/wp\/v2\/posts\/26328"}],"collection":[{"href":"https:\/\/smallthings.fr\/lespetitslivres\/wp-json\/wp\/v2\/posts"}],"about":[{"href":"https:\/\/smallthings.fr\/lespetitslivres\/wp-json\/wp\/v2\/types\/post"}],"author":[{"embeddable":true,"href":"https:\/\/smallthings.fr\/lespetitslivres\/wp-json\/wp\/v2\/users\/2"}],"replies":[{"embeddable":true,"href":"https:\/\/smallthings.fr\/lespetitslivres\/wp-json\/wp\/v2\/comments?post=26328"}],"version-history":[{"count":1,"href":"https:\/\/smallthings.fr\/lespetitslivres\/wp-json\/wp\/v2\/posts\/26328\/revisions"}],"predecessor-version":[{"id":28725,"href":"https:\/\/smallthings.fr\/lespetitslivres\/wp-json\/wp\/v2\/posts\/26328\/revisions\/28725"}],"wp:featuredmedia":[{"embeddable":true,"href":"https:\/\/smallthings.fr\/lespetitslivres\/wp-json\/"}],"wp:attachment":[{"href":"https:\/\/smallthings.fr\/lespetitslivres\/wp-json\/wp\/v2\/media?parent=26328"}],"wp:term":[{"taxonomy":"category","embeddable":true,"href":"https:\/\/smallthings.fr\/lespetitslivres\/wp-json\/wp\/v2\/categories?post=26328"},{"taxonomy":"post_tag","embeddable":true,"href":"https:\/\/smallthings.fr\/lespetitslivres\/wp-json\/wp\/v2\/tags?post=26328"}],"curies":[{"name":"wp","href":"https:\/\/api.w.org\/{rel}","templated":true}]}}