{"id":26315,"date":"2015-08-20T14:30:56","date_gmt":"2015-08-20T13:30:56","guid":{"rendered":"http:\/\/smallthings.fr\/?p=26315"},"modified":"2015-11-02T13:12:49","modified_gmt":"2015-11-02T12:12:49","slug":"corps-desirable-hubert-haddad-critique","status":"publish","type":"post","link":"https:\/\/smallthings.fr\/lespetitslivres\/2015\/08\/20\/corps-desirable-hubert-haddad-critique\/","title":{"rendered":"Corps d\u00e9sirable d&rsquo;Hubert Haddad : l&rsquo;humain en question"},"content":{"rendered":"<h2>C&rsquo;est en cette rentr\u00e9e litt\u00e9raire que les <a href=\"http:\/\/www.zulma.fr\/livre-corps-desirable-572117.html\" target=\"_blank\">\u00e9ditions Zulma<\/a> ont choisi de publier <em>Corps d\u00e9sirable<\/em>, le nouveau roman d&rsquo;Hubert Haddad, romancier, historien d&rsquo;art et essayiste fran\u00e7ais d&rsquo;origine tunisienne.<\/h2>\n<p>La premi\u00e8re chose qui frappe, lorsqu\u2019on ouvre le livre, c\u2019est la volubilit\u00e9 de la prose. Ces mots qui s\u2019accumulent, s\u2019entrechoquent presque dans leur h\u00e2te \u00e0 sortir sur le papier, tant l\u2019\u00e9lan de l&rsquo;auteur les emporte\u00a0; tout cela panach\u00e9 par une maestria du vocabulaire impressionnante. Comme si les questions qu\u2019<strong>Hubert Haddad<\/strong> soul\u00e8ve dans son roman l\u2019avaient tourment\u00e9 pendant longtemps, pressantes, jusqu\u2019\u00e0 ce qu\u2019il rende les armes et s\u2019\u00e9panche enfin par la plume, pour cr\u00e9er ce livre percutant, d\u00e9rangeant, comme un pav\u00e9 jet\u00e9 dans la mare.<\/p>\n<p><a href=\"http:\/\/smallthings.fr\/?attachment_id=26317\" rel=\"attachment wp-att-26317\"><img loading=\"lazy\" decoding=\"async\" class=\"alignright  wp-image-26317\" src=\"http:\/\/smallthings.fr\/wp-content\/uploads\/2015\/08\/haddad-corps-desirable.jpg\" alt=\"LaSolutionEsquimauAW\" width=\"229\" height=\"348\" \/><\/a>Qu\u2019est-ce qu\u2019il remue au juste dans ce livre, qui n\u2019est pourtant qu\u2019un roman\u00a0? <strong>Le myst\u00e8re de l\u2019humain\u00a0; et il fallait bien un roman pour pouvoir explorer les limites de ce qui fait ou d\u00e9fait l\u2019identit\u00e9 humaine<\/strong>, pour aider la science \u00e0 concevoir ce qu\u2019il y a d\u2019inimaginable dans un geste m\u00e9dical pourtant techniquement plausible.<\/p>\n<p><strong><em>Corps d\u00e9sirable<\/em><\/strong> raconte l\u2019histoire d\u2019un homme, C\u00e9dric, mont\u00e9 sur un bateau qui, quelques minutes \u00e0 peine apr\u00e8s une annonce de rupture de sa compagne, s\u2019est fait \u00e9craser sous un support de vigie tomb\u00e9 du m\u00e2t. Son corps bris\u00e9 de partout ne tient plus la route, except\u00e9 sa conscience\u00a0; il recouvre donc ses esprits dans un corps t\u00e9trapl\u00e9gique, promis \u00e0 l\u2019agonie. Pour le sauver, les chirurgiens tentent alors l\u2019inconcevable\u00a0: <strong>transplanter sa t\u00eate sur le corps d\u2019un autre homme<\/strong>. Contre toute attente, la transplantation r\u00e9ussit.<\/p>\n<p>Et c\u2019est l\u00e0 qu\u2019il faut un roman\u00a0: pour imaginer, pour dire toutes les souffrances et les perturbations int\u00e9rieures, physiologiques certes, mais surtout psychologiques, qui truffent le processus de r\u00e9cup\u00e9ration physique de C\u00e9dric, avec sa compagne que l\u2019accident a ramen\u00e9e vers lui, en un retournement de situation inattendu. Parce que vivre, c\u2019est bien beau, mais qu\u2019est-ce que vivre avec sa t\u00eate pos\u00e9e sur un corps entier qui n\u2019est pas le sien\u00a0? Peut-on encore se reconna\u00eetre, dans la glace, dans les mouvements physiques\u00a0? Se ma\u00eetriser dans l\u2019espace et le temps\u00a0? O\u00f9 se termine la m\u00e9moire du corps, o\u00f9 commence celle du cerveau, surtout quand l\u2019un et l\u2019autre ont \u00e9t\u00e9 dissoci\u00e9s\u00a0? Peut-on aimer de la m\u00eame mani\u00e8re avec un corps diff\u00e9rent, m\u00eame si l\u2019esprit, la conscience personnelle, n\u2019a pas chang\u00e9\u00a0? L\u2019amante d\u2019hier peut-elle encore aimer le m\u00eame \u00eatre, et jouir de son corps, m\u00eame s\u2019il n\u2019est radicalement plus le m\u00eame, qu\u2019il n\u2019est plus intimement li\u00e9 au visage qu\u2019il porte\u00a0? Ou sera-ce plut\u00f4t l\u2019amante de l\u2019homme d\u00e9capit\u00e9, sur le corps duquel on a greff\u00e9 la t\u00eate de C\u00e9dric, qui reprendra son influence charnelle sur le corps malgr\u00e9 la nouvelle t\u00eate qui le couronne\u00a0?<\/p>\n<p>Et au sein de sa propre psych\u00e9, est-ce le v\u00e9cu, la pr\u00e9sence du corps qui l\u2019emporte ou celle de la t\u00eate\u00a0? Qui commandera ce nouvel \u00eatre, la m\u00e9moire musculaire et physique, l\u2019histoire du corps, ou les souvenirs mentaux, la conscience, la volont\u00e9 de la t\u00eate\u00a0? Corps et t\u00eate vont-ils seulement s\u2019accepter mutuellement, gr\u00e2ce aux traitements immunosuppresseurs\u00a0; vont-ils se fondre l\u2019un dans l\u2019autre, au point que C\u00e9dric ne saura plus ce qui rel\u00e8ve de sa conscience, et ce qui rel\u00e8ve des souvenirs de ce corps \u00e9tranger, quitte \u00e0 en perdre son identit\u00e9, ou au contraire vont-ils se rejeter l\u2019un l\u2019autre, afin que C\u00e9dric soit toujours conscient de n\u2019\u00eatre qu\u2019une t\u00eate accol\u00e9e \u00e0 un corps jamais totalement assimil\u00e9, ma\u00eetris\u00e9, accept\u00e9\u00a0?<\/p>\n<div id=\"attachment_26318\" style=\"width: 243px\" class=\"wp-caption alignleft\"><a href=\"http:\/\/smallthings.fr\/?attachment_id=26318\" rel=\"attachment wp-att-26318\"><img loading=\"lazy\" decoding=\"async\" aria-describedby=\"caption-attachment-26318\" class=\" wp-image-26318\" src=\"http:\/\/smallthings.fr\/wp-content\/uploads\/2015\/08\/hubert-haddad-corps-300x200.jpg\" alt=\"Hubert Haddad\" width=\"233\" height=\"155\" \/><\/a><p id=\"caption-attachment-26318\" class=\"wp-caption-text\">Hubert Haddad<\/p><\/div>\n<p>Autant de questions m\u00ealant l\u2019existentiel et l\u2019\u00e9thique, \u00e9voqu\u00e9es tout ensemble \u00e0 la fois dans l&rsquo;\u00e9criture foisonnante d&rsquo;<strong>Hubert Haddad<\/strong>, qui entra\u00eene le lecteur dans <strong>ce tourbillon de l\u2019identit\u00e9, du d\u00e9sir, de l\u2019amour, de la vie<\/strong>, assaisonn\u00e9 de diff\u00e9rents th\u00e8mes\u00a0: l\u2019Italie, la filiation, les enjeux politico-industriels&#8230; quitte \u00e0 le d\u00e9boussoler. Et la fin abrupte de <strong><em>Corps d\u00e9sirable<\/em><\/strong>, qui le rejette brusquement sur le rivage, le laisse enfin confus, d\u00e9sorient\u00e9 et soudain sceptique vis-\u00e0-vis de sa propre unicit\u00e9. Un sentiment orchestr\u00e9 d\u2019une main de ma\u00eetre, p\u00e9n\u00e9trant, qui ne s\u2019estompe pas facilement, et r\u00e9v\u00e8le l\u2019importance de ces questions pour la m\u00e9decine qui ne peut plus se cantonner aujourd\u2019hui au domaine purement biologique.<\/p>\n<blockquote><p>\u00ab\u00a0Il avait besoin d\u2019oublier son impotence intime, la cruaut\u00e9 d\u2019\u00eatre et de n\u2019\u00eatre pas lui-m\u00eame\u00a0; et plus que tout cette inquisition sans visage qui le taraudait nuit et jour depuis son \u00e9vasion assist\u00e9e de la clinique du docteur Emil Schoeler. Le corps qu\u2019il habitait avait eu une identit\u00e9 g\u00e9n\u00e9tique et civile. Des voix anonymes chuchotaient parfois \u00e0 travers l\u2019ab\u00eeme de sa cervelle. Elles bruissaient du fond des organes. C\u2019\u00e9tait un chant de sir\u00e8nes aux abords de r\u00e9cifs ignor\u00e9s, comme s\u2019il devait se laisser emporter par son transplant, s\u2019abandonner avant peu \u00e0 la question d\u00e9mesur\u00e9e que lui posait ce corps impossible \u00e0 soumettre, au \u00ab\u00a0qui suis-je\u00a0\u00bb battant au rythme du c\u0153ur les parois de ses visc\u00e8res. Mais une fois dehors, en marche incertaine parmi les statues et les arbres, il oubliait sa prison charnelle et toutes les entraves d\u2019un handicap invraisemblable .\u00a0\u00bb<\/p><\/blockquote>\n","protected":false},"excerpt":{"rendered":"<p>C&rsquo;est en cette rentr\u00e9e litt\u00e9raire que les \u00e9ditions Zulma ont choisi de publier Corps d\u00e9sirable, le nouveau roman d&rsquo;Hubert Haddad, romancier, historien d&rsquo;art et essayiste fran\u00e7ais d&rsquo;origine tunisienne. La premi\u00e8re chose qui frappe, lorsqu\u2019on ouvre le livre, c\u2019est la volubilit\u00e9 de la prose. Ces mots qui s\u2019accumulent, s\u2019entrechoquent presque dans leur h\u00e2te \u00e0 sortir sur<\/p>\n","protected":false},"author":13,"featured_media":26316,"comment_status":"open","ping_status":"open","sticky":false,"template":"","format":"standard","meta":{"jetpack_post_was_ever_published":false,"_jetpack_newsletter_access":"","_jetpack_newsletter_tier_id":0,"footnotes":"","jetpack_publicize_message":"","jetpack_is_tweetstorm":false,"jetpack_publicize_feature_enabled":true,"jetpack_social_post_already_shared":false,"jetpack_social_options":{"image_generator_settings":{"template":"highway","enabled":false}}},"categories":[45,1118],"tags":[250,251,32,174],"jetpack_publicize_connections":[],"yoast_head":"<!-- This site is optimized with the Yoast SEO plugin v21.5 - https:\/\/yoast.com\/wordpress\/plugins\/seo\/ -->\n<title>Corps d\u00e9sirable d&#039;Hubert Haddad : l&#039;humain en question<\/title>\n<meta name=\"description\" content=\"C&#039;est en cette rentr\u00e9e litt\u00e9raire que les \u00e9ditions Zulma ont choisi de publier Corps d\u00e9sirable, le nouveau roman d&#039;Hubert Haddad, romancier, historien d&#039;art\" \/>\n<meta name=\"robots\" content=\"index, follow, max-snippet:-1, max-image-preview:large, max-video-preview:-1\" \/>\n<link rel=\"canonical\" href=\"https:\/\/smallthings.fr\/lespetitslivres\/2015\/08\/20\/corps-desirable-hubert-haddad-critique\/\" \/>\n<meta property=\"og:locale\" content=\"fr_FR\" \/>\n<meta property=\"og:type\" content=\"article\" \/>\n<meta property=\"og:title\" content=\"Corps d\u00e9sirable d&#039;Hubert Haddad : l&#039;humain en question\" \/>\n<meta property=\"og:description\" content=\"C&#039;est en cette rentr\u00e9e litt\u00e9raire que les \u00e9ditions Zulma ont choisi de publier Corps d\u00e9sirable, le nouveau roman d&#039;Hubert Haddad, romancier, historien d&#039;art\" \/>\n<meta property=\"og:url\" content=\"https:\/\/smallthings.fr\/lespetitslivres\/2015\/08\/20\/corps-desirable-hubert-haddad-critique\/\" \/>\n<meta property=\"og:site_name\" content=\"Les Petits Livres\" \/>\n<meta property=\"article:published_time\" content=\"2015-08-20T13:30:56+00:00\" \/>\n<meta property=\"article:modified_time\" content=\"2015-11-02T12:12:49+00:00\" \/>\n<meta name=\"author\" content=\"Cecile\" \/>\n<meta name=\"twitter:card\" content=\"summary_large_image\" \/>\n<meta name=\"twitter:label1\" content=\"\u00c9crit par\" \/>\n\t<meta name=\"twitter:data1\" content=\"Cecile\" \/>\n\t<meta name=\"twitter:label2\" content=\"Dur\u00e9e de lecture estim\u00e9e\" \/>\n\t<meta name=\"twitter:data2\" content=\"5 minutes\" \/>\n<script type=\"application\/ld+json\" class=\"yoast-schema-graph\">{\"@context\":\"https:\/\/schema.org\",\"@graph\":[{\"@type\":\"WebPage\",\"@id\":\"https:\/\/smallthings.fr\/lespetitslivres\/2015\/08\/20\/corps-desirable-hubert-haddad-critique\/\",\"url\":\"https:\/\/smallthings.fr\/lespetitslivres\/2015\/08\/20\/corps-desirable-hubert-haddad-critique\/\",\"name\":\"Corps d\u00e9sirable d'Hubert Haddad : l'humain en question\",\"isPartOf\":{\"@id\":\"https:\/\/smallthings.fr\/lespetitslivres\/#website\"},\"datePublished\":\"2015-08-20T13:30:56+00:00\",\"dateModified\":\"2015-11-02T12:12:49+00:00\",\"author\":{\"@id\":\"https:\/\/smallthings.fr\/lespetitslivres\/#\/schema\/person\/7b3de8ef611f2b29f758a00cad7cafb2\"},\"description\":\"C'est en cette rentr\u00e9e litt\u00e9raire que les \u00e9ditions Zulma ont choisi de publier Corps d\u00e9sirable, le nouveau roman d'Hubert Haddad, romancier, historien d'art\",\"breadcrumb\":{\"@id\":\"https:\/\/smallthings.fr\/lespetitslivres\/2015\/08\/20\/corps-desirable-hubert-haddad-critique\/#breadcrumb\"},\"inLanguage\":\"fr-FR\",\"potentialAction\":[{\"@type\":\"ReadAction\",\"target\":[\"https:\/\/smallthings.fr\/lespetitslivres\/2015\/08\/20\/corps-desirable-hubert-haddad-critique\/\"]}]},{\"@type\":\"BreadcrumbList\",\"@id\":\"https:\/\/smallthings.fr\/lespetitslivres\/2015\/08\/20\/corps-desirable-hubert-haddad-critique\/#breadcrumb\",\"itemListElement\":[{\"@type\":\"ListItem\",\"position\":1,\"name\":\"Accueil\",\"item\":\"https:\/\/smallthings.fr\/lespetitslivres\/\"},{\"@type\":\"ListItem\",\"position\":2,\"name\":\"Corps d\u00e9sirable d&rsquo;Hubert Haddad : l&rsquo;humain en question\"}]},{\"@type\":\"WebSite\",\"@id\":\"https:\/\/smallthings.fr\/lespetitslivres\/#website\",\"url\":\"https:\/\/smallthings.fr\/lespetitslivres\/\",\"name\":\"Les Petits Livres\",\"description\":\"by Small Things\",\"potentialAction\":[{\"@type\":\"SearchAction\",\"target\":{\"@type\":\"EntryPoint\",\"urlTemplate\":\"https:\/\/smallthings.fr\/lespetitslivres\/?s={search_term_string}\"},\"query-input\":\"required name=search_term_string\"}],\"inLanguage\":\"fr-FR\"},{\"@type\":\"Person\",\"@id\":\"https:\/\/smallthings.fr\/lespetitslivres\/#\/schema\/person\/7b3de8ef611f2b29f758a00cad7cafb2\",\"name\":\"Cecile\",\"image\":{\"@type\":\"ImageObject\",\"inLanguage\":\"fr-FR\",\"@id\":\"https:\/\/smallthings.fr\/lespetitslivres\/#\/schema\/person\/image\/\",\"url\":\"https:\/\/secure.gravatar.com\/avatar\/a855fa1dbad38b06e97132a8a6579746?s=96&d=retro&r=g\",\"contentUrl\":\"https:\/\/secure.gravatar.com\/avatar\/a855fa1dbad38b06e97132a8a6579746?s=96&d=retro&r=g\",\"caption\":\"Cecile\"},\"url\":\"https:\/\/smallthings.fr\/lespetitslivres\/author\/cecile\/\"}]}<\/script>\n<!-- \/ Yoast SEO plugin. -->","yoast_head_json":{"title":"Corps d\u00e9sirable d'Hubert Haddad : l'humain en question","description":"C'est en cette rentr\u00e9e litt\u00e9raire que les \u00e9ditions Zulma ont choisi de publier Corps d\u00e9sirable, le nouveau roman d'Hubert Haddad, romancier, historien d'art","robots":{"index":"index","follow":"follow","max-snippet":"max-snippet:-1","max-image-preview":"max-image-preview:large","max-video-preview":"max-video-preview:-1"},"canonical":"https:\/\/smallthings.fr\/lespetitslivres\/2015\/08\/20\/corps-desirable-hubert-haddad-critique\/","og_locale":"fr_FR","og_type":"article","og_title":"Corps d\u00e9sirable d'Hubert Haddad : l'humain en question","og_description":"C'est en cette rentr\u00e9e litt\u00e9raire que les \u00e9ditions Zulma ont choisi de publier Corps d\u00e9sirable, le nouveau roman d'Hubert Haddad, romancier, historien d'art","og_url":"https:\/\/smallthings.fr\/lespetitslivres\/2015\/08\/20\/corps-desirable-hubert-haddad-critique\/","og_site_name":"Les Petits Livres","article_published_time":"2015-08-20T13:30:56+00:00","article_modified_time":"2015-11-02T12:12:49+00:00","author":"Cecile","twitter_card":"summary_large_image","twitter_misc":{"\u00c9crit par":"Cecile","Dur\u00e9e de lecture estim\u00e9e":"5 minutes"},"schema":{"@context":"https:\/\/schema.org","@graph":[{"@type":"WebPage","@id":"https:\/\/smallthings.fr\/lespetitslivres\/2015\/08\/20\/corps-desirable-hubert-haddad-critique\/","url":"https:\/\/smallthings.fr\/lespetitslivres\/2015\/08\/20\/corps-desirable-hubert-haddad-critique\/","name":"Corps d\u00e9sirable d'Hubert Haddad : l'humain en question","isPartOf":{"@id":"https:\/\/smallthings.fr\/lespetitslivres\/#website"},"datePublished":"2015-08-20T13:30:56+00:00","dateModified":"2015-11-02T12:12:49+00:00","author":{"@id":"https:\/\/smallthings.fr\/lespetitslivres\/#\/schema\/person\/7b3de8ef611f2b29f758a00cad7cafb2"},"description":"C'est en cette rentr\u00e9e litt\u00e9raire que les \u00e9ditions Zulma ont choisi de publier Corps d\u00e9sirable, le nouveau roman d'Hubert Haddad, romancier, historien d'art","breadcrumb":{"@id":"https:\/\/smallthings.fr\/lespetitslivres\/2015\/08\/20\/corps-desirable-hubert-haddad-critique\/#breadcrumb"},"inLanguage":"fr-FR","potentialAction":[{"@type":"ReadAction","target":["https:\/\/smallthings.fr\/lespetitslivres\/2015\/08\/20\/corps-desirable-hubert-haddad-critique\/"]}]},{"@type":"BreadcrumbList","@id":"https:\/\/smallthings.fr\/lespetitslivres\/2015\/08\/20\/corps-desirable-hubert-haddad-critique\/#breadcrumb","itemListElement":[{"@type":"ListItem","position":1,"name":"Accueil","item":"https:\/\/smallthings.fr\/lespetitslivres\/"},{"@type":"ListItem","position":2,"name":"Corps d\u00e9sirable d&rsquo;Hubert Haddad : l&rsquo;humain en question"}]},{"@type":"WebSite","@id":"https:\/\/smallthings.fr\/lespetitslivres\/#website","url":"https:\/\/smallthings.fr\/lespetitslivres\/","name":"Les Petits Livres","description":"by Small Things","potentialAction":[{"@type":"SearchAction","target":{"@type":"EntryPoint","urlTemplate":"https:\/\/smallthings.fr\/lespetitslivres\/?s={search_term_string}"},"query-input":"required name=search_term_string"}],"inLanguage":"fr-FR"},{"@type":"Person","@id":"https:\/\/smallthings.fr\/lespetitslivres\/#\/schema\/person\/7b3de8ef611f2b29f758a00cad7cafb2","name":"Cecile","image":{"@type":"ImageObject","inLanguage":"fr-FR","@id":"https:\/\/smallthings.fr\/lespetitslivres\/#\/schema\/person\/image\/","url":"https:\/\/secure.gravatar.com\/avatar\/a855fa1dbad38b06e97132a8a6579746?s=96&d=retro&r=g","contentUrl":"https:\/\/secure.gravatar.com\/avatar\/a855fa1dbad38b06e97132a8a6579746?s=96&d=retro&r=g","caption":"Cecile"},"url":"https:\/\/smallthings.fr\/lespetitslivres\/author\/cecile\/"}]}},"jetpack_featured_media_url":"","jetpack_sharing_enabled":true,"jetpack_shortlink":"https:\/\/wp.me\/p6Un21-6Qr","jetpack-related-posts":[{"id":26751,"url":"https:\/\/smallthings.fr\/lespetitslivres\/2015\/09\/03\/ma-roman-hubert-haddad-critique\/","url_meta":{"origin":26315,"position":0},"title":"M\u0101, le roman japonais d&rsquo;Hubert Haddad","author":"Cecile","date":"3 septembre 2015","format":false,"excerpt":"M\u0101 sort aujourd'hui aux \u00e9ditions Zulma. Ce n\u2019est pas un, mais deux romans qu\u2019Hubert Haddad, artiste multiforme, publie \u00e0 l\u2019occasion de cette rentr\u00e9e litt\u00e9raire. Tous deux tr\u00e8s diff\u00e9rents l\u2019un de l\u2019autre, d\u00e9montrant la versatilit\u00e9 de son style. Autant Corps d\u00e9sirable frappait par sa volubilit\u00e9, autant\u00a0M\u0101 \u00e9tonne par sa ma\u00eetrise de\u2026","rel":"","context":"Dans &quot;Rentr\u00e9e Litt\u00e9raire&quot;","block_context":{"text":"Rentr\u00e9e Litt\u00e9raire","link":"https:\/\/smallthings.fr\/lespetitslivres\/category\/rentree-litteraire-2015\/"},"img":{"alt_text":"","src":"","width":0,"height":0},"classes":[]},{"id":30292,"url":"https:\/\/smallthings.fr\/lespetitslivres\/2016\/09\/14\/garde-corps-virginie-martin\/","url_meta":{"origin":26315,"position":1},"title":"Garde-corps de Virginie Martin : la vie des femmes","author":"Diane Norric","date":"14 septembre 2016","format":false,"excerpt":"\u00c0 l\u2019occasion de la rentr\u00e9e litt\u00e9raire, les \u00e9ditions Lemieux publient Garde-corps, le premier roman de la\u00a0chercheure\u00a0et politologue Virginie Martin. Un bref r\u00e9cit situ\u00e9 dans le monde politique, o\u00f9\u00a0affleure l\u2019engagement f\u00e9ministe de l\u2019auteure. Gabrielle Clair est une ministre du travail brillante, d\u00e9vou\u00e9e et ambitieuse. Elle \u00e9volue dans un monde d\u2019hommes, o\u00f9\u2026","rel":"","context":"Dans &quot;Rentr\u00e9e litt\u00e9raire&quot;","block_context":{"text":"Rentr\u00e9e litt\u00e9raire","link":"https:\/\/smallthings.fr\/lespetitslivres\/category\/rentree-litteraire\/"},"img":{"alt_text":"","src":"https:\/\/i0.wp.com\/smallthings.fr\/lespetitslivres\/wp-content\/uploads\/2016\/09\/virginie-martin.jpg?resize=350%2C200&ssl=1","width":350,"height":200,"srcset":"https:\/\/i0.wp.com\/smallthings.fr\/lespetitslivres\/wp-content\/uploads\/2016\/09\/virginie-martin.jpg?resize=350%2C200&ssl=1 1x, https:\/\/i0.wp.com\/smallthings.fr\/lespetitslivres\/wp-content\/uploads\/2016\/09\/virginie-martin.jpg?resize=525%2C300&ssl=1 1.5x, https:\/\/i0.wp.com\/smallthings.fr\/lespetitslivres\/wp-content\/uploads\/2016\/09\/virginie-martin.jpg?resize=700%2C400&ssl=1 2x"},"classes":[]},{"id":30163,"url":"https:\/\/smallthings.fr\/lespetitslivres\/2016\/08\/28\/10-04-ben-lerner-roman-critique\/","url_meta":{"origin":26315,"position":2},"title":"10:04 de Ben Lerner : le roman du romancier","author":"Diane Norric","date":"28 ao\u00fbt 2016","format":false,"excerpt":"10:04 est le second roman de l'Am\u00e9ricain Ben Lerner, que publient les \u00e9ditions de l\u2019Olivier en cette rentr\u00e9e litt\u00e9raire. Le premier roman de l'auteur, Au d\u00e9part d\u2019Atocha, encens\u00e9 par la critique anglo-saxonne \u00e9tait paru en fran\u00e7ais chez le m\u00eame \u00e9diteur. 10:04 est lui aussi pr\u00e9c\u00e9d\u00e9 d\u2019une flatteuse r\u00e9putation. Dans ce\u2026","rel":"","context":"Dans &quot;Rentr\u00e9e litt\u00e9raire&quot;","block_context":{"text":"Rentr\u00e9e litt\u00e9raire","link":"https:\/\/smallthings.fr\/lespetitslivres\/category\/rentree-litteraire\/"},"img":{"alt_text":"","src":"https:\/\/i0.wp.com\/smallthings.fr\/lespetitslivres\/wp-content\/uploads\/2016\/07\/10-04-lerner-couv.jpg?resize=350%2C200&ssl=1","width":350,"height":200,"srcset":"https:\/\/i0.wp.com\/smallthings.fr\/lespetitslivres\/wp-content\/uploads\/2016\/07\/10-04-lerner-couv.jpg?resize=350%2C200&ssl=1 1x, https:\/\/i0.wp.com\/smallthings.fr\/lespetitslivres\/wp-content\/uploads\/2016\/07\/10-04-lerner-couv.jpg?resize=525%2C300&ssl=1 1.5x, https:\/\/i0.wp.com\/smallthings.fr\/lespetitslivres\/wp-content\/uploads\/2016\/07\/10-04-lerner-couv.jpg?resize=700%2C400&ssl=1 2x, https:\/\/i0.wp.com\/smallthings.fr\/lespetitslivres\/wp-content\/uploads\/2016\/07\/10-04-lerner-couv.jpg?resize=1050%2C600&ssl=1 3x"},"classes":[]},{"id":31299,"url":"https:\/\/smallthings.fr\/lespetitslivres\/2017\/09\/26\/dans-epaisseur-chair-blas-de-robles\/","url_meta":{"origin":26315,"position":3},"title":"Dans l&rsquo;\u00e9paisseur de la chair : retour dans le pass\u00e9 d&rsquo;un p\u00e8re myst\u00e9rieux","author":"Betsy","date":"26 septembre 2017","format":false,"excerpt":"Dans l'\u00e9paisseur de la chair est le nouveau roman de Jean-Marie Blas de Robl\u00e8s, paru chez Zulma en cette rentr\u00e9e litt\u00e9raire. Un retour dans un pass\u00e9 pas forc\u00e9ment glorieux mais \u00e9mouvant et ouvrant \u00e0 la r\u00e9flexion. Et bien que l\u00e9g\u00e8rement autobiographique pour rendre hommage \u00e0 son p\u00e8re, Dans l'\u00e9paisseur de\u2026","rel":"","context":"Dans &quot;Roman fran\u00e7ais&quot;","block_context":{"text":"Roman fran\u00e7ais","link":"https:\/\/smallthings.fr\/lespetitslivres\/category\/roman\/roman-francais\/"},"img":{"alt_text":"","src":"https:\/\/i0.wp.com\/smallthings.fr\/lespetitslivres\/wp-content\/uploads\/2017\/09\/blas-de-robles-jean-marie-blas-de-robles-opale-ok_0.jpg?resize=350%2C200&ssl=1","width":350,"height":200,"srcset":"https:\/\/i0.wp.com\/smallthings.fr\/lespetitslivres\/wp-content\/uploads\/2017\/09\/blas-de-robles-jean-marie-blas-de-robles-opale-ok_0.jpg?resize=350%2C200&ssl=1 1x, https:\/\/i0.wp.com\/smallthings.fr\/lespetitslivres\/wp-content\/uploads\/2017\/09\/blas-de-robles-jean-marie-blas-de-robles-opale-ok_0.jpg?resize=525%2C300&ssl=1 1.5x, https:\/\/i0.wp.com\/smallthings.fr\/lespetitslivres\/wp-content\/uploads\/2017\/09\/blas-de-robles-jean-marie-blas-de-robles-opale-ok_0.jpg?resize=700%2C400&ssl=1 2x"},"classes":[]},{"id":15928,"url":"https:\/\/smallthings.fr\/lespetitslivres\/2014\/08\/21\/blas-de-robles-ile-du-point-nemo\/","url_meta":{"origin":26315,"position":4},"title":"JM Blas de Robl\u00e8s, L&rsquo;\u00cele du point Nemo : une aventure \u00e9tourdissante","author":"Cecile","date":"21 ao\u00fbt 2014","format":false,"excerpt":"L'\u00cele du point Nemo, nouveau roman de Jean-Maris Blas de Robl\u00e8s, sort aujourd'hui aux \u00e9ditions Zulma pour la rentr\u00e9e litt\u00e9raire. N\u00e9 en 1954 \u00e0 Sidi-Bel-Abb\u00e8s en Alg\u00e9rie, Jean-Marie Blas de Robl\u00e8s est l\u2019auteur de l\u2019impressionnant L\u00e0 o\u00f9 les tigres sont chez eux (Zulma, 2008) laur\u00e9at du prix M\u00e9dicis et du\u2026","rel":"","context":"Dans &quot;Roman fran\u00e7ais&quot;","block_context":{"text":"Roman fran\u00e7ais","link":"https:\/\/smallthings.fr\/lespetitslivres\/category\/roman\/roman-francais\/"},"img":{"alt_text":"Jean-Marie Blas de Robl\u00c3\u00a8s","src":"https:\/\/i0.wp.com\/smallthings.fr\/wp-content\/uploads\/2014\/08\/blas-de-robles-nemo.jpg?resize=350%2C200","width":350,"height":200},"classes":[]},{"id":31799,"url":"https:\/\/smallthings.fr\/lespetitslivres\/2018\/09\/04\/trancher-amelie-cordonnier-roman-avis\/","url_meta":{"origin":26315,"position":5},"title":"Trancher, quand les mots d\u00e9truisent : le premier roman d&rsquo;Am\u00e9lie Cordonnier","author":"Claire","date":"4 septembre 2018","format":false,"excerpt":"En cette Rentr\u00e9e litt\u00e9raire, la journaliste Am\u00e9lie Cordonnier publie son premier roman, Trancher, chez Flammarion. Un livre difficile qui aborde le sujet de la violence conjugale verbale. L'h\u00e9ro\u00efne est en couple avec Aur\u00e9lien. Ils ont deux enfants. Apr\u00e8s des ann\u00e9es de tr\u00eave, Aur\u00e9lien recommence \u00e0 l'insulter, et ce devant leurs\u2026","rel":"","context":"Dans &quot;Roman fran\u00e7ais&quot;","block_context":{"text":"Roman fran\u00e7ais","link":"https:\/\/smallthings.fr\/lespetitslivres\/category\/roman\/roman-francais\/"},"img":{"alt_text":"","src":"https:\/\/i0.wp.com\/smallthings.fr\/lespetitslivres\/wp-content\/uploads\/2018\/09\/trancher-cordonnier-cover.jpg?resize=350%2C200&ssl=1","width":350,"height":200,"srcset":"https:\/\/i0.wp.com\/smallthings.fr\/lespetitslivres\/wp-content\/uploads\/2018\/09\/trancher-cordonnier-cover.jpg?resize=350%2C200&ssl=1 1x, https:\/\/i0.wp.com\/smallthings.fr\/lespetitslivres\/wp-content\/uploads\/2018\/09\/trancher-cordonnier-cover.jpg?resize=525%2C300&ssl=1 1.5x"},"classes":[]}],"_links":{"self":[{"href":"https:\/\/smallthings.fr\/lespetitslivres\/wp-json\/wp\/v2\/posts\/26315"}],"collection":[{"href":"https:\/\/smallthings.fr\/lespetitslivres\/wp-json\/wp\/v2\/posts"}],"about":[{"href":"https:\/\/smallthings.fr\/lespetitslivres\/wp-json\/wp\/v2\/types\/post"}],"author":[{"embeddable":true,"href":"https:\/\/smallthings.fr\/lespetitslivres\/wp-json\/wp\/v2\/users\/13"}],"replies":[{"embeddable":true,"href":"https:\/\/smallthings.fr\/lespetitslivres\/wp-json\/wp\/v2\/comments?post=26315"}],"version-history":[{"count":1,"href":"https:\/\/smallthings.fr\/lespetitslivres\/wp-json\/wp\/v2\/posts\/26315\/revisions"}],"predecessor-version":[{"id":28722,"href":"https:\/\/smallthings.fr\/lespetitslivres\/wp-json\/wp\/v2\/posts\/26315\/revisions\/28722"}],"wp:featuredmedia":[{"embeddable":true,"href":"https:\/\/smallthings.fr\/lespetitslivres\/wp-json\/"}],"wp:attachment":[{"href":"https:\/\/smallthings.fr\/lespetitslivres\/wp-json\/wp\/v2\/media?parent=26315"}],"wp:term":[{"taxonomy":"category","embeddable":true,"href":"https:\/\/smallthings.fr\/lespetitslivres\/wp-json\/wp\/v2\/categories?post=26315"},{"taxonomy":"post_tag","embeddable":true,"href":"https:\/\/smallthings.fr\/lespetitslivres\/wp-json\/wp\/v2\/tags?post=26315"}],"curies":[{"name":"wp","href":"https:\/\/api.w.org\/{rel}","templated":true}]}}