{"id":24621,"date":"2015-06-22T14:30:53","date_gmt":"2015-06-22T13:30:53","guid":{"rendered":"http:\/\/smallthings.fr\/?p=24621"},"modified":"2015-11-02T13:15:19","modified_gmt":"2015-11-02T12:15:19","slug":"l-ile-aux-mille-couleurs-mckinley-critique","status":"publish","type":"post","link":"https:\/\/smallthings.fr\/lespetitslivres\/2015\/06\/22\/l-ile-aux-mille-couleurs-mckinley-critique\/","title":{"rendered":"L\u2019\u00eele aux mille couleurs \u2013 Tamara McKinley"},"content":{"rendered":"<h2><em>L\u2019\u00eele aux mille couleurs<\/em>, paru en librairie le 20 mai dernier aux <a href=\"http:\/\/www.editionsarchipel.com\/livre\/l-ile-aux-mille-couleurs\/\" target=\"_blank\">\u00e9ditions de l&rsquo;Archipel<\/a>, est une fresque romanesque s\u2019\u00e9tendant entre l\u2019Australie, o\u00f9 est n\u00e9e l\u2019auteur, et l\u2019Angleterre o\u00f9 elle a \u00e9migr\u00e9 enfant, tout comme son h\u00e9ro\u00efne. Cependant, le parall\u00e8le s\u2019arr\u00eate l\u00e0 puisque la vie de Loulou Pearson se d\u00e9roule au lendemain de la Premi\u00e8re guerre mondiale. Jeune et talentueuse sculptrice \u00e9lev\u00e9e par sa grand-tante, une lady anglaise, elle pr\u00e9pare sa premi\u00e8re exposition avec son m\u00e9c\u00e8ne qui lui promet d\u00e9j\u00e0 un bel avenir&#8230;<\/h2>\n<p>Mais une lettre lui arrive subrepticement de Tasmanie, son \u00eele natale, lui annon\u00e7ant qu\u2019elle est l\u2019heureuse propri\u00e9taire d\u2019un cheval de course. Intrigu\u00e9e, elle d\u00e9cide de retourner en Tasmanie pour en avoir le c\u0153ur net, pouss\u00e9e par la nostalgie de son enfance, malgr\u00e9 sa grand-tante qui pousse les hauts cris et menace de la d\u00e9sh\u00e9riter. Accompagn\u00e9e par sa meilleure amie, elle s\u2019embarque pour un voyage \u00e9pique, qui fera resurgir des secrets de famille inavou\u00e9s, d\u00e9cha\u00eenera les esprits, mais lui r\u00e9v\u00e9lera aussi ses origines sur le fond d\u2019une idylle naissante&#8230;<\/p>\n<p><a href=\"http:\/\/smallthings.fr\/?attachment_id=24624\" rel=\"attachment wp-att-24624\"><img loading=\"lazy\" decoding=\"async\" class=\"alignright size-full wp-image-24624\" src=\"http:\/\/smallthings.fr\/wp-content\/uploads\/2015\/06\/l-ile-aux-mille-couleurs.jpg\" alt=\"l-ile-aux-mille-couleurs\" width=\"210\" height=\"329\" \/><\/a>C\u2019est un beau programme ;\u00a0<em><strong>L\u2019\u00eele aux mille couleurs<\/strong><\/em> <strong>promet un rythme entra\u00eenant, truff\u00e9 de rebondissements. C\u2019est le cas<\/strong>\u00a0; les personnages sont plaisants, chacun dans leur r\u00f4le\u00a0: la meilleure amie frivole et caract\u00e9rielle au bon fond, la lady anglaise attach\u00e9e \u00e0 l\u2019\u00e9tiquette mais bourr\u00e9e de vieux d\u00e9mons, le jeune premier bless\u00e9 par la guerre et par la vie qui n\u2019a plus d\u2019espoir, la harpie folle pr\u00eate \u00e0 tout pour arriver \u00e0 ses fins, le grand seigneur riche et bourru&#8230; <strong>Les descriptions du milieu hippique sont pittoresques<\/strong>, tout autant que celles du vieux manoir anglais ou de la vie artistique de Londres.<\/p>\n<p>Alors, qu\u2019est-ce qui cloche\u00a0? Le rythme lui-m\u00eame\u00a0: \u00e0 force d\u2019accumuler les p\u00e9rip\u00e9ties, les r\u00e9v\u00e9lations et les coups de th\u00e9\u00e2tre,\u00a0<em><strong>L\u2019\u00eele aux mille couleurs<\/strong><\/em> finit par blaser son lecteur qui devine d\u2019avance le happy end final apr\u00e8s le grand p\u00e9ril. Au fond, <strong>l\u2019intrigue est cousue de fil blanc et parfois gu\u00e8re cr\u00e9dible dans ses rebondissements<\/strong>, tout comme le style de la narration qui se compla\u00eet un peu dans l\u2019emphase dramatique et fait passer les h\u00e9ro\u00efnes du rire aux larmes en l\u2019espace d\u2019un instant. Des \u00e9l\u00e9ments pr\u00e9sent\u00e9s comme essentiels (le cheval, la sculpture, la Tasmanie) passent finalement \u00e0 l\u2019arri\u00e8re-plan, bouscul\u00e9s par les scandales et l\u2019escalade de coups de th\u00e9\u00e2tre et de souvenirs. Il est \u00e9galement dommage que <em><strong>L\u2019\u00eele aux mille couleurs<\/strong><\/em> n\u2019\u00e9voque jamais les Aborig\u00e8nes, pourtant pr\u00e9sents en Tasmanie comme partout ailleurs en Australie.<\/p>\n<div id=\"attachment_24625\" style=\"width: 161px\" class=\"wp-caption alignleft\"><a href=\"http:\/\/smallthings.fr\/?attachment_id=24625\" rel=\"attachment wp-att-24625\"><img loading=\"lazy\" decoding=\"async\" aria-describedby=\"caption-attachment-24625\" class=\" wp-image-24625\" src=\"http:\/\/smallthings.fr\/wp-content\/uploads\/2015\/06\/tamara-mc-kinley.jpg\" alt=\"Tamara McKinley\" width=\"151\" height=\"227\" \/><\/a><p id=\"caption-attachment-24625\" class=\"wp-caption-text\">Tamara McKinley<\/p><\/div>\n<p><em><strong>L\u2019\u00eele aux mille couleurs<\/strong><\/em> n\u2019en reste pas moins un livre sympathique qui fait agr\u00e9ablement passer le temps et donne un aper\u00e7u de ce que purent \u00eatre \u00e0 la fois la haute soci\u00e9t\u00e9 anglaise expatri\u00e9e et le quotidien des immigr\u00e9s modestes en Australie.<\/p>\n<blockquote><p><em>\u00ab\u00a0Parvenue \u00e0 l\u2019extr\u00e9mit\u00e9 de la plage, Loulou s\u2019immobilisa. Le vent qui soufflait dans son dos lui jetait sa chevelure au visage et la gla\u00e7ait.<\/em><\/p>\n<p><em>&#8211; J\u2019ignore si j\u2019en suis capable, dit-elle en consid\u00e9rant la route \u00e9troite qui menait \u00e0 l\u2019int\u00e9rieur des terres.<\/em><\/p>\n<p><em>&#8211; Dans ce cas, d\u00e9cr\u00e9ta Dolly, renonce. \u00c0 quoi bon aller au-devant des chagrins\u00a0?<\/em><\/p>\n<p><em>Elle avait raison, mais Loulou savait d\u00e9j\u00e0 qu\u2019elle ne suivrait pas son conseil. Ses souvenirs s\u2019imposaient \u00e0 elle avec trop d\u2019intensit\u00e9. Le pass\u00e9 l\u2019attirait irr\u00e9sistiblement.<\/em><\/p>\n<p><em>&#8211; Ce chagrin s\u2019\u00e9vanouira si je parviens \u00e0 apprivoiser les fant\u00f4mes.<\/em><\/p>\n<p><em>&#8211; Alors, en route, fit Dolly en lui prenant la main. Tu n\u2019es plus une enfant. Tu n\u2019as pas \u00e0 redouter les ombres.\u00a0\u00bb<\/em><\/p><\/blockquote>\n","protected":false},"excerpt":{"rendered":"<p>L\u2019\u00eele aux mille couleurs, paru en librairie le 20 mai dernier aux \u00e9ditions de l&rsquo;Archipel, est une fresque romanesque s\u2019\u00e9tendant entre l\u2019Australie, o\u00f9 est n\u00e9e l\u2019auteur, et l\u2019Angleterre o\u00f9 elle a \u00e9migr\u00e9 enfant, tout comme son h\u00e9ro\u00efne. Cependant, le parall\u00e8le s\u2019arr\u00eate l\u00e0 puisque la vie de Loulou Pearson se d\u00e9roule au lendemain de la Premi\u00e8re<\/p>\n","protected":false},"author":13,"featured_media":24627,"comment_status":"open","ping_status":"open","sticky":false,"template":"","format":"standard","meta":{"jetpack_post_was_ever_published":false,"_jetpack_newsletter_access":"","_jetpack_newsletter_tier_id":0,"footnotes":"","jetpack_publicize_message":"","jetpack_is_tweetstorm":false,"jetpack_publicize_feature_enabled":true,"jetpack_social_post_already_shared":false,"jetpack_social_options":{"image_generator_settings":{"template":"highway","enabled":false}}},"categories":[1118],"tags":[248,249],"jetpack_publicize_connections":[],"yoast_head":"<!-- This site is optimized with the Yoast SEO plugin v21.5 - https:\/\/yoast.com\/wordpress\/plugins\/seo\/ -->\n<title>L\u2019\u00eele aux mille couleurs \u2013 Tamara McKinley<\/title>\n<meta name=\"description\" content=\"L\u2019\u00eele aux mille couleurs, paru en librairie le 20 mai dernier aux \u00e9ditions de l&#039;Archipel, est une fresque romanesque s\u2019\u00e9tendant entre l\u2019Australie, o\u00f9 est\" \/>\n<meta name=\"robots\" content=\"index, follow, max-snippet:-1, max-image-preview:large, max-video-preview:-1\" \/>\n<link rel=\"canonical\" href=\"https:\/\/smallthings.fr\/lespetitslivres\/2015\/06\/22\/l-ile-aux-mille-couleurs-mckinley-critique\/\" \/>\n<meta property=\"og:locale\" content=\"fr_FR\" \/>\n<meta property=\"og:type\" content=\"article\" \/>\n<meta property=\"og:title\" content=\"L\u2019\u00eele aux mille couleurs \u2013 Tamara McKinley\" \/>\n<meta property=\"og:description\" content=\"L\u2019\u00eele aux mille couleurs, paru en librairie le 20 mai dernier aux \u00e9ditions de l&#039;Archipel, est une fresque romanesque s\u2019\u00e9tendant entre l\u2019Australie, o\u00f9 est\" \/>\n<meta property=\"og:url\" content=\"https:\/\/smallthings.fr\/lespetitslivres\/2015\/06\/22\/l-ile-aux-mille-couleurs-mckinley-critique\/\" \/>\n<meta property=\"og:site_name\" content=\"Les Petits Livres\" \/>\n<meta property=\"article:published_time\" content=\"2015-06-22T13:30:53+00:00\" \/>\n<meta property=\"article:modified_time\" content=\"2015-11-02T12:15:19+00:00\" \/>\n<meta name=\"author\" content=\"Cecile\" \/>\n<meta name=\"twitter:card\" content=\"summary_large_image\" \/>\n<meta name=\"twitter:label1\" content=\"\u00c9crit par\" \/>\n\t<meta name=\"twitter:data1\" content=\"Cecile\" \/>\n\t<meta name=\"twitter:label2\" content=\"Dur\u00e9e de lecture estim\u00e9e\" \/>\n\t<meta name=\"twitter:data2\" content=\"3 minutes\" \/>\n<script type=\"application\/ld+json\" class=\"yoast-schema-graph\">{\"@context\":\"https:\/\/schema.org\",\"@graph\":[{\"@type\":\"WebPage\",\"@id\":\"https:\/\/smallthings.fr\/lespetitslivres\/2015\/06\/22\/l-ile-aux-mille-couleurs-mckinley-critique\/\",\"url\":\"https:\/\/smallthings.fr\/lespetitslivres\/2015\/06\/22\/l-ile-aux-mille-couleurs-mckinley-critique\/\",\"name\":\"L\u2019\u00eele aux mille couleurs \u2013 Tamara McKinley\",\"isPartOf\":{\"@id\":\"https:\/\/smallthings.fr\/lespetitslivres\/#website\"},\"datePublished\":\"2015-06-22T13:30:53+00:00\",\"dateModified\":\"2015-11-02T12:15:19+00:00\",\"author\":{\"@id\":\"https:\/\/smallthings.fr\/lespetitslivres\/#\/schema\/person\/7b3de8ef611f2b29f758a00cad7cafb2\"},\"description\":\"L\u2019\u00eele aux mille couleurs, paru en librairie le 20 mai dernier aux \u00e9ditions de l'Archipel, est une fresque romanesque s\u2019\u00e9tendant entre l\u2019Australie, o\u00f9 est\",\"breadcrumb\":{\"@id\":\"https:\/\/smallthings.fr\/lespetitslivres\/2015\/06\/22\/l-ile-aux-mille-couleurs-mckinley-critique\/#breadcrumb\"},\"inLanguage\":\"fr-FR\",\"potentialAction\":[{\"@type\":\"ReadAction\",\"target\":[\"https:\/\/smallthings.fr\/lespetitslivres\/2015\/06\/22\/l-ile-aux-mille-couleurs-mckinley-critique\/\"]}]},{\"@type\":\"BreadcrumbList\",\"@id\":\"https:\/\/smallthings.fr\/lespetitslivres\/2015\/06\/22\/l-ile-aux-mille-couleurs-mckinley-critique\/#breadcrumb\",\"itemListElement\":[{\"@type\":\"ListItem\",\"position\":1,\"name\":\"Accueil\",\"item\":\"https:\/\/smallthings.fr\/lespetitslivres\/\"},{\"@type\":\"ListItem\",\"position\":2,\"name\":\"L\u2019\u00eele aux mille couleurs \u2013 Tamara McKinley\"}]},{\"@type\":\"WebSite\",\"@id\":\"https:\/\/smallthings.fr\/lespetitslivres\/#website\",\"url\":\"https:\/\/smallthings.fr\/lespetitslivres\/\",\"name\":\"Les Petits Livres\",\"description\":\"by Small Things\",\"potentialAction\":[{\"@type\":\"SearchAction\",\"target\":{\"@type\":\"EntryPoint\",\"urlTemplate\":\"https:\/\/smallthings.fr\/lespetitslivres\/?s={search_term_string}\"},\"query-input\":\"required name=search_term_string\"}],\"inLanguage\":\"fr-FR\"},{\"@type\":\"Person\",\"@id\":\"https:\/\/smallthings.fr\/lespetitslivres\/#\/schema\/person\/7b3de8ef611f2b29f758a00cad7cafb2\",\"name\":\"Cecile\",\"image\":{\"@type\":\"ImageObject\",\"inLanguage\":\"fr-FR\",\"@id\":\"https:\/\/smallthings.fr\/lespetitslivres\/#\/schema\/person\/image\/\",\"url\":\"https:\/\/secure.gravatar.com\/avatar\/a855fa1dbad38b06e97132a8a6579746?s=96&d=retro&r=g\",\"contentUrl\":\"https:\/\/secure.gravatar.com\/avatar\/a855fa1dbad38b06e97132a8a6579746?s=96&d=retro&r=g\",\"caption\":\"Cecile\"},\"url\":\"https:\/\/smallthings.fr\/lespetitslivres\/author\/cecile\/\"}]}<\/script>\n<!-- \/ Yoast SEO plugin. -->","yoast_head_json":{"title":"L\u2019\u00eele aux mille couleurs \u2013 Tamara McKinley","description":"L\u2019\u00eele aux mille couleurs, paru en librairie le 20 mai dernier aux \u00e9ditions de l'Archipel, est une fresque romanesque s\u2019\u00e9tendant entre l\u2019Australie, o\u00f9 est","robots":{"index":"index","follow":"follow","max-snippet":"max-snippet:-1","max-image-preview":"max-image-preview:large","max-video-preview":"max-video-preview:-1"},"canonical":"https:\/\/smallthings.fr\/lespetitslivres\/2015\/06\/22\/l-ile-aux-mille-couleurs-mckinley-critique\/","og_locale":"fr_FR","og_type":"article","og_title":"L\u2019\u00eele aux mille couleurs \u2013 Tamara McKinley","og_description":"L\u2019\u00eele aux mille couleurs, paru en librairie le 20 mai dernier aux \u00e9ditions de l'Archipel, est une fresque romanesque s\u2019\u00e9tendant entre l\u2019Australie, o\u00f9 est","og_url":"https:\/\/smallthings.fr\/lespetitslivres\/2015\/06\/22\/l-ile-aux-mille-couleurs-mckinley-critique\/","og_site_name":"Les Petits Livres","article_published_time":"2015-06-22T13:30:53+00:00","article_modified_time":"2015-11-02T12:15:19+00:00","author":"Cecile","twitter_card":"summary_large_image","twitter_misc":{"\u00c9crit par":"Cecile","Dur\u00e9e de lecture estim\u00e9e":"3 minutes"},"schema":{"@context":"https:\/\/schema.org","@graph":[{"@type":"WebPage","@id":"https:\/\/smallthings.fr\/lespetitslivres\/2015\/06\/22\/l-ile-aux-mille-couleurs-mckinley-critique\/","url":"https:\/\/smallthings.fr\/lespetitslivres\/2015\/06\/22\/l-ile-aux-mille-couleurs-mckinley-critique\/","name":"L\u2019\u00eele aux mille couleurs \u2013 Tamara McKinley","isPartOf":{"@id":"https:\/\/smallthings.fr\/lespetitslivres\/#website"},"datePublished":"2015-06-22T13:30:53+00:00","dateModified":"2015-11-02T12:15:19+00:00","author":{"@id":"https:\/\/smallthings.fr\/lespetitslivres\/#\/schema\/person\/7b3de8ef611f2b29f758a00cad7cafb2"},"description":"L\u2019\u00eele aux mille couleurs, paru en librairie le 20 mai dernier aux \u00e9ditions de l'Archipel, est une fresque romanesque s\u2019\u00e9tendant entre l\u2019Australie, o\u00f9 est","breadcrumb":{"@id":"https:\/\/smallthings.fr\/lespetitslivres\/2015\/06\/22\/l-ile-aux-mille-couleurs-mckinley-critique\/#breadcrumb"},"inLanguage":"fr-FR","potentialAction":[{"@type":"ReadAction","target":["https:\/\/smallthings.fr\/lespetitslivres\/2015\/06\/22\/l-ile-aux-mille-couleurs-mckinley-critique\/"]}]},{"@type":"BreadcrumbList","@id":"https:\/\/smallthings.fr\/lespetitslivres\/2015\/06\/22\/l-ile-aux-mille-couleurs-mckinley-critique\/#breadcrumb","itemListElement":[{"@type":"ListItem","position":1,"name":"Accueil","item":"https:\/\/smallthings.fr\/lespetitslivres\/"},{"@type":"ListItem","position":2,"name":"L\u2019\u00eele aux mille couleurs \u2013 Tamara McKinley"}]},{"@type":"WebSite","@id":"https:\/\/smallthings.fr\/lespetitslivres\/#website","url":"https:\/\/smallthings.fr\/lespetitslivres\/","name":"Les Petits Livres","description":"by Small Things","potentialAction":[{"@type":"SearchAction","target":{"@type":"EntryPoint","urlTemplate":"https:\/\/smallthings.fr\/lespetitslivres\/?s={search_term_string}"},"query-input":"required name=search_term_string"}],"inLanguage":"fr-FR"},{"@type":"Person","@id":"https:\/\/smallthings.fr\/lespetitslivres\/#\/schema\/person\/7b3de8ef611f2b29f758a00cad7cafb2","name":"Cecile","image":{"@type":"ImageObject","inLanguage":"fr-FR","@id":"https:\/\/smallthings.fr\/lespetitslivres\/#\/schema\/person\/image\/","url":"https:\/\/secure.gravatar.com\/avatar\/a855fa1dbad38b06e97132a8a6579746?s=96&d=retro&r=g","contentUrl":"https:\/\/secure.gravatar.com\/avatar\/a855fa1dbad38b06e97132a8a6579746?s=96&d=retro&r=g","caption":"Cecile"},"url":"https:\/\/smallthings.fr\/lespetitslivres\/author\/cecile\/"}]}},"jetpack_featured_media_url":"","jetpack_sharing_enabled":true,"jetpack_shortlink":"https:\/\/wp.me\/p6Un21-6p7","jetpack-related-posts":[{"id":29328,"url":"https:\/\/smallthings.fr\/lespetitslivres\/2016\/01\/07\/j-ai-toujours-ton-coeur-avec-moi-bjarnadottir\/","url_meta":{"origin":24621,"position":0},"title":"J\u2019ai toujours ton c\u0153ur avec moi, roman islandais de Soff\u00eda Bjarnad\u00f3ttir","author":"Cecile","date":"7 janvier 2016","format":false,"excerpt":"J'ai toujours ton c\u0153ur avec moi est un roman de l'islandaise , \u00e0 para\u00eetre aujourd'hui aux \u00e9ditions Zulma. Le postulat de d\u00e9part est simple\u00a0: la narratrice apprend que sa m\u00e8re vient de mourir. Elle s\u2019embarque donc sur un bateau pour revenir en Islande\u00a0; plus pr\u00e9cis\u00e9ment sur l\u2019\u00eele de Flatey, dans\u2026","rel":"","context":"Dans &quot;Actu&quot;","block_context":{"text":"Actu","link":"https:\/\/smallthings.fr\/lespetitslivres\/category\/actu\/"},"img":{"alt_text":"","src":"https:\/\/i0.wp.com\/smallthings.fr\/lespetitslivres\/wp-content\/uploads\/2016\/01\/j-ai-toujours-ton-coeur-avec-moi-couv.jpg?resize=350%2C200&ssl=1","width":350,"height":200,"srcset":"https:\/\/i0.wp.com\/smallthings.fr\/lespetitslivres\/wp-content\/uploads\/2016\/01\/j-ai-toujours-ton-coeur-avec-moi-couv.jpg?resize=350%2C200&ssl=1 1x, https:\/\/i0.wp.com\/smallthings.fr\/lespetitslivres\/wp-content\/uploads\/2016\/01\/j-ai-toujours-ton-coeur-avec-moi-couv.jpg?resize=525%2C300&ssl=1 1.5x, https:\/\/i0.wp.com\/smallthings.fr\/lespetitslivres\/wp-content\/uploads\/2016\/01\/j-ai-toujours-ton-coeur-avec-moi-couv.jpg?resize=700%2C400&ssl=1 2x, https:\/\/i0.wp.com\/smallthings.fr\/lespetitslivres\/wp-content\/uploads\/2016\/01\/j-ai-toujours-ton-coeur-avec-moi-couv.jpg?resize=1050%2C600&ssl=1 3x"},"classes":[]},{"id":24047,"url":"https:\/\/smallthings.fr\/lespetitslivres\/2015\/05\/29\/diam-s-melanie-francaise-et-musulmane-livre\/","url_meta":{"origin":24621,"position":1},"title":"Diam&rsquo;s est M\u00e9lanie fran\u00e7aise et musulmane","author":"Claire","date":"29 mai 2015","format":false,"excerpt":"Le 21 mai paraissait chez Don Quichotte le second livre de Diam's : M\u00e9lanie fran\u00e7aise et musulmane. Cette deuxi\u00e8me autobiographie, elle a d\u00e9cid\u00e9 de l'\u00e9crire suite aux \u00e9v\u00e9nements du 7 janvier dernier, comme pour mettre sa pierre \u00e0 l'\u00e9difice du combat contre les id\u00e9es re\u00e7ues. En publiant sous son nom,\u2026","rel":"","context":"Dans &quot;(Auto) Biographie&quot;","block_context":{"text":"(Auto) Biographie","link":"https:\/\/smallthings.fr\/lespetitslivres\/category\/non-fiction\/auto-biographie\/"},"img":{"alt_text":"","src":"https:\/\/i0.wp.com\/smallthings.fr\/lespetitslivres\/wp-content\/uploads\/2015\/05\/diams-francaise-musulmane.jpg?resize=350%2C200&ssl=1","width":350,"height":200},"classes":[]},{"id":29758,"url":"https:\/\/smallthings.fr\/lespetitslivres\/2016\/03\/22\/nil-roman-matson-critique\/","url_meta":{"origin":24621,"position":2},"title":"NIL : entre Lost et le Labyrinthe","author":"Jennifer","date":"22 mars 2016","format":false,"excerpt":"Nil de Lynne Matson est sorti chez Pocket Jeunesse le 18 f\u00e9vrier dernier. Il raconte comment des adolescents qui se r\u00e9veillent sur l\u2019\u00eele de Nil doivent trouver un moyen de s\u2019\u00e9chapper en 365 jours. Pass\u00e9 ce d\u00e9lai, ils mourront\u2026 Nil\u00a0est un livre qui aura peut-\u00eatre du mal \u00e0 trouver sa\u2026","rel":"","context":"Dans &quot;Young Adult&quot;","block_context":{"text":"Young Adult","link":"https:\/\/smallthings.fr\/lespetitslivres\/category\/young-adult\/"},"img":{"alt_text":"","src":"https:\/\/i0.wp.com\/smallthings.fr\/lespetitslivres\/wp-content\/uploads\/2016\/03\/nil.jpg?resize=350%2C200","width":350,"height":200},"classes":[]},{"id":22022,"url":"https:\/\/smallthings.fr\/lespetitslivres\/2015\/04\/02\/amour-colere-et-folie-voyage-horreur-haiti\/","url_meta":{"origin":24621,"position":3},"title":"Amour, col\u00e8re et folie : voyage au bout de l&rsquo;horreur sur l&rsquo;\u00eele d&rsquo;Ha\u00efti","author":"Rebecca","date":"2 avril 2015","format":false,"excerpt":"Amour, col\u00e8re et folie est un recueil de nouvelles de Marie Vieux-Chauvet datant de 1968, qui nous plonge dans la dictature de Fran\u00e7ois Duvalier, alias Papa Doc, avec une pr\u00e9cision qui ne laisse pas de place \u00e0 la concession. Les \u00e9ditions Zulma r\u00e9\u00e9ditent cette \u0153uvre en version poche, en librairie\u2026","rel":"","context":"Dans &quot;Roman \u00e9tranger&quot;","block_context":{"text":"Roman \u00e9tranger","link":"https:\/\/smallthings.fr\/lespetitslivres\/category\/roman\/roman-etranger\/"},"img":{"alt_text":"","src":"https:\/\/i0.wp.com\/smallthings.fr\/wp-content\/uploads\/2015\/03\/amour-colere-folie-535x800.jpg?resize=350%2C200","width":350,"height":200},"classes":[]},{"id":26678,"url":"https:\/\/smallthings.fr\/lespetitslivres\/2015\/09\/03\/les-pechers-claire-castillon-critique\/","url_meta":{"origin":24621,"position":4},"title":"Les p\u00eachers, la rentr\u00e9e de Claire Castillon : d\u00e9ception","author":"Claire","date":"3 septembre 2015","format":false,"excerpt":"Grande amatrice des nouvelles de Claire Castillon, j'attendais son roman Les p\u00eachers avec beaucoup d'impatience et de curiosit\u00e9. Il para\u00eet aujourd'hui aux \u00e9ditions de l'Olivier. Ce roman \u00e0 trois voix a beau \u00eatre servi par un style impeccable, il ne parvient pas \u00e0 nous accrocher jusqu'\u00e0 la fin. Certains passages,\u2026","rel":"","context":"Dans &quot;Rentr\u00e9e Litt\u00e9raire&quot;","block_context":{"text":"Rentr\u00e9e Litt\u00e9raire","link":"https:\/\/smallthings.fr\/lespetitslivres\/category\/rentree-litteraire-2015\/"},"img":{"alt_text":"","src":"","width":0,"height":0},"classes":[]},{"id":25469,"url":"https:\/\/smallthings.fr\/lespetitslivres\/2015\/07\/17\/resident-evil-code-veronica-livre-critique\/","url_meta":{"origin":24621,"position":5},"title":"Resident Evil : Code Veronica","author":"Jennifer","date":"17 juillet 2015","format":false,"excerpt":"Resident Evil\u00a0: Code Veronica de S.D. Perry est sorti le 10 juillet dernier chez Milady. Claire et Chris Redfield tenteront de se retrouver non sans difficult\u00e9s\u00a0: Umbrella a cr\u00e9\u00e9 de nouvelles armes biologiques terrifiantes et redoutables\u00a0! Dans Code Veronica, nous retrouvons l\u2019ancien membre des S.T.A.R.S Chris Redfield ainsi que sa\u2026","rel":"","context":"Dans &quot;Fantastique&quot;","block_context":{"text":"Fantastique","link":"https:\/\/smallthings.fr\/lespetitslivres\/category\/imaginaire\/fantastique\/"},"img":{"alt_text":"","src":"https:\/\/i0.wp.com\/smallthings.fr\/wp-content\/uploads\/2015\/07\/resident-evil-code-veronica.jpg?resize=350%2C200","width":350,"height":200},"classes":[]}],"_links":{"self":[{"href":"https:\/\/smallthings.fr\/lespetitslivres\/wp-json\/wp\/v2\/posts\/24621"}],"collection":[{"href":"https:\/\/smallthings.fr\/lespetitslivres\/wp-json\/wp\/v2\/posts"}],"about":[{"href":"https:\/\/smallthings.fr\/lespetitslivres\/wp-json\/wp\/v2\/types\/post"}],"author":[{"embeddable":true,"href":"https:\/\/smallthings.fr\/lespetitslivres\/wp-json\/wp\/v2\/users\/13"}],"replies":[{"embeddable":true,"href":"https:\/\/smallthings.fr\/lespetitslivres\/wp-json\/wp\/v2\/comments?post=24621"}],"version-history":[{"count":1,"href":"https:\/\/smallthings.fr\/lespetitslivres\/wp-json\/wp\/v2\/posts\/24621\/revisions"}],"predecessor-version":[{"id":28743,"href":"https:\/\/smallthings.fr\/lespetitslivres\/wp-json\/wp\/v2\/posts\/24621\/revisions\/28743"}],"wp:featuredmedia":[{"embeddable":true,"href":"https:\/\/smallthings.fr\/lespetitslivres\/wp-json\/"}],"wp:attachment":[{"href":"https:\/\/smallthings.fr\/lespetitslivres\/wp-json\/wp\/v2\/media?parent=24621"}],"wp:term":[{"taxonomy":"category","embeddable":true,"href":"https:\/\/smallthings.fr\/lespetitslivres\/wp-json\/wp\/v2\/categories?post=24621"},{"taxonomy":"post_tag","embeddable":true,"href":"https:\/\/smallthings.fr\/lespetitslivres\/wp-json\/wp\/v2\/tags?post=24621"}],"curies":[{"name":"wp","href":"https:\/\/api.w.org\/{rel}","templated":true}]}}