{"id":24522,"date":"2015-06-16T15:09:05","date_gmt":"2015-06-16T14:09:05","guid":{"rendered":"http:\/\/smallthings.fr\/?p=24522"},"modified":"2015-11-02T13:16:10","modified_gmt":"2015-11-02T12:16:10","slug":"les-stagiaires-samantha-bailly-critique","status":"publish","type":"post","link":"https:\/\/smallthings.fr\/lespetitslivres\/2015\/06\/16\/les-stagiaires-samantha-bailly-critique\/","title":{"rendered":"Les stagiaires : le monde de l&rsquo;entreprise racont\u00e9 par Samantha Bailly"},"content":{"rendered":"<h2><em>Les stagiaires <\/em>est un roman de l\u2019auteure fran\u00e7aise Samantha Bailly, sorti en poche le 29 mai dernier aux <a href=\"http:\/\/www.milady.fr\/livres\/view\/les-stagiaires\" target=\"_blank\">\u00e9ditions Milady<\/a>. <em>Les stagiaires<\/em>, comme son nom l\u2019indique, est un roman qui parle de six jeunes qui sont pris en stage dans une entreprise sp\u00e9cialis\u00e9e en mangas et jeux vid\u00e9o, et qui vont \u00eatre confront\u00e9s \u00e0 la dure r\u00e9alit\u00e9 du monde de l\u2019entreprise.<\/h2>\n<p>Cela fait un moment que j\u2019entends parler de l\u2019auteure Samantha Bailly et je voulais voir si ce que l\u2019on dit sur elle est vrai. On dit que c\u2019est une jeune auteure (elle est n\u00e9 en 1988) bourr\u00e9e de talent, qui peut aussi bien \u00e9crire des romans que de la fantasy ou encore des thrillers. Apr\u00e8s avoir lu <strong><em>Les stagiaires<\/em><\/strong>, je ne peux que confirmer que la plume de l\u2019auteure est fantastique.<\/p>\n<div id=\"attachment_24524\" style=\"width: 150px\" class=\"wp-caption alignleft\"><a href=\"http:\/\/smallthings.fr\/?attachment_id=24524\" rel=\"attachment wp-att-24524\"><img loading=\"lazy\" decoding=\"async\" aria-describedby=\"caption-attachment-24524\" class=\" wp-image-24524\" src=\"http:\/\/smallthings.fr\/wp-content\/uploads\/2015\/06\/stagiaires-samantha-bailly.jpg\" alt=\"La jeune Samantha Bailly\" width=\"140\" height=\"222\" \/><\/a><p id=\"caption-attachment-24524\" class=\"wp-caption-text\">La jeune Samantha Bailly<\/p><\/div>\n<p>Samantha Bailly arrive \u00e0 raconter<strong> une histoire fraiche, dr\u00f4le et en m\u00eame temps tellement r\u00e9aliste que le lecteur ne peut que se plonger dedans d\u00e8s les premi\u00e8res pages<\/strong>. M\u00eame si le roman parle de six stagiaires, la parole est surtout donn\u00e9e \u00e0 deux d\u2019entre eux\u00a0: Oph\u00e9lie, jeune provinciale qui a d\u00e9cid\u00e9 de quitter sa ville natale, ses parents et son petit ami pour tenter de percer dans une entreprise qui lui correspond \u00e0 Paris, et Arthur, une parisien pure souche qui a fait une \u00e9cole de commerce et qui passe ses soir\u00e9es \u00e0 boire, se droguer et tromper sa petite amie. Tous les deux sont bien diff\u00e9rents, pourtant deux choses les unies\u00a0: leur passion pour le monde cr\u00e9atif et l\u2019incompr\u00e9hension de leur famille.<\/p>\n<p>A travers les yeux d\u2019Oph\u00e9lie et Arthur, <strong>le lecteur va d\u00e9couvrir le quotidien de stagiaires \u00e0 Paris<\/strong>\u00a0: la difficult\u00e9 de trouver un logement, l\u2019hypocrisie des entreprises, les stages tr\u00e8s mal r\u00e9mun\u00e9r\u00e9s o\u00f9 on demande de faire des heures suppl\u00e9mentaires, les amours d\u2019un soir qu\u2019il faut assumer par la suite, bref\u2026 la vie. Une histoire imagin\u00e9e par Samantha Bailly qui est pourtant le reflet de la r\u00e9alit\u00e9.<\/p>\n<div id=\"attachment_24525\" style=\"width: 237px\" class=\"wp-caption alignright\"><a href=\"http:\/\/smallthings.fr\/?attachment_id=24525\" rel=\"attachment wp-att-24525\"><img loading=\"lazy\" decoding=\"async\" aria-describedby=\"caption-attachment-24525\" class=\" wp-image-24525\" src=\"http:\/\/smallthings.fr\/wp-content\/uploads\/2015\/06\/stagiaires-samantha-bailly-gf.jpg\" alt=\"La chouette couv' des &quot;Stagiaires&quot; en grand format\" width=\"227\" height=\"340\" \/><\/a><p id=\"caption-attachment-24525\" class=\"wp-caption-text\">La chouette couv&rsquo; des \u00ab\u00a0Stagiaires\u00a0\u00bb en grand format<\/p><\/div>\n<p><strong><em>Les stagiaires<\/em><\/strong> ne parle pas uniquement du travail : il parle aussi de la vie en g\u00e9n\u00e9ral et les histoires des diff\u00e9rents personnages se m\u00ealent avec brio \u00e0 toute cette tension qui existe au sein de l\u2019entreprise. Ils doivent tous faire leur preuve, on leur dit qu\u2019il est envisageable qu\u2019il y ait un poste par la suite, cela les booste \u00e0 donner le meilleur d\u2019eux-m\u00eames mais, au final, est-ce que Pyxis ne ment pas pour exploiter au maximum ses stagiaires\u00a0? Et s\u2019il y avait v\u00e9ritablement des postes \u00e0 la clef\u00a0?<\/p>\n<p><strong><em>Les stagiaires<\/em> <\/strong>est un livre int\u00e9ressant et divertissant qui explique, non sans humour, la dure r\u00e9alit\u00e9 de la bataille pour le premier emploi. Samantha Bailly arrive m\u00eame \u00e0 nous faire appr\u00e9cier Pyxis et \u00e0 nous donner envie d\u2019aller y travailler\u00a0! Qui ne voudrait pas prendre une pause au deuxi\u00e8me \u00e9tage et se faire une partie de jeux vid\u00e9o\u00a0? Ou bien partir prendre un caf\u00e9 et d\u00e9couvrir en revenant des livres offerts d\u00e9pos\u00e9s sur son bureau\u00a0? C\u2019est tentant\u00a0! Bref, <strong>si vous voulez passer un bon moment, lisez <em>Les stagiaires<\/em><\/strong>.<\/p>\n<blockquote><p>\u00ab\u00a0Aussit\u00f4t sortie des locaux de Pyxis, je prends le m\u00e9tro. Station Buzenval. Au bout de quelques m\u00e8tres le long du trottoir, une voix m\u2019interpelle\u00a0:<\/p>\n<p>&#8211; Hey\u00a0! Mademoiselle\u00a0! Vous \u00eates charmante\u00a0! Belle comme tout\u00a0!<\/p>\n<p>Il n\u2019y a rien que je d\u00e9teste plus que les hommes qui accostent dans la rue. Leurs compliments sonnent comme des insultes. Quand on est une femme, on dirait que le simple fait d\u2019aller d\u2019un point A \u00e0 un point B nous met dans une zone de non-droit.<\/p>\n<p>&#8211; Surtout r\u00e9ponds pas, salope\u00a0!<\/p>\n<p>Ces mots me br\u00fblent. La rue est le lieu o\u00f9 l\u2019on peut \u00eatre agress\u00e9e verbalement pour ne pas avoir r\u00e9pondu \u00e0 des avances.\u00a0\u00bb<\/p><\/blockquote>\n","protected":false},"excerpt":{"rendered":"<p>Les stagiaires est un roman de l\u2019auteure fran\u00e7aise Samantha Bailly, sorti en poche le 29 mai dernier aux \u00e9ditions Milady. Les stagiaires, comme son nom l\u2019indique, est un roman qui parle de six jeunes qui sont pris en stage dans une entreprise sp\u00e9cialis\u00e9e en mangas et jeux vid\u00e9o, et qui vont \u00eatre confront\u00e9s \u00e0 la<\/p>\n","protected":false},"author":14,"featured_media":24523,"comment_status":"open","ping_status":"open","sticky":false,"template":"","format":"standard","meta":{"jetpack_post_was_ever_published":false,"_jetpack_newsletter_access":"","_jetpack_newsletter_tier_id":0,"footnotes":"","jetpack_publicize_message":"","jetpack_is_tweetstorm":false,"jetpack_publicize_feature_enabled":true,"jetpack_social_post_already_shared":false,"jetpack_social_options":{"image_generator_settings":{"template":"highway","enabled":false}}},"categories":[1118],"tags":[948,949],"jetpack_publicize_connections":[],"yoast_head":"<!-- This site is optimized with the Yoast SEO plugin v21.5 - https:\/\/yoast.com\/wordpress\/plugins\/seo\/ -->\n<title>Les stagiaires : le monde de l&#039;entreprise racont\u00e9 par Samantha Bailly<\/title>\n<meta name=\"description\" content=\"Les stagiaires est un roman de l\u2019auteure fran\u00e7aise Samantha Bailly, sorti en poche le 29 mai dernier aux \u00e9ditions Milady. Les stagiaires, comme son nom\" \/>\n<meta name=\"robots\" content=\"index, follow, max-snippet:-1, max-image-preview:large, max-video-preview:-1\" \/>\n<link rel=\"canonical\" href=\"http:\/\/smallthings.fr\/lespetitslivres\/2015\/06\/16\/les-stagiaires-samantha-bailly-critique\/\" \/>\n<meta property=\"og:locale\" content=\"fr_FR\" \/>\n<meta property=\"og:type\" content=\"article\" \/>\n<meta property=\"og:title\" content=\"Les stagiaires : le monde de l&#039;entreprise racont\u00e9 par Samantha Bailly\" \/>\n<meta property=\"og:description\" content=\"Les stagiaires est un roman de l\u2019auteure fran\u00e7aise Samantha Bailly, sorti en poche le 29 mai dernier aux \u00e9ditions Milady. Les stagiaires, comme son nom\" \/>\n<meta property=\"og:url\" content=\"http:\/\/smallthings.fr\/lespetitslivres\/2015\/06\/16\/les-stagiaires-samantha-bailly-critique\/\" \/>\n<meta property=\"og:site_name\" content=\"Les Petits Livres\" \/>\n<meta property=\"article:published_time\" content=\"2015-06-16T14:09:05+00:00\" \/>\n<meta property=\"article:modified_time\" content=\"2015-11-02T12:16:10+00:00\" \/>\n<meta name=\"author\" content=\"Jennifer\" \/>\n<meta name=\"twitter:card\" content=\"summary_large_image\" \/>\n<meta name=\"twitter:label1\" content=\"\u00c9crit par\" \/>\n\t<meta name=\"twitter:data1\" content=\"Jennifer\" \/>\n\t<meta name=\"twitter:label2\" content=\"Dur\u00e9e de lecture estim\u00e9e\" \/>\n\t<meta name=\"twitter:data2\" content=\"3 minutes\" \/>\n<script type=\"application\/ld+json\" class=\"yoast-schema-graph\">{\"@context\":\"https:\/\/schema.org\",\"@graph\":[{\"@type\":\"WebPage\",\"@id\":\"http:\/\/smallthings.fr\/lespetitslivres\/2015\/06\/16\/les-stagiaires-samantha-bailly-critique\/\",\"url\":\"http:\/\/smallthings.fr\/lespetitslivres\/2015\/06\/16\/les-stagiaires-samantha-bailly-critique\/\",\"name\":\"Les stagiaires : le monde de l'entreprise racont\u00e9 par Samantha Bailly\",\"isPartOf\":{\"@id\":\"https:\/\/smallthings.fr\/lespetitslivres\/#website\"},\"datePublished\":\"2015-06-16T14:09:05+00:00\",\"dateModified\":\"2015-11-02T12:16:10+00:00\",\"author\":{\"@id\":\"https:\/\/smallthings.fr\/lespetitslivres\/#\/schema\/person\/bb8808220f912e72f01f7a55924d9ad1\"},\"description\":\"Les stagiaires est un roman de l\u2019auteure fran\u00e7aise Samantha Bailly, sorti en poche le 29 mai dernier aux \u00e9ditions Milady. Les stagiaires, comme son nom\",\"breadcrumb\":{\"@id\":\"http:\/\/smallthings.fr\/lespetitslivres\/2015\/06\/16\/les-stagiaires-samantha-bailly-critique\/#breadcrumb\"},\"inLanguage\":\"fr-FR\",\"potentialAction\":[{\"@type\":\"ReadAction\",\"target\":[\"http:\/\/smallthings.fr\/lespetitslivres\/2015\/06\/16\/les-stagiaires-samantha-bailly-critique\/\"]}]},{\"@type\":\"BreadcrumbList\",\"@id\":\"http:\/\/smallthings.fr\/lespetitslivres\/2015\/06\/16\/les-stagiaires-samantha-bailly-critique\/#breadcrumb\",\"itemListElement\":[{\"@type\":\"ListItem\",\"position\":1,\"name\":\"Accueil\",\"item\":\"https:\/\/smallthings.fr\/lespetitslivres\/\"},{\"@type\":\"ListItem\",\"position\":2,\"name\":\"Les stagiaires : le monde de l&rsquo;entreprise racont\u00e9 par Samantha Bailly\"}]},{\"@type\":\"WebSite\",\"@id\":\"https:\/\/smallthings.fr\/lespetitslivres\/#website\",\"url\":\"https:\/\/smallthings.fr\/lespetitslivres\/\",\"name\":\"Les Petits Livres\",\"description\":\"by Small Things\",\"potentialAction\":[{\"@type\":\"SearchAction\",\"target\":{\"@type\":\"EntryPoint\",\"urlTemplate\":\"https:\/\/smallthings.fr\/lespetitslivres\/?s={search_term_string}\"},\"query-input\":\"required name=search_term_string\"}],\"inLanguage\":\"fr-FR\"},{\"@type\":\"Person\",\"@id\":\"https:\/\/smallthings.fr\/lespetitslivres\/#\/schema\/person\/bb8808220f912e72f01f7a55924d9ad1\",\"name\":\"Jennifer\",\"image\":{\"@type\":\"ImageObject\",\"inLanguage\":\"fr-FR\",\"@id\":\"https:\/\/smallthings.fr\/lespetitslivres\/#\/schema\/person\/image\/\",\"url\":\"https:\/\/secure.gravatar.com\/avatar\/ffcd6b107b6b18c3d5201f1bcc631683?s=96&d=retro&r=g\",\"contentUrl\":\"https:\/\/secure.gravatar.com\/avatar\/ffcd6b107b6b18c3d5201f1bcc631683?s=96&d=retro&r=g\",\"caption\":\"Jennifer\"},\"url\":\"https:\/\/smallthings.fr\/lespetitslivres\/author\/jennifer\/\"}]}<\/script>\n<!-- \/ Yoast SEO plugin. -->","yoast_head_json":{"title":"Les stagiaires : le monde de l'entreprise racont\u00e9 par Samantha Bailly","description":"Les stagiaires est un roman de l\u2019auteure fran\u00e7aise Samantha Bailly, sorti en poche le 29 mai dernier aux \u00e9ditions Milady. Les stagiaires, comme son nom","robots":{"index":"index","follow":"follow","max-snippet":"max-snippet:-1","max-image-preview":"max-image-preview:large","max-video-preview":"max-video-preview:-1"},"canonical":"http:\/\/smallthings.fr\/lespetitslivres\/2015\/06\/16\/les-stagiaires-samantha-bailly-critique\/","og_locale":"fr_FR","og_type":"article","og_title":"Les stagiaires : le monde de l'entreprise racont\u00e9 par Samantha Bailly","og_description":"Les stagiaires est un roman de l\u2019auteure fran\u00e7aise Samantha Bailly, sorti en poche le 29 mai dernier aux \u00e9ditions Milady. Les stagiaires, comme son nom","og_url":"http:\/\/smallthings.fr\/lespetitslivres\/2015\/06\/16\/les-stagiaires-samantha-bailly-critique\/","og_site_name":"Les Petits Livres","article_published_time":"2015-06-16T14:09:05+00:00","article_modified_time":"2015-11-02T12:16:10+00:00","author":"Jennifer","twitter_card":"summary_large_image","twitter_misc":{"\u00c9crit par":"Jennifer","Dur\u00e9e de lecture estim\u00e9e":"3 minutes"},"schema":{"@context":"https:\/\/schema.org","@graph":[{"@type":"WebPage","@id":"http:\/\/smallthings.fr\/lespetitslivres\/2015\/06\/16\/les-stagiaires-samantha-bailly-critique\/","url":"http:\/\/smallthings.fr\/lespetitslivres\/2015\/06\/16\/les-stagiaires-samantha-bailly-critique\/","name":"Les stagiaires : le monde de l'entreprise racont\u00e9 par Samantha Bailly","isPartOf":{"@id":"https:\/\/smallthings.fr\/lespetitslivres\/#website"},"datePublished":"2015-06-16T14:09:05+00:00","dateModified":"2015-11-02T12:16:10+00:00","author":{"@id":"https:\/\/smallthings.fr\/lespetitslivres\/#\/schema\/person\/bb8808220f912e72f01f7a55924d9ad1"},"description":"Les stagiaires est un roman de l\u2019auteure fran\u00e7aise Samantha Bailly, sorti en poche le 29 mai dernier aux \u00e9ditions Milady. Les stagiaires, comme son nom","breadcrumb":{"@id":"http:\/\/smallthings.fr\/lespetitslivres\/2015\/06\/16\/les-stagiaires-samantha-bailly-critique\/#breadcrumb"},"inLanguage":"fr-FR","potentialAction":[{"@type":"ReadAction","target":["http:\/\/smallthings.fr\/lespetitslivres\/2015\/06\/16\/les-stagiaires-samantha-bailly-critique\/"]}]},{"@type":"BreadcrumbList","@id":"http:\/\/smallthings.fr\/lespetitslivres\/2015\/06\/16\/les-stagiaires-samantha-bailly-critique\/#breadcrumb","itemListElement":[{"@type":"ListItem","position":1,"name":"Accueil","item":"https:\/\/smallthings.fr\/lespetitslivres\/"},{"@type":"ListItem","position":2,"name":"Les stagiaires : le monde de l&rsquo;entreprise racont\u00e9 par Samantha Bailly"}]},{"@type":"WebSite","@id":"https:\/\/smallthings.fr\/lespetitslivres\/#website","url":"https:\/\/smallthings.fr\/lespetitslivres\/","name":"Les Petits Livres","description":"by Small Things","potentialAction":[{"@type":"SearchAction","target":{"@type":"EntryPoint","urlTemplate":"https:\/\/smallthings.fr\/lespetitslivres\/?s={search_term_string}"},"query-input":"required name=search_term_string"}],"inLanguage":"fr-FR"},{"@type":"Person","@id":"https:\/\/smallthings.fr\/lespetitslivres\/#\/schema\/person\/bb8808220f912e72f01f7a55924d9ad1","name":"Jennifer","image":{"@type":"ImageObject","inLanguage":"fr-FR","@id":"https:\/\/smallthings.fr\/lespetitslivres\/#\/schema\/person\/image\/","url":"https:\/\/secure.gravatar.com\/avatar\/ffcd6b107b6b18c3d5201f1bcc631683?s=96&d=retro&r=g","contentUrl":"https:\/\/secure.gravatar.com\/avatar\/ffcd6b107b6b18c3d5201f1bcc631683?s=96&d=retro&r=g","caption":"Jennifer"},"url":"https:\/\/smallthings.fr\/lespetitslivres\/author\/jennifer\/"}]}},"jetpack_featured_media_url":"","jetpack_sharing_enabled":true,"jetpack_shortlink":"https:\/\/wp.me\/p6Un21-6nw","jetpack-related-posts":[{"id":24515,"url":"https:\/\/smallthings.fr\/lespetitslivres\/2015\/06\/15\/deux-mois-sans-elle-romance-murphy\/","url_meta":{"origin":24522,"position":0},"title":"Deux mois sans elle &#8211; une romance de Monica Murphy","author":"Jennifer","date":"15 juin 2015","format":false,"excerpt":"Deux mois sans elle est un roman de Monica Murphy sorti le 29 mai dernier aux \u00e9ditions Milady. Il raconte l\u2019histoire de Fable et Drew, deux jeunes adultes qui cherchent \u00e0 aller de l\u2019avant malgr\u00e9 les probl\u00e8mes qu\u2019ils ont pu rencontrer. Alors qu\u2019il l\u2019a quitt\u00e9e il y a plusieurs mois,\u2026","rel":"","context":"Dans &quot;Roman \u00e9tranger&quot;","block_context":{"text":"Roman \u00e9tranger","link":"https:\/\/smallthings.fr\/lespetitslivres\/category\/roman\/roman-etranger\/"},"img":{"alt_text":"","src":"https:\/\/i0.wp.com\/smallthings.fr\/wp-content\/uploads\/2015\/06\/deux-mois-sans-elle.jpg?resize=350%2C200","width":350,"height":200},"classes":[]},{"id":30314,"url":"https:\/\/smallthings.fr\/lespetitslivres\/2016\/09\/20\/souvenirs-voles-trilogie-voile\/","url_meta":{"origin":24522,"position":1},"title":"Souvenirs Vol\u00e9s, premier tome de la Trilogie du Voile","author":"Jennifer","date":"20 septembre 2016","format":false,"excerpt":"Souvenirs Vol\u00e9s est le premier tome de la saga La Trilogie du Voile de l\u2019auteure australienne Selina Fenech. Sorti le 5 septembre aux \u00e9ditions du Chat Noir, ce roman nous conte l\u2019histoire de Memory, une jeune gothique qui se retrouve dans un monde o\u00f9 magie, f\u00e9es et dragons existent r\u00e9ellement.\u2026","rel":"","context":"Dans &quot;Fantastique&quot;","block_context":{"text":"Fantastique","link":"https:\/\/smallthings.fr\/lespetitslivres\/category\/imaginaire\/fantastique\/"},"img":{"alt_text":"","src":"https:\/\/i0.wp.com\/smallthings.fr\/lespetitslivres\/wp-content\/uploads\/2016\/09\/souvenirs-voiles-trilogie-voile-couv.jpg?resize=350%2C200&ssl=1","width":350,"height":200,"srcset":"https:\/\/i0.wp.com\/smallthings.fr\/lespetitslivres\/wp-content\/uploads\/2016\/09\/souvenirs-voiles-trilogie-voile-couv.jpg?resize=350%2C200&ssl=1 1x, https:\/\/i0.wp.com\/smallthings.fr\/lespetitslivres\/wp-content\/uploads\/2016\/09\/souvenirs-voiles-trilogie-voile-couv.jpg?resize=525%2C300&ssl=1 1.5x"},"classes":[]},{"id":14057,"url":"https:\/\/smallthings.fr\/lespetitslivres\/2014\/06\/06\/bone-season-saison-d-os-shannon\/","url_meta":{"origin":24522,"position":2},"title":"Bone Season &#8211; Tome 1 : Saison d&rsquo;os","author":"Jennifer","date":"6 juin 2014","format":false,"excerpt":"Bone Season : Saison d'Os, tout premier roman de Samantha Shannon et tome 1 de sa s\u00e9rie, sort le 11 juin aux \u00e9ditions J\u2019ai Lu. Entrez dans l\u2019univers fantastique de Paige Mahoney, une extraordinaire clairvoyante qui travaille pour une organisation criminelle secr\u00e8te \u00e0 Londres et va se faire enlever par\u2026","rel":"","context":"Dans &quot;Science-fiction&quot;","block_context":{"text":"Science-fiction","link":"https:\/\/smallthings.fr\/lespetitslivres\/category\/imaginaire\/science-fiction\/"},"img":{"alt_text":"","src":"https:\/\/i0.wp.com\/smallthings.fr\/wp-content\/uploads\/2014\/06\/bone-season.jpg?resize=350%2C200","width":350,"height":200},"classes":[]},{"id":31674,"url":"https:\/\/smallthings.fr\/lespetitslivres\/2018\/06\/06\/rouge-toxic-morgane-caussarieu\/","url_meta":{"origin":24522,"position":3},"title":"Rouge Toxic, le vampirisme made in Morgane Caussarieu","author":"Jennifer","date":"6 juin 2018","format":false,"excerpt":"Le dernier livre de Morgane Caussarieu, Rouge Toxic, est sorti en f\u00e9vrier aux\u00a0\u00e9ditions ActuSF sous le label Naos, \"le label jeunesse des Ind\u00e9s de l'imaginaire !\" Un roman Young Adult qui bouleverse les codes du vampirisme. Addiction garantie ! J\u2019avais d\u00e9couvert la plume de Morgane Caussarieu dans le recueil Black\u2026","rel":"","context":"Dans &quot;Young Adult&quot;","block_context":{"text":"Young Adult","link":"https:\/\/smallthings.fr\/lespetitslivres\/category\/young-adult\/"},"img":{"alt_text":"","src":"https:\/\/i0.wp.com\/smallthings.fr\/lespetitslivres\/wp-content\/uploads\/2018\/05\/man-2106810_1280.jpg?resize=350%2C200&ssl=1","width":350,"height":200,"srcset":"https:\/\/i0.wp.com\/smallthings.fr\/lespetitslivres\/wp-content\/uploads\/2018\/05\/man-2106810_1280.jpg?resize=350%2C200&ssl=1 1x, https:\/\/i0.wp.com\/smallthings.fr\/lespetitslivres\/wp-content\/uploads\/2018\/05\/man-2106810_1280.jpg?resize=525%2C300&ssl=1 1.5x, https:\/\/i0.wp.com\/smallthings.fr\/lespetitslivres\/wp-content\/uploads\/2018\/05\/man-2106810_1280.jpg?resize=700%2C400&ssl=1 2x, https:\/\/i0.wp.com\/smallthings.fr\/lespetitslivres\/wp-content\/uploads\/2018\/05\/man-2106810_1280.jpg?resize=1050%2C600&ssl=1 3x"},"classes":[]},{"id":16402,"url":"https:\/\/smallthings.fr\/lespetitslivres\/2014\/09\/08\/secretement-votre-letal-eden-tome-3\/","url_meta":{"origin":24522,"position":4},"title":"Secr\u00e8tement V\u00f4tre, le tome qui met en avant la geekette de la saga","author":"Jennifer","date":"8 septembre 2014","format":false,"excerpt":"C\u2019est le 22 ao\u00fbt dernier que les fans de la saga L\u00e9tal de Cynthia Eden d\u00e9couvraient le troisi\u00e8me volet, Secr\u00e8tement V\u00f4tre, aux \u00e9ditions Milady. On attendait particuli\u00e8rement ce tome, qui met en avant Samantha Kennedy, la geek de l\u2019\u00e9quipe, qui essaie tant bien que mal de reprendre le travail depuis\u2026","rel":"","context":"Dans &quot;Thriller&quot;","block_context":{"text":"Thriller","link":"https:\/\/smallthings.fr\/lespetitslivres\/category\/thriller\/"},"img":{"alt_text":"","src":"https:\/\/i0.wp.com\/smallthings.fr\/wp-content\/uploads\/2014\/09\/secr\u00c3\u00a8tement-votre-livre.jpg?resize=350%2C200","width":350,"height":200},"classes":[]},{"id":31024,"url":"https:\/\/smallthings.fr\/lespetitslivres\/2017\/05\/26\/aussi-libre-reve-manon-fargetton\/","url_meta":{"origin":24522,"position":5},"title":"Aussi libre qu\u2019un r\u00eave, le premier livre de Manon Fargetton","author":"Jennifer","date":"26 mai 2017","format":false,"excerpt":"Aussi libre qu\u2019un r\u00eave est un roman young-adult de Manon Fargetton, sorti en poche chez Castelmore en avril dernier. L\u2019auteure nous emm\u00e8ne \u00e0 la fin du XXIe si\u00e8cle, dans une monde r\u00e9gi par les dates de naissance. N\u00e9 en d\u00e9but d\u2019ann\u00e9e, vous avez acc\u00e8s aux m\u00e9tiers de vos r\u00eaves, n\u00e9\u2026","rel":"","context":"Dans &quot;Young Adult&quot;","block_context":{"text":"Young Adult","link":"https:\/\/smallthings.fr\/lespetitslivres\/category\/young-adult\/"},"img":{"alt_text":"","src":"https:\/\/i0.wp.com\/smallthings.fr\/lespetitslivres\/wp-content\/uploads\/2017\/05\/Manon-Fargetton-d\u00e9dicace-4-scaled.jpg?resize=350%2C200&ssl=1","width":350,"height":200,"srcset":"https:\/\/i0.wp.com\/smallthings.fr\/lespetitslivres\/wp-content\/uploads\/2017\/05\/Manon-Fargetton-d\u00e9dicace-4-scaled.jpg?resize=350%2C200&ssl=1 1x, https:\/\/i0.wp.com\/smallthings.fr\/lespetitslivres\/wp-content\/uploads\/2017\/05\/Manon-Fargetton-d\u00e9dicace-4-scaled.jpg?resize=525%2C300&ssl=1 1.5x, https:\/\/i0.wp.com\/smallthings.fr\/lespetitslivres\/wp-content\/uploads\/2017\/05\/Manon-Fargetton-d\u00e9dicace-4-scaled.jpg?resize=700%2C400&ssl=1 2x, https:\/\/i0.wp.com\/smallthings.fr\/lespetitslivres\/wp-content\/uploads\/2017\/05\/Manon-Fargetton-d\u00e9dicace-4-scaled.jpg?resize=1050%2C600&ssl=1 3x, https:\/\/i0.wp.com\/smallthings.fr\/lespetitslivres\/wp-content\/uploads\/2017\/05\/Manon-Fargetton-d\u00e9dicace-4-scaled.jpg?resize=1400%2C800&ssl=1 4x"},"classes":[]}],"_links":{"self":[{"href":"https:\/\/smallthings.fr\/lespetitslivres\/wp-json\/wp\/v2\/posts\/24522"}],"collection":[{"href":"https:\/\/smallthings.fr\/lespetitslivres\/wp-json\/wp\/v2\/posts"}],"about":[{"href":"https:\/\/smallthings.fr\/lespetitslivres\/wp-json\/wp\/v2\/types\/post"}],"author":[{"embeddable":true,"href":"https:\/\/smallthings.fr\/lespetitslivres\/wp-json\/wp\/v2\/users\/14"}],"replies":[{"embeddable":true,"href":"https:\/\/smallthings.fr\/lespetitslivres\/wp-json\/wp\/v2\/comments?post=24522"}],"version-history":[{"count":1,"href":"https:\/\/smallthings.fr\/lespetitslivres\/wp-json\/wp\/v2\/posts\/24522\/revisions"}],"predecessor-version":[{"id":28747,"href":"https:\/\/smallthings.fr\/lespetitslivres\/wp-json\/wp\/v2\/posts\/24522\/revisions\/28747"}],"wp:featuredmedia":[{"embeddable":true,"href":"https:\/\/smallthings.fr\/lespetitslivres\/wp-json\/"}],"wp:attachment":[{"href":"https:\/\/smallthings.fr\/lespetitslivres\/wp-json\/wp\/v2\/media?parent=24522"}],"wp:term":[{"taxonomy":"category","embeddable":true,"href":"https:\/\/smallthings.fr\/lespetitslivres\/wp-json\/wp\/v2\/categories?post=24522"},{"taxonomy":"post_tag","embeddable":true,"href":"https:\/\/smallthings.fr\/lespetitslivres\/wp-json\/wp\/v2\/tags?post=24522"}],"curies":[{"name":"wp","href":"https:\/\/api.w.org\/{rel}","templated":true}]}}