{"id":24515,"date":"2015-06-15T15:00:14","date_gmt":"2015-06-15T14:00:14","guid":{"rendered":"http:\/\/smallthings.fr\/?p=24515"},"modified":"2015-11-02T13:16:15","modified_gmt":"2015-11-02T12:16:15","slug":"deux-mois-sans-elle-romance-murphy","status":"publish","type":"post","link":"https:\/\/smallthings.fr\/lespetitslivres\/2015\/06\/15\/deux-mois-sans-elle-romance-murphy\/","title":{"rendered":"Deux mois sans elle &#8211; une romance de Monica Murphy"},"content":{"rendered":"<h2><em>Deux mois sans elle <\/em>est un roman de Monica Murphy sorti le 29 mai dernier aux <a href=\"http:\/\/www.milady.fr\/livres\/view\/deux-mois-sans-elle\" target=\"_blank\">\u00e9ditions Milady<\/a>. Il raconte l\u2019histoire de Fable et Drew, deux jeunes adultes qui cherchent \u00e0 aller de l\u2019avant malgr\u00e9 les probl\u00e8mes qu\u2019ils ont pu rencontrer. Alors qu\u2019il l\u2019a quitt\u00e9e il y a plusieurs mois, Drew va se rendre compte qu\u2019il ne peut pas vivre sans Fable et va tenter de la reconqu\u00e9rir.<\/h2>\n<p><strong><em><a href=\"http:\/\/smallthings.fr\/2015\/06\/15\/deux-mois-sans-elle-romance-murphy\/deux-mois-sans-elle\/\" rel=\"attachment wp-att-24517\"><img loading=\"lazy\" decoding=\"async\" class=\"alignright  wp-image-24517\" src=\"http:\/\/smallthings.fr\/wp-content\/uploads\/2015\/06\/deux-mois-sans-elle.jpg\" alt=\"deux-mois-sans-elle\" width=\"224\" height=\"356\" \/><\/a>Deux moi sans elle<\/em><\/strong> est un roman d&rsquo;amour qui ne m\u2019aura pas convaincue, malgr\u00e9 la v\u00e9racit\u00e9 de l\u2019histoire de Fable et Drew. En effet, les probl\u00e8mes qu\u2019ils ont rencontr\u00e9 dans leur jeunesse sont malheureusement des choses qui existent dans le monde r\u00e9el. Drew a \u00e9t\u00e9 viol\u00e9 par sa belle-m\u00e8re et s\u2019\u00e9loigne malgr\u00e9 lui de son p\u00e8re qui n\u2019est au courant de rien. Fable, quant \u00e0 elle, travaille tr\u00e8s dur pour subvenir aux besoins de sa famille puisque sa m\u00e8re, alcoolique et drogu\u00e9e, ne travaille plus et passe son temps chez son petit ami. Des th\u00e8mes choquants mais qui refl\u00e8tent la dure r\u00e9alit\u00e9 de la vie et la difficult\u00e9 \u00e0 surmonter les probl\u00e8mes cr\u00e9\u00e9s par les adultes qui auraient d\u00fb prendre soin des leurs.<\/p>\n<p>Cette partie du roman est tr\u00e8s int\u00e9ressante mais, malheureusement, <strong><em>Deux mois sans elle<\/em><\/strong> parle principalement de l\u2019histoire d\u2019amour des deux jeunes adultes. C\u2019est une romance sans grand int\u00e9r\u00eat selon moi. Lorsque Drew revient vers Fable et tente de la reconqu\u00e9rir, on esp\u00e8re qu\u2019elle va dire non et que Monica Murphy arrivera \u00e0 cr\u00e9er une attente chez le lecteur. Cependant, Fable accepte tout de suite et l\u2019int\u00e9r\u00eat du roman s\u2019arr\u00eate l\u00e0\u00a0! <strong><em>Deux mois sans elle<\/em> se r\u00e9sume ainsi : des sc\u00e8nes de psychanalyse entrecoup\u00e9es de sc\u00e8nes de sexe<\/strong>. Dommage\u2026<\/p>\n<p>Si l\u2019histoire d\u2019amour ne m\u2019a pas int\u00e9ress\u00e9e, les derniers chapitres de <em>Deux mois sans elle<\/em> arrivent \u00e0 relever le niveau et \u00e0 rendre m\u00eame l\u2019histoire franchement captivante. Drew sera confront\u00e9 \u00e0 sa belle-m\u00e8re, Ad\u00e8le, qui n\u2019a pas toute sa t\u00eate et le lecteur sera ravi d\u2019avoir enfin quelque chose \u00e0 se mettre sous la dent. Depuis le d\u00e9but du roman, les narrateurs changent \u00e0 chaque chapitre\u00a0: un pour Fable, un pour Drew etc\u2026 C\u2019est donc avec surprise que l\u2019on d\u00e9couvre un chapitre o\u00f9 Ad\u00e8le prend la parole et o\u00f9 le lecteur comprend alors le point de vue de cette femme. G\u00e9nial\u00a0!<\/p>\n<div id=\"attachment_24518\" style=\"width: 192px\" class=\"wp-caption alignleft\"><a href=\"http:\/\/smallthings.fr\/2015\/06\/15\/deux-mois-sans-elle-romance-murphy\/deux-mois-sans-elle-monica-murphy\/\" rel=\"attachment wp-att-24518\"><img loading=\"lazy\" decoding=\"async\" aria-describedby=\"caption-attachment-24518\" class=\" wp-image-24518\" src=\"http:\/\/smallthings.fr\/wp-content\/uploads\/2015\/06\/deux-mois-sans-elle-monica-murphy.jpg\" alt=\"Monica Murphy, auteure de &quot;Deux mois sans elle&quot;\" width=\"182\" height=\"240\" \/><\/a><p id=\"caption-attachment-24518\" class=\"wp-caption-text\">Monica Murphy, auteure de \u00ab\u00a0Deux mois sans elle\u00a0\u00bb<\/p><\/div>\n<p>En r\u00e9sum\u00e9,<strong><em> Deux mois sans elle<\/em><\/strong> est un roman qui pourra plaire aux fans du livre <em>Une semaine avec lui<\/em>, mais aussi de la saga <em>Beautiful<\/em>. Si vous n\u2019aimez pas la romance, passez votre chemin et arr\u00eatez-vous plut\u00f4t vers d\u2019autres romans de chez Milady tel que <em>Un beau jour peut-\u00eatre<\/em> de Lauren Graham ou encore <em>Les Stagiaires<\/em> de Samantha Bailly.<\/p>\n<blockquote><p>\u00ab\u00a0&#8211; Parlons de Fable.<\/p>\n<p>Je me raidis, mais je hoche la t\u00eate. Je fais tout mon possible pour afficher un air neutre, comme si ce nouveau sujet de discussion ne me d\u00e9rangeait pas le moins du monde.<\/p>\n<p>&#8211; Qu\u2019est-ce que vous voulez savoir\u00a0?<\/p>\n<p>Ma psy m\u2019observe avec attention, imperturbable.<\/p>\n<p>&#8211; Tu as toujours du mal \u00e0 prononcer son nom.<\/p>\n<p>Je mens\u00a0:<\/p>\n<p>&#8211; Ce n\u2019est pas vrai.<\/p>\n<p>Je fais de mon mieux pour conserver un air nonchalant, mais j\u2019ai la gorge nou\u00e9. Entre le nom de Fable me fait \u00e0 la fois peur et plaisir. Je veux la voir. J\u2019ai besoin de la voir.\u00a0\u00bb<\/p><\/blockquote>\n","protected":false},"excerpt":{"rendered":"<p>Deux mois sans elle est un roman de Monica Murphy sorti le 29 mai dernier aux \u00e9ditions Milady. Il raconte l\u2019histoire de Fable et Drew, deux jeunes adultes qui cherchent \u00e0 aller de l\u2019avant malgr\u00e9 les probl\u00e8mes qu\u2019ils ont pu rencontrer. Alors qu\u2019il l\u2019a quitt\u00e9e il y a plusieurs mois, Drew va se rendre compte<\/p>\n","protected":false},"author":14,"featured_media":24516,"comment_status":"open","ping_status":"open","sticky":false,"template":"","format":"standard","meta":{"jetpack_post_was_ever_published":false,"_jetpack_newsletter_access":"","_jetpack_newsletter_tier_id":0,"footnotes":"","jetpack_publicize_message":"","jetpack_is_tweetstorm":false,"jetpack_publicize_feature_enabled":true,"jetpack_social_post_already_shared":false,"jetpack_social_options":{"image_generator_settings":{"template":"highway","enabled":false}}},"categories":[1118],"tags":[946,947,399,386],"jetpack_publicize_connections":[],"yoast_head":"<!-- This site is optimized with the Yoast SEO plugin v21.5 - https:\/\/yoast.com\/wordpress\/plugins\/seo\/ -->\n<title>Deux mois sans elle - une romance de Monica Murphy<\/title>\n<meta name=\"description\" content=\"Deux mois sans elle est un roman de Monica Murphy sorti le 29 mai dernier aux \u00e9ditions Milady. Il raconte l\u2019histoire de Fable et Drew, deux jeunes adultes\" \/>\n<meta name=\"robots\" content=\"index, follow, max-snippet:-1, max-image-preview:large, max-video-preview:-1\" \/>\n<link rel=\"canonical\" href=\"http:\/\/smallthings.fr\/lespetitslivres\/2015\/06\/15\/deux-mois-sans-elle-romance-murphy\/\" \/>\n<meta property=\"og:locale\" content=\"fr_FR\" \/>\n<meta property=\"og:type\" content=\"article\" \/>\n<meta property=\"og:title\" content=\"Deux mois sans elle - une romance de Monica Murphy\" \/>\n<meta property=\"og:description\" content=\"Deux mois sans elle est un roman de Monica Murphy sorti le 29 mai dernier aux \u00e9ditions Milady. Il raconte l\u2019histoire de Fable et Drew, deux jeunes adultes\" \/>\n<meta property=\"og:url\" content=\"http:\/\/smallthings.fr\/lespetitslivres\/2015\/06\/15\/deux-mois-sans-elle-romance-murphy\/\" \/>\n<meta property=\"og:site_name\" content=\"Les Petits Livres\" \/>\n<meta property=\"article:published_time\" content=\"2015-06-15T14:00:14+00:00\" \/>\n<meta property=\"article:modified_time\" content=\"2015-11-02T12:16:15+00:00\" \/>\n<meta name=\"author\" content=\"Jennifer\" \/>\n<meta name=\"twitter:card\" content=\"summary_large_image\" \/>\n<meta name=\"twitter:label1\" content=\"\u00c9crit par\" \/>\n\t<meta name=\"twitter:data1\" content=\"Jennifer\" \/>\n\t<meta name=\"twitter:label2\" content=\"Dur\u00e9e de lecture estim\u00e9e\" \/>\n\t<meta name=\"twitter:data2\" content=\"3 minutes\" \/>\n<script type=\"application\/ld+json\" class=\"yoast-schema-graph\">{\"@context\":\"https:\/\/schema.org\",\"@graph\":[{\"@type\":\"WebPage\",\"@id\":\"http:\/\/smallthings.fr\/lespetitslivres\/2015\/06\/15\/deux-mois-sans-elle-romance-murphy\/\",\"url\":\"http:\/\/smallthings.fr\/lespetitslivres\/2015\/06\/15\/deux-mois-sans-elle-romance-murphy\/\",\"name\":\"Deux mois sans elle - une romance de Monica Murphy\",\"isPartOf\":{\"@id\":\"https:\/\/smallthings.fr\/lespetitslivres\/#website\"},\"datePublished\":\"2015-06-15T14:00:14+00:00\",\"dateModified\":\"2015-11-02T12:16:15+00:00\",\"author\":{\"@id\":\"https:\/\/smallthings.fr\/lespetitslivres\/#\/schema\/person\/bb8808220f912e72f01f7a55924d9ad1\"},\"description\":\"Deux mois sans elle est un roman de Monica Murphy sorti le 29 mai dernier aux \u00e9ditions Milady. Il raconte l\u2019histoire de Fable et Drew, deux jeunes adultes\",\"breadcrumb\":{\"@id\":\"http:\/\/smallthings.fr\/lespetitslivres\/2015\/06\/15\/deux-mois-sans-elle-romance-murphy\/#breadcrumb\"},\"inLanguage\":\"fr-FR\",\"potentialAction\":[{\"@type\":\"ReadAction\",\"target\":[\"http:\/\/smallthings.fr\/lespetitslivres\/2015\/06\/15\/deux-mois-sans-elle-romance-murphy\/\"]}]},{\"@type\":\"BreadcrumbList\",\"@id\":\"http:\/\/smallthings.fr\/lespetitslivres\/2015\/06\/15\/deux-mois-sans-elle-romance-murphy\/#breadcrumb\",\"itemListElement\":[{\"@type\":\"ListItem\",\"position\":1,\"name\":\"Accueil\",\"item\":\"https:\/\/smallthings.fr\/lespetitslivres\/\"},{\"@type\":\"ListItem\",\"position\":2,\"name\":\"Deux mois sans elle &#8211; une romance de Monica Murphy\"}]},{\"@type\":\"WebSite\",\"@id\":\"https:\/\/smallthings.fr\/lespetitslivres\/#website\",\"url\":\"https:\/\/smallthings.fr\/lespetitslivres\/\",\"name\":\"Les Petits Livres\",\"description\":\"by Small Things\",\"potentialAction\":[{\"@type\":\"SearchAction\",\"target\":{\"@type\":\"EntryPoint\",\"urlTemplate\":\"https:\/\/smallthings.fr\/lespetitslivres\/?s={search_term_string}\"},\"query-input\":\"required name=search_term_string\"}],\"inLanguage\":\"fr-FR\"},{\"@type\":\"Person\",\"@id\":\"https:\/\/smallthings.fr\/lespetitslivres\/#\/schema\/person\/bb8808220f912e72f01f7a55924d9ad1\",\"name\":\"Jennifer\",\"image\":{\"@type\":\"ImageObject\",\"inLanguage\":\"fr-FR\",\"@id\":\"https:\/\/smallthings.fr\/lespetitslivres\/#\/schema\/person\/image\/\",\"url\":\"https:\/\/secure.gravatar.com\/avatar\/ffcd6b107b6b18c3d5201f1bcc631683?s=96&d=retro&r=g\",\"contentUrl\":\"https:\/\/secure.gravatar.com\/avatar\/ffcd6b107b6b18c3d5201f1bcc631683?s=96&d=retro&r=g\",\"caption\":\"Jennifer\"},\"url\":\"https:\/\/smallthings.fr\/lespetitslivres\/author\/jennifer\/\"}]}<\/script>\n<!-- \/ Yoast SEO plugin. -->","yoast_head_json":{"title":"Deux mois sans elle - une romance de Monica Murphy","description":"Deux mois sans elle est un roman de Monica Murphy sorti le 29 mai dernier aux \u00e9ditions Milady. Il raconte l\u2019histoire de Fable et Drew, deux jeunes adultes","robots":{"index":"index","follow":"follow","max-snippet":"max-snippet:-1","max-image-preview":"max-image-preview:large","max-video-preview":"max-video-preview:-1"},"canonical":"http:\/\/smallthings.fr\/lespetitslivres\/2015\/06\/15\/deux-mois-sans-elle-romance-murphy\/","og_locale":"fr_FR","og_type":"article","og_title":"Deux mois sans elle - une romance de Monica Murphy","og_description":"Deux mois sans elle est un roman de Monica Murphy sorti le 29 mai dernier aux \u00e9ditions Milady. Il raconte l\u2019histoire de Fable et Drew, deux jeunes adultes","og_url":"http:\/\/smallthings.fr\/lespetitslivres\/2015\/06\/15\/deux-mois-sans-elle-romance-murphy\/","og_site_name":"Les Petits Livres","article_published_time":"2015-06-15T14:00:14+00:00","article_modified_time":"2015-11-02T12:16:15+00:00","author":"Jennifer","twitter_card":"summary_large_image","twitter_misc":{"\u00c9crit par":"Jennifer","Dur\u00e9e de lecture estim\u00e9e":"3 minutes"},"schema":{"@context":"https:\/\/schema.org","@graph":[{"@type":"WebPage","@id":"http:\/\/smallthings.fr\/lespetitslivres\/2015\/06\/15\/deux-mois-sans-elle-romance-murphy\/","url":"http:\/\/smallthings.fr\/lespetitslivres\/2015\/06\/15\/deux-mois-sans-elle-romance-murphy\/","name":"Deux mois sans elle - une romance de Monica Murphy","isPartOf":{"@id":"https:\/\/smallthings.fr\/lespetitslivres\/#website"},"datePublished":"2015-06-15T14:00:14+00:00","dateModified":"2015-11-02T12:16:15+00:00","author":{"@id":"https:\/\/smallthings.fr\/lespetitslivres\/#\/schema\/person\/bb8808220f912e72f01f7a55924d9ad1"},"description":"Deux mois sans elle est un roman de Monica Murphy sorti le 29 mai dernier aux \u00e9ditions Milady. Il raconte l\u2019histoire de Fable et Drew, deux jeunes adultes","breadcrumb":{"@id":"http:\/\/smallthings.fr\/lespetitslivres\/2015\/06\/15\/deux-mois-sans-elle-romance-murphy\/#breadcrumb"},"inLanguage":"fr-FR","potentialAction":[{"@type":"ReadAction","target":["http:\/\/smallthings.fr\/lespetitslivres\/2015\/06\/15\/deux-mois-sans-elle-romance-murphy\/"]}]},{"@type":"BreadcrumbList","@id":"http:\/\/smallthings.fr\/lespetitslivres\/2015\/06\/15\/deux-mois-sans-elle-romance-murphy\/#breadcrumb","itemListElement":[{"@type":"ListItem","position":1,"name":"Accueil","item":"https:\/\/smallthings.fr\/lespetitslivres\/"},{"@type":"ListItem","position":2,"name":"Deux mois sans elle &#8211; une romance de Monica Murphy"}]},{"@type":"WebSite","@id":"https:\/\/smallthings.fr\/lespetitslivres\/#website","url":"https:\/\/smallthings.fr\/lespetitslivres\/","name":"Les Petits Livres","description":"by Small Things","potentialAction":[{"@type":"SearchAction","target":{"@type":"EntryPoint","urlTemplate":"https:\/\/smallthings.fr\/lespetitslivres\/?s={search_term_string}"},"query-input":"required name=search_term_string"}],"inLanguage":"fr-FR"},{"@type":"Person","@id":"https:\/\/smallthings.fr\/lespetitslivres\/#\/schema\/person\/bb8808220f912e72f01f7a55924d9ad1","name":"Jennifer","image":{"@type":"ImageObject","inLanguage":"fr-FR","@id":"https:\/\/smallthings.fr\/lespetitslivres\/#\/schema\/person\/image\/","url":"https:\/\/secure.gravatar.com\/avatar\/ffcd6b107b6b18c3d5201f1bcc631683?s=96&d=retro&r=g","contentUrl":"https:\/\/secure.gravatar.com\/avatar\/ffcd6b107b6b18c3d5201f1bcc631683?s=96&d=retro&r=g","caption":"Jennifer"},"url":"https:\/\/smallthings.fr\/lespetitslivres\/author\/jennifer\/"}]}},"jetpack_featured_media_url":"","jetpack_sharing_enabled":true,"jetpack_shortlink":"https:\/\/wp.me\/p6Un21-6np","jetpack-related-posts":[{"id":26333,"url":"https:\/\/smallthings.fr\/lespetitslivres\/2015\/08\/18\/quatre-ans-plus-tard-romance-murphy\/","url_meta":{"origin":24515,"position":0},"title":"Quatre ans plus tard : la nouvelle romance de Monica Murphy","author":"Jennifer","date":"18 ao\u00fbt 2015","format":false,"excerpt":"Quatre ans plus tard, la suite directe de Deux mois sans elle de Monica Murphy, est sortie aux \u00e9ditions Milady le 10 juillet dernier. C\u2019est au tour d\u2019Owen, le petit fr\u00e8re de Fable, de nous raconter ses m\u00e9saventures. Dans Deux mois sans elle, on d\u00e9couvrait Owen, le petit fr\u00e8re de\u2026","rel":"","context":"Dans &quot;Roman \u00e9tranger&quot;","block_context":{"text":"Roman \u00e9tranger","link":"https:\/\/smallthings.fr\/lespetitslivres\/category\/roman\/roman-etranger\/"},"img":{"alt_text":"","src":"https:\/\/i0.wp.com\/smallthings.fr\/wp-content\/uploads\/2015\/08\/quatre-ans-plus-tard-200x300.jpg?resize=350%2C200","width":350,"height":200},"classes":[]},{"id":31725,"url":"https:\/\/smallthings.fr\/lespetitslivres\/2018\/07\/03\/avec-elle-solene-bakoswki-audio\/","url_meta":{"origin":24515,"position":1},"title":"Avec elle, roman psychologique de Sol\u00e8ne Bakowski en audio","author":"Claire","date":"3 juillet 2018","format":false,"excerpt":"Avec elle est un roman de Sol\u00e8ne Bakowski, \u00e9crit en parall\u00e8le \u00e0 Sans elle d'Am\u00e9lie Antoine, que nous avons \u00e9cout\u00e9 en livre audio juste avant. Il n'y a pas d'ordre \u00e0 proprement parler pour lire l'un et l'autre. Mais la lecture des deux est une tr\u00e8s bonne exp\u00e9rience et j'ai\u2026","rel":"","context":"Dans &quot;Num\u00e9rique et audio&quot;","block_context":{"text":"Num\u00e9rique et audio","link":"https:\/\/smallthings.fr\/lespetitslivres\/category\/numerique-audio\/"},"img":{"alt_text":"","src":"https:\/\/i0.wp.com\/smallthings.fr\/lespetitslivres\/wp-content\/uploads\/2018\/07\/avec-elle.jpg?resize=350%2C200&ssl=1","width":350,"height":200,"srcset":"https:\/\/i0.wp.com\/smallthings.fr\/lespetitslivres\/wp-content\/uploads\/2018\/07\/avec-elle.jpg?resize=350%2C200&ssl=1 1x, https:\/\/i0.wp.com\/smallthings.fr\/lespetitslivres\/wp-content\/uploads\/2018\/07\/avec-elle.jpg?resize=525%2C300&ssl=1 1.5x, https:\/\/i0.wp.com\/smallthings.fr\/lespetitslivres\/wp-content\/uploads\/2018\/07\/avec-elle.jpg?resize=700%2C400&ssl=1 2x, https:\/\/i0.wp.com\/smallthings.fr\/lespetitslivres\/wp-content\/uploads\/2018\/07\/avec-elle.jpg?resize=1050%2C600&ssl=1 3x, https:\/\/i0.wp.com\/smallthings.fr\/lespetitslivres\/wp-content\/uploads\/2018\/07\/avec-elle.jpg?resize=1400%2C800&ssl=1 4x"},"classes":[]},{"id":30980,"url":"https:\/\/smallthings.fr\/lespetitslivres\/2017\/04\/28\/apres-pluie-renee-carlino\/","url_meta":{"origin":24515,"position":2},"title":"Apr\u00e8s la pluie &#8211; une romance de Ren\u00e9e Carlino &#8211; vient le beau temps ?","author":"Jennifer","date":"28 avril 2017","format":false,"excerpt":"Apr\u00e8s la pluie est le nouveau roman de Ren\u00e9e Carlino. Sortie le mois dernier aux\u00a0\u00e9ditions Milday, cette romance new-adult nous raconte l\u2019histoire d\u2019une jeune veuve totalement an\u00e9antie et de sa rencontre avec un docteur venu prendre du recul dans un ranch dans le Montana. Tr\u00e8s \u00e9mouvant. L\u2019auteure d\u2019A quatre mains\u2026","rel":"","context":"Dans &quot;Roman \u00e9tranger&quot;","block_context":{"text":"Roman \u00e9tranger","link":"https:\/\/smallthings.fr\/lespetitslivres\/category\/roman\/roman-etranger\/"},"img":{"alt_text":"","src":"https:\/\/i0.wp.com\/smallthings.fr\/lespetitslivres\/wp-content\/uploads\/2017\/04\/raindrops-1081724_1280.jpg?resize=350%2C200&ssl=1","width":350,"height":200,"srcset":"https:\/\/i0.wp.com\/smallthings.fr\/lespetitslivres\/wp-content\/uploads\/2017\/04\/raindrops-1081724_1280.jpg?resize=350%2C200&ssl=1 1x, https:\/\/i0.wp.com\/smallthings.fr\/lespetitslivres\/wp-content\/uploads\/2017\/04\/raindrops-1081724_1280.jpg?resize=525%2C300&ssl=1 1.5x, https:\/\/i0.wp.com\/smallthings.fr\/lespetitslivres\/wp-content\/uploads\/2017\/04\/raindrops-1081724_1280.jpg?resize=700%2C400&ssl=1 2x, https:\/\/i0.wp.com\/smallthings.fr\/lespetitslivres\/wp-content\/uploads\/2017\/04\/raindrops-1081724_1280.jpg?resize=1050%2C600&ssl=1 3x"},"classes":[]},{"id":31799,"url":"https:\/\/smallthings.fr\/lespetitslivres\/2018\/09\/04\/trancher-amelie-cordonnier-roman-avis\/","url_meta":{"origin":24515,"position":3},"title":"Trancher, quand les mots d\u00e9truisent : le premier roman d&rsquo;Am\u00e9lie Cordonnier","author":"Claire","date":"4 septembre 2018","format":false,"excerpt":"En cette Rentr\u00e9e litt\u00e9raire, la journaliste Am\u00e9lie Cordonnier publie son premier roman, Trancher, chez Flammarion. Un livre difficile qui aborde le sujet de la violence conjugale verbale. L'h\u00e9ro\u00efne est en couple avec Aur\u00e9lien. Ils ont deux enfants. Apr\u00e8s des ann\u00e9es de tr\u00eave, Aur\u00e9lien recommence \u00e0 l'insulter, et ce devant leurs\u2026","rel":"","context":"Dans &quot;Roman fran\u00e7ais&quot;","block_context":{"text":"Roman fran\u00e7ais","link":"https:\/\/smallthings.fr\/lespetitslivres\/category\/roman\/roman-francais\/"},"img":{"alt_text":"","src":"https:\/\/i0.wp.com\/smallthings.fr\/lespetitslivres\/wp-content\/uploads\/2018\/09\/trancher-cordonnier-cover.jpg?resize=350%2C200&ssl=1","width":350,"height":200,"srcset":"https:\/\/i0.wp.com\/smallthings.fr\/lespetitslivres\/wp-content\/uploads\/2018\/09\/trancher-cordonnier-cover.jpg?resize=350%2C200&ssl=1 1x, https:\/\/i0.wp.com\/smallthings.fr\/lespetitslivres\/wp-content\/uploads\/2018\/09\/trancher-cordonnier-cover.jpg?resize=525%2C300&ssl=1 1.5x"},"classes":[]},{"id":31582,"url":"https:\/\/smallthings.fr\/lespetitslivres\/2018\/03\/11\/foyer-meres-heureuses-malladi-gpa\/","url_meta":{"origin":24515,"position":4},"title":"Le Foyer des m\u00e8res heureuses, une vision de la GPA","author":"Claire","date":"11 mars 2018","format":false,"excerpt":"Le Foyer des m\u00e8res heureuses, roman de l'indienne Amulya Malladi, est paru il y a un mois au Mercure de France. Un roman sur la GPA qui m\u00e9nage tous les points de vue : celui des parents d'origine indienne, qui vivent en Californie, et qui attend qu'Asha, m\u00e8re porteuse qui\u2026","rel":"","context":"Dans &quot;Roman \u00e9tranger&quot;","block_context":{"text":"Roman \u00e9tranger","link":"https:\/\/smallthings.fr\/lespetitslivres\/category\/roman\/roman-etranger\/"},"img":{"alt_text":"","src":"https:\/\/i0.wp.com\/smallthings.fr\/lespetitslivres\/wp-content\/uploads\/2018\/03\/foyer-meres-heureuses-cover.jpg?resize=350%2C200&ssl=1","width":350,"height":200,"srcset":"https:\/\/i0.wp.com\/smallthings.fr\/lespetitslivres\/wp-content\/uploads\/2018\/03\/foyer-meres-heureuses-cover.jpg?resize=350%2C200&ssl=1 1x, https:\/\/i0.wp.com\/smallthings.fr\/lespetitslivres\/wp-content\/uploads\/2018\/03\/foyer-meres-heureuses-cover.jpg?resize=525%2C300&ssl=1 1.5x"},"classes":[]},{"id":21941,"url":"https:\/\/smallthings.fr\/lespetitslivres\/2015\/03\/27\/aliette-renoir-format-poche-j-ai-lu-avis\/","url_meta":{"origin":24515,"position":5},"title":"Les aventures d&rsquo;Aliette Renoir en format poche chez J&rsquo;ai Lu","author":"Jennifer","date":"27 mars 2015","format":false,"excerpt":"Les aventures d'Aliette Renoir sortent en poche aux \u00e9ditions J'ai Lu. Le premier tome de la s\u00e9rie, La Secte d\u2019Abaddon, est paru le 11 f\u00e9vrier dernier. C\u00e9cilia Correia nous raconte avec beaucoup d\u2019humour l\u2019histoire d\u2019une chasseuse de vampire qui, apr\u00e8s un mauvais accident, va se retrouver dans la peau de\u2026","rel":"","context":"Dans &quot;Fantastique&quot;","block_context":{"text":"Fantastique","link":"https:\/\/smallthings.fr\/lespetitslivres\/category\/imaginaire\/fantastique\/"},"img":{"alt_text":"","src":"https:\/\/i0.wp.com\/smallthings.fr\/wp-content\/uploads\/2015\/03\/aliette-renoir-rebelle-521x800.jpg?resize=350%2C200","width":350,"height":200},"classes":[]}],"_links":{"self":[{"href":"https:\/\/smallthings.fr\/lespetitslivres\/wp-json\/wp\/v2\/posts\/24515"}],"collection":[{"href":"https:\/\/smallthings.fr\/lespetitslivres\/wp-json\/wp\/v2\/posts"}],"about":[{"href":"https:\/\/smallthings.fr\/lespetitslivres\/wp-json\/wp\/v2\/types\/post"}],"author":[{"embeddable":true,"href":"https:\/\/smallthings.fr\/lespetitslivres\/wp-json\/wp\/v2\/users\/14"}],"replies":[{"embeddable":true,"href":"https:\/\/smallthings.fr\/lespetitslivres\/wp-json\/wp\/v2\/comments?post=24515"}],"version-history":[{"count":1,"href":"https:\/\/smallthings.fr\/lespetitslivres\/wp-json\/wp\/v2\/posts\/24515\/revisions"}],"predecessor-version":[{"id":28748,"href":"https:\/\/smallthings.fr\/lespetitslivres\/wp-json\/wp\/v2\/posts\/24515\/revisions\/28748"}],"wp:featuredmedia":[{"embeddable":true,"href":"https:\/\/smallthings.fr\/lespetitslivres\/wp-json\/"}],"wp:attachment":[{"href":"https:\/\/smallthings.fr\/lespetitslivres\/wp-json\/wp\/v2\/media?parent=24515"}],"wp:term":[{"taxonomy":"category","embeddable":true,"href":"https:\/\/smallthings.fr\/lespetitslivres\/wp-json\/wp\/v2\/categories?post=24515"},{"taxonomy":"post_tag","embeddable":true,"href":"https:\/\/smallthings.fr\/lespetitslivres\/wp-json\/wp\/v2\/tags?post=24515"}],"curies":[{"name":"wp","href":"https:\/\/api.w.org\/{rel}","templated":true}]}}