{"id":24047,"date":"2015-05-29T16:32:12","date_gmt":"2015-05-29T15:32:12","guid":{"rendered":"http:\/\/smallthings.fr\/?p=24047"},"modified":"2015-11-05T12:57:59","modified_gmt":"2015-11-05T11:57:59","slug":"diam-s-melanie-francaise-et-musulmane-livre","status":"publish","type":"post","link":"https:\/\/smallthings.fr\/lespetitslivres\/2015\/05\/29\/diam-s-melanie-francaise-et-musulmane-livre\/","title":{"rendered":"Diam&rsquo;s est M\u00e9lanie fran\u00e7aise et musulmane"},"content":{"rendered":"<h2>Le 21 mai paraissait chez Don Quichotte le second livre de Diam&rsquo;s : <em>M\u00e9lanie fran\u00e7aise et musulmane<\/em>. Cette deuxi\u00e8me autobiographie, elle a d\u00e9cid\u00e9 de l&rsquo;\u00e9crire suite aux \u00e9v\u00e9nements du 7 janvier dernier, comme pour mettre sa pierre \u00e0 l&rsquo;\u00e9difice du combat contre les id\u00e9es re\u00e7ues. En publiant sous son nom, M\u00e9lanie Georgiades est claire d\u00e8s le prologue sur ses intentions : elle souhaite tout simplement raconter sa conversion \u00e0 l&rsquo;Islam, qui lui a sauv\u00e9 la vie apr\u00e8s une grave d\u00e9pression, et le bonheur quotidien qu&rsquo;elle ressent depuis qu&rsquo;elle s&rsquo;est tourn\u00e9e vers cette religion.<\/h2>\n<blockquote><p>\u00ab\u00a0L&rsquo;Islam avait bel et bien \u00e9clair\u00e9 ma vie. La lumi\u00e8re existe. Personne ne l&rsquo;\u00e9teindra jamais.\u00a0\u00bb<\/p><\/blockquote>\n<p><a href=\"http:\/\/smallthings.fr\/2015\/05\/29\/diam-s-melanie-francaise-et-musulmane-livre\/diams-melanie-livre\/\" rel=\"attachment wp-att-24055\"><img loading=\"lazy\" decoding=\"async\" class=\"alignright size-full wp-image-24055\" src=\"http:\/\/smallthings.fr\/wp-content\/uploads\/2015\/05\/diams-melanie-livre.jpg\" alt=\"diams-melanie-livre\" width=\"216\" height=\"346\" \/><\/a><\/p>\n<p>Pour \u00eatre tr\u00e8s honn\u00eate, \u00e0 la r\u00e9ception du livre, j&rsquo;\u00e9tais plut\u00f4t perplexe. Que Diam&rsquo;s mette son grain de sel suite aux attentats du 7 janvier me semblait inutile. J&rsquo;ai eu peur qu&rsquo;elle soit moralisatrice, et nous serve une suite de phrases d\u00e9j\u00e0 mille fois entendues dans les m\u00e9dias. Je dois bien avouer que ce n&rsquo;est pas le cas. <strong><em>M\u00e9lanie fran\u00e7aise et musulmane<\/em><\/strong> se veut simple, et direct. Les attentats de Charlie Hebdo : Diam&rsquo;s n&rsquo;en parle que tr\u00e8s peu. Seuls le prologue et l&rsquo;\u00e9pilogue en font mention. Elle se contente de raconter sa discussion avec l&rsquo;un de ses voisins chr\u00e9tiens, qui souhaitait \u00e9changer avec elle sur le sujet. Pour le reste, <em>M\u00e9lanie fran\u00e7aise et musulmane<\/em> n&rsquo;a qu&rsquo;un seul objectif : parler de sa conversion et de sa vie quotidienne en tant que musulmane convertie en France.<\/p>\n<p>Le livre commence au moment o\u00f9<strong> Diam&rsquo;s<\/strong>, rappeuse \u00e0 succ\u00e8s, victime d&rsquo;une grave d\u00e9pression, d\u00e9cide de tout arr\u00eater. Intern\u00e9e plusieurs fois, elle se coupe du milieu du show-biz et entreprend quelques voyages \u00ab\u00a0initiatiques\u00a0\u00bb en Afrique, o\u00f9 elle aide une association pour les orphelins. Un jour, alors qu&rsquo;elle tente de se reconstruire, une amie lui propose de partir avec elle en vacances \u00e0 l&rsquo;\u00cele Maurice. M\u00e9lanie, en pleine \u00ab\u00a0crise existentielle\u00a0\u00bb, emporte quelques livres avec elle, dont le Coran qu&rsquo;elle a toujours eu envie de lire. Petit \u00e0 petit, <strong>subjugu\u00e9e, elle d\u00e9couvre dans ces textes toute la s\u00e9r\u00e9nit\u00e9, l&rsquo;espoir et l&rsquo;amour qu&rsquo;elle a l&rsquo;impression de chercher depuis toujours<\/strong>. Depuis ce jour, elle n&rsquo;est plus la m\u00eame. Sa conversion est imm\u00e9diate.<\/p>\n<blockquote><p>\u00ab\u00a0je d\u00e9couvrais le sens de la vie, et de la mienne aussi. [&#8230;] c&rsquo;\u00e9tait comme si tout ce que je lisais \u00e9tait d\u00e9j\u00e0 en moi.\u00a0\u00bb<\/p><\/blockquote>\n<p>Dans <strong><em>M\u00e9lanie fran\u00e7aise et musulmane<\/em><\/strong>, <strong>Diam&rsquo;s<\/strong> confie le d\u00e9roulement de cette conversion. Alors que le public l&rsquo;avait d\u00e9couverte voil\u00e9e \u00e0 son insu apr\u00e8s la publication d&rsquo;une photo d&rsquo;elle dans un journal people, elle tient \u00e0 expliquer simplement tout le d\u00e9roulement de cette conversion qui l&rsquo;a men\u00e9e \u00e0 la vie qu&rsquo;elle m\u00e8ne aujourd&rsquo;hui. Une vie, comme elle le rappelle presque chaque page, extr\u00eamement sereine, pleine d&rsquo;espoir et tr\u00e8s pieuse. Les chapitres qui racontent ses diff\u00e9rents p\u00e8lerinages \u00e0 M\u00e9dine et \u00e0 La Mecque, sont centraux.<\/p>\n<p>Cependant, quelques \u00e9l\u00e9ments manquants perturbent et ternissent la cr\u00e9dibilit\u00e9 de l&rsquo;ensemble. On a l&rsquo;impression de passer \u00e0 c\u00f4t\u00e9 de quelque chose, qu&rsquo;elle ne nous dit pas tout&#8230; Par exemple, on aurait aim\u00e9 que le chapitre concernant sa \u00ab\u00a0r\u00e9v\u00e9lation\u00a0\u00bb soit plus long, plus pouss\u00e9, plus profond&#8230; Ces jolies phrases bien tourn\u00e9es, comme<strong> Diam&rsquo;s<\/strong> sait les \u00e9crire, nous laissent parfois un sentiment d&rsquo;inachev\u00e9. Cette mani\u00e8re de s&rsquo;exprimer par ellipses, qui fonctionne dans ses chansons, fonctionne un peu moins sous la forme d&rsquo;une autobiographie. Certes, elle nous confie avoir toujours \u00e9t\u00e9 fascin\u00e9e par l&rsquo;Islam, mais je m&rsquo;attendais \u00e0 quelques passages plus explicatifs.<\/p>\n<blockquote><p>\u00ab\u00a0depuis l&rsquo;adolescence, je m&rsquo;\u00e9tais spontan\u00e9ment rapproch\u00e9e de la communaut\u00e9 musulmane et de l&rsquo;Islam. Sans certitude ni r\u00e9el engagement, mais ils \u00e9taient les seuls autour de moi \u00e0 vivre avec leur foi de fa\u00e7on quotidienne.\u00a0\u00bb<\/p><\/blockquote>\n<p>Manquent aussi peut-\u00eatre quelques pr\u00e9cisions sur sa rencontre avec l&rsquo;homme devenu imm\u00e9diatement son mari. Alors qu&rsquo;elle sortait d&rsquo;une grave d\u00e9pression, le laps de temps entre sa r\u00e9v\u00e9lation vis-\u00e0-vis de l&rsquo;Islam et son mariage avec un musulman, semble tr\u00e8s (trop ?) court. Si M\u00e9lanie r\u00e9p\u00e8te souhaiter garder certaines choses pour elle, le manque d&rsquo;\u00e9clairage quant \u00e0 cet \u00e9pisode de sa vie peut laisser perplexe. Et c&rsquo;est dommage.<\/p>\n<p>Apr\u00e8s le r\u00e9cit de sa conversion, de nombreux chapitres se succ\u00e8dent concernant sa fille Maryam, son grand-p\u00e8re mais aussi son p\u00e8re, qu&rsquo;elle avait perdu de vue depuis l&rsquo;enfance, et qui a op\u00e9r\u00e9 un retour dans sa vie. Tous ces \u00e9v\u00e9nements, qui la rendent heureuse aujourd&rsquo;hui, elle consid\u00e8re les devoir \u00e0 sa religion, \u00e0 cette paix int\u00e9rieure qui lui permet d&rsquo;avancer de la mani\u00e8re la plus saine possible pour elle.<\/p>\n<p>M\u00e9lanie se veut <strong>tr\u00e8s pieuse dans l&rsquo;\u00e9criture de ce livre<\/strong>. La majuscule \u00e0 \u00ab\u00a0Lui\u00a0\u00bb n&rsquo;est jamais oubli\u00e9e. Elle utilise aussi les calligraphies qui dans les textes sacr\u00e9s servent de formule d&rsquo;\u00e9loge consacr\u00e9es \u00e0 l&rsquo;\u00e9vocation des Proph\u00e8tes ou de personnages de l&rsquo;Histoire de l&rsquo;Islam. Ces choix formels qui semble un peu exag\u00e9r\u00e9s au d\u00e9part, trouvent vite leur place dans cet ensemble finalement coh\u00e9rent.<\/p>\n<p><strong><em>M\u00e9lanie fran\u00e7aise et musulmane <\/em><\/strong>revient \u00e9videmment sur la r\u00e9action du public \u00e0 propos de son voile. Elle raconte aussi le d\u00e9roulement de l&rsquo;interview pour l&rsquo;\u00e9mission <em>7 \u00e0 8<\/em>, lors de laquelle elle portait son djilbab devant des cam\u00e9ras pour la premi\u00e8re fois. A cette occasion, elle rappelle l&rsquo;article de <strong>Cyril Montana<\/strong> Le Point en octobre 2012 :<\/p>\n<blockquote><p>\u00ab\u00a0Je croyais que Le Point \u00e9tait de droite, Valls de gauche et l&rsquo;Islam l&rsquo;ennemi. Puis Diam&rsquo;s est apparue sur TF1 et je n&rsquo;y comprends plus rien.\u00a0\u00bb<\/p>\n<p>[&#8230;] \u00ab\u00a0Aujourd&rsquo;hui, cet Islam, son Islam rejette l&rsquo;int\u00e9grisme, et ce qu&rsquo;elle a d\u00e9couvert dans le Coran, ce sont des valeurs de \u00ab\u00a0sagesse, de non-violence, de paix, de partage et de bont\u00e9\u00a0\u00bb. En aucun cas elle n&rsquo;y a trouv\u00e9 \u00ab\u00a0qu&rsquo;il soit acceptable que des innocents meurent dans des attentats\u00a0\u00bb. \u00ab\u00a0Impensable\u00a0\u00bb, explique Diam&rsquo;s devenue M\u00e9lanie.<\/p>\n<p>Cela dit, s&rsquo;il y a bien une chose que j&rsquo;ai comprise, c&rsquo;est que si tout le monde avait en t\u00eate le m\u00eame objectif que M\u00e9lanie, \u00ab\u00a0se lever tous les matins en essayant d&rsquo;\u00eatre meilleure que la veille\u00a0\u00bb, le monde serait certainement aussi doux que ce bonheur qu&rsquo;elle vit pleinement aujourd&rsquo;hui gr\u00e2ce \u00e0 l&rsquo;Islam, et dont le sourire radieux qu&rsquo;elle affiche est la preuve la plus \u00e9vidente.\u00a0\u00bb<\/p><\/blockquote>\n<p><em>L&rsquo;article en entier par <a href=\"http:\/\/www.lepoint.fr\/ces-gens-la\/et-diam-s-devient-melanie-02-10-2012-1512592_264.php\" target=\"_blank\">ici<\/a><\/em><\/p>\n<div id=\"attachment_24054\" style=\"width: 447px\" class=\"wp-caption aligncenter\"><a href=\"http:\/\/smallthings.fr\/2015\/05\/29\/diam-s-melanie-francaise-et-musulmane-livre\/diams-melanie-concert\/\" rel=\"attachment wp-att-24054\"><img loading=\"lazy\" decoding=\"async\" aria-describedby=\"caption-attachment-24054\" class=\" wp-image-24054\" src=\"http:\/\/smallthings.fr\/wp-content\/uploads\/2015\/05\/diams-melanie-concert.jpg\" alt=\"Diam's lors de sa derni\u00e8re tourn\u00e9e en 2010\" width=\"437\" height=\"262\" \/><\/a><p id=\"caption-attachment-24054\" class=\"wp-caption-text\">Diam&rsquo;s lors de sa derni\u00e8re tourn\u00e9e en 2010<\/p><\/div>\n","protected":false},"excerpt":{"rendered":"<p>Le 21 mai paraissait chez Don Quichotte le second livre de Diam&rsquo;s : M\u00e9lanie fran\u00e7aise et musulmane. Cette deuxi\u00e8me autobiographie, elle a d\u00e9cid\u00e9 de l&rsquo;\u00e9crire suite aux \u00e9v\u00e9nements du 7 janvier dernier, comme pour mettre sa pierre \u00e0 l&rsquo;\u00e9difice du combat contre les id\u00e9es re\u00e7ues. En publiant sous son nom, M\u00e9lanie Georgiades est claire d\u00e8s<\/p>\n","protected":false},"author":2,"featured_media":29019,"comment_status":"open","ping_status":"open","sticky":false,"template":"","format":"standard","meta":{"jetpack_post_was_ever_published":false,"_jetpack_newsletter_access":"","_jetpack_newsletter_tier_id":0,"footnotes":"","jetpack_publicize_message":"","jetpack_is_tweetstorm":false,"jetpack_publicize_feature_enabled":true,"jetpack_social_post_already_shared":false,"jetpack_social_options":{"image_generator_settings":{"template":"highway","enabled":false}}},"categories":[1116],"tags":[761,762,763],"jetpack_publicize_connections":[],"yoast_head":"<!-- This site is optimized with the Yoast SEO plugin v21.5 - https:\/\/yoast.com\/wordpress\/plugins\/seo\/ -->\n<title>Diam&#039;s est M\u00e9lanie fran\u00e7aise et musulmane<\/title>\n<meta name=\"description\" content=\"Le 21 mai paraissait le second livre de Diam&#039;s : M\u00e9lanie fran\u00e7aise et musulmane. Cette deuxi\u00e8me autobiographie, elle a d\u00e9cid\u00e9 de l&#039;\u00e9crire suite aux\" \/>\n<meta name=\"robots\" content=\"index, follow, max-snippet:-1, max-image-preview:large, max-video-preview:-1\" \/>\n<link rel=\"canonical\" href=\"https:\/\/smallthings.fr\/lespetitslivres\/2015\/05\/29\/diam-s-melanie-francaise-et-musulmane-livre\/\" \/>\n<meta property=\"og:locale\" content=\"fr_FR\" \/>\n<meta property=\"og:type\" content=\"article\" \/>\n<meta property=\"og:title\" content=\"Diam&#039;s est M\u00e9lanie fran\u00e7aise et musulmane\" \/>\n<meta property=\"og:description\" content=\"Le 21 mai paraissait le second livre de Diam&#039;s : M\u00e9lanie fran\u00e7aise et musulmane. Cette deuxi\u00e8me autobiographie, elle a d\u00e9cid\u00e9 de l&#039;\u00e9crire suite aux\" \/>\n<meta property=\"og:url\" content=\"https:\/\/smallthings.fr\/lespetitslivres\/2015\/05\/29\/diam-s-melanie-francaise-et-musulmane-livre\/\" \/>\n<meta property=\"og:site_name\" content=\"Les Petits Livres\" \/>\n<meta property=\"article:published_time\" content=\"2015-05-29T15:32:12+00:00\" \/>\n<meta property=\"article:modified_time\" content=\"2015-11-05T11:57:59+00:00\" \/>\n<meta property=\"og:image\" content=\"https:\/\/smallthings.fr\/lespetitslivres\/wp-content\/uploads\/2015\/05\/diams-francaise-musulmane.jpg\" \/>\n\t<meta property=\"og:image:width\" content=\"463\" \/>\n\t<meta property=\"og:image:height\" content=\"340\" \/>\n\t<meta property=\"og:image:type\" content=\"image\/jpeg\" \/>\n<meta name=\"author\" content=\"Claire\" \/>\n<meta name=\"twitter:card\" content=\"summary_large_image\" \/>\n<meta name=\"twitter:label1\" content=\"\u00c9crit par\" \/>\n\t<meta name=\"twitter:data1\" content=\"Claire\" \/>\n\t<meta name=\"twitter:label2\" content=\"Dur\u00e9e de lecture estim\u00e9e\" \/>\n\t<meta name=\"twitter:data2\" content=\"6 minutes\" \/>\n<script type=\"application\/ld+json\" class=\"yoast-schema-graph\">{\"@context\":\"https:\/\/schema.org\",\"@graph\":[{\"@type\":\"WebPage\",\"@id\":\"https:\/\/smallthings.fr\/lespetitslivres\/2015\/05\/29\/diam-s-melanie-francaise-et-musulmane-livre\/\",\"url\":\"https:\/\/smallthings.fr\/lespetitslivres\/2015\/05\/29\/diam-s-melanie-francaise-et-musulmane-livre\/\",\"name\":\"Diam's est M\u00e9lanie fran\u00e7aise et musulmane\",\"isPartOf\":{\"@id\":\"https:\/\/smallthings.fr\/lespetitslivres\/#website\"},\"datePublished\":\"2015-05-29T15:32:12+00:00\",\"dateModified\":\"2015-11-05T11:57:59+00:00\",\"author\":{\"@id\":\"https:\/\/smallthings.fr\/lespetitslivres\/#\/schema\/person\/504d603cacfe064fe039dfa03a8b7918\"},\"description\":\"Le 21 mai paraissait le second livre de Diam's : M\u00e9lanie fran\u00e7aise et musulmane. Cette deuxi\u00e8me autobiographie, elle a d\u00e9cid\u00e9 de l'\u00e9crire suite aux\",\"breadcrumb\":{\"@id\":\"https:\/\/smallthings.fr\/lespetitslivres\/2015\/05\/29\/diam-s-melanie-francaise-et-musulmane-livre\/#breadcrumb\"},\"inLanguage\":\"fr-FR\",\"potentialAction\":[{\"@type\":\"ReadAction\",\"target\":[\"https:\/\/smallthings.fr\/lespetitslivres\/2015\/05\/29\/diam-s-melanie-francaise-et-musulmane-livre\/\"]}]},{\"@type\":\"BreadcrumbList\",\"@id\":\"https:\/\/smallthings.fr\/lespetitslivres\/2015\/05\/29\/diam-s-melanie-francaise-et-musulmane-livre\/#breadcrumb\",\"itemListElement\":[{\"@type\":\"ListItem\",\"position\":1,\"name\":\"Accueil\",\"item\":\"https:\/\/smallthings.fr\/lespetitslivres\/\"},{\"@type\":\"ListItem\",\"position\":2,\"name\":\"Diam&rsquo;s est M\u00e9lanie fran\u00e7aise et musulmane\"}]},{\"@type\":\"WebSite\",\"@id\":\"https:\/\/smallthings.fr\/lespetitslivres\/#website\",\"url\":\"https:\/\/smallthings.fr\/lespetitslivres\/\",\"name\":\"Les Petits Livres\",\"description\":\"by Small Things\",\"potentialAction\":[{\"@type\":\"SearchAction\",\"target\":{\"@type\":\"EntryPoint\",\"urlTemplate\":\"https:\/\/smallthings.fr\/lespetitslivres\/?s={search_term_string}\"},\"query-input\":\"required name=search_term_string\"}],\"inLanguage\":\"fr-FR\"},{\"@type\":\"Person\",\"@id\":\"https:\/\/smallthings.fr\/lespetitslivres\/#\/schema\/person\/504d603cacfe064fe039dfa03a8b7918\",\"name\":\"Claire\",\"image\":{\"@type\":\"ImageObject\",\"inLanguage\":\"fr-FR\",\"@id\":\"https:\/\/smallthings.fr\/lespetitslivres\/#\/schema\/person\/image\/\",\"url\":\"https:\/\/secure.gravatar.com\/avatar\/9a85ff83d76b3eb17b8cae208640786e?s=96&d=retro&r=g\",\"contentUrl\":\"https:\/\/secure.gravatar.com\/avatar\/9a85ff83d76b3eb17b8cae208640786e?s=96&d=retro&r=g\",\"caption\":\"Claire\"},\"url\":\"https:\/\/smallthings.fr\/lespetitslivres\/author\/claire\/\"}]}<\/script>\n<!-- \/ Yoast SEO plugin. -->","yoast_head_json":{"title":"Diam's est M\u00e9lanie fran\u00e7aise et musulmane","description":"Le 21 mai paraissait le second livre de Diam's : M\u00e9lanie fran\u00e7aise et musulmane. Cette deuxi\u00e8me autobiographie, elle a d\u00e9cid\u00e9 de l'\u00e9crire suite aux","robots":{"index":"index","follow":"follow","max-snippet":"max-snippet:-1","max-image-preview":"max-image-preview:large","max-video-preview":"max-video-preview:-1"},"canonical":"https:\/\/smallthings.fr\/lespetitslivres\/2015\/05\/29\/diam-s-melanie-francaise-et-musulmane-livre\/","og_locale":"fr_FR","og_type":"article","og_title":"Diam's est M\u00e9lanie fran\u00e7aise et musulmane","og_description":"Le 21 mai paraissait le second livre de Diam's : M\u00e9lanie fran\u00e7aise et musulmane. Cette deuxi\u00e8me autobiographie, elle a d\u00e9cid\u00e9 de l'\u00e9crire suite aux","og_url":"https:\/\/smallthings.fr\/lespetitslivres\/2015\/05\/29\/diam-s-melanie-francaise-et-musulmane-livre\/","og_site_name":"Les Petits Livres","article_published_time":"2015-05-29T15:32:12+00:00","article_modified_time":"2015-11-05T11:57:59+00:00","og_image":[{"width":463,"height":340,"url":"https:\/\/smallthings.fr\/lespetitslivres\/wp-content\/uploads\/2015\/05\/diams-francaise-musulmane.jpg","type":"image\/jpeg"}],"author":"Claire","twitter_card":"summary_large_image","twitter_misc":{"\u00c9crit par":"Claire","Dur\u00e9e de lecture estim\u00e9e":"6 minutes"},"schema":{"@context":"https:\/\/schema.org","@graph":[{"@type":"WebPage","@id":"https:\/\/smallthings.fr\/lespetitslivres\/2015\/05\/29\/diam-s-melanie-francaise-et-musulmane-livre\/","url":"https:\/\/smallthings.fr\/lespetitslivres\/2015\/05\/29\/diam-s-melanie-francaise-et-musulmane-livre\/","name":"Diam's est M\u00e9lanie fran\u00e7aise et musulmane","isPartOf":{"@id":"https:\/\/smallthings.fr\/lespetitslivres\/#website"},"datePublished":"2015-05-29T15:32:12+00:00","dateModified":"2015-11-05T11:57:59+00:00","author":{"@id":"https:\/\/smallthings.fr\/lespetitslivres\/#\/schema\/person\/504d603cacfe064fe039dfa03a8b7918"},"description":"Le 21 mai paraissait le second livre de Diam's : M\u00e9lanie fran\u00e7aise et musulmane. Cette deuxi\u00e8me autobiographie, elle a d\u00e9cid\u00e9 de l'\u00e9crire suite aux","breadcrumb":{"@id":"https:\/\/smallthings.fr\/lespetitslivres\/2015\/05\/29\/diam-s-melanie-francaise-et-musulmane-livre\/#breadcrumb"},"inLanguage":"fr-FR","potentialAction":[{"@type":"ReadAction","target":["https:\/\/smallthings.fr\/lespetitslivres\/2015\/05\/29\/diam-s-melanie-francaise-et-musulmane-livre\/"]}]},{"@type":"BreadcrumbList","@id":"https:\/\/smallthings.fr\/lespetitslivres\/2015\/05\/29\/diam-s-melanie-francaise-et-musulmane-livre\/#breadcrumb","itemListElement":[{"@type":"ListItem","position":1,"name":"Accueil","item":"https:\/\/smallthings.fr\/lespetitslivres\/"},{"@type":"ListItem","position":2,"name":"Diam&rsquo;s est M\u00e9lanie fran\u00e7aise et musulmane"}]},{"@type":"WebSite","@id":"https:\/\/smallthings.fr\/lespetitslivres\/#website","url":"https:\/\/smallthings.fr\/lespetitslivres\/","name":"Les Petits Livres","description":"by Small Things","potentialAction":[{"@type":"SearchAction","target":{"@type":"EntryPoint","urlTemplate":"https:\/\/smallthings.fr\/lespetitslivres\/?s={search_term_string}"},"query-input":"required name=search_term_string"}],"inLanguage":"fr-FR"},{"@type":"Person","@id":"https:\/\/smallthings.fr\/lespetitslivres\/#\/schema\/person\/504d603cacfe064fe039dfa03a8b7918","name":"Claire","image":{"@type":"ImageObject","inLanguage":"fr-FR","@id":"https:\/\/smallthings.fr\/lespetitslivres\/#\/schema\/person\/image\/","url":"https:\/\/secure.gravatar.com\/avatar\/9a85ff83d76b3eb17b8cae208640786e?s=96&d=retro&r=g","contentUrl":"https:\/\/secure.gravatar.com\/avatar\/9a85ff83d76b3eb17b8cae208640786e?s=96&d=retro&r=g","caption":"Claire"},"url":"https:\/\/smallthings.fr\/lespetitslivres\/author\/claire\/"}]}},"jetpack_featured_media_url":"https:\/\/smallthings.fr\/lespetitslivres\/wp-content\/uploads\/2015\/05\/diams-francaise-musulmane.jpg","jetpack_sharing_enabled":true,"jetpack_shortlink":"https:\/\/wp.me\/p6Un21-6fR","jetpack-related-posts":[{"id":29025,"url":"https:\/\/smallthings.fr\/lespetitslivres\/2015\/10\/23\/retour-sur-terre-rose-critique\/","url_meta":{"origin":24047,"position":0},"title":"Retour sur Terre : et si vous perdiez 6 ans de votre vie en 5 minutes ?","author":"Jennifer","date":"23 octobre 2015","format":false,"excerpt":"Retour sur Terre est un roman de M\u00e9lanie Rose, paru aux \u00e9ditions de l\u2019Archipel le 7 octobre dernier. On y rencontre Michaela, 25 ans, qui s\u2019appr\u00eate \u00e0 faire un saut en parachute avec ses coll\u00e8gues. Mais apr\u00e8s s\u2019\u00eatre jet\u00e9e dans le vide, une bourrasque l\u2019emm\u00e8ne plus loin que pr\u00e9vu et,\u2026","rel":"","context":"Dans &quot;Roman \u00e9tranger&quot;","block_context":{"text":"Roman \u00e9tranger","link":"https:\/\/smallthings.fr\/lespetitslivres\/category\/roman\/roman-etranger\/"},"img":{"alt_text":"","src":"https:\/\/i0.wp.com\/smallthings.fr\/lespetitslivres\/wp-content\/uploads\/2015\/10\/retour-sur-terre-couv.jpg?resize=350%2C200&ssl=1","width":350,"height":200,"srcset":"https:\/\/i0.wp.com\/smallthings.fr\/lespetitslivres\/wp-content\/uploads\/2015\/10\/retour-sur-terre-couv.jpg?resize=350%2C200&ssl=1 1x, https:\/\/i0.wp.com\/smallthings.fr\/lespetitslivres\/wp-content\/uploads\/2015\/10\/retour-sur-terre-couv.jpg?resize=525%2C300&ssl=1 1.5x, https:\/\/i0.wp.com\/smallthings.fr\/lespetitslivres\/wp-content\/uploads\/2015\/10\/retour-sur-terre-couv.jpg?resize=700%2C400&ssl=1 2x, https:\/\/i0.wp.com\/smallthings.fr\/lespetitslivres\/wp-content\/uploads\/2015\/10\/retour-sur-terre-couv.jpg?resize=1050%2C600&ssl=1 3x"},"classes":[]},{"id":31826,"url":"https:\/\/smallthings.fr\/lespetitslivres\/2018\/11\/08\/sa-verite-melanie-raabe\/","url_meta":{"origin":24047,"position":1},"title":"Sa v\u00e9rit\u00e9, le nouveau thriller efficace de Melanie Raabe","author":"June","date":"8 novembre 2018","format":false,"excerpt":"Que faire lorsqu'un inconnu usurpe l'identit\u00e9 de votre \u00e9poux \u00e0 la faveur de son enl\u00e8vement ? Comment prouver que celui qui sait tout de lui, tout de vous, de votre fils n'est pas l'homme qu'il pr\u00e9tend \u00eatre ? Voil\u00e0 le cauchemar auquel Sarah doit faire face, sept ans apr\u00e8s la\u2026","rel":"","context":"Dans &quot;Thriller&quot;","block_context":{"text":"Thriller","link":"https:\/\/smallthings.fr\/lespetitslivres\/category\/thriller\/"},"img":{"alt_text":"","src":"https:\/\/i0.wp.com\/smallthings.fr\/lespetitslivres\/wp-content\/uploads\/2018\/11\/raaba-sa-verite.jpeg?resize=350%2C200","width":350,"height":200},"classes":[]},{"id":30325,"url":"https:\/\/smallthings.fr\/lespetitslivres\/2016\/09\/21\/le-piege-thriller-melanie-raabe\/","url_meta":{"origin":24047,"position":2},"title":"Le pi\u00e8ge, thriller haletant de Melanie Raabe","author":"June","date":"21 septembre 2016","format":false,"excerpt":"Thriller psychologique au suspense haletant, Le pi\u00e8ge est le premier roman de Melanie Raabe, journaliste de son \u00e9tat. Paru le 14 septembre aux \u00e9ditions JC Latt\u00e8s, son intrigue tr\u00e8s efficace se r\u00e9v\u00e8le un v\u00e9ritable pi\u00e8ge\u2026 \u00e0 lecteurs\u00a0! Linda Conrads est un auteur \u00e0 succ\u00e8s et une source de rumeurs et\u2026","rel":"","context":"Dans &quot;Thriller&quot;","block_context":{"text":"Thriller","link":"https:\/\/smallthings.fr\/lespetitslivres\/category\/thriller\/"},"img":{"alt_text":"","src":"https:\/\/i0.wp.com\/smallthings.fr\/lespetitslivres\/wp-content\/uploads\/2016\/09\/piege-couv.jpeg?resize=350%2C200","width":350,"height":200},"classes":[]},{"id":18410,"url":"https:\/\/smallthings.fr\/lespetitslivres\/2014\/11\/12\/respire-gagnez-livre-melanie-laurent\/","url_meta":{"origin":24047,"position":3},"title":"Respire : gagnez 2 exs du livre adapt\u00e9 au cin\u00e9ma par M\u00e9lanie Laurent","author":"Claire","date":"12 novembre 2014","format":false,"excerpt":"[slickquiz id=23] Concours termin\u00e9 Respire, le film r\u00e9alis\u00e9 par M\u00e9lanie Laurent,\u00a0sera dans les salles d\u00e8s demain (le 12 novembre). En choisissant d'adapter cette histoire, la jeune r\u00e9alisatrice dit vouloir \"rendre le harc\u00e8lement comme un non-\u00e9v\u00e9nement\" afin d'en traiter la gu\u00e9rison et la sortie. Pour l'occasion, le Livre de Poche\u00a0lance une\u2026","rel":"","context":"Dans &quot;Concours&quot;","block_context":{"text":"Concours","link":"https:\/\/smallthings.fr\/lespetitslivres\/category\/concours\/"},"img":{"alt_text":"Jos\u00c3\u00a9phine Japy et Lou de La\u00c3\u00a2ge, les jeunes actrices de \"Respire\"","src":"https:\/\/i0.wp.com\/smallthings.fr\/wp-content\/uploads\/2014\/11\/respire-film-couv.jpg?resize=350%2C200","width":350,"height":200},"classes":[]},{"id":18056,"url":"https:\/\/smallthings.fr\/lespetitslivres\/2014\/11\/09\/carey-celle-qui-a-tous-les-dons-atalante\/","url_meta":{"origin":24047,"position":4},"title":"Les enfants-zombies par M. R. Carey : Celle qui a tous les dons","author":"Claire","date":"9 novembre 2014","format":false,"excerpt":"La traduction du roman de M. R. Carey, Celle qui a tous les dons, vient de para\u00eetre (le 23 octobre) aux \u00e9ditions de l'Atalante. En anglais, The Girl with all the gifts a b\u00e9n\u00e9fici\u00e9 en Angleterre d'une presse dithyrambique. On comprend vite que Celle qui a tous les dons est\u2026","rel":"","context":"Dans &quot;Science-fiction&quot;","block_context":{"text":"Science-fiction","link":"https:\/\/smallthings.fr\/lespetitslivres\/category\/imaginaire\/science-fiction\/"},"img":{"alt_text":"","src":"https:\/\/i0.wp.com\/smallthings.fr\/wp-content\/uploads\/2014\/10\/celle-qui-a-tous-les-dons.jpg?resize=350%2C200","width":350,"height":200},"classes":[]},{"id":30659,"url":"https:\/\/smallthings.fr\/lespetitslivres\/2017\/01\/15\/je-vous-sauverai-tous-freche-avis\/","url_meta":{"origin":24047,"position":5},"title":"Je vous sauverai tous, le signal d&rsquo;alarme d\u2019\u00c9milie Fr\u00e8che","author":"Claire","date":"15 janvier 2017","format":false,"excerpt":"Je vous sauverai tous est le nouveau livre d'\u00c9milie Fr\u00e8che, tout r\u00e9cemment paru chez Hachette romans. Pour aborder le sujet de l'embrigadement des jeunes filles par Daech, elle choisit la forme du journal intime. Les voix d'\u00c9l\u00e9a, de sa m\u00e8re et de son p\u00e8re, se croisent pour raconter l'impensable. \u00c9l\u00e9a\u2026","rel":"","context":"Dans &quot;Roman fran\u00e7ais&quot;","block_context":{"text":"Roman fran\u00e7ais","link":"https:\/\/smallthings.fr\/lespetitslivres\/category\/roman\/roman-francais\/"},"img":{"alt_text":"","src":"https:\/\/i0.wp.com\/smallthings.fr\/lespetitslivres\/wp-content\/uploads\/2017\/01\/je-vous-sauverai-tous-couv.jpg?resize=350%2C200&ssl=1","width":350,"height":200,"srcset":"https:\/\/i0.wp.com\/smallthings.fr\/lespetitslivres\/wp-content\/uploads\/2017\/01\/je-vous-sauverai-tous-couv.jpg?resize=350%2C200&ssl=1 1x, https:\/\/i0.wp.com\/smallthings.fr\/lespetitslivres\/wp-content\/uploads\/2017\/01\/je-vous-sauverai-tous-couv.jpg?resize=525%2C300&ssl=1 1.5x"},"classes":[]}],"_links":{"self":[{"href":"https:\/\/smallthings.fr\/lespetitslivres\/wp-json\/wp\/v2\/posts\/24047"}],"collection":[{"href":"https:\/\/smallthings.fr\/lespetitslivres\/wp-json\/wp\/v2\/posts"}],"about":[{"href":"https:\/\/smallthings.fr\/lespetitslivres\/wp-json\/wp\/v2\/types\/post"}],"author":[{"embeddable":true,"href":"https:\/\/smallthings.fr\/lespetitslivres\/wp-json\/wp\/v2\/users\/2"}],"replies":[{"embeddable":true,"href":"https:\/\/smallthings.fr\/lespetitslivres\/wp-json\/wp\/v2\/comments?post=24047"}],"version-history":[{"count":1,"href":"https:\/\/smallthings.fr\/lespetitslivres\/wp-json\/wp\/v2\/posts\/24047\/revisions"}],"predecessor-version":[{"id":28756,"href":"https:\/\/smallthings.fr\/lespetitslivres\/wp-json\/wp\/v2\/posts\/24047\/revisions\/28756"}],"wp:featuredmedia":[{"embeddable":true,"href":"https:\/\/smallthings.fr\/lespetitslivres\/wp-json\/wp\/v2\/media\/29019"}],"wp:attachment":[{"href":"https:\/\/smallthings.fr\/lespetitslivres\/wp-json\/wp\/v2\/media?parent=24047"}],"wp:term":[{"taxonomy":"category","embeddable":true,"href":"https:\/\/smallthings.fr\/lespetitslivres\/wp-json\/wp\/v2\/categories?post=24047"},{"taxonomy":"post_tag","embeddable":true,"href":"https:\/\/smallthings.fr\/lespetitslivres\/wp-json\/wp\/v2\/tags?post=24047"}],"curies":[{"name":"wp","href":"https:\/\/api.w.org\/{rel}","templated":true}]}}