{"id":23917,"date":"2015-05-26T14:06:31","date_gmt":"2015-05-26T13:06:31","guid":{"rendered":"http:\/\/smallthings.fr\/?p=23917"},"modified":"2015-11-27T13:36:40","modified_gmt":"2015-11-27T12:36:40","slug":"la-vie-revee-d-eve-dystopie-anna-carey","status":"publish","type":"post","link":"https:\/\/smallthings.fr\/lespetitslivres\/2015\/05\/26\/la-vie-revee-d-eve-dystopie-anna-carey\/","title":{"rendered":"La vie r\u00eav\u00e9e d\u2019Eve : une dystopie d&rsquo;Anna Carey"},"content":{"rendered":"<h2><em>La fuite, <\/em>premier tome de la saga <em>La vie r\u00eav\u00e9e d\u2019Eve<\/em> est sorti jeudi dernier aux \u00e9ditions <a href=\"http:\/\/www.pocketjeunesse.fr\/site\/1_la_vie_revee_deve_la_fuite_&amp;100&amp;9782266218917.html\" target=\"_blank\">Pocket Jeunesse<\/a>. \u00c9crit par Anna Carey, ce roman <em>young-adul<\/em>t relate l\u2019histoire d\u2019Eve, une adolescente qui vit dans un monde post-apocalyptique et qui va se rendre compte qu\u2019on lui a toujours menti. Le pensionnat dans lequel elle \u00e9tudie est en r\u00e9alit\u00e9 un laboratoire qui \u00e9l\u00e8ve de futures m\u00e8res porteuses. Elle va alors s\u2019\u00e9chapper et tenter sa chance dans un monde dont elle ne connait rien, o\u00f9 les gangs et les soldats du roi se livrent une guerre sans merci.<\/h2>\n<p><strong><em>La vie r\u00eav\u00e9e d\u2019Eve<\/em><\/strong> est un roman qui connait la recette du succ\u00e8s : des personnages plut\u00f4t attachants, une bonne histoire et un genre qui int\u00e9resse, la dystopie. Dans <strong><em>La fuite<\/em><\/strong>, nous sommes aux Etats-Unis, un pays dont la population a \u00e9t\u00e9 d\u00e9cim\u00e9e par un virus. Les hommes et les femmes vivent s\u00e9par\u00e9s. Si nous ne savons pas, au d\u00e9but, ce que font les hommes, nous avons cependant un aper\u00e7u de la vie des jeunes femmes \u00e0 travers les yeux d\u2019Eve, 18 ans.<\/p>\n<p><a href=\"http:\/\/smallthings.fr\/?attachment_id=23919\" rel=\"attachment wp-att-23919\"><img loading=\"lazy\" decoding=\"async\" class=\"alignright  wp-image-23919\" src=\"http:\/\/smallthings.fr\/wp-content\/uploads\/2015\/05\/vie-revee-d-eve.jpg\" alt=\"vie-revee-d-eve\" width=\"245\" height=\"394\" \/><\/a>Eve vit dans une \u00e9cole avec d\u2019autres filles orphelines \u00e0 cause du virus. Elles ont toutes grandi ensemble et sont \u00e9duqu\u00e9es pour devenir des personnes importantes pour la reconstruction du pays. En r\u00e9alit\u00e9, l\u2019\u00e9cole n\u2019est qu\u2019une fa\u00e7ade car on ment \u00e0 toutes ces filles qui sont destin\u00e9es \u00e0 devenir m\u00e8res porteuses pendant toute leur vie. Le roi veut repeupler le royaume et n\u2019h\u00e9site pas \u00e0 attacher les jeunes femmes \u00e0 des lits. Lorsqu\u2019Eve r\u00e9alise qu\u2019on lui a menti et voit ce qui l\u2019attend, elle d\u00e9cide de s\u2019\u00e9chapper. Mais ce ne sera pas simple car on lui a toujours appris \u00e0 se m\u00e9fier des hommes. <strong><em>La Fuite<\/em> ne sera pas simple, son chemin sera sem\u00e9 d\u2019embuche, il ne faudra faire confiance \u00e0 personne et surtout : ne s\u2019attacher \u00e0 personne\u2026 <\/strong><\/p>\n<p><strong><em>La vie r\u00eav\u00e9e d\u2019Eve<\/em><\/strong> est un roman franchement sympathique \u00e0 lire. L\u2019histoire est originale et int\u00e9ressante, les personnages nous plaisent tous rapidement et il y a ce qu\u2019il faut pour attirer les lecteurs\u00a0: <strong>un r\u00e9gime dictatorial, une r\u00e9bellion plus ou moins organis\u00e9e, un monde d\u00e9vast\u00e9e, une jeune fille courageuse qui a \u00e9t\u00e9 trahie, et une idylle<\/strong>. Malgr\u00e9 tout cela, j\u2019ai trouv\u00e9 tout de m\u00eame un b\u00e9mol \u00e0 ce premier tome\u2026<\/p>\n<div id=\"attachment_23921\" style=\"width: 173px\" class=\"wp-caption alignleft\"><a href=\"http:\/\/smallthings.fr\/?attachment_id=23921\" rel=\"attachment wp-att-23921\"><img loading=\"lazy\" decoding=\"async\" aria-describedby=\"caption-attachment-23921\" class=\" wp-image-23921\" src=\"http:\/\/smallthings.fr\/wp-content\/uploads\/2015\/05\/anne-carey-c-josie-simonet.jpg\" alt=\"Anna Carey, \u00a9 Josie Simonet\" width=\"163\" height=\"245\" \/><\/a><p id=\"caption-attachment-23921\" class=\"wp-caption-text\">Anna Carey, \u00a9 Josie Simonet<\/p><\/div>\n<p>M\u00eame pour un roman young-adult, le style d\u2019\u00e9criture d\u2019Anna Carey nous fait penser \u00e0 un livre destin\u00e9 exclusivement aux 13-14 ans. On oublie tr\u00e8s rapidement qu\u2019Eve a 18 ans car sa mani\u00e8re de parler et d\u2019agir nous fait penser \u00e0 une fille de 12 ans. C\u2019est assez frustrant car l\u2019histoire a de quoi int\u00e9resser les lecteurs plus \u00e2g\u00e9s et <strong><em>La vie r\u00eav\u00e9e d\u2019Eve<\/em><\/strong> pourra malheureusement perdre certains lecteurs d\u00e8s les premiers chapitres \u00e0 cause du style de l\u2019auteure. De m\u00eame, au d\u00e9but, Eve nous para\u00eet \u00eatre une fille cens\u00e9e et intelligente ; or, lorsqu\u2019elle est confront\u00e9e au monde r\u00e9el, elle devient faible et ignare, dommage\u00a0! Il ne reste plus qu\u2019\u00e0 esp\u00e9rer que le second tome, dont on nous donne un aper\u00e7u plus qu\u2019all\u00e9chant, sera \u00e0 la hauteur de nos attentes.<\/p>\n<blockquote><p>\u00ab\u00a0Tout a commenc\u00e9 avec les sp\u00e9cialistes de la f\u00e9condit\u00e9, dit-elle. Le roi croyait que la science \u00e9tait la solution pour repeupler la plan\u00e8te rapidement sans les complications dues \u00e0 la famille, au mariage et \u00e0 l\u2019amour. Il pensait que si vous receviez une bonne \u00e9ducation, vous seriez calmes et \u00e9panouies. Que si vous aviez peur des hommes, vous enfanteriez sans eux et de votre plein gr\u00e9. Parmi les premi\u00e8res Dipl\u00f4m\u00e9es, certaines \u00e9taient d\u2019accord. Mais la proc\u00e9dure est extr\u00eame et il y a souvent des complications dues aux grossesses multiples. Ces derni\u00e8res ann\u00e9es, c\u2019est devenu encore pire et j\u2019ai bien peur que \u00e7a ne s\u2019arrange pas.\u00a0\u00bb<\/p><\/blockquote>\n","protected":false},"excerpt":{"rendered":"<p>La fuite, premier tome de la saga La vie r\u00eav\u00e9e d\u2019Eve est sorti jeudi dernier aux \u00e9ditions Pocket Jeunesse. \u00c9crit par Anna Carey, ce roman young-adult relate l\u2019histoire d\u2019Eve, une adolescente qui vit dans un monde post-apocalyptique et qui va se rendre compte qu\u2019on lui a toujours menti. Le pensionnat dans lequel elle \u00e9tudie est<\/p>\n","protected":false},"author":14,"featured_media":23918,"comment_status":"open","ping_status":"open","sticky":false,"template":"","format":"standard","meta":{"jetpack_post_was_ever_published":false,"_jetpack_newsletter_access":"","_jetpack_newsletter_tier_id":0,"footnotes":"","jetpack_publicize_message":"","jetpack_is_tweetstorm":false,"jetpack_publicize_feature_enabled":true,"jetpack_social_post_already_shared":false,"jetpack_social_options":{"image_generator_settings":{"template":"highway","enabled":false}}},"categories":[1120],"tags":[932,933,934,935],"jetpack_publicize_connections":[],"yoast_head":"<!-- This site is optimized with the Yoast SEO plugin v21.5 - https:\/\/yoast.com\/wordpress\/plugins\/seo\/ -->\n<title>La vie r\u00eav\u00e9e d\u2019Eve : une dystopie d&#039;Anna Carey<\/title>\n<meta name=\"description\" content=\"La fuite, premier tome de la saga La vie r\u00eav\u00e9e d\u2019Eve est sorti jeudi dernier aux \u00e9ditions Pocket Jeunesse. \u00c9crit par Anna Carey, ce roman young-adult relate\" \/>\n<meta name=\"robots\" content=\"index, follow, max-snippet:-1, max-image-preview:large, max-video-preview:-1\" \/>\n<link rel=\"canonical\" href=\"https:\/\/smallthings.fr\/lespetitslivres\/2015\/05\/26\/la-vie-revee-d-eve-dystopie-anna-carey\/\" \/>\n<meta property=\"og:locale\" content=\"fr_FR\" \/>\n<meta property=\"og:type\" content=\"article\" \/>\n<meta property=\"og:title\" content=\"La vie r\u00eav\u00e9e d\u2019Eve : une dystopie d&#039;Anna Carey\" \/>\n<meta property=\"og:description\" content=\"La fuite, premier tome de la saga La vie r\u00eav\u00e9e d\u2019Eve est sorti jeudi dernier aux \u00e9ditions Pocket Jeunesse. \u00c9crit par Anna Carey, ce roman young-adult relate\" \/>\n<meta property=\"og:url\" content=\"https:\/\/smallthings.fr\/lespetitslivres\/2015\/05\/26\/la-vie-revee-d-eve-dystopie-anna-carey\/\" \/>\n<meta property=\"og:site_name\" content=\"Les Petits Livres\" \/>\n<meta property=\"article:published_time\" content=\"2015-05-26T13:06:31+00:00\" \/>\n<meta property=\"article:modified_time\" content=\"2015-11-27T12:36:40+00:00\" \/>\n<meta name=\"author\" content=\"Jennifer\" \/>\n<meta name=\"twitter:card\" content=\"summary_large_image\" \/>\n<meta name=\"twitter:label1\" content=\"\u00c9crit par\" \/>\n\t<meta name=\"twitter:data1\" content=\"Jennifer\" \/>\n\t<meta name=\"twitter:label2\" content=\"Dur\u00e9e de lecture estim\u00e9e\" \/>\n\t<meta name=\"twitter:data2\" content=\"3 minutes\" \/>\n<script type=\"application\/ld+json\" class=\"yoast-schema-graph\">{\"@context\":\"https:\/\/schema.org\",\"@graph\":[{\"@type\":\"WebPage\",\"@id\":\"https:\/\/smallthings.fr\/lespetitslivres\/2015\/05\/26\/la-vie-revee-d-eve-dystopie-anna-carey\/\",\"url\":\"https:\/\/smallthings.fr\/lespetitslivres\/2015\/05\/26\/la-vie-revee-d-eve-dystopie-anna-carey\/\",\"name\":\"La vie r\u00eav\u00e9e d\u2019Eve : une dystopie d'Anna Carey\",\"isPartOf\":{\"@id\":\"https:\/\/smallthings.fr\/lespetitslivres\/#website\"},\"datePublished\":\"2015-05-26T13:06:31+00:00\",\"dateModified\":\"2015-11-27T12:36:40+00:00\",\"author\":{\"@id\":\"https:\/\/smallthings.fr\/lespetitslivres\/#\/schema\/person\/bb8808220f912e72f01f7a55924d9ad1\"},\"description\":\"La fuite, premier tome de la saga La vie r\u00eav\u00e9e d\u2019Eve est sorti jeudi dernier aux \u00e9ditions Pocket Jeunesse. \u00c9crit par Anna Carey, ce roman young-adult relate\",\"breadcrumb\":{\"@id\":\"https:\/\/smallthings.fr\/lespetitslivres\/2015\/05\/26\/la-vie-revee-d-eve-dystopie-anna-carey\/#breadcrumb\"},\"inLanguage\":\"fr-FR\",\"potentialAction\":[{\"@type\":\"ReadAction\",\"target\":[\"https:\/\/smallthings.fr\/lespetitslivres\/2015\/05\/26\/la-vie-revee-d-eve-dystopie-anna-carey\/\"]}]},{\"@type\":\"BreadcrumbList\",\"@id\":\"https:\/\/smallthings.fr\/lespetitslivres\/2015\/05\/26\/la-vie-revee-d-eve-dystopie-anna-carey\/#breadcrumb\",\"itemListElement\":[{\"@type\":\"ListItem\",\"position\":1,\"name\":\"Accueil\",\"item\":\"https:\/\/smallthings.fr\/lespetitslivres\/\"},{\"@type\":\"ListItem\",\"position\":2,\"name\":\"La vie r\u00eav\u00e9e d\u2019Eve : une dystopie d&rsquo;Anna Carey\"}]},{\"@type\":\"WebSite\",\"@id\":\"https:\/\/smallthings.fr\/lespetitslivres\/#website\",\"url\":\"https:\/\/smallthings.fr\/lespetitslivres\/\",\"name\":\"Les Petits Livres\",\"description\":\"by Small Things\",\"potentialAction\":[{\"@type\":\"SearchAction\",\"target\":{\"@type\":\"EntryPoint\",\"urlTemplate\":\"https:\/\/smallthings.fr\/lespetitslivres\/?s={search_term_string}\"},\"query-input\":\"required name=search_term_string\"}],\"inLanguage\":\"fr-FR\"},{\"@type\":\"Person\",\"@id\":\"https:\/\/smallthings.fr\/lespetitslivres\/#\/schema\/person\/bb8808220f912e72f01f7a55924d9ad1\",\"name\":\"Jennifer\",\"image\":{\"@type\":\"ImageObject\",\"inLanguage\":\"fr-FR\",\"@id\":\"https:\/\/smallthings.fr\/lespetitslivres\/#\/schema\/person\/image\/\",\"url\":\"https:\/\/secure.gravatar.com\/avatar\/ffcd6b107b6b18c3d5201f1bcc631683?s=96&d=retro&r=g\",\"contentUrl\":\"https:\/\/secure.gravatar.com\/avatar\/ffcd6b107b6b18c3d5201f1bcc631683?s=96&d=retro&r=g\",\"caption\":\"Jennifer\"},\"url\":\"https:\/\/smallthings.fr\/lespetitslivres\/author\/jennifer\/\"}]}<\/script>\n<!-- \/ Yoast SEO plugin. -->","yoast_head_json":{"title":"La vie r\u00eav\u00e9e d\u2019Eve : une dystopie d'Anna Carey","description":"La fuite, premier tome de la saga La vie r\u00eav\u00e9e d\u2019Eve est sorti jeudi dernier aux \u00e9ditions Pocket Jeunesse. \u00c9crit par Anna Carey, ce roman young-adult relate","robots":{"index":"index","follow":"follow","max-snippet":"max-snippet:-1","max-image-preview":"max-image-preview:large","max-video-preview":"max-video-preview:-1"},"canonical":"https:\/\/smallthings.fr\/lespetitslivres\/2015\/05\/26\/la-vie-revee-d-eve-dystopie-anna-carey\/","og_locale":"fr_FR","og_type":"article","og_title":"La vie r\u00eav\u00e9e d\u2019Eve : une dystopie d'Anna Carey","og_description":"La fuite, premier tome de la saga La vie r\u00eav\u00e9e d\u2019Eve est sorti jeudi dernier aux \u00e9ditions Pocket Jeunesse. \u00c9crit par Anna Carey, ce roman young-adult relate","og_url":"https:\/\/smallthings.fr\/lespetitslivres\/2015\/05\/26\/la-vie-revee-d-eve-dystopie-anna-carey\/","og_site_name":"Les Petits Livres","article_published_time":"2015-05-26T13:06:31+00:00","article_modified_time":"2015-11-27T12:36:40+00:00","author":"Jennifer","twitter_card":"summary_large_image","twitter_misc":{"\u00c9crit par":"Jennifer","Dur\u00e9e de lecture estim\u00e9e":"3 minutes"},"schema":{"@context":"https:\/\/schema.org","@graph":[{"@type":"WebPage","@id":"https:\/\/smallthings.fr\/lespetitslivres\/2015\/05\/26\/la-vie-revee-d-eve-dystopie-anna-carey\/","url":"https:\/\/smallthings.fr\/lespetitslivres\/2015\/05\/26\/la-vie-revee-d-eve-dystopie-anna-carey\/","name":"La vie r\u00eav\u00e9e d\u2019Eve : une dystopie d'Anna Carey","isPartOf":{"@id":"https:\/\/smallthings.fr\/lespetitslivres\/#website"},"datePublished":"2015-05-26T13:06:31+00:00","dateModified":"2015-11-27T12:36:40+00:00","author":{"@id":"https:\/\/smallthings.fr\/lespetitslivres\/#\/schema\/person\/bb8808220f912e72f01f7a55924d9ad1"},"description":"La fuite, premier tome de la saga La vie r\u00eav\u00e9e d\u2019Eve est sorti jeudi dernier aux \u00e9ditions Pocket Jeunesse. \u00c9crit par Anna Carey, ce roman young-adult relate","breadcrumb":{"@id":"https:\/\/smallthings.fr\/lespetitslivres\/2015\/05\/26\/la-vie-revee-d-eve-dystopie-anna-carey\/#breadcrumb"},"inLanguage":"fr-FR","potentialAction":[{"@type":"ReadAction","target":["https:\/\/smallthings.fr\/lespetitslivres\/2015\/05\/26\/la-vie-revee-d-eve-dystopie-anna-carey\/"]}]},{"@type":"BreadcrumbList","@id":"https:\/\/smallthings.fr\/lespetitslivres\/2015\/05\/26\/la-vie-revee-d-eve-dystopie-anna-carey\/#breadcrumb","itemListElement":[{"@type":"ListItem","position":1,"name":"Accueil","item":"https:\/\/smallthings.fr\/lespetitslivres\/"},{"@type":"ListItem","position":2,"name":"La vie r\u00eav\u00e9e d\u2019Eve : une dystopie d&rsquo;Anna Carey"}]},{"@type":"WebSite","@id":"https:\/\/smallthings.fr\/lespetitslivres\/#website","url":"https:\/\/smallthings.fr\/lespetitslivres\/","name":"Les Petits Livres","description":"by Small Things","potentialAction":[{"@type":"SearchAction","target":{"@type":"EntryPoint","urlTemplate":"https:\/\/smallthings.fr\/lespetitslivres\/?s={search_term_string}"},"query-input":"required name=search_term_string"}],"inLanguage":"fr-FR"},{"@type":"Person","@id":"https:\/\/smallthings.fr\/lespetitslivres\/#\/schema\/person\/bb8808220f912e72f01f7a55924d9ad1","name":"Jennifer","image":{"@type":"ImageObject","inLanguage":"fr-FR","@id":"https:\/\/smallthings.fr\/lespetitslivres\/#\/schema\/person\/image\/","url":"https:\/\/secure.gravatar.com\/avatar\/ffcd6b107b6b18c3d5201f1bcc631683?s=96&d=retro&r=g","contentUrl":"https:\/\/secure.gravatar.com\/avatar\/ffcd6b107b6b18c3d5201f1bcc631683?s=96&d=retro&r=g","caption":"Jennifer"},"url":"https:\/\/smallthings.fr\/lespetitslivres\/author\/jennifer\/"}]}},"jetpack_featured_media_url":"","jetpack_sharing_enabled":true,"jetpack_shortlink":"https:\/\/wp.me\/p6Un21-6dL","jetpack-related-posts":[{"id":22956,"url":"https:\/\/smallthings.fr\/lespetitslivres\/2015\/04\/29\/la-vie-revee-des-autres-bihl-avis\/","url_meta":{"origin":23917,"position":0},"title":"La vie r\u00eav\u00e9e des autres : la vie r\u00eav\u00e9e des lieux communs","author":"Yohann","date":"29 avril 2015","format":false,"excerpt":"Avec La vie r\u00eav\u00e9e des autres, et apr\u00e8s avoir sorti en 2013 un recueil de nouvelles intitul\u00e9 36 heures de la vie d\u2019une femme (parce que 24, c\u2019est pas assez), Agn\u00e8s Bihl signe d\u00e9but mars son tout premier roman publi\u00e9 chez Don Quichotte. Le nom de l\u2019auteure ne vous est\u2026","rel":"","context":"Dans &quot;Roman fran\u00e7ais&quot;","block_context":{"text":"Roman fran\u00e7ais","link":"https:\/\/smallthings.fr\/lespetitslivres\/category\/roman\/roman-francais\/"},"img":{"alt_text":"","src":"https:\/\/i0.wp.com\/smallthings.fr\/wp-content\/uploads\/2015\/04\/la-vie-revee-des-autres-546x800.jpg?resize=350%2C200","width":350,"height":200},"classes":[]},{"id":31404,"url":"https:\/\/smallthings.fr\/lespetitslivres\/2017\/12\/04\/vie-revee-virginia-fly-huth\/","url_meta":{"origin":23917,"position":1},"title":"La vie r\u00eav\u00e9e de Virginia Fly : ce que veulent les femmes selon Angela Huth","author":"Cecile","date":"4 d\u00e9cembre 2017","format":false,"excerpt":"La vie r\u00eav\u00e9e de Virginia Fly est le dernier roman d'Angela Huth, paru chez Quai Voltaire cette ann\u00e9e. Un roman coup de c\u0153ur ! Une histoire savoureuse, cruelle et tendre tout \u00e0 la fois, qui tourne en ridicule les clich\u00e9s que la soci\u00e9t\u00e9 impose aux femmes. Un tour de force\u2026","rel":"","context":"Dans &quot;Roman \u00e9tranger&quot;","block_context":{"text":"Roman \u00e9tranger","link":"https:\/\/smallthings.fr\/lespetitslivres\/category\/roman\/roman-etranger\/"},"img":{"alt_text":"","src":"https:\/\/i0.wp.com\/smallthings.fr\/lespetitslivres\/wp-content\/uploads\/2017\/12\/vie-revee-virginia-fly-cover.jpg?resize=350%2C200&ssl=1","width":350,"height":200,"srcset":"https:\/\/i0.wp.com\/smallthings.fr\/lespetitslivres\/wp-content\/uploads\/2017\/12\/vie-revee-virginia-fly-cover.jpg?resize=350%2C200&ssl=1 1x, https:\/\/i0.wp.com\/smallthings.fr\/lespetitslivres\/wp-content\/uploads\/2017\/12\/vie-revee-virginia-fly-cover.jpg?resize=525%2C300&ssl=1 1.5x, https:\/\/i0.wp.com\/smallthings.fr\/lespetitslivres\/wp-content\/uploads\/2017\/12\/vie-revee-virginia-fly-cover.jpg?resize=700%2C400&ssl=1 2x, https:\/\/i0.wp.com\/smallthings.fr\/lespetitslivres\/wp-content\/uploads\/2017\/12\/vie-revee-virginia-fly-cover.jpg?resize=1050%2C600&ssl=1 3x, https:\/\/i0.wp.com\/smallthings.fr\/lespetitslivres\/wp-content\/uploads\/2017\/12\/vie-revee-virginia-fly-cover.jpg?resize=1400%2C800&ssl=1 4x"},"classes":[]},{"id":26384,"url":"https:\/\/smallthings.fr\/lespetitslivres\/2015\/08\/20\/digitale-saga-sarah-wagon-critique\/","url_meta":{"origin":23917,"position":2},"title":"Digitale : une saga d&rsquo;anticipation haletante par Sarah Wagon","author":"Jennifer","date":"20 ao\u00fbt 2015","format":false,"excerpt":"Digitale est le premier tome d\u2019une saga \u00e9crite par Sarah Wagon, jeune auteure fran\u00e7aise. Il sort aujourd'hui chez Pocket Jeunesse. Digitale nous emm\u00e8ne dans un univers technologique o\u00f9 les sentiments sont contr\u00f4l\u00e9s par une puce implant\u00e9e dans la nuque des Humains. Jade, 20 ans, travaille \u00e0 r\u00e9tablir les connexions entre\u2026","rel":"","context":"Dans &quot;Young Adult&quot;","block_context":{"text":"Young Adult","link":"https:\/\/smallthings.fr\/lespetitslivres\/category\/young-adult\/"},"img":{"alt_text":"","src":"","width":0,"height":0},"classes":[]},{"id":18056,"url":"https:\/\/smallthings.fr\/lespetitslivres\/2014\/11\/09\/carey-celle-qui-a-tous-les-dons-atalante\/","url_meta":{"origin":23917,"position":3},"title":"Les enfants-zombies par M. R. Carey : Celle qui a tous les dons","author":"Claire","date":"9 novembre 2014","format":false,"excerpt":"La traduction du roman de M. R. Carey, Celle qui a tous les dons, vient de para\u00eetre (le 23 octobre) aux \u00e9ditions de l'Atalante. En anglais, The Girl with all the gifts a b\u00e9n\u00e9fici\u00e9 en Angleterre d'une presse dithyrambique. On comprend vite que Celle qui a tous les dons est\u2026","rel":"","context":"Dans &quot;Science-fiction&quot;","block_context":{"text":"Science-fiction","link":"https:\/\/smallthings.fr\/lespetitslivres\/category\/imaginaire\/science-fiction\/"},"img":{"alt_text":"","src":"https:\/\/i0.wp.com\/smallthings.fr\/wp-content\/uploads\/2014\/10\/celle-qui-a-tous-les-dons.jpg?resize=350%2C200","width":350,"height":200},"classes":[]},{"id":15845,"url":"https:\/\/smallthings.fr\/lespetitslivres\/2014\/08\/20\/amelie-nothomb-petronille-rentree-avis\/","url_meta":{"origin":23917,"position":4},"title":"Am\u00e9lie Nothomb fait sa rentr\u00e9e avec P\u00e9tronille","author":"Audrey Ch\u00e8vrefeuille","date":"20 ao\u00fbt 2014","format":false,"excerpt":"Comme chaque ann\u00e9e, Am\u00e9lie Nothomb sort son nouveau roman pour la rentr\u00e9e litt\u00e9raire chez Albin Michel. C\u2019est devenu une habitude depuis longtemps maintenant. Pas de r\u00e9el suspense donc quant \u00e0 l\u2019\u00e9v\u00e9nement, mais toujours une impatience et des interrogations sur le contenu. Annonc\u00e9 \u00e0 200.000 exemplaires, P\u00e9tronille fera s\u00fbrement beaucoup parler\u2026","rel":"","context":"Dans &quot;Roman fran\u00e7ais&quot;","block_context":{"text":"Roman fran\u00e7ais","link":"https:\/\/smallthings.fr\/lespetitslivres\/category\/roman\/roman-francais\/"},"img":{"alt_text":"","src":"https:\/\/i0.wp.com\/smallthings.fr\/wp-content\/uploads\/2014\/08\/nothomb-petronille.jpg?resize=350%2C200","width":350,"height":200},"classes":[]},{"id":29802,"url":"https:\/\/smallthings.fr\/lespetitslivres\/2016\/04\/01\/today-we-live-pirotte-avis\/","url_meta":{"origin":23917,"position":5},"title":"Today we live, roman historique d\u2019Emmanuelle Pirotte","author":"Lola","date":"1 avril 2016","format":false,"excerpt":"Avec Today we live, la sc\u00e9nariste belge Emmanuelle Pirotte signe un premier roman touchant et marquant. Le Cherche Midi a pari\u00e9 dessus pour la rentr\u00e9e litt\u00e9raire 2015 et le livre a \u00e9t\u00e9 depuis dans la liste de plusieurs prix litt\u00e9raires. L\u2019histoire de Today we live se d\u00e9roule dans les Ardennes\u2026","rel":"","context":"Dans &quot;Roman fran\u00e7ais&quot;","block_context":{"text":"Roman fran\u00e7ais","link":"https:\/\/smallthings.fr\/lespetitslivres\/category\/roman\/roman-francais\/"},"img":{"alt_text":"","src":"https:\/\/i0.wp.com\/smallthings.fr\/lespetitslivres\/wp-content\/uploads\/2016\/03\/today-we-live-couv.jpg?resize=350%2C200&ssl=1","width":350,"height":200,"srcset":"https:\/\/i0.wp.com\/smallthings.fr\/lespetitslivres\/wp-content\/uploads\/2016\/03\/today-we-live-couv.jpg?resize=350%2C200&ssl=1 1x, https:\/\/i0.wp.com\/smallthings.fr\/lespetitslivres\/wp-content\/uploads\/2016\/03\/today-we-live-couv.jpg?resize=525%2C300&ssl=1 1.5x, https:\/\/i0.wp.com\/smallthings.fr\/lespetitslivres\/wp-content\/uploads\/2016\/03\/today-we-live-couv.jpg?resize=700%2C400&ssl=1 2x, https:\/\/i0.wp.com\/smallthings.fr\/lespetitslivres\/wp-content\/uploads\/2016\/03\/today-we-live-couv.jpg?resize=1050%2C600&ssl=1 3x"},"classes":[]}],"_links":{"self":[{"href":"https:\/\/smallthings.fr\/lespetitslivres\/wp-json\/wp\/v2\/posts\/23917"}],"collection":[{"href":"https:\/\/smallthings.fr\/lespetitslivres\/wp-json\/wp\/v2\/posts"}],"about":[{"href":"https:\/\/smallthings.fr\/lespetitslivres\/wp-json\/wp\/v2\/types\/post"}],"author":[{"embeddable":true,"href":"https:\/\/smallthings.fr\/lespetitslivres\/wp-json\/wp\/v2\/users\/14"}],"replies":[{"embeddable":true,"href":"https:\/\/smallthings.fr\/lespetitslivres\/wp-json\/wp\/v2\/comments?post=23917"}],"version-history":[{"count":1,"href":"https:\/\/smallthings.fr\/lespetitslivres\/wp-json\/wp\/v2\/posts\/23917\/revisions"}],"predecessor-version":[{"id":28759,"href":"https:\/\/smallthings.fr\/lespetitslivres\/wp-json\/wp\/v2\/posts\/23917\/revisions\/28759"}],"wp:featuredmedia":[{"embeddable":true,"href":"https:\/\/smallthings.fr\/lespetitslivres\/wp-json\/"}],"wp:attachment":[{"href":"https:\/\/smallthings.fr\/lespetitslivres\/wp-json\/wp\/v2\/media?parent=23917"}],"wp:term":[{"taxonomy":"category","embeddable":true,"href":"https:\/\/smallthings.fr\/lespetitslivres\/wp-json\/wp\/v2\/categories?post=23917"},{"taxonomy":"post_tag","embeddable":true,"href":"https:\/\/smallthings.fr\/lespetitslivres\/wp-json\/wp\/v2\/tags?post=23917"}],"curies":[{"name":"wp","href":"https:\/\/api.w.org\/{rel}","templated":true}]}}