{"id":23066,"date":"2015-05-04T14:20:11","date_gmt":"2015-05-04T13:20:11","guid":{"rendered":"http:\/\/smallthings.fr\/?p=23066"},"modified":"2015-11-02T13:19:42","modified_gmt":"2015-11-02T12:19:42","slug":"quatre-saisons-de-l-ete-delacourt-avis","status":"publish","type":"post","link":"https:\/\/smallthings.fr\/lespetitslivres\/2015\/05\/04\/quatre-saisons-de-l-ete-delacourt-avis\/","title":{"rendered":"Les quatre saisons de l&rsquo;\u00e9t\u00e9, concerto de Gr\u00e9goire Delacourt"},"content":{"rendered":"<h2><strong><em>Les quatre saisons de l&rsquo;\u00e9t\u00e9<\/em><\/strong>, nouveau roman de Gr\u00e9goire Delacourt, vient de sortir chez <a href=\"http:\/\/www.editions-jclattes.fr\/livre-les-quatre-saisons-de-l-ete-gregoire-delacourt-674985\" target=\"_blank\">JC Latt\u00e8s<\/a>. Quelques mois seulement apr\u00e8s le percutant <em>On ne voyait que le bonheur<\/em> (critique <a href=\"http:\/\/smallthings.fr\/2014\/08\/20\/delacourt-on-ne-voyait-bonheur-roman\/\" target=\"_blank\">ici<\/a>) qu&rsquo;il nous avait propos\u00e9 \u00e0 la rentr\u00e9e litt\u00e9raire. Amatrice tardive du travail de Delacourt, ses premiers romans, les plus connus, ne m&rsquo;avaient pas touch\u00e9e. Mais\u00a0<em>Les quatre saisons de l&rsquo;\u00e9t\u00e9<\/em>, de toute \u00e9vidence taill\u00e9 pour rencontrer le public le plus large possible \u00e0 l&rsquo;approche des vacances, m&rsquo;a donn\u00e9 beaucoup d&rsquo;\u00e9motion.<\/h2>\n<p><strong>Quatre saisons&#8230; Quatre histoires, quatre personnages, reli\u00e9s par une m\u00eame qu\u00eate, celle de l&rsquo;amour.<\/strong> Reli\u00e9s aussi par ce 14 juillet 1999, le dernier du si\u00e8cle, qui a des airs de fin du monde. Ce jour, autour duquel l&rsquo;action des quatre histoires se recentre, est choisi pour filer la m\u00e9taphore de la fin, qui devient parfois le d\u00e9but d&rsquo;autre chose. La fin de l&rsquo;innocence et le d\u00e9but des tourments amoureux pour le personnage pr\u00e9-adolescent. La fin d&rsquo;une s\u00e9rie d&rsquo;\u00e9checs amoureux et le d\u00e9but d&rsquo;un nouvel espoir pour le personnage d&rsquo;Isabelle, quitt\u00e9e par son mari, qui retrouve son premier amour d&rsquo;enfance. La fin de la routine triste d&rsquo;un couple de cinquantenaires pour Monique, qui part \u00e0 la recherche d&rsquo;aventures amoureuses au bord de la mer. La fin d&rsquo;une vie pour Rose et son mari, et le d\u00e9but d&rsquo;un amour fig\u00e9 dans l&rsquo;\u00e9ternit\u00e9&#8230; Ces quatre destins en marche de 16 \u00e0 77 ans (\u00e0 peu pr\u00e8s&#8230;) portant tous le m\u00eame d\u00e9sir : trouver ou retrouver le grand, l&rsquo;unique amour de leur vie. Tandis que certains se br\u00fblent les ailes dans cette recherche, d&rsquo;autres seront surpris au-del\u00e0 de leurs esp\u00e9rances.<\/p>\n<p><strong><em><a href=\"http:\/\/smallthings.fr\/2015\/05\/04\/quatre-saisons-de-l-ete-delacourt-avis\/quatre-saisons-de-l-ete\/\" rel=\"attachment wp-att-23067\"><img loading=\"lazy\" decoding=\"async\" class=\"alignright  wp-image-23067\" src=\"http:\/\/smallthings.fr\/wp-content\/uploads\/2015\/05\/quatre-saisons-de-l-ete.jpg\" alt=\"quatre-saisons-de-l-ete\" width=\"213\" height=\"336\" \/><\/a>Les quatre saisons de l&rsquo;\u00e9t\u00e9<\/em><\/strong> d\u00e9cline le th\u00e8me du premier amour de vacances en quatre versions tr\u00e8s diff\u00e9rentes. Ces relations qui naissent pendant l&rsquo;adolescence et lors d&rsquo;un moment tr\u00e8s particulier de l&rsquo;ann\u00e9e o\u00f9 tout semble l\u00e9ger et possible. Lorsque la r\u00e9alit\u00e9 rattrape ces couples, qu&rsquo;en reste-t-il ? Des promesses pour toute une vie, pas toujours tenues, dont on se souvient longtemps ? Une d\u00e9ception incurable ? Ou au contraire une base solide pour le reste d&rsquo;une existence ensemble ? Tout est possible, nous raconte Gr\u00e9goire Delacourt dans ces quatre histoires qui s&rsquo;entrem\u00ealent. Apr\u00e8s tout, elles ne sont pas si diff\u00e9rentes. Les personnages posent les uns sur les autres un regard tendre et indulgent.<\/p>\n<p><strong><em>Les quatre saisons de l&rsquo;\u00e9t\u00e9<\/em><\/strong> laisse la part belle au langage des fleurs. Les fleurs que l&rsquo;on choisit pour qu&rsquo;elles parlent \u00e0 notre place. Celles qui sont offertes pour signifier ce que l&rsquo;on a pas eu le courage de dire. Par leur interm\u00e9diaire, Delacourt parle des moments charni\u00e8res de notre vie que l&rsquo;on a pas su retenir, mais que l&rsquo;on oublie jamais. Ces regrets constitutifs de nous, qui nous hantent et d\u00e9finissent parfois le reste du chemin.<\/p>\n<p>L&rsquo;histoire des <strong><em>Quatre saisons de l&rsquo;\u00e9t\u00e9<\/em><\/strong> qui m&rsquo;a le plus touch\u00e9e est celle du couple de septuag\u00e9naires. Ensemble, ils d\u00e9cident de mettre fin \u00e0 leurs jours en ce dernier 14 juillet du si\u00e8cle. Ils consid\u00e8rent avoir v\u00e9cu suffisamment et n&rsquo;ont pas envie de se voir d\u00e9cr\u00e9pir davantage. Le r\u00e9cit de leur rencontre lors de la Seconde Guerre Mondiale est extr\u00eamement touchant. Leur union ne rel\u00e8ve pas d&rsquo;une d\u00e9cision, elle est tout simplement une \u00e9vidence. Ce destin qui les lie l&rsquo;un \u00e0 l&rsquo;autre les d\u00e9passe un peu. Gr\u00e9goire Delacourt garde cette histoire-l\u00e0 pour la fin du livre. Comme un rappel qu&rsquo;il existait \u00e0 une autre \u00e9poque des amours qui r\u00e9fl\u00e9chissaient moins, construits apr\u00e8s la guerre dans un \u00e9lan d&rsquo;espoir et de foi en la vie, ces \u00e2mes qui ne voient pas l&rsquo;int\u00e9r\u00eat de vivre l&rsquo;une sans l&rsquo;autre.<\/p>\n<div id=\"attachment_23120\" style=\"width: 291px\" class=\"wp-caption alignleft\"><a href=\"http:\/\/smallthings.fr\/2015\/05\/04\/quatre-saisons-de-l-ete-delacourt-avis\/gregoire-delacourt-quatre-saisons\/\" rel=\"attachment wp-att-23120\"><img loading=\"lazy\" decoding=\"async\" aria-describedby=\"caption-attachment-23120\" class=\" wp-image-23120\" src=\"http:\/\/smallthings.fr\/wp-content\/uploads\/2015\/05\/gr\u00e9goire-delacourt-quatre-saisons.jpg\" alt=\"Gr\u00e9goire Delacourt, auteur des Quatre saisons de l'\u00e9t\u00e9\" width=\"281\" height=\"186\" \/><\/a><p id=\"caption-attachment-23120\" class=\"wp-caption-text\">Gr\u00e9goire Delacourt, auteur des Quatre saisons de l&rsquo;\u00e9t\u00e9<\/p><\/div>\n<p><strong><em>Les quatre de saisons de l&rsquo;\u00e9t\u00e9<\/em> <\/strong>est tout sauf un roman l\u00e9ger. On pardonne \u00e0 l&rsquo;auteur ses quelques clich\u00e9s et ses moments lyriques, pour se laisser happer par ces histoires qui nous touchent chacune \u00e0 leur mani\u00e8re. Ces d\u00e9sillusions amoureuses in\u00e9vitables, ces d\u00e9cisions que l&rsquo;on prend qui nous font passer \u00e0 c\u00f4t\u00e9 de certaines choses, les regrets&#8230; Gr\u00e9goire Delacourt donne \u00e0 tout cela une dimension universelle tout en mettant en valeur la singularit\u00e9 de chaque histoire. On appr\u00e9cie la po\u00e9sie de ces phrases, sa capacit\u00e9 \u00e0 d\u00e9crire les sentiments avec pr\u00e9cision et sensibilit\u00e9, qui fait que l&rsquo;on se sent concern\u00e9 tout du long.<\/p>\n<blockquote><p>\u00ab\u00a0Nous nous sommes regard\u00e9s longuement, davantage comme deux vieilles connaissances d&rsquo;\u00e9cole, aimables et curieuses, que deux amoureux imp\u00e9tueux ; et ce regard \u00e9tait tout \u00e0 la fois notre g\u00eane, notre \u00e9moi, notre \u00e9chec et notre trahison. Il a soudain ouvert la bouche. Tu. Mais il fut incapable de poursuivre. Alors, par-dessus la table qui nous s\u00e9parait, j&rsquo;ai avanc\u00e9 ma main.\u00a0\u00bb<\/p><\/blockquote>\n","protected":false},"excerpt":{"rendered":"<p>Les quatre saisons de l&rsquo;\u00e9t\u00e9, nouveau roman de Gr\u00e9goire Delacourt, vient de sortir chez JC Latt\u00e8s. Quelques mois seulement apr\u00e8s le percutant On ne voyait que le bonheur (critique ici) qu&rsquo;il nous avait propos\u00e9 \u00e0 la rentr\u00e9e litt\u00e9raire. Amatrice tardive du travail de Delacourt, ses premiers romans, les plus connus, ne m&rsquo;avaient pas touch\u00e9e. Mais\u00a0Les<\/p>\n","protected":false},"author":2,"featured_media":23070,"comment_status":"open","ping_status":"open","sticky":false,"template":"","format":"standard","meta":{"jetpack_post_was_ever_published":false,"_jetpack_newsletter_access":"","_jetpack_newsletter_tier_id":0,"footnotes":"","jetpack_publicize_message":"","jetpack_is_tweetstorm":false,"jetpack_publicize_feature_enabled":true,"jetpack_social_post_already_shared":false,"jetpack_social_options":{"image_generator_settings":{"template":"highway","enabled":false}}},"categories":[1117],"tags":[753,754,755],"jetpack_publicize_connections":[],"yoast_head":"<!-- This site is optimized with the Yoast SEO plugin v21.5 - https:\/\/yoast.com\/wordpress\/plugins\/seo\/ -->\n<title>Les quatre saisons de l&#039;\u00e9t\u00e9, concerto de Gr\u00e9goire Delacourt<\/title>\n<meta name=\"description\" content=\"Les quatre saisons de l&#039;\u00e9t\u00e9, nouveau roman de Gr\u00e9goire Delacourt, vient de sortir chez JC Latt\u00e8s. Quelques mois seulement apr\u00e8s le percutant On ne voyait\" \/>\n<meta name=\"robots\" content=\"index, follow, max-snippet:-1, max-image-preview:large, max-video-preview:-1\" \/>\n<link rel=\"canonical\" href=\"https:\/\/smallthings.fr\/lespetitslivres\/2015\/05\/04\/quatre-saisons-de-l-ete-delacourt-avis\/\" \/>\n<meta property=\"og:locale\" content=\"fr_FR\" \/>\n<meta property=\"og:type\" content=\"article\" \/>\n<meta property=\"og:title\" content=\"Les quatre saisons de l&#039;\u00e9t\u00e9, concerto de Gr\u00e9goire Delacourt\" \/>\n<meta property=\"og:description\" content=\"Les quatre saisons de l&#039;\u00e9t\u00e9, nouveau roman de Gr\u00e9goire Delacourt, vient de sortir chez JC Latt\u00e8s. Quelques mois seulement apr\u00e8s le percutant On ne voyait\" \/>\n<meta property=\"og:url\" content=\"https:\/\/smallthings.fr\/lespetitslivres\/2015\/05\/04\/quatre-saisons-de-l-ete-delacourt-avis\/\" \/>\n<meta property=\"og:site_name\" content=\"Les Petits Livres\" \/>\n<meta property=\"article:published_time\" content=\"2015-05-04T13:20:11+00:00\" \/>\n<meta property=\"article:modified_time\" content=\"2015-11-02T12:19:42+00:00\" \/>\n<meta name=\"author\" content=\"Claire\" \/>\n<meta name=\"twitter:card\" content=\"summary_large_image\" \/>\n<meta name=\"twitter:label1\" content=\"\u00c9crit par\" \/>\n\t<meta name=\"twitter:data1\" content=\"Claire\" \/>\n\t<meta name=\"twitter:label2\" content=\"Dur\u00e9e de lecture estim\u00e9e\" \/>\n\t<meta name=\"twitter:data2\" content=\"4 minutes\" \/>\n<script type=\"application\/ld+json\" class=\"yoast-schema-graph\">{\"@context\":\"https:\/\/schema.org\",\"@graph\":[{\"@type\":\"WebPage\",\"@id\":\"https:\/\/smallthings.fr\/lespetitslivres\/2015\/05\/04\/quatre-saisons-de-l-ete-delacourt-avis\/\",\"url\":\"https:\/\/smallthings.fr\/lespetitslivres\/2015\/05\/04\/quatre-saisons-de-l-ete-delacourt-avis\/\",\"name\":\"Les quatre saisons de l'\u00e9t\u00e9, concerto de Gr\u00e9goire Delacourt\",\"isPartOf\":{\"@id\":\"https:\/\/smallthings.fr\/lespetitslivres\/#website\"},\"datePublished\":\"2015-05-04T13:20:11+00:00\",\"dateModified\":\"2015-11-02T12:19:42+00:00\",\"author\":{\"@id\":\"https:\/\/smallthings.fr\/lespetitslivres\/#\/schema\/person\/504d603cacfe064fe039dfa03a8b7918\"},\"description\":\"Les quatre saisons de l'\u00e9t\u00e9, nouveau roman de Gr\u00e9goire Delacourt, vient de sortir chez JC Latt\u00e8s. Quelques mois seulement apr\u00e8s le percutant On ne voyait\",\"breadcrumb\":{\"@id\":\"https:\/\/smallthings.fr\/lespetitslivres\/2015\/05\/04\/quatre-saisons-de-l-ete-delacourt-avis\/#breadcrumb\"},\"inLanguage\":\"fr-FR\",\"potentialAction\":[{\"@type\":\"ReadAction\",\"target\":[\"https:\/\/smallthings.fr\/lespetitslivres\/2015\/05\/04\/quatre-saisons-de-l-ete-delacourt-avis\/\"]}]},{\"@type\":\"BreadcrumbList\",\"@id\":\"https:\/\/smallthings.fr\/lespetitslivres\/2015\/05\/04\/quatre-saisons-de-l-ete-delacourt-avis\/#breadcrumb\",\"itemListElement\":[{\"@type\":\"ListItem\",\"position\":1,\"name\":\"Accueil\",\"item\":\"https:\/\/smallthings.fr\/lespetitslivres\/\"},{\"@type\":\"ListItem\",\"position\":2,\"name\":\"Les quatre saisons de l&rsquo;\u00e9t\u00e9, concerto de Gr\u00e9goire Delacourt\"}]},{\"@type\":\"WebSite\",\"@id\":\"https:\/\/smallthings.fr\/lespetitslivres\/#website\",\"url\":\"https:\/\/smallthings.fr\/lespetitslivres\/\",\"name\":\"Les Petits Livres\",\"description\":\"by Small Things\",\"potentialAction\":[{\"@type\":\"SearchAction\",\"target\":{\"@type\":\"EntryPoint\",\"urlTemplate\":\"https:\/\/smallthings.fr\/lespetitslivres\/?s={search_term_string}\"},\"query-input\":\"required name=search_term_string\"}],\"inLanguage\":\"fr-FR\"},{\"@type\":\"Person\",\"@id\":\"https:\/\/smallthings.fr\/lespetitslivres\/#\/schema\/person\/504d603cacfe064fe039dfa03a8b7918\",\"name\":\"Claire\",\"image\":{\"@type\":\"ImageObject\",\"inLanguage\":\"fr-FR\",\"@id\":\"https:\/\/smallthings.fr\/lespetitslivres\/#\/schema\/person\/image\/\",\"url\":\"https:\/\/secure.gravatar.com\/avatar\/9a85ff83d76b3eb17b8cae208640786e?s=96&d=retro&r=g\",\"contentUrl\":\"https:\/\/secure.gravatar.com\/avatar\/9a85ff83d76b3eb17b8cae208640786e?s=96&d=retro&r=g\",\"caption\":\"Claire\"},\"url\":\"https:\/\/smallthings.fr\/lespetitslivres\/author\/claire\/\"}]}<\/script>\n<!-- \/ Yoast SEO plugin. -->","yoast_head_json":{"title":"Les quatre saisons de l'\u00e9t\u00e9, concerto de Gr\u00e9goire Delacourt","description":"Les quatre saisons de l'\u00e9t\u00e9, nouveau roman de Gr\u00e9goire Delacourt, vient de sortir chez JC Latt\u00e8s. Quelques mois seulement apr\u00e8s le percutant On ne voyait","robots":{"index":"index","follow":"follow","max-snippet":"max-snippet:-1","max-image-preview":"max-image-preview:large","max-video-preview":"max-video-preview:-1"},"canonical":"https:\/\/smallthings.fr\/lespetitslivres\/2015\/05\/04\/quatre-saisons-de-l-ete-delacourt-avis\/","og_locale":"fr_FR","og_type":"article","og_title":"Les quatre saisons de l'\u00e9t\u00e9, concerto de Gr\u00e9goire Delacourt","og_description":"Les quatre saisons de l'\u00e9t\u00e9, nouveau roman de Gr\u00e9goire Delacourt, vient de sortir chez JC Latt\u00e8s. Quelques mois seulement apr\u00e8s le percutant On ne voyait","og_url":"https:\/\/smallthings.fr\/lespetitslivres\/2015\/05\/04\/quatre-saisons-de-l-ete-delacourt-avis\/","og_site_name":"Les Petits Livres","article_published_time":"2015-05-04T13:20:11+00:00","article_modified_time":"2015-11-02T12:19:42+00:00","author":"Claire","twitter_card":"summary_large_image","twitter_misc":{"\u00c9crit par":"Claire","Dur\u00e9e de lecture estim\u00e9e":"4 minutes"},"schema":{"@context":"https:\/\/schema.org","@graph":[{"@type":"WebPage","@id":"https:\/\/smallthings.fr\/lespetitslivres\/2015\/05\/04\/quatre-saisons-de-l-ete-delacourt-avis\/","url":"https:\/\/smallthings.fr\/lespetitslivres\/2015\/05\/04\/quatre-saisons-de-l-ete-delacourt-avis\/","name":"Les quatre saisons de l'\u00e9t\u00e9, concerto de Gr\u00e9goire Delacourt","isPartOf":{"@id":"https:\/\/smallthings.fr\/lespetitslivres\/#website"},"datePublished":"2015-05-04T13:20:11+00:00","dateModified":"2015-11-02T12:19:42+00:00","author":{"@id":"https:\/\/smallthings.fr\/lespetitslivres\/#\/schema\/person\/504d603cacfe064fe039dfa03a8b7918"},"description":"Les quatre saisons de l'\u00e9t\u00e9, nouveau roman de Gr\u00e9goire Delacourt, vient de sortir chez JC Latt\u00e8s. Quelques mois seulement apr\u00e8s le percutant On ne voyait","breadcrumb":{"@id":"https:\/\/smallthings.fr\/lespetitslivres\/2015\/05\/04\/quatre-saisons-de-l-ete-delacourt-avis\/#breadcrumb"},"inLanguage":"fr-FR","potentialAction":[{"@type":"ReadAction","target":["https:\/\/smallthings.fr\/lespetitslivres\/2015\/05\/04\/quatre-saisons-de-l-ete-delacourt-avis\/"]}]},{"@type":"BreadcrumbList","@id":"https:\/\/smallthings.fr\/lespetitslivres\/2015\/05\/04\/quatre-saisons-de-l-ete-delacourt-avis\/#breadcrumb","itemListElement":[{"@type":"ListItem","position":1,"name":"Accueil","item":"https:\/\/smallthings.fr\/lespetitslivres\/"},{"@type":"ListItem","position":2,"name":"Les quatre saisons de l&rsquo;\u00e9t\u00e9, concerto de Gr\u00e9goire Delacourt"}]},{"@type":"WebSite","@id":"https:\/\/smallthings.fr\/lespetitslivres\/#website","url":"https:\/\/smallthings.fr\/lespetitslivres\/","name":"Les Petits Livres","description":"by Small Things","potentialAction":[{"@type":"SearchAction","target":{"@type":"EntryPoint","urlTemplate":"https:\/\/smallthings.fr\/lespetitslivres\/?s={search_term_string}"},"query-input":"required name=search_term_string"}],"inLanguage":"fr-FR"},{"@type":"Person","@id":"https:\/\/smallthings.fr\/lespetitslivres\/#\/schema\/person\/504d603cacfe064fe039dfa03a8b7918","name":"Claire","image":{"@type":"ImageObject","inLanguage":"fr-FR","@id":"https:\/\/smallthings.fr\/lespetitslivres\/#\/schema\/person\/image\/","url":"https:\/\/secure.gravatar.com\/avatar\/9a85ff83d76b3eb17b8cae208640786e?s=96&d=retro&r=g","contentUrl":"https:\/\/secure.gravatar.com\/avatar\/9a85ff83d76b3eb17b8cae208640786e?s=96&d=retro&r=g","caption":"Claire"},"url":"https:\/\/smallthings.fr\/lespetitslivres\/author\/claire\/"}]}},"jetpack_featured_media_url":"","jetpack_sharing_enabled":true,"jetpack_shortlink":"https:\/\/wp.me\/p6Un21-602","jetpack-related-posts":[{"id":15874,"url":"https:\/\/smallthings.fr\/lespetitslivres\/2014\/08\/20\/delacourt-on-ne-voyait-bonheur-roman\/","url_meta":{"origin":23066,"position":0},"title":"Gr\u00e9goire Delacourt &#8211; On ne voyait que le bonheur","author":"Claire","date":"20 ao\u00fbt 2014","format":false,"excerpt":"Gr\u00e9goire Delacourt est d\u00e9cid\u00e9ment un auteur dont on n'arr\u00eate pas de parler. Suite aux sorties poche de ses succ\u00e8s La Premi\u00e8re chose que l'on regarde et La Liste des mes envies, puis son proc\u00e8s avec Scarlett Johansson, voil\u00e0 d\u00e9j\u00e0 son nouveau roman pour la rentr\u00e9e litt\u00e9raire chez JC Latt\u00e8s. Mais\u2026","rel":"","context":"Dans &quot;Roman fran\u00e7ais&quot;","block_context":{"text":"Roman fran\u00e7ais","link":"https:\/\/smallthings.fr\/lespetitslivres\/category\/roman\/roman-francais\/"},"img":{"alt_text":"Gr\u00c3\u00a9goire Delacourt","src":"https:\/\/i0.wp.com\/smallthings.fr\/wp-content\/uploads\/2014\/08\/gregoire-delacourt.jpeg?resize=350%2C200","width":350,"height":200,"srcset":"https:\/\/i0.wp.com\/smallthings.fr\/wp-content\/uploads\/2014\/08\/gregoire-delacourt.jpeg?resize=350%2C200 1x, https:\/\/i0.wp.com\/smallthings.fr\/wp-content\/uploads\/2014\/08\/gregoire-delacourt.jpeg?resize=525%2C300 1.5x"},"classes":[]},{"id":30609,"url":"https:\/\/smallthings.fr\/lespetitslivres\/2017\/01\/06\/danser-bord-abime-delacourt-critique\/","url_meta":{"origin":23066,"position":1},"title":"Danser au bord de l&rsquo;ab\u00eeme, le nouveau roman de Gr\u00e9goire Delacourt","author":"Claire","date":"6 janvier 2017","format":false,"excerpt":"Le nouveau roman Gr\u00e9goire Delacourt vient de para\u00eetre chez Latt\u00e8s. Danser au bord de l'ab\u00eeme choisit un th\u00e8me plut\u00f4t d\u00e9j\u00e0 vu - peut-on tout quitter par amour ? - mais c'est sans compter la grande po\u00e9sie\u00a0de Delacourt et son go\u00fbt pour les rebondissements inattendus. Je l'avoue, \u00e0 une \u00e9poque d\u00e9sormais\u2026","rel":"","context":"Dans &quot;Roman fran\u00e7ais&quot;","block_context":{"text":"Roman fran\u00e7ais","link":"https:\/\/smallthings.fr\/lespetitslivres\/category\/roman\/roman-francais\/"},"img":{"alt_text":"","src":"https:\/\/i0.wp.com\/smallthings.fr\/lespetitslivres\/wp-content\/uploads\/2017\/01\/danser-au-bord-delacourt.jpeg?resize=350%2C200&ssl=1","width":350,"height":200,"srcset":"https:\/\/i0.wp.com\/smallthings.fr\/lespetitslivres\/wp-content\/uploads\/2017\/01\/danser-au-bord-delacourt.jpeg?resize=350%2C200&ssl=1 1x, https:\/\/i0.wp.com\/smallthings.fr\/lespetitslivres\/wp-content\/uploads\/2017\/01\/danser-au-bord-delacourt.jpeg?resize=525%2C300&ssl=1 1.5x, https:\/\/i0.wp.com\/smallthings.fr\/lespetitslivres\/wp-content\/uploads\/2017\/01\/danser-au-bord-delacourt.jpeg?resize=700%2C400&ssl=1 2x, https:\/\/i0.wp.com\/smallthings.fr\/lespetitslivres\/wp-content\/uploads\/2017\/01\/danser-au-bord-delacourt.jpeg?resize=1050%2C600&ssl=1 3x"},"classes":[]},{"id":31568,"url":"https:\/\/smallthings.fr\/lespetitslivres\/2018\/03\/06\/femme-qui-ne-vieillissait-pas-delacourt\/","url_meta":{"origin":23066,"position":2},"title":"La femme qui ne vieillissait pas, nouveau roman de Gr\u00e9goire Delacourt","author":"Claire","date":"6 mars 2018","format":false,"excerpt":"Dans La femme qui ne vieillissait pas, Gr\u00e9goire Delacourt nous propose un touchant et fascinant portrait de femme, comme il sait si bien les \u00e9crire. Il nous l'a d\u00e9j\u00e0 prouv\u00e9 plusieurs fois. Cette fois-ci, on fait la connaissance de Martine. Delacourt d\u00e9roule sa vie depuis sa plus tendre enfance. Une\u2026","rel":"","context":"Dans &quot;Roman fran\u00e7ais&quot;","block_context":{"text":"Roman fran\u00e7ais","link":"https:\/\/smallthings.fr\/lespetitslivres\/category\/roman\/roman-francais\/"},"img":{"alt_text":"","src":"https:\/\/i0.wp.com\/smallthings.fr\/lespetitslivres\/wp-content\/uploads\/2018\/03\/gregoire-delacourt-femme-qui-ne.jpg?resize=350%2C200&ssl=1","width":350,"height":200,"srcset":"https:\/\/i0.wp.com\/smallthings.fr\/lespetitslivres\/wp-content\/uploads\/2018\/03\/gregoire-delacourt-femme-qui-ne.jpg?resize=350%2C200&ssl=1 1x, https:\/\/i0.wp.com\/smallthings.fr\/lespetitslivres\/wp-content\/uploads\/2018\/03\/gregoire-delacourt-femme-qui-ne.jpg?resize=525%2C300&ssl=1 1.5x, https:\/\/i0.wp.com\/smallthings.fr\/lespetitslivres\/wp-content\/uploads\/2018\/03\/gregoire-delacourt-femme-qui-ne.jpg?resize=700%2C400&ssl=1 2x"},"classes":[]},{"id":30305,"url":"https:\/\/smallthings.fr\/lespetitslivres\/2016\/09\/18\/devoirs-de-vacances-breau\/","url_meta":{"origin":23066,"position":3},"title":"Les devoirs de vacances d&rsquo;Ad\u00e8le Br\u00e9au : retenir l\u2019\u00e9t\u00e9","author":"Lola","date":"18 septembre 2016","format":false,"excerpt":"Les devoirs de vacances, c'est le troisi\u00e8me opus de la trilogie \u00e0 succ\u00e8s d\u2019Ad\u00e8le Br\u00e9au publi\u00e9e chez JC Latt\u00e8s. Le premier tome, La cour des grandes, a \u00e9t\u00e9 une r\u00e9ussite fulgurante et inattendue, avec plus de 12 000 exemplaires vendus. L\u2019auteur, directrice du site Terra Femina, journaliste, blogueuse, et petite-fille\u2026","rel":"","context":"Dans &quot;Roman fran\u00e7ais&quot;","block_context":{"text":"Roman fran\u00e7ais","link":"https:\/\/smallthings.fr\/lespetitslivres\/category\/roman\/roman-francais\/"},"img":{"alt_text":"","src":"https:\/\/i0.wp.com\/smallthings.fr\/lespetitslivres\/wp-content\/uploads\/2016\/09\/devoirs-vacances-couv.jpg?resize=350%2C200&ssl=1","width":350,"height":200,"srcset":"https:\/\/i0.wp.com\/smallthings.fr\/lespetitslivres\/wp-content\/uploads\/2016\/09\/devoirs-vacances-couv.jpg?resize=350%2C200&ssl=1 1x, https:\/\/i0.wp.com\/smallthings.fr\/lespetitslivres\/wp-content\/uploads\/2016\/09\/devoirs-vacances-couv.jpg?resize=525%2C300&ssl=1 1.5x, https:\/\/i0.wp.com\/smallthings.fr\/lespetitslivres\/wp-content\/uploads\/2016\/09\/devoirs-vacances-couv.jpg?resize=700%2C400&ssl=1 2x, https:\/\/i0.wp.com\/smallthings.fr\/lespetitslivres\/wp-content\/uploads\/2016\/09\/devoirs-vacances-couv.jpg?resize=1050%2C600&ssl=1 3x, https:\/\/i0.wp.com\/smallthings.fr\/lespetitslivres\/wp-content\/uploads\/2016\/09\/devoirs-vacances-couv.jpg?resize=1400%2C800&ssl=1 4x"},"classes":[]},{"id":25743,"url":"https:\/\/smallthings.fr\/lespetitslivres\/2015\/07\/25\/les-quatre-filles-du-reverend-latimer-livre-critique\/","url_meta":{"origin":23066,"position":4},"title":"Les Quatre Filles du r\u00e9v\u00e9rend Latimer : \u00e9mancipation et d\u00e9pression","author":"Rebecca","date":"25 juillet 2015","format":false,"excerpt":"Les Quatre Filles du R\u00e9v\u00e9rend Latimer,\u00a0paru aux \u00e9ditions de l\u2019Archipel au mois de juin, est l\u2019\u0153uvre de Colleen McCullough, auteure des\u00a0Oiseaux se cachent pour mourir, saga dramatique adapt\u00e9e de multiples fois, notamment en s\u00e9rie t\u00e9l\u00e9. Or, le grand public conna\u00eet moins ses autres \u0153uvres, \u00e0 l\u2019instar de celle-ci, qui est\u2026","rel":"","context":"Dans &quot;Roman \u00e9tranger&quot;","block_context":{"text":"Roman \u00e9tranger","link":"https:\/\/smallthings.fr\/lespetitslivres\/category\/roman\/roman-etranger\/"},"img":{"alt_text":"","src":"https:\/\/i0.wp.com\/smallthings.fr\/wp-content\/uploads\/2015\/07\/les-quatre-filles-du-reverend-latimer.jpg?resize=350%2C200","width":350,"height":200},"classes":[]},{"id":26333,"url":"https:\/\/smallthings.fr\/lespetitslivres\/2015\/08\/18\/quatre-ans-plus-tard-romance-murphy\/","url_meta":{"origin":23066,"position":5},"title":"Quatre ans plus tard : la nouvelle romance de Monica Murphy","author":"Jennifer","date":"18 ao\u00fbt 2015","format":false,"excerpt":"Quatre ans plus tard, la suite directe de Deux mois sans elle de Monica Murphy, est sortie aux \u00e9ditions Milady le 10 juillet dernier. C\u2019est au tour d\u2019Owen, le petit fr\u00e8re de Fable, de nous raconter ses m\u00e9saventures. Dans Deux mois sans elle, on d\u00e9couvrait Owen, le petit fr\u00e8re de\u2026","rel":"","context":"Dans &quot;Roman \u00e9tranger&quot;","block_context":{"text":"Roman \u00e9tranger","link":"https:\/\/smallthings.fr\/lespetitslivres\/category\/roman\/roman-etranger\/"},"img":{"alt_text":"","src":"https:\/\/i0.wp.com\/smallthings.fr\/wp-content\/uploads\/2015\/08\/quatre-ans-plus-tard-200x300.jpg?resize=350%2C200","width":350,"height":200},"classes":[]}],"_links":{"self":[{"href":"https:\/\/smallthings.fr\/lespetitslivres\/wp-json\/wp\/v2\/posts\/23066"}],"collection":[{"href":"https:\/\/smallthings.fr\/lespetitslivres\/wp-json\/wp\/v2\/posts"}],"about":[{"href":"https:\/\/smallthings.fr\/lespetitslivres\/wp-json\/wp\/v2\/types\/post"}],"author":[{"embeddable":true,"href":"https:\/\/smallthings.fr\/lespetitslivres\/wp-json\/wp\/v2\/users\/2"}],"replies":[{"embeddable":true,"href":"https:\/\/smallthings.fr\/lespetitslivres\/wp-json\/wp\/v2\/comments?post=23066"}],"version-history":[{"count":1,"href":"https:\/\/smallthings.fr\/lespetitslivres\/wp-json\/wp\/v2\/posts\/23066\/revisions"}],"predecessor-version":[{"id":28765,"href":"https:\/\/smallthings.fr\/lespetitslivres\/wp-json\/wp\/v2\/posts\/23066\/revisions\/28765"}],"wp:featuredmedia":[{"embeddable":true,"href":"https:\/\/smallthings.fr\/lespetitslivres\/wp-json\/"}],"wp:attachment":[{"href":"https:\/\/smallthings.fr\/lespetitslivres\/wp-json\/wp\/v2\/media?parent=23066"}],"wp:term":[{"taxonomy":"category","embeddable":true,"href":"https:\/\/smallthings.fr\/lespetitslivres\/wp-json\/wp\/v2\/categories?post=23066"},{"taxonomy":"post_tag","embeddable":true,"href":"https:\/\/smallthings.fr\/lespetitslivres\/wp-json\/wp\/v2\/tags?post=23066"}],"curies":[{"name":"wp","href":"https:\/\/api.w.org\/{rel}","templated":true}]}}