{"id":22851,"date":"2015-04-25T15:44:08","date_gmt":"2015-04-25T14:44:08","guid":{"rendered":"http:\/\/smallthings.fr\/?p=22851"},"modified":"2015-10-21T17:52:32","modified_gmt":"2015-10-21T16:52:32","slug":"furie-de-glace-deuxieme-tome-dragonfury","status":"publish","type":"post","link":"https:\/\/smallthings.fr\/lespetitslivres\/2015\/04\/25\/furie-de-glace-deuxieme-tome-dragonfury\/","title":{"rendered":"Furie de Glace, deuxi\u00e8me tome de la saga Dragonfury"},"content":{"rendered":"<h2><em>Furie de Glace<\/em>, deuxi\u00e8me tome de la saga <em>Dragonfury <\/em>de Coreene Callahan, est sorti hier, 24 avril, aux <a href=\"http:\/\/www.milady.fr\/livres\/view\/furie-de-glace\" target=\"_blank\">\u00e9ditions Milady<\/a>. Cette fois-ci, c\u2019est l\u2019histoire de Rikar que l\u2019on va suivre. Le dernier dragon de glace est tomb\u00e9 amoureux de la d\u00e9tective Angela Keene et il fera tout pour la sauver, car les Razorbacks la veulent pour leurs exp\u00e9rimentations.<\/h2>\n<p>Dans le premier tome, <strong><em>Furie de Flamme<\/em><\/strong>, on avait d\u00e9couvert Rikar, le second de Bastian, et on avait assist\u00e9 \u00e0 sa rencontre avec l\u2019agent Angela Keene, une femme battante, dure \u00e0 cuire, et terriblement intelligente. Rikar est tout de suite tomb\u00e9 sous son charme. A la fin du tome 1, Bastian est vient secourir Myst dans le commissariat. S\u2019en suit alors une \u00e9norme bagarre entre les Nightfury et les rebelles, mettant les policiers dans la ligne de mire. Angela Keene est alors captur\u00e9e \u00e0 cause de son \u00e9nergie <em>(importante pour la survie des dragons)<\/em> et son partenaire, Mac, est emmen\u00e9 en urgence \u00e0 l\u2019h\u00f4pital.<\/p>\n<p><strong><em><a href=\"http:\/\/smallthings.fr\/2015\/04\/25\/furie-de-glace-deuxieme-tome-dragonfury\/furie-de-glace-dragonfury\/\" rel=\"attachment wp-att-22854\"><img loading=\"lazy\" decoding=\"async\" class=\"alignright  wp-image-22854\" src=\"http:\/\/smallthings.fr\/wp-content\/uploads\/2015\/04\/furie-de-glace-dragonfury-494x800.jpg\" alt=\"furie-de-glace-dragonfury\" width=\"259\" height=\"419\" \/><\/a>Furie de Glace<\/em><\/strong> commence donc avec Rikar qui ne souhaite qu\u2019une chose : retrouver la femme dont il est tomb\u00e9 amoureux, Angela. \u00c9tant donn\u00e9 qu\u2019il s\u2019est nourri d\u2019elle, il devrait pouvoir la tracer mais quelque chose bloque la \u00ab\u00a0connexion\u00a0\u00bb, le rendant inefficace. Angela ne pourra donc compter que sur elle-m\u00eame pour se sauver malgr\u00e9 le traumatisme qu\u2019elle a subi dans les mains d\u2019un rebelle et les nombreuses injections qu\u2019on lui a faites. Si malgr\u00e9 tout elle arrive \u00e0 s\u2019en sortir, les s\u00e9quelles seront importantes et elle devra trouver un endroit o\u00f9 se cacher car les Razorbacks n\u2019en ont pas fini avec elle\u2026<\/p>\n<p><strong><em>Furie de Glace<\/em><\/strong> est un tr\u00e8s bon deuxi\u00e8me tome avec une intrigue principale tr\u00e8s bien cr\u00e9\u00e9e mais surtout, une intrigue secondaire superbement imagin\u00e9e. J\u2019ai ador\u00e9 les protagonistes, Rikar \u00e9tant l\u2019un de mes personnages pr\u00e9f\u00e9r\u00e9s, mais j\u2019ai \u00e9galement ador\u00e9 les autres dragons que l\u2019on apprend \u00e0 conna\u00eetre un peu plus. L\u2019histoire parall\u00e8le de Mac, l\u2019\u00e9quipier d\u2019Angela, est incroyable et j\u2019esp\u00e8re qu\u2019un tome lui sera consacr\u00e9. <strong><em>Dragonfury<\/em><\/strong> est une tr\u00e8s bonne saga port\u00e9e par des personnages atypiques et l\u2019histoire de leur clan. C\u2019est toute une nouvelle esp\u00e8ce qu\u2019il nous faut conna\u00eetre et comprendre, et Coreene Callahan arrive \u00e0 nous faire rentrer dans leur monde avec brio.<\/p>\n<p>Si j\u2019avais beaucoup aim\u00e9 l\u2019histoire de <strong><em>Furie de Flamme <\/em><\/strong>(critique par <a href=\"http:\/\/smallthings.fr\/2014\/09\/30\/dragonfury-saga-bit-lit-milady-callahan\/\" target=\"_blank\">ici<\/a>), j\u2019avais cependant \u00e9mis un b\u00e9mol pour le trop plein de descriptions qui prenait le pas sur l\u2019intrigue. Dans <strong><em>Furie de Glace<\/em><\/strong>, ces descriptions sont toujours l\u00e0, mais il y en a beaucoup moins, ce qui rend le r\u00e9cit compl\u00e8tement addictif. <strong><em>Dragonfury<\/em><\/strong> est une saga originale, tr\u00e8s bien \u00e9crite et imagin\u00e9e, j\u2019aime beaucoup les personnages et si je ne mets pas la note de 5\/5, c\u2019est uniquement parce que d\u2019autres s\u00e9ries sont encore meilleures \u00e0 mon sens, et parce que le style d\u2019\u00e9criture de Coreene Callahan me fait un peu trop penser \u00e0 celui de J.R. Ward. Il reste encore quelques passages \u00e0 vide o\u00f9 le lecteur a envie de sauter des paragraphes pour conna\u00eetre le d\u00e9nouement final.<\/p>\n<div id=\"attachment_22855\" style=\"width: 162px\" class=\"wp-caption alignleft\"><a href=\"http:\/\/smallthings.fr\/2015\/04\/25\/furie-de-glace-deuxieme-tome-dragonfury\/furie-de-flace-coreene-callahan\/\" rel=\"attachment wp-att-22855\"><img loading=\"lazy\" decoding=\"async\" aria-describedby=\"caption-attachment-22855\" class=\" wp-image-22855\" src=\"http:\/\/smallthings.fr\/wp-content\/uploads\/2015\/04\/furie-de-flace-coreene-callahan.jpg\" alt=\"Coreen Callahan, auteure de Furie de glace\" width=\"152\" height=\"197\" \/><\/a><p id=\"caption-attachment-22855\" class=\"wp-caption-text\">Coreen Callahan, auteure de Furie de glace<\/p><\/div>\n<p>Nous n\u2019avons pas encore de date pour la sortie fran\u00e7aise du troisi\u00e8me tome, <strong><em>Fury of Seduction<\/em><\/strong>, mais les personnages principaux sont d\u00e9j\u00e0 d\u00e9voil\u00e9s sur les sites tels que Booknode, Goodreads ou Babelio. Attention aux spoilers : je vous conseille de ne pas aller voir les r\u00e9sum\u00e9s avant d\u2019avoir lu ce deuxi\u00e8me tome\u00a0!<\/p>\n<blockquote><p>\u00ab\u00a0Bon sang\u00a0! la bonne blague. Une enqu\u00eatrice de la crim sans d\u00e9fense.<\/p>\n<p>Tous ces entra\u00eenements \u2013 les classes d\u2019arts martiaux, sa qualification op\u00e9rationnelle de tir et les cours de survie \u2013 et pour quoi\u00a0? Rien d\u2019autre que se retrouver prisonni\u00e8re dans une guerre dont elle ignorait l\u2019existence quelques heures plus t\u00f4t.<\/p>\n<p>Des dragons. Bordel de merde\u00a0! qui l\u2019e\u00fbt cru\u00a0? [\u2026]<\/p>\n<p>Elle se d\u00e9pla\u00e7a sur le c\u00f4t\u00e9 \u2013 ses chaussons en papier glissant sous ses pieds, sa robe d\u2019h\u00f4pital caressant ses genoux \u2013, pr\u00eate \u00e0 tout pour mettre un peu de distance entre elle et l\u2019homme dans son dos.<\/p>\n<p>Le fils de rat.<\/p>\n<p>Ouais, ce nom sonnait bien. Mais peut-\u00eatre que \u00ab\u00a0fils de pute aux yeux sombres\u00a0\u00bb lui irait encore mieux.\u00a0 \u00ab\u00a0Encul\u00e9 de Razorback\u00a0\u00bb \u00e9tait pas mal aussi.\u00a0\u00bb<\/p><\/blockquote>\n","protected":false},"excerpt":{"rendered":"<p>Furie de Glace, deuxi\u00e8me tome de la saga Dragonfury de Coreene Callahan, est sorti hier, 24 avril, aux \u00e9ditions Milady. Cette fois-ci, c\u2019est l\u2019histoire de Rikar que l\u2019on va suivre. Le dernier dragon de glace est tomb\u00e9 amoureux de la d\u00e9tective Angela Keene et il fera tout pour la sauver, car les Razorbacks la veulent<\/p>\n","protected":false},"author":14,"featured_media":22853,"comment_status":"open","ping_status":"open","sticky":false,"template":"","format":"standard","meta":{"jetpack_post_was_ever_published":false,"_jetpack_newsletter_access":"","_jetpack_newsletter_tier_id":0,"footnotes":"","jetpack_publicize_message":"","jetpack_is_tweetstorm":false,"jetpack_publicize_feature_enabled":true,"jetpack_social_post_already_shared":false,"jetpack_social_options":{"image_generator_settings":{"template":"highway","enabled":false}}},"categories":[1107],"tags":[832,833,801,919],"jetpack_publicize_connections":[],"yoast_head":"<!-- This site is optimized with the Yoast SEO plugin v21.5 - https:\/\/yoast.com\/wordpress\/plugins\/seo\/ -->\n<title>Furie de Glace, deuxi\u00e8me tome de la saga Dragonfury<\/title>\n<meta name=\"description\" content=\"Furie de Glace, deuxi\u00e8me tome de la saga Dragonfury de Coreene Callahan, est sorti hier, 24 avril, aux \u00e9ditions Milady. Cette fois-ci, c\u2019est l\u2019histoire de\" \/>\n<meta name=\"robots\" content=\"index, follow, max-snippet:-1, max-image-preview:large, max-video-preview:-1\" \/>\n<link rel=\"canonical\" href=\"https:\/\/smallthings.fr\/lespetitslivres\/2015\/04\/25\/furie-de-glace-deuxieme-tome-dragonfury\/\" \/>\n<meta property=\"og:locale\" content=\"fr_FR\" \/>\n<meta property=\"og:type\" content=\"article\" \/>\n<meta property=\"og:title\" content=\"Furie de Glace, deuxi\u00e8me tome de la saga Dragonfury\" \/>\n<meta property=\"og:description\" content=\"Furie de Glace, deuxi\u00e8me tome de la saga Dragonfury de Coreene Callahan, est sorti hier, 24 avril, aux \u00e9ditions Milady. Cette fois-ci, c\u2019est l\u2019histoire de\" \/>\n<meta property=\"og:url\" content=\"https:\/\/smallthings.fr\/lespetitslivres\/2015\/04\/25\/furie-de-glace-deuxieme-tome-dragonfury\/\" \/>\n<meta property=\"og:site_name\" content=\"Les Petits Livres\" \/>\n<meta property=\"article:published_time\" content=\"2015-04-25T14:44:08+00:00\" \/>\n<meta property=\"article:modified_time\" content=\"2015-10-21T16:52:32+00:00\" \/>\n<meta name=\"author\" content=\"Jennifer\" \/>\n<meta name=\"twitter:card\" content=\"summary_large_image\" \/>\n<meta name=\"twitter:label1\" content=\"\u00c9crit par\" \/>\n\t<meta name=\"twitter:data1\" content=\"Jennifer\" \/>\n\t<meta name=\"twitter:label2\" content=\"Dur\u00e9e de lecture estim\u00e9e\" \/>\n\t<meta name=\"twitter:data2\" content=\"4 minutes\" \/>\n<script type=\"application\/ld+json\" class=\"yoast-schema-graph\">{\"@context\":\"https:\/\/schema.org\",\"@graph\":[{\"@type\":\"WebPage\",\"@id\":\"https:\/\/smallthings.fr\/lespetitslivres\/2015\/04\/25\/furie-de-glace-deuxieme-tome-dragonfury\/\",\"url\":\"https:\/\/smallthings.fr\/lespetitslivres\/2015\/04\/25\/furie-de-glace-deuxieme-tome-dragonfury\/\",\"name\":\"Furie de Glace, deuxi\u00e8me tome de la saga Dragonfury\",\"isPartOf\":{\"@id\":\"https:\/\/smallthings.fr\/lespetitslivres\/#website\"},\"datePublished\":\"2015-04-25T14:44:08+00:00\",\"dateModified\":\"2015-10-21T16:52:32+00:00\",\"author\":{\"@id\":\"https:\/\/smallthings.fr\/lespetitslivres\/#\/schema\/person\/bb8808220f912e72f01f7a55924d9ad1\"},\"description\":\"Furie de Glace, deuxi\u00e8me tome de la saga Dragonfury de Coreene Callahan, est sorti hier, 24 avril, aux \u00e9ditions Milady. Cette fois-ci, c\u2019est l\u2019histoire de\",\"breadcrumb\":{\"@id\":\"https:\/\/smallthings.fr\/lespetitslivres\/2015\/04\/25\/furie-de-glace-deuxieme-tome-dragonfury\/#breadcrumb\"},\"inLanguage\":\"fr-FR\",\"potentialAction\":[{\"@type\":\"ReadAction\",\"target\":[\"https:\/\/smallthings.fr\/lespetitslivres\/2015\/04\/25\/furie-de-glace-deuxieme-tome-dragonfury\/\"]}]},{\"@type\":\"BreadcrumbList\",\"@id\":\"https:\/\/smallthings.fr\/lespetitslivres\/2015\/04\/25\/furie-de-glace-deuxieme-tome-dragonfury\/#breadcrumb\",\"itemListElement\":[{\"@type\":\"ListItem\",\"position\":1,\"name\":\"Accueil\",\"item\":\"https:\/\/smallthings.fr\/lespetitslivres\/\"},{\"@type\":\"ListItem\",\"position\":2,\"name\":\"Furie de Glace, deuxi\u00e8me tome de la saga Dragonfury\"}]},{\"@type\":\"WebSite\",\"@id\":\"https:\/\/smallthings.fr\/lespetitslivres\/#website\",\"url\":\"https:\/\/smallthings.fr\/lespetitslivres\/\",\"name\":\"Les Petits Livres\",\"description\":\"by Small Things\",\"potentialAction\":[{\"@type\":\"SearchAction\",\"target\":{\"@type\":\"EntryPoint\",\"urlTemplate\":\"https:\/\/smallthings.fr\/lespetitslivres\/?s={search_term_string}\"},\"query-input\":\"required name=search_term_string\"}],\"inLanguage\":\"fr-FR\"},{\"@type\":\"Person\",\"@id\":\"https:\/\/smallthings.fr\/lespetitslivres\/#\/schema\/person\/bb8808220f912e72f01f7a55924d9ad1\",\"name\":\"Jennifer\",\"image\":{\"@type\":\"ImageObject\",\"inLanguage\":\"fr-FR\",\"@id\":\"https:\/\/smallthings.fr\/lespetitslivres\/#\/schema\/person\/image\/\",\"url\":\"https:\/\/secure.gravatar.com\/avatar\/ffcd6b107b6b18c3d5201f1bcc631683?s=96&d=retro&r=g\",\"contentUrl\":\"https:\/\/secure.gravatar.com\/avatar\/ffcd6b107b6b18c3d5201f1bcc631683?s=96&d=retro&r=g\",\"caption\":\"Jennifer\"},\"url\":\"https:\/\/smallthings.fr\/lespetitslivres\/author\/jennifer\/\"}]}<\/script>\n<!-- \/ Yoast SEO plugin. -->","yoast_head_json":{"title":"Furie de Glace, deuxi\u00e8me tome de la saga Dragonfury","description":"Furie de Glace, deuxi\u00e8me tome de la saga Dragonfury de Coreene Callahan, est sorti hier, 24 avril, aux \u00e9ditions Milady. Cette fois-ci, c\u2019est l\u2019histoire de","robots":{"index":"index","follow":"follow","max-snippet":"max-snippet:-1","max-image-preview":"max-image-preview:large","max-video-preview":"max-video-preview:-1"},"canonical":"https:\/\/smallthings.fr\/lespetitslivres\/2015\/04\/25\/furie-de-glace-deuxieme-tome-dragonfury\/","og_locale":"fr_FR","og_type":"article","og_title":"Furie de Glace, deuxi\u00e8me tome de la saga Dragonfury","og_description":"Furie de Glace, deuxi\u00e8me tome de la saga Dragonfury de Coreene Callahan, est sorti hier, 24 avril, aux \u00e9ditions Milady. Cette fois-ci, c\u2019est l\u2019histoire de","og_url":"https:\/\/smallthings.fr\/lespetitslivres\/2015\/04\/25\/furie-de-glace-deuxieme-tome-dragonfury\/","og_site_name":"Les Petits Livres","article_published_time":"2015-04-25T14:44:08+00:00","article_modified_time":"2015-10-21T16:52:32+00:00","author":"Jennifer","twitter_card":"summary_large_image","twitter_misc":{"\u00c9crit par":"Jennifer","Dur\u00e9e de lecture estim\u00e9e":"4 minutes"},"schema":{"@context":"https:\/\/schema.org","@graph":[{"@type":"WebPage","@id":"https:\/\/smallthings.fr\/lespetitslivres\/2015\/04\/25\/furie-de-glace-deuxieme-tome-dragonfury\/","url":"https:\/\/smallthings.fr\/lespetitslivres\/2015\/04\/25\/furie-de-glace-deuxieme-tome-dragonfury\/","name":"Furie de Glace, deuxi\u00e8me tome de la saga Dragonfury","isPartOf":{"@id":"https:\/\/smallthings.fr\/lespetitslivres\/#website"},"datePublished":"2015-04-25T14:44:08+00:00","dateModified":"2015-10-21T16:52:32+00:00","author":{"@id":"https:\/\/smallthings.fr\/lespetitslivres\/#\/schema\/person\/bb8808220f912e72f01f7a55924d9ad1"},"description":"Furie de Glace, deuxi\u00e8me tome de la saga Dragonfury de Coreene Callahan, est sorti hier, 24 avril, aux \u00e9ditions Milady. Cette fois-ci, c\u2019est l\u2019histoire de","breadcrumb":{"@id":"https:\/\/smallthings.fr\/lespetitslivres\/2015\/04\/25\/furie-de-glace-deuxieme-tome-dragonfury\/#breadcrumb"},"inLanguage":"fr-FR","potentialAction":[{"@type":"ReadAction","target":["https:\/\/smallthings.fr\/lespetitslivres\/2015\/04\/25\/furie-de-glace-deuxieme-tome-dragonfury\/"]}]},{"@type":"BreadcrumbList","@id":"https:\/\/smallthings.fr\/lespetitslivres\/2015\/04\/25\/furie-de-glace-deuxieme-tome-dragonfury\/#breadcrumb","itemListElement":[{"@type":"ListItem","position":1,"name":"Accueil","item":"https:\/\/smallthings.fr\/lespetitslivres\/"},{"@type":"ListItem","position":2,"name":"Furie de Glace, deuxi\u00e8me tome de la saga Dragonfury"}]},{"@type":"WebSite","@id":"https:\/\/smallthings.fr\/lespetitslivres\/#website","url":"https:\/\/smallthings.fr\/lespetitslivres\/","name":"Les Petits Livres","description":"by Small Things","potentialAction":[{"@type":"SearchAction","target":{"@type":"EntryPoint","urlTemplate":"https:\/\/smallthings.fr\/lespetitslivres\/?s={search_term_string}"},"query-input":"required name=search_term_string"}],"inLanguage":"fr-FR"},{"@type":"Person","@id":"https:\/\/smallthings.fr\/lespetitslivres\/#\/schema\/person\/bb8808220f912e72f01f7a55924d9ad1","name":"Jennifer","image":{"@type":"ImageObject","inLanguage":"fr-FR","@id":"https:\/\/smallthings.fr\/lespetitslivres\/#\/schema\/person\/image\/","url":"https:\/\/secure.gravatar.com\/avatar\/ffcd6b107b6b18c3d5201f1bcc631683?s=96&d=retro&r=g","contentUrl":"https:\/\/secure.gravatar.com\/avatar\/ffcd6b107b6b18c3d5201f1bcc631683?s=96&d=retro&r=g","caption":"Jennifer"},"url":"https:\/\/smallthings.fr\/lespetitslivres\/author\/jennifer\/"}]}},"jetpack_featured_media_url":"","jetpack_sharing_enabled":true,"jetpack_shortlink":"https:\/\/wp.me\/p6Un21-5Wz","jetpack-related-posts":[{"id":29236,"url":"https:\/\/smallthings.fr\/lespetitslivres\/2015\/12\/01\/furie-tentatrice-saga-dragonfury-critique\/","url_meta":{"origin":22851,"position":0},"title":"Furie tentatrice : le T3 de la saga Dragonfury est d\u00e9cevant","author":"Jennifer","date":"1 d\u00e9cembre 2015","format":false,"excerpt":"Furie tentatrice est le troisi\u00e8me tome de la saga Dragonfury de Coreene Callahan. Sorti le 23 octobre dernier aux \u00e9ditions Milady, il met en sc\u00e8ne Mac, ancien flic devenu homme dragon et Tania, la meilleure amie de Myst. La jeune femme est convoit\u00e9e pour son \u00e9nergie et Mac devra la\u2026","rel":"","context":"Dans &quot;Actu&quot;","block_context":{"text":"Actu","link":"https:\/\/smallthings.fr\/lespetitslivres\/category\/actu\/"},"img":{"alt_text":"","src":"https:\/\/i0.wp.com\/smallthings.fr\/lespetitslivres\/wp-content\/uploads\/2015\/12\/furie-tentatrice-dragonfury-couv.jpg?resize=350%2C200&ssl=1","width":350,"height":200,"srcset":"https:\/\/i0.wp.com\/smallthings.fr\/lespetitslivres\/wp-content\/uploads\/2015\/12\/furie-tentatrice-dragonfury-couv.jpg?resize=350%2C200&ssl=1 1x, https:\/\/i0.wp.com\/smallthings.fr\/lespetitslivres\/wp-content\/uploads\/2015\/12\/furie-tentatrice-dragonfury-couv.jpg?resize=525%2C300&ssl=1 1.5x, https:\/\/i0.wp.com\/smallthings.fr\/lespetitslivres\/wp-content\/uploads\/2015\/12\/furie-tentatrice-dragonfury-couv.jpg?resize=700%2C400&ssl=1 2x, https:\/\/i0.wp.com\/smallthings.fr\/lespetitslivres\/wp-content\/uploads\/2015\/12\/furie-tentatrice-dragonfury-couv.jpg?resize=1050%2C600&ssl=1 3x, https:\/\/i0.wp.com\/smallthings.fr\/lespetitslivres\/wp-content\/uploads\/2015\/12\/furie-tentatrice-dragonfury-couv.jpg?resize=1400%2C800&ssl=1 4x"},"classes":[]},{"id":16921,"url":"https:\/\/smallthings.fr\/lespetitslivres\/2014\/09\/30\/dragonfury-saga-bit-lit-milady-callahan\/","url_meta":{"origin":22851,"position":1},"title":"Dragonfury, une nouvelle saga bit-lit aux \u00e9ditions Milady","author":"Jennifer","date":"30 septembre 2014","format":false,"excerpt":"Une nouvelle saga bit-lit a fait son apparition aux \u00e9ditions Milady le 19 septembre dernier. Il s\u2019agit de Dragonfury de Coreene Callahan, une auteure encore inconnue en France. Dans le tome 1, Furie de Flamme, on d\u00e9couvre le ton de la s\u00e9rie\u00a0: les Nightfury, des hommes se transformant en dragons,\u2026","rel":"","context":"Dans &quot;Fantastique&quot;","block_context":{"text":"Fantastique","link":"https:\/\/smallthings.fr\/lespetitslivres\/category\/imaginaire\/fantastique\/"},"img":{"alt_text":"","src":"https:\/\/i0.wp.com\/smallthings.fr\/wp-content\/uploads\/2014\/09\/Dragonfury-Furie-de-Flamme.jpg?resize=350%2C200","width":350,"height":200},"classes":[]},{"id":29929,"url":"https:\/\/smallthings.fr\/lespetitslivres\/2016\/05\/09\/reves-de-glace-gillian-anderson-critique\/","url_meta":{"origin":22851,"position":2},"title":"R\u00eaves de Glace, second volet de la saga de Gillian Anderson","author":"Jennifer","date":"9 mai 2016","format":false,"excerpt":"R\u00eaves de Glace est le second tome de la saga Earthend \u00e9crite par Gillian Anderson et Jeff Rovin. Il est sorti chez Bragelonne le 20 avril dernier et raconte les nouvelles aventures de la psychiatre Caitlin O\u2019Hara. La jeune femme a h\u00e9rit\u00e9 d\u2019\u00e9tranges pouvoirs et va devoir emp\u00eacher une civilisation\u2026","rel":"","context":"Dans &quot;Science-fiction&quot;","block_context":{"text":"Science-fiction","link":"https:\/\/smallthings.fr\/lespetitslivres\/category\/imaginaire\/science-fiction\/"},"img":{"alt_text":"","src":"https:\/\/i0.wp.com\/smallthings.fr\/lespetitslivres\/wp-content\/uploads\/2016\/05\/reves-de-glace-couv.jpg?resize=350%2C200&ssl=1","width":350,"height":200,"srcset":"https:\/\/i0.wp.com\/smallthings.fr\/lespetitslivres\/wp-content\/uploads\/2016\/05\/reves-de-glace-couv.jpg?resize=350%2C200&ssl=1 1x, https:\/\/i0.wp.com\/smallthings.fr\/lespetitslivres\/wp-content\/uploads\/2016\/05\/reves-de-glace-couv.jpg?resize=525%2C300&ssl=1 1.5x"},"classes":[]},{"id":24408,"url":"https:\/\/smallthings.fr\/lespetitslivres\/2015\/06\/12\/prince-captif-guerrier-pacat-critique\/","url_meta":{"origin":22851,"position":3},"title":"Prince Captif : Le Guerrier &#8211; suite de la saga fantasy de C.S. Pacat","author":"Jennifer","date":"12 juin 2015","format":false,"excerpt":"Le deuxi\u00e8me tome de Prince Captif, Le Guerrier, est sorti le m\u00eame jour que L\u2019esclave aux \u00e9ditions Milady, soit le 29 mai dernier. L\u2019auteure C.S. Pacat nous offre une suite tr\u00e8s int\u00e9ressante. Dans ce deuxi\u00e8me tome, Damen, toujours esclave de Laurent, va d\u00e9cider d\u2019aider son ennemi jur\u00e9 pour tenter d\u2019\u00e9viter\u2026","rel":"","context":"Dans &quot;Fantasy&quot;","block_context":{"text":"Fantasy","link":"https:\/\/smallthings.fr\/lespetitslivres\/category\/imaginaire\/fantasy\/"},"img":{"alt_text":"","src":"https:\/\/i0.wp.com\/smallthings.fr\/wp-content\/uploads\/2015\/06\/prince-captif-t-2-pacat.jpg?resize=350%2C200","width":350,"height":200},"classes":[]},{"id":26553,"url":"https:\/\/smallthings.fr\/lespetitslivres\/2015\/08\/28\/wild-riders-t1-chevauchee-sauvage-critique\/","url_meta":{"origin":22851,"position":4},"title":"Wild Riders &#8211; T1 La chevauch\u00e9e sauvage de Jaci Burton","author":"Jennifer","date":"28 ao\u00fbt 2015","format":false,"excerpt":"Wild Riders et son tome 1 La chevauch\u00e9e sauvage est le nouveau roman qui a int\u00e9gr\u00e9 la collection suspense de Milady le 28 ao\u00fbt dernier. \u00c9crit par Jaci Burton, ce premier volet nous fait rencontrer les Wild Riders, un groupe de motard hyper secret \u00e0 la solde du gouvernement. Lily\u2026","rel":"","context":"Dans &quot;Thriller&quot;","block_context":{"text":"Thriller","link":"https:\/\/smallthings.fr\/lespetitslivres\/category\/thriller\/"},"img":{"alt_text":"","src":"","width":0,"height":0},"classes":[]},{"id":15971,"url":"https:\/\/smallthings.fr\/lespetitslivres\/2014\/08\/22\/dies-irae-requiem-sascha-scarling-roman\/","url_meta":{"origin":22851,"position":5},"title":"Dies Irae, 2\u00e8me tome du Requiem pour Sascha : le talent made in France","author":"Jennifer","date":"22 ao\u00fbt 2014","format":false,"excerpt":"C\u2019est aujourd\u2019hui, aux \u00e9ditions Milady, que sort Dies Irae, le deuxi\u00e8me tome de la saga Requiem pour Sascha de la fabuleuse Alice Scarling. Dans le premier volet, on d\u00e9couvrait Sascha, une femme qui a le pouvoir de prendre possession du corps des humains. Elle a appris qu\u2019elle avait un p\u00e8re,\u2026","rel":"","context":"Dans &quot;Fantastique&quot;","block_context":{"text":"Fantastique","link":"https:\/\/smallthings.fr\/lespetitslivres\/category\/imaginaire\/fantastique\/"},"img":{"alt_text":"","src":"https:\/\/i0.wp.com\/smallthings.fr\/wp-content\/uploads\/2014\/08\/dies-irae-scarling.jpg?resize=350%2C200","width":350,"height":200},"classes":[]}],"_links":{"self":[{"href":"https:\/\/smallthings.fr\/lespetitslivres\/wp-json\/wp\/v2\/posts\/22851"}],"collection":[{"href":"https:\/\/smallthings.fr\/lespetitslivres\/wp-json\/wp\/v2\/posts"}],"about":[{"href":"https:\/\/smallthings.fr\/lespetitslivres\/wp-json\/wp\/v2\/types\/post"}],"author":[{"embeddable":true,"href":"https:\/\/smallthings.fr\/lespetitslivres\/wp-json\/wp\/v2\/users\/14"}],"replies":[{"embeddable":true,"href":"https:\/\/smallthings.fr\/lespetitslivres\/wp-json\/wp\/v2\/comments?post=22851"}],"version-history":[{"count":1,"href":"https:\/\/smallthings.fr\/lespetitslivres\/wp-json\/wp\/v2\/posts\/22851\/revisions"}],"predecessor-version":[{"id":28769,"href":"https:\/\/smallthings.fr\/lespetitslivres\/wp-json\/wp\/v2\/posts\/22851\/revisions\/28769"}],"wp:featuredmedia":[{"embeddable":true,"href":"https:\/\/smallthings.fr\/lespetitslivres\/wp-json\/"}],"wp:attachment":[{"href":"https:\/\/smallthings.fr\/lespetitslivres\/wp-json\/wp\/v2\/media?parent=22851"}],"wp:term":[{"taxonomy":"category","embeddable":true,"href":"https:\/\/smallthings.fr\/lespetitslivres\/wp-json\/wp\/v2\/categories?post=22851"},{"taxonomy":"post_tag","embeddable":true,"href":"https:\/\/smallthings.fr\/lespetitslivres\/wp-json\/wp\/v2\/tags?post=22851"}],"curies":[{"name":"wp","href":"https:\/\/api.w.org\/{rel}","templated":true}]}}