{"id":22332,"date":"2015-04-13T10:00:35","date_gmt":"2015-04-13T09:00:35","guid":{"rendered":"http:\/\/smallthings.fr\/?p=22332"},"modified":"2015-11-02T13:20:40","modified_gmt":"2015-11-02T12:20:40","slug":"concours-extraordinaire-voyage-du-fakir","status":"publish","type":"post","link":"https:\/\/smallthings.fr\/lespetitslivres\/2015\/04\/13\/concours-extraordinaire-voyage-du-fakir\/","title":{"rendered":"[Concours termin\u00e9] L&rsquo;Extraordinaire voyage du fakir qui \u00e9tait rest\u00e9 coinc\u00e9&#8230;"},"content":{"rendered":"<h2>A l&rsquo;occasion de la sortie en poche de <em>L\u2019extraordinaire voyage du fakir qui \u00e9tait rest\u00e9 coinc\u00e9 dans une armoire Ikea<\/em> de Romain Pu\u00e9rtolas, le <a href=\"http:\/\/www.lefakiraulivredepoche.com\/index.html\" target=\"_blank\">Livre de Poche<\/a> et SmallThings vous offrent une valisette de fakir.<\/h2>\n<p>&nbsp;<\/p>\n<p>Pour gagner l\u2019une des valisettes en jeu, r\u00e9pondez aux deux questions et vous participerez au tirage au sort. Vous avez <strong>jusqu\u2019au lundi 27 avril 15 heures<\/strong> pour participer ! (aucune r\u00e9ponse ne sera accept\u00e9e en commentaire)<\/p>\n<p><strong><em>Le concours est termin\u00e9, merci \u00e0 tous d&rsquo;avoir particip\u00e9 !<\/em> <\/strong><\/p>\n<p><em>La valisette, en photo ci-dessous, se compose d\u2019un turban pour se transformer en Fakir, d\u2019un livre de poche du Fakir, et d\u2019une \u00e9tiquette de voyage.<\/em><\/p>\n<div id=\"attachment_22335\" style=\"width: 560px\" class=\"wp-caption aligncenter\"><a href=\"http:\/\/smallthings.fr\/2015\/04\/13\/concours-extraordinaire-voyage-du-fakir\/extraordinaire-voyage-fakir-concours\/\" rel=\"attachment wp-att-22335\"><img loading=\"lazy\" decoding=\"async\" aria-describedby=\"caption-attachment-22335\" class=\" wp-image-22335\" src=\"http:\/\/smallthings.fr\/wp-content\/uploads\/2015\/04\/extraordinaire-voyage-fakir-concours.png\" alt=\"La valisette du fakir \u00e0 gagner\" width=\"550\" height=\"315\" \/><\/a><p id=\"caption-attachment-22335\" class=\"wp-caption-text\">La valisette du fakir \u00e0 gagner<\/p><\/div>\n<p><strong><em>L&rsquo;extraordinaire voyage du fakir qui \u00e9tait rest\u00e9 coinc\u00e9 dans une armoire Ikea<\/em><\/strong>, premier roman de Romain Pu\u00e9rtolas qui depuis a publi\u00e9 <em>La petite fille qui avait aval\u00e9 un nuage grand comme la Tour Eiffel<\/em> au Dilettante (critiqu\u00e9 <a href=\"http:\/\/smallthings.fr\/2015\/02\/20\/petite-fille-nuage-tour-eiffel-critique\/\" target=\"_blank\">ici<\/a> sur SmallThings) a \u00e9t\u00e9 un grand succ\u00e8s \u00e0 sa sortie en ao\u00fbt 2013, du point de vue du public comme de celui de la presse.<\/p>\n<p>C&rsquo;est tout logiquement en grandes pompes que le Livre de Poche a d\u00e9cid\u00e9 d&rsquo;annoncer sa sortie en poche. Un site Internet est m\u00eame consacr\u00e9 \u00e0 cette sortie : <a href=\"http:\/\/www.lefakiraulivredepoche.com\/index.html\" target=\"_blank\">www.<wbr \/>lefakiraulivredepoche.com<\/a>. On y trouve le r\u00e9sum\u00e9 du roman, une biographie de l&rsquo;auteur ainsi que quelques jeux tels que le g\u00e9n\u00e9rateur de nom pour entrer dans l&rsquo;univers du fakir et le photo booth du fakir.<\/p>\n<p><span style=\"color: #ffffff;\"><a style=\"color: #ffffff;\" href=\"http:\/\/www.jeu-concours.biz\">jeux concours<\/a><\/span><br \/>\n<span style=\"color: #ffffff;\"> <a style=\"color: #ffffff;\" href=\"http:\/\/www.ledemondujeu.com\">concours<\/a> gratuits.<\/span><\/p>\n<p>D\u00e9couvrez toutes les <a title=\"Vid\u00e9os Dr\u00f4les, Insolites, Humour et Buzz\" href=\"http:\/\/breakforbuzz.com\">vid\u00e9os qui buzz<\/a> du moment!<\/p>\n","protected":false},"excerpt":{"rendered":"<p>A l&rsquo;occasion de la sortie en poche de L\u2019extraordinaire voyage du fakir qui \u00e9tait rest\u00e9 coinc\u00e9 dans une armoire Ikea de Romain Pu\u00e9rtolas, le Livre de Poche et SmallThings vous offrent une valisette de fakir. &nbsp; Pour gagner l\u2019une des valisettes en jeu, r\u00e9pondez aux deux questions et vous participerez au tirage au sort. Vous<\/p>\n","protected":false},"author":2,"featured_media":22333,"comment_status":"closed","ping_status":"open","sticky":false,"template":"","format":"standard","meta":{"jetpack_post_was_ever_published":false,"_jetpack_newsletter_access":"","_jetpack_newsletter_tier_id":0,"footnotes":"","jetpack_publicize_message":"","jetpack_is_tweetstorm":false,"jetpack_publicize_feature_enabled":true,"jetpack_social_post_already_shared":false,"jetpack_social_options":{"image_generator_settings":{"template":"highway","enabled":false}}},"categories":[1113,1117],"tags":[660,750,97],"jetpack_publicize_connections":[],"yoast_head":"<!-- This site is optimized with the Yoast SEO plugin v21.5 - https:\/\/yoast.com\/wordpress\/plugins\/seo\/ -->\n<title>[Concours] L&#039;Extraordinaire voyage du fakir qui \u00e9tait rest\u00e9 coinc\u00e9...<\/title>\n<meta name=\"description\" content=\"A l&#039;occasion de la sortie en poche de L\u2019extraordinaire voyage du fakir qui \u00e9tait rest\u00e9 coinc\u00e9 dans une armoire Ikea, le Livre de Poche vous offre une valise\" \/>\n<meta name=\"robots\" content=\"index, follow, max-snippet:-1, max-image-preview:large, max-video-preview:-1\" \/>\n<link rel=\"canonical\" href=\"https:\/\/smallthings.fr\/lespetitslivres\/2015\/04\/13\/concours-extraordinaire-voyage-du-fakir\/\" \/>\n<meta property=\"og:locale\" content=\"fr_FR\" \/>\n<meta property=\"og:type\" content=\"article\" \/>\n<meta property=\"og:title\" content=\"[Concours] L&#039;Extraordinaire voyage du fakir qui \u00e9tait rest\u00e9 coinc\u00e9...\" \/>\n<meta property=\"og:description\" content=\"A l&#039;occasion de la sortie en poche de L\u2019extraordinaire voyage du fakir qui \u00e9tait rest\u00e9 coinc\u00e9 dans une armoire Ikea, le Livre de Poche vous offre une valise\" \/>\n<meta property=\"og:url\" content=\"https:\/\/smallthings.fr\/lespetitslivres\/2015\/04\/13\/concours-extraordinaire-voyage-du-fakir\/\" \/>\n<meta property=\"og:site_name\" content=\"Les Petits Livres\" \/>\n<meta property=\"article:published_time\" content=\"2015-04-13T09:00:35+00:00\" \/>\n<meta property=\"article:modified_time\" content=\"2015-11-02T12:20:40+00:00\" \/>\n<meta name=\"author\" content=\"Claire\" \/>\n<meta name=\"twitter:card\" content=\"summary_large_image\" \/>\n<meta name=\"twitter:label1\" content=\"\u00c9crit par\" \/>\n\t<meta name=\"twitter:data1\" content=\"Claire\" \/>\n\t<meta name=\"twitter:label2\" content=\"Dur\u00e9e de lecture estim\u00e9e\" \/>\n\t<meta name=\"twitter:data2\" content=\"1 minute\" \/>\n<script type=\"application\/ld+json\" class=\"yoast-schema-graph\">{\"@context\":\"https:\/\/schema.org\",\"@graph\":[{\"@type\":\"WebPage\",\"@id\":\"https:\/\/smallthings.fr\/lespetitslivres\/2015\/04\/13\/concours-extraordinaire-voyage-du-fakir\/\",\"url\":\"https:\/\/smallthings.fr\/lespetitslivres\/2015\/04\/13\/concours-extraordinaire-voyage-du-fakir\/\",\"name\":\"[Concours] L'Extraordinaire voyage du fakir qui \u00e9tait rest\u00e9 coinc\u00e9...\",\"isPartOf\":{\"@id\":\"https:\/\/smallthings.fr\/lespetitslivres\/#website\"},\"datePublished\":\"2015-04-13T09:00:35+00:00\",\"dateModified\":\"2015-11-02T12:20:40+00:00\",\"author\":{\"@id\":\"https:\/\/smallthings.fr\/lespetitslivres\/#\/schema\/person\/504d603cacfe064fe039dfa03a8b7918\"},\"description\":\"A l'occasion de la sortie en poche de L\u2019extraordinaire voyage du fakir qui \u00e9tait rest\u00e9 coinc\u00e9 dans une armoire Ikea, le Livre de Poche vous offre une valise\",\"breadcrumb\":{\"@id\":\"https:\/\/smallthings.fr\/lespetitslivres\/2015\/04\/13\/concours-extraordinaire-voyage-du-fakir\/#breadcrumb\"},\"inLanguage\":\"fr-FR\",\"potentialAction\":[{\"@type\":\"ReadAction\",\"target\":[\"https:\/\/smallthings.fr\/lespetitslivres\/2015\/04\/13\/concours-extraordinaire-voyage-du-fakir\/\"]}]},{\"@type\":\"BreadcrumbList\",\"@id\":\"https:\/\/smallthings.fr\/lespetitslivres\/2015\/04\/13\/concours-extraordinaire-voyage-du-fakir\/#breadcrumb\",\"itemListElement\":[{\"@type\":\"ListItem\",\"position\":1,\"name\":\"Accueil\",\"item\":\"https:\/\/smallthings.fr\/lespetitslivres\/\"},{\"@type\":\"ListItem\",\"position\":2,\"name\":\"[Concours termin\u00e9] L&rsquo;Extraordinaire voyage du fakir qui \u00e9tait rest\u00e9 coinc\u00e9&#8230;\"}]},{\"@type\":\"WebSite\",\"@id\":\"https:\/\/smallthings.fr\/lespetitslivres\/#website\",\"url\":\"https:\/\/smallthings.fr\/lespetitslivres\/\",\"name\":\"Les Petits Livres\",\"description\":\"by Small Things\",\"potentialAction\":[{\"@type\":\"SearchAction\",\"target\":{\"@type\":\"EntryPoint\",\"urlTemplate\":\"https:\/\/smallthings.fr\/lespetitslivres\/?s={search_term_string}\"},\"query-input\":\"required name=search_term_string\"}],\"inLanguage\":\"fr-FR\"},{\"@type\":\"Person\",\"@id\":\"https:\/\/smallthings.fr\/lespetitslivres\/#\/schema\/person\/504d603cacfe064fe039dfa03a8b7918\",\"name\":\"Claire\",\"image\":{\"@type\":\"ImageObject\",\"inLanguage\":\"fr-FR\",\"@id\":\"https:\/\/smallthings.fr\/lespetitslivres\/#\/schema\/person\/image\/\",\"url\":\"https:\/\/secure.gravatar.com\/avatar\/9a85ff83d76b3eb17b8cae208640786e?s=96&d=retro&r=g\",\"contentUrl\":\"https:\/\/secure.gravatar.com\/avatar\/9a85ff83d76b3eb17b8cae208640786e?s=96&d=retro&r=g\",\"caption\":\"Claire\"},\"url\":\"https:\/\/smallthings.fr\/lespetitslivres\/author\/claire\/\"}]}<\/script>\n<!-- \/ Yoast SEO plugin. -->","yoast_head_json":{"title":"[Concours] L'Extraordinaire voyage du fakir qui \u00e9tait rest\u00e9 coinc\u00e9...","description":"A l'occasion de la sortie en poche de L\u2019extraordinaire voyage du fakir qui \u00e9tait rest\u00e9 coinc\u00e9 dans une armoire Ikea, le Livre de Poche vous offre une valise","robots":{"index":"index","follow":"follow","max-snippet":"max-snippet:-1","max-image-preview":"max-image-preview:large","max-video-preview":"max-video-preview:-1"},"canonical":"https:\/\/smallthings.fr\/lespetitslivres\/2015\/04\/13\/concours-extraordinaire-voyage-du-fakir\/","og_locale":"fr_FR","og_type":"article","og_title":"[Concours] L'Extraordinaire voyage du fakir qui \u00e9tait rest\u00e9 coinc\u00e9...","og_description":"A l'occasion de la sortie en poche de L\u2019extraordinaire voyage du fakir qui \u00e9tait rest\u00e9 coinc\u00e9 dans une armoire Ikea, le Livre de Poche vous offre une valise","og_url":"https:\/\/smallthings.fr\/lespetitslivres\/2015\/04\/13\/concours-extraordinaire-voyage-du-fakir\/","og_site_name":"Les Petits Livres","article_published_time":"2015-04-13T09:00:35+00:00","article_modified_time":"2015-11-02T12:20:40+00:00","author":"Claire","twitter_card":"summary_large_image","twitter_misc":{"\u00c9crit par":"Claire","Dur\u00e9e de lecture estim\u00e9e":"1 minute"},"schema":{"@context":"https:\/\/schema.org","@graph":[{"@type":"WebPage","@id":"https:\/\/smallthings.fr\/lespetitslivres\/2015\/04\/13\/concours-extraordinaire-voyage-du-fakir\/","url":"https:\/\/smallthings.fr\/lespetitslivres\/2015\/04\/13\/concours-extraordinaire-voyage-du-fakir\/","name":"[Concours] L'Extraordinaire voyage du fakir qui \u00e9tait rest\u00e9 coinc\u00e9...","isPartOf":{"@id":"https:\/\/smallthings.fr\/lespetitslivres\/#website"},"datePublished":"2015-04-13T09:00:35+00:00","dateModified":"2015-11-02T12:20:40+00:00","author":{"@id":"https:\/\/smallthings.fr\/lespetitslivres\/#\/schema\/person\/504d603cacfe064fe039dfa03a8b7918"},"description":"A l'occasion de la sortie en poche de L\u2019extraordinaire voyage du fakir qui \u00e9tait rest\u00e9 coinc\u00e9 dans une armoire Ikea, le Livre de Poche vous offre une valise","breadcrumb":{"@id":"https:\/\/smallthings.fr\/lespetitslivres\/2015\/04\/13\/concours-extraordinaire-voyage-du-fakir\/#breadcrumb"},"inLanguage":"fr-FR","potentialAction":[{"@type":"ReadAction","target":["https:\/\/smallthings.fr\/lespetitslivres\/2015\/04\/13\/concours-extraordinaire-voyage-du-fakir\/"]}]},{"@type":"BreadcrumbList","@id":"https:\/\/smallthings.fr\/lespetitslivres\/2015\/04\/13\/concours-extraordinaire-voyage-du-fakir\/#breadcrumb","itemListElement":[{"@type":"ListItem","position":1,"name":"Accueil","item":"https:\/\/smallthings.fr\/lespetitslivres\/"},{"@type":"ListItem","position":2,"name":"[Concours termin\u00e9] L&rsquo;Extraordinaire voyage du fakir qui \u00e9tait rest\u00e9 coinc\u00e9&#8230;"}]},{"@type":"WebSite","@id":"https:\/\/smallthings.fr\/lespetitslivres\/#website","url":"https:\/\/smallthings.fr\/lespetitslivres\/","name":"Les Petits Livres","description":"by Small Things","potentialAction":[{"@type":"SearchAction","target":{"@type":"EntryPoint","urlTemplate":"https:\/\/smallthings.fr\/lespetitslivres\/?s={search_term_string}"},"query-input":"required name=search_term_string"}],"inLanguage":"fr-FR"},{"@type":"Person","@id":"https:\/\/smallthings.fr\/lespetitslivres\/#\/schema\/person\/504d603cacfe064fe039dfa03a8b7918","name":"Claire","image":{"@type":"ImageObject","inLanguage":"fr-FR","@id":"https:\/\/smallthings.fr\/lespetitslivres\/#\/schema\/person\/image\/","url":"https:\/\/secure.gravatar.com\/avatar\/9a85ff83d76b3eb17b8cae208640786e?s=96&d=retro&r=g","contentUrl":"https:\/\/secure.gravatar.com\/avatar\/9a85ff83d76b3eb17b8cae208640786e?s=96&d=retro&r=g","caption":"Claire"},"url":"https:\/\/smallthings.fr\/lespetitslivres\/author\/claire\/"}]}},"jetpack_featured_media_url":"","jetpack_sharing_enabled":true,"jetpack_shortlink":"https:\/\/wp.me\/p6Un21-5Oc","jetpack-related-posts":[{"id":21146,"url":"https:\/\/smallthings.fr\/lespetitslivres\/2015\/02\/20\/petite-fille-nuage-tour-eiffel-critique\/","url_meta":{"origin":22332,"position":0},"title":"La petite fille qui avait aval\u00e9 un nuage grand comme la Tour Eiffel","author":"Claire","date":"20 f\u00e9vrier 2015","format":false,"excerpt":"Apr\u00e8s l'immense succ\u00e8s de L'Extraordinaire voyage du fakir qui \u00e9tait rest\u00e9 coinc\u00e9 dans une armoire Ikea, Roman Pu\u00e9rtolas r\u00e9cidive avec La petite fille qui avait aval\u00e9 un nuage grand comme la Tour Eiffel. Le roman est sorti le 7 janvier aux \u00e9ditions du Dilettante. Digne de la saga Malauss\u00e8ne de\u2026","rel":"","context":"Dans &quot;Roman fran\u00e7ais&quot;","block_context":{"text":"Roman fran\u00e7ais","link":"https:\/\/smallthings.fr\/lespetitslivres\/category\/roman\/roman-francais\/"},"img":{"alt_text":"","src":"https:\/\/i0.wp.com\/smallthings.fr\/wp-content\/uploads\/2015\/02\/9782842638122.jpg?resize=350%2C200","width":350,"height":200},"classes":[]},{"id":10173,"url":"https:\/\/smallthings.fr\/lespetitslivres\/2013\/12\/21\/concours-un-coffret-ken-follett-gagner\/","url_meta":{"origin":22332,"position":1},"title":"[Concours] Un coffret Ken Follett \u00e0 gagner","author":"Claire","date":"21 d\u00e9cembre 2013","format":false,"excerpt":"Le Livre de Poche et Small Things vous offrent pour No\u00ebl un coffret Ken Follett contenant Les piliers de la terre et Un monde sans fin. Allez faire un tour sur le site du Livre de Poche, trouvez les r\u00e9ponses aux questions, et jouez !","rel":"","context":"Dans &quot;Concours&quot;","block_context":{"text":"Concours","link":"https:\/\/smallthings.fr\/lespetitslivres\/category\/concours\/"},"img":{"alt_text":"","src":"","width":0,"height":0},"classes":[]},{"id":29389,"url":"https:\/\/smallthings.fr\/lespetitslivres\/2016\/01\/30\/concours-gagnez-tu-me-trouveras\/","url_meta":{"origin":22332,"position":2},"title":"[CONCOURS termin\u00e9] Gagnez le roman \u00ab\u00a0Tu me trouveras au bout du monde\u00a0\u00bb","author":"Claire","date":"30 janvier 2016","format":false,"excerpt":"Le concours est termin\u00e9 : merci \u00e0 tous ! Le Livre de Poche et Les Petits Livres vous offrent des exemplaires du roman \u00e9pistolaire Tu me trouveras au bout du monde de Nicolas Barreau, sorti le 13 janvier. Une com\u00e9die romantique pleine de surprises \u00e0 remporter en r\u00e9pondant \u00e0 une\u2026","rel":"","context":"Dans &quot;Concours&quot;","block_context":{"text":"Concours","link":"https:\/\/smallthings.fr\/lespetitslivres\/category\/concours\/"},"img":{"alt_text":"","src":"https:\/\/i0.wp.com\/smallthings.fr\/lespetitslivres\/wp-content\/uploads\/2016\/01\/tu-me-trouveras-au-bout-du-monde-couv.jpeg?resize=350%2C200&ssl=1","width":350,"height":200,"srcset":"https:\/\/i0.wp.com\/smallthings.fr\/lespetitslivres\/wp-content\/uploads\/2016\/01\/tu-me-trouveras-au-bout-du-monde-couv.jpeg?resize=350%2C200&ssl=1 1x, https:\/\/i0.wp.com\/smallthings.fr\/lespetitslivres\/wp-content\/uploads\/2016\/01\/tu-me-trouveras-au-bout-du-monde-couv.jpeg?resize=525%2C300&ssl=1 1.5x, https:\/\/i0.wp.com\/smallthings.fr\/lespetitslivres\/wp-content\/uploads\/2016\/01\/tu-me-trouveras-au-bout-du-monde-couv.jpeg?resize=700%2C400&ssl=1 2x, https:\/\/i0.wp.com\/smallthings.fr\/lespetitslivres\/wp-content\/uploads\/2016\/01\/tu-me-trouveras-au-bout-du-monde-couv.jpeg?resize=1050%2C600&ssl=1 3x, https:\/\/i0.wp.com\/smallthings.fr\/lespetitslivres\/wp-content\/uploads\/2016\/01\/tu-me-trouveras-au-bout-du-monde-couv.jpeg?resize=1400%2C800&ssl=1 4x"},"classes":[]},{"id":27592,"url":"https:\/\/smallthings.fr\/lespetitslivres\/2015\/09\/30\/puertolas-re-vive-l-empereur-critique\/","url_meta":{"origin":22332,"position":3},"title":"Le Pu\u00e9rtolas nouveau est arriv\u00e9. Re-vive l&rsquo;Empereur !","author":"Marguerite","date":"30 septembre 2015","format":false,"excerpt":"Le Pu\u00e9rtolas nouveau est arriv\u00e9 ! Re-vive l'Empereur para\u00eet aujourd'hui aux \u00e9ditions du Dilettante. L\u2019extraordinaire voyage du fakir qui \u00e9t\u00e9 rest\u00e9 coinc\u00e9 dans une armoire Ik\u00e9a, premier roman de l'auteur paru en 2013, avait frapp\u00e9 un grand coup dans le monde de l\u2019\u00e9dition litt\u00e9raire par son ton d\u00e9cal\u00e9 et original.\u2026","rel":"","context":"Dans &quot;Roman fran\u00e7ais&quot;","block_context":{"text":"Roman fran\u00e7ais","link":"https:\/\/smallthings.fr\/lespetitslivres\/category\/roman\/roman-francais\/"},"img":{"alt_text":"","src":"","width":0,"height":0},"classes":[]},{"id":29326,"url":"https:\/\/smallthings.fr\/lespetitslivres\/2016\/01\/07\/concours-polar-ta-mort-sera-la-mienne\/","url_meta":{"origin":22332,"position":4},"title":"[CONCOURS termin\u00e9] Gagnez le polar de Fabrice Colin, Ta mort sera la mienne","author":"Claire","date":"7 janvier 2016","format":false,"excerpt":"Le concours est termin\u00e9 ! Merci \u00e0 tous de vos participations et \u00e0 bient\u00f4t ! Ta mort sera la mienne, excellent polar de Fabrice Colin, vient de para\u00eetre en format poche. Pour l'occasion, et pour vous souhaiter la bonne ann\u00e9e comme il se doit, Le Livre de Poche et Les\u2026","rel":"","context":"Dans &quot;Actu&quot;","block_context":{"text":"Actu","link":"https:\/\/smallthings.fr\/lespetitslivres\/category\/actu\/"},"img":{"alt_text":"","src":"https:\/\/i0.wp.com\/smallthings.fr\/lespetitslivres\/wp-content\/uploads\/2016\/01\/ta-mort-sera-la-mienne-couv.jpeg?resize=350%2C200&ssl=1","width":350,"height":200},"classes":[]},{"id":24954,"url":"https:\/\/smallthings.fr\/lespetitslivres\/2015\/07\/06\/concours-hunger-games-star-wars-gagnez-livres\/","url_meta":{"origin":22332,"position":5},"title":"[Concours termin\u00e9] Hunger Games et Star Wars : gagnez les livres des films","author":"Claire","date":"6 juillet 2015","format":false,"excerpt":"Concours termin\u00e9 ! Merci \u00e0 tous et \u00e0 bient\u00f4t sur smallthings.fr ! Du 6 au 20 juillet, Pocket Jeunesse et SmallThings vous permettent de gagner les romans des films Hunger Games et Star Wars, qui viennent de sortir en librairie. Les lots \u00e0 gagner sont compos\u00e9s des trois romans Hunger\u2026","rel":"","context":"Dans &quot;Concours&quot;","block_context":{"text":"Concours","link":"https:\/\/smallthings.fr\/lespetitslivres\/category\/concours\/"},"img":{"alt_text":"CCR-star-wars-hunger-games-couv","src":"https:\/\/i0.wp.com\/smallthings.fr\/wp-content\/uploads\/2015\/06\/CCR-star-wars-hunger-games-couv.jpg?resize=350%2C200","width":350,"height":200,"srcset":"https:\/\/i0.wp.com\/smallthings.fr\/wp-content\/uploads\/2015\/06\/CCR-star-wars-hunger-games-couv.jpg?resize=350%2C200 1x, https:\/\/i0.wp.com\/smallthings.fr\/wp-content\/uploads\/2015\/06\/CCR-star-wars-hunger-games-couv.jpg?resize=525%2C300 1.5x, https:\/\/i0.wp.com\/smallthings.fr\/wp-content\/uploads\/2015\/06\/CCR-star-wars-hunger-games-couv.jpg?resize=700%2C400 2x"},"classes":[]}],"_links":{"self":[{"href":"https:\/\/smallthings.fr\/lespetitslivres\/wp-json\/wp\/v2\/posts\/22332"}],"collection":[{"href":"https:\/\/smallthings.fr\/lespetitslivres\/wp-json\/wp\/v2\/posts"}],"about":[{"href":"https:\/\/smallthings.fr\/lespetitslivres\/wp-json\/wp\/v2\/types\/post"}],"author":[{"embeddable":true,"href":"https:\/\/smallthings.fr\/lespetitslivres\/wp-json\/wp\/v2\/users\/2"}],"replies":[{"embeddable":true,"href":"https:\/\/smallthings.fr\/lespetitslivres\/wp-json\/wp\/v2\/comments?post=22332"}],"version-history":[{"count":1,"href":"https:\/\/smallthings.fr\/lespetitslivres\/wp-json\/wp\/v2\/posts\/22332\/revisions"}],"predecessor-version":[{"id":28774,"href":"https:\/\/smallthings.fr\/lespetitslivres\/wp-json\/wp\/v2\/posts\/22332\/revisions\/28774"}],"wp:featuredmedia":[{"embeddable":true,"href":"https:\/\/smallthings.fr\/lespetitslivres\/wp-json\/"}],"wp:attachment":[{"href":"https:\/\/smallthings.fr\/lespetitslivres\/wp-json\/wp\/v2\/media?parent=22332"}],"wp:term":[{"taxonomy":"category","embeddable":true,"href":"https:\/\/smallthings.fr\/lespetitslivres\/wp-json\/wp\/v2\/categories?post=22332"},{"taxonomy":"post_tag","embeddable":true,"href":"https:\/\/smallthings.fr\/lespetitslivres\/wp-json\/wp\/v2\/tags?post=22332"}],"curies":[{"name":"wp","href":"https:\/\/api.w.org\/{rel}","templated":true}]}}