{"id":22313,"date":"2015-04-08T14:49:03","date_gmt":"2015-04-08T13:49:03","guid":{"rendered":"http:\/\/smallthings.fr\/?p=22313"},"modified":"2015-11-27T13:38:50","modified_gmt":"2015-11-27T12:38:50","slug":"partials-futuriste-dan-wells-avis","status":"publish","type":"post","link":"https:\/\/smallthings.fr\/lespetitslivres\/2015\/04\/08\/partials-futuriste-dan-wells-avis\/","title":{"rendered":"Partials : le roman futuriste de Dan Wells"},"content":{"rendered":"<h2><em>Partials<\/em> est un livre de Dan Wells qui est paru au <a href=\"http:\/\/www.livredepoche.com\/partials-dan-wells-9782253183631\" target=\"_blank\">Livre de Poche<\/a> le 1<sup>er<\/sup> avril dernier. Cette dystopie raconte comment les humains ont d\u00e9truit la plan\u00e8te en cr\u00e9ant des \u00eatres g\u00e9n\u00e9tiquement modifi\u00e9s ressemblant aux Hommes, mais dot\u00e9s d\u2019une force surhumaine et d\u2019une invincibilit\u00e9 incroyable. Ces derniers, les Partials, se sont rebell\u00e9s et ont cr\u00e9\u00e9 un virus, le RM, qui a tu\u00e9 la quasi-totalit\u00e9 des humains. Quarante mille survivants ont \u00e9lu domicile sur l\u2019\u00eele de Long Island et tentent de reconstruire un semblant de civilisation.<\/h2>\n<p><strong><em>Partial<\/em><em>s <\/em>est l\u2019une des dystopies les plus surprenantes qu\u2019il m\u2019ait \u00e9t\u00e9 donn\u00e9 de lire<\/strong>. Dan Wells a r\u00e9ussi \u00e0 imaginer une fin du monde incroyable avec des survivants qui croient en l\u2019avenir mais qui sont tromp\u00e9s par le syst\u00e8me politique mis en place. Le virus RM, qui a tu\u00e9 presque enti\u00e8rement la plan\u00e8te, a investi le corps de tous les humains. Depuis la fin de la guerre, chaque nourrisson ne survit que quelques jours. Le S\u00e9nat, avec l\u2019aide des m\u00e9decins, a d\u00e9cid\u00e9 de cr\u00e9er la loi Espoir, qui traumatise toutes les jeunes femmes. Cette loi ordonne aux filles \u00e2g\u00e9es de 18 ans de tomber enceinte. Le S\u00e9nat pense que l&rsquo;un de ces tr\u00e8s nombreux enfants finiront par d\u00e9velopper une immunit\u00e9 au virus et finiront par survivre.<\/p>\n<p><a href=\"http:\/\/smallthings.fr\/2015\/04\/08\/partials-futuriste-dan-wells-avis\/partials-dan-wells\/\" rel=\"attachment wp-att-22315\"><img loading=\"lazy\" decoding=\"async\" class=\"alignright size-full wp-image-22315\" src=\"http:\/\/smallthings.fr\/wp-content\/uploads\/2015\/04\/partials-dan-wells.jpg\" alt=\"partials -dan-wells\" width=\"250\" height=\"404\" \/><\/a>Mais cela ne fonctionne pas le cas et trop de nourrissons d\u00e9c\u00e8dent, laissant les jeunes m\u00e8res dans un d\u00e9sespoir total, d\u2019autant plus qu\u2019elles doivent retomber enceintes tous les ans. Certains survivants d\u00e9cident de se battre contre le gouvernement. Ils se font appeler \u00ab\u00a0La Voix du Peuple\u00a0\u00bb et sont consid\u00e9r\u00e9s comme des rebelles. Les survivants vivent avec la peur de perdre leur enfant, la peur de tomber sur les rebelles et la peur que les <strong><em>Partials<\/em><\/strong>, qui ne vieillissent jamais et sont invincibles, ne se d\u00e9cident \u00e0 les \u00e9radiquer.<\/p>\n<p>Avec <strong><em>Partials<\/em><\/strong>, Dan Wells a cr\u00e9\u00e9 un dystopie des plus captivantes. Une grande partie du roman traite du RM et contient beaucoup de donn\u00e9es scientifiques. Ce n\u2019est pas pour nous d\u00e9plaire m\u00eame si, par moment, cela devient lassant de lire des statistiques, des donn\u00e9es sur des globules, etc\u2026 L\u2019h\u00e9ro\u00efne principale, Kira, est \u00e9tudiante en m\u00e9decine et veut par tous les moyens trouver un antidote au virus. C\u2019est son histoire que le lecteur va suivre. En effet, m\u00eame si Kira ne fait pas partie de La Voix du Peuple, elle se rebelle contre l\u2019autorit\u00e9 et ne se laisse pas faire. Elle sera pr\u00eate \u00e0 donner sa vie pour trouver un rem\u00e8de, quitte \u00e0 rentrer en territoire <strong><em>Partials<\/em><\/strong> pour en capturer un et l\u2019\u00e9tudier\u2026 \u00a0Les <strong><em>Partials<\/em><\/strong> sont-ils r\u00e9ellement comme les anciens le pr\u00e9tendent\u00a0? Kira le saura tr\u00e8s rapidement.<\/p>\n<p><strong><em>Partials<\/em><\/strong> est un tr\u00e8s bon livre avec des personnages attachants et combatifs. Le lecteur plonge dans l\u2019histoire et ne peut que soutenir les r\u00eaves et espoirs de cette g\u00e9n\u00e9ration qui n\u2019a connu que la vie apr\u00e8s la guerre. Ils sont rabaiss\u00e9s par l\u2019ancienne g\u00e9n\u00e9ration car consid\u00e9r\u00e9s comme faibles et imb\u00e9ciles mais, \u00e0\u00a0 15ans, sont d\u00e9j\u00e0 beaucoup plus adultes que certains. Ils\u00a0 savent d\u00e9j\u00e0 utiliser un fusil et, \u00e0 18 ans, sont destin\u00e9s \u00e0 devenir parents de nouveau-n\u00e9s condamn\u00e9s.<\/p>\n<div id=\"attachment_22316\" style=\"width: 205px\" class=\"wp-caption alignleft\"><a href=\"http:\/\/smallthings.fr\/2015\/04\/08\/partials-futuriste-dan-wells-avis\/dan-wells-partials\/\" rel=\"attachment wp-att-22316\"><img loading=\"lazy\" decoding=\"async\" aria-describedby=\"caption-attachment-22316\" class=\" wp-image-22316\" src=\"http:\/\/smallthings.fr\/wp-content\/uploads\/2015\/04\/dan-wells-partials-554x800.jpg\" alt=\"Dan Wells, auteur de Partials\" width=\"195\" height=\"281\" \/><\/a><p id=\"caption-attachment-22316\" class=\"wp-caption-text\">Dan Wells, auteur de Partials<\/p><\/div>\n<p><strong><em>Partials<\/em><\/strong> est une dystopie riche en \u00e9motions avec des h\u00e9ros qui vont tout risquer pour sauver le futur. L\u2019auteur de <strong><em>Nobody<\/em><\/strong> et de <strong><em>Je ne suis pas un serial killer <\/em><\/strong>convainc les lecteurs qu\u2019il existe des livres encore mieux imagin\u00e9s que <strong><em>Divergente<\/em><\/strong>. C\u2019est cette partie scientifique qui n\u2019existe nulle part ailleurs qui va transporter le lecteur dans l\u2019histoire de <strong><em>Partials<\/em><\/strong>. Mais bien que cela soit n\u00e9cessaire pour la bonne compr\u00e9hension de l\u2019histoire, Dan Wells risque de perdre certains lecteurs en cours de route.<\/p>\n<blockquote><p>\u00ab\u00a0&#8211; Excusez-moi, madame, lui demanda-t-elle sans oser la regarder dans les yeux, mais si le docteur en a termin\u00e9 avec le corps, Ariel pourrait-elle le tenir dans ses bras\u00a0? Juste une minute\u00a0? [\u2026]<\/p>\n<p>&#8211; Ecoutez, Kira. Je sais que vous avez r\u00e9ussi votre formation \u00e0 toute vitesse, et haut la main. Il est clair que vous \u00eates extr\u00eamement dou\u00e9e pour la virologie et l\u2019analyse du RM, mais les comp\u00e9tences techniques ne font que la moiti\u00e9 du m\u00e9tier. Il faut aussi vous pr\u00e9parer psychologiquement, sans quoi cette maternit\u00e9 ne fera qu\u2019une bouch\u00e9e de vous. Vous \u00eates parmi nous depuis trois semaines\u00a0; ceci est votre dixi\u00e8me enfant mort. Pour moi, c\u2019est le neuf cent quatre-vingt-deuxi\u00e8me. [\u2026] Vous allez devoir renforcer votre cuirasse. [\u2026]<\/p>\n<p>&#8211; Je sais que vous en avez perdu beaucoup, madame, r\u00e9pondit-elle, la gorge serr\u00e9e. Mais pour Ariel, c\u2019est le premier.\u00a0\u00bb<\/p><\/blockquote>\n","protected":false},"excerpt":{"rendered":"<p>Partials est un livre de Dan Wells qui est paru au Livre de Poche le 1er avril dernier. Cette dystopie raconte comment les humains ont d\u00e9truit la plan\u00e8te en cr\u00e9ant des \u00eatres g\u00e9n\u00e9tiquement modifi\u00e9s ressemblant aux Hommes, mais dot\u00e9s d\u2019une force surhumaine et d\u2019une invincibilit\u00e9 incroyable. Ces derniers, les Partials, se sont rebell\u00e9s et ont<\/p>\n","protected":false},"author":14,"featured_media":22314,"comment_status":"open","ping_status":"open","sticky":false,"template":"","format":"standard","meta":{"jetpack_post_was_ever_published":false,"_jetpack_newsletter_access":"","_jetpack_newsletter_tier_id":0,"footnotes":"","jetpack_publicize_message":"","jetpack_is_tweetstorm":false,"jetpack_publicize_feature_enabled":true,"jetpack_social_post_already_shared":false,"jetpack_social_options":{"image_generator_settings":{"template":"highway","enabled":false}}},"categories":[1151],"tags":[909,910,911],"jetpack_publicize_connections":[],"yoast_head":"<!-- This site is optimized with the Yoast SEO plugin v21.5 - https:\/\/yoast.com\/wordpress\/plugins\/seo\/ -->\n<title>Partials : le roman futuriste de Dan Wells<\/title>\n<meta name=\"description\" content=\"Partials est un livre de Dan Wells qui est paru au Livre de Poche le 1er avril dernier. Cette dystopie raconte comment les humains ont d\u00e9truit la plan\u00e8te en\" \/>\n<meta name=\"robots\" content=\"index, follow, max-snippet:-1, max-image-preview:large, max-video-preview:-1\" \/>\n<link rel=\"canonical\" href=\"https:\/\/smallthings.fr\/lespetitslivres\/2015\/04\/08\/partials-futuriste-dan-wells-avis\/\" \/>\n<meta property=\"og:locale\" content=\"fr_FR\" \/>\n<meta property=\"og:type\" content=\"article\" \/>\n<meta property=\"og:title\" content=\"Partials : le roman futuriste de Dan Wells\" \/>\n<meta property=\"og:description\" content=\"Partials est un livre de Dan Wells qui est paru au Livre de Poche le 1er avril dernier. Cette dystopie raconte comment les humains ont d\u00e9truit la plan\u00e8te en\" \/>\n<meta property=\"og:url\" content=\"https:\/\/smallthings.fr\/lespetitslivres\/2015\/04\/08\/partials-futuriste-dan-wells-avis\/\" \/>\n<meta property=\"og:site_name\" content=\"Les Petits Livres\" \/>\n<meta property=\"article:published_time\" content=\"2015-04-08T13:49:03+00:00\" \/>\n<meta property=\"article:modified_time\" content=\"2015-11-27T12:38:50+00:00\" \/>\n<meta name=\"author\" content=\"Jennifer\" \/>\n<meta name=\"twitter:card\" content=\"summary_large_image\" \/>\n<meta name=\"twitter:label1\" content=\"\u00c9crit par\" \/>\n\t<meta name=\"twitter:data1\" content=\"Jennifer\" \/>\n\t<meta name=\"twitter:label2\" content=\"Dur\u00e9e de lecture estim\u00e9e\" \/>\n\t<meta name=\"twitter:data2\" content=\"4 minutes\" \/>\n<script type=\"application\/ld+json\" class=\"yoast-schema-graph\">{\"@context\":\"https:\/\/schema.org\",\"@graph\":[{\"@type\":\"WebPage\",\"@id\":\"https:\/\/smallthings.fr\/lespetitslivres\/2015\/04\/08\/partials-futuriste-dan-wells-avis\/\",\"url\":\"https:\/\/smallthings.fr\/lespetitslivres\/2015\/04\/08\/partials-futuriste-dan-wells-avis\/\",\"name\":\"Partials : le roman futuriste de Dan Wells\",\"isPartOf\":{\"@id\":\"https:\/\/smallthings.fr\/lespetitslivres\/#website\"},\"datePublished\":\"2015-04-08T13:49:03+00:00\",\"dateModified\":\"2015-11-27T12:38:50+00:00\",\"author\":{\"@id\":\"https:\/\/smallthings.fr\/lespetitslivres\/#\/schema\/person\/bb8808220f912e72f01f7a55924d9ad1\"},\"description\":\"Partials est un livre de Dan Wells qui est paru au Livre de Poche le 1er avril dernier. Cette dystopie raconte comment les humains ont d\u00e9truit la plan\u00e8te en\",\"breadcrumb\":{\"@id\":\"https:\/\/smallthings.fr\/lespetitslivres\/2015\/04\/08\/partials-futuriste-dan-wells-avis\/#breadcrumb\"},\"inLanguage\":\"fr-FR\",\"potentialAction\":[{\"@type\":\"ReadAction\",\"target\":[\"https:\/\/smallthings.fr\/lespetitslivres\/2015\/04\/08\/partials-futuriste-dan-wells-avis\/\"]}]},{\"@type\":\"BreadcrumbList\",\"@id\":\"https:\/\/smallthings.fr\/lespetitslivres\/2015\/04\/08\/partials-futuriste-dan-wells-avis\/#breadcrumb\",\"itemListElement\":[{\"@type\":\"ListItem\",\"position\":1,\"name\":\"Accueil\",\"item\":\"https:\/\/smallthings.fr\/lespetitslivres\/\"},{\"@type\":\"ListItem\",\"position\":2,\"name\":\"Partials : le roman futuriste de Dan Wells\"}]},{\"@type\":\"WebSite\",\"@id\":\"https:\/\/smallthings.fr\/lespetitslivres\/#website\",\"url\":\"https:\/\/smallthings.fr\/lespetitslivres\/\",\"name\":\"Les Petits Livres\",\"description\":\"by Small Things\",\"potentialAction\":[{\"@type\":\"SearchAction\",\"target\":{\"@type\":\"EntryPoint\",\"urlTemplate\":\"https:\/\/smallthings.fr\/lespetitslivres\/?s={search_term_string}\"},\"query-input\":\"required name=search_term_string\"}],\"inLanguage\":\"fr-FR\"},{\"@type\":\"Person\",\"@id\":\"https:\/\/smallthings.fr\/lespetitslivres\/#\/schema\/person\/bb8808220f912e72f01f7a55924d9ad1\",\"name\":\"Jennifer\",\"image\":{\"@type\":\"ImageObject\",\"inLanguage\":\"fr-FR\",\"@id\":\"https:\/\/smallthings.fr\/lespetitslivres\/#\/schema\/person\/image\/\",\"url\":\"https:\/\/secure.gravatar.com\/avatar\/ffcd6b107b6b18c3d5201f1bcc631683?s=96&d=retro&r=g\",\"contentUrl\":\"https:\/\/secure.gravatar.com\/avatar\/ffcd6b107b6b18c3d5201f1bcc631683?s=96&d=retro&r=g\",\"caption\":\"Jennifer\"},\"url\":\"https:\/\/smallthings.fr\/lespetitslivres\/author\/jennifer\/\"}]}<\/script>\n<!-- \/ Yoast SEO plugin. -->","yoast_head_json":{"title":"Partials : le roman futuriste de Dan Wells","description":"Partials est un livre de Dan Wells qui est paru au Livre de Poche le 1er avril dernier. Cette dystopie raconte comment les humains ont d\u00e9truit la plan\u00e8te en","robots":{"index":"index","follow":"follow","max-snippet":"max-snippet:-1","max-image-preview":"max-image-preview:large","max-video-preview":"max-video-preview:-1"},"canonical":"https:\/\/smallthings.fr\/lespetitslivres\/2015\/04\/08\/partials-futuriste-dan-wells-avis\/","og_locale":"fr_FR","og_type":"article","og_title":"Partials : le roman futuriste de Dan Wells","og_description":"Partials est un livre de Dan Wells qui est paru au Livre de Poche le 1er avril dernier. Cette dystopie raconte comment les humains ont d\u00e9truit la plan\u00e8te en","og_url":"https:\/\/smallthings.fr\/lespetitslivres\/2015\/04\/08\/partials-futuriste-dan-wells-avis\/","og_site_name":"Les Petits Livres","article_published_time":"2015-04-08T13:49:03+00:00","article_modified_time":"2015-11-27T12:38:50+00:00","author":"Jennifer","twitter_card":"summary_large_image","twitter_misc":{"\u00c9crit par":"Jennifer","Dur\u00e9e de lecture estim\u00e9e":"4 minutes"},"schema":{"@context":"https:\/\/schema.org","@graph":[{"@type":"WebPage","@id":"https:\/\/smallthings.fr\/lespetitslivres\/2015\/04\/08\/partials-futuriste-dan-wells-avis\/","url":"https:\/\/smallthings.fr\/lespetitslivres\/2015\/04\/08\/partials-futuriste-dan-wells-avis\/","name":"Partials : le roman futuriste de Dan Wells","isPartOf":{"@id":"https:\/\/smallthings.fr\/lespetitslivres\/#website"},"datePublished":"2015-04-08T13:49:03+00:00","dateModified":"2015-11-27T12:38:50+00:00","author":{"@id":"https:\/\/smallthings.fr\/lespetitslivres\/#\/schema\/person\/bb8808220f912e72f01f7a55924d9ad1"},"description":"Partials est un livre de Dan Wells qui est paru au Livre de Poche le 1er avril dernier. Cette dystopie raconte comment les humains ont d\u00e9truit la plan\u00e8te en","breadcrumb":{"@id":"https:\/\/smallthings.fr\/lespetitslivres\/2015\/04\/08\/partials-futuriste-dan-wells-avis\/#breadcrumb"},"inLanguage":"fr-FR","potentialAction":[{"@type":"ReadAction","target":["https:\/\/smallthings.fr\/lespetitslivres\/2015\/04\/08\/partials-futuriste-dan-wells-avis\/"]}]},{"@type":"BreadcrumbList","@id":"https:\/\/smallthings.fr\/lespetitslivres\/2015\/04\/08\/partials-futuriste-dan-wells-avis\/#breadcrumb","itemListElement":[{"@type":"ListItem","position":1,"name":"Accueil","item":"https:\/\/smallthings.fr\/lespetitslivres\/"},{"@type":"ListItem","position":2,"name":"Partials : le roman futuriste de Dan Wells"}]},{"@type":"WebSite","@id":"https:\/\/smallthings.fr\/lespetitslivres\/#website","url":"https:\/\/smallthings.fr\/lespetitslivres\/","name":"Les Petits Livres","description":"by Small Things","potentialAction":[{"@type":"SearchAction","target":{"@type":"EntryPoint","urlTemplate":"https:\/\/smallthings.fr\/lespetitslivres\/?s={search_term_string}"},"query-input":"required name=search_term_string"}],"inLanguage":"fr-FR"},{"@type":"Person","@id":"https:\/\/smallthings.fr\/lespetitslivres\/#\/schema\/person\/bb8808220f912e72f01f7a55924d9ad1","name":"Jennifer","image":{"@type":"ImageObject","inLanguage":"fr-FR","@id":"https:\/\/smallthings.fr\/lespetitslivres\/#\/schema\/person\/image\/","url":"https:\/\/secure.gravatar.com\/avatar\/ffcd6b107b6b18c3d5201f1bcc631683?s=96&d=retro&r=g","contentUrl":"https:\/\/secure.gravatar.com\/avatar\/ffcd6b107b6b18c3d5201f1bcc631683?s=96&d=retro&r=g","caption":"Jennifer"},"url":"https:\/\/smallthings.fr\/lespetitslivres\/author\/jennifer\/"}]}},"jetpack_featured_media_url":"","jetpack_sharing_enabled":true,"jetpack_shortlink":"https:\/\/wp.me\/p6Un21-5NT","jetpack-related-posts":[{"id":23142,"url":"https:\/\/smallthings.fr\/lespetitslivres\/2015\/05\/05\/ex-heroes-roman-super-heros-zombies-critique\/","url_meta":{"origin":22313,"position":0},"title":"Ex Heroes, le roman : super-h\u00e9ros VS zombies","author":"Jennifer","date":"5 mai 2015","format":false,"excerpt":"Ex Heroes est le premier tome d'une saga zombie \u00e9crite par Peter Clines, sorti le 8 avril dernier aux \u00e9ditions Panini. Nous rencontrons plusieurs super-h\u00e9ros qui font face \u00e0 la plus grande \u00e9pid\u00e9mie que la Terre ait connue\u00a0: les humains se transforment en zombies. Ils ont construit un abri pour\u2026","rel":"","context":"Dans &quot;Fantastique&quot;","block_context":{"text":"Fantastique","link":"https:\/\/smallthings.fr\/lespetitslivres\/category\/imaginaire\/fantastique\/"},"img":{"alt_text":"","src":"https:\/\/i0.wp.com\/smallthings.fr\/wp-content\/uploads\/2015\/05\/ex-heroes.jpg?resize=350%2C200","width":350,"height":200},"classes":[]},{"id":26384,"url":"https:\/\/smallthings.fr\/lespetitslivres\/2015\/08\/20\/digitale-saga-sarah-wagon-critique\/","url_meta":{"origin":22313,"position":1},"title":"Digitale : une saga d&rsquo;anticipation haletante par Sarah Wagon","author":"Jennifer","date":"20 ao\u00fbt 2015","format":false,"excerpt":"Digitale est le premier tome d\u2019une saga \u00e9crite par Sarah Wagon, jeune auteure fran\u00e7aise. Il sort aujourd'hui chez Pocket Jeunesse. Digitale nous emm\u00e8ne dans un univers technologique o\u00f9 les sentiments sont contr\u00f4l\u00e9s par une puce implant\u00e9e dans la nuque des Humains. Jade, 20 ans, travaille \u00e0 r\u00e9tablir les connexions entre\u2026","rel":"","context":"Dans &quot;Young Adult&quot;","block_context":{"text":"Young Adult","link":"https:\/\/smallthings.fr\/lespetitslivres\/category\/young-adult\/"},"img":{"alt_text":"","src":"","width":0,"height":0},"classes":[]},{"id":29998,"url":"https:\/\/smallthings.fr\/lespetitslivres\/2016\/05\/30\/deferlante-alphas-critique\/","url_meta":{"origin":22313,"position":2},"title":"La D\u00e9ferlante : les Alphas arrivent","author":"Jennifer","date":"30 mai 2016","format":false,"excerpt":"La D\u00e9ferlante de Michael Buckley est sorti le 7 avril aux \u00e9ditions Pocket Jeunesse. On y d\u00e9couvre les Alphas, des cr\u00e9atures tout droit sorties de la mer, qui viennent conqu\u00e9rir un nouveau territoire. Lyric, une humaine, va devoir s\u2019allier au prince des Alphas afin de sauver l\u2019humanit\u00e9. La D\u00e9ferlante est\u2026","rel":"","context":"Dans &quot;Young Adult&quot;","block_context":{"text":"Young Adult","link":"https:\/\/smallthings.fr\/lespetitslivres\/category\/young-adult\/"},"img":{"alt_text":"","src":"https:\/\/i0.wp.com\/smallthings.fr\/lespetitslivres\/wp-content\/uploads\/2016\/05\/deferlante.jpg?resize=350%2C200","width":350,"height":200},"classes":[]},{"id":19890,"url":"https:\/\/smallthings.fr\/lespetitslivres\/2015\/01\/13\/resident-evil-cite-des-morts-livre\/","url_meta":{"origin":22313,"position":3},"title":"Resident Evil : le cauchemar continue dans La cit\u00e9 des morts","author":"Jennifer","date":"13 janvier 2015","format":false,"excerpt":"Avec La cit\u00e9 des morts, 3\u00e8me tome de la saga Resident Evil de S.D. Perry continue dans sa lanc\u00e9e (en librairies depuis le 5 d\u00e9cembre dernier chez Milady). Malgr\u00e9 leurs investigations, les S.T.A.R.S. n\u2019ont pas r\u00e9ussi \u00e0 d\u00e9voiler au grand jour les agissements d\u2019Umbrella. Il est trop tard pour les\u2026","rel":"","context":"Dans &quot;Fantastique&quot;","block_context":{"text":"Fantastique","link":"https:\/\/smallthings.fr\/lespetitslivres\/category\/imaginaire\/fantastique\/"},"img":{"alt_text":"","src":"https:\/\/i0.wp.com\/smallthings.fr\/wp-content\/uploads\/2015\/01\/resident-evil-cit\u00c3\u00a9-morts.jpg?resize=350%2C200","width":350,"height":200},"classes":[]},{"id":29267,"url":"https:\/\/smallthings.fr\/lespetitslivres\/2015\/12\/08\/zoo-livre-serie-tv-avis\/","url_meta":{"origin":22313,"position":4},"title":"Zoo : le livre qui a inspir\u00e9 la s\u00e9rie TV","author":"Jennifer","date":"8 d\u00e9cembre 2015","format":false,"excerpt":"Zoo est un roman de James Patterson et de Michael Ledwidge. Suite \u00e0 l\u2019adaptation du livre en s\u00e9rie t\u00e9l\u00e9, les \u00e9ditions de l\u2019Archipel ont d\u00e9cid\u00e9 de lancer une nouvelle \u00e9dition avec une nouvelle couverture. Le tout nouveau Zoo, sorti le 2 d\u00e9cembre dernier, raconte comment les animaux se sont rebell\u00e9s\u2026","rel":"","context":"Dans &quot;Science-fiction&quot;","block_context":{"text":"Science-fiction","link":"https:\/\/smallthings.fr\/lespetitslivres\/category\/imaginaire\/science-fiction\/"},"img":{"alt_text":"","src":"https:\/\/i0.wp.com\/smallthings.fr\/lespetitslivres\/wp-content\/uploads\/2015\/12\/zoo-couv.jpg?resize=350%2C200&ssl=1","width":350,"height":200,"srcset":"https:\/\/i0.wp.com\/smallthings.fr\/lespetitslivres\/wp-content\/uploads\/2015\/12\/zoo-couv.jpg?resize=350%2C200&ssl=1 1x, https:\/\/i0.wp.com\/smallthings.fr\/lespetitslivres\/wp-content\/uploads\/2015\/12\/zoo-couv.jpg?resize=525%2C300&ssl=1 1.5x, https:\/\/i0.wp.com\/smallthings.fr\/lespetitslivres\/wp-content\/uploads\/2015\/12\/zoo-couv.jpg?resize=700%2C400&ssl=1 2x, https:\/\/i0.wp.com\/smallthings.fr\/lespetitslivres\/wp-content\/uploads\/2015\/12\/zoo-couv.jpg?resize=1050%2C600&ssl=1 3x, https:\/\/i0.wp.com\/smallthings.fr\/lespetitslivres\/wp-content\/uploads\/2015\/12\/zoo-couv.jpg?resize=1400%2C800&ssl=1 4x"},"classes":[]},{"id":30516,"url":"https:\/\/smallthings.fr\/lespetitslivres\/2016\/12\/08\/enfants-ombre-feugnet-avis\/","url_meta":{"origin":22313,"position":5},"title":"Enfants de l\u2019ombre, le roman d&rsquo;anticipation qui fait froid dans le dos","author":"Jennifer","date":"8 d\u00e9cembre 2016","format":false,"excerpt":"Enfants de l\u2019ombre est un roman d\u2019anticipation \u00e9crit par Anne Feugnet. Sorti cet \u00e9t\u00e9 aux\u00a0\u00e9ditions Rebelle, ce livre\u00a0nous raconte l\u2019histoire de deux gar\u00e7ons qui n\u2019auraient jamais d\u00fb se rencontrer. Ils n\u2019ont rien en commun, \u00e0 part Gary, cet homme \u00e9trange, qui cache en r\u00e9alit\u00e9 de tr\u00e8s lourds secrets. Les adolescents\u2026","rel":"","context":"Dans &quot;Science-fiction&quot;","block_context":{"text":"Science-fiction","link":"https:\/\/smallthings.fr\/lespetitslivres\/category\/imaginaire\/science-fiction\/"},"img":{"alt_text":"","src":"https:\/\/i0.wp.com\/smallthings.fr\/lespetitslivres\/wp-content\/uploads\/2016\/11\/Enfants-de-lombre-anne-feugnet-rebelle-2.jpg?resize=350%2C200&ssl=1","width":350,"height":200,"srcset":"https:\/\/i0.wp.com\/smallthings.fr\/lespetitslivres\/wp-content\/uploads\/2016\/11\/Enfants-de-lombre-anne-feugnet-rebelle-2.jpg?resize=350%2C200&ssl=1 1x, https:\/\/i0.wp.com\/smallthings.fr\/lespetitslivres\/wp-content\/uploads\/2016\/11\/Enfants-de-lombre-anne-feugnet-rebelle-2.jpg?resize=525%2C300&ssl=1 1.5x"},"classes":[]}],"_links":{"self":[{"href":"https:\/\/smallthings.fr\/lespetitslivres\/wp-json\/wp\/v2\/posts\/22313"}],"collection":[{"href":"https:\/\/smallthings.fr\/lespetitslivres\/wp-json\/wp\/v2\/posts"}],"about":[{"href":"https:\/\/smallthings.fr\/lespetitslivres\/wp-json\/wp\/v2\/types\/post"}],"author":[{"embeddable":true,"href":"https:\/\/smallthings.fr\/lespetitslivres\/wp-json\/wp\/v2\/users\/14"}],"replies":[{"embeddable":true,"href":"https:\/\/smallthings.fr\/lespetitslivres\/wp-json\/wp\/v2\/comments?post=22313"}],"version-history":[{"count":1,"href":"https:\/\/smallthings.fr\/lespetitslivres\/wp-json\/wp\/v2\/posts\/22313\/revisions"}],"predecessor-version":[{"id":28778,"href":"https:\/\/smallthings.fr\/lespetitslivres\/wp-json\/wp\/v2\/posts\/22313\/revisions\/28778"}],"wp:featuredmedia":[{"embeddable":true,"href":"https:\/\/smallthings.fr\/lespetitslivres\/wp-json\/"}],"wp:attachment":[{"href":"https:\/\/smallthings.fr\/lespetitslivres\/wp-json\/wp\/v2\/media?parent=22313"}],"wp:term":[{"taxonomy":"category","embeddable":true,"href":"https:\/\/smallthings.fr\/lespetitslivres\/wp-json\/wp\/v2\/categories?post=22313"},{"taxonomy":"post_tag","embeddable":true,"href":"https:\/\/smallthings.fr\/lespetitslivres\/wp-json\/wp\/v2\/tags?post=22313"}],"curies":[{"name":"wp","href":"https:\/\/api.w.org\/{rel}","templated":true}]}}