{"id":22178,"date":"2015-04-09T14:28:42","date_gmt":"2015-04-09T13:28:42","guid":{"rendered":"http:\/\/smallthings.fr\/?p=22178"},"modified":"2015-11-02T13:21:05","modified_gmt":"2015-11-02T12:21:05","slug":"deux-brule-parfums-eileen-chang-avis","status":"publish","type":"post","link":"https:\/\/smallthings.fr\/lespetitslivres\/2015\/04\/09\/deux-brule-parfums-eileen-chang-avis\/","title":{"rendered":"Deux br\u00fble-parfums : contes hongkongais d&rsquo;Eileen Chang"},"content":{"rendered":"<h2><em>Deux br\u00fble-parfums<\/em> d&rsquo;Eileen Chang para\u00eet aujourd&rsquo;hui (9 avril) aux <a href=\"http:\/\/www.zulma.fr\/livre-deux-brule-parfums-572111.html\" target=\"_blank\">\u00e9ditions Zulma<\/a>. Subtil, d\u00e9licat, cisel\u00e9&#8230; et v\u00e9n\u00e9neux, le style d\u2019Eileen Chang \u00e9voque une orchid\u00e9e d\u00e9ployant lentement ses p\u00e9tales aguicheurs pour laisser son parfum capiteux caresser les narines, d\u00e9voiler son c\u0153ur en une \u0153illade mutine&#8230; et refermer brusquement le pi\u00e8ge tendu sur le narrateur et le lecteur \u00e9galement surpris.<\/h2>\n<p>Les deux histoires qui composent le recueil <strong><em>Deux br\u00fble-parfums<\/em><\/strong> d\u00e9butent comme des contes\u00a0: \u00ab\u00a0Retrouvez chez vous, s\u2019il vous pla\u00eet, un vieux br\u00fble-parfum de famille tout constell\u00e9 de vert-de-gris, allumez-y des copeaux d\u2019alo\u00e8s et \u00e9coutez-moi vous raconter une histoire du Hong-Kong d\u2019avant-guerre&#8230;\u00a0\u00bb mais de monde f\u00e9\u00e9rique il n\u2019est nullement question. Ce sont les travers de la bonne soci\u00e9t\u00e9 hongkongaise qu\u2019Eileen Chang d\u00e9voile impitoyablement, dans toute leur cruaut\u00e9 et leur raffinement, \u00e0 travers <em>Deux br\u00fble-parfums<\/em>.<\/p>\n<p><a href=\"http:\/\/smallthings.fr\/2015\/04\/09\/deux-brule-parfums-eileen-chang-avis\/lasolutionesquimauaw-6\/\" rel=\"attachment wp-att-22180\"><img loading=\"lazy\" decoding=\"async\" class=\"alignright  wp-image-22180\" src=\"http:\/\/smallthings.fr\/wp-content\/uploads\/2015\/04\/deux-brule-parfums-527x800.jpg\" alt=\"LaSolutionEsquimauAW\" width=\"233\" height=\"354\" \/><\/a>Ce diptyque d\u00e9peint d\u2019un c\u00f4t\u00e9 les intrigues d\u2019une jeune fille chinoise entretenue par sa tante qui tente de la d\u00e9shonorer au-del\u00e0 de toute r\u00e9demption, par le moyen le plus subtil et le plus pervers qui soit\u00a0: l\u2019amour non partag\u00e9. De l\u2019autre, il expose l\u2019\u00e9chec complet de l\u2019hymen suppos\u00e9 idyllique d\u2019un professeur d\u2019universit\u00e9 et une jeune fille de famille irlandaise matriarcale, tous deux issus de la soci\u00e9t\u00e9 colonialiste de Hong-Kong. Deux trag\u00e9dies, deux jeux de dupes dans lesquels les h\u00e9ros comme le lecteur se font prendre\u00a0; dans le premier une femme, dans le second un homme, \u00e0 chaque fois dans le n\u0153ud du mariage, summum de l\u2019ironie. La sym\u00e9trie est parfaite, la ma\u00eetrise impeccable, le style cisel\u00e9 et tranchant comme une dague, \u00e9tincelant et aff\u00fbt\u00e9 dans sa peinture des faux-semblants du grand th\u00e9\u00e2tre de la soci\u00e9t\u00e9.<\/p>\n<p>On se fait prendre par <em>Deux br\u00fble-parfums<\/em>, comme on le serait dans les filets irr\u00e9sistibles d\u2019un traquenard\u00a0; je m\u2019y suis laiss\u00e9e glisser sans peine, et j\u2019en suis sortie avec le sentiment d\u2019avoir arpent\u00e9 le Hong-Kong colonialiste au gr\u00e9 des descriptions au lyrisme d\u00e9licat et \u00e9vocateur de l\u2019auteur, d\u2019avoir inspir\u00e9 les fum\u00e9es d\u2019encens capiteux et ploy\u00e9 sous le poids de la prison dor\u00e9e qui se referme peu \u00e0 peu sur Wei-Lung, ou de la r\u00e9probation sur les \u00e9paules de M. Empton.<\/p>\n<p><strong><em>Deux br\u00fble-parfums<\/em> est vrai bijou chinois, \u00e9l\u00e9gant, laqu\u00e9, irr\u00e9sistible<\/strong>, qui tient toutes ses promesses et qu\u2019on pose sur une \u00e9tag\u00e8re pour le contempler de temps \u00e0 autre comme un objet pr\u00e9cieux.<\/p>\n<div id=\"attachment_22181\" style=\"width: 182px\" class=\"wp-caption alignleft\"><a href=\"http:\/\/smallthings.fr\/2015\/04\/09\/deux-brule-parfums-eileen-chang-avis\/deux-brule-parfums-chang\/\" rel=\"attachment wp-att-22181\"><img loading=\"lazy\" decoding=\"async\" aria-describedby=\"caption-attachment-22181\" class=\" wp-image-22181\" src=\"http:\/\/smallthings.fr\/wp-content\/uploads\/2015\/04\/deux-brule-parfums-chang-672x800.jpg\" alt=\"Eileen Chang\" width=\"172\" height=\"205\" \/><\/a><p id=\"caption-attachment-22181\" class=\"wp-caption-text\">Eileen Chang<\/p><\/div>\n<p>N\u00e9e \u00e0 Shanghai en 1920, \u00e9migr\u00e9e aux \u00c9tats-Unis o\u00f9 elle prend la nationalit\u00e9 am\u00e9ricaine en 1960 et morte \u00e0 Los Angeles en 1995, <strong>Eileen Chang incarne elle-m\u00eame le produit de la fusion des mondes chinois et anglo-saxons<\/strong>. Largement m\u00e9connue en Europe, elle fut l\u2019un des plus grands \u00e9crivains chinois de son \u00e9poque, notamment pour sa peinture du Shanghai des ann\u00e9es 40 et de Hong-Kong sous l\u2019occupation japonaise. Elle connut une immense popularit\u00e9 qui contraste de mani\u00e8re criante avec sa vie personnelle, marqu\u00e9e par les d\u00e9ceptions, la trag\u00e9die et une solitude grandissante.<\/p>\n<blockquote><p><em>\u00ab\u00a0Madame Liang \u00e9tait install\u00e9e sur une chaise longue, une jambe pass\u00e9e en crochet sur l\u2019accoudoir, sa mule \u00e0 haut talon, en tressage dor\u00e9, se balan\u00e7ait au bout de son orteil, mena\u00e7ant \u00e0 tout instant de tomber en claquant sur le sol. Elle avait troqu\u00e9 son chapeau pour un turban vert perroquet (&#8230;). Sa tante n\u2019avait pas l\u2019air de s\u2019apercevoir de sa pr\u00e9sence et semblait dormir, occup\u00e9e seulement de l\u2019\u00e9ventail en feuilles de bananier cal\u00e9 sur son visage. \u00bb<\/em><\/p><\/blockquote>\n","protected":false},"excerpt":{"rendered":"<p>Deux br\u00fble-parfums d&rsquo;Eileen Chang para\u00eet aujourd&rsquo;hui (9 avril) aux \u00e9ditions Zulma. Subtil, d\u00e9licat, cisel\u00e9&#8230; et v\u00e9n\u00e9neux, le style d\u2019Eileen Chang \u00e9voque une orchid\u00e9e d\u00e9ployant lentement ses p\u00e9tales aguicheurs pour laisser son parfum capiteux caresser les narines, d\u00e9voiler son c\u0153ur en une \u0153illade mutine&#8230; et refermer brusquement le pi\u00e8ge tendu sur le narrateur et le lecteur<\/p>\n","protected":false},"author":13,"featured_media":22179,"comment_status":"open","ping_status":"open","sticky":false,"template":"","format":"standard","meta":{"jetpack_post_was_ever_published":false,"_jetpack_newsletter_access":"","_jetpack_newsletter_tier_id":0,"footnotes":"","jetpack_publicize_message":"","jetpack_is_tweetstorm":false,"jetpack_publicize_feature_enabled":true,"jetpack_social_post_already_shared":false,"jetpack_social_options":{"image_generator_settings":{"template":"highway","enabled":false}}},"categories":[1118],"tags":[232,233,234,235],"jetpack_publicize_connections":[],"yoast_head":"<!-- This site is optimized with the Yoast SEO plugin v21.5 - https:\/\/yoast.com\/wordpress\/plugins\/seo\/ -->\n<title>Deux br\u00fble-parfums : contes hongkongais d&#039;Eileen Chang<\/title>\n<meta name=\"description\" content=\"Deux br\u00fble-parfums d&#039;Eileen Chang para\u00eet aujourd&#039;hui (9 avril) aux \u00e9ditions Zulma. Subtil, d\u00e9licat, cisel\u00e9... et v\u00e9n\u00e9neux, le style d\u2019Eileen Chang \u00e9voque\" \/>\n<meta name=\"robots\" content=\"index, follow, max-snippet:-1, max-image-preview:large, max-video-preview:-1\" \/>\n<link rel=\"canonical\" href=\"https:\/\/smallthings.fr\/lespetitslivres\/2015\/04\/09\/deux-brule-parfums-eileen-chang-avis\/\" \/>\n<meta property=\"og:locale\" content=\"fr_FR\" \/>\n<meta property=\"og:type\" content=\"article\" \/>\n<meta property=\"og:title\" content=\"Deux br\u00fble-parfums : contes hongkongais d&#039;Eileen Chang\" \/>\n<meta property=\"og:description\" content=\"Deux br\u00fble-parfums d&#039;Eileen Chang para\u00eet aujourd&#039;hui (9 avril) aux \u00e9ditions Zulma. Subtil, d\u00e9licat, cisel\u00e9... et v\u00e9n\u00e9neux, le style d\u2019Eileen Chang \u00e9voque\" \/>\n<meta property=\"og:url\" content=\"https:\/\/smallthings.fr\/lespetitslivres\/2015\/04\/09\/deux-brule-parfums-eileen-chang-avis\/\" \/>\n<meta property=\"og:site_name\" content=\"Les Petits Livres\" \/>\n<meta property=\"article:published_time\" content=\"2015-04-09T13:28:42+00:00\" \/>\n<meta property=\"article:modified_time\" content=\"2015-11-02T12:21:05+00:00\" \/>\n<meta name=\"author\" content=\"Cecile\" \/>\n<meta name=\"twitter:card\" content=\"summary_large_image\" \/>\n<meta name=\"twitter:label1\" content=\"\u00c9crit par\" \/>\n\t<meta name=\"twitter:data1\" content=\"Cecile\" \/>\n\t<meta name=\"twitter:label2\" content=\"Dur\u00e9e de lecture estim\u00e9e\" \/>\n\t<meta name=\"twitter:data2\" content=\"3 minutes\" \/>\n<script type=\"application\/ld+json\" class=\"yoast-schema-graph\">{\"@context\":\"https:\/\/schema.org\",\"@graph\":[{\"@type\":\"WebPage\",\"@id\":\"https:\/\/smallthings.fr\/lespetitslivres\/2015\/04\/09\/deux-brule-parfums-eileen-chang-avis\/\",\"url\":\"https:\/\/smallthings.fr\/lespetitslivres\/2015\/04\/09\/deux-brule-parfums-eileen-chang-avis\/\",\"name\":\"Deux br\u00fble-parfums : contes hongkongais d'Eileen Chang\",\"isPartOf\":{\"@id\":\"https:\/\/smallthings.fr\/lespetitslivres\/#website\"},\"datePublished\":\"2015-04-09T13:28:42+00:00\",\"dateModified\":\"2015-11-02T12:21:05+00:00\",\"author\":{\"@id\":\"https:\/\/smallthings.fr\/lespetitslivres\/#\/schema\/person\/7b3de8ef611f2b29f758a00cad7cafb2\"},\"description\":\"Deux br\u00fble-parfums d'Eileen Chang para\u00eet aujourd'hui (9 avril) aux \u00e9ditions Zulma. Subtil, d\u00e9licat, cisel\u00e9... et v\u00e9n\u00e9neux, le style d\u2019Eileen Chang \u00e9voque\",\"breadcrumb\":{\"@id\":\"https:\/\/smallthings.fr\/lespetitslivres\/2015\/04\/09\/deux-brule-parfums-eileen-chang-avis\/#breadcrumb\"},\"inLanguage\":\"fr-FR\",\"potentialAction\":[{\"@type\":\"ReadAction\",\"target\":[\"https:\/\/smallthings.fr\/lespetitslivres\/2015\/04\/09\/deux-brule-parfums-eileen-chang-avis\/\"]}]},{\"@type\":\"BreadcrumbList\",\"@id\":\"https:\/\/smallthings.fr\/lespetitslivres\/2015\/04\/09\/deux-brule-parfums-eileen-chang-avis\/#breadcrumb\",\"itemListElement\":[{\"@type\":\"ListItem\",\"position\":1,\"name\":\"Accueil\",\"item\":\"https:\/\/smallthings.fr\/lespetitslivres\/\"},{\"@type\":\"ListItem\",\"position\":2,\"name\":\"Deux br\u00fble-parfums : contes hongkongais d&rsquo;Eileen Chang\"}]},{\"@type\":\"WebSite\",\"@id\":\"https:\/\/smallthings.fr\/lespetitslivres\/#website\",\"url\":\"https:\/\/smallthings.fr\/lespetitslivres\/\",\"name\":\"Les Petits Livres\",\"description\":\"by Small Things\",\"potentialAction\":[{\"@type\":\"SearchAction\",\"target\":{\"@type\":\"EntryPoint\",\"urlTemplate\":\"https:\/\/smallthings.fr\/lespetitslivres\/?s={search_term_string}\"},\"query-input\":\"required name=search_term_string\"}],\"inLanguage\":\"fr-FR\"},{\"@type\":\"Person\",\"@id\":\"https:\/\/smallthings.fr\/lespetitslivres\/#\/schema\/person\/7b3de8ef611f2b29f758a00cad7cafb2\",\"name\":\"Cecile\",\"image\":{\"@type\":\"ImageObject\",\"inLanguage\":\"fr-FR\",\"@id\":\"https:\/\/smallthings.fr\/lespetitslivres\/#\/schema\/person\/image\/\",\"url\":\"https:\/\/secure.gravatar.com\/avatar\/a855fa1dbad38b06e97132a8a6579746?s=96&d=retro&r=g\",\"contentUrl\":\"https:\/\/secure.gravatar.com\/avatar\/a855fa1dbad38b06e97132a8a6579746?s=96&d=retro&r=g\",\"caption\":\"Cecile\"},\"url\":\"https:\/\/smallthings.fr\/lespetitslivres\/author\/cecile\/\"}]}<\/script>\n<!-- \/ Yoast SEO plugin. -->","yoast_head_json":{"title":"Deux br\u00fble-parfums : contes hongkongais d'Eileen Chang","description":"Deux br\u00fble-parfums d'Eileen Chang para\u00eet aujourd'hui (9 avril) aux \u00e9ditions Zulma. Subtil, d\u00e9licat, cisel\u00e9... et v\u00e9n\u00e9neux, le style d\u2019Eileen Chang \u00e9voque","robots":{"index":"index","follow":"follow","max-snippet":"max-snippet:-1","max-image-preview":"max-image-preview:large","max-video-preview":"max-video-preview:-1"},"canonical":"https:\/\/smallthings.fr\/lespetitslivres\/2015\/04\/09\/deux-brule-parfums-eileen-chang-avis\/","og_locale":"fr_FR","og_type":"article","og_title":"Deux br\u00fble-parfums : contes hongkongais d'Eileen Chang","og_description":"Deux br\u00fble-parfums d'Eileen Chang para\u00eet aujourd'hui (9 avril) aux \u00e9ditions Zulma. Subtil, d\u00e9licat, cisel\u00e9... et v\u00e9n\u00e9neux, le style d\u2019Eileen Chang \u00e9voque","og_url":"https:\/\/smallthings.fr\/lespetitslivres\/2015\/04\/09\/deux-brule-parfums-eileen-chang-avis\/","og_site_name":"Les Petits Livres","article_published_time":"2015-04-09T13:28:42+00:00","article_modified_time":"2015-11-02T12:21:05+00:00","author":"Cecile","twitter_card":"summary_large_image","twitter_misc":{"\u00c9crit par":"Cecile","Dur\u00e9e de lecture estim\u00e9e":"3 minutes"},"schema":{"@context":"https:\/\/schema.org","@graph":[{"@type":"WebPage","@id":"https:\/\/smallthings.fr\/lespetitslivres\/2015\/04\/09\/deux-brule-parfums-eileen-chang-avis\/","url":"https:\/\/smallthings.fr\/lespetitslivres\/2015\/04\/09\/deux-brule-parfums-eileen-chang-avis\/","name":"Deux br\u00fble-parfums : contes hongkongais d'Eileen Chang","isPartOf":{"@id":"https:\/\/smallthings.fr\/lespetitslivres\/#website"},"datePublished":"2015-04-09T13:28:42+00:00","dateModified":"2015-11-02T12:21:05+00:00","author":{"@id":"https:\/\/smallthings.fr\/lespetitslivres\/#\/schema\/person\/7b3de8ef611f2b29f758a00cad7cafb2"},"description":"Deux br\u00fble-parfums d'Eileen Chang para\u00eet aujourd'hui (9 avril) aux \u00e9ditions Zulma. Subtil, d\u00e9licat, cisel\u00e9... et v\u00e9n\u00e9neux, le style d\u2019Eileen Chang \u00e9voque","breadcrumb":{"@id":"https:\/\/smallthings.fr\/lespetitslivres\/2015\/04\/09\/deux-brule-parfums-eileen-chang-avis\/#breadcrumb"},"inLanguage":"fr-FR","potentialAction":[{"@type":"ReadAction","target":["https:\/\/smallthings.fr\/lespetitslivres\/2015\/04\/09\/deux-brule-parfums-eileen-chang-avis\/"]}]},{"@type":"BreadcrumbList","@id":"https:\/\/smallthings.fr\/lespetitslivres\/2015\/04\/09\/deux-brule-parfums-eileen-chang-avis\/#breadcrumb","itemListElement":[{"@type":"ListItem","position":1,"name":"Accueil","item":"https:\/\/smallthings.fr\/lespetitslivres\/"},{"@type":"ListItem","position":2,"name":"Deux br\u00fble-parfums : contes hongkongais d&rsquo;Eileen Chang"}]},{"@type":"WebSite","@id":"https:\/\/smallthings.fr\/lespetitslivres\/#website","url":"https:\/\/smallthings.fr\/lespetitslivres\/","name":"Les Petits Livres","description":"by Small Things","potentialAction":[{"@type":"SearchAction","target":{"@type":"EntryPoint","urlTemplate":"https:\/\/smallthings.fr\/lespetitslivres\/?s={search_term_string}"},"query-input":"required name=search_term_string"}],"inLanguage":"fr-FR"},{"@type":"Person","@id":"https:\/\/smallthings.fr\/lespetitslivres\/#\/schema\/person\/7b3de8ef611f2b29f758a00cad7cafb2","name":"Cecile","image":{"@type":"ImageObject","inLanguage":"fr-FR","@id":"https:\/\/smallthings.fr\/lespetitslivres\/#\/schema\/person\/image\/","url":"https:\/\/secure.gravatar.com\/avatar\/a855fa1dbad38b06e97132a8a6579746?s=96&d=retro&r=g","contentUrl":"https:\/\/secure.gravatar.com\/avatar\/a855fa1dbad38b06e97132a8a6579746?s=96&d=retro&r=g","caption":"Cecile"},"url":"https:\/\/smallthings.fr\/lespetitslivres\/author\/cecile\/"}]}},"jetpack_featured_media_url":"","jetpack_sharing_enabled":true,"jetpack_shortlink":"https:\/\/wp.me\/p6Un21-5LI","jetpack-related-posts":[{"id":22518,"url":"https:\/\/smallthings.fr\/lespetitslivres\/2015\/04\/15\/sauve-toi-kelly-braffet-polar-amerique-avis\/","url_meta":{"origin":22178,"position":0},"title":"\u00ab\u00a0Sauve-toi\u00a0\u00bb de Kelly Braffet : polar en Am\u00e9rique profonde","author":"Cecile","date":"15 avril 2015","format":false,"excerpt":"Sauve-toi, troisi\u00e8me roman de Kelly Braffet, belle-fille de Stephen King, est paru le 9 avril aux \u00e9ditions du Rouergue (collection Rouergue Noir). Il est le premier de ses livres \u00e0 \u00eatre traduit en fran\u00e7ais et fut un succ\u00e8s aux \u00c9tats-Unis lors de sa parution. Il va donc sans dire qu\u2019on\u2026","rel":"","context":"Dans &quot;Thriller&quot;","block_context":{"text":"Thriller","link":"https:\/\/smallthings.fr\/lespetitslivres\/category\/thriller\/"},"img":{"alt_text":"","src":"https:\/\/i0.wp.com\/smallthings.fr\/wp-content\/uploads\/2015\/04\/sauve-toi-kelly-braffet.jpg?resize=350%2C200","width":350,"height":200},"classes":[]},{"id":31810,"url":"https:\/\/smallthings.fr\/lespetitslivres\/2018\/10\/03\/couleurs-de-l-incendie-lemaitre-avis\/","url_meta":{"origin":22178,"position":1},"title":"Couleurs de l&rsquo;incendie : suite r\u00e9ussie pour Pierre Lemaitre","author":"Victoire Neyraud","date":"3 octobre 2018","format":false,"excerpt":"Un des cadeaux litt\u00e9raires de l\u2019ann\u00e9e 2018\u00a0:\u00a0Couleurs de l\u2019incendie, le deuxi\u00e8me tome de la trilogie de Pierre Lema\u00eetre (Albin Michel) nous plonge dans la France de l\u2019entre-deux-guerres. Victoire revient pour nous sur ce tr\u00e8s beau livre. Couleurs de l\u2019incendie\u00a0part avec un handicap\u00a0: sa prestigieuse ascendance. Les lecteurs ravis par\u00a0Au revoir\u2026","rel":"","context":"Dans &quot;Roman fran\u00e7ais&quot;","block_context":{"text":"Roman fran\u00e7ais","link":"https:\/\/smallthings.fr\/lespetitslivres\/category\/roman\/roman-francais\/"},"img":{"alt_text":"","src":"https:\/\/i0.wp.com\/smallthings.fr\/lespetitslivres\/wp-content\/uploads\/2018\/10\/couleurs-incendie-france-guerre-cover.jpg?resize=350%2C200&ssl=1","width":350,"height":200,"srcset":"https:\/\/i0.wp.com\/smallthings.fr\/lespetitslivres\/wp-content\/uploads\/2018\/10\/couleurs-incendie-france-guerre-cover.jpg?resize=350%2C200&ssl=1 1x, https:\/\/i0.wp.com\/smallthings.fr\/lespetitslivres\/wp-content\/uploads\/2018\/10\/couleurs-incendie-france-guerre-cover.jpg?resize=525%2C300&ssl=1 1.5x"},"classes":[]},{"id":32137,"url":"https:\/\/smallthings.fr\/lespetitslivres\/2020\/07\/14\/le-fleau-des-locustes-une-pure-merveille-de-fantasy\/","url_meta":{"origin":22178,"position":2},"title":"Le fl\u00e9au des Locustes, une pure merveille de fantasy !","author":"Jennifer","date":"14 juillet 2020","format":false,"excerpt":"Sorti le 08 juillet dernier chez Milady, Le fl\u00e9au des Locustes est le second volet de la saga \u00e0 succ\u00e8s Le sixi\u00e8me monde de Rebecca Roanhorse. Dans ce tome, Maggie va partir \u00e0 la recherche de Kai, kidnapp\u00e9 par un homme capable de contr\u00f4ler des insectes mangeurs d'Hommes. Le premier\u2026","rel":"","context":"Dans &quot;Fantasy&quot;","block_context":{"text":"Fantasy","link":"https:\/\/smallthings.fr\/lespetitslivres\/category\/imaginaire\/fantasy\/"},"img":{"alt_text":"","src":"https:\/\/i0.wp.com\/smallthings.fr\/lespetitslivres\/wp-content\/uploads\/2020\/07\/Le-sici\u00e8me-monde-Le-fl\u00e9au-des-locustes-Rebecca-Roanhorse-3.jpg?resize=350%2C200&ssl=1","width":350,"height":200,"srcset":"https:\/\/i0.wp.com\/smallthings.fr\/lespetitslivres\/wp-content\/uploads\/2020\/07\/Le-sici\u00e8me-monde-Le-fl\u00e9au-des-locustes-Rebecca-Roanhorse-3.jpg?resize=350%2C200&ssl=1 1x, https:\/\/i0.wp.com\/smallthings.fr\/lespetitslivres\/wp-content\/uploads\/2020\/07\/Le-sici\u00e8me-monde-Le-fl\u00e9au-des-locustes-Rebecca-Roanhorse-3.jpg?resize=525%2C300&ssl=1 1.5x, https:\/\/i0.wp.com\/smallthings.fr\/lespetitslivres\/wp-content\/uploads\/2020\/07\/Le-sici\u00e8me-monde-Le-fl\u00e9au-des-locustes-Rebecca-Roanhorse-3.jpg?resize=700%2C400&ssl=1 2x, https:\/\/i0.wp.com\/smallthings.fr\/lespetitslivres\/wp-content\/uploads\/2020\/07\/Le-sici\u00e8me-monde-Le-fl\u00e9au-des-locustes-Rebecca-Roanhorse-3.jpg?resize=1050%2C600&ssl=1 3x"},"classes":[]},{"id":23047,"url":"https:\/\/smallthings.fr\/lespetitslivres\/2015\/04\/30\/baiser-a-manhattan-kim-messier-erotique-avis\/","url_meta":{"origin":22178,"position":3},"title":"Baiser \u00e0 Manhattan, roman \u00e9rotique de Kim Messier","author":"Cecile","date":"30 avril 2015","format":false,"excerpt":"Baiser \u00e0 Manhattan, c'est le roman \u00e9rotique que nous proposent les \u00e9ditions de Mortagne pour le mois d'avril (sorti le 9 avril). Disons-le tout de suite, le roman de Kim Messier, institutrice qu\u00e9b\u00e9coise, a le m\u00e9rite de ne pas surfer sur la vague SM cr\u00e9\u00e9e par les Cinquante Nuances de\u2026","rel":"","context":"Dans &quot;Roman \u00e9tranger&quot;","block_context":{"text":"Roman \u00e9tranger","link":"https:\/\/smallthings.fr\/lespetitslivres\/category\/roman\/roman-etranger\/"},"img":{"alt_text":"","src":"https:\/\/i0.wp.com\/smallthings.fr\/wp-content\/uploads\/2015\/04\/baiser-a-manhattan-494x800.jpg?resize=350%2C200","width":350,"height":200},"classes":[]},{"id":20935,"url":"https:\/\/smallthings.fr\/lespetitslivres\/2015\/02\/12\/pelote-epingles-love-story-royaume-des-fees\/","url_meta":{"origin":22178,"position":4},"title":"La pelote d\u2019\u00e9pingles, love-story au royaume des f\u00e9es","author":"Jennifer","date":"12 f\u00e9vrier 2015","format":false,"excerpt":"La pelote d\u2019\u00e9pingles est un livre de C\u00e9cile G. Cortes sorti le 1er f\u00e9vrier dernier aux \u00e9ditions du Chat Noir. Il raconte l\u2019histoire de Violette, une f\u00e9e-fleur charg\u00e9e de r\u00e9unir deux tourtereaux pour qu\u2019ils d\u00e9couvrent le Grand Amour ensemble. Mais rien ne va se passer comme elle l\u2019aurait souhait\u00e9\u00a0: les\u2026","rel":"","context":"Dans &quot;Fantastique&quot;","block_context":{"text":"Fantastique","link":"https:\/\/smallthings.fr\/lespetitslivres\/category\/imaginaire\/fantastique\/"},"img":{"alt_text":"","src":"https:\/\/i0.wp.com\/smallthings.fr\/wp-content\/uploads\/2015\/02\/pelote-epingles-cortes-557x800.jpg?resize=350%2C200","width":350,"height":200},"classes":[]},{"id":24515,"url":"https:\/\/smallthings.fr\/lespetitslivres\/2015\/06\/15\/deux-mois-sans-elle-romance-murphy\/","url_meta":{"origin":22178,"position":5},"title":"Deux mois sans elle &#8211; une romance de Monica Murphy","author":"Jennifer","date":"15 juin 2015","format":false,"excerpt":"Deux mois sans elle est un roman de Monica Murphy sorti le 29 mai dernier aux \u00e9ditions Milady. Il raconte l\u2019histoire de Fable et Drew, deux jeunes adultes qui cherchent \u00e0 aller de l\u2019avant malgr\u00e9 les probl\u00e8mes qu\u2019ils ont pu rencontrer. Alors qu\u2019il l\u2019a quitt\u00e9e il y a plusieurs mois,\u2026","rel":"","context":"Dans &quot;Roman \u00e9tranger&quot;","block_context":{"text":"Roman \u00e9tranger","link":"https:\/\/smallthings.fr\/lespetitslivres\/category\/roman\/roman-etranger\/"},"img":{"alt_text":"","src":"https:\/\/i0.wp.com\/smallthings.fr\/wp-content\/uploads\/2015\/06\/deux-mois-sans-elle.jpg?resize=350%2C200","width":350,"height":200},"classes":[]}],"_links":{"self":[{"href":"https:\/\/smallthings.fr\/lespetitslivres\/wp-json\/wp\/v2\/posts\/22178"}],"collection":[{"href":"https:\/\/smallthings.fr\/lespetitslivres\/wp-json\/wp\/v2\/posts"}],"about":[{"href":"https:\/\/smallthings.fr\/lespetitslivres\/wp-json\/wp\/v2\/types\/post"}],"author":[{"embeddable":true,"href":"https:\/\/smallthings.fr\/lespetitslivres\/wp-json\/wp\/v2\/users\/13"}],"replies":[{"embeddable":true,"href":"https:\/\/smallthings.fr\/lespetitslivres\/wp-json\/wp\/v2\/comments?post=22178"}],"version-history":[{"count":1,"href":"https:\/\/smallthings.fr\/lespetitslivres\/wp-json\/wp\/v2\/posts\/22178\/revisions"}],"predecessor-version":[{"id":28777,"href":"https:\/\/smallthings.fr\/lespetitslivres\/wp-json\/wp\/v2\/posts\/22178\/revisions\/28777"}],"wp:featuredmedia":[{"embeddable":true,"href":"https:\/\/smallthings.fr\/lespetitslivres\/wp-json\/"}],"wp:attachment":[{"href":"https:\/\/smallthings.fr\/lespetitslivres\/wp-json\/wp\/v2\/media?parent=22178"}],"wp:term":[{"taxonomy":"category","embeddable":true,"href":"https:\/\/smallthings.fr\/lespetitslivres\/wp-json\/wp\/v2\/categories?post=22178"},{"taxonomy":"post_tag","embeddable":true,"href":"https:\/\/smallthings.fr\/lespetitslivres\/wp-json\/wp\/v2\/tags?post=22178"}],"curies":[{"name":"wp","href":"https:\/\/api.w.org\/{rel}","templated":true}]}}