{"id":22074,"date":"2015-04-03T15:38:11","date_gmt":"2015-04-03T14:38:11","guid":{"rendered":"http:\/\/smallthings.fr\/?p=22074"},"modified":"2015-11-05T15:31:51","modified_gmt":"2015-11-05T14:31:51","slug":"hommage-de-auteur-absent-de-paris-attachee-presse","status":"publish","type":"post","link":"https:\/\/smallthings.fr\/lespetitslivres\/2015\/04\/03\/hommage-de-auteur-absent-de-paris-attachee-presse\/","title":{"rendered":"\u00ab\u00a0Hommage de l&rsquo;auteur absent de Paris\u00a0\u00bb et bons baisers de son attach\u00e9e de presse"},"content":{"rendered":"<h2>C&rsquo;est \u00e0 travers l&rsquo;hilarant <em>Hommage de l&rsquo;auteur absent de Paris<\/em> qu&rsquo;Emmanuelle Allibert, attach\u00e9e de presse aux \u00e9ditions JC Latt\u00e8s, nous parle de son m\u00e9tier. Sorti chez <a href=\"http:\/\/www.leoscheer.com\/spip.php?article2373\" target=\"_blank\">L\u00e9o Scheer <\/a>le 7 janvier, ce t\u00e9moignage \u00e0 la fois sinc\u00e8re et d\u00e9tach\u00e9, s&rsquo;adresse \u00e0 un public tr\u00e8s averti qui conna\u00eet bien le milieu de l&rsquo;\u00e9dition.<\/h2>\n<div id=\"attachment_22080\" style=\"width: 176px\" class=\"wp-caption alignright\"><a href=\"http:\/\/smallthings.fr\/2015\/04\/02\/hommage-de-auteur-absent-de-paris-attachee-presse\/emmanuelle-allibert-hommage\/\" rel=\"attachment wp-att-22080\"><img loading=\"lazy\" decoding=\"async\" aria-describedby=\"caption-attachment-22080\" class=\" wp-image-22080\" src=\"http:\/\/smallthings.fr\/wp-content\/uploads\/2015\/03\/emmanuelle-allibert-hommage.jpg\" alt=\"Emmanuelle Allibert\" width=\"166\" height=\"249\" \/><\/a><p id=\"caption-attachment-22080\" class=\"wp-caption-text\">Emmanuelle Allibert<\/p><\/div>\n<p>Pour son premier livre, <strong>Emmanuelle Allibert fait fort et ne m\u00e2che pas ses mots<\/strong>. En tant qu&rsquo;attach\u00e9e de presse dans une grande maison d&rsquo;\u00e9dition, elle ne fait pas les choses \u00e0 moiti\u00e9 et choisit de nous raconter une partie de son quotidien \u00e0 travers un personnage tout \u00e0 fait singulier : l&rsquo;Auteur, avec un grand \u00ab\u00a0A\u00a0\u00bb. Ce sp\u00e9cimen sera d\u00e9taill\u00e9 sous toutes les coutures durant 200 pages. Pour le plus grand plaisir d&rsquo;un public averti. Non connaisseurs du m\u00e9tier de l&rsquo;\u00e9dition et de ses codes : passez votre chemin. En revanche, si vous vous y connaissez un peu, <strong><em>Hommage de l&rsquo;auteur absent de Paris<\/em><\/strong> vous fera rire du d\u00e9but \u00e0 la fin.<\/p>\n<p><em>\u00ab\u00a0L&rsquo;Auteur cherche un \u00e9diteur\u00a0\u00bb, \u00ab\u00a0L&rsquo;Auteur passe \u00e0 la t\u00e9l\u00e9\u00a0\u00bb, \u00ab\u00a0L&rsquo;Auteur participe \u00e0 un salon\u00a0\u00bb, \u00ab\u00a0L&rsquo;Auteur est adapt\u00e9 au cin\u00e9ma\u00a0\u00bb<\/em>&#8230; Tout, tout, tout, vous saurez tout sur l&rsquo;Auteur. Au-del\u00e0 du comique de situation, le style d&rsquo;Allibert est hilarant. Le sp\u00e9cimen choisi est un auteur, dirais-je, \u00ab\u00a0lambda\u00a0\u00bb, qui a publi\u00e9 quelques romans et essais, a r\u00e9ussi \u00e0 d\u00e9crocher un contrat dans une maison d&rsquo;\u00e9dition importante gr\u00e2ce \u00e0 son r\u00e9seau, ne vend pas grand chose, a un peu de presse, passe \u00e9ventuellement \u00e0 la t\u00e9l\u00e9vision, se rend \u00e0 quelques salons litt\u00e9raires en province, re\u00e7oit un prix&#8230; Deux traits dominants du caract\u00e8re de l&rsquo;Auteur en ressortent : il est s\u00fbr de lui, mais en m\u00eame temps plut\u00f4t na\u00eff. Ce postulat donne naissance \u00e0 des situations tr\u00e8s dr\u00f4les.<\/p>\n<p><a href=\"http:\/\/smallthings.fr\/2015\/04\/02\/hommage-de-auteur-absent-de-paris-attachee-presse\/hommage-de-l-auteur\/\" rel=\"attachment wp-att-22109\"><img loading=\"lazy\" decoding=\"async\" class=\"alignleft wp-image-22109\" src=\"http:\/\/smallthings.fr\/wp-content\/uploads\/2015\/03\/hommage-de-l-auteur.jpg\" alt=\"hommage-de-l-auteur\" width=\"209\" height=\"314\" \/><\/a>Emmanuelle Allibert ne se d\u00e9partit pas pour autant d&rsquo;une certaine tendresse envers son Auteur. Il a beau \u00eatre un peu relou, il n&rsquo;en est pas moins un personnage singulier gr\u00e2ce auquel elle ne s&rsquo;ennuie pas, et qui peut la toucher parfois. <strong>Cet hommage de l&rsquo;auteur est aussi un hommage \u00e0 l&rsquo;auteur<\/strong>, \u00e9nergum\u00e8ne truculent, souvent pr\u00e9visible, au rendez-vous de sa r\u00e9putation. A la fin du livre, Allibert remercie la direction des \u00e9ditions Latt\u00e8s qui l&rsquo;ont encourag\u00e9e dans son \u00ab\u00a0projet annexe\u00a0\u00bb. Quant \u00e0 nous, on peut la f\u00e9liciter d&rsquo;\u00eatre capable d&rsquo;autant de recul, de clairvoyance et d&rsquo;auto-d\u00e9rision, sur ce m\u00e9tier qui semble tr\u00e8s fatiguant mais quand m\u00eame rigolo. La peinture de l&rsquo;attach\u00e9e de presse sonne tr\u00e8s juste.<\/p>\n<p>On s&rsquo;amuse des encadr\u00e9s \u00ab\u00a0Ce que l&rsquo;Auteur veut \/ ce qu&rsquo;il a\u00a0\u00bb qui rappellent la na\u00efvet\u00e9 et la confiance que l&rsquo;auteur a en lui :<\/p>\n<blockquote><p>Un shooting par un photographe r\u00e9put\u00e9 -&gt; La photo (gratuite et libre de droits) prise par son neveu l&rsquo;\u00e9t\u00e9 dernier.<\/p>\n<p>Que tous ses copains ach\u00e8tent son livre -&gt; Il a envoy\u00e9 un service de presse \u00e0 ses cinq amis.<\/p>\n<p>Que son \u00e9diteur soit aux petits soins pour lui -&gt; L&rsquo;\u00e9diteur filtre ses appels.<\/p><\/blockquote>\n<p><em>Hommage de l&rsquo;auteur absent de Paris<\/em> s&rsquo;adresse \u00e0 un public qui a d\u00e9j\u00e0 une connaissance assez pr\u00e9cise du monde de l&rsquo;\u00e9dition et du m\u00e9tier des relations presse. Le comique de situation ne pourra pas \u00eatre per\u00e7u par tout le monde. <strong>Pour les avertis, tr\u00e8s bon moment assur\u00e9. <\/strong>Pour les tr\u00e8s avertis, l&rsquo;impression qu&rsquo;Allibert parle de votre exp\u00e9rience \u00e0 chaque ligne peut \u00eatre assez d\u00e9concertante ! <strong><br \/>\n<\/strong><\/p>\n","protected":false},"excerpt":{"rendered":"<p>C&rsquo;est \u00e0 travers l&rsquo;hilarant Hommage de l&rsquo;auteur absent de Paris qu&rsquo;Emmanuelle Allibert, attach\u00e9e de presse aux \u00e9ditions JC Latt\u00e8s, nous parle de son m\u00e9tier. Sorti chez L\u00e9o Scheer le 7 janvier, ce t\u00e9moignage \u00e0 la fois sinc\u00e8re et d\u00e9tach\u00e9, s&rsquo;adresse \u00e0 un public tr\u00e8s averti qui conna\u00eet bien le milieu de l&rsquo;\u00e9dition. Pour son premier<\/p>\n","protected":false},"author":2,"featured_media":29054,"comment_status":"open","ping_status":"open","sticky":false,"template":"","format":"standard","meta":{"jetpack_post_was_ever_published":false,"_jetpack_newsletter_access":"","_jetpack_newsletter_tier_id":0,"footnotes":"","jetpack_publicize_message":"","jetpack_is_tweetstorm":false,"jetpack_publicize_feature_enabled":true,"jetpack_social_post_already_shared":false,"jetpack_social_options":{"image_generator_settings":{"template":"highway","enabled":false}}},"categories":[1110],"tags":[746,747,748,749],"jetpack_publicize_connections":[],"yoast_head":"<!-- This site is optimized with the Yoast SEO plugin v21.5 - https:\/\/yoast.com\/wordpress\/plugins\/seo\/ -->\n<title>Hommage de l&#039;auteur absent de Paris et bons baisers de son attach\u00e9e de presse<\/title>\n<meta name=\"description\" content=\"C&#039;est \u00e0 travers l&#039;hilarant Hommage de l&#039;auteur absent de Paris qu&#039;Emmanuelle Allibert, attach\u00e9e de presse aux \u00e9ditions JC Latt\u00e8s, nous parle de son m\u00e9tier.\" \/>\n<meta name=\"robots\" content=\"index, follow, max-snippet:-1, max-image-preview:large, max-video-preview:-1\" \/>\n<link rel=\"canonical\" href=\"https:\/\/smallthings.fr\/lespetitslivres\/2015\/04\/03\/hommage-de-auteur-absent-de-paris-attachee-presse\/\" \/>\n<meta property=\"og:locale\" content=\"fr_FR\" \/>\n<meta property=\"og:type\" content=\"article\" \/>\n<meta property=\"og:title\" content=\"Hommage de l&#039;auteur absent de Paris et bons baisers de son attach\u00e9e de presse\" \/>\n<meta property=\"og:description\" content=\"C&#039;est \u00e0 travers l&#039;hilarant Hommage de l&#039;auteur absent de Paris qu&#039;Emmanuelle Allibert, attach\u00e9e de presse aux \u00e9ditions JC Latt\u00e8s, nous parle de son m\u00e9tier.\" \/>\n<meta property=\"og:url\" content=\"https:\/\/smallthings.fr\/lespetitslivres\/2015\/04\/03\/hommage-de-auteur-absent-de-paris-attachee-presse\/\" \/>\n<meta property=\"og:site_name\" content=\"Les Petits Livres\" \/>\n<meta property=\"article:published_time\" content=\"2015-04-03T14:38:11+00:00\" \/>\n<meta property=\"article:modified_time\" content=\"2015-11-05T14:31:51+00:00\" \/>\n<meta property=\"og:image\" content=\"https:\/\/smallthings.fr\/lespetitslivres\/wp-content\/uploads\/2015\/04\/hommage-auteur-absent-paris-couv.jpg\" \/>\n\t<meta property=\"og:image:width\" content=\"591\" \/>\n\t<meta property=\"og:image:height\" content=\"526\" \/>\n\t<meta property=\"og:image:type\" content=\"image\/jpeg\" \/>\n<meta name=\"author\" content=\"Claire\" \/>\n<meta name=\"twitter:card\" content=\"summary_large_image\" \/>\n<meta name=\"twitter:label1\" content=\"\u00c9crit par\" \/>\n\t<meta name=\"twitter:data1\" content=\"Claire\" \/>\n\t<meta name=\"twitter:label2\" content=\"Dur\u00e9e de lecture estim\u00e9e\" \/>\n\t<meta name=\"twitter:data2\" content=\"3 minutes\" \/>\n<script type=\"application\/ld+json\" class=\"yoast-schema-graph\">{\"@context\":\"https:\/\/schema.org\",\"@graph\":[{\"@type\":\"WebPage\",\"@id\":\"https:\/\/smallthings.fr\/lespetitslivres\/2015\/04\/03\/hommage-de-auteur-absent-de-paris-attachee-presse\/\",\"url\":\"https:\/\/smallthings.fr\/lespetitslivres\/2015\/04\/03\/hommage-de-auteur-absent-de-paris-attachee-presse\/\",\"name\":\"Hommage de l'auteur absent de Paris et bons baisers de son attach\u00e9e de presse\",\"isPartOf\":{\"@id\":\"https:\/\/smallthings.fr\/lespetitslivres\/#website\"},\"datePublished\":\"2015-04-03T14:38:11+00:00\",\"dateModified\":\"2015-11-05T14:31:51+00:00\",\"author\":{\"@id\":\"https:\/\/smallthings.fr\/lespetitslivres\/#\/schema\/person\/504d603cacfe064fe039dfa03a8b7918\"},\"description\":\"C'est \u00e0 travers l'hilarant Hommage de l'auteur absent de Paris qu'Emmanuelle Allibert, attach\u00e9e de presse aux \u00e9ditions JC Latt\u00e8s, nous parle de son m\u00e9tier.\",\"breadcrumb\":{\"@id\":\"https:\/\/smallthings.fr\/lespetitslivres\/2015\/04\/03\/hommage-de-auteur-absent-de-paris-attachee-presse\/#breadcrumb\"},\"inLanguage\":\"fr-FR\",\"potentialAction\":[{\"@type\":\"ReadAction\",\"target\":[\"https:\/\/smallthings.fr\/lespetitslivres\/2015\/04\/03\/hommage-de-auteur-absent-de-paris-attachee-presse\/\"]}]},{\"@type\":\"BreadcrumbList\",\"@id\":\"https:\/\/smallthings.fr\/lespetitslivres\/2015\/04\/03\/hommage-de-auteur-absent-de-paris-attachee-presse\/#breadcrumb\",\"itemListElement\":[{\"@type\":\"ListItem\",\"position\":1,\"name\":\"Accueil\",\"item\":\"https:\/\/smallthings.fr\/lespetitslivres\/\"},{\"@type\":\"ListItem\",\"position\":2,\"name\":\"\u00ab\u00a0Hommage de l&rsquo;auteur absent de Paris\u00a0\u00bb et bons baisers de son attach\u00e9e de presse\"}]},{\"@type\":\"WebSite\",\"@id\":\"https:\/\/smallthings.fr\/lespetitslivres\/#website\",\"url\":\"https:\/\/smallthings.fr\/lespetitslivres\/\",\"name\":\"Les Petits Livres\",\"description\":\"by Small Things\",\"potentialAction\":[{\"@type\":\"SearchAction\",\"target\":{\"@type\":\"EntryPoint\",\"urlTemplate\":\"https:\/\/smallthings.fr\/lespetitslivres\/?s={search_term_string}\"},\"query-input\":\"required name=search_term_string\"}],\"inLanguage\":\"fr-FR\"},{\"@type\":\"Person\",\"@id\":\"https:\/\/smallthings.fr\/lespetitslivres\/#\/schema\/person\/504d603cacfe064fe039dfa03a8b7918\",\"name\":\"Claire\",\"image\":{\"@type\":\"ImageObject\",\"inLanguage\":\"fr-FR\",\"@id\":\"https:\/\/smallthings.fr\/lespetitslivres\/#\/schema\/person\/image\/\",\"url\":\"https:\/\/secure.gravatar.com\/avatar\/9a85ff83d76b3eb17b8cae208640786e?s=96&d=retro&r=g\",\"contentUrl\":\"https:\/\/secure.gravatar.com\/avatar\/9a85ff83d76b3eb17b8cae208640786e?s=96&d=retro&r=g\",\"caption\":\"Claire\"},\"url\":\"https:\/\/smallthings.fr\/lespetitslivres\/author\/claire\/\"}]}<\/script>\n<!-- \/ Yoast SEO plugin. -->","yoast_head_json":{"title":"Hommage de l'auteur absent de Paris et bons baisers de son attach\u00e9e de presse","description":"C'est \u00e0 travers l'hilarant Hommage de l'auteur absent de Paris qu'Emmanuelle Allibert, attach\u00e9e de presse aux \u00e9ditions JC Latt\u00e8s, nous parle de son m\u00e9tier.","robots":{"index":"index","follow":"follow","max-snippet":"max-snippet:-1","max-image-preview":"max-image-preview:large","max-video-preview":"max-video-preview:-1"},"canonical":"https:\/\/smallthings.fr\/lespetitslivres\/2015\/04\/03\/hommage-de-auteur-absent-de-paris-attachee-presse\/","og_locale":"fr_FR","og_type":"article","og_title":"Hommage de l'auteur absent de Paris et bons baisers de son attach\u00e9e de presse","og_description":"C'est \u00e0 travers l'hilarant Hommage de l'auteur absent de Paris qu'Emmanuelle Allibert, attach\u00e9e de presse aux \u00e9ditions JC Latt\u00e8s, nous parle de son m\u00e9tier.","og_url":"https:\/\/smallthings.fr\/lespetitslivres\/2015\/04\/03\/hommage-de-auteur-absent-de-paris-attachee-presse\/","og_site_name":"Les Petits Livres","article_published_time":"2015-04-03T14:38:11+00:00","article_modified_time":"2015-11-05T14:31:51+00:00","og_image":[{"width":591,"height":526,"url":"https:\/\/smallthings.fr\/lespetitslivres\/wp-content\/uploads\/2015\/04\/hommage-auteur-absent-paris-couv.jpg","type":"image\/jpeg"}],"author":"Claire","twitter_card":"summary_large_image","twitter_misc":{"\u00c9crit par":"Claire","Dur\u00e9e de lecture estim\u00e9e":"3 minutes"},"schema":{"@context":"https:\/\/schema.org","@graph":[{"@type":"WebPage","@id":"https:\/\/smallthings.fr\/lespetitslivres\/2015\/04\/03\/hommage-de-auteur-absent-de-paris-attachee-presse\/","url":"https:\/\/smallthings.fr\/lespetitslivres\/2015\/04\/03\/hommage-de-auteur-absent-de-paris-attachee-presse\/","name":"Hommage de l'auteur absent de Paris et bons baisers de son attach\u00e9e de presse","isPartOf":{"@id":"https:\/\/smallthings.fr\/lespetitslivres\/#website"},"datePublished":"2015-04-03T14:38:11+00:00","dateModified":"2015-11-05T14:31:51+00:00","author":{"@id":"https:\/\/smallthings.fr\/lespetitslivres\/#\/schema\/person\/504d603cacfe064fe039dfa03a8b7918"},"description":"C'est \u00e0 travers l'hilarant Hommage de l'auteur absent de Paris qu'Emmanuelle Allibert, attach\u00e9e de presse aux \u00e9ditions JC Latt\u00e8s, nous parle de son m\u00e9tier.","breadcrumb":{"@id":"https:\/\/smallthings.fr\/lespetitslivres\/2015\/04\/03\/hommage-de-auteur-absent-de-paris-attachee-presse\/#breadcrumb"},"inLanguage":"fr-FR","potentialAction":[{"@type":"ReadAction","target":["https:\/\/smallthings.fr\/lespetitslivres\/2015\/04\/03\/hommage-de-auteur-absent-de-paris-attachee-presse\/"]}]},{"@type":"BreadcrumbList","@id":"https:\/\/smallthings.fr\/lespetitslivres\/2015\/04\/03\/hommage-de-auteur-absent-de-paris-attachee-presse\/#breadcrumb","itemListElement":[{"@type":"ListItem","position":1,"name":"Accueil","item":"https:\/\/smallthings.fr\/lespetitslivres\/"},{"@type":"ListItem","position":2,"name":"\u00ab\u00a0Hommage de l&rsquo;auteur absent de Paris\u00a0\u00bb et bons baisers de son attach\u00e9e de presse"}]},{"@type":"WebSite","@id":"https:\/\/smallthings.fr\/lespetitslivres\/#website","url":"https:\/\/smallthings.fr\/lespetitslivres\/","name":"Les Petits Livres","description":"by Small Things","potentialAction":[{"@type":"SearchAction","target":{"@type":"EntryPoint","urlTemplate":"https:\/\/smallthings.fr\/lespetitslivres\/?s={search_term_string}"},"query-input":"required name=search_term_string"}],"inLanguage":"fr-FR"},{"@type":"Person","@id":"https:\/\/smallthings.fr\/lespetitslivres\/#\/schema\/person\/504d603cacfe064fe039dfa03a8b7918","name":"Claire","image":{"@type":"ImageObject","inLanguage":"fr-FR","@id":"https:\/\/smallthings.fr\/lespetitslivres\/#\/schema\/person\/image\/","url":"https:\/\/secure.gravatar.com\/avatar\/9a85ff83d76b3eb17b8cae208640786e?s=96&d=retro&r=g","contentUrl":"https:\/\/secure.gravatar.com\/avatar\/9a85ff83d76b3eb17b8cae208640786e?s=96&d=retro&r=g","caption":"Claire"},"url":"https:\/\/smallthings.fr\/lespetitslivres\/author\/claire\/"}]}},"jetpack_featured_media_url":"https:\/\/smallthings.fr\/lespetitslivres\/wp-content\/uploads\/2015\/04\/hommage-auteur-absent-paris-couv.jpg","jetpack_sharing_enabled":true,"jetpack_shortlink":"https:\/\/wp.me\/p6Un21-5K2","jetpack-related-posts":[{"id":31416,"url":"https:\/\/smallthings.fr\/lespetitslivres\/2017\/12\/07\/hommage-jean-d-ormesson\/","url_meta":{"origin":22074,"position":0},"title":"Notre modeste hommage \u00e0 Jean d&rsquo;Ormesson","author":"Rebecca","date":"7 d\u00e9cembre 2017","format":false,"excerpt":"Jean d'Ormesson, grand \u00e9crivain, membre de l'Acad\u00e9mie Fran\u00e7aise depuis 1973, nous a quitt\u00e9. Lui et son franc sourire. Sa carri\u00e8re d'\u00e9crivain est quasi parfaite et ferait p\u00e2lir d'envie tout jeune auteur qui a envie de se lancer. D'ascendance aristocratique, son \u00e9l\u00e9gance naturelle ne l'a jamais emp\u00each\u00e9 d'avoir une certaine proximit\u00e9\u2026","rel":"","context":"Dans &quot;Actu&quot;","block_context":{"text":"Actu","link":"https:\/\/smallthings.fr\/lespetitslivres\/category\/actu\/"},"img":{"alt_text":"","src":"https:\/\/i0.wp.com\/smallthings.fr\/lespetitslivres\/wp-content\/uploads\/2017\/12\/jean-d-ormesson-scaled.jpg?resize=350%2C200&ssl=1","width":350,"height":200,"srcset":"https:\/\/i0.wp.com\/smallthings.fr\/lespetitslivres\/wp-content\/uploads\/2017\/12\/jean-d-ormesson-scaled.jpg?resize=350%2C200&ssl=1 1x, https:\/\/i0.wp.com\/smallthings.fr\/lespetitslivres\/wp-content\/uploads\/2017\/12\/jean-d-ormesson-scaled.jpg?resize=525%2C300&ssl=1 1.5x, https:\/\/i0.wp.com\/smallthings.fr\/lespetitslivres\/wp-content\/uploads\/2017\/12\/jean-d-ormesson-scaled.jpg?resize=700%2C400&ssl=1 2x, https:\/\/i0.wp.com\/smallthings.fr\/lespetitslivres\/wp-content\/uploads\/2017\/12\/jean-d-ormesson-scaled.jpg?resize=1050%2C600&ssl=1 3x, https:\/\/i0.wp.com\/smallthings.fr\/lespetitslivres\/wp-content\/uploads\/2017\/12\/jean-d-ormesson-scaled.jpg?resize=1400%2C800&ssl=1 4x"},"classes":[]},{"id":29479,"url":"https:\/\/smallthings.fr\/lespetitslivres\/2016\/02\/19\/pour-la-peau-emmanuelle-richard\/","url_meta":{"origin":22074,"position":1},"title":"Pour la peau : l&rsquo;amour fou d&rsquo;Emmanuelle Richard","author":"Claire","date":"19 f\u00e9vrier 2016","format":false,"excerpt":"Pour la peau est le deuxi\u00e8me roman d'Emmanuelle Richard, que les \u00e9ditions de l'Olivier publient en cette rentr\u00e9e de janvier. Les diff\u00e9rents visages de l'amour, du plus raisonnable au plus tar\u00e9, y sont abord\u00e9s. Elle vient de remporter le prix Ana\u00efs Nin. Les premi\u00e8res pages de Pour la peau sont\u2026","rel":"","context":"Dans &quot;Roman fran\u00e7ais&quot;","block_context":{"text":"Roman fran\u00e7ais","link":"https:\/\/smallthings.fr\/lespetitslivres\/category\/roman\/roman-francais\/"},"img":{"alt_text":"","src":"https:\/\/i0.wp.com\/smallthings.fr\/lespetitslivres\/wp-content\/uploads\/2016\/01\/pour-la-peau-couv.jpg?resize=350%2C200&ssl=1","width":350,"height":200},"classes":[]},{"id":29736,"url":"https:\/\/smallthings.fr\/lespetitslivres\/2016\/03\/15\/palimpsestes-impressionnisme-nuncq\/","url_meta":{"origin":22074,"position":2},"title":"Palimpsestes tome 1 : Impressionnisme, d\u2019Emmanuelle Nuncq","author":"Jennifer","date":"15 mars 2016","format":false,"excerpt":"Le tome 1 de Palimpsestes, Impressionnisme, est un livre d'Emmanuelle Nuncq, paru aux \u00e9ditions du Chat Noir le 10 f\u00e9vrier dernier. Nous nous retrouvons au Louvre en 1894, alors que le mus\u00e9e accueille la Pythie, une statue ramen\u00e9e de Delphes. Mais la statue n\u2019aurait jamais d\u00fb quitter son sanctuaire et,\u2026","rel":"","context":"Dans &quot;Fantastique&quot;","block_context":{"text":"Fantastique","link":"https:\/\/smallthings.fr\/lespetitslivres\/category\/imaginaire\/fantastique\/"},"img":{"alt_text":"","src":"https:\/\/i0.wp.com\/smallthings.fr\/lespetitslivres\/wp-content\/uploads\/2016\/03\/palimpsestes-couv-scaled.jpg?resize=350%2C200&ssl=1","width":350,"height":200,"srcset":"https:\/\/i0.wp.com\/smallthings.fr\/lespetitslivres\/wp-content\/uploads\/2016\/03\/palimpsestes-couv-scaled.jpg?resize=350%2C200&ssl=1 1x, https:\/\/i0.wp.com\/smallthings.fr\/lespetitslivres\/wp-content\/uploads\/2016\/03\/palimpsestes-couv-scaled.jpg?resize=525%2C300&ssl=1 1.5x, https:\/\/i0.wp.com\/smallthings.fr\/lespetitslivres\/wp-content\/uploads\/2016\/03\/palimpsestes-couv-scaled.jpg?resize=700%2C400&ssl=1 2x, https:\/\/i0.wp.com\/smallthings.fr\/lespetitslivres\/wp-content\/uploads\/2016\/03\/palimpsestes-couv-scaled.jpg?resize=1050%2C600&ssl=1 3x, https:\/\/i0.wp.com\/smallthings.fr\/lespetitslivres\/wp-content\/uploads\/2016\/03\/palimpsestes-couv-scaled.jpg?resize=1400%2C800&ssl=1 4x"},"classes":[]},{"id":31290,"url":"https:\/\/smallthings.fr\/lespetitslivres\/2017\/09\/21\/chat-coeur-toby-jug-o-connor\/","url_meta":{"origin":22074,"position":3},"title":"Un chat dans le c\u0153ur : un an avec Toby Jug, un Maine Coon presque humain","author":"Jennifer","date":"21 septembre 2017","format":false,"excerpt":"Dans Un chat dans le c\u0153ur, Denis O\u2019Connor nous raconte, sur une ann\u00e9e, ses aventures avec Toby Jug, son chat ador\u00e9 au comportement humain. Sorti en ao\u00fbt sous le label Hauteville de Bragelonne, ce journal intime suit les traces de pas d\u2019un Maine Coon affectueux mais capricieux. No\u00ebl 1968. Denis\u2026","rel":"","context":"Dans &quot;Roman \u00e9tranger&quot;","block_context":{"text":"Roman \u00e9tranger","link":"https:\/\/smallthings.fr\/lespetitslivres\/category\/roman\/roman-etranger\/"},"img":{"alt_text":"","src":"https:\/\/i0.wp.com\/smallthings.fr\/lespetitslivres\/wp-content\/uploads\/2017\/09\/un-chat-dans-le-coeur-Denis-O-Connor-2.jpg?resize=350%2C200&ssl=1","width":350,"height":200,"srcset":"https:\/\/i0.wp.com\/smallthings.fr\/lespetitslivres\/wp-content\/uploads\/2017\/09\/un-chat-dans-le-coeur-Denis-O-Connor-2.jpg?resize=350%2C200&ssl=1 1x, https:\/\/i0.wp.com\/smallthings.fr\/lespetitslivres\/wp-content\/uploads\/2017\/09\/un-chat-dans-le-coeur-Denis-O-Connor-2.jpg?resize=525%2C300&ssl=1 1.5x"},"classes":[]},{"id":4620,"url":"https:\/\/smallthings.fr\/lespetitslivres\/2013\/04\/17\/stephanie-hochet-sang-dencre\/","url_meta":{"origin":22074,"position":4},"title":"St\u00e9phanie Hochet &#8211; Sang d&rsquo;encre","author":"Audrey Ch\u00e8vrefeuille","date":"17 avril 2013","format":false,"excerpt":"St\u00e9phanie Hochet nous propose un neuvi\u00e8me roman original, autant dans son \u00e9criture que son histoire, \u00e9crit \u00e0 l\u2019occasion d\u2019une r\u00e9sidence d\u2019\u00e9criture \u00e0 la Villa Yourcenar.","rel":"","context":"Dans &quot;Thriller&quot;","block_context":{"text":"Thriller","link":"https:\/\/smallthings.fr\/lespetitslivres\/category\/thriller\/"},"img":{"alt_text":"Copyright C\u00c3\u00a9cile Duclos","src":"https:\/\/i0.wp.com\/uploads.smallthings.fr\/2013\/04\/Stephanie-Hochet-Copyright-Cecile-Duclos.jpg?resize=350%2C200","width":350,"height":200},"classes":[]},{"id":29802,"url":"https:\/\/smallthings.fr\/lespetitslivres\/2016\/04\/01\/today-we-live-pirotte-avis\/","url_meta":{"origin":22074,"position":5},"title":"Today we live, roman historique d\u2019Emmanuelle Pirotte","author":"Lola","date":"1 avril 2016","format":false,"excerpt":"Avec Today we live, la sc\u00e9nariste belge Emmanuelle Pirotte signe un premier roman touchant et marquant. Le Cherche Midi a pari\u00e9 dessus pour la rentr\u00e9e litt\u00e9raire 2015 et le livre a \u00e9t\u00e9 depuis dans la liste de plusieurs prix litt\u00e9raires. L\u2019histoire de Today we live se d\u00e9roule dans les Ardennes\u2026","rel":"","context":"Dans &quot;Roman fran\u00e7ais&quot;","block_context":{"text":"Roman fran\u00e7ais","link":"https:\/\/smallthings.fr\/lespetitslivres\/category\/roman\/roman-francais\/"},"img":{"alt_text":"","src":"https:\/\/i0.wp.com\/smallthings.fr\/lespetitslivres\/wp-content\/uploads\/2016\/03\/today-we-live-couv.jpg?resize=350%2C200&ssl=1","width":350,"height":200,"srcset":"https:\/\/i0.wp.com\/smallthings.fr\/lespetitslivres\/wp-content\/uploads\/2016\/03\/today-we-live-couv.jpg?resize=350%2C200&ssl=1 1x, https:\/\/i0.wp.com\/smallthings.fr\/lespetitslivres\/wp-content\/uploads\/2016\/03\/today-we-live-couv.jpg?resize=525%2C300&ssl=1 1.5x, https:\/\/i0.wp.com\/smallthings.fr\/lespetitslivres\/wp-content\/uploads\/2016\/03\/today-we-live-couv.jpg?resize=700%2C400&ssl=1 2x, https:\/\/i0.wp.com\/smallthings.fr\/lespetitslivres\/wp-content\/uploads\/2016\/03\/today-we-live-couv.jpg?resize=1050%2C600&ssl=1 3x"},"classes":[]}],"_links":{"self":[{"href":"https:\/\/smallthings.fr\/lespetitslivres\/wp-json\/wp\/v2\/posts\/22074"}],"collection":[{"href":"https:\/\/smallthings.fr\/lespetitslivres\/wp-json\/wp\/v2\/posts"}],"about":[{"href":"https:\/\/smallthings.fr\/lespetitslivres\/wp-json\/wp\/v2\/types\/post"}],"author":[{"embeddable":true,"href":"https:\/\/smallthings.fr\/lespetitslivres\/wp-json\/wp\/v2\/users\/2"}],"replies":[{"embeddable":true,"href":"https:\/\/smallthings.fr\/lespetitslivres\/wp-json\/wp\/v2\/comments?post=22074"}],"version-history":[{"count":1,"href":"https:\/\/smallthings.fr\/lespetitslivres\/wp-json\/wp\/v2\/posts\/22074\/revisions"}],"predecessor-version":[{"id":28780,"href":"https:\/\/smallthings.fr\/lespetitslivres\/wp-json\/wp\/v2\/posts\/22074\/revisions\/28780"}],"wp:featuredmedia":[{"embeddable":true,"href":"https:\/\/smallthings.fr\/lespetitslivres\/wp-json\/wp\/v2\/media\/29054"}],"wp:attachment":[{"href":"https:\/\/smallthings.fr\/lespetitslivres\/wp-json\/wp\/v2\/media?parent=22074"}],"wp:term":[{"taxonomy":"category","embeddable":true,"href":"https:\/\/smallthings.fr\/lespetitslivres\/wp-json\/wp\/v2\/categories?post=22074"},{"taxonomy":"post_tag","embeddable":true,"href":"https:\/\/smallthings.fr\/lespetitslivres\/wp-json\/wp\/v2\/tags?post=22074"}],"curies":[{"name":"wp","href":"https:\/\/api.w.org\/{rel}","templated":true}]}}