{"id":21174,"date":"2015-02-23T16:00:11","date_gmt":"2015-02-23T15:00:11","guid":{"rendered":"http:\/\/smallthings.fr\/?p=21174"},"modified":"2015-11-27T13:40:28","modified_gmt":"2015-11-27T12:40:28","slug":"emissaire-tome-2-percheron-avis","status":"publish","type":"post","link":"https:\/\/smallthings.fr\/lespetitslivres\/2015\/02\/23\/emissaire-tome-2-percheron-avis\/","title":{"rendered":"Emissaire : tome 2 de la saga Percheron"},"content":{"rendered":"<h2><em>Emissaire<\/em>, second volet de la saga <em>Percheron<\/em> de Fiona McIntosh, sort le 20 f\u00e9vrier aux <a href=\"http:\/\/livre.fnac.com\/a5786282\/Percheron-Tome-2-Emissaire-Fiona-McIntosh\" target=\"_blank\">\u00e9ditions Milady<\/a>. L\u2019odalisque Ana est encore au centre des complots et le combat c\u00e9leste entre Lyana et Maliz a r\u00e9ellement commenc\u00e9. Lazar, Pez et Ana devront faire preuve de prudence s\u2019ils veulent que la d\u00e9esse gagne cette fois-ci\u2026<\/h2>\n<p><strong><em>Emissaire<\/em><\/strong> est un tr\u00e8s bon deuxi\u00e8me tome. Le suspense et l\u2019action sont toujours au rendez-vous. On pourrait penser que le second volet d\u2019une saga telle que celle-ci pourrait manquer de piquant mais ce n\u2019est pas le cas. L\u2019histoire se d\u00e9veloppe et les intrigues sont toujours d\u2019actualit\u00e9.<\/p>\n<p>Si <strong><em>Odalisque<\/em><\/strong> (la critique <a href=\"http:\/\/smallthings.fr\/2014\/11\/25\/percheron-odalisque-mcintosh-fantasy\/\" target=\"_blank\">ici<\/a>) s\u2019\u00e9tait fait remarquer par ses passages sanglants, nous en retrouvons un peu moins dans <strong><em>Emissaire<\/em><\/strong>. <strong>Ce volet se place sous le signe des conspirations et des d\u00e9voilements<\/strong>. Fiona McIntosh fait r\u00eaver le lecteur et l\u2019emm\u00e8ne dans son univers si particulier \u00e0 la recherche des ennemis de Percheron.<\/p>\n<p><a href=\"http:\/\/smallthings.fr\/2015\/02\/23\/emissaire-tome-2-percheron-avis\/emissaire-percheron\/\" rel=\"attachment wp-att-21176\"><img loading=\"lazy\" decoding=\"async\" class=\"alignright  wp-image-21176\" src=\"http:\/\/smallthings.fr\/wp-content\/uploads\/2015\/02\/emissaire-percheron-494x800.jpg\" alt=\"emissaire-percheron\" width=\"217\" height=\"351\" \/><\/a>L\u2019auteure nous avait laiss\u00e9 avec une fin plut\u00f4t troublante et <strong><em>Emissaire<\/em><\/strong> ne r\u00e9pond pas \u00e0 toutes nos questions : il continue de nous intriguer. Lazar, que l\u2019on croyait mort, revient au palais et doit se tenir pr\u00eat \u00e0 r\u00e9v\u00e9ler son plus grand secret : ses origines. L\u2019Eperon risque de d\u00e9clencher une guerre entre son peuple et <strong><em>Percheron<\/em><\/strong> et, pour \u00e9viter cela, il va devoir traverser le d\u00e9sert accompagn\u00e9 des plus grandes t\u00eates couronn\u00e9es du palais. Un voyage p\u00e9rilleux les attend et la fin d\u2019<strong><em>Emissaire<\/em><\/strong> pourrait ne pas nous plaire\u2026<\/p>\n<p>Encore une fois Fiona McIntosh nous surprend avec sa saga <em>Percheron<\/em> qui m\u00eale action, complots, intrigues c\u00e9lestes, suspense et romance. Le lecteur ne s\u2019ennuie jamais : il d\u00e9couvre presque \u00e0 chaque chapitre quelque chose de nouveau<strong>. <\/strong>Les descriptions n\u2019entachent en rien le fil du r\u00e9cit et nous aide m\u00eame \u00e0 nous immerger encore plus<strong> dans ce monde mystique o\u00f9 certains personnages poss\u00e8dent une destin\u00e9e hors norme. <\/strong><\/p>\n<p>Avec <strong><em>Emissaire<\/em><\/strong>, on continue d\u2019adorer Pez, le bouffon du Zar qui cache sa v\u00e9ritable nature. Il est au centre de l\u2019histoire et va devoir faire des sacrifices incroyables au nom de la D\u00e9esse. Ses sentiments vont \u00eatre mis \u00e0 rude \u00e9preuve et il va se sentir plus seul qu\u2019auparavant. Il doit cependant continuer son combat et surtout ne pas laisser Maliz d\u00e9couvrir qu\u2019il est Iridor, le messager de Lyana. On en apprend un peu plus sur l\u2019incarnation de la D\u00e9esse et du r\u00f4le que certains personnages auront dans l\u2019avenir mais ce n\u2019est pas suffisant car la fin de ce tome va nous laisser frustr\u00e9s.<\/p>\n<p>En bref, <strong><em>Emissaire<\/em><\/strong> est un tr\u00e8s bon deuxi\u00e8me tome qui plaira aux fans de Fiona McIntosh et de sa saga fantastique. On attend avec impatience la sortie du troisi\u00e8me volet de <strong><em>Percheron<\/em><\/strong>, <strong><em>D\u00e9esse<\/em><\/strong>, qui annonce le retour de Lyana et donc la bataille finale.<\/p>\n<blockquote><p>\u00ab\u00a0Il la choisira avant tout autre, l\u2019avertit-elle.<\/p>\n<p>Le grand ma\u00eetre des eunuques ne le savait que trop bien.<\/p>\n<p>&#8211; Nous ne pouvons rien faire pour emp\u00eacher cela.<\/p>\n<p>&#8211; Elle est dangereuse, Salm\u00e9o. J\u2019ai commis une erreur en choisissant Ana. J\u2019aurai d\u00fb laisser Lazar avoir cette fille. [\u2026]<\/p>\n<p>&#8211; Je pourrais simplement la faire tuer, Valide. Elle pourrait accidentellement glisser, ou encore se noyer myst\u00e9rieusement\u00a0; l\u2019excursion en bateau est une occasion r\u00eav\u00e9e. Je pourrais m\u00eame trouver un faux coupable si cela vous semblait n\u00e9cessaire.<\/p>\n<p>Il attendit patiemment une r\u00e9ponse, sans la regarder dans les yeux. Il se doutait que sa suggestion avait fait na\u00eetre une lueur d\u2019espoir chez Hereza. La Valide devait r\u00eaver de faire dispara\u00eetre de son harem la jeune odalisque qui devenait rapidement la favorite du Zar.\u00a0\u00bb<\/p><\/blockquote>\n","protected":false},"excerpt":{"rendered":"<p>Emissaire, second volet de la saga Percheron de Fiona McIntosh, sort le 20 f\u00e9vrier aux \u00e9ditions Milady. L\u2019odalisque Ana est encore au centre des complots et le combat c\u00e9leste entre Lyana et Maliz a r\u00e9ellement commenc\u00e9. Lazar, Pez et Ana devront faire preuve de prudence s\u2019ils veulent que la d\u00e9esse gagne cette fois-ci\u2026 Emissaire est<\/p>\n","protected":false},"author":14,"featured_media":21175,"comment_status":"open","ping_status":"open","sticky":false,"template":"","format":"standard","meta":{"jetpack_post_was_ever_published":false,"_jetpack_newsletter_access":"","_jetpack_newsletter_tier_id":0,"footnotes":"","jetpack_publicize_message":"","jetpack_is_tweetstorm":false,"jetpack_publicize_feature_enabled":true,"jetpack_social_post_already_shared":false,"jetpack_social_options":{"image_generator_settings":{"template":"highway","enabled":false}}},"categories":[1152],"tags":[853,855],"jetpack_publicize_connections":[],"yoast_head":"<!-- This site is optimized with the Yoast SEO plugin v21.5 - https:\/\/yoast.com\/wordpress\/plugins\/seo\/ -->\n<title>Emissaire : tome 2 de la saga Percheron<\/title>\n<meta name=\"description\" content=\"Emissaire, second volet de la saga Percheron de Fiona McIntosh, sort le 20 f\u00e9vrier aux \u00e9ditions Milady. L\u2019odalisque Ana est encore au centre\" \/>\n<meta name=\"robots\" content=\"index, follow, max-snippet:-1, max-image-preview:large, max-video-preview:-1\" \/>\n<link rel=\"canonical\" href=\"http:\/\/smallthings.fr\/lespetitslivres\/2015\/02\/23\/emissaire-tome-2-percheron-avis\/\" \/>\n<meta property=\"og:locale\" content=\"fr_FR\" \/>\n<meta property=\"og:type\" content=\"article\" \/>\n<meta property=\"og:title\" content=\"Emissaire : tome 2 de la saga Percheron\" \/>\n<meta property=\"og:description\" content=\"Emissaire, second volet de la saga Percheron de Fiona McIntosh, sort le 20 f\u00e9vrier aux \u00e9ditions Milady. L\u2019odalisque Ana est encore au centre\" \/>\n<meta property=\"og:url\" content=\"http:\/\/smallthings.fr\/lespetitslivres\/2015\/02\/23\/emissaire-tome-2-percheron-avis\/\" \/>\n<meta property=\"og:site_name\" content=\"Les Petits Livres\" \/>\n<meta property=\"article:published_time\" content=\"2015-02-23T15:00:11+00:00\" \/>\n<meta property=\"article:modified_time\" content=\"2015-11-27T12:40:28+00:00\" \/>\n<meta name=\"author\" content=\"Jennifer\" \/>\n<meta name=\"twitter:card\" content=\"summary_large_image\" \/>\n<meta name=\"twitter:label1\" content=\"\u00c9crit par\" \/>\n\t<meta name=\"twitter:data1\" content=\"Jennifer\" \/>\n\t<meta name=\"twitter:label2\" content=\"Dur\u00e9e de lecture estim\u00e9e\" \/>\n\t<meta name=\"twitter:data2\" content=\"3 minutes\" \/>\n<script type=\"application\/ld+json\" class=\"yoast-schema-graph\">{\"@context\":\"https:\/\/schema.org\",\"@graph\":[{\"@type\":\"WebPage\",\"@id\":\"http:\/\/smallthings.fr\/lespetitslivres\/2015\/02\/23\/emissaire-tome-2-percheron-avis\/\",\"url\":\"http:\/\/smallthings.fr\/lespetitslivres\/2015\/02\/23\/emissaire-tome-2-percheron-avis\/\",\"name\":\"Emissaire : tome 2 de la saga Percheron\",\"isPartOf\":{\"@id\":\"https:\/\/smallthings.fr\/lespetitslivres\/#website\"},\"datePublished\":\"2015-02-23T15:00:11+00:00\",\"dateModified\":\"2015-11-27T12:40:28+00:00\",\"author\":{\"@id\":\"https:\/\/smallthings.fr\/lespetitslivres\/#\/schema\/person\/bb8808220f912e72f01f7a55924d9ad1\"},\"description\":\"Emissaire, second volet de la saga Percheron de Fiona McIntosh, sort le 20 f\u00e9vrier aux \u00e9ditions Milady. L\u2019odalisque Ana est encore au centre\",\"breadcrumb\":{\"@id\":\"http:\/\/smallthings.fr\/lespetitslivres\/2015\/02\/23\/emissaire-tome-2-percheron-avis\/#breadcrumb\"},\"inLanguage\":\"fr-FR\",\"potentialAction\":[{\"@type\":\"ReadAction\",\"target\":[\"http:\/\/smallthings.fr\/lespetitslivres\/2015\/02\/23\/emissaire-tome-2-percheron-avis\/\"]}]},{\"@type\":\"BreadcrumbList\",\"@id\":\"http:\/\/smallthings.fr\/lespetitslivres\/2015\/02\/23\/emissaire-tome-2-percheron-avis\/#breadcrumb\",\"itemListElement\":[{\"@type\":\"ListItem\",\"position\":1,\"name\":\"Accueil\",\"item\":\"https:\/\/smallthings.fr\/lespetitslivres\/\"},{\"@type\":\"ListItem\",\"position\":2,\"name\":\"Emissaire : tome 2 de la saga Percheron\"}]},{\"@type\":\"WebSite\",\"@id\":\"https:\/\/smallthings.fr\/lespetitslivres\/#website\",\"url\":\"https:\/\/smallthings.fr\/lespetitslivres\/\",\"name\":\"Les Petits Livres\",\"description\":\"by Small Things\",\"potentialAction\":[{\"@type\":\"SearchAction\",\"target\":{\"@type\":\"EntryPoint\",\"urlTemplate\":\"https:\/\/smallthings.fr\/lespetitslivres\/?s={search_term_string}\"},\"query-input\":\"required name=search_term_string\"}],\"inLanguage\":\"fr-FR\"},{\"@type\":\"Person\",\"@id\":\"https:\/\/smallthings.fr\/lespetitslivres\/#\/schema\/person\/bb8808220f912e72f01f7a55924d9ad1\",\"name\":\"Jennifer\",\"image\":{\"@type\":\"ImageObject\",\"inLanguage\":\"fr-FR\",\"@id\":\"https:\/\/smallthings.fr\/lespetitslivres\/#\/schema\/person\/image\/\",\"url\":\"https:\/\/secure.gravatar.com\/avatar\/ffcd6b107b6b18c3d5201f1bcc631683?s=96&d=retro&r=g\",\"contentUrl\":\"https:\/\/secure.gravatar.com\/avatar\/ffcd6b107b6b18c3d5201f1bcc631683?s=96&d=retro&r=g\",\"caption\":\"Jennifer\"},\"url\":\"https:\/\/smallthings.fr\/lespetitslivres\/author\/jennifer\/\"}]}<\/script>\n<!-- \/ Yoast SEO plugin. -->","yoast_head_json":{"title":"Emissaire : tome 2 de la saga Percheron","description":"Emissaire, second volet de la saga Percheron de Fiona McIntosh, sort le 20 f\u00e9vrier aux \u00e9ditions Milady. L\u2019odalisque Ana est encore au centre","robots":{"index":"index","follow":"follow","max-snippet":"max-snippet:-1","max-image-preview":"max-image-preview:large","max-video-preview":"max-video-preview:-1"},"canonical":"http:\/\/smallthings.fr\/lespetitslivres\/2015\/02\/23\/emissaire-tome-2-percheron-avis\/","og_locale":"fr_FR","og_type":"article","og_title":"Emissaire : tome 2 de la saga Percheron","og_description":"Emissaire, second volet de la saga Percheron de Fiona McIntosh, sort le 20 f\u00e9vrier aux \u00e9ditions Milady. L\u2019odalisque Ana est encore au centre","og_url":"http:\/\/smallthings.fr\/lespetitslivres\/2015\/02\/23\/emissaire-tome-2-percheron-avis\/","og_site_name":"Les Petits Livres","article_published_time":"2015-02-23T15:00:11+00:00","article_modified_time":"2015-11-27T12:40:28+00:00","author":"Jennifer","twitter_card":"summary_large_image","twitter_misc":{"\u00c9crit par":"Jennifer","Dur\u00e9e de lecture estim\u00e9e":"3 minutes"},"schema":{"@context":"https:\/\/schema.org","@graph":[{"@type":"WebPage","@id":"http:\/\/smallthings.fr\/lespetitslivres\/2015\/02\/23\/emissaire-tome-2-percheron-avis\/","url":"http:\/\/smallthings.fr\/lespetitslivres\/2015\/02\/23\/emissaire-tome-2-percheron-avis\/","name":"Emissaire : tome 2 de la saga Percheron","isPartOf":{"@id":"https:\/\/smallthings.fr\/lespetitslivres\/#website"},"datePublished":"2015-02-23T15:00:11+00:00","dateModified":"2015-11-27T12:40:28+00:00","author":{"@id":"https:\/\/smallthings.fr\/lespetitslivres\/#\/schema\/person\/bb8808220f912e72f01f7a55924d9ad1"},"description":"Emissaire, second volet de la saga Percheron de Fiona McIntosh, sort le 20 f\u00e9vrier aux \u00e9ditions Milady. L\u2019odalisque Ana est encore au centre","breadcrumb":{"@id":"http:\/\/smallthings.fr\/lespetitslivres\/2015\/02\/23\/emissaire-tome-2-percheron-avis\/#breadcrumb"},"inLanguage":"fr-FR","potentialAction":[{"@type":"ReadAction","target":["http:\/\/smallthings.fr\/lespetitslivres\/2015\/02\/23\/emissaire-tome-2-percheron-avis\/"]}]},{"@type":"BreadcrumbList","@id":"http:\/\/smallthings.fr\/lespetitslivres\/2015\/02\/23\/emissaire-tome-2-percheron-avis\/#breadcrumb","itemListElement":[{"@type":"ListItem","position":1,"name":"Accueil","item":"https:\/\/smallthings.fr\/lespetitslivres\/"},{"@type":"ListItem","position":2,"name":"Emissaire : tome 2 de la saga Percheron"}]},{"@type":"WebSite","@id":"https:\/\/smallthings.fr\/lespetitslivres\/#website","url":"https:\/\/smallthings.fr\/lespetitslivres\/","name":"Les Petits Livres","description":"by Small Things","potentialAction":[{"@type":"SearchAction","target":{"@type":"EntryPoint","urlTemplate":"https:\/\/smallthings.fr\/lespetitslivres\/?s={search_term_string}"},"query-input":"required name=search_term_string"}],"inLanguage":"fr-FR"},{"@type":"Person","@id":"https:\/\/smallthings.fr\/lespetitslivres\/#\/schema\/person\/bb8808220f912e72f01f7a55924d9ad1","name":"Jennifer","image":{"@type":"ImageObject","inLanguage":"fr-FR","@id":"https:\/\/smallthings.fr\/lespetitslivres\/#\/schema\/person\/image\/","url":"https:\/\/secure.gravatar.com\/avatar\/ffcd6b107b6b18c3d5201f1bcc631683?s=96&d=retro&r=g","contentUrl":"https:\/\/secure.gravatar.com\/avatar\/ffcd6b107b6b18c3d5201f1bcc631683?s=96&d=retro&r=g","caption":"Jennifer"},"url":"https:\/\/smallthings.fr\/lespetitslivres\/author\/jennifer\/"}]}},"jetpack_featured_media_url":"","jetpack_sharing_enabled":true,"jetpack_shortlink":"https:\/\/wp.me\/p6Un21-5vw","jetpack-related-posts":[{"id":18752,"url":"https:\/\/smallthings.fr\/lespetitslivres\/2014\/11\/25\/percheron-odalisque-mcintosh-fantasy\/","url_meta":{"origin":21174,"position":0},"title":"Percheron : la nouvelle saga de Fiona McIntosh","author":"Jennifer","date":"25 novembre 2014","format":false,"excerpt":"C'est avec la s\u00e9rie Percheron, que Fiona McIntosh,\u00a0surtout connue pour sa saga Le Dernier Souffle, revient. Percheron est une s\u00e9rie ax\u00e9e sur la r\u00e9incarnation. Le tome 1, Odalisque, sorti aux \u00e9ditions Milady le 28 octobre, nous raconte l\u2019histoire de quatre personnages que le destin a fait se rencontrer pour changer\u2026","rel":"","context":"Dans &quot;Fantasy&quot;","block_context":{"text":"Fantasy","link":"https:\/\/smallthings.fr\/lespetitslivres\/category\/imaginaire\/fantasy\/"},"img":{"alt_text":"","src":"https:\/\/i0.wp.com\/smallthings.fr\/wp-content\/uploads\/2014\/11\/percheron-odalisque-mcintosh.jpg?resize=350%2C200","width":350,"height":200},"classes":[]},{"id":31537,"url":"https:\/\/smallthings.fr\/lespetitslivres\/2018\/02\/28\/sang-sur-le-sable-fantasy-sharakhai\/","url_meta":{"origin":21174,"position":1},"title":"Le sang sur le sable : suite de la saga de Fantasy Sharakha\u00ef","author":"Jennifer","date":"28 f\u00e9vrier 2018","format":false,"excerpt":"Apr\u00e8s le succ\u00e8s du premier tome de sa saga Sharakha\u00ef, Bradley P. Beaulieu revient avec une suite int\u00e9ressante mais peut-\u00eatre un peu moins \u00e0 la hauteur. Sorti aux\u00a0\u00e9ditions Bragelonne fin 2017, Le sang sur le sable fera vivre un vrai calvaire \u00e0 son h\u00e9ro\u00efne, \u00c7eda. Si j\u2019avais ador\u00e9 Les Douze\u2026","rel":"","context":"Dans &quot;Fantasy&quot;","block_context":{"text":"Fantasy","link":"https:\/\/smallthings.fr\/lespetitslivres\/category\/imaginaire\/fantasy\/"},"img":{"alt_text":"","src":"https:\/\/i0.wp.com\/smallthings.fr\/lespetitslivres\/wp-content\/uploads\/2018\/02\/Sharakha\u00ef-le-sang-sur-le-sable-Beaulieu-3.jpg?resize=350%2C200&ssl=1","width":350,"height":200,"srcset":"https:\/\/i0.wp.com\/smallthings.fr\/lespetitslivres\/wp-content\/uploads\/2018\/02\/Sharakha\u00ef-le-sang-sur-le-sable-Beaulieu-3.jpg?resize=350%2C200&ssl=1 1x, https:\/\/i0.wp.com\/smallthings.fr\/lespetitslivres\/wp-content\/uploads\/2018\/02\/Sharakha\u00ef-le-sang-sur-le-sable-Beaulieu-3.jpg?resize=525%2C300&ssl=1 1.5x"},"classes":[]},{"id":29887,"url":"https:\/\/smallthings.fr\/lespetitslivres\/2016\/04\/27\/kayla-marchal-coup-de-coeur-saga-destelle-vagner\/","url_meta":{"origin":21174,"position":2},"title":"Kayla Marchal : coup de c\u0153ur pour la saga d\u2019Estelle Vagner","author":"Jennifer","date":"27 avril 2016","format":false,"excerpt":"L\u2019Exil est le premier tome de la trilogie Kayla Marchal d\u2019Estelle Vagner, paru le 2 avril dernier aux \u00e9ditions du Chat Noir. Le livre raconte l\u2019histoire d\u2019une morphe incapable de se transformer et \u00a0qui finit chass\u00e9e de son clan. Kayla Marchal est une saga d\u2019urban-fantasy comme on les aime. De\u2026","rel":"","context":"Dans &quot;Fantastique&quot;","block_context":{"text":"Fantastique","link":"https:\/\/smallthings.fr\/lespetitslivres\/category\/imaginaire\/fantastique\/"},"img":{"alt_text":"","src":"https:\/\/i0.wp.com\/smallthings.fr\/lespetitslivres\/wp-content\/uploads\/2016\/04\/kayla-marchal-couv.jpg?resize=350%2C200&ssl=1","width":350,"height":200,"srcset":"https:\/\/i0.wp.com\/smallthings.fr\/lespetitslivres\/wp-content\/uploads\/2016\/04\/kayla-marchal-couv.jpg?resize=350%2C200&ssl=1 1x, https:\/\/i0.wp.com\/smallthings.fr\/lespetitslivres\/wp-content\/uploads\/2016\/04\/kayla-marchal-couv.jpg?resize=525%2C300&ssl=1 1.5x"},"classes":[]},{"id":15165,"url":"https:\/\/smallthings.fr\/lespetitslivres\/2014\/07\/20\/ardemment-votre-letal-tome-2\/","url_meta":{"origin":21174,"position":3},"title":"Ardemment V\u00f4tre, deuxi\u00e8me volet de la saga L\u00e9tal","author":"Jennifer","date":"20 juillet 2014","format":false,"excerpt":"Ardemment V\u00f4tre, second volet de la saga L\u00e9tal de Cynthia Eden, est sorti le 11 juillet dernier aux \u00e9ditions Milady. Apr\u00e8s Mortellement V\u00f4tre, Ardemment V\u00f4tre prend la rel\u00e8ve. Comme on peut l\u2019imaginer, ce tome 2 nous emm\u00e8ne dans l\u2019univers des pyromanes. L\u2019agent du FBI Kenton Lake, aid\u00e9 de la pompier\u2026","rel":"","context":"Dans &quot;Thriller&quot;","block_context":{"text":"Thriller","link":"https:\/\/smallthings.fr\/lespetitslivres\/category\/thriller\/"},"img":{"alt_text":"","src":"https:\/\/i0.wp.com\/smallthings.fr\/wp-content\/uploads\/2014\/07\/ardemment-votre-letal-tome-2.jpg?resize=350%2C200","width":350,"height":200},"classes":[]},{"id":30747,"url":"https:\/\/smallthings.fr\/lespetitslivres\/2017\/01\/28\/daniel-pennac-cas-malaussene\/","url_meta":{"origin":21174,"position":4},"title":"Daniel Pennac. Accrochez-vous, Malauss\u00e8ne est de retour !","author":"June","date":"28 janvier 2017","format":false,"excerpt":"Le personnage f\u00e9tiche de Daniel Pennac a fait son grand retour en janvier chez Gallimard. Dix-huit ans plus tard, nous retrouvons la folle tribu Malauss\u00e8ne, qui n\u2019a rien perdu de sa loufoquerie ou de sa malice. Seulement, en dix-huit ans, tout ce beau monde a bien grandi\/vieilli. Verdun est devenue\u2026","rel":"","context":"Dans &quot;Roman fran\u00e7ais&quot;","block_context":{"text":"Roman fran\u00e7ais","link":"https:\/\/smallthings.fr\/lespetitslivres\/category\/roman\/roman-francais\/"},"img":{"alt_text":"","src":"https:\/\/i0.wp.com\/smallthings.fr\/lespetitslivres\/wp-content\/uploads\/2017\/01\/daniel-pennac-malaussene.jpg?resize=350%2C200&ssl=1","width":350,"height":200,"srcset":"https:\/\/i0.wp.com\/smallthings.fr\/lespetitslivres\/wp-content\/uploads\/2017\/01\/daniel-pennac-malaussene.jpg?resize=350%2C200&ssl=1 1x, https:\/\/i0.wp.com\/smallthings.fr\/lespetitslivres\/wp-content\/uploads\/2017\/01\/daniel-pennac-malaussene.jpg?resize=525%2C300&ssl=1 1.5x"},"classes":[]},{"id":32287,"url":"https:\/\/smallthings.fr\/lespetitslivres\/2021\/11\/10\/shayne-davies-jackie-may\/","url_meta":{"origin":21174,"position":5},"title":"Shayne Davies : Elle, rageante et parfaite","author":"Jennifer","date":"10 novembre 2021","format":false,"excerpt":"Elle, rageante et parfaite est le troisi\u00e8me tome de la saga Shayne Davies de Jackie May. Sorti en septembre chez Milady, cette romance paranormale ne s\u2019essouffle pas\u00a0! Action, myst\u00e8re et kidnapping seront au rendez-vous. Shayne Davies est une s\u00e9rie tr\u00e8s int\u00e9ressante qui se d\u00e9roule dans l\u2019univers de la saga Nora\u2026","rel":"","context":"Dans &quot;Fantastique&quot;","block_context":{"text":"Fantastique","link":"https:\/\/smallthings.fr\/lespetitslivres\/category\/imaginaire\/fantastique\/"},"img":{"alt_text":"","src":"https:\/\/i0.wp.com\/smallthings.fr\/lespetitslivres\/wp-content\/uploads\/2021\/11\/shayne-davies-tome-3-elle-rageante-et-parfaite-1522653-2.png?resize=350%2C200&ssl=1","width":350,"height":200,"srcset":"https:\/\/i0.wp.com\/smallthings.fr\/lespetitslivres\/wp-content\/uploads\/2021\/11\/shayne-davies-tome-3-elle-rageante-et-parfaite-1522653-2.png?resize=350%2C200&ssl=1 1x, https:\/\/i0.wp.com\/smallthings.fr\/lespetitslivres\/wp-content\/uploads\/2021\/11\/shayne-davies-tome-3-elle-rageante-et-parfaite-1522653-2.png?resize=525%2C300&ssl=1 1.5x, https:\/\/i0.wp.com\/smallthings.fr\/lespetitslivres\/wp-content\/uploads\/2021\/11\/shayne-davies-tome-3-elle-rageante-et-parfaite-1522653-2.png?resize=700%2C400&ssl=1 2x, https:\/\/i0.wp.com\/smallthings.fr\/lespetitslivres\/wp-content\/uploads\/2021\/11\/shayne-davies-tome-3-elle-rageante-et-parfaite-1522653-2.png?resize=1050%2C600&ssl=1 3x"},"classes":[]}],"_links":{"self":[{"href":"https:\/\/smallthings.fr\/lespetitslivres\/wp-json\/wp\/v2\/posts\/21174"}],"collection":[{"href":"https:\/\/smallthings.fr\/lespetitslivres\/wp-json\/wp\/v2\/posts"}],"about":[{"href":"https:\/\/smallthings.fr\/lespetitslivres\/wp-json\/wp\/v2\/types\/post"}],"author":[{"embeddable":true,"href":"https:\/\/smallthings.fr\/lespetitslivres\/wp-json\/wp\/v2\/users\/14"}],"replies":[{"embeddable":true,"href":"https:\/\/smallthings.fr\/lespetitslivres\/wp-json\/wp\/v2\/comments?post=21174"}],"version-history":[{"count":1,"href":"https:\/\/smallthings.fr\/lespetitslivres\/wp-json\/wp\/v2\/posts\/21174\/revisions"}],"predecessor-version":[{"id":28789,"href":"https:\/\/smallthings.fr\/lespetitslivres\/wp-json\/wp\/v2\/posts\/21174\/revisions\/28789"}],"wp:featuredmedia":[{"embeddable":true,"href":"https:\/\/smallthings.fr\/lespetitslivres\/wp-json\/"}],"wp:attachment":[{"href":"https:\/\/smallthings.fr\/lespetitslivres\/wp-json\/wp\/v2\/media?parent=21174"}],"wp:term":[{"taxonomy":"category","embeddable":true,"href":"https:\/\/smallthings.fr\/lespetitslivres\/wp-json\/wp\/v2\/categories?post=21174"},{"taxonomy":"post_tag","embeddable":true,"href":"https:\/\/smallthings.fr\/lespetitslivres\/wp-json\/wp\/v2\/tags?post=21174"}],"curies":[{"name":"wp","href":"https:\/\/api.w.org\/{rel}","templated":true}]}}