{"id":19907,"date":"2015-01-15T14:04:26","date_gmt":"2015-01-15T13:04:26","guid":{"rendered":"http:\/\/smallthings.fr\/?p=19907"},"modified":"2015-10-22T17:10:03","modified_gmt":"2015-10-22T16:10:03","slug":"colombe-schneck-dix-sept-ans-roman","status":"publish","type":"post","link":"https:\/\/smallthings.fr\/lespetitslivres\/2015\/01\/15\/colombe-schneck-dix-sept-ans-roman\/","title":{"rendered":"Colombe Schneck &#8211; Dix-sept ans"},"content":{"rendered":"<h2>C&rsquo;est chez <a href=\"http:\/\/grasset.fr\/dix-sept-ans-9782246856085\" target=\"_blank\">Grasset<\/a> pour la rentr\u00e9e de janvier que Colombe Schneck publie <em>Dix-sept ans<\/em>, sa confession sur le th\u00e8me de l&rsquo;avortement (sortie le 7 janvier). Tr\u00e8s court, le livre a l&rsquo;effet d&rsquo;une gifle. Tr\u00e8s bien \u00e9crit, dans la subtilit\u00e9 bien plus que dans le pathos, Colombe Schneck raconte qu&rsquo;\u00e0 dix-sept ans elle est tomb\u00e9e enceinte et a d\u00e9cid\u00e9 d&rsquo;avorter.<\/h2>\n<p>Nous sommes en 1984. La jeune Colombe est au lyc\u00e9e et rencontre son premier petit-ami. Elle n&rsquo;en est pas amoureuse, mais elle l&rsquo;aime bien. Tous les deux font l&rsquo;amour pour la premi\u00e8re fois. Elle ne s&rsquo;en cache pas : ses parents lui laissent depuis toujours une grande libert\u00e9 qui doit la responsabiliser. Et c&rsquo;est le cas : elle demande \u00e0 ses parents l&rsquo;adresse d&rsquo;un gyn\u00e9cologue. Mais malgr\u00e9 les mises en garde de ce dernier, la jeune fille tombe rapidement enceinte. Garder l&rsquo;enfant n&rsquo;est \u00e0 aucun moment une option pour elle. Elle se pr\u00e9pare alors \u00e0 l&rsquo;avortement.<\/p>\n<p>A travers de courtes phrases, Colombe Schneck se confie. Les mots sont choisis avec soin et vont droit au but. Le roman est court, mais extr\u00eamement dense. Alors qu&rsquo;elle ne l&rsquo;avait jamais racont\u00e9 \u00e0 ses proches, la journaliste et romanci\u00e8re d\u00e9cide de briser le silence et de raconter sa v\u00e9rit\u00e9. Cet enfant qu&rsquo;elle n&rsquo;a jamais eu mais auquel elle pense tous les jours.<\/p>\n<p><a href=\"http:\/\/smallthings.fr\/2015\/01\/15\/colombe-schneck-dix-sept-ans-roman\/schneck-dix-sept-ans\/\" rel=\"attachment wp-att-19909\"><img loading=\"lazy\" decoding=\"async\" class=\"alignright size-full wp-image-19909\" src=\"http:\/\/smallthings.fr\/wp-content\/uploads\/2015\/01\/schneck-dix-sept-ans.jpg\" alt=\"schneck-dix-sept-ans\" width=\"301\" height=\"480\" \/><\/a>Au-del\u00e0 du r\u00e9cit de cet avortement, Colombe Schneck nous donne \u00e0 voir une g\u00e9n\u00e9ration et une certaine couche de la population fran\u00e7aise. Privil\u00e9gi\u00e9e, jamais inqui\u00e8te, toujours libre, la jeune fille ne semble pas r\u00e9aliser les risques qu&rsquo;elle encourt, et ce dans aucun domaine de sa vie. Les risques, Simone Veil les a pris pour la libert\u00e9 de toutes les femmes devant l&rsquo;Assembl\u00e9e quelques ann\u00e9es plus t\u00f4t. C&rsquo;est une insouciance insolente, due \u00e0 ce changement soci\u00e9tal capital, que Colombe Schneck confesse dans <em>Dix-sept ans<\/em>.<\/p>\n<blockquote><p>Je passe mon bac dans un mois. Je suis enceinte. J&rsquo;ai peur.<\/p><\/blockquote>\n<p>Depuis la lecture de <em>Dix-sept ans<\/em>, j&rsquo;ai d\u00e9couvert que Colombe Schneck \u00e9tait tr\u00e8s attach\u00e9e au sujet des femmes et de leur \u00ab\u00a0libert\u00e9\u00a0\u00bb souvent mal comprise. A noter entre autres son reportage \u00ab\u00a0Femmes sans enfant, femmes suspectes\u00a0\u00bb, diffus\u00e9 \u00e0 la fin 2014 sur Arte. Alors qu&rsquo;elle est \u00e0 pr\u00e9sent m\u00e8re de deux enfants, elle s&rsquo;attache \u00e0 faire entendre les voix de ces femmes, qui pour diverses raisons n&rsquo;ont volontairement pas eu d&rsquo;enfant.<\/p>\n<p>Dans la lign\u00e9e de <em>L\u2019\u00c9v\u00e9nement<\/em> d&rsquo;Annie Ernaux, <em>Dix-sept ans<\/em> apporte sa pierre \u00e0 l&rsquo;\u00e9difice de la rare litt\u00e9rature sur le th\u00e8me de l&rsquo;avortement.<\/p>\n<blockquote><p>\u00ab\u00a0Rien n\u2019est jamais acquis pour les femmes.\u00a0 Si vous ne dites pas que vous avez avort\u00e9, vous prenez le risque que ce droit disparaisse.\u00a0\u00bb Annie Ernaux &#8211; interview \u00e0<em> L&rsquo;Humanit\u00e9<\/em><\/p><\/blockquote>\n","protected":false},"excerpt":{"rendered":"<p>C&rsquo;est chez Grasset pour la rentr\u00e9e de janvier que Colombe Schneck publie Dix-sept ans, sa confession sur le th\u00e8me de l&rsquo;avortement (sortie le 7 janvier). Tr\u00e8s court, le livre a l&rsquo;effet d&rsquo;une gifle. Tr\u00e8s bien \u00e9crit, dans la subtilit\u00e9 bien plus que dans le pathos, Colombe Schneck raconte qu&rsquo;\u00e0 dix-sept ans elle est tomb\u00e9e enceinte<\/p>\n","protected":false},"author":2,"featured_media":19908,"comment_status":"open","ping_status":"open","sticky":false,"template":"","format":"standard","meta":{"jetpack_post_was_ever_published":false,"_jetpack_newsletter_access":"","_jetpack_newsletter_tier_id":0,"footnotes":"","jetpack_publicize_message":"","jetpack_is_tweetstorm":false,"jetpack_publicize_feature_enabled":true,"jetpack_social_post_already_shared":false,"jetpack_social_options":{"image_generator_settings":{"template":"highway","enabled":false}}},"categories":[1110],"tags":[730,731,732],"jetpack_publicize_connections":[],"yoast_head":"<!-- This site is optimized with the Yoast SEO plugin v21.5 - https:\/\/yoast.com\/wordpress\/plugins\/seo\/ -->\n<title>Colombe Schneck - Dix-sept ans<\/title>\n<meta name=\"description\" content=\"C&#039;est chez Grasset pour la rentr\u00e9e de janvier que Colombe Schneck publie Dix-sept ans, sa confession sur le th\u00e8me de l&#039;avortement. Tr\u00e8s court, le livre\" \/>\n<meta name=\"robots\" content=\"index, follow, max-snippet:-1, max-image-preview:large, max-video-preview:-1\" \/>\n<link rel=\"canonical\" href=\"https:\/\/smallthings.fr\/lespetitslivres\/2015\/01\/15\/colombe-schneck-dix-sept-ans-roman\/\" \/>\n<meta property=\"og:locale\" content=\"fr_FR\" \/>\n<meta property=\"og:type\" content=\"article\" \/>\n<meta property=\"og:title\" content=\"Colombe Schneck - Dix-sept ans\" \/>\n<meta property=\"og:description\" content=\"C&#039;est chez Grasset pour la rentr\u00e9e de janvier que Colombe Schneck publie Dix-sept ans, sa confession sur le th\u00e8me de l&#039;avortement. Tr\u00e8s court, le livre\" \/>\n<meta property=\"og:url\" content=\"https:\/\/smallthings.fr\/lespetitslivres\/2015\/01\/15\/colombe-schneck-dix-sept-ans-roman\/\" \/>\n<meta property=\"og:site_name\" content=\"Les Petits Livres\" \/>\n<meta property=\"article:published_time\" content=\"2015-01-15T13:04:26+00:00\" \/>\n<meta property=\"article:modified_time\" content=\"2015-10-22T16:10:03+00:00\" \/>\n<meta name=\"author\" content=\"Claire\" \/>\n<meta name=\"twitter:card\" content=\"summary_large_image\" \/>\n<meta name=\"twitter:label1\" content=\"\u00c9crit par\" \/>\n\t<meta name=\"twitter:data1\" content=\"Claire\" \/>\n\t<meta name=\"twitter:label2\" content=\"Dur\u00e9e de lecture estim\u00e9e\" \/>\n\t<meta name=\"twitter:data2\" content=\"2 minutes\" \/>\n<script type=\"application\/ld+json\" class=\"yoast-schema-graph\">{\"@context\":\"https:\/\/schema.org\",\"@graph\":[{\"@type\":\"WebPage\",\"@id\":\"https:\/\/smallthings.fr\/lespetitslivres\/2015\/01\/15\/colombe-schneck-dix-sept-ans-roman\/\",\"url\":\"https:\/\/smallthings.fr\/lespetitslivres\/2015\/01\/15\/colombe-schneck-dix-sept-ans-roman\/\",\"name\":\"Colombe Schneck - Dix-sept ans\",\"isPartOf\":{\"@id\":\"https:\/\/smallthings.fr\/lespetitslivres\/#website\"},\"datePublished\":\"2015-01-15T13:04:26+00:00\",\"dateModified\":\"2015-10-22T16:10:03+00:00\",\"author\":{\"@id\":\"https:\/\/smallthings.fr\/lespetitslivres\/#\/schema\/person\/504d603cacfe064fe039dfa03a8b7918\"},\"description\":\"C'est chez Grasset pour la rentr\u00e9e de janvier que Colombe Schneck publie Dix-sept ans, sa confession sur le th\u00e8me de l'avortement. Tr\u00e8s court, le livre\",\"breadcrumb\":{\"@id\":\"https:\/\/smallthings.fr\/lespetitslivres\/2015\/01\/15\/colombe-schneck-dix-sept-ans-roman\/#breadcrumb\"},\"inLanguage\":\"fr-FR\",\"potentialAction\":[{\"@type\":\"ReadAction\",\"target\":[\"https:\/\/smallthings.fr\/lespetitslivres\/2015\/01\/15\/colombe-schneck-dix-sept-ans-roman\/\"]}]},{\"@type\":\"BreadcrumbList\",\"@id\":\"https:\/\/smallthings.fr\/lespetitslivres\/2015\/01\/15\/colombe-schneck-dix-sept-ans-roman\/#breadcrumb\",\"itemListElement\":[{\"@type\":\"ListItem\",\"position\":1,\"name\":\"Accueil\",\"item\":\"https:\/\/smallthings.fr\/lespetitslivres\/\"},{\"@type\":\"ListItem\",\"position\":2,\"name\":\"Colombe Schneck &#8211; Dix-sept ans\"}]},{\"@type\":\"WebSite\",\"@id\":\"https:\/\/smallthings.fr\/lespetitslivres\/#website\",\"url\":\"https:\/\/smallthings.fr\/lespetitslivres\/\",\"name\":\"Les Petits Livres\",\"description\":\"by Small Things\",\"potentialAction\":[{\"@type\":\"SearchAction\",\"target\":{\"@type\":\"EntryPoint\",\"urlTemplate\":\"https:\/\/smallthings.fr\/lespetitslivres\/?s={search_term_string}\"},\"query-input\":\"required name=search_term_string\"}],\"inLanguage\":\"fr-FR\"},{\"@type\":\"Person\",\"@id\":\"https:\/\/smallthings.fr\/lespetitslivres\/#\/schema\/person\/504d603cacfe064fe039dfa03a8b7918\",\"name\":\"Claire\",\"image\":{\"@type\":\"ImageObject\",\"inLanguage\":\"fr-FR\",\"@id\":\"https:\/\/smallthings.fr\/lespetitslivres\/#\/schema\/person\/image\/\",\"url\":\"https:\/\/secure.gravatar.com\/avatar\/9a85ff83d76b3eb17b8cae208640786e?s=96&d=retro&r=g\",\"contentUrl\":\"https:\/\/secure.gravatar.com\/avatar\/9a85ff83d76b3eb17b8cae208640786e?s=96&d=retro&r=g\",\"caption\":\"Claire\"},\"url\":\"https:\/\/smallthings.fr\/lespetitslivres\/author\/claire\/\"}]}<\/script>\n<!-- \/ Yoast SEO plugin. -->","yoast_head_json":{"title":"Colombe Schneck - Dix-sept ans","description":"C'est chez Grasset pour la rentr\u00e9e de janvier que Colombe Schneck publie Dix-sept ans, sa confession sur le th\u00e8me de l'avortement. Tr\u00e8s court, le livre","robots":{"index":"index","follow":"follow","max-snippet":"max-snippet:-1","max-image-preview":"max-image-preview:large","max-video-preview":"max-video-preview:-1"},"canonical":"https:\/\/smallthings.fr\/lespetitslivres\/2015\/01\/15\/colombe-schneck-dix-sept-ans-roman\/","og_locale":"fr_FR","og_type":"article","og_title":"Colombe Schneck - Dix-sept ans","og_description":"C'est chez Grasset pour la rentr\u00e9e de janvier que Colombe Schneck publie Dix-sept ans, sa confession sur le th\u00e8me de l'avortement. Tr\u00e8s court, le livre","og_url":"https:\/\/smallthings.fr\/lespetitslivres\/2015\/01\/15\/colombe-schneck-dix-sept-ans-roman\/","og_site_name":"Les Petits Livres","article_published_time":"2015-01-15T13:04:26+00:00","article_modified_time":"2015-10-22T16:10:03+00:00","author":"Claire","twitter_card":"summary_large_image","twitter_misc":{"\u00c9crit par":"Claire","Dur\u00e9e de lecture estim\u00e9e":"2 minutes"},"schema":{"@context":"https:\/\/schema.org","@graph":[{"@type":"WebPage","@id":"https:\/\/smallthings.fr\/lespetitslivres\/2015\/01\/15\/colombe-schneck-dix-sept-ans-roman\/","url":"https:\/\/smallthings.fr\/lespetitslivres\/2015\/01\/15\/colombe-schneck-dix-sept-ans-roman\/","name":"Colombe Schneck - Dix-sept ans","isPartOf":{"@id":"https:\/\/smallthings.fr\/lespetitslivres\/#website"},"datePublished":"2015-01-15T13:04:26+00:00","dateModified":"2015-10-22T16:10:03+00:00","author":{"@id":"https:\/\/smallthings.fr\/lespetitslivres\/#\/schema\/person\/504d603cacfe064fe039dfa03a8b7918"},"description":"C'est chez Grasset pour la rentr\u00e9e de janvier que Colombe Schneck publie Dix-sept ans, sa confession sur le th\u00e8me de l'avortement. Tr\u00e8s court, le livre","breadcrumb":{"@id":"https:\/\/smallthings.fr\/lespetitslivres\/2015\/01\/15\/colombe-schneck-dix-sept-ans-roman\/#breadcrumb"},"inLanguage":"fr-FR","potentialAction":[{"@type":"ReadAction","target":["https:\/\/smallthings.fr\/lespetitslivres\/2015\/01\/15\/colombe-schneck-dix-sept-ans-roman\/"]}]},{"@type":"BreadcrumbList","@id":"https:\/\/smallthings.fr\/lespetitslivres\/2015\/01\/15\/colombe-schneck-dix-sept-ans-roman\/#breadcrumb","itemListElement":[{"@type":"ListItem","position":1,"name":"Accueil","item":"https:\/\/smallthings.fr\/lespetitslivres\/"},{"@type":"ListItem","position":2,"name":"Colombe Schneck &#8211; Dix-sept ans"}]},{"@type":"WebSite","@id":"https:\/\/smallthings.fr\/lespetitslivres\/#website","url":"https:\/\/smallthings.fr\/lespetitslivres\/","name":"Les Petits Livres","description":"by Small Things","potentialAction":[{"@type":"SearchAction","target":{"@type":"EntryPoint","urlTemplate":"https:\/\/smallthings.fr\/lespetitslivres\/?s={search_term_string}"},"query-input":"required name=search_term_string"}],"inLanguage":"fr-FR"},{"@type":"Person","@id":"https:\/\/smallthings.fr\/lespetitslivres\/#\/schema\/person\/504d603cacfe064fe039dfa03a8b7918","name":"Claire","image":{"@type":"ImageObject","inLanguage":"fr-FR","@id":"https:\/\/smallthings.fr\/lespetitslivres\/#\/schema\/person\/image\/","url":"https:\/\/secure.gravatar.com\/avatar\/9a85ff83d76b3eb17b8cae208640786e?s=96&d=retro&r=g","contentUrl":"https:\/\/secure.gravatar.com\/avatar\/9a85ff83d76b3eb17b8cae208640786e?s=96&d=retro&r=g","caption":"Claire"},"url":"https:\/\/smallthings.fr\/lespetitslivres\/author\/claire\/"}]}},"jetpack_featured_media_url":"","jetpack_sharing_enabled":true,"jetpack_shortlink":"https:\/\/wp.me\/p6Un21-5b5","jetpack-related-posts":[{"id":29636,"url":"https:\/\/smallthings.fr\/lespetitslivres\/2016\/03\/01\/ana-l-etoilee-ours-colombe-bruneau\/","url_meta":{"origin":19907,"position":0},"title":"Ana L\u2019\u00e9toil\u00e9e, T1 : L\u2019Ours et la Colombe, d\u2019Oph\u00e9lie Bruneau","author":"Jennifer","date":"1 mars 2016","format":false,"excerpt":"Ana\u00a0L\u2019\u00e9toil\u00e9e tome 1\u00a0L\u2019Ours et la Colombe\u00a0est un roman d'Oph\u00e9lie Bruneau et sorti aux \u00e9ditions du Chat Noir le 10 f\u00e9vrier dernier. On y rencontre Ana Monta\u00f1ez, une jeune sorci\u00e8re, qui va \u00eatre appel\u00e9e \u00e0 la rescousse car un fant\u00f4me hante la chambre d\u2019une maison en Espagne. Elle qui pensait r\u00e9aliser\u2026","rel":"","context":"Dans &quot;Fantastique&quot;","block_context":{"text":"Fantastique","link":"https:\/\/smallthings.fr\/lespetitslivres\/category\/imaginaire\/fantastique\/"},"img":{"alt_text":"","src":"https:\/\/i0.wp.com\/smallthings.fr\/lespetitslivres\/wp-content\/uploads\/2016\/02\/ana-l-etoilee-couv.jpg?resize=350%2C200&ssl=1","width":350,"height":200,"srcset":"https:\/\/i0.wp.com\/smallthings.fr\/lespetitslivres\/wp-content\/uploads\/2016\/02\/ana-l-etoilee-couv.jpg?resize=350%2C200&ssl=1 1x, https:\/\/i0.wp.com\/smallthings.fr\/lespetitslivres\/wp-content\/uploads\/2016\/02\/ana-l-etoilee-couv.jpg?resize=525%2C300&ssl=1 1.5x"},"classes":[]},{"id":29244,"url":"https:\/\/smallthings.fr\/lespetitslivres\/2015\/12\/03\/cest-pas-moi-cest-toi-mcfarlane-critique\/","url_meta":{"origin":19907,"position":1},"title":"C\u2019est pas moi, c\u2019est toi : une com\u00e9die romantique qui fait du bien","author":"Jennifer","date":"3 d\u00e9cembre 2015","format":false,"excerpt":"C\u2019est pas moi, c\u2019est toi est le nouveau roman de Mhairi McFarlane sorti chez Milady le 23 octobre. Il raconte l\u2019histoire de Delia, une jeune femme qui filait le parfait amour, jusqu\u2019au jour o\u00f9 elle apprend que son fianc\u00e9 la trompe. Une question se pose alors\u00a0: changer radicalement de vie\u2026","rel":"","context":"Dans &quot;Actu&quot;","block_context":{"text":"Actu","link":"https:\/\/smallthings.fr\/lespetitslivres\/category\/actu\/"},"img":{"alt_text":"","src":"https:\/\/i0.wp.com\/smallthings.fr\/lespetitslivres\/wp-content\/uploads\/2015\/12\/c-est-pas-moi-c-est-toi-couv.jpg?resize=350%2C200&ssl=1","width":350,"height":200,"srcset":"https:\/\/i0.wp.com\/smallthings.fr\/lespetitslivres\/wp-content\/uploads\/2015\/12\/c-est-pas-moi-c-est-toi-couv.jpg?resize=350%2C200&ssl=1 1x, https:\/\/i0.wp.com\/smallthings.fr\/lespetitslivres\/wp-content\/uploads\/2015\/12\/c-est-pas-moi-c-est-toi-couv.jpg?resize=525%2C300&ssl=1 1.5x"},"classes":[]},{"id":30417,"url":"https:\/\/smallthings.fr\/lespetitslivres\/2016\/10\/21\/mal-de-pierres-milena-agus\/","url_meta":{"origin":19907,"position":2},"title":"Mal de pierres, roman virtuose de Milena Agus","author":"Claire","date":"21 octobre 2016","format":false,"excerpt":"J'avais lu Mal de pierres lors de sa publication aux \u00e9ditions Liana Levi en 2007. C'est l'un de mes livres pr\u00e9f\u00e9r\u00e9s. Incroyablement sensible, il dresse le portrait d'une h\u00e9ro\u00efne qu'on oublie pas. Transpara\u00eet la grande tendresse de la narratrice qui raconte la vie de sa grand-m\u00e8re qu'elle adorait, et la\u2026","rel":"","context":"Dans &quot;Nos classiques&quot;","block_context":{"text":"Nos classiques","link":"https:\/\/smallthings.fr\/lespetitslivres\/category\/nos-classiques\/"},"img":{"alt_text":"","src":"https:\/\/i0.wp.com\/smallthings.fr\/lespetitslivres\/wp-content\/uploads\/2016\/10\/mal-de-pierres.jpeg?resize=350%2C200&ssl=1","width":350,"height":200,"srcset":"https:\/\/i0.wp.com\/smallthings.fr\/lespetitslivres\/wp-content\/uploads\/2016\/10\/mal-de-pierres.jpeg?resize=350%2C200&ssl=1 1x, https:\/\/i0.wp.com\/smallthings.fr\/lespetitslivres\/wp-content\/uploads\/2016\/10\/mal-de-pierres.jpeg?resize=525%2C300&ssl=1 1.5x, https:\/\/i0.wp.com\/smallthings.fr\/lespetitslivres\/wp-content\/uploads\/2016\/10\/mal-de-pierres.jpeg?resize=700%2C400&ssl=1 2x, https:\/\/i0.wp.com\/smallthings.fr\/lespetitslivres\/wp-content\/uploads\/2016\/10\/mal-de-pierres.jpeg?resize=1050%2C600&ssl=1 3x, https:\/\/i0.wp.com\/smallthings.fr\/lespetitslivres\/wp-content\/uploads\/2016\/10\/mal-de-pierres.jpeg?resize=1400%2C800&ssl=1 4x"},"classes":[]},{"id":31892,"url":"https:\/\/smallthings.fr\/lespetitslivres\/2019\/04\/05\/comme-toi-de-lisa-jewell-comment-se-remettre-de-la-disparition-de-sa-fille\/","url_meta":{"origin":19907,"position":3},"title":"Comme toi de Lisa Jewell : comment se remettre de la disparition de sa fille ?","author":"Jennifer","date":"5 avril 2019","format":false,"excerpt":"Comme toi est un livre \u00e0 suspense \u00e9crit par Lisa Jewell. Sorti en novembre chez Milady, il raconte l\u2019histoire d\u2019une m\u00e8re dont la fille a \u00e9t\u00e9 kidnapp\u00e9e \u00e0 l\u2019\u00e2ge de 15 ans. Dix ans plus tard, elle rencontre une fillette qui est le portrait crach\u00e9 de la disparue\u2026 Laurel est\u2026","rel":"","context":"Dans &quot;Thriller&quot;","block_context":{"text":"Thriller","link":"https:\/\/smallthings.fr\/lespetitslivres\/category\/thriller\/"},"img":{"alt_text":"","src":"https:\/\/i0.wp.com\/smallthings.fr\/lespetitslivres\/wp-content\/uploads\/2019\/01\/family-3817046_1280.jpg?resize=350%2C200&ssl=1","width":350,"height":200,"srcset":"https:\/\/i0.wp.com\/smallthings.fr\/lespetitslivres\/wp-content\/uploads\/2019\/01\/family-3817046_1280.jpg?resize=350%2C200&ssl=1 1x, https:\/\/i0.wp.com\/smallthings.fr\/lespetitslivres\/wp-content\/uploads\/2019\/01\/family-3817046_1280.jpg?resize=525%2C300&ssl=1 1.5x, https:\/\/i0.wp.com\/smallthings.fr\/lespetitslivres\/wp-content\/uploads\/2019\/01\/family-3817046_1280.jpg?resize=700%2C400&ssl=1 2x, https:\/\/i0.wp.com\/smallthings.fr\/lespetitslivres\/wp-content\/uploads\/2019\/01\/family-3817046_1280.jpg?resize=1050%2C600&ssl=1 3x"},"classes":[]},{"id":29346,"url":"https:\/\/smallthings.fr\/lespetitslivres\/2016\/01\/09\/a-quatre-mains-carlino-avis\/","url_meta":{"origin":19907,"position":4},"title":"A quatre mains, de Ren\u00e9e Carlino : l&rsquo;\u00e9motion au rendez-vous","author":"Jennifer","date":"9 janvier 2016","format":false,"excerpt":"A quatre mains est un livre de Ren\u00e9e Carlino, sorti aux \u00e9ditions Milady le 20 novembre dernier. Il raconte l\u2019histoire de Mia, une jeune dipl\u00f4m\u00e9e de l\u2019universit\u00e9 passionn\u00e9e par la musique, qui se retrouve \u00e0 la crois\u00e9e des chemins de sa vie. Que faire\u00a0? Entre amour, amiti\u00e9, travail et loisirs,\u2026","rel":"","context":"Dans &quot;Roman \u00e9tranger&quot;","block_context":{"text":"Roman \u00e9tranger","link":"https:\/\/smallthings.fr\/lespetitslivres\/category\/roman\/roman-etranger\/"},"img":{"alt_text":"","src":"https:\/\/i0.wp.com\/smallthings.fr\/lespetitslivres\/wp-content\/uploads\/2016\/01\/a-quatre-mains-couv.jpg?resize=350%2C200&ssl=1","width":350,"height":200,"srcset":"https:\/\/i0.wp.com\/smallthings.fr\/lespetitslivres\/wp-content\/uploads\/2016\/01\/a-quatre-mains-couv.jpg?resize=350%2C200&ssl=1 1x, https:\/\/i0.wp.com\/smallthings.fr\/lespetitslivres\/wp-content\/uploads\/2016\/01\/a-quatre-mains-couv.jpg?resize=525%2C300&ssl=1 1.5x, https:\/\/i0.wp.com\/smallthings.fr\/lespetitslivres\/wp-content\/uploads\/2016\/01\/a-quatre-mains-couv.jpg?resize=700%2C400&ssl=1 2x"},"classes":[]},{"id":26333,"url":"https:\/\/smallthings.fr\/lespetitslivres\/2015\/08\/18\/quatre-ans-plus-tard-romance-murphy\/","url_meta":{"origin":19907,"position":5},"title":"Quatre ans plus tard : la nouvelle romance de Monica Murphy","author":"Jennifer","date":"18 ao\u00fbt 2015","format":false,"excerpt":"Quatre ans plus tard, la suite directe de Deux mois sans elle de Monica Murphy, est sortie aux \u00e9ditions Milady le 10 juillet dernier. C\u2019est au tour d\u2019Owen, le petit fr\u00e8re de Fable, de nous raconter ses m\u00e9saventures. Dans Deux mois sans elle, on d\u00e9couvrait Owen, le petit fr\u00e8re de\u2026","rel":"","context":"Dans &quot;Roman \u00e9tranger&quot;","block_context":{"text":"Roman \u00e9tranger","link":"https:\/\/smallthings.fr\/lespetitslivres\/category\/roman\/roman-etranger\/"},"img":{"alt_text":"","src":"https:\/\/i0.wp.com\/smallthings.fr\/wp-content\/uploads\/2015\/08\/quatre-ans-plus-tard-200x300.jpg?resize=350%2C200","width":350,"height":200},"classes":[]}],"_links":{"self":[{"href":"https:\/\/smallthings.fr\/lespetitslivres\/wp-json\/wp\/v2\/posts\/19907"}],"collection":[{"href":"https:\/\/smallthings.fr\/lespetitslivres\/wp-json\/wp\/v2\/posts"}],"about":[{"href":"https:\/\/smallthings.fr\/lespetitslivres\/wp-json\/wp\/v2\/types\/post"}],"author":[{"embeddable":true,"href":"https:\/\/smallthings.fr\/lespetitslivres\/wp-json\/wp\/v2\/users\/2"}],"replies":[{"embeddable":true,"href":"https:\/\/smallthings.fr\/lespetitslivres\/wp-json\/wp\/v2\/comments?post=19907"}],"version-history":[{"count":1,"href":"https:\/\/smallthings.fr\/lespetitslivres\/wp-json\/wp\/v2\/posts\/19907\/revisions"}],"predecessor-version":[{"id":28815,"href":"https:\/\/smallthings.fr\/lespetitslivres\/wp-json\/wp\/v2\/posts\/19907\/revisions\/28815"}],"wp:featuredmedia":[{"embeddable":true,"href":"https:\/\/smallthings.fr\/lespetitslivres\/wp-json\/"}],"wp:attachment":[{"href":"https:\/\/smallthings.fr\/lespetitslivres\/wp-json\/wp\/v2\/media?parent=19907"}],"wp:term":[{"taxonomy":"category","embeddable":true,"href":"https:\/\/smallthings.fr\/lespetitslivres\/wp-json\/wp\/v2\/categories?post=19907"},{"taxonomy":"post_tag","embeddable":true,"href":"https:\/\/smallthings.fr\/lespetitslivres\/wp-json\/wp\/v2\/tags?post=19907"}],"curies":[{"name":"wp","href":"https:\/\/api.w.org\/{rel}","templated":true}]}}