{"id":19896,"date":"2015-01-13T14:34:28","date_gmt":"2015-01-13T13:34:28","guid":{"rendered":"http:\/\/smallthings.fr\/?p=19896"},"modified":"2015-11-02T13:26:58","modified_gmt":"2015-11-02T12:26:58","slug":"notre-famille-akhil-sharma-indien","status":"publish","type":"post","link":"https:\/\/smallthings.fr\/lespetitslivres\/2015\/01\/13\/notre-famille-akhil-sharma-indien\/","title":{"rendered":"Notre famille d&rsquo;Akhil Sharma &#8211; un indien \u00e0 New York"},"content":{"rendered":"<h2><em>Notre famille<\/em>, r\u00e9cit d&rsquo;Akhil Sharma, est sorti le 8 janvier <a href=\"http:\/\/www.editionsdelolivier.fr\/catalogue\/9782823603873-notre-famille\" target=\"_blank\">aux \u00e9ditions de l&rsquo;Olivier<\/a>. Ce roman dramatique est sensible m&rsquo;a accroch\u00e9e du d\u00e9but \u00e0 la fin. Second roman de cet auteur indien (apr\u00e8s <em>Un p\u00e8re ob\u00e9issant<\/em> traduit en France en 2003), il raconte l&rsquo;histoire du jeune Ajay qui quitte avec sa famille son Inde natale pour vivre \u00e0 New York dans les ann\u00e9es 70. Son fr\u00e8re et lui vont \u00eatre pouss\u00e9s par leurs parents \u00e0 la \u00ab\u00a0r\u00e9ussite \u00e0 l&rsquo;am\u00e9ricaine\u00a0\u00bb, mais le destin va en d\u00e9cider autrement pour l&rsquo;a\u00een\u00e9, Birju.<\/h2>\n<p>Alors que leur p\u00e8re est d\u00e9j\u00e0 \u00e0 New York depuis plusieurs semaines, Birju, Ajay et leur m\u00e8re re\u00e7oivent enfin leurs billets d&rsquo;avion. Ajay ne r\u00e9alise absolument pas ce qui est en train de lui arriver. Du haut de ses huit ans, rempli de fiert\u00e9, il attend le d\u00e9part ; tr\u00e8s vite, ils quittent l&rsquo;Inde. Les premiers temps new-yorkais de la famille sont racont\u00e9s du point de vue d&rsquo;Ajay, comme tout le reste du roman. Ce choix narratif donne \u00e0 <strong><em>Notre famille<\/em><\/strong> un ton tr\u00e8s particulier, teint\u00e9 d&rsquo;innocence. Pour autant, Akhil Sharma ne nous \u00e9pargne rien des \u00e9v\u00e8nements ; par le truchement du personnage d&rsquo;Ajay, on comprend tous les tenants et les aboutissants de cette nouvelle vie qui commence.<\/p>\n<p>Dans la premi\u00e8re partie du roman, Birju, l&rsquo;a\u00een\u00e9 des deux fr\u00e8res, s&rsquo;entra\u00eene pour passer le concours de la B<span class=\"st\">ronx High School of Sciences. <\/span>Le concours fra\u00eechement r\u00e9ussi, les deux gar\u00e7ons partent en vacances chez leur tante dans les alentours de New York. C&rsquo;est alors qu&rsquo;<strong>un drame survient<\/strong>, qui va changer la vie d&rsquo;Ajay pour toujours, ainsi que celle de sa famille.<\/p>\n<p>Dans <strong><em>Notre famille<\/em><\/strong>, Akhil Sharma retranscrit avec brio les pens\u00e9es d&rsquo;un jeune gar\u00e7on, qui de chapitre en chapitre devient un peu moins jeune. Les propos m\u00fbrissent peu \u00e0 peu. La vision de la vie change, ainsi que l&rsquo;espoir, la lucidit\u00e9, le regard sur le monde et sur sa propre famille. Sur son pays aussi, devenu lointain. L&rsquo;Inde lui manque, comme un souvenir voil\u00e9 dont on ne sait plus s&rsquo;il est r\u00e9el ou s&rsquo;il s&rsquo;agit d&rsquo;un r\u00eave. Et en m\u00eame temps, il se sent am\u00e9ricain, avec tout ce que cela comporte : le d\u00e9sir de se r\u00e9aliser, de r\u00e9ussir, d&rsquo;\u00eatre bien vu. Le d\u00e9sir d&rsquo;\u00eatre heureux aussi, qu&rsquo;il apprend \u00e0 apprivoiser avec maladresse. Ajay sera-t-il jamais heureux ?<\/p>\n<p><a href=\"http:\/\/smallthings.fr\/2015\/01\/13\/notre-famille-akhil-sharma-indien\/notre-famille-akhil-sharma\/\" rel=\"attachment wp-att-19897\"><img loading=\"lazy\" decoding=\"async\" class=\"aligncenter  wp-image-19897\" src=\"http:\/\/smallthings.fr\/wp-content\/uploads\/2015\/01\/notre-famille-akhil-sharma.jpg\" alt=\"notre-famille-akhil-sharma\" width=\"552\" height=\"276\" \/><\/a><\/p>\n<p>La vie d&rsquo;Ajay fait \u00e9trangement \u00e9cho \u00e0 celle de l&rsquo;auteur. N\u00e9 en Inde en 1971, Akhil Sharma \u00e9migre aux \u00c9tats-Unis \u00e0 huit ans. Apr\u00e8s des \u00e9tudes de lettres, dipl\u00f4m\u00e9 de la Harvard Law School, il entre dans une banque dont il d\u00e9missionne pour se consacrer \u00e0 l&rsquo;\u00e9criture. Dans <strong><em>Notre famille<\/em><\/strong>, l&rsquo;auteur arrive \u00e0 nous faire partager ce que cela signifie d&rsquo;\u00eatre indien et d&rsquo;arriver aux \u00c9tats-Unis dans les ann\u00e9es 70. Le sentiment d&rsquo;\u00eatre diff\u00e9rent, le devoir de r\u00e9ussir, mais aussi les r\u00e9unions entre familles indiennes, la pratique de la religion, la difficult\u00e9 d&rsquo;int\u00e9grer une soci\u00e9t\u00e9 compl\u00e8tement diff\u00e9rente. Le r\u00eave am\u00e9ricain semble ne pas vraiment exister pour ces familles, qui tentent de s&rsquo;int\u00e9grer sans pour autant renier leur culture et leurs croyances. Notre famille nous parle de d\u00e9sillusion, sans annihiler tout espoir dans les yeux du petit Ajay.<\/p>\n<p>Gr\u00e2ce \u00e0 son personnage innocent, toujours dans le factuel, l&rsquo;auteur arrive \u00e0 nous transmettre les \u00e9motions avec beaucoup de justesse. Ajay nous fait partager sa vie et ses sentiments, ses doutes et ses espoirs. Il nous livre ses observations avec simplicit\u00e9 et sinc\u00e9rit\u00e9, jusqu&rsquo;\u00e0 ses pens\u00e9es les plus dures et les plus bouleversantes. <em><strong>Notre famille<\/strong><\/em> est une grande r\u00e9ussite, d&rsquo;une sensibilit\u00e9 et d&rsquo;une justesse absolument ma\u00eetris\u00e9e.<\/p>\n","protected":false},"excerpt":{"rendered":"<p>Notre famille, r\u00e9cit d&rsquo;Akhil Sharma, est sorti le 8 janvier aux \u00e9ditions de l&rsquo;Olivier. Ce roman dramatique est sensible m&rsquo;a accroch\u00e9e du d\u00e9but \u00e0 la fin. Second roman de cet auteur indien (apr\u00e8s Un p\u00e8re ob\u00e9issant traduit en France en 2003), il raconte l&rsquo;histoire du jeune Ajay qui quitte avec sa famille son Inde natale<\/p>\n","protected":false},"author":2,"featured_media":19905,"comment_status":"open","ping_status":"open","sticky":false,"template":"","format":"standard","meta":{"jetpack_post_was_ever_published":false,"_jetpack_newsletter_access":"","_jetpack_newsletter_tier_id":0,"footnotes":"","jetpack_publicize_message":"","jetpack_is_tweetstorm":false,"jetpack_publicize_feature_enabled":true,"jetpack_social_post_already_shared":false,"jetpack_social_options":{"image_generator_settings":{"template":"highway","enabled":false}}},"categories":[1118],"tags":[728,729,256],"jetpack_publicize_connections":[],"yoast_head":"<!-- This site is optimized with the Yoast SEO plugin v21.5 - https:\/\/yoast.com\/wordpress\/plugins\/seo\/ -->\n<title>Notre famille d&#039;Akhil Sharma - un indien \u00e0 New York<\/title>\n<meta name=\"description\" content=\"Notre famille, r\u00e9cit d&#039;Akhil Sharma, est sorti le 8 janvier aux \u00e9ditions de l&#039;Olivier. Ce roman dramatique est sensible m&#039;a accroch\u00e9e du d\u00e9but \u00e0 la fin.\" \/>\n<meta name=\"robots\" content=\"index, follow, max-snippet:-1, max-image-preview:large, max-video-preview:-1\" \/>\n<link rel=\"canonical\" href=\"http:\/\/smallthings.fr\/lespetitslivres\/2015\/01\/13\/notre-famille-akhil-sharma-indien\/\" \/>\n<meta property=\"og:locale\" content=\"fr_FR\" \/>\n<meta property=\"og:type\" content=\"article\" \/>\n<meta property=\"og:title\" content=\"Notre famille d&#039;Akhil Sharma - un indien \u00e0 New York\" \/>\n<meta property=\"og:description\" content=\"Notre famille, r\u00e9cit d&#039;Akhil Sharma, est sorti le 8 janvier aux \u00e9ditions de l&#039;Olivier. Ce roman dramatique est sensible m&#039;a accroch\u00e9e du d\u00e9but \u00e0 la fin.\" \/>\n<meta property=\"og:url\" content=\"http:\/\/smallthings.fr\/lespetitslivres\/2015\/01\/13\/notre-famille-akhil-sharma-indien\/\" \/>\n<meta property=\"og:site_name\" content=\"Les Petits Livres\" \/>\n<meta property=\"article:published_time\" content=\"2015-01-13T13:34:28+00:00\" \/>\n<meta property=\"article:modified_time\" content=\"2015-11-02T12:26:58+00:00\" \/>\n<meta name=\"author\" content=\"Claire\" \/>\n<meta name=\"twitter:card\" content=\"summary_large_image\" \/>\n<meta name=\"twitter:label1\" content=\"\u00c9crit par\" \/>\n\t<meta name=\"twitter:data1\" content=\"Claire\" \/>\n\t<meta name=\"twitter:label2\" content=\"Dur\u00e9e de lecture estim\u00e9e\" \/>\n\t<meta name=\"twitter:data2\" content=\"3 minutes\" \/>\n<script type=\"application\/ld+json\" class=\"yoast-schema-graph\">{\"@context\":\"https:\/\/schema.org\",\"@graph\":[{\"@type\":\"WebPage\",\"@id\":\"http:\/\/smallthings.fr\/lespetitslivres\/2015\/01\/13\/notre-famille-akhil-sharma-indien\/\",\"url\":\"http:\/\/smallthings.fr\/lespetitslivres\/2015\/01\/13\/notre-famille-akhil-sharma-indien\/\",\"name\":\"Notre famille d'Akhil Sharma - un indien \u00e0 New York\",\"isPartOf\":{\"@id\":\"https:\/\/smallthings.fr\/lespetitslivres\/#website\"},\"datePublished\":\"2015-01-13T13:34:28+00:00\",\"dateModified\":\"2015-11-02T12:26:58+00:00\",\"author\":{\"@id\":\"https:\/\/smallthings.fr\/lespetitslivres\/#\/schema\/person\/504d603cacfe064fe039dfa03a8b7918\"},\"description\":\"Notre famille, r\u00e9cit d'Akhil Sharma, est sorti le 8 janvier aux \u00e9ditions de l'Olivier. Ce roman dramatique est sensible m'a accroch\u00e9e du d\u00e9but \u00e0 la fin.\",\"breadcrumb\":{\"@id\":\"http:\/\/smallthings.fr\/lespetitslivres\/2015\/01\/13\/notre-famille-akhil-sharma-indien\/#breadcrumb\"},\"inLanguage\":\"fr-FR\",\"potentialAction\":[{\"@type\":\"ReadAction\",\"target\":[\"http:\/\/smallthings.fr\/lespetitslivres\/2015\/01\/13\/notre-famille-akhil-sharma-indien\/\"]}]},{\"@type\":\"BreadcrumbList\",\"@id\":\"http:\/\/smallthings.fr\/lespetitslivres\/2015\/01\/13\/notre-famille-akhil-sharma-indien\/#breadcrumb\",\"itemListElement\":[{\"@type\":\"ListItem\",\"position\":1,\"name\":\"Accueil\",\"item\":\"https:\/\/smallthings.fr\/lespetitslivres\/\"},{\"@type\":\"ListItem\",\"position\":2,\"name\":\"Notre famille d&rsquo;Akhil Sharma &#8211; un indien \u00e0 New York\"}]},{\"@type\":\"WebSite\",\"@id\":\"https:\/\/smallthings.fr\/lespetitslivres\/#website\",\"url\":\"https:\/\/smallthings.fr\/lespetitslivres\/\",\"name\":\"Les Petits Livres\",\"description\":\"by Small Things\",\"potentialAction\":[{\"@type\":\"SearchAction\",\"target\":{\"@type\":\"EntryPoint\",\"urlTemplate\":\"https:\/\/smallthings.fr\/lespetitslivres\/?s={search_term_string}\"},\"query-input\":\"required name=search_term_string\"}],\"inLanguage\":\"fr-FR\"},{\"@type\":\"Person\",\"@id\":\"https:\/\/smallthings.fr\/lespetitslivres\/#\/schema\/person\/504d603cacfe064fe039dfa03a8b7918\",\"name\":\"Claire\",\"image\":{\"@type\":\"ImageObject\",\"inLanguage\":\"fr-FR\",\"@id\":\"https:\/\/smallthings.fr\/lespetitslivres\/#\/schema\/person\/image\/\",\"url\":\"https:\/\/secure.gravatar.com\/avatar\/9a85ff83d76b3eb17b8cae208640786e?s=96&d=retro&r=g\",\"contentUrl\":\"https:\/\/secure.gravatar.com\/avatar\/9a85ff83d76b3eb17b8cae208640786e?s=96&d=retro&r=g\",\"caption\":\"Claire\"},\"url\":\"https:\/\/smallthings.fr\/lespetitslivres\/author\/claire\/\"}]}<\/script>\n<!-- \/ Yoast SEO plugin. -->","yoast_head_json":{"title":"Notre famille d'Akhil Sharma - un indien \u00e0 New York","description":"Notre famille, r\u00e9cit d'Akhil Sharma, est sorti le 8 janvier aux \u00e9ditions de l'Olivier. Ce roman dramatique est sensible m'a accroch\u00e9e du d\u00e9but \u00e0 la fin.","robots":{"index":"index","follow":"follow","max-snippet":"max-snippet:-1","max-image-preview":"max-image-preview:large","max-video-preview":"max-video-preview:-1"},"canonical":"http:\/\/smallthings.fr\/lespetitslivres\/2015\/01\/13\/notre-famille-akhil-sharma-indien\/","og_locale":"fr_FR","og_type":"article","og_title":"Notre famille d'Akhil Sharma - un indien \u00e0 New York","og_description":"Notre famille, r\u00e9cit d'Akhil Sharma, est sorti le 8 janvier aux \u00e9ditions de l'Olivier. Ce roman dramatique est sensible m'a accroch\u00e9e du d\u00e9but \u00e0 la fin.","og_url":"http:\/\/smallthings.fr\/lespetitslivres\/2015\/01\/13\/notre-famille-akhil-sharma-indien\/","og_site_name":"Les Petits Livres","article_published_time":"2015-01-13T13:34:28+00:00","article_modified_time":"2015-11-02T12:26:58+00:00","author":"Claire","twitter_card":"summary_large_image","twitter_misc":{"\u00c9crit par":"Claire","Dur\u00e9e de lecture estim\u00e9e":"3 minutes"},"schema":{"@context":"https:\/\/schema.org","@graph":[{"@type":"WebPage","@id":"http:\/\/smallthings.fr\/lespetitslivres\/2015\/01\/13\/notre-famille-akhil-sharma-indien\/","url":"http:\/\/smallthings.fr\/lespetitslivres\/2015\/01\/13\/notre-famille-akhil-sharma-indien\/","name":"Notre famille d'Akhil Sharma - un indien \u00e0 New York","isPartOf":{"@id":"https:\/\/smallthings.fr\/lespetitslivres\/#website"},"datePublished":"2015-01-13T13:34:28+00:00","dateModified":"2015-11-02T12:26:58+00:00","author":{"@id":"https:\/\/smallthings.fr\/lespetitslivres\/#\/schema\/person\/504d603cacfe064fe039dfa03a8b7918"},"description":"Notre famille, r\u00e9cit d'Akhil Sharma, est sorti le 8 janvier aux \u00e9ditions de l'Olivier. Ce roman dramatique est sensible m'a accroch\u00e9e du d\u00e9but \u00e0 la fin.","breadcrumb":{"@id":"http:\/\/smallthings.fr\/lespetitslivres\/2015\/01\/13\/notre-famille-akhil-sharma-indien\/#breadcrumb"},"inLanguage":"fr-FR","potentialAction":[{"@type":"ReadAction","target":["http:\/\/smallthings.fr\/lespetitslivres\/2015\/01\/13\/notre-famille-akhil-sharma-indien\/"]}]},{"@type":"BreadcrumbList","@id":"http:\/\/smallthings.fr\/lespetitslivres\/2015\/01\/13\/notre-famille-akhil-sharma-indien\/#breadcrumb","itemListElement":[{"@type":"ListItem","position":1,"name":"Accueil","item":"https:\/\/smallthings.fr\/lespetitslivres\/"},{"@type":"ListItem","position":2,"name":"Notre famille d&rsquo;Akhil Sharma &#8211; un indien \u00e0 New York"}]},{"@type":"WebSite","@id":"https:\/\/smallthings.fr\/lespetitslivres\/#website","url":"https:\/\/smallthings.fr\/lespetitslivres\/","name":"Les Petits Livres","description":"by Small Things","potentialAction":[{"@type":"SearchAction","target":{"@type":"EntryPoint","urlTemplate":"https:\/\/smallthings.fr\/lespetitslivres\/?s={search_term_string}"},"query-input":"required name=search_term_string"}],"inLanguage":"fr-FR"},{"@type":"Person","@id":"https:\/\/smallthings.fr\/lespetitslivres\/#\/schema\/person\/504d603cacfe064fe039dfa03a8b7918","name":"Claire","image":{"@type":"ImageObject","inLanguage":"fr-FR","@id":"https:\/\/smallthings.fr\/lespetitslivres\/#\/schema\/person\/image\/","url":"https:\/\/secure.gravatar.com\/avatar\/9a85ff83d76b3eb17b8cae208640786e?s=96&d=retro&r=g","contentUrl":"https:\/\/secure.gravatar.com\/avatar\/9a85ff83d76b3eb17b8cae208640786e?s=96&d=retro&r=g","caption":"Claire"},"url":"https:\/\/smallthings.fr\/lespetitslivres\/author\/claire\/"}]}},"jetpack_featured_media_url":"","jetpack_sharing_enabled":true,"jetpack_shortlink":"https:\/\/wp.me\/p6Un21-5aU","jetpack-related-posts":[{"id":16951,"url":"https:\/\/smallthings.fr\/lespetitslivres\/2014\/10\/01\/famille-middlestein-jami-attenberg-avis\/","url_meta":{"origin":19896,"position":0},"title":"La famille Middlestein de Jami Attenberg : drame arch\u00e9type","author":"Cecile","date":"1 octobre 2014","format":false,"excerpt":"Poursuivons notre promenade parmi les publications de la rentr\u00e9e litt\u00e9raire de cette ann\u00e9e avec La famille Middlestein paru le 21 ao\u00fbt aux Escales. Il s'agit du troisi\u00e8me roman de Jami Attenberg, journaliste entre autres pour le New York Times. La famille Middlestein a \u00e9t\u00e9 consid\u00e9r\u00e9 comme l'un des meilleurs romans\u2026","rel":"","context":"Dans &quot;Roman \u00e9tranger&quot;","block_context":{"text":"Roman \u00e9tranger","link":"https:\/\/smallthings.fr\/lespetitslivres\/category\/roman\/roman-etranger\/"},"img":{"alt_text":"Jami Attenberg","src":"https:\/\/i0.wp.com\/smallthings.fr\/wp-content\/uploads\/2014\/09\/Jami-Attenberg-Middlestein.jpg?resize=350%2C200","width":350,"height":200},"classes":[]},{"id":31774,"url":"https:\/\/smallthings.fr\/lespetitslivres\/2018\/09\/01\/avant-toi-apres-toi-apres-tout\/","url_meta":{"origin":19896,"position":1},"title":"Avant toi&#8230; Apr\u00e8s toi&#8230; Apr\u00e8s tout !","author":"Jennifer","date":"1 septembre 2018","format":false,"excerpt":"Jojo Moyes revient avec Apr\u00e8s tout, la suite de Apr\u00e8s toi qui \u00e9tait bien s\u00fbr la suite de Avant toi. Des titres que l'on retient facilement et surtout des best-sellers qui auront su \u00e9mouvoir le monde entier. Dans ce dernier tome, sorti en avril chez Milady, nous retrouvons une Lou\u2026","rel":"","context":"Dans &quot;Roman \u00e9tranger&quot;","block_context":{"text":"Roman \u00e9tranger","link":"https:\/\/smallthings.fr\/lespetitslivres\/category\/roman\/roman-etranger\/"},"img":{"alt_text":"","src":"https:\/\/i0.wp.com\/smallthings.fr\/lespetitslivres\/wp-content\/uploads\/2018\/08\/1_rrw1-3fuYgkqD4XUdenolA.png?resize=350%2C200&ssl=1","width":350,"height":200,"srcset":"https:\/\/i0.wp.com\/smallthings.fr\/lespetitslivres\/wp-content\/uploads\/2018\/08\/1_rrw1-3fuYgkqD4XUdenolA.png?resize=350%2C200&ssl=1 1x, https:\/\/i0.wp.com\/smallthings.fr\/lespetitslivres\/wp-content\/uploads\/2018\/08\/1_rrw1-3fuYgkqD4XUdenolA.png?resize=525%2C300&ssl=1 1.5x, https:\/\/i0.wp.com\/smallthings.fr\/lespetitslivres\/wp-content\/uploads\/2018\/08\/1_rrw1-3fuYgkqD4XUdenolA.png?resize=700%2C400&ssl=1 2x, https:\/\/i0.wp.com\/smallthings.fr\/lespetitslivres\/wp-content\/uploads\/2018\/08\/1_rrw1-3fuYgkqD4XUdenolA.png?resize=1050%2C600&ssl=1 3x"},"classes":[]},{"id":28517,"url":"https:\/\/smallthings.fr\/lespetitslivres\/2015\/10\/22\/profession-du-pere-sorj-chalandon\/","url_meta":{"origin":19896,"position":2},"title":"Profession du p\u00e8re : cri d&rsquo;amour terrible de Sorj Chalandon","author":"June","date":"22 octobre 2015","format":false,"excerpt":"Paru le 19 ao\u00fbt aux \u00e9ditions Grasset, Profession du p\u00e8re est un roman aux accents de v\u00e9rit\u00e9 qui ne peut laisser indiff\u00e9rent. Avec une douceur singuli\u00e8re, Sorj Chalandon nous fait passer de l\u2019effroi \u00e0 un sourire incr\u00e9dule, de la com\u00e9die aux larmes. A l\u2019origine, il y a un enfant, Emile.\u2026","rel":"","context":"Dans &quot;Actu&quot;","block_context":{"text":"Actu","link":"https:\/\/smallthings.fr\/lespetitslivres\/category\/actu\/"},"img":{"alt_text":"","src":"https:\/\/i0.wp.com\/smallthings.fr\/lespetitslivres\/wp-content\/uploads\/2015\/10\/slider-profession-du-pere1.jpg?resize=350%2C200&ssl=1","width":350,"height":200},"classes":[]},{"id":30999,"url":"https:\/\/smallthings.fr\/lespetitslivres\/2017\/05\/16\/coeur-naufrage-bertholon-roman-avis\/","url_meta":{"origin":19896,"position":3},"title":"C\u0153ur-Naufrage, la r\u00e9silience selon Delphine Bertholon","author":"Claire","date":"16 mai 2017","format":false,"excerpt":"C\u0153ur-Naufrage est le dernier roman de Delphine Bertholon, paru en mars chez Latt\u00e8s. Un livre qui parle d'un amour de vacances, mais surtout de regret, d'espoir et de pardon. Quelques ann\u00e9es apr\u00e8s Le Soleil \u00e0 mes pieds, Delphine Bertholon a trouv\u00e9 son ton, son style et son message. Une r\u00e9ussite.\u2026","rel":"","context":"Dans &quot;Roman fran\u00e7ais&quot;","block_context":{"text":"Roman fran\u00e7ais","link":"https:\/\/smallthings.fr\/lespetitslivres\/category\/roman\/roman-francais\/"},"img":{"alt_text":"","src":"https:\/\/i0.wp.com\/smallthings.fr\/lespetitslivres\/wp-content\/uploads\/2017\/05\/coeur-naufrage-couv.jpg?resize=350%2C200&ssl=1","width":350,"height":200,"srcset":"https:\/\/i0.wp.com\/smallthings.fr\/lespetitslivres\/wp-content\/uploads\/2017\/05\/coeur-naufrage-couv.jpg?resize=350%2C200&ssl=1 1x, https:\/\/i0.wp.com\/smallthings.fr\/lespetitslivres\/wp-content\/uploads\/2017\/05\/coeur-naufrage-couv.jpg?resize=525%2C300&ssl=1 1.5x"},"classes":[]},{"id":31246,"url":"https:\/\/smallthings.fr\/lespetitslivres\/2017\/08\/29\/une-mer-d-huile-morin-critique\/","url_meta":{"origin":19896,"position":4},"title":"Une mer d&rsquo;huile de Pascal Morin, malaise au sein d&rsquo;une famille","author":"Axelle","date":"29 ao\u00fbt 2017","format":false,"excerpt":"Une mer d'huile de Pascal Morin vient de para\u00eetre dans la collection La Brune des \u00e9ditions du Rouergue pour cette rentr\u00e9e litt\u00e9raire. L'histoire d'une routine familiale perturb\u00e9e par l'arriv\u00e9e d'un \u00e9l\u00e9ment nouveau, \u00e9tranger et intriguant. Nous d\u00e9couvrons\u00a0une famille \u00e0 son rendez-vous annuel dans la villa de la C\u00f4te d'Azur. Danielle,\u2026","rel":"","context":"Dans &quot;Roman fran\u00e7ais&quot;","block_context":{"text":"Roman fran\u00e7ais","link":"https:\/\/smallthings.fr\/lespetitslivres\/category\/roman\/roman-francais\/"},"img":{"alt_text":"","src":"https:\/\/i0.wp.com\/smallthings.fr\/lespetitslivres\/wp-content\/uploads\/2017\/08\/mer-d-huile-cover.jpg?resize=350%2C200&ssl=1","width":350,"height":200,"srcset":"https:\/\/i0.wp.com\/smallthings.fr\/lespetitslivres\/wp-content\/uploads\/2017\/08\/mer-d-huile-cover.jpg?resize=350%2C200&ssl=1 1x, https:\/\/i0.wp.com\/smallthings.fr\/lespetitslivres\/wp-content\/uploads\/2017\/08\/mer-d-huile-cover.jpg?resize=525%2C300&ssl=1 1.5x, https:\/\/i0.wp.com\/smallthings.fr\/lespetitslivres\/wp-content\/uploads\/2017\/08\/mer-d-huile-cover.jpg?resize=700%2C400&ssl=1 2x, https:\/\/i0.wp.com\/smallthings.fr\/lespetitslivres\/wp-content\/uploads\/2017\/08\/mer-d-huile-cover.jpg?resize=1050%2C600&ssl=1 3x"},"classes":[]},{"id":30475,"url":"https:\/\/smallthings.fr\/lespetitslivres\/2016\/11\/16\/chanson-douce-leila-slimani-avis\/","url_meta":{"origin":19896,"position":5},"title":"Chanson douce, roman social terrifiant de Le\u00efla Slimani","author":"Claire","date":"16 novembre 2016","format":false,"excerpt":"Chanson douce vient de recevoir le Prix Goncourt 2016. Son auteur, Le\u00efla Slimani, livrait l\u00e0 son premier roman, paru chez Gallimard pour la rentr\u00e9e litt\u00e9raire. \u00c0 la fronti\u00e8re du thriller et du roman social, Chanson douce nous entra\u00eene dans les m\u00e9andres psychologiques d'une nounou au bord du gouffre. On l'apprend\u2026","rel":"","context":"Dans &quot;Roman fran\u00e7ais&quot;","block_context":{"text":"Roman fran\u00e7ais","link":"https:\/\/smallthings.fr\/lespetitslivres\/category\/roman\/roman-francais\/"},"img":{"alt_text":"","src":"https:\/\/i0.wp.com\/smallthings.fr\/lespetitslivres\/wp-content\/uploads\/2016\/11\/chanson-douce-slimani.jpg?resize=350%2C200&ssl=1","width":350,"height":200,"srcset":"https:\/\/i0.wp.com\/smallthings.fr\/lespetitslivres\/wp-content\/uploads\/2016\/11\/chanson-douce-slimani.jpg?resize=350%2C200&ssl=1 1x, https:\/\/i0.wp.com\/smallthings.fr\/lespetitslivres\/wp-content\/uploads\/2016\/11\/chanson-douce-slimani.jpg?resize=525%2C300&ssl=1 1.5x, https:\/\/i0.wp.com\/smallthings.fr\/lespetitslivres\/wp-content\/uploads\/2016\/11\/chanson-douce-slimani.jpg?resize=700%2C400&ssl=1 2x, https:\/\/i0.wp.com\/smallthings.fr\/lespetitslivres\/wp-content\/uploads\/2016\/11\/chanson-douce-slimani.jpg?resize=1050%2C600&ssl=1 3x, https:\/\/i0.wp.com\/smallthings.fr\/lespetitslivres\/wp-content\/uploads\/2016\/11\/chanson-douce-slimani.jpg?resize=1400%2C800&ssl=1 4x"},"classes":[]}],"_links":{"self":[{"href":"https:\/\/smallthings.fr\/lespetitslivres\/wp-json\/wp\/v2\/posts\/19896"}],"collection":[{"href":"https:\/\/smallthings.fr\/lespetitslivres\/wp-json\/wp\/v2\/posts"}],"about":[{"href":"https:\/\/smallthings.fr\/lespetitslivres\/wp-json\/wp\/v2\/types\/post"}],"author":[{"embeddable":true,"href":"https:\/\/smallthings.fr\/lespetitslivres\/wp-json\/wp\/v2\/users\/2"}],"replies":[{"embeddable":true,"href":"https:\/\/smallthings.fr\/lespetitslivres\/wp-json\/wp\/v2\/comments?post=19896"}],"version-history":[{"count":1,"href":"https:\/\/smallthings.fr\/lespetitslivres\/wp-json\/wp\/v2\/posts\/19896\/revisions"}],"predecessor-version":[{"id":28818,"href":"https:\/\/smallthings.fr\/lespetitslivres\/wp-json\/wp\/v2\/posts\/19896\/revisions\/28818"}],"wp:featuredmedia":[{"embeddable":true,"href":"https:\/\/smallthings.fr\/lespetitslivres\/wp-json\/"}],"wp:attachment":[{"href":"https:\/\/smallthings.fr\/lespetitslivres\/wp-json\/wp\/v2\/media?parent=19896"}],"wp:term":[{"taxonomy":"category","embeddable":true,"href":"https:\/\/smallthings.fr\/lespetitslivres\/wp-json\/wp\/v2\/categories?post=19896"},{"taxonomy":"post_tag","embeddable":true,"href":"https:\/\/smallthings.fr\/lespetitslivres\/wp-json\/wp\/v2\/tags?post=19896"}],"curies":[{"name":"wp","href":"https:\/\/api.w.org\/{rel}","templated":true}]}}