{"id":19849,"date":"2015-01-12T14:20:32","date_gmt":"2015-01-12T13:20:32","guid":{"rendered":"http:\/\/smallthings.fr\/?p=19849"},"modified":"2015-10-22T17:10:37","modified_gmt":"2015-10-22T16:10:37","slug":"forge-flammes-creatures-tenebres","status":"publish","type":"post","link":"https:\/\/smallthings.fr\/lespetitslivres\/2015\/01\/12\/forge-flammes-creatures-tenebres\/","title":{"rendered":"Forg\u00e9 dans les flammes, suite de la saga Cr\u00e9atures des T\u00e9n\u00e8bres"},"content":{"rendered":"<h2><em>Forg\u00e9 dans les flammes<\/em> est le quatri\u00e8me volet de la saga <em>Cr\u00e9atures des T\u00e9n\u00e8bres<\/em> de Jacquelyn Frank. Sorti le 21 novembre chez <a href=\"http:\/\/www.milady.fr\/livres\/view\/forge-dans-les-flammes\" target=\"_blank\">Milady<\/a>, ce tome met en avant la gargouille Ahnvil qui s\u2019est fait prendre au pi\u00e8ge par le sous-fifre d\u2019Odjit. Apr\u00e8s avoir r\u00e9ussi \u00e0 s\u2019\u00e9chapper, non sans mal, Ahnvil, bless\u00e9, est recueilli par une humaine, Kat. Les\u00a0\u00e9v\u00e9nements\u00a0vont alors s\u2019encha\u00eener mettant en danger aussi bien l\u2019humaine que la gargouille.<\/h2>\n<p><strong><em>Forg\u00e9 dans les flammes<\/em><\/strong> est, pour le moment et \u00e0 mon sens, le meilleur tome de la saga <em>Cr\u00e9atures des T\u00e9n\u00e8bres<\/em> de Jacquelyn Frank. Le point fort de l\u2019auteur\u00a0: ses personnages. Elle arrive \u00e0 cr\u00e9er des h\u00e9ros touchants avec un pass\u00e9 difficile mais une volont\u00e9 et une force hors du commun.<\/p>\n<p><a href=\"http:\/\/smallthings.fr\/2015\/01\/12\/forge-flammes-creatures-tenebres\/forge-flammes-frank\/\" rel=\"attachment wp-att-19851\"><img loading=\"lazy\" decoding=\"async\" class=\"alignright  wp-image-19851\" src=\"http:\/\/smallthings.fr\/wp-content\/uploads\/2015\/01\/forg\u00e9-flammes-frank.jpg\" alt=\"forg\u00e9-flammes-frank\" width=\"196\" height=\"311\" \/><\/a>Apr\u00e8s avoir rencontr\u00e9 L\u00e9o Alvarez dans <em>Au-del\u00e0 de l\u2019Oubli <\/em>(critique par <a href=\"http:\/\/smallthings.fr\/2014\/07\/23\/au-dela-oubli-creatures-frank\/%20\" target=\"_blank\">ici<\/a>), c\u2019est au tour de Ahnvil, une gargouille \u00e0 la force colossale, de nous raconter son pass\u00e9. Les gargouilles ne font pas r\u00e9ellement partie des nocturnes\u00a0: elles ont plut\u00f4t \u00e9t\u00e9 cr\u00e9\u00e9es par celles-ci. Autrefois de simples Hommes, des pr\u00eatres thaumaturges les ont forg\u00e9es en les fondant avec des animaux dans le but de les \u00ab\u00a0apprivoiser\u00a0\u00bb\u00a0: les gargouilles deviennent alors loyales \u00e0 la personne qui s\u2019occupe de leur pierre de vie, une pierre sans laquelle elles ne peuvent vivre.<\/p>\n<p>Si l\u2019histoire de <strong><em>Forg\u00e9 dans les flammes<\/em><\/strong> semble compliqu\u00e9e au d\u00e9part, il n\u2019en est pourtant rien\u00a0! Apr\u00e8s avoir compris comment sont cr\u00e9\u00e9es les gargouilles, l\u2019auteure nous explique que celles-ci sont en fait des esclaves \u00e0 la botte de m\u00e9chants nocturnes. Si Ahnvil a r\u00e9ussi \u00e0 s\u2019\u00e9chapper et \u00e0 trouver un clan auquel se rallier, il va finalement tomber dans un pi\u00e8ge et se retrouver de nouveau enferm\u00e9.<\/p>\n<p>Apr\u00e8s avoir r\u00e9ussi \u00e0 s\u2019\u00e9chapper, il est retrouv\u00e9 quasiment mort pr\u00e8s de chez Kat. Ayant travaill\u00e9 pendant longtemps dans le domaine m\u00e9dical, Kat r\u00e9ussit \u00e0 gu\u00e9rir Ahnvil. Malheureusement, celui-ci est rest\u00e9 trop longtemps loin de sa pierre de vie. Ils devront alors rallier leur force pour se sauver mutuellement, Kat ayant pris, au passage, une mal\u00e9diction.<\/p>\n<p><strong><em>Forg\u00e9 dans les flammes<\/em> est tr\u00e8s bien \u00e9crit et il est presque impossible de s\u2019ennuyer tant l\u2019histoire est prenante<\/strong>. On se met \u00e0 la place de Kat, une humaine petite et fragile, qui va se r\u00e9v\u00e9ler bien plus forte qu\u2019elle en a l\u2019air. Cela fait plaisir de voir une femme s\u2019affirmer et prendre de l\u2019assurance dans un monde magique qu\u2019elle ne connait pas. C\u2019est encore plus amusant de la voir r\u00e9pondre \u00e0 de grosses brutes et s\u2019en sortir indemne.<\/p>\n<div id=\"attachment_19852\" style=\"width: 243px\" class=\"wp-caption alignleft\"><a href=\"http:\/\/smallthings.fr\/2015\/01\/12\/forge-flammes-creatures-tenebres\/forge-flammes-jacquelyn-frank\/\" rel=\"attachment wp-att-19852\"><img loading=\"lazy\" decoding=\"async\" aria-describedby=\"caption-attachment-19852\" class=\" wp-image-19852\" src=\"http:\/\/smallthings.fr\/wp-content\/uploads\/2015\/01\/forg\u00e9-flammes-jacquelyn-frank.jpg\" alt=\"Jacquelyn Frank... et son chat\" width=\"233\" height=\"155\" \/><\/a><p id=\"caption-attachment-19852\" class=\"wp-caption-text\">Jacquelyn Frank&#8230; et son chat<\/p><\/div>\n<p>Encore une fois, Jacquelyn Franck a frapp\u00e9 o\u00f9 il fallait en jouant sur les \u00e9motions du lecteur. L\u2019histoire d\u2019Ahnvil est vraiment captivante et touchante, celle de Kat l\u2019est tout autant. Mixez les deux et vous obtiendrez un super r\u00e9cit. Le petit b\u00e9mol, car il y en a toujours un, est que l\u2019histoire principale n\u2019avance pas. On n\u2019en sait toujours pas plus sur le combat des <em>Cr\u00e9atures des T\u00e9n\u00e8bres<\/em>. On obtient tout de m\u00eame quelques r\u00e9ponses mais ce n\u2019est pas suffisant et on en vient \u00e0 se demander si on arrivera un jour \u00e0 la bataille finale.<\/p>\n<blockquote><p>\u00ab\u00a0&#8211; Il me faut un abri. Je vous en prie. Il ne faut pas qu\u2019on me trouve en plein jour.<\/p>\n<p>Katrine resta agenouill\u00e9e, la neige fondant \u00e0 son contact et s\u2019infiltrant dans son jean, paralys\u00e9e par la peur et l\u2019ind\u00e9cision. Au bout du compte, ce fut un nouveau jaillissement de sang qui la poussa \u00e0 agir.<\/p>\n<p>&#8211; C\u2019est n\u2019importe quoi.\u00a0 Vraiment n\u2019importe quoi, marmonna-t-elle entre ses dents. D\u2019accord, dit-elle pour qu\u2019il puisse l\u2019entendre. Je vais vous conduire chez moi. Mais \u00e7a ne signifie pas pour autant que je ne vais pas appeler les secours. Si vous tentez de vous en prendre \u00e0 moi, mon chien vous attaquera.<\/p>\n<p>&#8211; Ah, dit-il en esquissant un sourire narquois. Le chien qui m\u2019a l\u00e9ch\u00e9 le visage si affectueusement\u00a0?<\/p>\n<p><em>Merde. Putain, Karma, songea-t-elle furieuse.<\/em><\/p>\n<p>&#8211; Eh bien\u2026 je\u2026 je hurlerai, ou j\u2019appellerai au secours.\u00a0\u00bb<\/p><\/blockquote>\n","protected":false},"excerpt":{"rendered":"<p>Forg\u00e9 dans les flammes est le quatri\u00e8me volet de la saga Cr\u00e9atures des T\u00e9n\u00e8bres de Jacquelyn Frank. Sorti le 21 novembre chez Milady, ce tome met en avant la gargouille Ahnvil qui s\u2019est fait prendre au pi\u00e8ge par le sous-fifre d\u2019Odjit. Apr\u00e8s avoir r\u00e9ussi \u00e0 s\u2019\u00e9chapper, non sans mal, Ahnvil, bless\u00e9, est recueilli par une<\/p>\n","protected":false},"author":14,"featured_media":19850,"comment_status":"open","ping_status":"open","sticky":false,"template":"","format":"standard","meta":{"jetpack_post_was_ever_published":false,"_jetpack_newsletter_access":"","_jetpack_newsletter_tier_id":0,"footnotes":"","jetpack_publicize_message":"","jetpack_is_tweetstorm":false,"jetpack_publicize_feature_enabled":true,"jetpack_social_post_already_shared":false,"jetpack_social_options":{"image_generator_settings":{"template":"highway","enabled":false}}},"categories":[1107],"tags":[807,871,808],"jetpack_publicize_connections":[],"yoast_head":"<!-- This site is optimized with the Yoast SEO plugin v21.5 - https:\/\/yoast.com\/wordpress\/plugins\/seo\/ -->\n<title>Forg\u00e9 dans les flammes, suite de la saga Cr\u00e9atures des T\u00e9n\u00e8bres<\/title>\n<meta name=\"description\" content=\"Forg\u00e9 dans les flammes est le quatri\u00e8me volet de la saga Cr\u00e9atures des T\u00e9n\u00e8bres de Jacquelyn Frank. Sorti le 21 novembre chez Milady, ce tome met en avant\" \/>\n<meta name=\"robots\" content=\"index, follow, max-snippet:-1, max-image-preview:large, max-video-preview:-1\" \/>\n<link rel=\"canonical\" href=\"https:\/\/smallthings.fr\/lespetitslivres\/2015\/01\/12\/forge-flammes-creatures-tenebres\/\" \/>\n<meta property=\"og:locale\" content=\"fr_FR\" \/>\n<meta property=\"og:type\" content=\"article\" \/>\n<meta property=\"og:title\" content=\"Forg\u00e9 dans les flammes, suite de la saga Cr\u00e9atures des T\u00e9n\u00e8bres\" \/>\n<meta property=\"og:description\" content=\"Forg\u00e9 dans les flammes est le quatri\u00e8me volet de la saga Cr\u00e9atures des T\u00e9n\u00e8bres de Jacquelyn Frank. Sorti le 21 novembre chez Milady, ce tome met en avant\" \/>\n<meta property=\"og:url\" content=\"https:\/\/smallthings.fr\/lespetitslivres\/2015\/01\/12\/forge-flammes-creatures-tenebres\/\" \/>\n<meta property=\"og:site_name\" content=\"Les Petits Livres\" \/>\n<meta property=\"article:published_time\" content=\"2015-01-12T13:20:32+00:00\" \/>\n<meta property=\"article:modified_time\" content=\"2015-10-22T16:10:37+00:00\" \/>\n<meta name=\"author\" content=\"Jennifer\" \/>\n<meta name=\"twitter:card\" content=\"summary_large_image\" \/>\n<meta name=\"twitter:label1\" content=\"\u00c9crit par\" \/>\n\t<meta name=\"twitter:data1\" content=\"Jennifer\" \/>\n\t<meta name=\"twitter:label2\" content=\"Dur\u00e9e de lecture estim\u00e9e\" \/>\n\t<meta name=\"twitter:data2\" content=\"4 minutes\" \/>\n<script type=\"application\/ld+json\" class=\"yoast-schema-graph\">{\"@context\":\"https:\/\/schema.org\",\"@graph\":[{\"@type\":\"WebPage\",\"@id\":\"https:\/\/smallthings.fr\/lespetitslivres\/2015\/01\/12\/forge-flammes-creatures-tenebres\/\",\"url\":\"https:\/\/smallthings.fr\/lespetitslivres\/2015\/01\/12\/forge-flammes-creatures-tenebres\/\",\"name\":\"Forg\u00e9 dans les flammes, suite de la saga Cr\u00e9atures des T\u00e9n\u00e8bres\",\"isPartOf\":{\"@id\":\"https:\/\/smallthings.fr\/lespetitslivres\/#website\"},\"datePublished\":\"2015-01-12T13:20:32+00:00\",\"dateModified\":\"2015-10-22T16:10:37+00:00\",\"author\":{\"@id\":\"https:\/\/smallthings.fr\/lespetitslivres\/#\/schema\/person\/bb8808220f912e72f01f7a55924d9ad1\"},\"description\":\"Forg\u00e9 dans les flammes est le quatri\u00e8me volet de la saga Cr\u00e9atures des T\u00e9n\u00e8bres de Jacquelyn Frank. Sorti le 21 novembre chez Milady, ce tome met en avant\",\"breadcrumb\":{\"@id\":\"https:\/\/smallthings.fr\/lespetitslivres\/2015\/01\/12\/forge-flammes-creatures-tenebres\/#breadcrumb\"},\"inLanguage\":\"fr-FR\",\"potentialAction\":[{\"@type\":\"ReadAction\",\"target\":[\"https:\/\/smallthings.fr\/lespetitslivres\/2015\/01\/12\/forge-flammes-creatures-tenebres\/\"]}]},{\"@type\":\"BreadcrumbList\",\"@id\":\"https:\/\/smallthings.fr\/lespetitslivres\/2015\/01\/12\/forge-flammes-creatures-tenebres\/#breadcrumb\",\"itemListElement\":[{\"@type\":\"ListItem\",\"position\":1,\"name\":\"Accueil\",\"item\":\"https:\/\/smallthings.fr\/lespetitslivres\/\"},{\"@type\":\"ListItem\",\"position\":2,\"name\":\"Forg\u00e9 dans les flammes, suite de la saga Cr\u00e9atures des T\u00e9n\u00e8bres\"}]},{\"@type\":\"WebSite\",\"@id\":\"https:\/\/smallthings.fr\/lespetitslivres\/#website\",\"url\":\"https:\/\/smallthings.fr\/lespetitslivres\/\",\"name\":\"Les Petits Livres\",\"description\":\"by Small Things\",\"potentialAction\":[{\"@type\":\"SearchAction\",\"target\":{\"@type\":\"EntryPoint\",\"urlTemplate\":\"https:\/\/smallthings.fr\/lespetitslivres\/?s={search_term_string}\"},\"query-input\":\"required name=search_term_string\"}],\"inLanguage\":\"fr-FR\"},{\"@type\":\"Person\",\"@id\":\"https:\/\/smallthings.fr\/lespetitslivres\/#\/schema\/person\/bb8808220f912e72f01f7a55924d9ad1\",\"name\":\"Jennifer\",\"image\":{\"@type\":\"ImageObject\",\"inLanguage\":\"fr-FR\",\"@id\":\"https:\/\/smallthings.fr\/lespetitslivres\/#\/schema\/person\/image\/\",\"url\":\"https:\/\/secure.gravatar.com\/avatar\/ffcd6b107b6b18c3d5201f1bcc631683?s=96&d=retro&r=g\",\"contentUrl\":\"https:\/\/secure.gravatar.com\/avatar\/ffcd6b107b6b18c3d5201f1bcc631683?s=96&d=retro&r=g\",\"caption\":\"Jennifer\"},\"url\":\"https:\/\/smallthings.fr\/lespetitslivres\/author\/jennifer\/\"}]}<\/script>\n<!-- \/ Yoast SEO plugin. -->","yoast_head_json":{"title":"Forg\u00e9 dans les flammes, suite de la saga Cr\u00e9atures des T\u00e9n\u00e8bres","description":"Forg\u00e9 dans les flammes est le quatri\u00e8me volet de la saga Cr\u00e9atures des T\u00e9n\u00e8bres de Jacquelyn Frank. Sorti le 21 novembre chez Milady, ce tome met en avant","robots":{"index":"index","follow":"follow","max-snippet":"max-snippet:-1","max-image-preview":"max-image-preview:large","max-video-preview":"max-video-preview:-1"},"canonical":"https:\/\/smallthings.fr\/lespetitslivres\/2015\/01\/12\/forge-flammes-creatures-tenebres\/","og_locale":"fr_FR","og_type":"article","og_title":"Forg\u00e9 dans les flammes, suite de la saga Cr\u00e9atures des T\u00e9n\u00e8bres","og_description":"Forg\u00e9 dans les flammes est le quatri\u00e8me volet de la saga Cr\u00e9atures des T\u00e9n\u00e8bres de Jacquelyn Frank. Sorti le 21 novembre chez Milady, ce tome met en avant","og_url":"https:\/\/smallthings.fr\/lespetitslivres\/2015\/01\/12\/forge-flammes-creatures-tenebres\/","og_site_name":"Les Petits Livres","article_published_time":"2015-01-12T13:20:32+00:00","article_modified_time":"2015-10-22T16:10:37+00:00","author":"Jennifer","twitter_card":"summary_large_image","twitter_misc":{"\u00c9crit par":"Jennifer","Dur\u00e9e de lecture estim\u00e9e":"4 minutes"},"schema":{"@context":"https:\/\/schema.org","@graph":[{"@type":"WebPage","@id":"https:\/\/smallthings.fr\/lespetitslivres\/2015\/01\/12\/forge-flammes-creatures-tenebres\/","url":"https:\/\/smallthings.fr\/lespetitslivres\/2015\/01\/12\/forge-flammes-creatures-tenebres\/","name":"Forg\u00e9 dans les flammes, suite de la saga Cr\u00e9atures des T\u00e9n\u00e8bres","isPartOf":{"@id":"https:\/\/smallthings.fr\/lespetitslivres\/#website"},"datePublished":"2015-01-12T13:20:32+00:00","dateModified":"2015-10-22T16:10:37+00:00","author":{"@id":"https:\/\/smallthings.fr\/lespetitslivres\/#\/schema\/person\/bb8808220f912e72f01f7a55924d9ad1"},"description":"Forg\u00e9 dans les flammes est le quatri\u00e8me volet de la saga Cr\u00e9atures des T\u00e9n\u00e8bres de Jacquelyn Frank. Sorti le 21 novembre chez Milady, ce tome met en avant","breadcrumb":{"@id":"https:\/\/smallthings.fr\/lespetitslivres\/2015\/01\/12\/forge-flammes-creatures-tenebres\/#breadcrumb"},"inLanguage":"fr-FR","potentialAction":[{"@type":"ReadAction","target":["https:\/\/smallthings.fr\/lespetitslivres\/2015\/01\/12\/forge-flammes-creatures-tenebres\/"]}]},{"@type":"BreadcrumbList","@id":"https:\/\/smallthings.fr\/lespetitslivres\/2015\/01\/12\/forge-flammes-creatures-tenebres\/#breadcrumb","itemListElement":[{"@type":"ListItem","position":1,"name":"Accueil","item":"https:\/\/smallthings.fr\/lespetitslivres\/"},{"@type":"ListItem","position":2,"name":"Forg\u00e9 dans les flammes, suite de la saga Cr\u00e9atures des T\u00e9n\u00e8bres"}]},{"@type":"WebSite","@id":"https:\/\/smallthings.fr\/lespetitslivres\/#website","url":"https:\/\/smallthings.fr\/lespetitslivres\/","name":"Les Petits Livres","description":"by Small Things","potentialAction":[{"@type":"SearchAction","target":{"@type":"EntryPoint","urlTemplate":"https:\/\/smallthings.fr\/lespetitslivres\/?s={search_term_string}"},"query-input":"required name=search_term_string"}],"inLanguage":"fr-FR"},{"@type":"Person","@id":"https:\/\/smallthings.fr\/lespetitslivres\/#\/schema\/person\/bb8808220f912e72f01f7a55924d9ad1","name":"Jennifer","image":{"@type":"ImageObject","inLanguage":"fr-FR","@id":"https:\/\/smallthings.fr\/lespetitslivres\/#\/schema\/person\/image\/","url":"https:\/\/secure.gravatar.com\/avatar\/ffcd6b107b6b18c3d5201f1bcc631683?s=96&d=retro&r=g","contentUrl":"https:\/\/secure.gravatar.com\/avatar\/ffcd6b107b6b18c3d5201f1bcc631683?s=96&d=retro&r=g","caption":"Jennifer"},"url":"https:\/\/smallthings.fr\/lespetitslivres\/author\/jennifer\/"}]}},"jetpack_featured_media_url":"","jetpack_sharing_enabled":true,"jetpack_shortlink":"https:\/\/wp.me\/p6Un21-5a9","jetpack-related-posts":[{"id":15270,"url":"https:\/\/smallthings.fr\/lespetitslivres\/2014\/07\/23\/au-dela-oubli-creatures-frank\/","url_meta":{"origin":19849,"position":0},"title":"Au-del\u00e0 de l\u2019oubli, 3\u00e8me volet des Cr\u00e9atures des T\u00e9n\u00e8bres","author":"Jennifer","date":"23 juillet 2014","format":false,"excerpt":"Au-del\u00e0 de l\u2019oubli est le troisi\u00e8me volet de la saga Cr\u00e9atures des T\u00e9n\u00e8bres de Jacquelyn Frank (auteure \u00e9galement de la c\u00e9l\u00e8bre s\u00e9rie Le Clan des Nocturnes). Il est sorti le 11 juillet dernier aux \u00e9ditions Milady. Dans ce tome, on va d\u00e9couvrir L\u00e9o Alvarez, un mercenaire qui a \u00e9t\u00e9 tortur\u00e9\u2026","rel":"","context":"Dans &quot;Fantastique&quot;","block_context":{"text":"Fantastique","link":"https:\/\/smallthings.fr\/lespetitslivres\/category\/imaginaire\/fantastique\/"},"img":{"alt_text":"","src":"https:\/\/i0.wp.com\/smallthings.fr\/wp-content\/uploads\/2014\/07\/au-dela-de-l-oubli.jpg?resize=350%2C200","width":350,"height":200},"classes":[]},{"id":29850,"url":"https:\/\/smallthings.fr\/lespetitslivres\/2016\/04\/13\/dragons-eternite-saga-ivy-avis\/","url_meta":{"origin":19849,"position":1},"title":"Les Dragons de l\u2019Eternit\u00e9, la saga d\u00e9cevante d\u2019Alexandra Ivy","author":"Jennifer","date":"13 avril 2016","format":false,"excerpt":"Les Dragons de l\u2019Eternit\u00e9 est la nouvelle saga d\u2019Alexandra Ivy. Apr\u00e8s Les Gardiens de l\u2019Eternit\u00e9 et Les Sentinelles, l\u2019auteure d\u2019urban-fantasy se lance dans une s\u00e9rie avec des dragons. Le premier tome, Baine, est sorti le 18 mars aux \u00e9ditions Milady et raconte l\u2019histoire de Tayla, une jeune sidhe vendue par\u2026","rel":"","context":"Dans &quot;Fantastique&quot;","block_context":{"text":"Fantastique","link":"https:\/\/smallthings.fr\/lespetitslivres\/category\/imaginaire\/fantastique\/"},"img":{"alt_text":"","src":"https:\/\/i0.wp.com\/smallthings.fr\/lespetitslivres\/wp-content\/uploads\/2016\/04\/dragons-eternite-couv.jpg?resize=350%2C200&ssl=1","width":350,"height":200,"srcset":"https:\/\/i0.wp.com\/smallthings.fr\/lespetitslivres\/wp-content\/uploads\/2016\/04\/dragons-eternite-couv.jpg?resize=350%2C200&ssl=1 1x, https:\/\/i0.wp.com\/smallthings.fr\/lespetitslivres\/wp-content\/uploads\/2016\/04\/dragons-eternite-couv.jpg?resize=525%2C300&ssl=1 1.5x, https:\/\/i0.wp.com\/smallthings.fr\/lespetitslivres\/wp-content\/uploads\/2016\/04\/dragons-eternite-couv.jpg?resize=700%2C400&ssl=1 2x, https:\/\/i0.wp.com\/smallthings.fr\/lespetitslivres\/wp-content\/uploads\/2016\/04\/dragons-eternite-couv.jpg?resize=1050%2C600&ssl=1 3x, https:\/\/i0.wp.com\/smallthings.fr\/lespetitslivres\/wp-content\/uploads\/2016\/04\/dragons-eternite-couv.jpg?resize=1400%2C800&ssl=1 4x"},"classes":[]},{"id":23952,"url":"https:\/\/smallthings.fr\/lespetitslivres\/2015\/05\/29\/les-gardiens-de-l-eternite-cyn-critique\/","url_meta":{"origin":19849,"position":2},"title":"Les Gardiens de l\u2019\u00c9ternit\u00e9 &#8211; Cyn : la bataille finale !","author":"Jennifer","date":"29 mai 2015","format":false,"excerpt":"Le nouveau tome de la saga des Gardiens de l\u2019\u00c9ternit\u00e9, Cyn, sort aujourd'hui, 29 mai, aux \u00e9ditions Milady. \u00c9crit par Alexandra Ivy, Cyn est un tome tr\u00e8s attendu par les fans de la saga. Le chef de clan des vampires d\u2019Irlande s\u2019est entich\u00e9 d\u2019une princesse fae qui ne souhaite rien\u2026","rel":"","context":"Dans &quot;Fantastique&quot;","block_context":{"text":"Fantastique","link":"https:\/\/smallthings.fr\/lespetitslivres\/category\/imaginaire\/fantastique\/"},"img":{"alt_text":"","src":"https:\/\/i0.wp.com\/smallthings.fr\/wp-content\/uploads\/2015\/05\/gardiens-de-l-eternite.jpg?resize=350%2C200","width":350,"height":200},"classes":[]},{"id":29031,"url":"https:\/\/smallthings.fr\/lespetitslivres\/2015\/11\/02\/willow-hall-guillot-mina-m-avis\/","url_meta":{"origin":19849,"position":3},"title":"Willow Hall : plong\u00e9e dans l\u2019univers de C\u00e9cile Guillot et Mina M","author":"Jennifer","date":"2 novembre 2015","format":false,"excerpt":"Willow Hall est un roman graphique \u00e9crit par la talentueuse C\u00e9cile Guillot et illustr\u00e9e par l\u2019incroyable Mina M. Il est sorti le 1er novembre aux \u00e9ditions du Chat Noir dans la collection Graphicat. Il s\u2019agit d\u2019une \u0153uvre o\u00f9 se m\u00e9langent des illustrations sombres et magnifiques \u00e0 des lettres \u00e9crites par\u2026","rel":"","context":"Dans &quot;Fantastique&quot;","block_context":{"text":"Fantastique","link":"https:\/\/smallthings.fr\/lespetitslivres\/category\/imaginaire\/fantastique\/"},"img":{"alt_text":"","src":"https:\/\/i0.wp.com\/smallthings.fr\/lespetitslivres\/wp-content\/uploads\/2015\/11\/33093_aj_m_8632.jpeg?resize=350%2C200&ssl=1","width":350,"height":200,"srcset":"https:\/\/i0.wp.com\/smallthings.fr\/lespetitslivres\/wp-content\/uploads\/2015\/11\/33093_aj_m_8632.jpeg?resize=350%2C200&ssl=1 1x, https:\/\/i0.wp.com\/smallthings.fr\/lespetitslivres\/wp-content\/uploads\/2015\/11\/33093_aj_m_8632.jpeg?resize=525%2C300&ssl=1 1.5x"},"classes":[]},{"id":29412,"url":"https:\/\/smallthings.fr\/lespetitslivres\/2016\/01\/21\/sang-de-la-dechirure-epee-verite\/","url_meta":{"origin":19849,"position":4},"title":"L\u2019\u00e9p\u00e9e de v\u00e9rit\u00e9 tome 3 : Le Sang de la D\u00e9chirure","author":"Jennifer","date":"21 janvier 2016","format":false,"excerpt":"Le Sang de la D\u00e9chirure est le troisi\u00e8me tome de la saga L\u2019\u00e9p\u00e9e de V\u00e9rit\u00e9 de Terry Goodkind. Sorti en format poche chez Milady le 20 novembre dernier, il raconte comment le Gardien a r\u00e9ussi \u00e0 rallier encore plus de fid\u00e8les dans le monde du Sourcier. Richard devra une fois\u2026","rel":"","context":"Dans &quot;Fantastique&quot;","block_context":{"text":"Fantastique","link":"https:\/\/smallthings.fr\/lespetitslivres\/category\/imaginaire\/fantastique\/"},"img":{"alt_text":"","src":"https:\/\/i0.wp.com\/smallthings.fr\/lespetitslivres\/wp-content\/uploads\/2016\/01\/sang-dechirure-epee-couv.jpg?resize=350%2C200&ssl=1","width":350,"height":200,"srcset":"https:\/\/i0.wp.com\/smallthings.fr\/lespetitslivres\/wp-content\/uploads\/2016\/01\/sang-dechirure-epee-couv.jpg?resize=350%2C200&ssl=1 1x, https:\/\/i0.wp.com\/smallthings.fr\/lespetitslivres\/wp-content\/uploads\/2016\/01\/sang-dechirure-epee-couv.jpg?resize=525%2C300&ssl=1 1.5x, https:\/\/i0.wp.com\/smallthings.fr\/lespetitslivres\/wp-content\/uploads\/2016\/01\/sang-dechirure-epee-couv.jpg?resize=700%2C400&ssl=1 2x, https:\/\/i0.wp.com\/smallthings.fr\/lespetitslivres\/wp-content\/uploads\/2016\/01\/sang-dechirure-epee-couv.jpg?resize=1050%2C600&ssl=1 3x"},"classes":[]},{"id":29301,"url":"https:\/\/smallthings.fr\/lespetitslivres\/2016\/01\/02\/pierre-des-larmes-t2-epee-verite\/","url_meta":{"origin":19849,"position":5},"title":"La Pierre des Larmes, tome 2 de L\u2019\u00e9p\u00e9e de v\u00e9rit\u00e9 : quelle est la seconde le\u00e7on du sorcier ?","author":"Jennifer","date":"2 janvier 2016","format":false,"excerpt":"La Pierre des Larmes, second tome de la saga L\u2019\u00e9p\u00e9e de V\u00e9rit\u00e9 de Terry Goodkind est sorti en format poche chez Milady le 23 octobre dernier. Richard a vaincu Darken Rahl, mais le voile qui s\u00e9pare le monde des vivants du royaume des morts est maintenant d\u00e9chir\u00e9. Le Gardien sera\u2026","rel":"","context":"Dans &quot;Fantasy&quot;","block_context":{"text":"Fantasy","link":"https:\/\/smallthings.fr\/lespetitslivres\/category\/imaginaire\/fantasy\/"},"img":{"alt_text":"","src":"https:\/\/i0.wp.com\/smallthings.fr\/lespetitslivres\/wp-content\/uploads\/2016\/01\/pierre-des-larmes-epee-t2-couv.jpg?resize=350%2C200&ssl=1","width":350,"height":200,"srcset":"https:\/\/i0.wp.com\/smallthings.fr\/lespetitslivres\/wp-content\/uploads\/2016\/01\/pierre-des-larmes-epee-t2-couv.jpg?resize=350%2C200&ssl=1 1x, https:\/\/i0.wp.com\/smallthings.fr\/lespetitslivres\/wp-content\/uploads\/2016\/01\/pierre-des-larmes-epee-t2-couv.jpg?resize=525%2C300&ssl=1 1.5x, https:\/\/i0.wp.com\/smallthings.fr\/lespetitslivres\/wp-content\/uploads\/2016\/01\/pierre-des-larmes-epee-t2-couv.jpg?resize=700%2C400&ssl=1 2x, https:\/\/i0.wp.com\/smallthings.fr\/lespetitslivres\/wp-content\/uploads\/2016\/01\/pierre-des-larmes-epee-t2-couv.jpg?resize=1050%2C600&ssl=1 3x"},"classes":[]}],"_links":{"self":[{"href":"https:\/\/smallthings.fr\/lespetitslivres\/wp-json\/wp\/v2\/posts\/19849"}],"collection":[{"href":"https:\/\/smallthings.fr\/lespetitslivres\/wp-json\/wp\/v2\/posts"}],"about":[{"href":"https:\/\/smallthings.fr\/lespetitslivres\/wp-json\/wp\/v2\/types\/post"}],"author":[{"embeddable":true,"href":"https:\/\/smallthings.fr\/lespetitslivres\/wp-json\/wp\/v2\/users\/14"}],"replies":[{"embeddable":true,"href":"https:\/\/smallthings.fr\/lespetitslivres\/wp-json\/wp\/v2\/comments?post=19849"}],"version-history":[{"count":1,"href":"https:\/\/smallthings.fr\/lespetitslivres\/wp-json\/wp\/v2\/posts\/19849\/revisions"}],"predecessor-version":[{"id":28819,"href":"https:\/\/smallthings.fr\/lespetitslivres\/wp-json\/wp\/v2\/posts\/19849\/revisions\/28819"}],"wp:featuredmedia":[{"embeddable":true,"href":"https:\/\/smallthings.fr\/lespetitslivres\/wp-json\/"}],"wp:attachment":[{"href":"https:\/\/smallthings.fr\/lespetitslivres\/wp-json\/wp\/v2\/media?parent=19849"}],"wp:term":[{"taxonomy":"category","embeddable":true,"href":"https:\/\/smallthings.fr\/lespetitslivres\/wp-json\/wp\/v2\/categories?post=19849"},{"taxonomy":"post_tag","embeddable":true,"href":"https:\/\/smallthings.fr\/lespetitslivres\/wp-json\/wp\/v2\/tags?post=19849"}],"curies":[{"name":"wp","href":"https:\/\/api.w.org\/{rel}","templated":true}]}}