{"id":18752,"date":"2014-11-25T15:33:44","date_gmt":"2014-11-25T14:33:44","guid":{"rendered":"http:\/\/smallthings.fr\/?p=18752"},"modified":"2015-11-13T17:40:27","modified_gmt":"2015-11-13T16:40:27","slug":"percheron-odalisque-mcintosh-fantasy","status":"publish","type":"post","link":"https:\/\/smallthings.fr\/lespetitslivres\/2014\/11\/25\/percheron-odalisque-mcintosh-fantasy\/","title":{"rendered":"Percheron : la nouvelle saga de Fiona McIntosh"},"content":{"rendered":"<h2>C&rsquo;est avec la s\u00e9rie <em>Percheron<\/em>, que Fiona McIntosh,\u00a0surtout connue pour sa saga <em>Le Dernier Souffle<\/em>, revient. Percheron est une s\u00e9rie ax\u00e9e sur la r\u00e9incarnation. Le tome 1, <em>Odalisque<\/em>, sorti aux <a href=\"http:\/\/www.milady.fr\/livres\/view\/odalisque\" target=\"_blank\">\u00e9ditions Milady<\/a> le 28 octobre, nous raconte l\u2019histoire de quatre personnages que le destin a fait se rencontrer pour changer le cours des choses dans la ville de Percheron.<\/h2>\n<p>Ce premier tome de <em>Percheron<\/em> nous fait d\u00e9couvrir des personnages atypiques, li\u00e9s par le destin. Suite \u00e0 la mort du Zar, le jeune h\u00e9ritier Boaz doit monter sur le tr\u00f4ne. Il va alors apprendre qu\u2019\u00eatre Zar n\u2019est pas une mince affaire car le ma\u00eetre du royaume n\u2019est libre qu\u2019en apparence. Pi\u00e9g\u00e9 par les complots qui prennent forme au palais, il ne peut compter que sur le fou de la cour, Pez, qui cache un tr\u00e8s grand secret, et sur le garde de la ville, l\u2019\u00c9peron\u00a0Lazar, un homme aussi fort que myst\u00e9rieux, pour l\u2019aider \u00e0 prendre les bonnes d\u00e9cisions.<\/p>\n<p><strong><a href=\"http:\/\/smallthings.fr\/2014\/11\/25\/percheron-odalisque-mcintosh-fantasy\/percheron-odalisque-mcintosh\/\" rel=\"attachment wp-att-18754\"><img loading=\"lazy\" decoding=\"async\" class=\"alignright  wp-image-18754\" src=\"http:\/\/smallthings.fr\/wp-content\/uploads\/2014\/11\/percheron-odalisque-mcintosh.jpg\" alt=\"percheron-odalisque-mcintosh\" width=\"232\" height=\"368\" \/><\/a>Alors que le Zar se meurt, son \u00e9pouse l\u00e9gitime voit la possibilit\u00e9 de prendre le pouvoir \u00e0 travers son fils qu\u2019elle estime jeune et manipulable.<\/strong> Elle va rapidement se rendre compte que Boaz ne sera pas Zar que de nom. D\u00e9sirant secr\u00e8tement Lazar depuis des ann\u00e9es et r\u00e9alisant que celui-ci n\u2019est nullement int\u00e9ress\u00e9, elle va d\u00e9cider de se venger en lui faisant faire de menus travaux indigne d\u2019un \u00c9peron. C\u2019est ainsi qu\u2019il va se voir confier la t\u00e2che de trouver de potentiels odalisques pour le harem du Zar. Lors de sa recherche, il va faire la connaissance de la jeune Ana, qui va radicalement changer son destin.<\/p>\n<p><strong>Avec <em>Percheron<\/em>, Fiona McIntosh signe un roman de fantasy o\u00f9 se m\u00eale aventure, intrigues, complots, anciens Dieux et romance<\/strong>. En effet, <em>Odalisque<\/em> n\u2019est pas simplement une histoire de trahisons et de conspirations dans un palais, l\u2019auteure y a inclus des divinit\u00e9s rivales qui vont lutter pour prendre possession de la ville. Si l\u2019histoire de <em>Percheron<\/em> semble compliqu\u00e9e au premier abord tant elle regorge d\u2019actions et de secrets, l\u2019\u00e9criture de Fiona McIntosh est telle que le lecteur ne sera jamais perdu.<\/p>\n<p>L\u2019amour et le d\u00e9sir sont \u00e9voqu\u00e9s plusieurs fois dans <em>Percheron<\/em>, mais c\u2019est surtout la cruaut\u00e9 de certains personnages et <strong>la brutalit\u00e9 des ex\u00e9cutions<\/strong> qui priment dans ce premier volet. Si vous n\u2019aimez pas les descriptions gores, ce roman n\u2019est pas pour vous\u00a0!<\/p>\n<p>Le premier tome de <em>Percheron<\/em> s\u2019appelle <em>Odalisque<\/em>, \u00e9tant donn\u00e9 que c\u2019est la reconstitution du harem qui va surtout bouleverser la vie dans le royaume. Des filles, toutes \u00e2g\u00e9es de moins de 16 ans, sont choisies pour le Zar et les s\u00e9lectionn\u00e9es porteront le nom d\u2019odalisques. Ana, la plus belle de toute, est \u00e9videment \u00e9lue. Mais l\u00e0 o\u00f9 certaines jeunes femmes voient la possibilit\u00e9 de vivre dans le luxe et la paresse, elle ne voit qu\u2019une cage dor\u00e9e dont elle r\u00eave de s\u2019\u00e9chapper. Personne ne s\u2019attendait \u00e0 ce qu\u2019elle r\u00e9ussisse et encore moins le responsable du harem, le grand ma\u00eetre des eunuques Salm\u00e9o, qui va rentrer dans une rage folle. Sa fuite aura malheureusement de terribles r\u00e9percutions sur tous nos h\u00e9ros qui ont d\u00e9cid\u00e9 de la prot\u00e9ger.<\/p>\n<div id=\"attachment_18755\" style=\"width: 206px\" class=\"wp-caption alignleft\"><a href=\"http:\/\/smallthings.fr\/2014\/11\/25\/percheron-odalisque-mcintosh-fantasy\/percheron-mcintosh\/\" rel=\"attachment wp-att-18755\"><img loading=\"lazy\" decoding=\"async\" aria-describedby=\"caption-attachment-18755\" class=\" wp-image-18755\" src=\"http:\/\/smallthings.fr\/wp-content\/uploads\/2014\/11\/percheron-mcintosh.jpg\" alt=\"Fiona McIntosh, auteure de la s\u00e9rie Percheron\" width=\"196\" height=\"295\" \/><\/a><p id=\"caption-attachment-18755\" class=\"wp-caption-text\">Fiona McIntosh, auteure de la s\u00e9rie Percheron<\/p><\/div>\n<p><em>Percheron, tome 1 Odalisque<\/em> est donc un tr\u00e8s bon premier roman et j\u2019ai h\u00e2te de d\u00e9couvrir la suite des aventures de nos jeunes protagonistes. Fiona McIntosh nous laisse dans le flou quant \u00e0 la suite des \u00e9v\u00e9nements, mais elle d\u00e9voilera, dans les derni\u00e8res lignes, une des intrigues du livre.<\/p>\n<blockquote><p>\u00ab \u00a0&#8211; Mon seigneur, murmura affectueusement Herezah \u00e0 l\u2019oreille du Zar, voici notre fils Boaz.<\/p>\n<p>Le mourant parut reprendre vie un bref instant, mais son sourire fut imm\u00e9diatement remplac\u00e9 par une nouvelle grimace.<\/p>\n<p>&#8211; \u00a0\u00a0Boaz<\/p>\n<p>&#8211;\u00a0\u00a0P\u00e8re, je\u2026<\/p>\n<p>&#8211;\u00a0\u00a0Chut. Ecoute-moi, gronda-t-il en rassemblant ses forces pour parler d\u2019un ton imp\u00e9rieux. C\u2019est toi l\u2019Elu. Personne d\u2019autre\u00a0! Toi seul. Ne l\u2019oublie jamais\u00a0! se for\u00e7a-t-il \u00e0 dire encore.<\/p>\n<p>Atterr\u00e9s, les m\u00e9decins regard\u00e8rent le dernier souffle se former et sortir dans un r\u00e2le d\u00e9sesp\u00e9r\u00e9. La t\u00eate du Zar roula sur le c\u00f4t\u00e9, et de la bave d\u00e9goulina le long de son menton. Herezah d\u00e9tourna les yeux, un geste de d\u00e9sespoir feint, qui servit surtout \u00e0 masquer son triomphe.\u00a0\u00bb<\/p><\/blockquote>\n","protected":false},"excerpt":{"rendered":"<p>C&rsquo;est avec la s\u00e9rie Percheron, que Fiona McIntosh,\u00a0surtout connue pour sa saga Le Dernier Souffle, revient. Percheron est une s\u00e9rie ax\u00e9e sur la r\u00e9incarnation. Le tome 1, Odalisque, sorti aux \u00e9ditions Milady le 28 octobre, nous raconte l\u2019histoire de quatre personnages que le destin a fait se rencontrer pour changer le cours des choses dans<\/p>\n","protected":false},"author":14,"featured_media":18753,"comment_status":"open","ping_status":"open","sticky":false,"template":"","format":"standard","meta":{"jetpack_post_was_ever_published":false,"_jetpack_newsletter_access":"","_jetpack_newsletter_tier_id":0,"footnotes":"","jetpack_publicize_message":"","jetpack_is_tweetstorm":false,"jetpack_publicize_feature_enabled":true,"jetpack_social_post_already_shared":false,"jetpack_social_options":{"image_generator_settings":{"template":"highway","enabled":false}}},"categories":[1152],"tags":[853,854,855],"jetpack_publicize_connections":[],"yoast_head":"<!-- This site is optimized with the Yoast SEO plugin v21.5 - https:\/\/yoast.com\/wordpress\/plugins\/seo\/ -->\n<title>Percheron : la nouvelle saga de Fiona McIntosh - Les Petits Livres<\/title>\n<meta name=\"description\" content=\"C&#039;est avec la s\u00e9rie Percheron, que Fiona McIntosh, surtout connue pour sa saga Le Dernier Souffle, revient. Percheron est une s\u00e9rie ax\u00e9e sur la\" \/>\n<meta name=\"robots\" content=\"index, follow, max-snippet:-1, max-image-preview:large, max-video-preview:-1\" \/>\n<link rel=\"canonical\" href=\"https:\/\/smallthings.fr\/lespetitslivres\/2014\/11\/25\/percheron-odalisque-mcintosh-fantasy\/\" \/>\n<meta property=\"og:locale\" content=\"fr_FR\" \/>\n<meta property=\"og:type\" content=\"article\" \/>\n<meta property=\"og:title\" content=\"Percheron : la nouvelle saga de Fiona McIntosh - Les Petits Livres\" \/>\n<meta property=\"og:description\" content=\"C&#039;est avec la s\u00e9rie Percheron, que Fiona McIntosh, surtout connue pour sa saga Le Dernier Souffle, revient. Percheron est une s\u00e9rie ax\u00e9e sur la\" \/>\n<meta property=\"og:url\" content=\"https:\/\/smallthings.fr\/lespetitslivres\/2014\/11\/25\/percheron-odalisque-mcintosh-fantasy\/\" \/>\n<meta property=\"og:site_name\" content=\"Les Petits Livres\" \/>\n<meta property=\"article:published_time\" content=\"2014-11-25T14:33:44+00:00\" \/>\n<meta property=\"article:modified_time\" content=\"2015-11-13T16:40:27+00:00\" \/>\n<meta name=\"author\" content=\"Jennifer\" \/>\n<meta name=\"twitter:card\" content=\"summary_large_image\" \/>\n<meta name=\"twitter:label1\" content=\"\u00c9crit par\" \/>\n\t<meta name=\"twitter:data1\" content=\"Jennifer\" \/>\n\t<meta name=\"twitter:label2\" content=\"Dur\u00e9e de lecture estim\u00e9e\" \/>\n\t<meta name=\"twitter:data2\" content=\"4 minutes\" \/>\n<script type=\"application\/ld+json\" class=\"yoast-schema-graph\">{\"@context\":\"https:\/\/schema.org\",\"@graph\":[{\"@type\":\"WebPage\",\"@id\":\"https:\/\/smallthings.fr\/lespetitslivres\/2014\/11\/25\/percheron-odalisque-mcintosh-fantasy\/\",\"url\":\"https:\/\/smallthings.fr\/lespetitslivres\/2014\/11\/25\/percheron-odalisque-mcintosh-fantasy\/\",\"name\":\"Percheron : la nouvelle saga de Fiona McIntosh - Les Petits Livres\",\"isPartOf\":{\"@id\":\"https:\/\/smallthings.fr\/lespetitslivres\/#website\"},\"datePublished\":\"2014-11-25T14:33:44+00:00\",\"dateModified\":\"2015-11-13T16:40:27+00:00\",\"author\":{\"@id\":\"https:\/\/smallthings.fr\/lespetitslivres\/#\/schema\/person\/bb8808220f912e72f01f7a55924d9ad1\"},\"description\":\"C'est avec la s\u00e9rie Percheron, que Fiona McIntosh, surtout connue pour sa saga Le Dernier Souffle, revient. Percheron est une s\u00e9rie ax\u00e9e sur la\",\"breadcrumb\":{\"@id\":\"https:\/\/smallthings.fr\/lespetitslivres\/2014\/11\/25\/percheron-odalisque-mcintosh-fantasy\/#breadcrumb\"},\"inLanguage\":\"fr-FR\",\"potentialAction\":[{\"@type\":\"ReadAction\",\"target\":[\"https:\/\/smallthings.fr\/lespetitslivres\/2014\/11\/25\/percheron-odalisque-mcintosh-fantasy\/\"]}]},{\"@type\":\"BreadcrumbList\",\"@id\":\"https:\/\/smallthings.fr\/lespetitslivres\/2014\/11\/25\/percheron-odalisque-mcintosh-fantasy\/#breadcrumb\",\"itemListElement\":[{\"@type\":\"ListItem\",\"position\":1,\"name\":\"Accueil\",\"item\":\"https:\/\/smallthings.fr\/lespetitslivres\/\"},{\"@type\":\"ListItem\",\"position\":2,\"name\":\"Percheron : la nouvelle saga de Fiona McIntosh\"}]},{\"@type\":\"WebSite\",\"@id\":\"https:\/\/smallthings.fr\/lespetitslivres\/#website\",\"url\":\"https:\/\/smallthings.fr\/lespetitslivres\/\",\"name\":\"Les Petits Livres\",\"description\":\"by Small Things\",\"potentialAction\":[{\"@type\":\"SearchAction\",\"target\":{\"@type\":\"EntryPoint\",\"urlTemplate\":\"https:\/\/smallthings.fr\/lespetitslivres\/?s={search_term_string}\"},\"query-input\":\"required name=search_term_string\"}],\"inLanguage\":\"fr-FR\"},{\"@type\":\"Person\",\"@id\":\"https:\/\/smallthings.fr\/lespetitslivres\/#\/schema\/person\/bb8808220f912e72f01f7a55924d9ad1\",\"name\":\"Jennifer\",\"image\":{\"@type\":\"ImageObject\",\"inLanguage\":\"fr-FR\",\"@id\":\"https:\/\/smallthings.fr\/lespetitslivres\/#\/schema\/person\/image\/\",\"url\":\"https:\/\/secure.gravatar.com\/avatar\/ffcd6b107b6b18c3d5201f1bcc631683?s=96&d=retro&r=g\",\"contentUrl\":\"https:\/\/secure.gravatar.com\/avatar\/ffcd6b107b6b18c3d5201f1bcc631683?s=96&d=retro&r=g\",\"caption\":\"Jennifer\"},\"url\":\"https:\/\/smallthings.fr\/lespetitslivres\/author\/jennifer\/\"}]}<\/script>\n<!-- \/ Yoast SEO plugin. -->","yoast_head_json":{"title":"Percheron : la nouvelle saga de Fiona McIntosh - Les Petits Livres","description":"C'est avec la s\u00e9rie Percheron, que Fiona McIntosh, surtout connue pour sa saga Le Dernier Souffle, revient. Percheron est une s\u00e9rie ax\u00e9e sur la","robots":{"index":"index","follow":"follow","max-snippet":"max-snippet:-1","max-image-preview":"max-image-preview:large","max-video-preview":"max-video-preview:-1"},"canonical":"https:\/\/smallthings.fr\/lespetitslivres\/2014\/11\/25\/percheron-odalisque-mcintosh-fantasy\/","og_locale":"fr_FR","og_type":"article","og_title":"Percheron : la nouvelle saga de Fiona McIntosh - Les Petits Livres","og_description":"C'est avec la s\u00e9rie Percheron, que Fiona McIntosh, surtout connue pour sa saga Le Dernier Souffle, revient. Percheron est une s\u00e9rie ax\u00e9e sur la","og_url":"https:\/\/smallthings.fr\/lespetitslivres\/2014\/11\/25\/percheron-odalisque-mcintosh-fantasy\/","og_site_name":"Les Petits Livres","article_published_time":"2014-11-25T14:33:44+00:00","article_modified_time":"2015-11-13T16:40:27+00:00","author":"Jennifer","twitter_card":"summary_large_image","twitter_misc":{"\u00c9crit par":"Jennifer","Dur\u00e9e de lecture estim\u00e9e":"4 minutes"},"schema":{"@context":"https:\/\/schema.org","@graph":[{"@type":"WebPage","@id":"https:\/\/smallthings.fr\/lespetitslivres\/2014\/11\/25\/percheron-odalisque-mcintosh-fantasy\/","url":"https:\/\/smallthings.fr\/lespetitslivres\/2014\/11\/25\/percheron-odalisque-mcintosh-fantasy\/","name":"Percheron : la nouvelle saga de Fiona McIntosh - Les Petits Livres","isPartOf":{"@id":"https:\/\/smallthings.fr\/lespetitslivres\/#website"},"datePublished":"2014-11-25T14:33:44+00:00","dateModified":"2015-11-13T16:40:27+00:00","author":{"@id":"https:\/\/smallthings.fr\/lespetitslivres\/#\/schema\/person\/bb8808220f912e72f01f7a55924d9ad1"},"description":"C'est avec la s\u00e9rie Percheron, que Fiona McIntosh, surtout connue pour sa saga Le Dernier Souffle, revient. Percheron est une s\u00e9rie ax\u00e9e sur la","breadcrumb":{"@id":"https:\/\/smallthings.fr\/lespetitslivres\/2014\/11\/25\/percheron-odalisque-mcintosh-fantasy\/#breadcrumb"},"inLanguage":"fr-FR","potentialAction":[{"@type":"ReadAction","target":["https:\/\/smallthings.fr\/lespetitslivres\/2014\/11\/25\/percheron-odalisque-mcintosh-fantasy\/"]}]},{"@type":"BreadcrumbList","@id":"https:\/\/smallthings.fr\/lespetitslivres\/2014\/11\/25\/percheron-odalisque-mcintosh-fantasy\/#breadcrumb","itemListElement":[{"@type":"ListItem","position":1,"name":"Accueil","item":"https:\/\/smallthings.fr\/lespetitslivres\/"},{"@type":"ListItem","position":2,"name":"Percheron : la nouvelle saga de Fiona McIntosh"}]},{"@type":"WebSite","@id":"https:\/\/smallthings.fr\/lespetitslivres\/#website","url":"https:\/\/smallthings.fr\/lespetitslivres\/","name":"Les Petits Livres","description":"by Small Things","potentialAction":[{"@type":"SearchAction","target":{"@type":"EntryPoint","urlTemplate":"https:\/\/smallthings.fr\/lespetitslivres\/?s={search_term_string}"},"query-input":"required name=search_term_string"}],"inLanguage":"fr-FR"},{"@type":"Person","@id":"https:\/\/smallthings.fr\/lespetitslivres\/#\/schema\/person\/bb8808220f912e72f01f7a55924d9ad1","name":"Jennifer","image":{"@type":"ImageObject","inLanguage":"fr-FR","@id":"https:\/\/smallthings.fr\/lespetitslivres\/#\/schema\/person\/image\/","url":"https:\/\/secure.gravatar.com\/avatar\/ffcd6b107b6b18c3d5201f1bcc631683?s=96&d=retro&r=g","contentUrl":"https:\/\/secure.gravatar.com\/avatar\/ffcd6b107b6b18c3d5201f1bcc631683?s=96&d=retro&r=g","caption":"Jennifer"},"url":"https:\/\/smallthings.fr\/lespetitslivres\/author\/jennifer\/"}]}},"jetpack_featured_media_url":"","jetpack_sharing_enabled":true,"jetpack_shortlink":"https:\/\/wp.me\/p6Un21-4Ss","jetpack-related-posts":[{"id":21174,"url":"https:\/\/smallthings.fr\/lespetitslivres\/2015\/02\/23\/emissaire-tome-2-percheron-avis\/","url_meta":{"origin":18752,"position":0},"title":"Emissaire : tome 2 de la saga Percheron","author":"Jennifer","date":"23 f\u00e9vrier 2015","format":false,"excerpt":"Emissaire, second volet de la saga Percheron de Fiona McIntosh, sort le 20 f\u00e9vrier aux \u00e9ditions Milady. L\u2019odalisque Ana est encore au centre des complots et le combat c\u00e9leste entre Lyana et Maliz a r\u00e9ellement commenc\u00e9. Lazar, Pez et Ana devront faire preuve de prudence s\u2019ils veulent que la d\u00e9esse\u2026","rel":"","context":"Dans &quot;Fantasy&quot;","block_context":{"text":"Fantasy","link":"https:\/\/smallthings.fr\/lespetitslivres\/category\/imaginaire\/fantasy\/"},"img":{"alt_text":"","src":"https:\/\/i0.wp.com\/smallthings.fr\/wp-content\/uploads\/2015\/02\/emissaire-percheron-494x800.jpg?resize=350%2C200","width":350,"height":200},"classes":[]},{"id":20279,"url":"https:\/\/smallthings.fr\/lespetitslivres\/2015\/01\/23\/fille-hecate-cecile-guillot-saga\/","url_meta":{"origin":18752,"position":1},"title":"Fille d&rsquo;H\u00e9cate, la saga de C\u00e9cile Guillot aux \u00e9ditions du Chat Noir","author":"Jennifer","date":"23 janvier 2015","format":false,"excerpt":"Fille d\u2019H\u00e9cate est une s\u00e9rie \u00e9crite par C\u00e9cile Guillot et \u00e9dit\u00e9e aux \u00e9ditions du Chat Noir. Le tome 1, La Voie de la Sorci\u00e8re (juillet 2012) nous emporte dans l\u2019univers de la Wicca gr\u00e2ce \u00e0 l\u2019h\u00e9ro\u00efne Ma\u00eblys, qui apprend qu\u2019elle est une sorci\u00e8re. Dans le tome 2, Le Parfum du\u2026","rel":"","context":"Dans &quot;Fantastique&quot;","block_context":{"text":"Fantastique","link":"https:\/\/smallthings.fr\/lespetitslivres\/category\/imaginaire\/fantastique\/"},"img":{"alt_text":"","src":"https:\/\/i0.wp.com\/smallthings.fr\/wp-content\/uploads\/2015\/01\/fille-hecate-voie-sorciere-210x300.jpg?resize=350%2C200","width":350,"height":200},"classes":[]},{"id":31941,"url":"https:\/\/smallthings.fr\/lespetitslivres\/2019\/08\/08\/la-cite-des-loups-la-suite-de-la-saga-de-maria-vale\/","url_meta":{"origin":18752,"position":2},"title":"La cit\u00e9 des loups, la suite de la saga de Maria Vale","author":"Jennifer","date":"8 ao\u00fbt 2019","format":false,"excerpt":"La cit\u00e9 des loups est le deuxi\u00e8me tome de la saga Sauvages de Maria Vale. Sorti le 19 juin chez Milady, ce roman nous fait entrer dans la vie de Elijah Sorensson, un loup-garou qui travaille comme avocat chez les Hommes. Un deuxi\u00e8me volet encore une fois tr\u00e8s int\u00e9ressant et\u2026","rel":"","context":"Dans &quot;Fantastique&quot;","block_context":{"text":"Fantastique","link":"https:\/\/smallthings.fr\/lespetitslivres\/category\/imaginaire\/fantastique\/"},"img":{"alt_text":"","src":"https:\/\/i0.wp.com\/smallthings.fr\/lespetitslivres\/wp-content\/uploads\/2019\/08\/sauvages-la-cit\u00e9-des-loups-2.jpg?resize=350%2C200&ssl=1","width":350,"height":200,"srcset":"https:\/\/i0.wp.com\/smallthings.fr\/lespetitslivres\/wp-content\/uploads\/2019\/08\/sauvages-la-cit\u00e9-des-loups-2.jpg?resize=350%2C200&ssl=1 1x, https:\/\/i0.wp.com\/smallthings.fr\/lespetitslivres\/wp-content\/uploads\/2019\/08\/sauvages-la-cit\u00e9-des-loups-2.jpg?resize=525%2C300&ssl=1 1.5x, https:\/\/i0.wp.com\/smallthings.fr\/lespetitslivres\/wp-content\/uploads\/2019\/08\/sauvages-la-cit\u00e9-des-loups-2.jpg?resize=700%2C400&ssl=1 2x, https:\/\/i0.wp.com\/smallthings.fr\/lespetitslivres\/wp-content\/uploads\/2019\/08\/sauvages-la-cit\u00e9-des-loups-2.jpg?resize=1050%2C600&ssl=1 3x, https:\/\/i0.wp.com\/smallthings.fr\/lespetitslivres\/wp-content\/uploads\/2019\/08\/sauvages-la-cit\u00e9-des-loups-2.jpg?resize=1400%2C800&ssl=1 4x"},"classes":[]},{"id":29427,"url":"https:\/\/smallthings.fr\/lespetitslivres\/2016\/01\/27\/fouille-au-corps-alpha-ops-avis\/","url_meta":{"origin":18752,"position":3},"title":"Fouille au corps, T2 d&rsquo;Alpha Ops : de la romance et du suspense","author":"Jennifer","date":"27 janvier 2016","format":false,"excerpt":"Fouille au corps, tome 2 d'Alpha Ops, saga de romance \u00e0 suspense d'Emmy Curtis, est sorti le 11 d\u00e9cembre dernier aux \u00e9ditions Milady. Dans ce second volet, on red\u00e9couvre les personnages d'Harriet et de Matt qui vont se retrouver en Irak \u00e0 cause de terroristes qui veulent s\u2019approprier un tr\u00e9sor\u2026","rel":"","context":"Dans &quot;Thriller&quot;","block_context":{"text":"Thriller","link":"https:\/\/smallthings.fr\/lespetitslivres\/category\/thriller\/"},"img":{"alt_text":"","src":"https:\/\/i0.wp.com\/smallthings.fr\/lespetitslivres\/wp-content\/uploads\/2016\/01\/fouille-au-corps-alpha-ops-couv.jpg?resize=350%2C200&ssl=1","width":350,"height":200,"srcset":"https:\/\/i0.wp.com\/smallthings.fr\/lespetitslivres\/wp-content\/uploads\/2016\/01\/fouille-au-corps-alpha-ops-couv.jpg?resize=350%2C200&ssl=1 1x, https:\/\/i0.wp.com\/smallthings.fr\/lespetitslivres\/wp-content\/uploads\/2016\/01\/fouille-au-corps-alpha-ops-couv.jpg?resize=525%2C300&ssl=1 1.5x, https:\/\/i0.wp.com\/smallthings.fr\/lespetitslivres\/wp-content\/uploads\/2016\/01\/fouille-au-corps-alpha-ops-couv.jpg?resize=700%2C400&ssl=1 2x, https:\/\/i0.wp.com\/smallthings.fr\/lespetitslivres\/wp-content\/uploads\/2016\/01\/fouille-au-corps-alpha-ops-couv.jpg?resize=1050%2C600&ssl=1 3x"},"classes":[]},{"id":16921,"url":"https:\/\/smallthings.fr\/lespetitslivres\/2014\/09\/30\/dragonfury-saga-bit-lit-milady-callahan\/","url_meta":{"origin":18752,"position":4},"title":"Dragonfury, une nouvelle saga bit-lit aux \u00e9ditions Milady","author":"Jennifer","date":"30 septembre 2014","format":false,"excerpt":"Une nouvelle saga bit-lit a fait son apparition aux \u00e9ditions Milady le 19 septembre dernier. Il s\u2019agit de Dragonfury de Coreene Callahan, une auteure encore inconnue en France. Dans le tome 1, Furie de Flamme, on d\u00e9couvre le ton de la s\u00e9rie\u00a0: les Nightfury, des hommes se transformant en dragons,\u2026","rel":"","context":"Dans &quot;Fantastique&quot;","block_context":{"text":"Fantastique","link":"https:\/\/smallthings.fr\/lespetitslivres\/category\/imaginaire\/fantastique\/"},"img":{"alt_text":"","src":"https:\/\/i0.wp.com\/smallthings.fr\/wp-content\/uploads\/2014\/09\/Dragonfury-Furie-de-Flamme.jpg?resize=350%2C200","width":350,"height":200},"classes":[]},{"id":29965,"url":"https:\/\/smallthings.fr\/lespetitslivres\/2016\/05\/20\/did-i-mention-i-need-you-serie-critique\/","url_meta":{"origin":18752,"position":5},"title":"Did I Mention I Need You : la suite de la s\u00e9rie ph\u00e9nom\u00e8ne","author":"Jennifer","date":"20 mai 2016","format":false,"excerpt":"Did I Mention I Need You est le deuxi\u00e8me volet de la saga d\u2019Estelle Maskame. Il est sorti le 4 mai dernier chez Pocket Jeunesse et se passe un an apr\u00e8s le premier tome. Eden va retrouver son demi-fr\u00e8re Tyler \u00e0 New York pour des vacances\u2026 dangereuses. Si le premier\u2026","rel":"","context":"Dans &quot;Young Adult&quot;","block_context":{"text":"Young Adult","link":"https:\/\/smallthings.fr\/lespetitslivres\/category\/young-adult\/"},"img":{"alt_text":"","src":"https:\/\/i0.wp.com\/smallthings.fr\/lespetitslivres\/wp-content\/uploads\/2016\/05\/did-i-mention-i-need-you-couv.jpg?resize=350%2C200&ssl=1","width":350,"height":200,"srcset":"https:\/\/i0.wp.com\/smallthings.fr\/lespetitslivres\/wp-content\/uploads\/2016\/05\/did-i-mention-i-need-you-couv.jpg?resize=350%2C200&ssl=1 1x, https:\/\/i0.wp.com\/smallthings.fr\/lespetitslivres\/wp-content\/uploads\/2016\/05\/did-i-mention-i-need-you-couv.jpg?resize=525%2C300&ssl=1 1.5x, https:\/\/i0.wp.com\/smallthings.fr\/lespetitslivres\/wp-content\/uploads\/2016\/05\/did-i-mention-i-need-you-couv.jpg?resize=700%2C400&ssl=1 2x, https:\/\/i0.wp.com\/smallthings.fr\/lespetitslivres\/wp-content\/uploads\/2016\/05\/did-i-mention-i-need-you-couv.jpg?resize=1050%2C600&ssl=1 3x, https:\/\/i0.wp.com\/smallthings.fr\/lespetitslivres\/wp-content\/uploads\/2016\/05\/did-i-mention-i-need-you-couv.jpg?resize=1400%2C800&ssl=1 4x"},"classes":[]}],"_links":{"self":[{"href":"https:\/\/smallthings.fr\/lespetitslivres\/wp-json\/wp\/v2\/posts\/18752"}],"collection":[{"href":"https:\/\/smallthings.fr\/lespetitslivres\/wp-json\/wp\/v2\/posts"}],"about":[{"href":"https:\/\/smallthings.fr\/lespetitslivres\/wp-json\/wp\/v2\/types\/post"}],"author":[{"embeddable":true,"href":"https:\/\/smallthings.fr\/lespetitslivres\/wp-json\/wp\/v2\/users\/14"}],"replies":[{"embeddable":true,"href":"https:\/\/smallthings.fr\/lespetitslivres\/wp-json\/wp\/v2\/comments?post=18752"}],"version-history":[{"count":1,"href":"https:\/\/smallthings.fr\/lespetitslivres\/wp-json\/wp\/v2\/posts\/18752\/revisions"}],"predecessor-version":[{"id":28829,"href":"https:\/\/smallthings.fr\/lespetitslivres\/wp-json\/wp\/v2\/posts\/18752\/revisions\/28829"}],"wp:featuredmedia":[{"embeddable":true,"href":"https:\/\/smallthings.fr\/lespetitslivres\/wp-json\/"}],"wp:attachment":[{"href":"https:\/\/smallthings.fr\/lespetitslivres\/wp-json\/wp\/v2\/media?parent=18752"}],"wp:term":[{"taxonomy":"category","embeddable":true,"href":"https:\/\/smallthings.fr\/lespetitslivres\/wp-json\/wp\/v2\/categories?post=18752"},{"taxonomy":"post_tag","embeddable":true,"href":"https:\/\/smallthings.fr\/lespetitslivres\/wp-json\/wp\/v2\/tags?post=18752"}],"curies":[{"name":"wp","href":"https:\/\/api.w.org\/{rel}","templated":true}]}}